{"id":44658,"date":"2022-09-13T16:51:53","date_gmt":"2022-09-13T16:51:53","guid":{"rendered":"https:\/\/www.africa-press.net\/cotedivoire\/politique\/le-terminal-industriel-polyvalent-de-san-pedro-tipsp-inaugure-mercredi"},"modified":"2022-09-13T17:33:10","modified_gmt":"2022-09-13T17:33:10","slug":"le-terminal-industriel-polyvalent-de-san-pedro-tipsp-inaugure-mercredi","status":"publish","type":"post","link":"https:\/\/www.africa-press.net\/cotedivoire\/economie\/le-terminal-industriel-polyvalent-de-san-pedro-tipsp-inaugure-mercredi","title":{"rendered":"Le  Terminal Industriel Polyvalent de San Pedro (TIPSP) inaugur\u00e9 mercredi"},"content":{"rendered":"<p><span style=\"color: #ff6600\"><strong>Africa-Press &#8211; C\u00f4te d&rsquo;Ivoire. <\/strong><\/span>Fruit d\u2019un partenariat strat\u00e9gique entre la C\u00f4te d\u2019Ivoire et ARISE P&amp;L, le Terminal Industriel Polyvalent de San Pedro (TIPSP) est un projet phare du Port de San Pedro.<\/p>\n<p>Son inauguration est pr\u00e9vue ce mercredi 14 septembre 2022, sous la pr\u00e9sidence du Premier Ministre Patrick Achi et en pr\u00e9sence du Ministre des Transports Amadou Kon\u00e9, apprend KOACI aupr\u00e8s des services du Minist\u00e8re des Transports.<\/p>\n<p>Avec un investissement total de 173 millions d\u2019euros, le Terminal Industriel Polyvalent de San Pedro est le pont-ouest africain d\u00e9di\u00e9 \u00e0 des exportations interconnect\u00e9es et agiles, gr\u00e2ce \u00e0 une technologie de pointe et des solutions sur mesures adapt\u00e9es.<\/p>\n<p>Log\u00e9 sur la plateforme portuaire de San Pedro, le TIPSP est id\u00e9alement situ\u00e9 pour \u00eatre le d\u00e9bouch\u00e9 des acteurs \u00e9conomiques r\u00e9gionaux, gr\u00e2ce au dynamisme \u00e9conomique ivoirien, aux solides performances \u00e9conomiques du pays et \u00e0 sa stabilit\u00e9 politique, qui en font un centre de commerce essentiel dans la r\u00e9gion.<\/p>\n<p>La construction de cette infrastructure repr\u00e9sente une nouvelle opportunit\u00e9 de croissance pour la C\u00f4te d\u2019Ivoire, ainsi que pour les op\u00e9rateurs \u00e9conomiques, miniers, internationaux et nationaux.<\/p>\n<p>Gr\u00e2ce \u00e0 ses deux quais en eau profonde, sa plateforme de terminal de 13,8 hectares et sa capacit\u00e9 de stockage de 300 000 tonnes, TIPSP offre un d\u00e9bouch\u00e9 naturel aux productions ivoiriennes.<\/p>\n<p>Le TIPSP d\u00e9tient un accord de concession de 35 ans avec le port autonome de San Pedro, qui lui donne le droit de g\u00e9rer l\u2019importation et l\u2019exportation de plusieurs produits liquides et secs en vrac, tels que le clinker, le gypse, le calcaire et les minerais miniers (nickel, mangan\u00e8se, lithium, bauxite, fer, etc.).<\/p>\n<p><strong>Pour plus d&rsquo;informations et d&rsquo;analyses sur la <a href=\"https:\/\/www.africa-press.net\/cotedivoire\">C\u00f4te d&rsquo;Ivoire<\/a>, suivez <a href=\"https:\/\/www.africa-press.net\/\">Africa-Press<\/a><\/strong><\/p>\n","protected":false},"excerpt":{"rendered":"<p>Africa-Press &#8211; C\u00f4te d&rsquo;Ivoire. Fruit d\u2019un partenariat strat\u00e9gique entre la C\u00f4te d\u2019Ivoire et ARISE P&amp;L, le Terminal Industriel Polyvalent de San Pedro (TIPSP) est un projet phare du Port de San Pedro. Son inauguration est pr\u00e9vue ce mercredi 14 septembre 2022, sous la pr\u00e9sidence du Premier Ministre Patrick Achi et en pr\u00e9sence du Ministre des [&hellip;]<\/p>\n","protected":false},"author":82,"featured_media":44657,"comment_status":"open","ping_status":"closed","sticky":false,"template":"","format":"standard","meta":{"footnotes":""},"categories":[3,11,10],"tags":[56,63,390,29,7551,402,431,7550],"class_list":["post-44658","post","type-post","status-publish","format-standard","has-post-thumbnail","hentry","category-economie","category-homepage-french","category-toutes-les-actualites","tag-africa-press","tag-africa-press-cote-divoire","tag-amadou-kone","tag-cote-divoire","tag-industriel","tag-patrick-achi","tag-san-pedro","tag-terminal"],"yoast_head":"<!-- This site is optimized with the Yoast SEO Premium plugin v26.1 (Yoast SEO v27.0) - https:\/\/yoast.com\/product\/yoast-seo-premium-wordpress\/ -->\n<title>Le Terminal Industriel Polyvalent de San Pedro (TIPSP) inaugur\u00e9 mercredi - C\u00f4te d&#039;Ivoire<\/title>\n<meta name=\"description\" content=\"Fruit d\u2019un partenariat strat\u00e9gique entre la C\u00f4te d\u2019Ivoire et ARISE P&amp;L, le Terminal Industriel Polyvalent de San Ped ...\" \/>\n<meta name=\"robots\" content=\"index, follow, max-snippet:-1, max-image-preview:large, max-video-preview:-1\" \/>\n<link rel=\"canonical\" href=\"https:\/\/www.africa-press.net\/cotedivoire\/economie\/le-terminal-industriel-polyvalent-de-san-pedro-tipsp-inaugure-mercredi\" \/>\n<meta property=\"og:locale\" content=\"fr_FR\" \/>\n<meta property=\"og:type\" content=\"article\" \/>\n<meta property=\"og:title\" content=\"Le Terminal Industriel Polyvalent de San Pedro (TIPSP) inaugur\u00e9 mercredi\" \/>\n<meta property=\"og:description\" content=\"Fruit d\u2019un partenariat strat\u00e9gique entre la C\u00f4te d\u2019Ivoire et ARISE P&amp;L, le Terminal Industriel Polyvalent de San Ped ...\" \/>\n<meta property=\"og:url\" content=\"https:\/\/www.africa-press.net\/cotedivoire\/economie\/le-terminal-industriel-polyvalent-de-san-pedro-tipsp-inaugure-mercredi\" \/>\n<meta property=\"og:site_name\" content=\"C\u00f4te d&#039;Ivoire\" \/>\n<meta property=\"article:published_time\" content=\"2022-09-13T16:51:53+00:00\" \/>\n<meta property=\"article:modified_time\" content=\"2022-09-13T17:33:10+00:00\" \/>\n<meta property=\"og:image\" content=\"https:\/\/static.africa-press.net\/cote\/sites\/43\/2022\/09\/postQueueImg_25-6320be9561ab9.jpg\" \/>\n\t<meta property=\"og:image:width\" content=\"720\" \/>\n\t<meta property=\"og:image:height\" content=\"354\" \/>\n\t<meta property=\"og:image:type\" content=\"image\/jpeg\" \/>\n<meta name=\"author\" content=\"cfeditorfr\" \/>\n<meta name=\"twitter:card\" content=\"summary_large_image\" \/>\n<meta name=\"twitter:label1\" content=\"\u00c9crit par\" \/>\n\t<meta name=\"twitter:data1\" content=\"cfeditorfr\" \/>\n\t<meta name=\"twitter:label2\" content=\"Dur\u00e9e de lecture estim\u00e9e\" \/>\n\t<meta name=\"twitter:data2\" content=\"2 minutes\" \/>\n<script type=\"application\/ld+json\" class=\"yoast-schema-graph\">{\"@context\":\"https:\/\/schema.org\",\"@graph\":[{\"@type\":\"Article\",\"@id\":\"https:\/\/www.africa-press.net\/cotedivoire\/economie\/le-terminal-industriel-polyvalent-de-san-pedro-tipsp-inaugure-mercredi#article\",\"isPartOf\":{\"@id\":\"https:\/\/www.africa-press.net\/cotedivoire\/economie\/le-terminal-industriel-polyvalent-de-san-pedro-tipsp-inaugure-mercredi\"},\"author\":{\"name\":\"cfeditorfr\",\"@id\":\"https:\/\/www.africa-press.net\/cotedivoire\/#\/schema\/person\/2b1cf3cd81a31e3cd26889ca66d677f1\"},\"headline\":\"Le Terminal Industriel Polyvalent de San Pedro (TIPSP) inaugur\u00e9 mercredi\",\"datePublished\":\"2022-09-13T16:51:53+00:00\",\"dateModified\":\"2022-09-13T17:33:10+00:00\",\"mainEntityOfPage\":{\"@id\":\"https:\/\/www.africa-press.net\/cotedivoire\/economie\/le-terminal-industriel-polyvalent-de-san-pedro-tipsp-inaugure-mercredi\"},\"wordCount\":311,\"commentCount\":0,\"image\":{\"@id\":\"https:\/\/www.africa-press.net\/cotedivoire\/economie\/le-terminal-industriel-polyvalent-de-san-pedro-tipsp-inaugure-mercredi#primaryimage\"},\"thumbnailUrl\":\"https:\/\/static.africa-press.net\/cote\/sites\/43\/2022\/09\/postQueueImg_25-6320be9561ab9.jpg\",\"keywords\":[\"Africa Press\",\"Africa Press-C\u00f4te d'Ivoire\",\"Amadou Kon\u00e9\",\"C\u00d4TE D'IVOIRE\",\"Industriel\",\"Patrick Achi\",\"San Pedro\",\"Terminal\"],\"articleSection\":[\"\u00c9conomie\",\"homepage-french\",\"Toutes les actualit\u00e9s\"],\"inLanguage\":\"fr-FR\",\"potentialAction\":[{\"@type\":\"CommentAction\",\"name\":\"Comment\",\"target\":[\"https:\/\/www.africa-press.net\/cotedivoire\/economie\/le-terminal-industriel-polyvalent-de-san-pedro-tipsp-inaugure-mercredi#respond\"]}]},{\"@type\":\"WebPage\",\"@id\":\"https:\/\/www.africa-press.net\/cotedivoire\/economie\/le-terminal-industriel-polyvalent-de-san-pedro-tipsp-inaugure-mercredi\",\"url\":\"https:\/\/www.africa-press.net\/cotedivoire\/economie\/le-terminal-industriel-polyvalent-de-san-pedro-tipsp-inaugure-mercredi\",\"name\":\"Le Terminal Industriel Polyvalent de San Pedro (TIPSP) inaugur\u00e9 mercredi - C\u00f4te d&#039;Ivoire\",\"isPartOf\":{\"@id\":\"https:\/\/www.africa-press.net\/cotedivoire\/#website\"},\"primaryImageOfPage\":{\"@id\":\"https:\/\/www.africa-press.net\/cotedivoire\/economie\/le-terminal-industriel-polyvalent-de-san-pedro-tipsp-inaugure-mercredi#primaryimage\"},\"image\":{\"@id\":\"https:\/\/www.africa-press.net\/cotedivoire\/economie\/le-terminal-industriel-polyvalent-de-san-pedro-tipsp-inaugure-mercredi#primaryimage\"},\"thumbnailUrl\":\"https:\/\/static.africa-press.net\/cote\/sites\/43\/2022\/09\/postQueueImg_25-6320be9561ab9.jpg\",\"datePublished\":\"2022-09-13T16:51:53+00:00\",\"dateModified\":\"2022-09-13T17:33:10+00:00\",\"author\":{\"@id\":\"https:\/\/www.africa-press.net\/cotedivoire\/#\/schema\/person\/2b1cf3cd81a31e3cd26889ca66d677f1\"},\"description\":\"Fruit d\u2019un partenariat strat\u00e9gique entre la C\u00f4te d\u2019Ivoire et ARISE P&amp;L, le Terminal Industriel Polyvalent de San Ped ...\",\"breadcrumb\":{\"@id\":\"https:\/\/www.africa-press.net\/cotedivoire\/economie\/le-terminal-industriel-polyvalent-de-san-pedro-tipsp-inaugure-mercredi#breadcrumb\"},\"inLanguage\":\"fr-FR\",\"potentialAction\":[{\"@type\":\"ReadAction\",\"target\":[\"https:\/\/www.africa-press.net\/cotedivoire\/economie\/le-terminal-industriel-polyvalent-de-san-pedro-tipsp-inaugure-mercredi\"]}]},{\"@type\":\"ImageObject\",\"inLanguage\":\"fr-FR\",\"@id\":\"https:\/\/www.africa-press.net\/cotedivoire\/economie\/le-terminal-industriel-polyvalent-de-san-pedro-tipsp-inaugure-mercredi#primaryimage\",\"url\":\"https:\/\/static.africa-press.net\/cote\/sites\/43\/2022\/09\/postQueueImg_25-6320be9561ab9.jpg\",\"contentUrl\":\"https:\/\/static.africa-press.net\/cote\/sites\/43\/2022\/09\/postQueueImg_25-6320be9561ab9.jpg\",\"width\":720,\"height\":354,\"caption\":\"Le Terminal Industriel Polyvalent de San Pedro (TIPSP) inaugur\u00e9 mercredi\"},{\"@type\":\"BreadcrumbList\",\"@id\":\"https:\/\/www.africa-press.net\/cotedivoire\/economie\/le-terminal-industriel-polyvalent-de-san-pedro-tipsp-inaugure-mercredi#breadcrumb\",\"itemListElement\":[{\"@type\":\"ListItem\",\"position\":1,\"name\":\"Accueil\",\"item\":\"https:\/\/www.africa-press.net\/cotedivoire\/\"},{\"@type\":\"ListItem\",\"position\":2,\"name\":\"Le Terminal Industriel Polyvalent de San Pedro (TIPSP) inaugur\u00e9 mercredi\"}]},{\"@type\":\"WebSite\",\"@id\":\"https:\/\/www.africa-press.net\/cotedivoire\/#website\",\"url\":\"https:\/\/www.africa-press.net\/cotedivoire\/\",\"name\":\"C\u00f4te d&#039;Ivoire\",\"description\":\"Just another Africa News Agency Sites site\",\"potentialAction\":[{\"@type\":\"SearchAction\",\"target\":{\"@type\":\"EntryPoint\",\"urlTemplate\":\"https:\/\/www.africa-press.net\/cotedivoire\/?s={search_term_string}\"},\"query-input\":{\"@type\":\"PropertyValueSpecification\",\"valueRequired\":true,\"valueName\":\"search_term_string\"}}],\"inLanguage\":\"fr-FR\"},{\"@type\":\"Person\",\"@id\":\"https:\/\/www.africa-press.net\/cotedivoire\/#\/schema\/person\/2b1cf3cd81a31e3cd26889ca66d677f1\",\"name\":\"cfeditorfr\"}]}<\/script>\n<!-- \/ Yoast SEO Premium plugin. -->","yoast_head_json":{"title":"Le Terminal Industriel Polyvalent de San Pedro (TIPSP) inaugur\u00e9 mercredi - C\u00f4te d&#039;Ivoire","description":"Fruit d\u2019un partenariat strat\u00e9gique entre la C\u00f4te d\u2019Ivoire et ARISE P&amp;L, le Terminal Industriel Polyvalent de San Ped ...","robots":{"index":"index","follow":"follow","max-snippet":"max-snippet:-1","max-image-preview":"max-image-preview:large","max-video-preview":"max-video-preview:-1"},"canonical":"https:\/\/www.africa-press.net\/cotedivoire\/economie\/le-terminal-industriel-polyvalent-de-san-pedro-tipsp-inaugure-mercredi","og_locale":"fr_FR","og_type":"article","og_title":"Le Terminal Industriel Polyvalent de San Pedro (TIPSP) inaugur\u00e9 mercredi","og_description":"Fruit d\u2019un partenariat strat\u00e9gique entre la C\u00f4te d\u2019Ivoire et ARISE P&amp;L, le Terminal Industriel Polyvalent de San Ped ...","og_url":"https:\/\/www.africa-press.net\/cotedivoire\/economie\/le-terminal-industriel-polyvalent-de-san-pedro-tipsp-inaugure-mercredi","og_site_name":"C\u00f4te d&#039;Ivoire","article_published_time":"2022-09-13T16:51:53+00:00","article_modified_time":"2022-09-13T17:33:10+00:00","og_image":[{"width":720,"height":354,"url":"https:\/\/static.africa-press.net\/cote\/sites\/43\/2022\/09\/postQueueImg_25-6320be9561ab9.jpg","type":"image\/jpeg"}],"author":"cfeditorfr","twitter_card":"summary_large_image","twitter_misc":{"\u00c9crit par":"cfeditorfr","Dur\u00e9e de lecture estim\u00e9e":"2 minutes"},"schema":{"@context":"https:\/\/schema.org","@graph":[{"@type":"Article","@id":"https:\/\/www.africa-press.net\/cotedivoire\/economie\/le-terminal-industriel-polyvalent-de-san-pedro-tipsp-inaugure-mercredi#article","isPartOf":{"@id":"https:\/\/www.africa-press.net\/cotedivoire\/economie\/le-terminal-industriel-polyvalent-de-san-pedro-tipsp-inaugure-mercredi"},"author":{"name":"cfeditorfr","@id":"https:\/\/www.africa-press.net\/cotedivoire\/#\/schema\/person\/2b1cf3cd81a31e3cd26889ca66d677f1"},"headline":"Le Terminal Industriel Polyvalent de San Pedro (TIPSP) inaugur\u00e9 mercredi","datePublished":"2022-09-13T16:51:53+00:00","dateModified":"2022-09-13T17:33:10+00:00","mainEntityOfPage":{"@id":"https:\/\/www.africa-press.net\/cotedivoire\/economie\/le-terminal-industriel-polyvalent-de-san-pedro-tipsp-inaugure-mercredi"},"wordCount":311,"commentCount":0,"image":{"@id":"https:\/\/www.africa-press.net\/cotedivoire\/economie\/le-terminal-industriel-polyvalent-de-san-pedro-tipsp-inaugure-mercredi#primaryimage"},"thumbnailUrl":"https:\/\/static.africa-press.net\/cote\/sites\/43\/2022\/09\/postQueueImg_25-6320be9561ab9.jpg","keywords":["Africa Press","Africa Press-C\u00f4te d'Ivoire","Amadou Kon\u00e9","C\u00d4TE D'IVOIRE","Industriel","Patrick Achi","San Pedro","Terminal"],"articleSection":["\u00c9conomie","homepage-french","Toutes les actualit\u00e9s"],"inLanguage":"fr-FR","potentialAction":[{"@type":"CommentAction","name":"Comment","target":["https:\/\/www.africa-press.net\/cotedivoire\/economie\/le-terminal-industriel-polyvalent-de-san-pedro-tipsp-inaugure-mercredi#respond"]}]},{"@type":"WebPage","@id":"https:\/\/www.africa-press.net\/cotedivoire\/economie\/le-terminal-industriel-polyvalent-de-san-pedro-tipsp-inaugure-mercredi","url":"https:\/\/www.africa-press.net\/cotedivoire\/economie\/le-terminal-industriel-polyvalent-de-san-pedro-tipsp-inaugure-mercredi","name":"Le Terminal Industriel Polyvalent de San Pedro (TIPSP) inaugur\u00e9 mercredi - C\u00f4te d&#039;Ivoire","isPartOf":{"@id":"https:\/\/www.africa-press.net\/cotedivoire\/#website"},"primaryImageOfPage":{"@id":"https:\/\/www.africa-press.net\/cotedivoire\/economie\/le-terminal-industriel-polyvalent-de-san-pedro-tipsp-inaugure-mercredi#primaryimage"},"image":{"@id":"https:\/\/www.africa-press.net\/cotedivoire\/economie\/le-terminal-industriel-polyvalent-de-san-pedro-tipsp-inaugure-mercredi#primaryimage"},"thumbnailUrl":"https:\/\/static.africa-press.net\/cote\/sites\/43\/2022\/09\/postQueueImg_25-6320be9561ab9.jpg","datePublished":"2022-09-13T16:51:53+00:00","dateModified":"2022-09-13T17:33:10+00:00","author":{"@id":"https:\/\/www.africa-press.net\/cotedivoire\/#\/schema\/person\/2b1cf3cd81a31e3cd26889ca66d677f1"},"description":"Fruit d\u2019un partenariat strat\u00e9gique entre la C\u00f4te d\u2019Ivoire et ARISE P&amp;L, le Terminal Industriel Polyvalent de San Ped ...","breadcrumb":{"@id":"https:\/\/www.africa-press.net\/cotedivoire\/economie\/le-terminal-industriel-polyvalent-de-san-pedro-tipsp-inaugure-mercredi#breadcrumb"},"inLanguage":"fr-FR","potentialAction":[{"@type":"ReadAction","target":["https:\/\/www.africa-press.net\/cotedivoire\/economie\/le-terminal-industriel-polyvalent-de-san-pedro-tipsp-inaugure-mercredi"]}]},{"@type":"ImageObject","inLanguage":"fr-FR","@id":"https:\/\/www.africa-press.net\/cotedivoire\/economie\/le-terminal-industriel-polyvalent-de-san-pedro-tipsp-inaugure-mercredi#primaryimage","url":"https:\/\/static.africa-press.net\/cote\/sites\/43\/2022\/09\/postQueueImg_25-6320be9561ab9.jpg","contentUrl":"https:\/\/static.africa-press.net\/cote\/sites\/43\/2022\/09\/postQueueImg_25-6320be9561ab9.jpg","width":720,"height":354,"caption":"Le Terminal Industriel Polyvalent de San Pedro (TIPSP) inaugur\u00e9 mercredi"},{"@type":"BreadcrumbList","@id":"https:\/\/www.africa-press.net\/cotedivoire\/economie\/le-terminal-industriel-polyvalent-de-san-pedro-tipsp-inaugure-mercredi#breadcrumb","itemListElement":[{"@type":"ListItem","position":1,"name":"Accueil","item":"https:\/\/www.africa-press.net\/cotedivoire\/"},{"@type":"ListItem","position":2,"name":"Le Terminal Industriel Polyvalent de San Pedro (TIPSP) inaugur\u00e9 mercredi"}]},{"@type":"WebSite","@id":"https:\/\/www.africa-press.net\/cotedivoire\/#website","url":"https:\/\/www.africa-press.net\/cotedivoire\/","name":"C\u00f4te d&#039;Ivoire","description":"Just another Africa News Agency Sites site","potentialAction":[{"@type":"SearchAction","target":{"@type":"EntryPoint","urlTemplate":"https:\/\/www.africa-press.net\/cotedivoire\/?s={search_term_string}"},"query-input":{"@type":"PropertyValueSpecification","valueRequired":true,"valueName":"search_term_string"}}],"inLanguage":"fr-FR"},{"@type":"Person","@id":"https:\/\/www.africa-press.net\/cotedivoire\/#\/schema\/person\/2b1cf3cd81a31e3cd26889ca66d677f1","name":"cfeditorfr"}]}},"_links":{"self":[{"href":"https:\/\/www.africa-press.net\/cotedivoire\/wp-json\/wp\/v2\/posts\/44658","targetHints":{"allow":["GET"]}}],"collection":[{"href":"https:\/\/www.africa-press.net\/cotedivoire\/wp-json\/wp\/v2\/posts"}],"about":[{"href":"https:\/\/www.africa-press.net\/cotedivoire\/wp-json\/wp\/v2\/types\/post"}],"author":[{"embeddable":true,"href":"https:\/\/www.africa-press.net\/cotedivoire\/wp-json\/wp\/v2\/users\/82"}],"replies":[{"embeddable":true,"href":"https:\/\/www.africa-press.net\/cotedivoire\/wp-json\/wp\/v2\/comments?post=44658"}],"version-history":[{"count":0,"href":"https:\/\/www.africa-press.net\/cotedivoire\/wp-json\/wp\/v2\/posts\/44658\/revisions"}],"wp:featuredmedia":[{"embeddable":true,"href":"https:\/\/www.africa-press.net\/cotedivoire\/wp-json\/wp\/v2\/media\/44657"}],"wp:attachment":[{"href":"https:\/\/www.africa-press.net\/cotedivoire\/wp-json\/wp\/v2\/media?parent=44658"}],"wp:term":[{"taxonomy":"category","embeddable":true,"href":"https:\/\/www.africa-press.net\/cotedivoire\/wp-json\/wp\/v2\/categories?post=44658"},{"taxonomy":"post_tag","embeddable":true,"href":"https:\/\/www.africa-press.net\/cotedivoire\/wp-json\/wp\/v2\/tags?post=44658"}],"curies":[{"name":"wp","href":"https:\/\/api.w.org\/{rel}","templated":true}]}}