{"id":44688,"date":"2022-09-13T16:53:21","date_gmt":"2022-09-13T16:53:21","guid":{"rendered":"https:\/\/www.africa-press.net\/cotedivoire\/politique\/une-seance-dinformation-parlementaire-relative-a-la-question-de-la-detention-et-de-linculpation-des-soldats-ivoiriens-au-mali-annoncee"},"modified":"2022-09-13T16:53:21","modified_gmt":"2022-09-13T16:53:21","slug":"une-seance-dinformation-parlementaire-relative-a-la-question-de-la-detention-et-de-linculpation-des-soldats-ivoiriens-au-mali-annoncee","status":"publish","type":"post","link":"https:\/\/www.africa-press.net\/cotedivoire\/politique\/une-seance-dinformation-parlementaire-relative-a-la-question-de-la-detention-et-de-linculpation-des-soldats-ivoiriens-au-mali-annoncee","title":{"rendered":"Une s\u00e9ance d&rsquo;information parlementaire relative \u00e0 la question de la d\u00e9tention et de l&rsquo;inculpation des soldats ivoiriens au Mali annonc\u00e9e"},"content":{"rendered":"<p><span style=\"color: #ff6600\"><strong>Africa-Press &#8211; C\u00f4te d&rsquo;Ivoire. <\/strong><\/span>Le pr\u00e9sident de l&rsquo;Assembl\u00e9e nationale, Monsieur Adama Bictogo a pr\u00e9sid\u00e9 une s\u00e9ance pl\u00e9ni\u00e8re le lundi 12 Septembre 2022.<\/p>\n<p>Selon une note de l&rsquo;Institution, cette s\u00e9ance pl\u00e9ni\u00e8re avait pour ordre du jour, examen et adoption du calendrier des travaux parlementaires.<\/p>\n<p>Sur la p\u00e9riode d\u00e9finie, ce sont 36 projets de loi qui seront examin\u00e9s. D\u00e9j\u00e0, 27 sont programm\u00e9s et se pr\u00e9sentent comme suit : 6 projets de loi de ratification d\u2019ordonnance ; 13 projets de loi ordinaires dont 3 projets de loi \u00e0 caract\u00e8re financier ; 8 projets de loi de demande de ratification de Convention et Trait\u00e9 Internationaux.<\/p>\n<p>En sus de ces projets de loi, des s\u00e9ances d\u2019information parlementaire et des s\u00e9minaires sont inscrits au calendrier des travaux des d\u00e9put\u00e9s.<\/p>\n<p>Il s\u2019agit de 4 s\u00e9ances d\u2019information parlementaire dont une relative \u00e0 la question de la d\u00e9tention et de l\u2019inculpation des soldats ivoiriens au Mali. Puis de deux (02) s\u00e9minaires de renforcement de capacit\u00e9s des d\u00e9put\u00e9s.<\/p>\n<p>Au cours de la pl\u00e9ni\u00e8re, le Pr\u00e9sident de l\u2019Assembl\u00e9e nationale a annonc\u00e9 que sur invitation sp\u00e9ciale de Madame Ya\u00ebl Braun-Pivet, Pr\u00e9sidente de l\u2019Assembl\u00e9e nationale de France et de Monsieur G\u00e9rard Larcher, Pr\u00e9sident du S\u00e9nat fran\u00e7ais, il visitera le Parlement fran\u00e7ais. Lors de son s\u00e9jour, le Pr\u00e9sident Adama Bictogo, rencontrera successivement les deux pr\u00e9sidents, le 21 et le 22 septembre prochains.<\/p>\n<p><strong>Pour plus d&rsquo;informations et d&rsquo;analyses sur la <a href=\"https:\/\/www.africa-press.net\/cotedivoire\">C\u00f4te d&rsquo;Ivoire<\/a>, suivez <a href=\"https:\/\/www.africa-press.net\/\">Africa-Press<\/a><\/strong><\/p>\n","protected":false},"excerpt":{"rendered":"<p>Africa-Press &#8211; C\u00f4te d&rsquo;Ivoire. Le pr\u00e9sident de l&rsquo;Assembl\u00e9e nationale, Monsieur Adama Bictogo a pr\u00e9sid\u00e9 une s\u00e9ance pl\u00e9ni\u00e8re le lundi 12 Septembre 2022. Selon une note de l&rsquo;Institution, cette s\u00e9ance pl\u00e9ni\u00e8re avait pour ordre du jour, examen et adoption du calendrier des travaux parlementaires. Sur la p\u00e9riode d\u00e9finie, ce sont 36 projets de loi qui seront [&hellip;]<\/p>\n","protected":false},"author":82,"featured_media":44687,"comment_status":"open","ping_status":"closed","sticky":false,"template":"","format":"standard","meta":{"footnotes":""},"categories":[11,2,20,10],"tags":[1265,56,63,37,4921,502,1348,3404,5415],"class_list":["post-44688","post","type-post","status-publish","format-standard","has-post-thumbnail","hentry","category-homepage-french","category-politique","category-top-nouvelles","category-toutes-les-actualites","tag-adama-bictogo","tag-africa-press","tag-africa-press-cote-divoire","tag-cote-divoire-2","tag-information","tag-mali","tag-parlementaire","tag-seance","tag-soldats"],"yoast_head":"<!-- This site is optimized with the Yoast SEO Premium plugin v26.1 (Yoast SEO v27.0) - https:\/\/yoast.com\/product\/yoast-seo-premium-wordpress\/ -->\n<title>Une s\u00e9ance d&#039;information parlementaire relative \u00e0 la question de la d\u00e9tention et de l&#039;inculpation des soldats ivoiriens au Mali annonc\u00e9e - C\u00f4te d&#039;Ivoire<\/title>\n<meta name=\"robots\" content=\"index, follow, max-snippet:-1, max-image-preview:large, max-video-preview:-1\" \/>\n<link rel=\"canonical\" href=\"https:\/\/www.africa-press.net\/cotedivoire\/politique\/une-seance-dinformation-parlementaire-relative-a-la-question-de-la-detention-et-de-linculpation-des-soldats-ivoiriens-au-mali-annoncee\" \/>\n<meta property=\"og:locale\" content=\"fr_FR\" \/>\n<meta property=\"og:type\" content=\"article\" \/>\n<meta property=\"og:title\" content=\"Une s\u00e9ance d&#039;information parlementaire relative \u00e0 la question de la d\u00e9tention et de l&#039;inculpation des soldats ivoiriens au Mali annonc\u00e9e\" \/>\n<meta property=\"og:description\" content=\"Africa-Press &#8211; C\u00f4te d&rsquo;Ivoire. Le pr\u00e9sident de l&rsquo;Assembl\u00e9e nationale, Monsieur Adama Bictogo a pr\u00e9sid\u00e9 une s\u00e9ance pl\u00e9ni\u00e8re le lundi 12 Septembre 2022. Selon une note de l&rsquo;Institution, cette s\u00e9ance pl\u00e9ni\u00e8re avait pour ordre du jour, examen et adoption du calendrier des travaux parlementaires. Sur la p\u00e9riode d\u00e9finie, ce sont 36 projets de loi qui seront [&hellip;]\" \/>\n<meta property=\"og:url\" content=\"https:\/\/www.africa-press.net\/cotedivoire\/politique\/une-seance-dinformation-parlementaire-relative-a-la-question-de-la-detention-et-de-linculpation-des-soldats-ivoiriens-au-mali-annoncee\" \/>\n<meta property=\"og:site_name\" content=\"C\u00f4te d&#039;Ivoire\" \/>\n<meta property=\"article:published_time\" content=\"2022-09-13T16:53:21+00:00\" \/>\n<meta property=\"og:image\" content=\"https:\/\/static.africa-press.net\/cote\/sites\/43\/2022\/09\/postQueueImg_1-6320ca4699fd0.jpg\" \/>\n\t<meta property=\"og:image:width\" content=\"720\" \/>\n\t<meta property=\"og:image:height\" content=\"384\" \/>\n\t<meta property=\"og:image:type\" content=\"image\/jpeg\" \/>\n<meta name=\"author\" content=\"cfeditorfr\" \/>\n<meta name=\"twitter:card\" content=\"summary_large_image\" \/>\n<meta name=\"twitter:label1\" content=\"\u00c9crit par\" \/>\n\t<meta name=\"twitter:data1\" content=\"cfeditorfr\" \/>\n\t<meta name=\"twitter:label2\" content=\"Dur\u00e9e de lecture estim\u00e9e\" \/>\n\t<meta name=\"twitter:data2\" content=\"1 minute\" \/>\n<script type=\"application\/ld+json\" class=\"yoast-schema-graph\">{\"@context\":\"https:\/\/schema.org\",\"@graph\":[{\"@type\":\"Article\",\"@id\":\"https:\/\/www.africa-press.net\/cotedivoire\/politique\/une-seance-dinformation-parlementaire-relative-a-la-question-de-la-detention-et-de-linculpation-des-soldats-ivoiriens-au-mali-annoncee#article\",\"isPartOf\":{\"@id\":\"https:\/\/www.africa-press.net\/cotedivoire\/politique\/une-seance-dinformation-parlementaire-relative-a-la-question-de-la-detention-et-de-linculpation-des-soldats-ivoiriens-au-mali-annoncee\"},\"author\":{\"name\":\"cfeditorfr\",\"@id\":\"https:\/\/www.africa-press.net\/cotedivoire\/#\/schema\/person\/2b1cf3cd81a31e3cd26889ca66d677f1\"},\"headline\":\"Une s\u00e9ance d&rsquo;information parlementaire relative \u00e0 la question de la d\u00e9tention et de l&rsquo;inculpation des soldats ivoiriens au Mali annonc\u00e9e\",\"datePublished\":\"2022-09-13T16:53:21+00:00\",\"mainEntityOfPage\":{\"@id\":\"https:\/\/www.africa-press.net\/cotedivoire\/politique\/une-seance-dinformation-parlementaire-relative-a-la-question-de-la-detention-et-de-linculpation-des-soldats-ivoiriens-au-mali-annoncee\"},\"wordCount\":293,\"commentCount\":0,\"image\":{\"@id\":\"https:\/\/www.africa-press.net\/cotedivoire\/politique\/une-seance-dinformation-parlementaire-relative-a-la-question-de-la-detention-et-de-linculpation-des-soldats-ivoiriens-au-mali-annoncee#primaryimage\"},\"thumbnailUrl\":\"https:\/\/static.africa-press.net\/cote\/sites\/43\/2022\/09\/postQueueImg_1-6320ca4699fd0.jpg\",\"keywords\":[\"Adama Bictogo\",\"Africa Press\",\"Africa Press-C\u00f4te d'Ivoire\",\"C\u00f4te d'Ivoire\",\"information\",\"Mali\",\"parlementaire\",\"s\u00e9ance\",\"soldats\"],\"articleSection\":[\"homepage-french\",\"Politique\",\"Top Nouvelles\",\"Toutes les actualit\u00e9s\"],\"inLanguage\":\"fr-FR\",\"potentialAction\":[{\"@type\":\"CommentAction\",\"name\":\"Comment\",\"target\":[\"https:\/\/www.africa-press.net\/cotedivoire\/politique\/une-seance-dinformation-parlementaire-relative-a-la-question-de-la-detention-et-de-linculpation-des-soldats-ivoiriens-au-mali-annoncee#respond\"]}]},{\"@type\":\"WebPage\",\"@id\":\"https:\/\/www.africa-press.net\/cotedivoire\/politique\/une-seance-dinformation-parlementaire-relative-a-la-question-de-la-detention-et-de-linculpation-des-soldats-ivoiriens-au-mali-annoncee\",\"url\":\"https:\/\/www.africa-press.net\/cotedivoire\/politique\/une-seance-dinformation-parlementaire-relative-a-la-question-de-la-detention-et-de-linculpation-des-soldats-ivoiriens-au-mali-annoncee\",\"name\":\"Une s\u00e9ance d'information parlementaire relative \u00e0 la question de la d\u00e9tention et de l'inculpation des soldats ivoiriens au Mali annonc\u00e9e - C\u00f4te d&#039;Ivoire\",\"isPartOf\":{\"@id\":\"https:\/\/www.africa-press.net\/cotedivoire\/#website\"},\"primaryImageOfPage\":{\"@id\":\"https:\/\/www.africa-press.net\/cotedivoire\/politique\/une-seance-dinformation-parlementaire-relative-a-la-question-de-la-detention-et-de-linculpation-des-soldats-ivoiriens-au-mali-annoncee#primaryimage\"},\"image\":{\"@id\":\"https:\/\/www.africa-press.net\/cotedivoire\/politique\/une-seance-dinformation-parlementaire-relative-a-la-question-de-la-detention-et-de-linculpation-des-soldats-ivoiriens-au-mali-annoncee#primaryimage\"},\"thumbnailUrl\":\"https:\/\/static.africa-press.net\/cote\/sites\/43\/2022\/09\/postQueueImg_1-6320ca4699fd0.jpg\",\"datePublished\":\"2022-09-13T16:53:21+00:00\",\"author\":{\"@id\":\"https:\/\/www.africa-press.net\/cotedivoire\/#\/schema\/person\/2b1cf3cd81a31e3cd26889ca66d677f1\"},\"breadcrumb\":{\"@id\":\"https:\/\/www.africa-press.net\/cotedivoire\/politique\/une-seance-dinformation-parlementaire-relative-a-la-question-de-la-detention-et-de-linculpation-des-soldats-ivoiriens-au-mali-annoncee#breadcrumb\"},\"inLanguage\":\"fr-FR\",\"potentialAction\":[{\"@type\":\"ReadAction\",\"target\":[\"https:\/\/www.africa-press.net\/cotedivoire\/politique\/une-seance-dinformation-parlementaire-relative-a-la-question-de-la-detention-et-de-linculpation-des-soldats-ivoiriens-au-mali-annoncee\"]}]},{\"@type\":\"ImageObject\",\"inLanguage\":\"fr-FR\",\"@id\":\"https:\/\/www.africa-press.net\/cotedivoire\/politique\/une-seance-dinformation-parlementaire-relative-a-la-question-de-la-detention-et-de-linculpation-des-soldats-ivoiriens-au-mali-annoncee#primaryimage\",\"url\":\"https:\/\/static.africa-press.net\/cote\/sites\/43\/2022\/09\/postQueueImg_1-6320ca4699fd0.jpg\",\"contentUrl\":\"https:\/\/static.africa-press.net\/cote\/sites\/43\/2022\/09\/postQueueImg_1-6320ca4699fd0.jpg\",\"width\":720,\"height\":384,\"caption\":\"Une s\u00e9ance d'information parlementaire relative \u00e0 la question de la d\u00e9tention et de l'inculpation des soldats ivoiriens au Mali annonc\u00e9e\"},{\"@type\":\"BreadcrumbList\",\"@id\":\"https:\/\/www.africa-press.net\/cotedivoire\/politique\/une-seance-dinformation-parlementaire-relative-a-la-question-de-la-detention-et-de-linculpation-des-soldats-ivoiriens-au-mali-annoncee#breadcrumb\",\"itemListElement\":[{\"@type\":\"ListItem\",\"position\":1,\"name\":\"Accueil\",\"item\":\"https:\/\/www.africa-press.net\/cotedivoire\/\"},{\"@type\":\"ListItem\",\"position\":2,\"name\":\"Une s\u00e9ance d&#8217;information parlementaire relative \u00e0 la question de la d\u00e9tention et de l&#8217;inculpation des soldats ivoiriens au Mali annonc\u00e9e\"}]},{\"@type\":\"WebSite\",\"@id\":\"https:\/\/www.africa-press.net\/cotedivoire\/#website\",\"url\":\"https:\/\/www.africa-press.net\/cotedivoire\/\",\"name\":\"C\u00f4te d&#039;Ivoire\",\"description\":\"Just another Africa News Agency Sites site\",\"potentialAction\":[{\"@type\":\"SearchAction\",\"target\":{\"@type\":\"EntryPoint\",\"urlTemplate\":\"https:\/\/www.africa-press.net\/cotedivoire\/?s={search_term_string}\"},\"query-input\":{\"@type\":\"PropertyValueSpecification\",\"valueRequired\":true,\"valueName\":\"search_term_string\"}}],\"inLanguage\":\"fr-FR\"},{\"@type\":\"Person\",\"@id\":\"https:\/\/www.africa-press.net\/cotedivoire\/#\/schema\/person\/2b1cf3cd81a31e3cd26889ca66d677f1\",\"name\":\"cfeditorfr\"}]}<\/script>\n<!-- \/ Yoast SEO Premium plugin. -->","yoast_head_json":{"title":"Une s\u00e9ance d'information parlementaire relative \u00e0 la question de la d\u00e9tention et de l'inculpation des soldats ivoiriens au Mali annonc\u00e9e - C\u00f4te d&#039;Ivoire","robots":{"index":"index","follow":"follow","max-snippet":"max-snippet:-1","max-image-preview":"max-image-preview:large","max-video-preview":"max-video-preview:-1"},"canonical":"https:\/\/www.africa-press.net\/cotedivoire\/politique\/une-seance-dinformation-parlementaire-relative-a-la-question-de-la-detention-et-de-linculpation-des-soldats-ivoiriens-au-mali-annoncee","og_locale":"fr_FR","og_type":"article","og_title":"Une s\u00e9ance d'information parlementaire relative \u00e0 la question de la d\u00e9tention et de l'inculpation des soldats ivoiriens au Mali annonc\u00e9e","og_description":"Africa-Press &#8211; C\u00f4te d&rsquo;Ivoire. Le pr\u00e9sident de l&rsquo;Assembl\u00e9e nationale, Monsieur Adama Bictogo a pr\u00e9sid\u00e9 une s\u00e9ance pl\u00e9ni\u00e8re le lundi 12 Septembre 2022. Selon une note de l&rsquo;Institution, cette s\u00e9ance pl\u00e9ni\u00e8re avait pour ordre du jour, examen et adoption du calendrier des travaux parlementaires. Sur la p\u00e9riode d\u00e9finie, ce sont 36 projets de loi qui seront [&hellip;]","og_url":"https:\/\/www.africa-press.net\/cotedivoire\/politique\/une-seance-dinformation-parlementaire-relative-a-la-question-de-la-detention-et-de-linculpation-des-soldats-ivoiriens-au-mali-annoncee","og_site_name":"C\u00f4te d&#039;Ivoire","article_published_time":"2022-09-13T16:53:21+00:00","og_image":[{"width":720,"height":384,"url":"https:\/\/static.africa-press.net\/cote\/sites\/43\/2022\/09\/postQueueImg_1-6320ca4699fd0.jpg","type":"image\/jpeg"}],"author":"cfeditorfr","twitter_card":"summary_large_image","twitter_misc":{"\u00c9crit par":"cfeditorfr","Dur\u00e9e de lecture estim\u00e9e":"1 minute"},"schema":{"@context":"https:\/\/schema.org","@graph":[{"@type":"Article","@id":"https:\/\/www.africa-press.net\/cotedivoire\/politique\/une-seance-dinformation-parlementaire-relative-a-la-question-de-la-detention-et-de-linculpation-des-soldats-ivoiriens-au-mali-annoncee#article","isPartOf":{"@id":"https:\/\/www.africa-press.net\/cotedivoire\/politique\/une-seance-dinformation-parlementaire-relative-a-la-question-de-la-detention-et-de-linculpation-des-soldats-ivoiriens-au-mali-annoncee"},"author":{"name":"cfeditorfr","@id":"https:\/\/www.africa-press.net\/cotedivoire\/#\/schema\/person\/2b1cf3cd81a31e3cd26889ca66d677f1"},"headline":"Une s\u00e9ance d&rsquo;information parlementaire relative \u00e0 la question de la d\u00e9tention et de l&rsquo;inculpation des soldats ivoiriens au Mali annonc\u00e9e","datePublished":"2022-09-13T16:53:21+00:00","mainEntityOfPage":{"@id":"https:\/\/www.africa-press.net\/cotedivoire\/politique\/une-seance-dinformation-parlementaire-relative-a-la-question-de-la-detention-et-de-linculpation-des-soldats-ivoiriens-au-mali-annoncee"},"wordCount":293,"commentCount":0,"image":{"@id":"https:\/\/www.africa-press.net\/cotedivoire\/politique\/une-seance-dinformation-parlementaire-relative-a-la-question-de-la-detention-et-de-linculpation-des-soldats-ivoiriens-au-mali-annoncee#primaryimage"},"thumbnailUrl":"https:\/\/static.africa-press.net\/cote\/sites\/43\/2022\/09\/postQueueImg_1-6320ca4699fd0.jpg","keywords":["Adama Bictogo","Africa Press","Africa Press-C\u00f4te d'Ivoire","C\u00f4te d'Ivoire","information","Mali","parlementaire","s\u00e9ance","soldats"],"articleSection":["homepage-french","Politique","Top Nouvelles","Toutes les actualit\u00e9s"],"inLanguage":"fr-FR","potentialAction":[{"@type":"CommentAction","name":"Comment","target":["https:\/\/www.africa-press.net\/cotedivoire\/politique\/une-seance-dinformation-parlementaire-relative-a-la-question-de-la-detention-et-de-linculpation-des-soldats-ivoiriens-au-mali-annoncee#respond"]}]},{"@type":"WebPage","@id":"https:\/\/www.africa-press.net\/cotedivoire\/politique\/une-seance-dinformation-parlementaire-relative-a-la-question-de-la-detention-et-de-linculpation-des-soldats-ivoiriens-au-mali-annoncee","url":"https:\/\/www.africa-press.net\/cotedivoire\/politique\/une-seance-dinformation-parlementaire-relative-a-la-question-de-la-detention-et-de-linculpation-des-soldats-ivoiriens-au-mali-annoncee","name":"Une s\u00e9ance d'information parlementaire relative \u00e0 la question de la d\u00e9tention et de l'inculpation des soldats ivoiriens au Mali annonc\u00e9e - C\u00f4te d&#039;Ivoire","isPartOf":{"@id":"https:\/\/www.africa-press.net\/cotedivoire\/#website"},"primaryImageOfPage":{"@id":"https:\/\/www.africa-press.net\/cotedivoire\/politique\/une-seance-dinformation-parlementaire-relative-a-la-question-de-la-detention-et-de-linculpation-des-soldats-ivoiriens-au-mali-annoncee#primaryimage"},"image":{"@id":"https:\/\/www.africa-press.net\/cotedivoire\/politique\/une-seance-dinformation-parlementaire-relative-a-la-question-de-la-detention-et-de-linculpation-des-soldats-ivoiriens-au-mali-annoncee#primaryimage"},"thumbnailUrl":"https:\/\/static.africa-press.net\/cote\/sites\/43\/2022\/09\/postQueueImg_1-6320ca4699fd0.jpg","datePublished":"2022-09-13T16:53:21+00:00","author":{"@id":"https:\/\/www.africa-press.net\/cotedivoire\/#\/schema\/person\/2b1cf3cd81a31e3cd26889ca66d677f1"},"breadcrumb":{"@id":"https:\/\/www.africa-press.net\/cotedivoire\/politique\/une-seance-dinformation-parlementaire-relative-a-la-question-de-la-detention-et-de-linculpation-des-soldats-ivoiriens-au-mali-annoncee#breadcrumb"},"inLanguage":"fr-FR","potentialAction":[{"@type":"ReadAction","target":["https:\/\/www.africa-press.net\/cotedivoire\/politique\/une-seance-dinformation-parlementaire-relative-a-la-question-de-la-detention-et-de-linculpation-des-soldats-ivoiriens-au-mali-annoncee"]}]},{"@type":"ImageObject","inLanguage":"fr-FR","@id":"https:\/\/www.africa-press.net\/cotedivoire\/politique\/une-seance-dinformation-parlementaire-relative-a-la-question-de-la-detention-et-de-linculpation-des-soldats-ivoiriens-au-mali-annoncee#primaryimage","url":"https:\/\/static.africa-press.net\/cote\/sites\/43\/2022\/09\/postQueueImg_1-6320ca4699fd0.jpg","contentUrl":"https:\/\/static.africa-press.net\/cote\/sites\/43\/2022\/09\/postQueueImg_1-6320ca4699fd0.jpg","width":720,"height":384,"caption":"Une s\u00e9ance d'information parlementaire relative \u00e0 la question de la d\u00e9tention et de l'inculpation des soldats ivoiriens au Mali annonc\u00e9e"},{"@type":"BreadcrumbList","@id":"https:\/\/www.africa-press.net\/cotedivoire\/politique\/une-seance-dinformation-parlementaire-relative-a-la-question-de-la-detention-et-de-linculpation-des-soldats-ivoiriens-au-mali-annoncee#breadcrumb","itemListElement":[{"@type":"ListItem","position":1,"name":"Accueil","item":"https:\/\/www.africa-press.net\/cotedivoire\/"},{"@type":"ListItem","position":2,"name":"Une s\u00e9ance d&#8217;information parlementaire relative \u00e0 la question de la d\u00e9tention et de l&#8217;inculpation des soldats ivoiriens au Mali annonc\u00e9e"}]},{"@type":"WebSite","@id":"https:\/\/www.africa-press.net\/cotedivoire\/#website","url":"https:\/\/www.africa-press.net\/cotedivoire\/","name":"C\u00f4te d&#039;Ivoire","description":"Just another Africa News Agency Sites site","potentialAction":[{"@type":"SearchAction","target":{"@type":"EntryPoint","urlTemplate":"https:\/\/www.africa-press.net\/cotedivoire\/?s={search_term_string}"},"query-input":{"@type":"PropertyValueSpecification","valueRequired":true,"valueName":"search_term_string"}}],"inLanguage":"fr-FR"},{"@type":"Person","@id":"https:\/\/www.africa-press.net\/cotedivoire\/#\/schema\/person\/2b1cf3cd81a31e3cd26889ca66d677f1","name":"cfeditorfr"}]}},"_links":{"self":[{"href":"https:\/\/www.africa-press.net\/cotedivoire\/wp-json\/wp\/v2\/posts\/44688","targetHints":{"allow":["GET"]}}],"collection":[{"href":"https:\/\/www.africa-press.net\/cotedivoire\/wp-json\/wp\/v2\/posts"}],"about":[{"href":"https:\/\/www.africa-press.net\/cotedivoire\/wp-json\/wp\/v2\/types\/post"}],"author":[{"embeddable":true,"href":"https:\/\/www.africa-press.net\/cotedivoire\/wp-json\/wp\/v2\/users\/82"}],"replies":[{"embeddable":true,"href":"https:\/\/www.africa-press.net\/cotedivoire\/wp-json\/wp\/v2\/comments?post=44688"}],"version-history":[{"count":0,"href":"https:\/\/www.africa-press.net\/cotedivoire\/wp-json\/wp\/v2\/posts\/44688\/revisions"}],"wp:featuredmedia":[{"embeddable":true,"href":"https:\/\/www.africa-press.net\/cotedivoire\/wp-json\/wp\/v2\/media\/44687"}],"wp:attachment":[{"href":"https:\/\/www.africa-press.net\/cotedivoire\/wp-json\/wp\/v2\/media?parent=44688"}],"wp:term":[{"taxonomy":"category","embeddable":true,"href":"https:\/\/www.africa-press.net\/cotedivoire\/wp-json\/wp\/v2\/categories?post=44688"},{"taxonomy":"post_tag","embeddable":true,"href":"https:\/\/www.africa-press.net\/cotedivoire\/wp-json\/wp\/v2\/tags?post=44688"}],"curies":[{"name":"wp","href":"https:\/\/api.w.org\/{rel}","templated":true}]}}