{"id":44853,"date":"2022-09-17T15:52:31","date_gmt":"2022-09-17T15:52:31","guid":{"rendered":"https:\/\/www.africa-press.net\/cotedivoire\/politique\/un-contingent-de-la-gendarmerie-deploye-a-tengrela-pour-renforcer-la-frontiere-ivoiro-malienne"},"modified":"2022-09-17T16:16:32","modified_gmt":"2022-09-17T16:16:32","slug":"un-contingent-de-la-gendarmerie-deploye-a-tengrela-pour-renforcer-la-frontiere-ivoiro-malienne","status":"publish","type":"post","link":"https:\/\/www.africa-press.net\/cotedivoire\/politique\/un-contingent-de-la-gendarmerie-deploye-a-tengrela-pour-renforcer-la-frontiere-ivoiro-malienne","title":{"rendered":"Un contingent de la Gendarmerie d\u00e9ploy\u00e9 \u00e0 Tengrela  pour renforcer la fronti\u00e8re ivoiro-malienne"},"content":{"rendered":"<p><span style=\"color: #ff6600\"><strong>Africa-Press &#8211; C\u00f4te d&rsquo;Ivoire. <\/strong><\/span>Nous apprenons de sources concordantes, qu\u2019un contingent de la Gendarmerie nationale a \u00e9t\u00e9 d\u00e9ploy\u00e9 \u00e0 la fronti\u00e8re ivoiro-malienne, a-t-on appris de sources concordantes.<\/p>\n<p>A en croire les sources, ils seraient pr\u00e9sents dans cette ville de la r\u00e9gion de Bagou\u00e9 depuis le d\u00e9but de semaine.<\/p>\n<p>\u00ab Ce nombre important des hommes en armes vient \u00e9toffer l\u2019effectif de gendarmes que compte la brigade mobile, la police mixte et le sous groupement tactique de militaires pr\u00e9sents depuis les menaces terroristes auxquelles font face les populations de Tengrela \u00bb, explique-t-on.<\/p>\n<p>La fronti\u00e8re ivoiro-malienne est longue de 500 kilom\u00e8tres et selon plusieurs sources elle serait poreuse que partagent la R\u00e9publique de la C\u00f4te d\u2019Ivoire et celle du Mali.<\/p>\n<p>Nous apprenons que cette fronti\u00e8re compte 21 entr\u00e9es par v\u00e9hicule entre Tengrela et le Mali et que celle de Nigouni o\u00f9 l\u2019on constaterait la pr\u00e9sence des Forces et de D\u00e9fense et de S\u00e9curit\u00e9.<\/p>\n<p><strong>Pour plus d&rsquo;informations et d&rsquo;analyses sur la <a href=\"https:\/\/www.africa-press.net\/cotedivoire\">C\u00f4te d&rsquo;Ivoire<\/a>, suivez <a href=\"https:\/\/www.africa-press.net\/\">Africa-Press<\/a><\/strong><\/p>\n","protected":false},"excerpt":{"rendered":"<p>Africa-Press &#8211; C\u00f4te d&rsquo;Ivoire. Nous apprenons de sources concordantes, qu\u2019un contingent de la Gendarmerie nationale a \u00e9t\u00e9 d\u00e9ploy\u00e9 \u00e0 la fronti\u00e8re ivoiro-malienne, a-t-on appris de sources concordantes. A en croire les sources, ils seraient pr\u00e9sents dans cette ville de la r\u00e9gion de Bagou\u00e9 depuis le d\u00e9but de semaine. \u00ab Ce nombre important des hommes en [&hellip;]<\/p>\n","protected":false},"author":82,"featured_media":44852,"comment_status":"open","ping_status":"closed","sticky":false,"template":"","format":"standard","meta":{"footnotes":""},"categories":[11,2,10],"tags":[56,63,406,7589,29,2483,447,7036,4190],"class_list":["post-44853","post","type-post","status-publish","format-standard","has-post-thumbnail","hentry","category-homepage-french","category-politique","category-toutes-les-actualites","tag-africa-press","tag-africa-press-cote-divoire","tag-bagoue","tag-contingent","tag-cote-divoire","tag-frontiere","tag-gendarmerie","tag-tengrela","tag-terroristes"],"yoast_head":"<!-- This site is optimized with the Yoast SEO Premium plugin v26.1 (Yoast SEO v27.0) - https:\/\/yoast.com\/product\/yoast-seo-premium-wordpress\/ -->\n<title>Un contingent de la Gendarmerie d\u00e9ploy\u00e9 \u00e0 Tengrela pour renforcer la fronti\u00e8re ivoiro-malienne - C\u00f4te d&#039;Ivoire<\/title>\n<meta name=\"description\" content=\"Nous apprenons de sources concordantes, qu\u2019un contingent de la Gendarmerie nationale a \u00e9t\u00e9 d\u00e9ploy\u00e9 \u00e0 la fronti\u00e8re ivoiro ...\" \/>\n<meta name=\"robots\" content=\"index, follow, max-snippet:-1, max-image-preview:large, max-video-preview:-1\" \/>\n<link rel=\"canonical\" href=\"https:\/\/www.africa-press.net\/cotedivoire\/politique\/un-contingent-de-la-gendarmerie-deploye-a-tengrela-pour-renforcer-la-frontiere-ivoiro-malienne\" \/>\n<meta property=\"og:locale\" content=\"fr_FR\" \/>\n<meta property=\"og:type\" content=\"article\" \/>\n<meta property=\"og:title\" content=\"Un contingent de la Gendarmerie d\u00e9ploy\u00e9 \u00e0 Tengrela pour renforcer la fronti\u00e8re ivoiro-malienne\" \/>\n<meta property=\"og:description\" content=\"Nous apprenons de sources concordantes, qu\u2019un contingent de la Gendarmerie nationale a \u00e9t\u00e9 d\u00e9ploy\u00e9 \u00e0 la fronti\u00e8re ivoiro ...\" \/>\n<meta property=\"og:url\" content=\"https:\/\/www.africa-press.net\/cotedivoire\/politique\/un-contingent-de-la-gendarmerie-deploye-a-tengrela-pour-renforcer-la-frontiere-ivoiro-malienne\" \/>\n<meta property=\"og:site_name\" content=\"C\u00f4te d&#039;Ivoire\" \/>\n<meta property=\"article:published_time\" content=\"2022-09-17T15:52:31+00:00\" \/>\n<meta property=\"article:modified_time\" content=\"2022-09-17T16:16:32+00:00\" \/>\n<meta property=\"og:image\" content=\"https:\/\/static.africa-press.net\/cote\/sites\/43\/2022\/09\/postQueueImg_18-6325f2a9d4b4e.jpg\" \/>\n\t<meta property=\"og:image:width\" content=\"720\" \/>\n\t<meta property=\"og:image:height\" content=\"406\" \/>\n\t<meta property=\"og:image:type\" content=\"image\/jpeg\" \/>\n<meta name=\"author\" content=\"cfeditorfr\" \/>\n<meta name=\"twitter:card\" content=\"summary_large_image\" \/>\n<meta name=\"twitter:label1\" content=\"\u00c9crit par\" \/>\n\t<meta name=\"twitter:data1\" content=\"cfeditorfr\" \/>\n\t<meta name=\"twitter:label2\" content=\"Dur\u00e9e de lecture estim\u00e9e\" \/>\n\t<meta name=\"twitter:data2\" content=\"1 minute\" \/>\n<script type=\"application\/ld+json\" class=\"yoast-schema-graph\">{\"@context\":\"https:\/\/schema.org\",\"@graph\":[{\"@type\":\"Article\",\"@id\":\"https:\/\/www.africa-press.net\/cotedivoire\/politique\/un-contingent-de-la-gendarmerie-deploye-a-tengrela-pour-renforcer-la-frontiere-ivoiro-malienne#article\",\"isPartOf\":{\"@id\":\"https:\/\/www.africa-press.net\/cotedivoire\/politique\/un-contingent-de-la-gendarmerie-deploye-a-tengrela-pour-renforcer-la-frontiere-ivoiro-malienne\"},\"author\":{\"name\":\"cfeditorfr\",\"@id\":\"https:\/\/www.africa-press.net\/cotedivoire\/#\/schema\/person\/2b1cf3cd81a31e3cd26889ca66d677f1\"},\"headline\":\"Un contingent de la Gendarmerie d\u00e9ploy\u00e9 \u00e0 Tengrela pour renforcer la fronti\u00e8re ivoiro-malienne\",\"datePublished\":\"2022-09-17T15:52:31+00:00\",\"dateModified\":\"2022-09-17T16:16:32+00:00\",\"mainEntityOfPage\":{\"@id\":\"https:\/\/www.africa-press.net\/cotedivoire\/politique\/un-contingent-de-la-gendarmerie-deploye-a-tengrela-pour-renforcer-la-frontiere-ivoiro-malienne\"},\"wordCount\":196,\"commentCount\":0,\"image\":{\"@id\":\"https:\/\/www.africa-press.net\/cotedivoire\/politique\/un-contingent-de-la-gendarmerie-deploye-a-tengrela-pour-renforcer-la-frontiere-ivoiro-malienne#primaryimage\"},\"thumbnailUrl\":\"https:\/\/static.africa-press.net\/cote\/sites\/43\/2022\/09\/postQueueImg_18-6325f2a9d4b4e.jpg\",\"keywords\":[\"Africa Press\",\"Africa Press-C\u00f4te d'Ivoire\",\"Bagou\u00e9\",\"contingent\",\"C\u00d4TE D'IVOIRE\",\"fronti\u00e8re\",\"Gendarmerie\",\"Tengrela\",\"terroristes\"],\"articleSection\":[\"homepage-french\",\"Politique\",\"Toutes les actualit\u00e9s\"],\"inLanguage\":\"fr-FR\",\"potentialAction\":[{\"@type\":\"CommentAction\",\"name\":\"Comment\",\"target\":[\"https:\/\/www.africa-press.net\/cotedivoire\/politique\/un-contingent-de-la-gendarmerie-deploye-a-tengrela-pour-renforcer-la-frontiere-ivoiro-malienne#respond\"]}]},{\"@type\":\"WebPage\",\"@id\":\"https:\/\/www.africa-press.net\/cotedivoire\/politique\/un-contingent-de-la-gendarmerie-deploye-a-tengrela-pour-renforcer-la-frontiere-ivoiro-malienne\",\"url\":\"https:\/\/www.africa-press.net\/cotedivoire\/politique\/un-contingent-de-la-gendarmerie-deploye-a-tengrela-pour-renforcer-la-frontiere-ivoiro-malienne\",\"name\":\"Un contingent de la Gendarmerie d\u00e9ploy\u00e9 \u00e0 Tengrela pour renforcer la fronti\u00e8re ivoiro-malienne - C\u00f4te d&#039;Ivoire\",\"isPartOf\":{\"@id\":\"https:\/\/www.africa-press.net\/cotedivoire\/#website\"},\"primaryImageOfPage\":{\"@id\":\"https:\/\/www.africa-press.net\/cotedivoire\/politique\/un-contingent-de-la-gendarmerie-deploye-a-tengrela-pour-renforcer-la-frontiere-ivoiro-malienne#primaryimage\"},\"image\":{\"@id\":\"https:\/\/www.africa-press.net\/cotedivoire\/politique\/un-contingent-de-la-gendarmerie-deploye-a-tengrela-pour-renforcer-la-frontiere-ivoiro-malienne#primaryimage\"},\"thumbnailUrl\":\"https:\/\/static.africa-press.net\/cote\/sites\/43\/2022\/09\/postQueueImg_18-6325f2a9d4b4e.jpg\",\"datePublished\":\"2022-09-17T15:52:31+00:00\",\"dateModified\":\"2022-09-17T16:16:32+00:00\",\"author\":{\"@id\":\"https:\/\/www.africa-press.net\/cotedivoire\/#\/schema\/person\/2b1cf3cd81a31e3cd26889ca66d677f1\"},\"description\":\"Nous apprenons de sources concordantes, qu\u2019un contingent de la Gendarmerie nationale a \u00e9t\u00e9 d\u00e9ploy\u00e9 \u00e0 la fronti\u00e8re ivoiro ...\",\"breadcrumb\":{\"@id\":\"https:\/\/www.africa-press.net\/cotedivoire\/politique\/un-contingent-de-la-gendarmerie-deploye-a-tengrela-pour-renforcer-la-frontiere-ivoiro-malienne#breadcrumb\"},\"inLanguage\":\"fr-FR\",\"potentialAction\":[{\"@type\":\"ReadAction\",\"target\":[\"https:\/\/www.africa-press.net\/cotedivoire\/politique\/un-contingent-de-la-gendarmerie-deploye-a-tengrela-pour-renforcer-la-frontiere-ivoiro-malienne\"]}]},{\"@type\":\"ImageObject\",\"inLanguage\":\"fr-FR\",\"@id\":\"https:\/\/www.africa-press.net\/cotedivoire\/politique\/un-contingent-de-la-gendarmerie-deploye-a-tengrela-pour-renforcer-la-frontiere-ivoiro-malienne#primaryimage\",\"url\":\"https:\/\/static.africa-press.net\/cote\/sites\/43\/2022\/09\/postQueueImg_18-6325f2a9d4b4e.jpg\",\"contentUrl\":\"https:\/\/static.africa-press.net\/cote\/sites\/43\/2022\/09\/postQueueImg_18-6325f2a9d4b4e.jpg\",\"width\":720,\"height\":406,\"caption\":\"Un contingent de la Gendarmerie d\u00e9ploy\u00e9 \u00e0 Tengrela pour renforcer la fronti\u00e8re ivoiro-malienne\"},{\"@type\":\"BreadcrumbList\",\"@id\":\"https:\/\/www.africa-press.net\/cotedivoire\/politique\/un-contingent-de-la-gendarmerie-deploye-a-tengrela-pour-renforcer-la-frontiere-ivoiro-malienne#breadcrumb\",\"itemListElement\":[{\"@type\":\"ListItem\",\"position\":1,\"name\":\"Accueil\",\"item\":\"https:\/\/www.africa-press.net\/cotedivoire\/\"},{\"@type\":\"ListItem\",\"position\":2,\"name\":\"Un contingent de la Gendarmerie d\u00e9ploy\u00e9 \u00e0 Tengrela pour renforcer la fronti\u00e8re ivoiro-malienne\"}]},{\"@type\":\"WebSite\",\"@id\":\"https:\/\/www.africa-press.net\/cotedivoire\/#website\",\"url\":\"https:\/\/www.africa-press.net\/cotedivoire\/\",\"name\":\"C\u00f4te d&#039;Ivoire\",\"description\":\"Just another Africa News Agency Sites site\",\"potentialAction\":[{\"@type\":\"SearchAction\",\"target\":{\"@type\":\"EntryPoint\",\"urlTemplate\":\"https:\/\/www.africa-press.net\/cotedivoire\/?s={search_term_string}\"},\"query-input\":{\"@type\":\"PropertyValueSpecification\",\"valueRequired\":true,\"valueName\":\"search_term_string\"}}],\"inLanguage\":\"fr-FR\"},{\"@type\":\"Person\",\"@id\":\"https:\/\/www.africa-press.net\/cotedivoire\/#\/schema\/person\/2b1cf3cd81a31e3cd26889ca66d677f1\",\"name\":\"cfeditorfr\"}]}<\/script>\n<!-- \/ Yoast SEO Premium plugin. -->","yoast_head_json":{"title":"Un contingent de la Gendarmerie d\u00e9ploy\u00e9 \u00e0 Tengrela pour renforcer la fronti\u00e8re ivoiro-malienne - C\u00f4te d&#039;Ivoire","description":"Nous apprenons de sources concordantes, qu\u2019un contingent de la Gendarmerie nationale a \u00e9t\u00e9 d\u00e9ploy\u00e9 \u00e0 la fronti\u00e8re ivoiro ...","robots":{"index":"index","follow":"follow","max-snippet":"max-snippet:-1","max-image-preview":"max-image-preview:large","max-video-preview":"max-video-preview:-1"},"canonical":"https:\/\/www.africa-press.net\/cotedivoire\/politique\/un-contingent-de-la-gendarmerie-deploye-a-tengrela-pour-renforcer-la-frontiere-ivoiro-malienne","og_locale":"fr_FR","og_type":"article","og_title":"Un contingent de la Gendarmerie d\u00e9ploy\u00e9 \u00e0 Tengrela pour renforcer la fronti\u00e8re ivoiro-malienne","og_description":"Nous apprenons de sources concordantes, qu\u2019un contingent de la Gendarmerie nationale a \u00e9t\u00e9 d\u00e9ploy\u00e9 \u00e0 la fronti\u00e8re ivoiro ...","og_url":"https:\/\/www.africa-press.net\/cotedivoire\/politique\/un-contingent-de-la-gendarmerie-deploye-a-tengrela-pour-renforcer-la-frontiere-ivoiro-malienne","og_site_name":"C\u00f4te d&#039;Ivoire","article_published_time":"2022-09-17T15:52:31+00:00","article_modified_time":"2022-09-17T16:16:32+00:00","og_image":[{"width":720,"height":406,"url":"https:\/\/static.africa-press.net\/cote\/sites\/43\/2022\/09\/postQueueImg_18-6325f2a9d4b4e.jpg","type":"image\/jpeg"}],"author":"cfeditorfr","twitter_card":"summary_large_image","twitter_misc":{"\u00c9crit par":"cfeditorfr","Dur\u00e9e de lecture estim\u00e9e":"1 minute"},"schema":{"@context":"https:\/\/schema.org","@graph":[{"@type":"Article","@id":"https:\/\/www.africa-press.net\/cotedivoire\/politique\/un-contingent-de-la-gendarmerie-deploye-a-tengrela-pour-renforcer-la-frontiere-ivoiro-malienne#article","isPartOf":{"@id":"https:\/\/www.africa-press.net\/cotedivoire\/politique\/un-contingent-de-la-gendarmerie-deploye-a-tengrela-pour-renforcer-la-frontiere-ivoiro-malienne"},"author":{"name":"cfeditorfr","@id":"https:\/\/www.africa-press.net\/cotedivoire\/#\/schema\/person\/2b1cf3cd81a31e3cd26889ca66d677f1"},"headline":"Un contingent de la Gendarmerie d\u00e9ploy\u00e9 \u00e0 Tengrela pour renforcer la fronti\u00e8re ivoiro-malienne","datePublished":"2022-09-17T15:52:31+00:00","dateModified":"2022-09-17T16:16:32+00:00","mainEntityOfPage":{"@id":"https:\/\/www.africa-press.net\/cotedivoire\/politique\/un-contingent-de-la-gendarmerie-deploye-a-tengrela-pour-renforcer-la-frontiere-ivoiro-malienne"},"wordCount":196,"commentCount":0,"image":{"@id":"https:\/\/www.africa-press.net\/cotedivoire\/politique\/un-contingent-de-la-gendarmerie-deploye-a-tengrela-pour-renforcer-la-frontiere-ivoiro-malienne#primaryimage"},"thumbnailUrl":"https:\/\/static.africa-press.net\/cote\/sites\/43\/2022\/09\/postQueueImg_18-6325f2a9d4b4e.jpg","keywords":["Africa Press","Africa Press-C\u00f4te d'Ivoire","Bagou\u00e9","contingent","C\u00d4TE D'IVOIRE","fronti\u00e8re","Gendarmerie","Tengrela","terroristes"],"articleSection":["homepage-french","Politique","Toutes les actualit\u00e9s"],"inLanguage":"fr-FR","potentialAction":[{"@type":"CommentAction","name":"Comment","target":["https:\/\/www.africa-press.net\/cotedivoire\/politique\/un-contingent-de-la-gendarmerie-deploye-a-tengrela-pour-renforcer-la-frontiere-ivoiro-malienne#respond"]}]},{"@type":"WebPage","@id":"https:\/\/www.africa-press.net\/cotedivoire\/politique\/un-contingent-de-la-gendarmerie-deploye-a-tengrela-pour-renforcer-la-frontiere-ivoiro-malienne","url":"https:\/\/www.africa-press.net\/cotedivoire\/politique\/un-contingent-de-la-gendarmerie-deploye-a-tengrela-pour-renforcer-la-frontiere-ivoiro-malienne","name":"Un contingent de la Gendarmerie d\u00e9ploy\u00e9 \u00e0 Tengrela pour renforcer la fronti\u00e8re ivoiro-malienne - C\u00f4te d&#039;Ivoire","isPartOf":{"@id":"https:\/\/www.africa-press.net\/cotedivoire\/#website"},"primaryImageOfPage":{"@id":"https:\/\/www.africa-press.net\/cotedivoire\/politique\/un-contingent-de-la-gendarmerie-deploye-a-tengrela-pour-renforcer-la-frontiere-ivoiro-malienne#primaryimage"},"image":{"@id":"https:\/\/www.africa-press.net\/cotedivoire\/politique\/un-contingent-de-la-gendarmerie-deploye-a-tengrela-pour-renforcer-la-frontiere-ivoiro-malienne#primaryimage"},"thumbnailUrl":"https:\/\/static.africa-press.net\/cote\/sites\/43\/2022\/09\/postQueueImg_18-6325f2a9d4b4e.jpg","datePublished":"2022-09-17T15:52:31+00:00","dateModified":"2022-09-17T16:16:32+00:00","author":{"@id":"https:\/\/www.africa-press.net\/cotedivoire\/#\/schema\/person\/2b1cf3cd81a31e3cd26889ca66d677f1"},"description":"Nous apprenons de sources concordantes, qu\u2019un contingent de la Gendarmerie nationale a \u00e9t\u00e9 d\u00e9ploy\u00e9 \u00e0 la fronti\u00e8re ivoiro ...","breadcrumb":{"@id":"https:\/\/www.africa-press.net\/cotedivoire\/politique\/un-contingent-de-la-gendarmerie-deploye-a-tengrela-pour-renforcer-la-frontiere-ivoiro-malienne#breadcrumb"},"inLanguage":"fr-FR","potentialAction":[{"@type":"ReadAction","target":["https:\/\/www.africa-press.net\/cotedivoire\/politique\/un-contingent-de-la-gendarmerie-deploye-a-tengrela-pour-renforcer-la-frontiere-ivoiro-malienne"]}]},{"@type":"ImageObject","inLanguage":"fr-FR","@id":"https:\/\/www.africa-press.net\/cotedivoire\/politique\/un-contingent-de-la-gendarmerie-deploye-a-tengrela-pour-renforcer-la-frontiere-ivoiro-malienne#primaryimage","url":"https:\/\/static.africa-press.net\/cote\/sites\/43\/2022\/09\/postQueueImg_18-6325f2a9d4b4e.jpg","contentUrl":"https:\/\/static.africa-press.net\/cote\/sites\/43\/2022\/09\/postQueueImg_18-6325f2a9d4b4e.jpg","width":720,"height":406,"caption":"Un contingent de la Gendarmerie d\u00e9ploy\u00e9 \u00e0 Tengrela pour renforcer la fronti\u00e8re ivoiro-malienne"},{"@type":"BreadcrumbList","@id":"https:\/\/www.africa-press.net\/cotedivoire\/politique\/un-contingent-de-la-gendarmerie-deploye-a-tengrela-pour-renforcer-la-frontiere-ivoiro-malienne#breadcrumb","itemListElement":[{"@type":"ListItem","position":1,"name":"Accueil","item":"https:\/\/www.africa-press.net\/cotedivoire\/"},{"@type":"ListItem","position":2,"name":"Un contingent de la Gendarmerie d\u00e9ploy\u00e9 \u00e0 Tengrela pour renforcer la fronti\u00e8re ivoiro-malienne"}]},{"@type":"WebSite","@id":"https:\/\/www.africa-press.net\/cotedivoire\/#website","url":"https:\/\/www.africa-press.net\/cotedivoire\/","name":"C\u00f4te d&#039;Ivoire","description":"Just another Africa News Agency Sites site","potentialAction":[{"@type":"SearchAction","target":{"@type":"EntryPoint","urlTemplate":"https:\/\/www.africa-press.net\/cotedivoire\/?s={search_term_string}"},"query-input":{"@type":"PropertyValueSpecification","valueRequired":true,"valueName":"search_term_string"}}],"inLanguage":"fr-FR"},{"@type":"Person","@id":"https:\/\/www.africa-press.net\/cotedivoire\/#\/schema\/person\/2b1cf3cd81a31e3cd26889ca66d677f1","name":"cfeditorfr"}]}},"_links":{"self":[{"href":"https:\/\/www.africa-press.net\/cotedivoire\/wp-json\/wp\/v2\/posts\/44853","targetHints":{"allow":["GET"]}}],"collection":[{"href":"https:\/\/www.africa-press.net\/cotedivoire\/wp-json\/wp\/v2\/posts"}],"about":[{"href":"https:\/\/www.africa-press.net\/cotedivoire\/wp-json\/wp\/v2\/types\/post"}],"author":[{"embeddable":true,"href":"https:\/\/www.africa-press.net\/cotedivoire\/wp-json\/wp\/v2\/users\/82"}],"replies":[{"embeddable":true,"href":"https:\/\/www.africa-press.net\/cotedivoire\/wp-json\/wp\/v2\/comments?post=44853"}],"version-history":[{"count":0,"href":"https:\/\/www.africa-press.net\/cotedivoire\/wp-json\/wp\/v2\/posts\/44853\/revisions"}],"wp:featuredmedia":[{"embeddable":true,"href":"https:\/\/www.africa-press.net\/cotedivoire\/wp-json\/wp\/v2\/media\/44852"}],"wp:attachment":[{"href":"https:\/\/www.africa-press.net\/cotedivoire\/wp-json\/wp\/v2\/media?parent=44853"}],"wp:term":[{"taxonomy":"category","embeddable":true,"href":"https:\/\/www.africa-press.net\/cotedivoire\/wp-json\/wp\/v2\/categories?post=44853"},{"taxonomy":"post_tag","embeddable":true,"href":"https:\/\/www.africa-press.net\/cotedivoire\/wp-json\/wp\/v2\/tags?post=44853"}],"curies":[{"name":"wp","href":"https:\/\/api.w.org\/{rel}","templated":true}]}}