{"id":45040,"date":"2022-09-20T17:17:16","date_gmt":"2022-09-20T17:17:16","guid":{"rendered":"https:\/\/www.africa-press.net\/cotedivoire\/politique\/cei-lannonce-du-renouvellement-et-linstallation-des-commissions-locales-inquiete-le-parti-de-gbagbo-qui-dit-attendre-toujours-son-entree-au-sein-de-la-commission"},"modified":"2022-09-20T18:10:24","modified_gmt":"2022-09-20T18:10:24","slug":"cei-lannonce-du-renouvellement-et-linstallation-des-commissions-locales-inquiete-le-parti-de-gbagbo-qui-dit-attendre-toujours-son-entree-au-sein-de-la-commission","status":"publish","type":"post","link":"https:\/\/www.africa-press.net\/cotedivoire\/politique\/cei-lannonce-du-renouvellement-et-linstallation-des-commissions-locales-inquiete-le-parti-de-gbagbo-qui-dit-attendre-toujours-son-entree-au-sein-de-la-commission","title":{"rendered":"CEI, l&rsquo;annonce du renouvellement et l&rsquo;installation des commissions locales inqui\u00e8te le Parti de Gbagbo qui dit attendre toujours son entr\u00e9e au sein de la commission"},"content":{"rendered":"<p><span style=\"color: #ff6600\"><strong>Africa-Press &#8211; C\u00f4te d&rsquo;Ivoire. <\/strong><\/span>L&rsquo;admission du Parti des peuples Africains \u2013 C\u00f4te d\u2019Ivoire (PPA-CI) dans la commission \u00e9lectorale ind\u00e9pendante (CEI) \u00e9tait l\u2019une r\u00e9solution de la 5\u1d49 phase du dialogue politique.<\/p>\n<p>Dans une note d\u2019information rendue publique le 14 septembre 2022, la CEI annonce le renouvellement et l\u2019installation des commissions locales sur toute l\u2019\u00e9tendue du territoire national, du 21 au 26 septembre prochain, et une s\u00e9rie d\u2019activit\u00e9s relatives \u00e0 la formation des commissaires locaux et \u00e0 l\u2019ouverture de la premi\u00e8re session de la CEI.<\/p>\n<p>Cette annonce faite par l\u2019institution \u00e9lectorale inqui\u00e8te le Parti de Gbagbo qui, dans une d\u00e9claration dont copie est parvenue ce lundi 19 septembre 2022, estime que cette note d\u2019informations intervient alors m\u00eame que le PPA-CI est dans l&rsquo;attente de son admission \u00e0 la CEI.<\/p>\n<p>Le PPA-CI rappelle que pour le suivi de cette r\u00e9solution \u00e0 laquelle il accorde du prix, une d\u00e9l\u00e9gation du parti conduite par l\u2019honorable Georges Armand Ouegnin, vice-pr\u00e9sident de l\u2019Assembl\u00e9e Nationale, et comprenant le Pr\u00e9sident Ex\u00e9cutif du parti et le deuxi\u00e8me Vice-pr\u00e9sident du CSP et Porte-parole du parti, avait rencontr\u00e9 le Ministre de l\u2019Int\u00e9rieur, le 15 juin 2022, avec \u00e0 l\u2019ordre du jour, le rappel de ladite recommandation et la remise officielle du nom du repr\u00e9sentant du parti au sein de la CEI.<\/p>\n<p>\u00ab Alors que le PPA-CI est dans l\u2019attente de l\u2019ex\u00e9cution effective de cette r\u00e9solution, la CEI produit un communiqu\u00e9 officiel le 14 septembre 2022, dans lequel, elle pr\u00e9voit de proc\u00e9der, au renouvellement des commissions locales et \u00e0 leur installation dans les r\u00e9gions du 21 au 26 septembre prochain. Les commissions locales \u00e9tant les d\u00e9clinaisons territoriales de la Commission centrale, le PPA-CI s\u2019interroge sur les raisons du renouvellement des celles-l\u00e0 alors que celle-ci doit se recomposer au pr\u00e9alable pour se conformer \u00e0 la r\u00e9solution du Dialogue Politique. \u00bb, peut-on lire dans le communiqu\u00e9, sign\u00e9 de Justin Kon\u00e9 Katinan, porte-parole du PPA-CI.<\/p>\n<p>S\u2019interrogeant sur les fondements de cette d\u00e9marche de la CEI, le PPA-CI juge cette attitude du gouvernement inacceptable et interpelle le gouvernement sur sa responsabilit\u00e9 d\u2019assurer la transparence des \u00e9lections futures afin de pr\u00e9server la paix sociale.<\/p>\n<p>Enfin, le Parti de Gbagbo demande \u00e0 la CEI de surseoir au renouvellement de ses structures locales en attendant la recomposition de la Commission Centrale conform\u00e9ment aux r\u00e9solutions du dialogue politique.<\/p>\n<p><strong>Pour plus d&rsquo;informations et d&rsquo;analyses sur la <a href=\"https:\/\/www.africa-press.net\/cotedivoire\">C\u00f4te d&rsquo;Ivoire<\/a>, suivez <a href=\"https:\/\/www.africa-press.net\/\">Africa-Press<\/a><\/strong><\/p>\n","protected":false},"excerpt":{"rendered":"<p>Africa-Press &#8211; C\u00f4te d&rsquo;Ivoire. L&rsquo;admission du Parti des peuples Africains \u2013 C\u00f4te d\u2019Ivoire (PPA-CI) dans la commission \u00e9lectorale ind\u00e9pendante (CEI) \u00e9tait l\u2019une r\u00e9solution de la 5\u1d49 phase du dialogue politique. Dans une note d\u2019information rendue publique le 14 septembre 2022, la CEI annonce le renouvellement et l\u2019installation des commissions locales sur toute l\u2019\u00e9tendue du territoire [&hellip;]<\/p>\n","protected":false},"author":82,"featured_media":45039,"comment_status":"open","ping_status":"closed","sticky":false,"template":"","format":"standard","meta":{"footnotes":""},"categories":[11,2,10],"tags":[56,63,1316,29,988,320,1119,60,1952],"class_list":["post-45040","post","type-post","status-publish","format-standard","has-post-thumbnail","hentry","category-homepage-french","category-politique","category-toutes-les-actualites","tag-africa-press","tag-africa-press-cote-divoire","tag-cei","tag-cote-divoire","tag-dialogue","tag-gbagbo","tag-ouegnin","tag-politique","tag-ppa-ci"],"yoast_head":"<!-- This site is optimized with the Yoast SEO Premium plugin v26.1 (Yoast SEO v27.0) - https:\/\/yoast.com\/product\/yoast-seo-premium-wordpress\/ -->\n<title>CEI, l&#039;annonce du renouvellement et l&#039;installation des commissions locales inqui\u00e8te le Parti de Gbagbo qui dit attendre toujours son entr\u00e9e au sein de la commission - C\u00f4te d&#039;Ivoire<\/title>\n<meta name=\"description\" content=\"L&#039;admission du Parti des peuples Africains \u2013 C\u00f4te d\u2019Ivoire (PPA-CI) dans la commission \u00e9lectorale ind\u00e9pendante (CEI) \u00e9ta ...\" \/>\n<meta name=\"robots\" content=\"index, follow, max-snippet:-1, max-image-preview:large, max-video-preview:-1\" \/>\n<link rel=\"canonical\" href=\"https:\/\/www.africa-press.net\/cotedivoire\/politique\/cei-lannonce-du-renouvellement-et-linstallation-des-commissions-locales-inquiete-le-parti-de-gbagbo-qui-dit-attendre-toujours-son-entree-au-sein-de-la-commission\" \/>\n<meta property=\"og:locale\" content=\"fr_FR\" \/>\n<meta property=\"og:type\" content=\"article\" \/>\n<meta property=\"og:title\" content=\"CEI, l&#039;annonce du renouvellement et l&#039;installation des commissions locales inqui\u00e8te le Parti de Gbagbo qui dit attendre toujours son entr\u00e9e au sein de la commission\" \/>\n<meta property=\"og:description\" content=\"L&#039;admission du Parti des peuples Africains \u2013 C\u00f4te d\u2019Ivoire (PPA-CI) dans la commission \u00e9lectorale ind\u00e9pendante (CEI) \u00e9ta ...\" \/>\n<meta property=\"og:url\" content=\"https:\/\/www.africa-press.net\/cotedivoire\/politique\/cei-lannonce-du-renouvellement-et-linstallation-des-commissions-locales-inquiete-le-parti-de-gbagbo-qui-dit-attendre-toujours-son-entree-au-sein-de-la-commission\" \/>\n<meta property=\"og:site_name\" content=\"C\u00f4te d&#039;Ivoire\" \/>\n<meta property=\"article:published_time\" content=\"2022-09-20T17:17:16+00:00\" \/>\n<meta property=\"article:modified_time\" content=\"2022-09-20T18:10:24+00:00\" \/>\n<meta property=\"og:image\" content=\"https:\/\/static.africa-press.net\/cote\/sites\/43\/2022\/09\/postQueueImg_18-632a01ee05a44.jpg\" \/>\n\t<meta property=\"og:image:width\" content=\"1280\" \/>\n\t<meta property=\"og:image:height\" content=\"720\" \/>\n\t<meta property=\"og:image:type\" content=\"image\/jpeg\" \/>\n<meta name=\"author\" content=\"cfeditorfr\" \/>\n<meta name=\"twitter:card\" content=\"summary_large_image\" \/>\n<meta name=\"twitter:label1\" content=\"\u00c9crit par\" \/>\n\t<meta name=\"twitter:data1\" content=\"cfeditorfr\" \/>\n\t<meta name=\"twitter:label2\" content=\"Dur\u00e9e de lecture estim\u00e9e\" \/>\n\t<meta name=\"twitter:data2\" content=\"2 minutes\" \/>\n<script type=\"application\/ld+json\" class=\"yoast-schema-graph\">{\"@context\":\"https:\/\/schema.org\",\"@graph\":[{\"@type\":\"Article\",\"@id\":\"https:\/\/www.africa-press.net\/cotedivoire\/politique\/cei-lannonce-du-renouvellement-et-linstallation-des-commissions-locales-inquiete-le-parti-de-gbagbo-qui-dit-attendre-toujours-son-entree-au-sein-de-la-commission#article\",\"isPartOf\":{\"@id\":\"https:\/\/www.africa-press.net\/cotedivoire\/politique\/cei-lannonce-du-renouvellement-et-linstallation-des-commissions-locales-inquiete-le-parti-de-gbagbo-qui-dit-attendre-toujours-son-entree-au-sein-de-la-commission\"},\"author\":{\"name\":\"cfeditorfr\",\"@id\":\"https:\/\/www.africa-press.net\/cotedivoire\/#\/schema\/person\/2b1cf3cd81a31e3cd26889ca66d677f1\"},\"headline\":\"CEI, l&rsquo;annonce du renouvellement et l&rsquo;installation des commissions locales inqui\u00e8te le Parti de Gbagbo qui dit attendre toujours son entr\u00e9e au sein de la commission\",\"datePublished\":\"2022-09-20T17:17:16+00:00\",\"dateModified\":\"2022-09-20T18:10:24+00:00\",\"mainEntityOfPage\":{\"@id\":\"https:\/\/www.africa-press.net\/cotedivoire\/politique\/cei-lannonce-du-renouvellement-et-linstallation-des-commissions-locales-inquiete-le-parti-de-gbagbo-qui-dit-attendre-toujours-son-entree-au-sein-de-la-commission\"},\"wordCount\":451,\"commentCount\":0,\"image\":{\"@id\":\"https:\/\/www.africa-press.net\/cotedivoire\/politique\/cei-lannonce-du-renouvellement-et-linstallation-des-commissions-locales-inquiete-le-parti-de-gbagbo-qui-dit-attendre-toujours-son-entree-au-sein-de-la-commission#primaryimage\"},\"thumbnailUrl\":\"https:\/\/static.africa-press.net\/cote\/sites\/43\/2022\/09\/postQueueImg_18-632a01ee05a44.jpg\",\"keywords\":[\"Africa Press\",\"Africa Press-C\u00f4te d'Ivoire\",\"Cei\",\"C\u00d4TE D'IVOIRE\",\"Dialogue\",\"Gbagbo\",\"Ou\u00e9gnin\",\"Politique\",\"PPA-CI\"],\"articleSection\":[\"homepage-french\",\"Politique\",\"Toutes les actualit\u00e9s\"],\"inLanguage\":\"fr-FR\",\"potentialAction\":[{\"@type\":\"CommentAction\",\"name\":\"Comment\",\"target\":[\"https:\/\/www.africa-press.net\/cotedivoire\/politique\/cei-lannonce-du-renouvellement-et-linstallation-des-commissions-locales-inquiete-le-parti-de-gbagbo-qui-dit-attendre-toujours-son-entree-au-sein-de-la-commission#respond\"]}]},{\"@type\":\"WebPage\",\"@id\":\"https:\/\/www.africa-press.net\/cotedivoire\/politique\/cei-lannonce-du-renouvellement-et-linstallation-des-commissions-locales-inquiete-le-parti-de-gbagbo-qui-dit-attendre-toujours-son-entree-au-sein-de-la-commission\",\"url\":\"https:\/\/www.africa-press.net\/cotedivoire\/politique\/cei-lannonce-du-renouvellement-et-linstallation-des-commissions-locales-inquiete-le-parti-de-gbagbo-qui-dit-attendre-toujours-son-entree-au-sein-de-la-commission\",\"name\":\"CEI, l'annonce du renouvellement et l'installation des commissions locales inqui\u00e8te le Parti de Gbagbo qui dit attendre toujours son entr\u00e9e au sein de la commission - C\u00f4te d&#039;Ivoire\",\"isPartOf\":{\"@id\":\"https:\/\/www.africa-press.net\/cotedivoire\/#website\"},\"primaryImageOfPage\":{\"@id\":\"https:\/\/www.africa-press.net\/cotedivoire\/politique\/cei-lannonce-du-renouvellement-et-linstallation-des-commissions-locales-inquiete-le-parti-de-gbagbo-qui-dit-attendre-toujours-son-entree-au-sein-de-la-commission#primaryimage\"},\"image\":{\"@id\":\"https:\/\/www.africa-press.net\/cotedivoire\/politique\/cei-lannonce-du-renouvellement-et-linstallation-des-commissions-locales-inquiete-le-parti-de-gbagbo-qui-dit-attendre-toujours-son-entree-au-sein-de-la-commission#primaryimage\"},\"thumbnailUrl\":\"https:\/\/static.africa-press.net\/cote\/sites\/43\/2022\/09\/postQueueImg_18-632a01ee05a44.jpg\",\"datePublished\":\"2022-09-20T17:17:16+00:00\",\"dateModified\":\"2022-09-20T18:10:24+00:00\",\"author\":{\"@id\":\"https:\/\/www.africa-press.net\/cotedivoire\/#\/schema\/person\/2b1cf3cd81a31e3cd26889ca66d677f1\"},\"description\":\"L'admission du Parti des peuples Africains \u2013 C\u00f4te d\u2019Ivoire (PPA-CI) dans la commission \u00e9lectorale ind\u00e9pendante (CEI) \u00e9ta ...\",\"breadcrumb\":{\"@id\":\"https:\/\/www.africa-press.net\/cotedivoire\/politique\/cei-lannonce-du-renouvellement-et-linstallation-des-commissions-locales-inquiete-le-parti-de-gbagbo-qui-dit-attendre-toujours-son-entree-au-sein-de-la-commission#breadcrumb\"},\"inLanguage\":\"fr-FR\",\"potentialAction\":[{\"@type\":\"ReadAction\",\"target\":[\"https:\/\/www.africa-press.net\/cotedivoire\/politique\/cei-lannonce-du-renouvellement-et-linstallation-des-commissions-locales-inquiete-le-parti-de-gbagbo-qui-dit-attendre-toujours-son-entree-au-sein-de-la-commission\"]}]},{\"@type\":\"ImageObject\",\"inLanguage\":\"fr-FR\",\"@id\":\"https:\/\/www.africa-press.net\/cotedivoire\/politique\/cei-lannonce-du-renouvellement-et-linstallation-des-commissions-locales-inquiete-le-parti-de-gbagbo-qui-dit-attendre-toujours-son-entree-au-sein-de-la-commission#primaryimage\",\"url\":\"https:\/\/static.africa-press.net\/cote\/sites\/43\/2022\/09\/postQueueImg_18-632a01ee05a44.jpg\",\"contentUrl\":\"https:\/\/static.africa-press.net\/cote\/sites\/43\/2022\/09\/postQueueImg_18-632a01ee05a44.jpg\",\"width\":1280,\"height\":720,\"caption\":\"CEI, l'annonce du renouvellement et l'installation des commissions locales inqui\u00e8te le Parti de Gbagbo qui dit attendre toujours son entr\u00e9e au sein de la commission\"},{\"@type\":\"BreadcrumbList\",\"@id\":\"https:\/\/www.africa-press.net\/cotedivoire\/politique\/cei-lannonce-du-renouvellement-et-linstallation-des-commissions-locales-inquiete-le-parti-de-gbagbo-qui-dit-attendre-toujours-son-entree-au-sein-de-la-commission#breadcrumb\",\"itemListElement\":[{\"@type\":\"ListItem\",\"position\":1,\"name\":\"Accueil\",\"item\":\"https:\/\/www.africa-press.net\/cotedivoire\/\"},{\"@type\":\"ListItem\",\"position\":2,\"name\":\"CEI, l&#8217;annonce du renouvellement et l&#8217;installation des commissions locales inqui\u00e8te le Parti de Gbagbo qui dit attendre toujours son entr\u00e9e au sein de la commission\"}]},{\"@type\":\"WebSite\",\"@id\":\"https:\/\/www.africa-press.net\/cotedivoire\/#website\",\"url\":\"https:\/\/www.africa-press.net\/cotedivoire\/\",\"name\":\"C\u00f4te d&#039;Ivoire\",\"description\":\"Just another Africa News Agency Sites site\",\"potentialAction\":[{\"@type\":\"SearchAction\",\"target\":{\"@type\":\"EntryPoint\",\"urlTemplate\":\"https:\/\/www.africa-press.net\/cotedivoire\/?s={search_term_string}\"},\"query-input\":{\"@type\":\"PropertyValueSpecification\",\"valueRequired\":true,\"valueName\":\"search_term_string\"}}],\"inLanguage\":\"fr-FR\"},{\"@type\":\"Person\",\"@id\":\"https:\/\/www.africa-press.net\/cotedivoire\/#\/schema\/person\/2b1cf3cd81a31e3cd26889ca66d677f1\",\"name\":\"cfeditorfr\"}]}<\/script>\n<!-- \/ Yoast SEO Premium plugin. -->","yoast_head_json":{"title":"CEI, l'annonce du renouvellement et l'installation des commissions locales inqui\u00e8te le Parti de Gbagbo qui dit attendre toujours son entr\u00e9e au sein de la commission - C\u00f4te d&#039;Ivoire","description":"L'admission du Parti des peuples Africains \u2013 C\u00f4te d\u2019Ivoire (PPA-CI) dans la commission \u00e9lectorale ind\u00e9pendante (CEI) \u00e9ta ...","robots":{"index":"index","follow":"follow","max-snippet":"max-snippet:-1","max-image-preview":"max-image-preview:large","max-video-preview":"max-video-preview:-1"},"canonical":"https:\/\/www.africa-press.net\/cotedivoire\/politique\/cei-lannonce-du-renouvellement-et-linstallation-des-commissions-locales-inquiete-le-parti-de-gbagbo-qui-dit-attendre-toujours-son-entree-au-sein-de-la-commission","og_locale":"fr_FR","og_type":"article","og_title":"CEI, l'annonce du renouvellement et l'installation des commissions locales inqui\u00e8te le Parti de Gbagbo qui dit attendre toujours son entr\u00e9e au sein de la commission","og_description":"L'admission du Parti des peuples Africains \u2013 C\u00f4te d\u2019Ivoire (PPA-CI) dans la commission \u00e9lectorale ind\u00e9pendante (CEI) \u00e9ta ...","og_url":"https:\/\/www.africa-press.net\/cotedivoire\/politique\/cei-lannonce-du-renouvellement-et-linstallation-des-commissions-locales-inquiete-le-parti-de-gbagbo-qui-dit-attendre-toujours-son-entree-au-sein-de-la-commission","og_site_name":"C\u00f4te d&#039;Ivoire","article_published_time":"2022-09-20T17:17:16+00:00","article_modified_time":"2022-09-20T18:10:24+00:00","og_image":[{"width":1280,"height":720,"url":"https:\/\/static.africa-press.net\/cote\/sites\/43\/2022\/09\/postQueueImg_18-632a01ee05a44.jpg","type":"image\/jpeg"}],"author":"cfeditorfr","twitter_card":"summary_large_image","twitter_misc":{"\u00c9crit par":"cfeditorfr","Dur\u00e9e de lecture estim\u00e9e":"2 minutes"},"schema":{"@context":"https:\/\/schema.org","@graph":[{"@type":"Article","@id":"https:\/\/www.africa-press.net\/cotedivoire\/politique\/cei-lannonce-du-renouvellement-et-linstallation-des-commissions-locales-inquiete-le-parti-de-gbagbo-qui-dit-attendre-toujours-son-entree-au-sein-de-la-commission#article","isPartOf":{"@id":"https:\/\/www.africa-press.net\/cotedivoire\/politique\/cei-lannonce-du-renouvellement-et-linstallation-des-commissions-locales-inquiete-le-parti-de-gbagbo-qui-dit-attendre-toujours-son-entree-au-sein-de-la-commission"},"author":{"name":"cfeditorfr","@id":"https:\/\/www.africa-press.net\/cotedivoire\/#\/schema\/person\/2b1cf3cd81a31e3cd26889ca66d677f1"},"headline":"CEI, l&rsquo;annonce du renouvellement et l&rsquo;installation des commissions locales inqui\u00e8te le Parti de Gbagbo qui dit attendre toujours son entr\u00e9e au sein de la commission","datePublished":"2022-09-20T17:17:16+00:00","dateModified":"2022-09-20T18:10:24+00:00","mainEntityOfPage":{"@id":"https:\/\/www.africa-press.net\/cotedivoire\/politique\/cei-lannonce-du-renouvellement-et-linstallation-des-commissions-locales-inquiete-le-parti-de-gbagbo-qui-dit-attendre-toujours-son-entree-au-sein-de-la-commission"},"wordCount":451,"commentCount":0,"image":{"@id":"https:\/\/www.africa-press.net\/cotedivoire\/politique\/cei-lannonce-du-renouvellement-et-linstallation-des-commissions-locales-inquiete-le-parti-de-gbagbo-qui-dit-attendre-toujours-son-entree-au-sein-de-la-commission#primaryimage"},"thumbnailUrl":"https:\/\/static.africa-press.net\/cote\/sites\/43\/2022\/09\/postQueueImg_18-632a01ee05a44.jpg","keywords":["Africa Press","Africa Press-C\u00f4te d'Ivoire","Cei","C\u00d4TE D'IVOIRE","Dialogue","Gbagbo","Ou\u00e9gnin","Politique","PPA-CI"],"articleSection":["homepage-french","Politique","Toutes les actualit\u00e9s"],"inLanguage":"fr-FR","potentialAction":[{"@type":"CommentAction","name":"Comment","target":["https:\/\/www.africa-press.net\/cotedivoire\/politique\/cei-lannonce-du-renouvellement-et-linstallation-des-commissions-locales-inquiete-le-parti-de-gbagbo-qui-dit-attendre-toujours-son-entree-au-sein-de-la-commission#respond"]}]},{"@type":"WebPage","@id":"https:\/\/www.africa-press.net\/cotedivoire\/politique\/cei-lannonce-du-renouvellement-et-linstallation-des-commissions-locales-inquiete-le-parti-de-gbagbo-qui-dit-attendre-toujours-son-entree-au-sein-de-la-commission","url":"https:\/\/www.africa-press.net\/cotedivoire\/politique\/cei-lannonce-du-renouvellement-et-linstallation-des-commissions-locales-inquiete-le-parti-de-gbagbo-qui-dit-attendre-toujours-son-entree-au-sein-de-la-commission","name":"CEI, l'annonce du renouvellement et l'installation des commissions locales inqui\u00e8te le Parti de Gbagbo qui dit attendre toujours son entr\u00e9e au sein de la commission - C\u00f4te d&#039;Ivoire","isPartOf":{"@id":"https:\/\/www.africa-press.net\/cotedivoire\/#website"},"primaryImageOfPage":{"@id":"https:\/\/www.africa-press.net\/cotedivoire\/politique\/cei-lannonce-du-renouvellement-et-linstallation-des-commissions-locales-inquiete-le-parti-de-gbagbo-qui-dit-attendre-toujours-son-entree-au-sein-de-la-commission#primaryimage"},"image":{"@id":"https:\/\/www.africa-press.net\/cotedivoire\/politique\/cei-lannonce-du-renouvellement-et-linstallation-des-commissions-locales-inquiete-le-parti-de-gbagbo-qui-dit-attendre-toujours-son-entree-au-sein-de-la-commission#primaryimage"},"thumbnailUrl":"https:\/\/static.africa-press.net\/cote\/sites\/43\/2022\/09\/postQueueImg_18-632a01ee05a44.jpg","datePublished":"2022-09-20T17:17:16+00:00","dateModified":"2022-09-20T18:10:24+00:00","author":{"@id":"https:\/\/www.africa-press.net\/cotedivoire\/#\/schema\/person\/2b1cf3cd81a31e3cd26889ca66d677f1"},"description":"L'admission du Parti des peuples Africains \u2013 C\u00f4te d\u2019Ivoire (PPA-CI) dans la commission \u00e9lectorale ind\u00e9pendante (CEI) \u00e9ta ...","breadcrumb":{"@id":"https:\/\/www.africa-press.net\/cotedivoire\/politique\/cei-lannonce-du-renouvellement-et-linstallation-des-commissions-locales-inquiete-le-parti-de-gbagbo-qui-dit-attendre-toujours-son-entree-au-sein-de-la-commission#breadcrumb"},"inLanguage":"fr-FR","potentialAction":[{"@type":"ReadAction","target":["https:\/\/www.africa-press.net\/cotedivoire\/politique\/cei-lannonce-du-renouvellement-et-linstallation-des-commissions-locales-inquiete-le-parti-de-gbagbo-qui-dit-attendre-toujours-son-entree-au-sein-de-la-commission"]}]},{"@type":"ImageObject","inLanguage":"fr-FR","@id":"https:\/\/www.africa-press.net\/cotedivoire\/politique\/cei-lannonce-du-renouvellement-et-linstallation-des-commissions-locales-inquiete-le-parti-de-gbagbo-qui-dit-attendre-toujours-son-entree-au-sein-de-la-commission#primaryimage","url":"https:\/\/static.africa-press.net\/cote\/sites\/43\/2022\/09\/postQueueImg_18-632a01ee05a44.jpg","contentUrl":"https:\/\/static.africa-press.net\/cote\/sites\/43\/2022\/09\/postQueueImg_18-632a01ee05a44.jpg","width":1280,"height":720,"caption":"CEI, l'annonce du renouvellement et l'installation des commissions locales inqui\u00e8te le Parti de Gbagbo qui dit attendre toujours son entr\u00e9e au sein de la commission"},{"@type":"BreadcrumbList","@id":"https:\/\/www.africa-press.net\/cotedivoire\/politique\/cei-lannonce-du-renouvellement-et-linstallation-des-commissions-locales-inquiete-le-parti-de-gbagbo-qui-dit-attendre-toujours-son-entree-au-sein-de-la-commission#breadcrumb","itemListElement":[{"@type":"ListItem","position":1,"name":"Accueil","item":"https:\/\/www.africa-press.net\/cotedivoire\/"},{"@type":"ListItem","position":2,"name":"CEI, l&#8217;annonce du renouvellement et l&#8217;installation des commissions locales inqui\u00e8te le Parti de Gbagbo qui dit attendre toujours son entr\u00e9e au sein de la commission"}]},{"@type":"WebSite","@id":"https:\/\/www.africa-press.net\/cotedivoire\/#website","url":"https:\/\/www.africa-press.net\/cotedivoire\/","name":"C\u00f4te d&#039;Ivoire","description":"Just another Africa News Agency Sites site","potentialAction":[{"@type":"SearchAction","target":{"@type":"EntryPoint","urlTemplate":"https:\/\/www.africa-press.net\/cotedivoire\/?s={search_term_string}"},"query-input":{"@type":"PropertyValueSpecification","valueRequired":true,"valueName":"search_term_string"}}],"inLanguage":"fr-FR"},{"@type":"Person","@id":"https:\/\/www.africa-press.net\/cotedivoire\/#\/schema\/person\/2b1cf3cd81a31e3cd26889ca66d677f1","name":"cfeditorfr"}]}},"_links":{"self":[{"href":"https:\/\/www.africa-press.net\/cotedivoire\/wp-json\/wp\/v2\/posts\/45040","targetHints":{"allow":["GET"]}}],"collection":[{"href":"https:\/\/www.africa-press.net\/cotedivoire\/wp-json\/wp\/v2\/posts"}],"about":[{"href":"https:\/\/www.africa-press.net\/cotedivoire\/wp-json\/wp\/v2\/types\/post"}],"author":[{"embeddable":true,"href":"https:\/\/www.africa-press.net\/cotedivoire\/wp-json\/wp\/v2\/users\/82"}],"replies":[{"embeddable":true,"href":"https:\/\/www.africa-press.net\/cotedivoire\/wp-json\/wp\/v2\/comments?post=45040"}],"version-history":[{"count":0,"href":"https:\/\/www.africa-press.net\/cotedivoire\/wp-json\/wp\/v2\/posts\/45040\/revisions"}],"wp:featuredmedia":[{"embeddable":true,"href":"https:\/\/www.africa-press.net\/cotedivoire\/wp-json\/wp\/v2\/media\/45039"}],"wp:attachment":[{"href":"https:\/\/www.africa-press.net\/cotedivoire\/wp-json\/wp\/v2\/media?parent=45040"}],"wp:term":[{"taxonomy":"category","embeddable":true,"href":"https:\/\/www.africa-press.net\/cotedivoire\/wp-json\/wp\/v2\/categories?post=45040"},{"taxonomy":"post_tag","embeddable":true,"href":"https:\/\/www.africa-press.net\/cotedivoire\/wp-json\/wp\/v2\/tags?post=45040"}],"curies":[{"name":"wp","href":"https:\/\/api.w.org\/{rel}","templated":true}]}}