{"id":45405,"date":"2022-09-26T07:10:55","date_gmt":"2022-09-26T07:10:55","guid":{"rendered":"https:\/\/www.africa-press.net\/cotedivoire\/politique\/en-campagne-en-france-adama-bictogo-appelle-les-ivoiriens-de-la-diaspora-a-se-rassembler-autour-de-leur-pays"},"modified":"2022-09-26T07:51:24","modified_gmt":"2022-09-26T07:51:24","slug":"en-campagne-en-france-adama-bictogo-appelle-les-ivoiriens-de-la-diaspora-a-se-rassembler-autour-de-leur-pays","status":"publish","type":"post","link":"https:\/\/www.africa-press.net\/cotedivoire\/politique\/en-campagne-en-france-adama-bictogo-appelle-les-ivoiriens-de-la-diaspora-a-se-rassembler-autour-de-leur-pays","title":{"rendered":"En campagne en France, Adama Bictogo appelle les Ivoiriens de la Diaspora \u00e0 se \u00ab rassembler autour de leur pays \u00bb"},"content":{"rendered":"<p><span style=\"color: #ff6600\"><strong>Africa-Press &#8211; C\u00f4te d&rsquo;Ivoire. <\/strong><\/span>Accompagn\u00e9 d&rsquo;une forte d\u00e9l\u00e9gation de d\u00e9put\u00e9s issus de tous les bords politiques, Adama Bictogo, Pr\u00e9sident de l\u2019Assembl\u00e9e nationale de C\u00f4te d&rsquo;Ivoire, est en ce moment en France o\u00f9 il a rencontr\u00e9, le samedi 25 septembre 2022, les Ivoiriens de la diaspora et a pr\u00f4n\u00e9 le vivre ensemble.<\/p>\n<p>\u00ab Je suis tr\u00e8s heureux d\u2019\u00eatre ici ce matin devant vous avec mes fr\u00e8res, le Professeur Maurice Kacou Guikahu\u00e9 du PDCI, le Professeur Hubert Oulai du PPA-CI. Nous sommes venus vous dire que le vivre ensemble est possible et que la r\u00e9conciliation est en marche dans notre pays \u00bb a d\u00e9clar\u00e9 celui qui, avec ses s\u00e9ries d&rsquo;audiences et de d\u00e9placements tous azimuts, pour bon nombre d&rsquo;observateurs, ne cache plus ses ambitions.<\/p>\n<p>Le Pr\u00e9sident de l&rsquo;Assembl\u00e9e nationale est revenu sur son \u00e9lection \u00e0 la t\u00eate de cette institution suite au d\u00e9c\u00e8s de son pr\u00e9d\u00e9cesseur et a avou\u00e9 que c&rsquo;est gr\u00e2ce aux Pr\u00e9sidents B\u00e9di\u00e9 et Gbagbo et Ouattara que ses paires l&rsquo;ont vot\u00e9.<\/p>\n<p>\u00ab Mon \u00e9lection est le fait du Pr\u00e9sident Alassane Ouattara et des Pr\u00e9sidents Henri KONAN BEDIE et Laurent GBAGBO. C\u2019est historique et in\u00e9dit dans l\u2019histoire de notre pays. C\u2019est la preuve surtout que le dialogue politique instruit par le Pr\u00e9sident de la R\u00e9publique, Alassane Ouattara porte des fruits et vous l\u2019avez constat\u00e9 r\u00e9cemment avec les nouvelles mesures prises la veille de l\u2019ind\u00e9pendance \u00bb, a insist\u00e9, Adama Bictogo.<\/p>\n<p>Il estime que l\u2019Assembl\u00e9e nationale doit \u00eatre le moteur de la coh\u00e9sion sociale et appelle les Ivoiriens de France \u00e0 ne pas rester \u00e0 l\u2019\u00e9cart de ce nouvel \u00e9lan pour la r\u00e9conciliation et \u00e0 se rassembler autour du pays.<\/p>\n<p>\u00ab Nous devons tous nous engager dans le processus de r\u00e9conciliation. Ce n\u2019est certes pas quelque chose que nous allons avoir du jour au lendemain, mais nous devons r\u00e9solument y aller pour nous, nos enfants et la C\u00f4te d\u2019Ivoire. Ce qui fait vivre un homme, c\u2019est l\u2019espoir et la conviction qu\u2019on doit y arriver et on va y arriver. Nous n\u2019avons pas le droit de laisser aux prochaines g\u00e9n\u00e9rations une C\u00f4te d&rsquo;Ivoire d\u00e9chir\u00e9e. Je vous appelle \u00e0 vous rassembler pour la C\u00f4te d\u2019Ivoire \u00bb a d\u00e9clar\u00e9 M. Bictogo.<\/p>\n<p>Le pr\u00e9sident s\u2019est engag\u00e9 \u00e0 faire du parlement un instrument d\u2019int\u00e9r\u00eat public accessible aux populations et engag\u00e9 dans la promotion des valeurs.<\/p>\n<p>En France, Adama Bictogo a rendu visite au parlement et au s\u00e9nat fran\u00e7ais. Selon lui, cette \u00ab visite s\u2019inscrit dans le cadre de la diplomatie parlementaire qui est un axe important de notre politique de gouvernance \u00bb.<\/p>\n<p>\u00ab Nous avons parl\u00e9 de renforcement des relations bilat\u00e9rales en mati\u00e8re d\u2019\u00e9conomie, d\u2019\u00e9ducation, de formation, de s\u00e9curit\u00e9 et de partenariat \u00e9conomique entre les soci\u00e9t\u00e9s fran\u00e7aises et ivoiriennes. \u00c0 ce propos, je voudrais saluer Son Excellence monsieur Maurice Bandaman, Ambassadeur de la R\u00e9publique C\u00f4te d&rsquo;Ivoire pr\u00e8s de la France, pour sa disponibilit\u00e9 et le travail remarquable accompli \u00bb, a-t-il relev\u00e9.<\/p>\n<p>Lors de sa rencontre avec la diaspora de France, le Pr\u00e9sident du parlement ivoirien a \u00e9voqu\u00e9 les cons\u00e9quences de la guerre Russo-Ukrainienne, affirmant au passage que cette guerre a un impact consid\u00e9rable sur les \u00e9conomies africaines, voire mondiales et la chert\u00e9 de la vie est une r\u00e9sultante de cette crise.<\/p>\n<p>\u00ab Et c&rsquo;est pour r\u00e9pondre \u00e0 l\u2019inflation caus\u00e9e que le Pr\u00e9sident de la R\u00e9publique a d\u00e9cid\u00e9 de revaloriser la situation sociale des fonctionnaires et agents de l&rsquo;Etat. Il faut saluer \u00e0 sa juste valeur le geste du Pr\u00e9sident de la r\u00e9publique qui reste \u00e0 l\u2019\u00e9coute et est tr\u00e8s attentifs aux pr\u00e9occupations des Ivoiriens \u00bb a-t-il mentionn\u00e9.<\/p>\n<p>Lors des \u00e9changes, les Ivoiriens de la diaspora ont expos\u00e9 les difficult\u00e9s qu&rsquo;ils rencontrent. Ils ont d\u00e9plor\u00e9 leur non-repr\u00e9sentativit\u00e9 dans les institutions de la r\u00e9publique, notamment au S\u00e9nat, \u00e0 l&rsquo;Assembl\u00e9e Nationale et au Conseil \u00c9conomique, Social et Environnemental.<\/p>\n<p>Les Ivoiriens de la diaspora ont souhait\u00e9 la construction d\u2019un centre culturel qui accueillera les rencontres et festivit\u00e9s diverses de la diaspora, la r\u00e9vision du d\u00e9cret relatif \u00e0 l\u2019\u00e2ge des v\u00e9hicules import\u00e9s, la r\u00e9vision du taux d\u2019int\u00e9r\u00eat des banques jug\u00e9 excessif et \u00e9lev\u00e9, l&rsquo;int\u00e9gration des artistes exil\u00e9s et l&rsquo;admission des sexag\u00e9naires \u00e0 la rente viag\u00e8re. Ils ont plaid\u00e9 pour la facilitation d&rsquo;obtention des agr\u00e9ments du commerce international, notamment pour les denr\u00e9es alimentaires, car les difficult\u00e9s rencontr\u00e9es favorisent le leadership des Chinois en la mati\u00e8re sur les march\u00e9s fran\u00e7ais.<\/p>\n<p>\u00ab Je vous rassure que je ferai ce qui est \u00e0 mon pouvoir. J\u2019ai pris bonne note, nous reviendrons vers vous pour ce qui est possible de faire \u00bb a conclu, Adama Bictogo.<\/p>\n\r\n                <style type=\"text\/css\">\r\n                    \r\n                    #td_uid_1_69f5cfbd84e9b  .td-doubleSlider-2 .td-item1 {\r\n                        background: url(https:\/\/static.africa-press.net\/cote\/sites\/43\/2022\/09\/postMediaimg_46_1-80x60.jpg) 0 0 no-repeat;\r\n                    }\r\n                    #td_uid_1_69f5cfbd84e9b  .td-doubleSlider-2 .td-item2 {\r\n                        background: url(https:\/\/static.africa-press.net\/cote\/sites\/43\/2022\/09\/postMediaimg_46_2-80x60.jpg) 0 0 no-repeat;\r\n                    }\r\n                <\/style>\r\n\r\n                <div id=\"td_uid_1_69f5cfbd84e9b\" class=\"td-gallery td-slide-on-2-columns\">\r\n                    <div class=\"post_td_gallery\">\r\n                        <div class=\"td-gallery-slide-top\">\r\n                           <div class=\"td-gallery-title\"><\/div>\r\n\r\n                            <div class=\"td-gallery-controls-wrapper\">\r\n                                <div class=\"td-gallery-slide-count\"><span class=\"td-gallery-slide-item-focus\">1<\/span> de 2<\/div>\r\n                                <div class=\"td-gallery-slide-prev-next-but\">\r\n                                    <i class = \"td-icon-left doubleSliderPrevButton\"><\/i>\r\n                                    <i class = \"td-icon-right doubleSliderNextButton\"><\/i>\r\n                                <\/div>\r\n                            <\/div>\r\n                        <\/div>\r\n\r\n                        <div class = \"td-doubleSlider-1 \">\r\n                            <div class = \"td-slider\">\r\n                                \r\n                    <div class = \"td-slide-item td-item1\">\r\n                        <figure class=\"td-slide-galery-figure td-slide-popup-gallery\">\r\n                            <a class=\"slide-gallery-image-link\" href=\"https:\/\/static.africa-press.net\/cote\/sites\/43\/2022\/09\/postMediaimg_46_1.jpg\" title=\"postMediaimg_46_1\"  data-caption=\"\"  data-description=\"\">\r\n                                <img decoding=\"async\" src=\"https:\/\/static.africa-press.net\/cote\/sites\/43\/2022\/09\/postMediaimg_46_1.jpg\" srcset=\"https:\/\/static.africa-press.net\/cote\/sites\/43\/2022\/09\/postMediaimg_46_1.jpg 1000w, https:\/\/static.africa-press.net\/cote\/sites\/43\/2022\/09\/postMediaimg_46_1-300x200.jpg 300w, https:\/\/static.africa-press.net\/cote\/sites\/43\/2022\/09\/postMediaimg_46_1-768x512.jpg 768w\" sizes=\"(max-width: 1000px) 100vw, 1000px\" alt=\"\">\r\n                            <\/a>\r\n                            \r\n                        <\/figure>\r\n                    <\/div>\r\n                    <div class = \"td-slide-item td-item2\">\r\n                        <figure class=\"td-slide-galery-figure td-slide-popup-gallery\">\r\n                            <a class=\"slide-gallery-image-link\" href=\"https:\/\/static.africa-press.net\/cote\/sites\/43\/2022\/09\/postMediaimg_46_2.jpg\" title=\"postMediaimg_46_2\"  data-caption=\"\"  data-description=\"\">\r\n                                <img decoding=\"async\" src=\"https:\/\/static.africa-press.net\/cote\/sites\/43\/2022\/09\/postMediaimg_46_2.jpg\" srcset=\"https:\/\/static.africa-press.net\/cote\/sites\/43\/2022\/09\/postMediaimg_46_2.jpg 1000w, https:\/\/static.africa-press.net\/cote\/sites\/43\/2022\/09\/postMediaimg_46_2-300x200.jpg 300w, https:\/\/static.africa-press.net\/cote\/sites\/43\/2022\/09\/postMediaimg_46_2-768x512.jpg 768w\" sizes=\"(max-width: 1000px) 100vw, 1000px\" alt=\"\">\r\n                            <\/a>\r\n                            \r\n                        <\/figure>\r\n                    <\/div>\r\n                            <\/div>\r\n                        <\/div>\r\n\r\n                        <div class = \"td-doubleSlider-2\">\r\n                            <div class = \"td-slider\">\r\n                                \r\n                    <div class = \"td-button td-item1\">\r\n                        <div class = \"td-border\"><\/div>\r\n                    <\/div>\r\n                    <div class = \"td-button td-item2\">\r\n                        <div class = \"td-border\"><\/div>\r\n                    <\/div>\r\n                            <\/div>\r\n                        <\/div>\r\n\r\n                    <\/div>\r\n\r\n                <\/div>\r\n                \n<p><strong>Pour plus d&rsquo;informations et d&rsquo;analyses sur la <a href=\"https:\/\/www.africa-press.net\/cotedivoire\">C\u00f4te d&rsquo;Ivoire<\/a>, suivez <a href=\"https:\/\/www.africa-press.net\/\">Africa-Press<\/a><\/strong><\/p>\n","protected":false},"excerpt":{"rendered":"<p>Africa-Press &#8211; C\u00f4te d&rsquo;Ivoire. Accompagn\u00e9 d&rsquo;une forte d\u00e9l\u00e9gation de d\u00e9put\u00e9s issus de tous les bords politiques, Adama Bictogo, Pr\u00e9sident de l\u2019Assembl\u00e9e nationale de C\u00f4te d&rsquo;Ivoire, est en ce moment en France o\u00f9 il a rencontr\u00e9, le samedi 25 septembre 2022, les Ivoiriens de la diaspora et a pr\u00f4n\u00e9 le vivre ensemble. \u00ab Je suis tr\u00e8s [&hellip;]<\/p>\n","protected":false},"author":82,"featured_media":45404,"comment_status":"open","ping_status":"closed","sticky":false,"template":"","format":"standard","meta":{"footnotes":""},"categories":[11,8,2,10],"tags":[1265,56,63,29,88,7660],"class_list":["post-45405","post","type-post","status-publish","format-standard","has-post-thumbnail","hentry","category-homepage-french","category-photo","category-politique","category-toutes-les-actualites","tag-adama-bictogo","tag-africa-press","tag-africa-press-cote-divoire","tag-cote-divoire","tag-france","tag-maurice-bandaman-france"],"yoast_head":"<!-- This site is optimized with the Yoast SEO Premium plugin v26.1 (Yoast SEO v27.0) - https:\/\/yoast.com\/product\/yoast-seo-premium-wordpress\/ -->\n<title>En campagne en France, Adama Bictogo appelle les Ivoiriens de la Diaspora \u00e0 se \u00ab rassembler autour de leur pays \u00bb - C\u00f4te d&#039;Ivoire<\/title>\n<meta name=\"description\" content=\"Accompagn\u00e9 d&#039;une forte d\u00e9l\u00e9gation de d\u00e9put\u00e9s issus de tous les bords politiques, Adama Bictogo, Pr\u00e9sident de l\u2019Assembl\u00e9e ...\" \/>\n<meta name=\"robots\" content=\"index, follow, max-snippet:-1, max-image-preview:large, max-video-preview:-1\" \/>\n<link rel=\"canonical\" href=\"https:\/\/www.africa-press.net\/cotedivoire\/politique\/en-campagne-en-france-adama-bictogo-appelle-les-ivoiriens-de-la-diaspora-a-se-rassembler-autour-de-leur-pays\" \/>\n<meta property=\"og:locale\" content=\"fr_FR\" \/>\n<meta property=\"og:type\" content=\"article\" \/>\n<meta property=\"og:title\" content=\"En campagne en France, Adama Bictogo appelle les Ivoiriens de la Diaspora \u00e0 se \u00ab rassembler autour de leur pays \u00bb\" \/>\n<meta property=\"og:description\" content=\"Accompagn\u00e9 d&#039;une forte d\u00e9l\u00e9gation de d\u00e9put\u00e9s issus de tous les bords politiques, Adama Bictogo, Pr\u00e9sident de l\u2019Assembl\u00e9e ...\" \/>\n<meta property=\"og:url\" content=\"https:\/\/www.africa-press.net\/cotedivoire\/politique\/en-campagne-en-france-adama-bictogo-appelle-les-ivoiriens-de-la-diaspora-a-se-rassembler-autour-de-leur-pays\" \/>\n<meta property=\"og:site_name\" content=\"C\u00f4te d&#039;Ivoire\" \/>\n<meta property=\"article:published_time\" content=\"2022-09-26T07:10:55+00:00\" \/>\n<meta property=\"article:modified_time\" content=\"2022-09-26T07:51:24+00:00\" \/>\n<meta property=\"og:image\" content=\"https:\/\/static.africa-press.net\/cote\/sites\/43\/2022\/09\/postQueueImg_46.jpg\" \/>\n\t<meta property=\"og:image:width\" content=\"720\" \/>\n\t<meta property=\"og:image:height\" content=\"480\" \/>\n\t<meta property=\"og:image:type\" content=\"image\/jpeg\" \/>\n<meta name=\"author\" content=\"cfeditorfr\" \/>\n<meta name=\"twitter:card\" content=\"summary_large_image\" \/>\n<meta name=\"twitter:label1\" content=\"\u00c9crit par\" \/>\n\t<meta name=\"twitter:data1\" content=\"cfeditorfr\" \/>\n\t<meta name=\"twitter:label2\" content=\"Dur\u00e9e de lecture estim\u00e9e\" \/>\n\t<meta name=\"twitter:data2\" content=\"4 minutes\" \/>\n<script type=\"application\/ld+json\" class=\"yoast-schema-graph\">{\"@context\":\"https:\/\/schema.org\",\"@graph\":[{\"@type\":\"Article\",\"@id\":\"https:\/\/www.africa-press.net\/cotedivoire\/politique\/en-campagne-en-france-adama-bictogo-appelle-les-ivoiriens-de-la-diaspora-a-se-rassembler-autour-de-leur-pays#article\",\"isPartOf\":{\"@id\":\"https:\/\/www.africa-press.net\/cotedivoire\/politique\/en-campagne-en-france-adama-bictogo-appelle-les-ivoiriens-de-la-diaspora-a-se-rassembler-autour-de-leur-pays\"},\"author\":{\"name\":\"cfeditorfr\",\"@id\":\"https:\/\/www.africa-press.net\/cotedivoire\/#\/schema\/person\/2b1cf3cd81a31e3cd26889ca66d677f1\"},\"headline\":\"En campagne en France, Adama Bictogo appelle les Ivoiriens de la Diaspora \u00e0 se \u00ab rassembler autour de leur pays \u00bb\",\"datePublished\":\"2022-09-26T07:10:55+00:00\",\"dateModified\":\"2022-09-26T07:51:24+00:00\",\"mainEntityOfPage\":{\"@id\":\"https:\/\/www.africa-press.net\/cotedivoire\/politique\/en-campagne-en-france-adama-bictogo-appelle-les-ivoiriens-de-la-diaspora-a-se-rassembler-autour-de-leur-pays\"},\"wordCount\":893,\"commentCount\":0,\"image\":{\"@id\":\"https:\/\/www.africa-press.net\/cotedivoire\/politique\/en-campagne-en-france-adama-bictogo-appelle-les-ivoiriens-de-la-diaspora-a-se-rassembler-autour-de-leur-pays#primaryimage\"},\"thumbnailUrl\":\"https:\/\/static.africa-press.net\/cote\/sites\/43\/2022\/09\/postQueueImg_46.jpg\",\"keywords\":[\"Adama Bictogo\",\"Africa Press\",\"Africa Press-C\u00f4te d'Ivoire\",\"C\u00d4TE D'IVOIRE\",\"France\",\"Maurice Bandaman France\"],\"articleSection\":[\"homepage-french\",\"Photo\",\"Politique\",\"Toutes les actualit\u00e9s\"],\"inLanguage\":\"fr-FR\",\"potentialAction\":[{\"@type\":\"CommentAction\",\"name\":\"Comment\",\"target\":[\"https:\/\/www.africa-press.net\/cotedivoire\/politique\/en-campagne-en-france-adama-bictogo-appelle-les-ivoiriens-de-la-diaspora-a-se-rassembler-autour-de-leur-pays#respond\"]}]},{\"@type\":\"WebPage\",\"@id\":\"https:\/\/www.africa-press.net\/cotedivoire\/politique\/en-campagne-en-france-adama-bictogo-appelle-les-ivoiriens-de-la-diaspora-a-se-rassembler-autour-de-leur-pays\",\"url\":\"https:\/\/www.africa-press.net\/cotedivoire\/politique\/en-campagne-en-france-adama-bictogo-appelle-les-ivoiriens-de-la-diaspora-a-se-rassembler-autour-de-leur-pays\",\"name\":\"En campagne en France, Adama Bictogo appelle les Ivoiriens de la Diaspora \u00e0 se \u00ab rassembler autour de leur pays \u00bb - C\u00f4te d&#039;Ivoire\",\"isPartOf\":{\"@id\":\"https:\/\/www.africa-press.net\/cotedivoire\/#website\"},\"primaryImageOfPage\":{\"@id\":\"https:\/\/www.africa-press.net\/cotedivoire\/politique\/en-campagne-en-france-adama-bictogo-appelle-les-ivoiriens-de-la-diaspora-a-se-rassembler-autour-de-leur-pays#primaryimage\"},\"image\":{\"@id\":\"https:\/\/www.africa-press.net\/cotedivoire\/politique\/en-campagne-en-france-adama-bictogo-appelle-les-ivoiriens-de-la-diaspora-a-se-rassembler-autour-de-leur-pays#primaryimage\"},\"thumbnailUrl\":\"https:\/\/static.africa-press.net\/cote\/sites\/43\/2022\/09\/postQueueImg_46.jpg\",\"datePublished\":\"2022-09-26T07:10:55+00:00\",\"dateModified\":\"2022-09-26T07:51:24+00:00\",\"author\":{\"@id\":\"https:\/\/www.africa-press.net\/cotedivoire\/#\/schema\/person\/2b1cf3cd81a31e3cd26889ca66d677f1\"},\"description\":\"Accompagn\u00e9 d'une forte d\u00e9l\u00e9gation de d\u00e9put\u00e9s issus de tous les bords politiques, Adama Bictogo, Pr\u00e9sident de l\u2019Assembl\u00e9e ...\",\"breadcrumb\":{\"@id\":\"https:\/\/www.africa-press.net\/cotedivoire\/politique\/en-campagne-en-france-adama-bictogo-appelle-les-ivoiriens-de-la-diaspora-a-se-rassembler-autour-de-leur-pays#breadcrumb\"},\"inLanguage\":\"fr-FR\",\"potentialAction\":[{\"@type\":\"ReadAction\",\"target\":[\"https:\/\/www.africa-press.net\/cotedivoire\/politique\/en-campagne-en-france-adama-bictogo-appelle-les-ivoiriens-de-la-diaspora-a-se-rassembler-autour-de-leur-pays\"]}]},{\"@type\":\"ImageObject\",\"inLanguage\":\"fr-FR\",\"@id\":\"https:\/\/www.africa-press.net\/cotedivoire\/politique\/en-campagne-en-france-adama-bictogo-appelle-les-ivoiriens-de-la-diaspora-a-se-rassembler-autour-de-leur-pays#primaryimage\",\"url\":\"https:\/\/static.africa-press.net\/cote\/sites\/43\/2022\/09\/postQueueImg_46.jpg\",\"contentUrl\":\"https:\/\/static.africa-press.net\/cote\/sites\/43\/2022\/09\/postQueueImg_46.jpg\",\"width\":720,\"height\":480,\"caption\":\"En campagne en France, Adama Bictogo appelle les Ivoiriens de la Diaspora \u00e0 se \u00ab rassembler autour de leur pays \u00bb\"},{\"@type\":\"BreadcrumbList\",\"@id\":\"https:\/\/www.africa-press.net\/cotedivoire\/politique\/en-campagne-en-france-adama-bictogo-appelle-les-ivoiriens-de-la-diaspora-a-se-rassembler-autour-de-leur-pays#breadcrumb\",\"itemListElement\":[{\"@type\":\"ListItem\",\"position\":1,\"name\":\"Accueil\",\"item\":\"https:\/\/www.africa-press.net\/cotedivoire\/\"},{\"@type\":\"ListItem\",\"position\":2,\"name\":\"En campagne en France, Adama Bictogo appelle les Ivoiriens de la Diaspora \u00e0 se \u00ab rassembler autour de leur pays \u00bb\"}]},{\"@type\":\"WebSite\",\"@id\":\"https:\/\/www.africa-press.net\/cotedivoire\/#website\",\"url\":\"https:\/\/www.africa-press.net\/cotedivoire\/\",\"name\":\"C\u00f4te d&#039;Ivoire\",\"description\":\"Just another Africa News Agency Sites site\",\"potentialAction\":[{\"@type\":\"SearchAction\",\"target\":{\"@type\":\"EntryPoint\",\"urlTemplate\":\"https:\/\/www.africa-press.net\/cotedivoire\/?s={search_term_string}\"},\"query-input\":{\"@type\":\"PropertyValueSpecification\",\"valueRequired\":true,\"valueName\":\"search_term_string\"}}],\"inLanguage\":\"fr-FR\"},{\"@type\":\"Person\",\"@id\":\"https:\/\/www.africa-press.net\/cotedivoire\/#\/schema\/person\/2b1cf3cd81a31e3cd26889ca66d677f1\",\"name\":\"cfeditorfr\"}]}<\/script>\n<!-- \/ Yoast SEO Premium plugin. -->","yoast_head_json":{"title":"En campagne en France, Adama Bictogo appelle les Ivoiriens de la Diaspora \u00e0 se \u00ab rassembler autour de leur pays \u00bb - C\u00f4te d&#039;Ivoire","description":"Accompagn\u00e9 d'une forte d\u00e9l\u00e9gation de d\u00e9put\u00e9s issus de tous les bords politiques, Adama Bictogo, Pr\u00e9sident de l\u2019Assembl\u00e9e ...","robots":{"index":"index","follow":"follow","max-snippet":"max-snippet:-1","max-image-preview":"max-image-preview:large","max-video-preview":"max-video-preview:-1"},"canonical":"https:\/\/www.africa-press.net\/cotedivoire\/politique\/en-campagne-en-france-adama-bictogo-appelle-les-ivoiriens-de-la-diaspora-a-se-rassembler-autour-de-leur-pays","og_locale":"fr_FR","og_type":"article","og_title":"En campagne en France, Adama Bictogo appelle les Ivoiriens de la Diaspora \u00e0 se \u00ab rassembler autour de leur pays \u00bb","og_description":"Accompagn\u00e9 d'une forte d\u00e9l\u00e9gation de d\u00e9put\u00e9s issus de tous les bords politiques, Adama Bictogo, Pr\u00e9sident de l\u2019Assembl\u00e9e ...","og_url":"https:\/\/www.africa-press.net\/cotedivoire\/politique\/en-campagne-en-france-adama-bictogo-appelle-les-ivoiriens-de-la-diaspora-a-se-rassembler-autour-de-leur-pays","og_site_name":"C\u00f4te d&#039;Ivoire","article_published_time":"2022-09-26T07:10:55+00:00","article_modified_time":"2022-09-26T07:51:24+00:00","og_image":[{"width":720,"height":480,"url":"https:\/\/static.africa-press.net\/cote\/sites\/43\/2022\/09\/postQueueImg_46.jpg","type":"image\/jpeg"}],"author":"cfeditorfr","twitter_card":"summary_large_image","twitter_misc":{"\u00c9crit par":"cfeditorfr","Dur\u00e9e de lecture estim\u00e9e":"4 minutes"},"schema":{"@context":"https:\/\/schema.org","@graph":[{"@type":"Article","@id":"https:\/\/www.africa-press.net\/cotedivoire\/politique\/en-campagne-en-france-adama-bictogo-appelle-les-ivoiriens-de-la-diaspora-a-se-rassembler-autour-de-leur-pays#article","isPartOf":{"@id":"https:\/\/www.africa-press.net\/cotedivoire\/politique\/en-campagne-en-france-adama-bictogo-appelle-les-ivoiriens-de-la-diaspora-a-se-rassembler-autour-de-leur-pays"},"author":{"name":"cfeditorfr","@id":"https:\/\/www.africa-press.net\/cotedivoire\/#\/schema\/person\/2b1cf3cd81a31e3cd26889ca66d677f1"},"headline":"En campagne en France, Adama Bictogo appelle les Ivoiriens de la Diaspora \u00e0 se \u00ab rassembler autour de leur pays \u00bb","datePublished":"2022-09-26T07:10:55+00:00","dateModified":"2022-09-26T07:51:24+00:00","mainEntityOfPage":{"@id":"https:\/\/www.africa-press.net\/cotedivoire\/politique\/en-campagne-en-france-adama-bictogo-appelle-les-ivoiriens-de-la-diaspora-a-se-rassembler-autour-de-leur-pays"},"wordCount":893,"commentCount":0,"image":{"@id":"https:\/\/www.africa-press.net\/cotedivoire\/politique\/en-campagne-en-france-adama-bictogo-appelle-les-ivoiriens-de-la-diaspora-a-se-rassembler-autour-de-leur-pays#primaryimage"},"thumbnailUrl":"https:\/\/static.africa-press.net\/cote\/sites\/43\/2022\/09\/postQueueImg_46.jpg","keywords":["Adama Bictogo","Africa Press","Africa Press-C\u00f4te d'Ivoire","C\u00d4TE D'IVOIRE","France","Maurice Bandaman France"],"articleSection":["homepage-french","Photo","Politique","Toutes les actualit\u00e9s"],"inLanguage":"fr-FR","potentialAction":[{"@type":"CommentAction","name":"Comment","target":["https:\/\/www.africa-press.net\/cotedivoire\/politique\/en-campagne-en-france-adama-bictogo-appelle-les-ivoiriens-de-la-diaspora-a-se-rassembler-autour-de-leur-pays#respond"]}]},{"@type":"WebPage","@id":"https:\/\/www.africa-press.net\/cotedivoire\/politique\/en-campagne-en-france-adama-bictogo-appelle-les-ivoiriens-de-la-diaspora-a-se-rassembler-autour-de-leur-pays","url":"https:\/\/www.africa-press.net\/cotedivoire\/politique\/en-campagne-en-france-adama-bictogo-appelle-les-ivoiriens-de-la-diaspora-a-se-rassembler-autour-de-leur-pays","name":"En campagne en France, Adama Bictogo appelle les Ivoiriens de la Diaspora \u00e0 se \u00ab rassembler autour de leur pays \u00bb - C\u00f4te d&#039;Ivoire","isPartOf":{"@id":"https:\/\/www.africa-press.net\/cotedivoire\/#website"},"primaryImageOfPage":{"@id":"https:\/\/www.africa-press.net\/cotedivoire\/politique\/en-campagne-en-france-adama-bictogo-appelle-les-ivoiriens-de-la-diaspora-a-se-rassembler-autour-de-leur-pays#primaryimage"},"image":{"@id":"https:\/\/www.africa-press.net\/cotedivoire\/politique\/en-campagne-en-france-adama-bictogo-appelle-les-ivoiriens-de-la-diaspora-a-se-rassembler-autour-de-leur-pays#primaryimage"},"thumbnailUrl":"https:\/\/static.africa-press.net\/cote\/sites\/43\/2022\/09\/postQueueImg_46.jpg","datePublished":"2022-09-26T07:10:55+00:00","dateModified":"2022-09-26T07:51:24+00:00","author":{"@id":"https:\/\/www.africa-press.net\/cotedivoire\/#\/schema\/person\/2b1cf3cd81a31e3cd26889ca66d677f1"},"description":"Accompagn\u00e9 d'une forte d\u00e9l\u00e9gation de d\u00e9put\u00e9s issus de tous les bords politiques, Adama Bictogo, Pr\u00e9sident de l\u2019Assembl\u00e9e ...","breadcrumb":{"@id":"https:\/\/www.africa-press.net\/cotedivoire\/politique\/en-campagne-en-france-adama-bictogo-appelle-les-ivoiriens-de-la-diaspora-a-se-rassembler-autour-de-leur-pays#breadcrumb"},"inLanguage":"fr-FR","potentialAction":[{"@type":"ReadAction","target":["https:\/\/www.africa-press.net\/cotedivoire\/politique\/en-campagne-en-france-adama-bictogo-appelle-les-ivoiriens-de-la-diaspora-a-se-rassembler-autour-de-leur-pays"]}]},{"@type":"ImageObject","inLanguage":"fr-FR","@id":"https:\/\/www.africa-press.net\/cotedivoire\/politique\/en-campagne-en-france-adama-bictogo-appelle-les-ivoiriens-de-la-diaspora-a-se-rassembler-autour-de-leur-pays#primaryimage","url":"https:\/\/static.africa-press.net\/cote\/sites\/43\/2022\/09\/postQueueImg_46.jpg","contentUrl":"https:\/\/static.africa-press.net\/cote\/sites\/43\/2022\/09\/postQueueImg_46.jpg","width":720,"height":480,"caption":"En campagne en France, Adama Bictogo appelle les Ivoiriens de la Diaspora \u00e0 se \u00ab rassembler autour de leur pays \u00bb"},{"@type":"BreadcrumbList","@id":"https:\/\/www.africa-press.net\/cotedivoire\/politique\/en-campagne-en-france-adama-bictogo-appelle-les-ivoiriens-de-la-diaspora-a-se-rassembler-autour-de-leur-pays#breadcrumb","itemListElement":[{"@type":"ListItem","position":1,"name":"Accueil","item":"https:\/\/www.africa-press.net\/cotedivoire\/"},{"@type":"ListItem","position":2,"name":"En campagne en France, Adama Bictogo appelle les Ivoiriens de la Diaspora \u00e0 se \u00ab rassembler autour de leur pays \u00bb"}]},{"@type":"WebSite","@id":"https:\/\/www.africa-press.net\/cotedivoire\/#website","url":"https:\/\/www.africa-press.net\/cotedivoire\/","name":"C\u00f4te d&#039;Ivoire","description":"Just another Africa News Agency Sites site","potentialAction":[{"@type":"SearchAction","target":{"@type":"EntryPoint","urlTemplate":"https:\/\/www.africa-press.net\/cotedivoire\/?s={search_term_string}"},"query-input":{"@type":"PropertyValueSpecification","valueRequired":true,"valueName":"search_term_string"}}],"inLanguage":"fr-FR"},{"@type":"Person","@id":"https:\/\/www.africa-press.net\/cotedivoire\/#\/schema\/person\/2b1cf3cd81a31e3cd26889ca66d677f1","name":"cfeditorfr"}]}},"_links":{"self":[{"href":"https:\/\/www.africa-press.net\/cotedivoire\/wp-json\/wp\/v2\/posts\/45405","targetHints":{"allow":["GET"]}}],"collection":[{"href":"https:\/\/www.africa-press.net\/cotedivoire\/wp-json\/wp\/v2\/posts"}],"about":[{"href":"https:\/\/www.africa-press.net\/cotedivoire\/wp-json\/wp\/v2\/types\/post"}],"author":[{"embeddable":true,"href":"https:\/\/www.africa-press.net\/cotedivoire\/wp-json\/wp\/v2\/users\/82"}],"replies":[{"embeddable":true,"href":"https:\/\/www.africa-press.net\/cotedivoire\/wp-json\/wp\/v2\/comments?post=45405"}],"version-history":[{"count":0,"href":"https:\/\/www.africa-press.net\/cotedivoire\/wp-json\/wp\/v2\/posts\/45405\/revisions"}],"wp:featuredmedia":[{"embeddable":true,"href":"https:\/\/www.africa-press.net\/cotedivoire\/wp-json\/wp\/v2\/media\/45404"}],"wp:attachment":[{"href":"https:\/\/www.africa-press.net\/cotedivoire\/wp-json\/wp\/v2\/media?parent=45405"}],"wp:term":[{"taxonomy":"category","embeddable":true,"href":"https:\/\/www.africa-press.net\/cotedivoire\/wp-json\/wp\/v2\/categories?post=45405"},{"taxonomy":"post_tag","embeddable":true,"href":"https:\/\/www.africa-press.net\/cotedivoire\/wp-json\/wp\/v2\/tags?post=45405"}],"curies":[{"name":"wp","href":"https:\/\/api.w.org\/{rel}","templated":true}]}}