{"id":45445,"date":"2022-09-27T12:12:53","date_gmt":"2022-09-27T12:12:53","guid":{"rendered":"https:\/\/www.africa-press.net\/cotedivoire\/politique\/enseignement-technique-et-professionnel-une-voie-davenir-pour-une-insertion-au-monde-du-travail-reussie"},"modified":"2022-09-27T12:27:01","modified_gmt":"2022-09-27T12:27:01","slug":"enseignement-technique-et-professionnel-une-voie-davenir-pour-une-insertion-au-monde-du-travail-reussie","status":"publish","type":"post","link":"https:\/\/www.africa-press.net\/cotedivoire\/culture-et-art\/enseignement-technique-et-professionnel-une-voie-davenir-pour-une-insertion-au-monde-du-travail-reussie","title":{"rendered":"Enseignement technique et professionnel: Une voie d\u2019avenir pour une insertion au monde du travail r\u00e9ussie"},"content":{"rendered":"<p><span style=\"color: #ff6600\"><strong>Africa-Press &#8211; C\u00f4te d&rsquo;Ivoire. <\/strong><\/span>Le gouvernement se donne les moyens de faire de l\u2019enseignement technique et de la formation professionnelle une vraie alternative \u00e0 l\u2019enseignement g\u00e9n\u00e9ral. Et depuis un vent de dynamisme souffle sur l\u2019ensemble du dispositif. D\u2019importants travaux de r\u00e9habilitation, d\u2019\u00e9quipement et de construction ont \u00e9t\u00e9 entrepris pour accro\u00eetre l\u2019offre de formations.<\/p>\n<p>Faire de l\u2019enseignement technique et de la formation professionnelle, une voie d\u2019avenir pour une insertion professionnelle r\u00e9ussie et durable. L\u2019ambition du gouvernement est clairement affich\u00e9e. L\u2019objectif poursuivi est de passer progressivement de 5% des effectifs actuellement, \u00e0 pr\u00e8s de 20% en 2025.<\/p>\n<p>La nouvelle image que l\u2019on veut donner \u00e0 l\u2019enseignement technique et attirer davantage d\u2019apprenants passe n\u00e9cessairement par la mise \u00e0 niveau du dispositif qui compte, pour le public, 81 structures de formation (03 \u00e9tablissements d\u2019enseignement technique, 65 \u00e9tablissements de formation professionnelle, 03 ateliers d\u2019application (AAP) et 10 unit\u00e9s mobile de formation.<\/p>\n<p>Les structures publiques, pour l\u2019ann\u00e9e scolaire 2021-2022 ont accueilli 34 816 \u00e9l\u00e8ves encadr\u00e9s par 2 532 enseignants. Tandis que 79 350 apprenants \u00e9taient inscrits dans les 505 \u00e9tablissements du priv\u00e9.<\/p>\n<p>Le gouvernement a fait d\u2019importants travaux dans plusieurs \u00e9tablissements. A Bouak\u00e9, au Coll\u00e8ge d\u2019enseignement technique (CET), les locaux occup\u00e9s anciennement par le CBCG ont \u00e9t\u00e9 r\u00e9habilit\u00e9s \u00e0 hauteur de 108 500 000 FCFA.<\/p>\n<p>Au lyc\u00e9e professionnel de Jacqueville, l\u2019internat a \u00e9t\u00e9 r\u00e9habilit\u00e9 et \u00e9quip\u00e9. L\u2019internat du lyc\u00e9e professionnel de Man a \u00e9galement fait peau neuve.<\/p>\n<p>En plus de la r\u00e9habilitation et de l\u2019\u00e9quipement des centres existants, de nouvelles structures sortiront de terre bient\u00f4t pour renforcer le dispositif.<\/p>\n<p>En effet, le Premier Ministre, Patrick Achi, a proc\u00e9d\u00e9, le lundi 24 janvier 2022 \u00e0 Ebimp\u00e9, dans la commune d\u2019Anyama, au lancement des travaux de construction de sept \u00e9tablissements de formation professionnelle, r\u00e9partis sur l\u2019ensemble du territoire national d\u2019Anyama, Yamoussoukro, Kong, Gb\u00e9l\u00e9ban (Odienn\u00e9), Diabo (Bouak\u00e9), Dabakala et Korhogo. Ils disposeront tous d\u2019un internat. Ce sont, au total, 14 fili\u00e8res qui seront enseign\u00e9es dans ces \u00e9tablissements. Les \u00e9l\u00e8ves apprenants seront form\u00e9s, entre autres, en m\u00e9canique g\u00e9n\u00e9rale, \u00e9lectricit\u00e9 et \u00e9lectronique, chaudronnerie et soudure, froid et climatisation, conducteurs d\u2019engins de travaux publics, etc.<\/p>\n<p>Ces \u00e9tablissements dont la construction se fera en parfaite coh\u00e9rence avec le secteur priv\u00e9 permettront de former les techniciens et les ing\u00e9nieurs dont le pays a besoin pour acc\u00e9l\u00e9rer la marche de son industrie, de ses entreprises et celle de son march\u00e9 de l\u2019emploi.<\/p>\n<p>Le Lyc\u00e9e professionnel de Yamoussoukro sera b\u00e2ti sur une superficie de 20 ha pour une capacit\u00e9 de pr\u00e8s d\u2019un millier d\u2019apprenants en \u00e9lectricit\u00e9 et \u00e9lectronique, en maintenance v\u00e9hicules et engins et en froid-climatisation.<\/p>\n<p>Le Centre de formation technique (CFT) de Gb\u00e9l\u00e9ban, aura une capacit\u00e9 d\u2019accueil de 300 apprenants dans les fili\u00e8res agriculture, \u00e9levage, m\u00e9canique agricole et m\u00e9canique moto. Le Lyc\u00e9e professionnel de Kong, quant \u00e0 lui, aura une capacit\u00e9 d\u2019accueil de 500 \u00e9l\u00e8ves et formera aux m\u00e9tiers de l\u2019agro-Alimentaire, de m\u00e9canique agricole et de froid-climatisation. Sa superficie est de 28,5 Ha.<\/p>\n<p>Ces projets sont financ\u00e9s \u00e0 environ 22 milliards de FCFA par l\u2019Etat ivoirien et Exim Bank of China (124,6 milliards de FCFA), soit pr\u00e8s de 146,5 milliards de FCFA.<\/p>\n<p>La construction du futur lyc\u00e9e agricole international de Botro (r\u00e9gion de Gb\u00eak\u00ea) reste aussi un projet majeur. Le co\u00fbt des travaux de r\u00e9alisation est estim\u00e9 \u00e0 10 milliards de FCFA qui seront financ\u00e9s par l\u2019AFD dans le cadre du Contrat de d\u00e9sendettement et de d\u00e9veloppement (C2D).<\/p>\n<p>Ces diff\u00e9rents chantiers illustrent parfaitement la volont\u00e9 du gouvernement de faire de l\u2019enseignement technique et de la formation professionnelle une vraie alternative \u00e0 l\u2019enseignement g\u00e9n\u00e9ral.<\/p>\n<p><strong>Pour plus d&rsquo;informations et d&rsquo;analyses sur la <a href=\"https:\/\/www.africa-press.net\/cotedivoire\">C\u00f4te d&rsquo;Ivoire<\/a>, suivez <a href=\"https:\/\/www.africa-press.net\/\">Africa-Press<\/a><\/strong><\/p>\n","protected":false},"excerpt":{"rendered":"<p>Africa-Press &#8211; C\u00f4te d&rsquo;Ivoire. Le gouvernement se donne les moyens de faire de l\u2019enseignement technique et de la formation professionnelle une vraie alternative \u00e0 l\u2019enseignement g\u00e9n\u00e9ral. Et depuis un vent de dynamisme souffle sur l\u2019ensemble du dispositif. D\u2019importants travaux de r\u00e9habilitation, d\u2019\u00e9quipement et de construction ont \u00e9t\u00e9 entrepris pour accro\u00eetre l\u2019offre de formations. Faire de [&hellip;]<\/p>\n","protected":false},"author":82,"featured_media":45444,"comment_status":"open","ping_status":"closed","sticky":false,"template":"","format":"standard","meta":{"footnotes":""},"categories":[5,11,10],"tags":[56,63,29],"class_list":["post-45445","post","type-post","status-publish","format-standard","has-post-thumbnail","hentry","category-culture-et-art","category-homepage-french","category-toutes-les-actualites","tag-africa-press","tag-africa-press-cote-divoire","tag-cote-divoire"],"yoast_head":"<!-- This site is optimized with the Yoast SEO Premium plugin v26.1 (Yoast SEO v27.0) - https:\/\/yoast.com\/product\/yoast-seo-premium-wordpress\/ -->\n<title>Enseignement technique et professionnel: Une voie d\u2019avenir pour une insertion au monde du travail r\u00e9ussie - C\u00f4te d&#039;Ivoire<\/title>\n<meta name=\"description\" content=\"Le gouvernement se donne les moyens de faire de l\u2019enseignement technique et de la formation professionnelle une vraie al ...\" \/>\n<meta name=\"robots\" content=\"index, follow, max-snippet:-1, max-image-preview:large, max-video-preview:-1\" \/>\n<link rel=\"canonical\" href=\"https:\/\/www.africa-press.net\/cotedivoire\/culture-et-art\/enseignement-technique-et-professionnel-une-voie-davenir-pour-une-insertion-au-monde-du-travail-reussie\" \/>\n<meta property=\"og:locale\" content=\"fr_FR\" \/>\n<meta property=\"og:type\" content=\"article\" \/>\n<meta property=\"og:title\" content=\"Enseignement technique et professionnel: Une voie d\u2019avenir pour une insertion au monde du travail r\u00e9ussie\" \/>\n<meta property=\"og:description\" content=\"Le gouvernement se donne les moyens de faire de l\u2019enseignement technique et de la formation professionnelle une vraie al ...\" \/>\n<meta property=\"og:url\" content=\"https:\/\/www.africa-press.net\/cotedivoire\/culture-et-art\/enseignement-technique-et-professionnel-une-voie-davenir-pour-une-insertion-au-monde-du-travail-reussie\" \/>\n<meta property=\"og:site_name\" content=\"C\u00f4te d&#039;Ivoire\" \/>\n<meta property=\"article:published_time\" content=\"2022-09-27T12:12:53+00:00\" \/>\n<meta property=\"article:modified_time\" content=\"2022-09-27T12:27:01+00:00\" \/>\n<meta property=\"og:image\" content=\"https:\/\/static.africa-press.net\/cote\/sites\/43\/2022\/09\/postQueueImg_1-6332ebad7dfb0.jpg\" \/>\n\t<meta property=\"og:image:width\" content=\"1732\" \/>\n\t<meta property=\"og:image:height\" content=\"1163\" \/>\n\t<meta property=\"og:image:type\" content=\"image\/jpeg\" \/>\n<meta name=\"author\" content=\"cfeditorfr\" \/>\n<meta name=\"twitter:card\" content=\"summary_large_image\" \/>\n<meta name=\"twitter:label1\" content=\"\u00c9crit par\" \/>\n\t<meta name=\"twitter:data1\" content=\"cfeditorfr\" \/>\n\t<meta name=\"twitter:label2\" content=\"Dur\u00e9e de lecture estim\u00e9e\" \/>\n\t<meta name=\"twitter:data2\" content=\"4 minutes\" \/>\n<script type=\"application\/ld+json\" class=\"yoast-schema-graph\">{\"@context\":\"https:\/\/schema.org\",\"@graph\":[{\"@type\":\"Article\",\"@id\":\"https:\/\/www.africa-press.net\/cotedivoire\/culture-et-art\/enseignement-technique-et-professionnel-une-voie-davenir-pour-une-insertion-au-monde-du-travail-reussie#article\",\"isPartOf\":{\"@id\":\"https:\/\/www.africa-press.net\/cotedivoire\/culture-et-art\/enseignement-technique-et-professionnel-une-voie-davenir-pour-une-insertion-au-monde-du-travail-reussie\"},\"author\":{\"name\":\"cfeditorfr\",\"@id\":\"https:\/\/www.africa-press.net\/cotedivoire\/#\/schema\/person\/2b1cf3cd81a31e3cd26889ca66d677f1\"},\"headline\":\"Enseignement technique et professionnel: Une voie d\u2019avenir pour une insertion au monde du travail r\u00e9ussie\",\"datePublished\":\"2022-09-27T12:12:53+00:00\",\"dateModified\":\"2022-09-27T12:27:01+00:00\",\"mainEntityOfPage\":{\"@id\":\"https:\/\/www.africa-press.net\/cotedivoire\/culture-et-art\/enseignement-technique-et-professionnel-une-voie-davenir-pour-une-insertion-au-monde-du-travail-reussie\"},\"wordCount\":672,\"commentCount\":0,\"image\":{\"@id\":\"https:\/\/www.africa-press.net\/cotedivoire\/culture-et-art\/enseignement-technique-et-professionnel-une-voie-davenir-pour-une-insertion-au-monde-du-travail-reussie#primaryimage\"},\"thumbnailUrl\":\"https:\/\/static.africa-press.net\/cote\/sites\/43\/2022\/09\/postQueueImg_1-6332ebad7dfb0.jpg\",\"keywords\":[\"Africa Press\",\"Africa Press-C\u00f4te d'Ivoire\",\"C\u00d4TE D'IVOIRE\"],\"articleSection\":[\"Culture et Art\",\"homepage-french\",\"Toutes les actualit\u00e9s\"],\"inLanguage\":\"fr-FR\",\"potentialAction\":[{\"@type\":\"CommentAction\",\"name\":\"Comment\",\"target\":[\"https:\/\/www.africa-press.net\/cotedivoire\/culture-et-art\/enseignement-technique-et-professionnel-une-voie-davenir-pour-une-insertion-au-monde-du-travail-reussie#respond\"]}]},{\"@type\":\"WebPage\",\"@id\":\"https:\/\/www.africa-press.net\/cotedivoire\/culture-et-art\/enseignement-technique-et-professionnel-une-voie-davenir-pour-une-insertion-au-monde-du-travail-reussie\",\"url\":\"https:\/\/www.africa-press.net\/cotedivoire\/culture-et-art\/enseignement-technique-et-professionnel-une-voie-davenir-pour-une-insertion-au-monde-du-travail-reussie\",\"name\":\"Enseignement technique et professionnel: Une voie d\u2019avenir pour une insertion au monde du travail r\u00e9ussie - C\u00f4te d&#039;Ivoire\",\"isPartOf\":{\"@id\":\"https:\/\/www.africa-press.net\/cotedivoire\/#website\"},\"primaryImageOfPage\":{\"@id\":\"https:\/\/www.africa-press.net\/cotedivoire\/culture-et-art\/enseignement-technique-et-professionnel-une-voie-davenir-pour-une-insertion-au-monde-du-travail-reussie#primaryimage\"},\"image\":{\"@id\":\"https:\/\/www.africa-press.net\/cotedivoire\/culture-et-art\/enseignement-technique-et-professionnel-une-voie-davenir-pour-une-insertion-au-monde-du-travail-reussie#primaryimage\"},\"thumbnailUrl\":\"https:\/\/static.africa-press.net\/cote\/sites\/43\/2022\/09\/postQueueImg_1-6332ebad7dfb0.jpg\",\"datePublished\":\"2022-09-27T12:12:53+00:00\",\"dateModified\":\"2022-09-27T12:27:01+00:00\",\"author\":{\"@id\":\"https:\/\/www.africa-press.net\/cotedivoire\/#\/schema\/person\/2b1cf3cd81a31e3cd26889ca66d677f1\"},\"description\":\"Le gouvernement se donne les moyens de faire de l\u2019enseignement technique et de la formation professionnelle une vraie al ...\",\"breadcrumb\":{\"@id\":\"https:\/\/www.africa-press.net\/cotedivoire\/culture-et-art\/enseignement-technique-et-professionnel-une-voie-davenir-pour-une-insertion-au-monde-du-travail-reussie#breadcrumb\"},\"inLanguage\":\"fr-FR\",\"potentialAction\":[{\"@type\":\"ReadAction\",\"target\":[\"https:\/\/www.africa-press.net\/cotedivoire\/culture-et-art\/enseignement-technique-et-professionnel-une-voie-davenir-pour-une-insertion-au-monde-du-travail-reussie\"]}]},{\"@type\":\"ImageObject\",\"inLanguage\":\"fr-FR\",\"@id\":\"https:\/\/www.africa-press.net\/cotedivoire\/culture-et-art\/enseignement-technique-et-professionnel-une-voie-davenir-pour-une-insertion-au-monde-du-travail-reussie#primaryimage\",\"url\":\"https:\/\/static.africa-press.net\/cote\/sites\/43\/2022\/09\/postQueueImg_1-6332ebad7dfb0.jpg\",\"contentUrl\":\"https:\/\/static.africa-press.net\/cote\/sites\/43\/2022\/09\/postQueueImg_1-6332ebad7dfb0.jpg\",\"width\":1732,\"height\":1163,\"caption\":\"Enseignement technique et professionnel: Une voie d\u2019avenir pour une insertion au monde du travail r\u00e9ussie\"},{\"@type\":\"BreadcrumbList\",\"@id\":\"https:\/\/www.africa-press.net\/cotedivoire\/culture-et-art\/enseignement-technique-et-professionnel-une-voie-davenir-pour-une-insertion-au-monde-du-travail-reussie#breadcrumb\",\"itemListElement\":[{\"@type\":\"ListItem\",\"position\":1,\"name\":\"Accueil\",\"item\":\"https:\/\/www.africa-press.net\/cotedivoire\/\"},{\"@type\":\"ListItem\",\"position\":2,\"name\":\"Enseignement technique et professionnel: Une voie d\u2019avenir pour une insertion au monde du travail r\u00e9ussie\"}]},{\"@type\":\"WebSite\",\"@id\":\"https:\/\/www.africa-press.net\/cotedivoire\/#website\",\"url\":\"https:\/\/www.africa-press.net\/cotedivoire\/\",\"name\":\"C\u00f4te d&#039;Ivoire\",\"description\":\"Just another Africa News Agency Sites site\",\"potentialAction\":[{\"@type\":\"SearchAction\",\"target\":{\"@type\":\"EntryPoint\",\"urlTemplate\":\"https:\/\/www.africa-press.net\/cotedivoire\/?s={search_term_string}\"},\"query-input\":{\"@type\":\"PropertyValueSpecification\",\"valueRequired\":true,\"valueName\":\"search_term_string\"}}],\"inLanguage\":\"fr-FR\"},{\"@type\":\"Person\",\"@id\":\"https:\/\/www.africa-press.net\/cotedivoire\/#\/schema\/person\/2b1cf3cd81a31e3cd26889ca66d677f1\",\"name\":\"cfeditorfr\"}]}<\/script>\n<!-- \/ Yoast SEO Premium plugin. -->","yoast_head_json":{"title":"Enseignement technique et professionnel: Une voie d\u2019avenir pour une insertion au monde du travail r\u00e9ussie - C\u00f4te d&#039;Ivoire","description":"Le gouvernement se donne les moyens de faire de l\u2019enseignement technique et de la formation professionnelle une vraie al ...","robots":{"index":"index","follow":"follow","max-snippet":"max-snippet:-1","max-image-preview":"max-image-preview:large","max-video-preview":"max-video-preview:-1"},"canonical":"https:\/\/www.africa-press.net\/cotedivoire\/culture-et-art\/enseignement-technique-et-professionnel-une-voie-davenir-pour-une-insertion-au-monde-du-travail-reussie","og_locale":"fr_FR","og_type":"article","og_title":"Enseignement technique et professionnel: Une voie d\u2019avenir pour une insertion au monde du travail r\u00e9ussie","og_description":"Le gouvernement se donne les moyens de faire de l\u2019enseignement technique et de la formation professionnelle une vraie al ...","og_url":"https:\/\/www.africa-press.net\/cotedivoire\/culture-et-art\/enseignement-technique-et-professionnel-une-voie-davenir-pour-une-insertion-au-monde-du-travail-reussie","og_site_name":"C\u00f4te d&#039;Ivoire","article_published_time":"2022-09-27T12:12:53+00:00","article_modified_time":"2022-09-27T12:27:01+00:00","og_image":[{"width":1732,"height":1163,"url":"https:\/\/static.africa-press.net\/cote\/sites\/43\/2022\/09\/postQueueImg_1-6332ebad7dfb0.jpg","type":"image\/jpeg"}],"author":"cfeditorfr","twitter_card":"summary_large_image","twitter_misc":{"\u00c9crit par":"cfeditorfr","Dur\u00e9e de lecture estim\u00e9e":"4 minutes"},"schema":{"@context":"https:\/\/schema.org","@graph":[{"@type":"Article","@id":"https:\/\/www.africa-press.net\/cotedivoire\/culture-et-art\/enseignement-technique-et-professionnel-une-voie-davenir-pour-une-insertion-au-monde-du-travail-reussie#article","isPartOf":{"@id":"https:\/\/www.africa-press.net\/cotedivoire\/culture-et-art\/enseignement-technique-et-professionnel-une-voie-davenir-pour-une-insertion-au-monde-du-travail-reussie"},"author":{"name":"cfeditorfr","@id":"https:\/\/www.africa-press.net\/cotedivoire\/#\/schema\/person\/2b1cf3cd81a31e3cd26889ca66d677f1"},"headline":"Enseignement technique et professionnel: Une voie d\u2019avenir pour une insertion au monde du travail r\u00e9ussie","datePublished":"2022-09-27T12:12:53+00:00","dateModified":"2022-09-27T12:27:01+00:00","mainEntityOfPage":{"@id":"https:\/\/www.africa-press.net\/cotedivoire\/culture-et-art\/enseignement-technique-et-professionnel-une-voie-davenir-pour-une-insertion-au-monde-du-travail-reussie"},"wordCount":672,"commentCount":0,"image":{"@id":"https:\/\/www.africa-press.net\/cotedivoire\/culture-et-art\/enseignement-technique-et-professionnel-une-voie-davenir-pour-une-insertion-au-monde-du-travail-reussie#primaryimage"},"thumbnailUrl":"https:\/\/static.africa-press.net\/cote\/sites\/43\/2022\/09\/postQueueImg_1-6332ebad7dfb0.jpg","keywords":["Africa Press","Africa Press-C\u00f4te d'Ivoire","C\u00d4TE D'IVOIRE"],"articleSection":["Culture et Art","homepage-french","Toutes les actualit\u00e9s"],"inLanguage":"fr-FR","potentialAction":[{"@type":"CommentAction","name":"Comment","target":["https:\/\/www.africa-press.net\/cotedivoire\/culture-et-art\/enseignement-technique-et-professionnel-une-voie-davenir-pour-une-insertion-au-monde-du-travail-reussie#respond"]}]},{"@type":"WebPage","@id":"https:\/\/www.africa-press.net\/cotedivoire\/culture-et-art\/enseignement-technique-et-professionnel-une-voie-davenir-pour-une-insertion-au-monde-du-travail-reussie","url":"https:\/\/www.africa-press.net\/cotedivoire\/culture-et-art\/enseignement-technique-et-professionnel-une-voie-davenir-pour-une-insertion-au-monde-du-travail-reussie","name":"Enseignement technique et professionnel: Une voie d\u2019avenir pour une insertion au monde du travail r\u00e9ussie - C\u00f4te d&#039;Ivoire","isPartOf":{"@id":"https:\/\/www.africa-press.net\/cotedivoire\/#website"},"primaryImageOfPage":{"@id":"https:\/\/www.africa-press.net\/cotedivoire\/culture-et-art\/enseignement-technique-et-professionnel-une-voie-davenir-pour-une-insertion-au-monde-du-travail-reussie#primaryimage"},"image":{"@id":"https:\/\/www.africa-press.net\/cotedivoire\/culture-et-art\/enseignement-technique-et-professionnel-une-voie-davenir-pour-une-insertion-au-monde-du-travail-reussie#primaryimage"},"thumbnailUrl":"https:\/\/static.africa-press.net\/cote\/sites\/43\/2022\/09\/postQueueImg_1-6332ebad7dfb0.jpg","datePublished":"2022-09-27T12:12:53+00:00","dateModified":"2022-09-27T12:27:01+00:00","author":{"@id":"https:\/\/www.africa-press.net\/cotedivoire\/#\/schema\/person\/2b1cf3cd81a31e3cd26889ca66d677f1"},"description":"Le gouvernement se donne les moyens de faire de l\u2019enseignement technique et de la formation professionnelle une vraie al ...","breadcrumb":{"@id":"https:\/\/www.africa-press.net\/cotedivoire\/culture-et-art\/enseignement-technique-et-professionnel-une-voie-davenir-pour-une-insertion-au-monde-du-travail-reussie#breadcrumb"},"inLanguage":"fr-FR","potentialAction":[{"@type":"ReadAction","target":["https:\/\/www.africa-press.net\/cotedivoire\/culture-et-art\/enseignement-technique-et-professionnel-une-voie-davenir-pour-une-insertion-au-monde-du-travail-reussie"]}]},{"@type":"ImageObject","inLanguage":"fr-FR","@id":"https:\/\/www.africa-press.net\/cotedivoire\/culture-et-art\/enseignement-technique-et-professionnel-une-voie-davenir-pour-une-insertion-au-monde-du-travail-reussie#primaryimage","url":"https:\/\/static.africa-press.net\/cote\/sites\/43\/2022\/09\/postQueueImg_1-6332ebad7dfb0.jpg","contentUrl":"https:\/\/static.africa-press.net\/cote\/sites\/43\/2022\/09\/postQueueImg_1-6332ebad7dfb0.jpg","width":1732,"height":1163,"caption":"Enseignement technique et professionnel: Une voie d\u2019avenir pour une insertion au monde du travail r\u00e9ussie"},{"@type":"BreadcrumbList","@id":"https:\/\/www.africa-press.net\/cotedivoire\/culture-et-art\/enseignement-technique-et-professionnel-une-voie-davenir-pour-une-insertion-au-monde-du-travail-reussie#breadcrumb","itemListElement":[{"@type":"ListItem","position":1,"name":"Accueil","item":"https:\/\/www.africa-press.net\/cotedivoire\/"},{"@type":"ListItem","position":2,"name":"Enseignement technique et professionnel: Une voie d\u2019avenir pour une insertion au monde du travail r\u00e9ussie"}]},{"@type":"WebSite","@id":"https:\/\/www.africa-press.net\/cotedivoire\/#website","url":"https:\/\/www.africa-press.net\/cotedivoire\/","name":"C\u00f4te d&#039;Ivoire","description":"Just another Africa News Agency Sites site","potentialAction":[{"@type":"SearchAction","target":{"@type":"EntryPoint","urlTemplate":"https:\/\/www.africa-press.net\/cotedivoire\/?s={search_term_string}"},"query-input":{"@type":"PropertyValueSpecification","valueRequired":true,"valueName":"search_term_string"}}],"inLanguage":"fr-FR"},{"@type":"Person","@id":"https:\/\/www.africa-press.net\/cotedivoire\/#\/schema\/person\/2b1cf3cd81a31e3cd26889ca66d677f1","name":"cfeditorfr"}]}},"_links":{"self":[{"href":"https:\/\/www.africa-press.net\/cotedivoire\/wp-json\/wp\/v2\/posts\/45445","targetHints":{"allow":["GET"]}}],"collection":[{"href":"https:\/\/www.africa-press.net\/cotedivoire\/wp-json\/wp\/v2\/posts"}],"about":[{"href":"https:\/\/www.africa-press.net\/cotedivoire\/wp-json\/wp\/v2\/types\/post"}],"author":[{"embeddable":true,"href":"https:\/\/www.africa-press.net\/cotedivoire\/wp-json\/wp\/v2\/users\/82"}],"replies":[{"embeddable":true,"href":"https:\/\/www.africa-press.net\/cotedivoire\/wp-json\/wp\/v2\/comments?post=45445"}],"version-history":[{"count":0,"href":"https:\/\/www.africa-press.net\/cotedivoire\/wp-json\/wp\/v2\/posts\/45445\/revisions"}],"wp:featuredmedia":[{"embeddable":true,"href":"https:\/\/www.africa-press.net\/cotedivoire\/wp-json\/wp\/v2\/media\/45444"}],"wp:attachment":[{"href":"https:\/\/www.africa-press.net\/cotedivoire\/wp-json\/wp\/v2\/media?parent=45445"}],"wp:term":[{"taxonomy":"category","embeddable":true,"href":"https:\/\/www.africa-press.net\/cotedivoire\/wp-json\/wp\/v2\/categories?post=45445"},{"taxonomy":"post_tag","embeddable":true,"href":"https:\/\/www.africa-press.net\/cotedivoire\/wp-json\/wp\/v2\/tags?post=45445"}],"curies":[{"name":"wp","href":"https:\/\/api.w.org\/{rel}","templated":true}]}}