{"id":45516,"date":"2022-09-30T11:35:31","date_gmt":"2022-09-30T11:35:31","guid":{"rendered":"https:\/\/www.africa-press.net\/cotedivoire\/politique\/de-graves-accusations-portees-contre-la-federation-du-commerce-des-cacaos"},"modified":"2022-09-30T12:14:43","modified_gmt":"2022-09-30T12:14:43","slug":"de-graves-accusations-portees-contre-la-federation-du-commerce-des-cacaos","status":"publish","type":"post","link":"https:\/\/www.africa-press.net\/cotedivoire\/economie\/de-graves-accusations-portees-contre-la-federation-du-commerce-des-cacaos","title":{"rendered":"De graves accusations port\u00e9es contre  la F\u00e9d\u00e9ration du Commerce des Cacaos"},"content":{"rendered":"<p><span style=\"color: #ff6600\"><strong>Africa-Press &#8211; C\u00f4te d&rsquo;Ivoire. <\/strong><\/span>Que se passe-t-il dans la fili\u00e8re Caf\u00e9-Cacao \u00e0 quelques jours de l\u2019ouverture de la campagne du Cacao 2022-2023 ?<\/p>\n<p>Le Groupement des N\u00e9gociants Ivoiriens (GNI) rel\u00e8ve dans un communiqu\u00e9, qu\u2019il a \u00e9t\u00e9 saisi par quatre (4) exportateurs ivoiriens au sujet des diff\u00e9rents avec le Chairman du comit\u00e9 contrat \u00e0 la FCC, M. Matthew Stolz (soci\u00e9t\u00e9 Rockwinds) et par d\u2019autres exportateurs ivoiriens au sujet de cas d\u2019injustice dans les proc\u00e9dures d\u2019arbitrages \u00e0 la F\u00e9d\u00e9ration du Commerce des Cacaos.<\/p>\n<p>Face \u00e0 cette situation, le GNI invite tous les exportateurs ivoiriens et africains ayant \u00e9galement \u00e9t\u00e9 victimes de situations identiques \u00e0 prendre rendez-vous avec son Secr\u00e9tariat G\u00e9n\u00e9ral.<\/p>\n<p>La F\u00e9d\u00e9ration du commerce des cacaos (FCC) est une institution qui tranche les litiges entre les acteurs de la fili\u00e8re du Cacao.<\/p>\n<p>La FCC a pour principale mission d\u2019offrir un cadre global \u00e0 la fois contractuel et op\u00e9rationnel dans lequel les int\u00e9r\u00eats de tous les secteurs du commerce et de l\u2019industrie du cacao sont \u00e9quitablement repr\u00e9sent\u00e9s.<\/p>\n<p>Ce qui doit permettre \u00e0 ses membres de traiter leurs affaires dans la s\u00e9curit\u00e9 des r\u00e8gles et de pratiques bien \u00e9tablies ; Aider et encourager les producteurs du cacao \u00e0 satisfaire aux normes de qualit\u00e9 requises. Aider ses membres \u00e0 livrer \u00e0 leurs clients des produits de haute qualit\u00e9.<\/p>\n<p>Pour rappel, la 8\u1d49 \u00e9dition des Journ\u00e9es Nationales du Cacao et du Chocolat (JNCC) s\u2019ouvre ce vendredi 30 septembre pour prendre fin le dimanche 02 octobre 2022 \u00e0 Abidjan.<\/p>\n<p>Lesdites journ\u00e9es ont pour th\u00e8me : \u00ab La transformation locale du Cacao : Opportunit\u00e9s pour les artisans chocolatiers.<\/p>\n<p>Il faut noter que, la tribune des JNCC sera \u00e9galement l\u2019occasion pour le Conseil Caf\u00e9-Cacao (CCC) de lancer l\u2019ouverture de la campagne 2022-2023 du Cacao. Les planteurs devraient \u00eatre fix\u00e9s sur le nouveau prix bord champ du Cacao.<\/p>\n<p><strong>Pour plus d&rsquo;informations et d&rsquo;analyses sur la <a href=\"https:\/\/www.africa-press.net\/cotedivoire\">C\u00f4te d&rsquo;Ivoire<\/a>, suivez <a href=\"https:\/\/www.africa-press.net\/\">Africa-Press<\/a><\/strong><\/p>\n","protected":false},"excerpt":{"rendered":"<p>Africa-Press &#8211; C\u00f4te d&rsquo;Ivoire. Que se passe-t-il dans la fili\u00e8re Caf\u00e9-Cacao \u00e0 quelques jours de l\u2019ouverture de la campagne du Cacao 2022-2023 ? Le Groupement des N\u00e9gociants Ivoiriens (GNI) rel\u00e8ve dans un communiqu\u00e9, qu\u2019il a \u00e9t\u00e9 saisi par quatre (4) exportateurs ivoiriens au sujet des diff\u00e9rents avec le Chairman du comit\u00e9 contrat \u00e0 la FCC, [&hellip;]<\/p>\n","protected":false},"author":82,"featured_media":45515,"comment_status":"open","ping_status":"closed","sticky":false,"template":"","format":"standard","meta":{"footnotes":""},"categories":[3,11,10],"tags":[56,63,1685,1744,29,4600,7666,7663,7664,7662,7665],"class_list":["post-45516","post","type-post","status-publish","format-standard","has-post-thumbnail","hentry","category-economie","category-homepage-french","category-toutes-les-actualites","tag-africa-press","tag-africa-press-cote-divoire","tag-cacao","tag-conseil","tag-cote-divoire","tag-exportateurs","tag-fcc","tag-gni","tag-injsutice","tag-jncc","tag-matthew-stolz"],"yoast_head":"<!-- This site is optimized with the Yoast SEO Premium plugin v26.1 (Yoast SEO v27.0) - https:\/\/yoast.com\/product\/yoast-seo-premium-wordpress\/ -->\n<title>De graves accusations port\u00e9es contre la F\u00e9d\u00e9ration du Commerce des Cacaos - C\u00f4te d&#039;Ivoire<\/title>\n<meta name=\"description\" content=\"Que se passe-t-il dans la fili\u00e8re Caf\u00e9-Cacao \u00e0 quelques jours de l\u2019ouverture de la campagne du Cacao 2022-2023 ? Le Gro ...\" \/>\n<meta name=\"robots\" content=\"index, follow, max-snippet:-1, max-image-preview:large, max-video-preview:-1\" \/>\n<link rel=\"canonical\" href=\"https:\/\/www.africa-press.net\/cotedivoire\/economie\/de-graves-accusations-portees-contre-la-federation-du-commerce-des-cacaos\" \/>\n<meta property=\"og:locale\" content=\"fr_FR\" \/>\n<meta property=\"og:type\" content=\"article\" \/>\n<meta property=\"og:title\" content=\"De graves accusations port\u00e9es contre la F\u00e9d\u00e9ration du Commerce des Cacaos\" \/>\n<meta property=\"og:description\" content=\"Que se passe-t-il dans la fili\u00e8re Caf\u00e9-Cacao \u00e0 quelques jours de l\u2019ouverture de la campagne du Cacao 2022-2023 ? Le Gro ...\" \/>\n<meta property=\"og:url\" content=\"https:\/\/www.africa-press.net\/cotedivoire\/economie\/de-graves-accusations-portees-contre-la-federation-du-commerce-des-cacaos\" \/>\n<meta property=\"og:site_name\" content=\"C\u00f4te d&#039;Ivoire\" \/>\n<meta property=\"article:published_time\" content=\"2022-09-30T11:35:31+00:00\" \/>\n<meta property=\"article:modified_time\" content=\"2022-09-30T12:14:43+00:00\" \/>\n<meta property=\"og:image\" content=\"https:\/\/static.africa-press.net\/cote\/sites\/43\/2022\/09\/postQueueImg_23-6336dd7d0ef6e.jpg\" \/>\n\t<meta property=\"og:image:width\" content=\"720\" \/>\n\t<meta property=\"og:image:height\" content=\"360\" \/>\n\t<meta property=\"og:image:type\" content=\"image\/jpeg\" \/>\n<meta name=\"author\" content=\"cfeditorfr\" \/>\n<meta name=\"twitter:card\" content=\"summary_large_image\" \/>\n<meta name=\"twitter:label1\" content=\"\u00c9crit par\" \/>\n\t<meta name=\"twitter:data1\" content=\"cfeditorfr\" \/>\n\t<meta name=\"twitter:label2\" content=\"Dur\u00e9e de lecture estim\u00e9e\" \/>\n\t<meta name=\"twitter:data2\" content=\"2 minutes\" \/>\n<script type=\"application\/ld+json\" class=\"yoast-schema-graph\">{\"@context\":\"https:\/\/schema.org\",\"@graph\":[{\"@type\":\"Article\",\"@id\":\"https:\/\/www.africa-press.net\/cotedivoire\/economie\/de-graves-accusations-portees-contre-la-federation-du-commerce-des-cacaos#article\",\"isPartOf\":{\"@id\":\"https:\/\/www.africa-press.net\/cotedivoire\/economie\/de-graves-accusations-portees-contre-la-federation-du-commerce-des-cacaos\"},\"author\":{\"name\":\"cfeditorfr\",\"@id\":\"https:\/\/www.africa-press.net\/cotedivoire\/#\/schema\/person\/2b1cf3cd81a31e3cd26889ca66d677f1\"},\"headline\":\"De graves accusations port\u00e9es contre la F\u00e9d\u00e9ration du Commerce des Cacaos\",\"datePublished\":\"2022-09-30T11:35:31+00:00\",\"dateModified\":\"2022-09-30T12:14:43+00:00\",\"mainEntityOfPage\":{\"@id\":\"https:\/\/www.africa-press.net\/cotedivoire\/economie\/de-graves-accusations-portees-contre-la-federation-du-commerce-des-cacaos\"},\"wordCount\":346,\"commentCount\":0,\"image\":{\"@id\":\"https:\/\/www.africa-press.net\/cotedivoire\/economie\/de-graves-accusations-portees-contre-la-federation-du-commerce-des-cacaos#primaryimage\"},\"thumbnailUrl\":\"https:\/\/static.africa-press.net\/cote\/sites\/43\/2022\/09\/postQueueImg_23-6336dd7d0ef6e.jpg\",\"keywords\":[\"Africa Press\",\"Africa Press-C\u00f4te d'Ivoire\",\"cacao\",\"Conseil\",\"C\u00d4TE D'IVOIRE\",\"exportateurs\",\"FCC\",\"GNI\",\"injsutice\",\"JNCC\",\"Matthew Stolz\"],\"articleSection\":[\"\u00c9conomie\",\"homepage-french\",\"Toutes les actualit\u00e9s\"],\"inLanguage\":\"fr-FR\",\"potentialAction\":[{\"@type\":\"CommentAction\",\"name\":\"Comment\",\"target\":[\"https:\/\/www.africa-press.net\/cotedivoire\/economie\/de-graves-accusations-portees-contre-la-federation-du-commerce-des-cacaos#respond\"]}]},{\"@type\":\"WebPage\",\"@id\":\"https:\/\/www.africa-press.net\/cotedivoire\/economie\/de-graves-accusations-portees-contre-la-federation-du-commerce-des-cacaos\",\"url\":\"https:\/\/www.africa-press.net\/cotedivoire\/economie\/de-graves-accusations-portees-contre-la-federation-du-commerce-des-cacaos\",\"name\":\"De graves accusations port\u00e9es contre la F\u00e9d\u00e9ration du Commerce des Cacaos - C\u00f4te d&#039;Ivoire\",\"isPartOf\":{\"@id\":\"https:\/\/www.africa-press.net\/cotedivoire\/#website\"},\"primaryImageOfPage\":{\"@id\":\"https:\/\/www.africa-press.net\/cotedivoire\/economie\/de-graves-accusations-portees-contre-la-federation-du-commerce-des-cacaos#primaryimage\"},\"image\":{\"@id\":\"https:\/\/www.africa-press.net\/cotedivoire\/economie\/de-graves-accusations-portees-contre-la-federation-du-commerce-des-cacaos#primaryimage\"},\"thumbnailUrl\":\"https:\/\/static.africa-press.net\/cote\/sites\/43\/2022\/09\/postQueueImg_23-6336dd7d0ef6e.jpg\",\"datePublished\":\"2022-09-30T11:35:31+00:00\",\"dateModified\":\"2022-09-30T12:14:43+00:00\",\"author\":{\"@id\":\"https:\/\/www.africa-press.net\/cotedivoire\/#\/schema\/person\/2b1cf3cd81a31e3cd26889ca66d677f1\"},\"description\":\"Que se passe-t-il dans la fili\u00e8re Caf\u00e9-Cacao \u00e0 quelques jours de l\u2019ouverture de la campagne du Cacao 2022-2023 ? Le Gro ...\",\"breadcrumb\":{\"@id\":\"https:\/\/www.africa-press.net\/cotedivoire\/economie\/de-graves-accusations-portees-contre-la-federation-du-commerce-des-cacaos#breadcrumb\"},\"inLanguage\":\"fr-FR\",\"potentialAction\":[{\"@type\":\"ReadAction\",\"target\":[\"https:\/\/www.africa-press.net\/cotedivoire\/economie\/de-graves-accusations-portees-contre-la-federation-du-commerce-des-cacaos\"]}]},{\"@type\":\"ImageObject\",\"inLanguage\":\"fr-FR\",\"@id\":\"https:\/\/www.africa-press.net\/cotedivoire\/economie\/de-graves-accusations-portees-contre-la-federation-du-commerce-des-cacaos#primaryimage\",\"url\":\"https:\/\/static.africa-press.net\/cote\/sites\/43\/2022\/09\/postQueueImg_23-6336dd7d0ef6e.jpg\",\"contentUrl\":\"https:\/\/static.africa-press.net\/cote\/sites\/43\/2022\/09\/postQueueImg_23-6336dd7d0ef6e.jpg\",\"width\":720,\"height\":360,\"caption\":\"De graves accusations port\u00e9es contre la F\u00e9d\u00e9ration du Commerce des Cacaos\"},{\"@type\":\"BreadcrumbList\",\"@id\":\"https:\/\/www.africa-press.net\/cotedivoire\/economie\/de-graves-accusations-portees-contre-la-federation-du-commerce-des-cacaos#breadcrumb\",\"itemListElement\":[{\"@type\":\"ListItem\",\"position\":1,\"name\":\"Accueil\",\"item\":\"https:\/\/www.africa-press.net\/cotedivoire\/\"},{\"@type\":\"ListItem\",\"position\":2,\"name\":\"De graves accusations port\u00e9es contre la F\u00e9d\u00e9ration du Commerce des Cacaos\"}]},{\"@type\":\"WebSite\",\"@id\":\"https:\/\/www.africa-press.net\/cotedivoire\/#website\",\"url\":\"https:\/\/www.africa-press.net\/cotedivoire\/\",\"name\":\"C\u00f4te d&#039;Ivoire\",\"description\":\"Just another Africa News Agency Sites site\",\"potentialAction\":[{\"@type\":\"SearchAction\",\"target\":{\"@type\":\"EntryPoint\",\"urlTemplate\":\"https:\/\/www.africa-press.net\/cotedivoire\/?s={search_term_string}\"},\"query-input\":{\"@type\":\"PropertyValueSpecification\",\"valueRequired\":true,\"valueName\":\"search_term_string\"}}],\"inLanguage\":\"fr-FR\"},{\"@type\":\"Person\",\"@id\":\"https:\/\/www.africa-press.net\/cotedivoire\/#\/schema\/person\/2b1cf3cd81a31e3cd26889ca66d677f1\",\"name\":\"cfeditorfr\"}]}<\/script>\n<!-- \/ Yoast SEO Premium plugin. -->","yoast_head_json":{"title":"De graves accusations port\u00e9es contre la F\u00e9d\u00e9ration du Commerce des Cacaos - C\u00f4te d&#039;Ivoire","description":"Que se passe-t-il dans la fili\u00e8re Caf\u00e9-Cacao \u00e0 quelques jours de l\u2019ouverture de la campagne du Cacao 2022-2023 ? Le Gro ...","robots":{"index":"index","follow":"follow","max-snippet":"max-snippet:-1","max-image-preview":"max-image-preview:large","max-video-preview":"max-video-preview:-1"},"canonical":"https:\/\/www.africa-press.net\/cotedivoire\/economie\/de-graves-accusations-portees-contre-la-federation-du-commerce-des-cacaos","og_locale":"fr_FR","og_type":"article","og_title":"De graves accusations port\u00e9es contre la F\u00e9d\u00e9ration du Commerce des Cacaos","og_description":"Que se passe-t-il dans la fili\u00e8re Caf\u00e9-Cacao \u00e0 quelques jours de l\u2019ouverture de la campagne du Cacao 2022-2023 ? Le Gro ...","og_url":"https:\/\/www.africa-press.net\/cotedivoire\/economie\/de-graves-accusations-portees-contre-la-federation-du-commerce-des-cacaos","og_site_name":"C\u00f4te d&#039;Ivoire","article_published_time":"2022-09-30T11:35:31+00:00","article_modified_time":"2022-09-30T12:14:43+00:00","og_image":[{"width":720,"height":360,"url":"https:\/\/static.africa-press.net\/cote\/sites\/43\/2022\/09\/postQueueImg_23-6336dd7d0ef6e.jpg","type":"image\/jpeg"}],"author":"cfeditorfr","twitter_card":"summary_large_image","twitter_misc":{"\u00c9crit par":"cfeditorfr","Dur\u00e9e de lecture estim\u00e9e":"2 minutes"},"schema":{"@context":"https:\/\/schema.org","@graph":[{"@type":"Article","@id":"https:\/\/www.africa-press.net\/cotedivoire\/economie\/de-graves-accusations-portees-contre-la-federation-du-commerce-des-cacaos#article","isPartOf":{"@id":"https:\/\/www.africa-press.net\/cotedivoire\/economie\/de-graves-accusations-portees-contre-la-federation-du-commerce-des-cacaos"},"author":{"name":"cfeditorfr","@id":"https:\/\/www.africa-press.net\/cotedivoire\/#\/schema\/person\/2b1cf3cd81a31e3cd26889ca66d677f1"},"headline":"De graves accusations port\u00e9es contre la F\u00e9d\u00e9ration du Commerce des Cacaos","datePublished":"2022-09-30T11:35:31+00:00","dateModified":"2022-09-30T12:14:43+00:00","mainEntityOfPage":{"@id":"https:\/\/www.africa-press.net\/cotedivoire\/economie\/de-graves-accusations-portees-contre-la-federation-du-commerce-des-cacaos"},"wordCount":346,"commentCount":0,"image":{"@id":"https:\/\/www.africa-press.net\/cotedivoire\/economie\/de-graves-accusations-portees-contre-la-federation-du-commerce-des-cacaos#primaryimage"},"thumbnailUrl":"https:\/\/static.africa-press.net\/cote\/sites\/43\/2022\/09\/postQueueImg_23-6336dd7d0ef6e.jpg","keywords":["Africa Press","Africa Press-C\u00f4te d'Ivoire","cacao","Conseil","C\u00d4TE D'IVOIRE","exportateurs","FCC","GNI","injsutice","JNCC","Matthew Stolz"],"articleSection":["\u00c9conomie","homepage-french","Toutes les actualit\u00e9s"],"inLanguage":"fr-FR","potentialAction":[{"@type":"CommentAction","name":"Comment","target":["https:\/\/www.africa-press.net\/cotedivoire\/economie\/de-graves-accusations-portees-contre-la-federation-du-commerce-des-cacaos#respond"]}]},{"@type":"WebPage","@id":"https:\/\/www.africa-press.net\/cotedivoire\/economie\/de-graves-accusations-portees-contre-la-federation-du-commerce-des-cacaos","url":"https:\/\/www.africa-press.net\/cotedivoire\/economie\/de-graves-accusations-portees-contre-la-federation-du-commerce-des-cacaos","name":"De graves accusations port\u00e9es contre la F\u00e9d\u00e9ration du Commerce des Cacaos - C\u00f4te d&#039;Ivoire","isPartOf":{"@id":"https:\/\/www.africa-press.net\/cotedivoire\/#website"},"primaryImageOfPage":{"@id":"https:\/\/www.africa-press.net\/cotedivoire\/economie\/de-graves-accusations-portees-contre-la-federation-du-commerce-des-cacaos#primaryimage"},"image":{"@id":"https:\/\/www.africa-press.net\/cotedivoire\/economie\/de-graves-accusations-portees-contre-la-federation-du-commerce-des-cacaos#primaryimage"},"thumbnailUrl":"https:\/\/static.africa-press.net\/cote\/sites\/43\/2022\/09\/postQueueImg_23-6336dd7d0ef6e.jpg","datePublished":"2022-09-30T11:35:31+00:00","dateModified":"2022-09-30T12:14:43+00:00","author":{"@id":"https:\/\/www.africa-press.net\/cotedivoire\/#\/schema\/person\/2b1cf3cd81a31e3cd26889ca66d677f1"},"description":"Que se passe-t-il dans la fili\u00e8re Caf\u00e9-Cacao \u00e0 quelques jours de l\u2019ouverture de la campagne du Cacao 2022-2023 ? Le Gro ...","breadcrumb":{"@id":"https:\/\/www.africa-press.net\/cotedivoire\/economie\/de-graves-accusations-portees-contre-la-federation-du-commerce-des-cacaos#breadcrumb"},"inLanguage":"fr-FR","potentialAction":[{"@type":"ReadAction","target":["https:\/\/www.africa-press.net\/cotedivoire\/economie\/de-graves-accusations-portees-contre-la-federation-du-commerce-des-cacaos"]}]},{"@type":"ImageObject","inLanguage":"fr-FR","@id":"https:\/\/www.africa-press.net\/cotedivoire\/economie\/de-graves-accusations-portees-contre-la-federation-du-commerce-des-cacaos#primaryimage","url":"https:\/\/static.africa-press.net\/cote\/sites\/43\/2022\/09\/postQueueImg_23-6336dd7d0ef6e.jpg","contentUrl":"https:\/\/static.africa-press.net\/cote\/sites\/43\/2022\/09\/postQueueImg_23-6336dd7d0ef6e.jpg","width":720,"height":360,"caption":"De graves accusations port\u00e9es contre la F\u00e9d\u00e9ration du Commerce des Cacaos"},{"@type":"BreadcrumbList","@id":"https:\/\/www.africa-press.net\/cotedivoire\/economie\/de-graves-accusations-portees-contre-la-federation-du-commerce-des-cacaos#breadcrumb","itemListElement":[{"@type":"ListItem","position":1,"name":"Accueil","item":"https:\/\/www.africa-press.net\/cotedivoire\/"},{"@type":"ListItem","position":2,"name":"De graves accusations port\u00e9es contre la F\u00e9d\u00e9ration du Commerce des Cacaos"}]},{"@type":"WebSite","@id":"https:\/\/www.africa-press.net\/cotedivoire\/#website","url":"https:\/\/www.africa-press.net\/cotedivoire\/","name":"C\u00f4te d&#039;Ivoire","description":"Just another Africa News Agency Sites site","potentialAction":[{"@type":"SearchAction","target":{"@type":"EntryPoint","urlTemplate":"https:\/\/www.africa-press.net\/cotedivoire\/?s={search_term_string}"},"query-input":{"@type":"PropertyValueSpecification","valueRequired":true,"valueName":"search_term_string"}}],"inLanguage":"fr-FR"},{"@type":"Person","@id":"https:\/\/www.africa-press.net\/cotedivoire\/#\/schema\/person\/2b1cf3cd81a31e3cd26889ca66d677f1","name":"cfeditorfr"}]}},"_links":{"self":[{"href":"https:\/\/www.africa-press.net\/cotedivoire\/wp-json\/wp\/v2\/posts\/45516","targetHints":{"allow":["GET"]}}],"collection":[{"href":"https:\/\/www.africa-press.net\/cotedivoire\/wp-json\/wp\/v2\/posts"}],"about":[{"href":"https:\/\/www.africa-press.net\/cotedivoire\/wp-json\/wp\/v2\/types\/post"}],"author":[{"embeddable":true,"href":"https:\/\/www.africa-press.net\/cotedivoire\/wp-json\/wp\/v2\/users\/82"}],"replies":[{"embeddable":true,"href":"https:\/\/www.africa-press.net\/cotedivoire\/wp-json\/wp\/v2\/comments?post=45516"}],"version-history":[{"count":0,"href":"https:\/\/www.africa-press.net\/cotedivoire\/wp-json\/wp\/v2\/posts\/45516\/revisions"}],"wp:featuredmedia":[{"embeddable":true,"href":"https:\/\/www.africa-press.net\/cotedivoire\/wp-json\/wp\/v2\/media\/45515"}],"wp:attachment":[{"href":"https:\/\/www.africa-press.net\/cotedivoire\/wp-json\/wp\/v2\/media?parent=45516"}],"wp:term":[{"taxonomy":"category","embeddable":true,"href":"https:\/\/www.africa-press.net\/cotedivoire\/wp-json\/wp\/v2\/categories?post=45516"},{"taxonomy":"post_tag","embeddable":true,"href":"https:\/\/www.africa-press.net\/cotedivoire\/wp-json\/wp\/v2\/tags?post=45516"}],"curies":[{"name":"wp","href":"https:\/\/api.w.org\/{rel}","templated":true}]}}