{"id":45723,"date":"2022-10-04T15:50:47","date_gmt":"2022-10-04T15:50:47","guid":{"rendered":"https:\/\/www.africa-press.net\/cotedivoire\/politique\/patrick-achi-va-proceder-mercredi-au-lancement-du-programme-economique-pour-linnovation-et-la-transformation-des-entreprises-ce-que-gagneront-les-entreprises-beneficiaires"},"modified":"2022-10-04T16:24:24","modified_gmt":"2022-10-04T16:24:24","slug":"patrick-achi-va-proceder-mercredi-au-lancement-du-programme-economique-pour-linnovation-et-la-transformation-des-entreprises-ce-que-gagneront-les-entreprises-beneficiaires","status":"publish","type":"post","link":"https:\/\/www.africa-press.net\/cotedivoire\/economie\/patrick-achi-va-proceder-mercredi-au-lancement-du-programme-economique-pour-linnovation-et-la-transformation-des-entreprises-ce-que-gagneront-les-entreprises-beneficiaires","title":{"rendered":"Patrick Achi va proc\u00e9der mercredi au lancement du Programme Economique Pour l&rsquo;Innovation et la Transformation des Entreprises, ce que gagneront les entreprises b\u00e9n\u00e9ficiaires"},"content":{"rendered":"<p><span style=\"color: #ff6600\"><strong>Africa-Press &#8211; C\u00f4te d&rsquo;Ivoire. <\/strong><\/span>Le Premier Ministre, Patrick Achi, va proc\u00e9der ce mercredi 05 octobre 2022 au lancement du Programme Economique Pour l\u2019Innovation et la Transformation des Entreprises (PEPITE), a-t-on appris de source Gouvernementale.<\/p>\n<p>Le PEPITE est consid\u00e9r\u00e9 comme l\u2019un des programmes cl\u00e9s de la \u00ab Vision 2030 \u00bb du Pr\u00e9sident de la R\u00e9publique, Alassane Ouattara, pour le renforcement des cha\u00eenes de valeur domestiques.<\/p>\n<p>En mettant l\u2019accent sur plusieurs \u00ab grappes \u00bb sectorielles, prioritaires pour acc\u00e9l\u00e9rer la transformation productive du pays, PEPITE vise \u00e0 soutenir l\u2019entrepreneuriat et \u00e0 faire \u00e9merger des entreprises ivoiriennes (TPE, PME, Start-ups, Etablissements de Taille Interm\u00e9diaire) \u00e0 fort potentiel.<\/p>\n<p>L\u2019objectif principal du programme est d\u2019accompagner la transformation structurelle des cha\u00eenes de valeur de 15 p\u00f4les sectoriels strat\u00e9giques identifi\u00e9s dans la \u00ab Vision 2030 \u00bb.<\/p>\n<p>Pour ce faire, l\u2019accompagnement public consistera notamment \u00e0 renforcer et \u00e0 rationaliser les \u00e9cosyst\u00e8mes d\u2019affaires des secteurs d\u00e9finis, et \u00e0 contribuer \u00e0 faire des entreprises s\u00e9lectionn\u00e9es des leaders sur leurs segments d\u2019activit\u00e9.<\/p>\n<p>Selon toujours la note, \u00e0 moyen et long terme, PEPITE vise le progr\u00e8s \u00e9conomique par la consolidation des cha\u00eenes de valeur, le progr\u00e8s social, par un meilleur acc\u00e8s \u00e0 l\u2019emploi formel de qualit\u00e9 notamment pour les jeunes et les femmes. Tout comme il vise un progr\u00e8s environnemental, \u00e0 travers l\u2019exemplarit\u00e9 des entreprises s\u00e9lectionn\u00e9es dans la diffusion des standards pour la protection de l\u2019environnement.<\/p>\n<p>Le Programme devrait mettre \u00e9galement un point d\u2019honneur \u00e0 contribuer au rayonnement international de la C\u00f4te d\u2019Ivoire et \u00e0 l\u2019attractivit\u00e9 du pays. Il ambitionne de mobiliser toute la soci\u00e9t\u00e9 ivoirienne autour d\u2019un projet national inclusif, source d\u2019espoir et d\u2019\u00e9mergence pour tous.<\/p>\n<p>Une fois s\u00e9lectionn\u00e9es, les entreprises b\u00e9n\u00e9ficieront d\u2019un accompagnement public sur mesure pour acc\u00e9l\u00e9rer leur croissance. Elles pourront ainsi r\u00e9pondre aux besoins du march\u00e9 domestique puis conqu\u00e9rir des march\u00e9s internationaux et renforcer la position concurrentielle de la C\u00f4te d\u2019Ivoire, conclut le document.<\/p>\n<p><strong>Pour plus d&rsquo;informations et d&rsquo;analyses sur la <a href=\"https:\/\/www.africa-press.net\/cotedivoire\">C\u00f4te d&rsquo;Ivoire<\/a>, suivez <a href=\"https:\/\/www.africa-press.net\/\">Africa-Press<\/a><\/strong><\/p>\n","protected":false},"excerpt":{"rendered":"<p>Africa-Press &#8211; C\u00f4te d&rsquo;Ivoire. Le Premier Ministre, Patrick Achi, va proc\u00e9der ce mercredi 05 octobre 2022 au lancement du Programme Economique Pour l\u2019Innovation et la Transformation des Entreprises (PEPITE), a-t-on appris de source Gouvernementale. Le PEPITE est consid\u00e9r\u00e9 comme l\u2019un des programmes cl\u00e9s de la \u00ab Vision 2030 \u00bb du Pr\u00e9sident de la R\u00e9publique, Alassane [&hellip;]<\/p>\n","protected":false},"author":82,"featured_media":45722,"comment_status":"open","ping_status":"closed","sticky":false,"template":"","format":"standard","meta":{"footnotes":""},"categories":[3,11,10],"tags":[56,63,38,29,2657,402,7715,5062],"class_list":["post-45723","post","type-post","status-publish","format-standard","has-post-thumbnail","hentry","category-economie","category-homepage-french","category-toutes-les-actualites","tag-africa-press","tag-africa-press-cote-divoire","tag-alassane-ouattara","tag-cote-divoire","tag-entreprises","tag-patrick-achi","tag-pepite","tag-vision-2030"],"yoast_head":"<!-- This site is optimized with the Yoast SEO Premium plugin v26.1 (Yoast SEO v27.0) - https:\/\/yoast.com\/product\/yoast-seo-premium-wordpress\/ -->\n<title>Patrick Achi va proc\u00e9der mercredi au lancement du Programme Economique Pour l&#039;Innovation et la Transformation des Entreprises, ce que gagneront les entreprises b\u00e9n\u00e9ficiaires - C\u00f4te d&#039;Ivoire<\/title>\n<meta name=\"description\" content=\"Le Premier Ministre, Patrick Achi, va proc\u00e9der ce mercredi 05 octobre 2022 au lancement du Programme Economique Pour l\u2019I ...\" \/>\n<meta name=\"robots\" content=\"index, follow, max-snippet:-1, max-image-preview:large, max-video-preview:-1\" \/>\n<link rel=\"canonical\" href=\"https:\/\/www.africa-press.net\/cotedivoire\/economie\/patrick-achi-va-proceder-mercredi-au-lancement-du-programme-economique-pour-linnovation-et-la-transformation-des-entreprises-ce-que-gagneront-les-entreprises-beneficiaires\" \/>\n<meta property=\"og:locale\" content=\"fr_FR\" \/>\n<meta property=\"og:type\" content=\"article\" \/>\n<meta property=\"og:title\" content=\"Patrick Achi va proc\u00e9der mercredi au lancement du Programme Economique Pour l&#039;Innovation et la Transformation des Entreprises, ce que gagneront les entreprises b\u00e9n\u00e9ficiaires\" \/>\n<meta property=\"og:description\" content=\"Le Premier Ministre, Patrick Achi, va proc\u00e9der ce mercredi 05 octobre 2022 au lancement du Programme Economique Pour l\u2019I ...\" \/>\n<meta property=\"og:url\" content=\"https:\/\/www.africa-press.net\/cotedivoire\/economie\/patrick-achi-va-proceder-mercredi-au-lancement-du-programme-economique-pour-linnovation-et-la-transformation-des-entreprises-ce-que-gagneront-les-entreprises-beneficiaires\" \/>\n<meta property=\"og:site_name\" content=\"C\u00f4te d&#039;Ivoire\" \/>\n<meta property=\"article:published_time\" content=\"2022-10-04T15:50:47+00:00\" \/>\n<meta property=\"article:modified_time\" content=\"2022-10-04T16:24:24+00:00\" \/>\n<meta property=\"og:image\" content=\"https:\/\/static.africa-press.net\/cote\/sites\/43\/2022\/10\/postQueueImg_13.jpg\" \/>\n\t<meta property=\"og:image:width\" content=\"720\" \/>\n\t<meta property=\"og:image:height\" content=\"630\" \/>\n\t<meta property=\"og:image:type\" content=\"image\/jpeg\" \/>\n<meta name=\"author\" content=\"cfeditorfr\" \/>\n<meta name=\"twitter:card\" content=\"summary_large_image\" \/>\n<meta name=\"twitter:label1\" content=\"\u00c9crit par\" \/>\n\t<meta name=\"twitter:data1\" content=\"cfeditorfr\" \/>\n\t<meta name=\"twitter:label2\" content=\"Dur\u00e9e de lecture estim\u00e9e\" \/>\n\t<meta name=\"twitter:data2\" content=\"2 minutes\" \/>\n<script type=\"application\/ld+json\" class=\"yoast-schema-graph\">{\"@context\":\"https:\/\/schema.org\",\"@graph\":[{\"@type\":\"Article\",\"@id\":\"https:\/\/www.africa-press.net\/cotedivoire\/economie\/patrick-achi-va-proceder-mercredi-au-lancement-du-programme-economique-pour-linnovation-et-la-transformation-des-entreprises-ce-que-gagneront-les-entreprises-beneficiaires#article\",\"isPartOf\":{\"@id\":\"https:\/\/www.africa-press.net\/cotedivoire\/economie\/patrick-achi-va-proceder-mercredi-au-lancement-du-programme-economique-pour-linnovation-et-la-transformation-des-entreprises-ce-que-gagneront-les-entreprises-beneficiaires\"},\"author\":{\"name\":\"cfeditorfr\",\"@id\":\"https:\/\/www.africa-press.net\/cotedivoire\/#\/schema\/person\/2b1cf3cd81a31e3cd26889ca66d677f1\"},\"headline\":\"Patrick Achi va proc\u00e9der mercredi au lancement du Programme Economique Pour l&rsquo;Innovation et la Transformation des Entreprises, ce que gagneront les entreprises b\u00e9n\u00e9ficiaires\",\"datePublished\":\"2022-10-04T15:50:47+00:00\",\"dateModified\":\"2022-10-04T16:24:24+00:00\",\"mainEntityOfPage\":{\"@id\":\"https:\/\/www.africa-press.net\/cotedivoire\/economie\/patrick-achi-va-proceder-mercredi-au-lancement-du-programme-economique-pour-linnovation-et-la-transformation-des-entreprises-ce-que-gagneront-les-entreprises-beneficiaires\"},\"wordCount\":382,\"commentCount\":0,\"image\":{\"@id\":\"https:\/\/www.africa-press.net\/cotedivoire\/economie\/patrick-achi-va-proceder-mercredi-au-lancement-du-programme-economique-pour-linnovation-et-la-transformation-des-entreprises-ce-que-gagneront-les-entreprises-beneficiaires#primaryimage\"},\"thumbnailUrl\":\"https:\/\/static.africa-press.net\/cote\/sites\/43\/2022\/10\/postQueueImg_13.jpg\",\"keywords\":[\"Africa Press\",\"Africa Press-C\u00f4te d'Ivoire\",\"Alassane Ouattara\",\"C\u00d4TE D'IVOIRE\",\"entreprises\",\"Patrick Achi\",\"PEPITE\",\"vision 2030\"],\"articleSection\":[\"\u00c9conomie\",\"homepage-french\",\"Toutes les actualit\u00e9s\"],\"inLanguage\":\"fr-FR\",\"potentialAction\":[{\"@type\":\"CommentAction\",\"name\":\"Comment\",\"target\":[\"https:\/\/www.africa-press.net\/cotedivoire\/economie\/patrick-achi-va-proceder-mercredi-au-lancement-du-programme-economique-pour-linnovation-et-la-transformation-des-entreprises-ce-que-gagneront-les-entreprises-beneficiaires#respond\"]}]},{\"@type\":\"WebPage\",\"@id\":\"https:\/\/www.africa-press.net\/cotedivoire\/economie\/patrick-achi-va-proceder-mercredi-au-lancement-du-programme-economique-pour-linnovation-et-la-transformation-des-entreprises-ce-que-gagneront-les-entreprises-beneficiaires\",\"url\":\"https:\/\/www.africa-press.net\/cotedivoire\/economie\/patrick-achi-va-proceder-mercredi-au-lancement-du-programme-economique-pour-linnovation-et-la-transformation-des-entreprises-ce-que-gagneront-les-entreprises-beneficiaires\",\"name\":\"Patrick Achi va proc\u00e9der mercredi au lancement du Programme Economique Pour l'Innovation et la Transformation des Entreprises, ce que gagneront les entreprises b\u00e9n\u00e9ficiaires - C\u00f4te d&#039;Ivoire\",\"isPartOf\":{\"@id\":\"https:\/\/www.africa-press.net\/cotedivoire\/#website\"},\"primaryImageOfPage\":{\"@id\":\"https:\/\/www.africa-press.net\/cotedivoire\/economie\/patrick-achi-va-proceder-mercredi-au-lancement-du-programme-economique-pour-linnovation-et-la-transformation-des-entreprises-ce-que-gagneront-les-entreprises-beneficiaires#primaryimage\"},\"image\":{\"@id\":\"https:\/\/www.africa-press.net\/cotedivoire\/economie\/patrick-achi-va-proceder-mercredi-au-lancement-du-programme-economique-pour-linnovation-et-la-transformation-des-entreprises-ce-que-gagneront-les-entreprises-beneficiaires#primaryimage\"},\"thumbnailUrl\":\"https:\/\/static.africa-press.net\/cote\/sites\/43\/2022\/10\/postQueueImg_13.jpg\",\"datePublished\":\"2022-10-04T15:50:47+00:00\",\"dateModified\":\"2022-10-04T16:24:24+00:00\",\"author\":{\"@id\":\"https:\/\/www.africa-press.net\/cotedivoire\/#\/schema\/person\/2b1cf3cd81a31e3cd26889ca66d677f1\"},\"description\":\"Le Premier Ministre, Patrick Achi, va proc\u00e9der ce mercredi 05 octobre 2022 au lancement du Programme Economique Pour l\u2019I ...\",\"breadcrumb\":{\"@id\":\"https:\/\/www.africa-press.net\/cotedivoire\/economie\/patrick-achi-va-proceder-mercredi-au-lancement-du-programme-economique-pour-linnovation-et-la-transformation-des-entreprises-ce-que-gagneront-les-entreprises-beneficiaires#breadcrumb\"},\"inLanguage\":\"fr-FR\",\"potentialAction\":[{\"@type\":\"ReadAction\",\"target\":[\"https:\/\/www.africa-press.net\/cotedivoire\/economie\/patrick-achi-va-proceder-mercredi-au-lancement-du-programme-economique-pour-linnovation-et-la-transformation-des-entreprises-ce-que-gagneront-les-entreprises-beneficiaires\"]}]},{\"@type\":\"ImageObject\",\"inLanguage\":\"fr-FR\",\"@id\":\"https:\/\/www.africa-press.net\/cotedivoire\/economie\/patrick-achi-va-proceder-mercredi-au-lancement-du-programme-economique-pour-linnovation-et-la-transformation-des-entreprises-ce-que-gagneront-les-entreprises-beneficiaires#primaryimage\",\"url\":\"https:\/\/static.africa-press.net\/cote\/sites\/43\/2022\/10\/postQueueImg_13.jpg\",\"contentUrl\":\"https:\/\/static.africa-press.net\/cote\/sites\/43\/2022\/10\/postQueueImg_13.jpg\",\"width\":720,\"height\":630,\"caption\":\"Patrick Achi va proc\u00e9der mercredi au lancement du Programme Economique Pour l'Innovation et la Transformation des Entreprises, ce que gagneront les entreprises b\u00e9n\u00e9ficiaires\"},{\"@type\":\"BreadcrumbList\",\"@id\":\"https:\/\/www.africa-press.net\/cotedivoire\/economie\/patrick-achi-va-proceder-mercredi-au-lancement-du-programme-economique-pour-linnovation-et-la-transformation-des-entreprises-ce-que-gagneront-les-entreprises-beneficiaires#breadcrumb\",\"itemListElement\":[{\"@type\":\"ListItem\",\"position\":1,\"name\":\"Accueil\",\"item\":\"https:\/\/www.africa-press.net\/cotedivoire\/\"},{\"@type\":\"ListItem\",\"position\":2,\"name\":\"Patrick Achi va proc\u00e9der mercredi au lancement du Programme Economique Pour l&#8217;Innovation et la Transformation des Entreprises, ce que gagneront les entreprises b\u00e9n\u00e9ficiaires\"}]},{\"@type\":\"WebSite\",\"@id\":\"https:\/\/www.africa-press.net\/cotedivoire\/#website\",\"url\":\"https:\/\/www.africa-press.net\/cotedivoire\/\",\"name\":\"C\u00f4te d&#039;Ivoire\",\"description\":\"Just another Africa News Agency Sites site\",\"potentialAction\":[{\"@type\":\"SearchAction\",\"target\":{\"@type\":\"EntryPoint\",\"urlTemplate\":\"https:\/\/www.africa-press.net\/cotedivoire\/?s={search_term_string}\"},\"query-input\":{\"@type\":\"PropertyValueSpecification\",\"valueRequired\":true,\"valueName\":\"search_term_string\"}}],\"inLanguage\":\"fr-FR\"},{\"@type\":\"Person\",\"@id\":\"https:\/\/www.africa-press.net\/cotedivoire\/#\/schema\/person\/2b1cf3cd81a31e3cd26889ca66d677f1\",\"name\":\"cfeditorfr\"}]}<\/script>\n<!-- \/ Yoast SEO Premium plugin. -->","yoast_head_json":{"title":"Patrick Achi va proc\u00e9der mercredi au lancement du Programme Economique Pour l'Innovation et la Transformation des Entreprises, ce que gagneront les entreprises b\u00e9n\u00e9ficiaires - C\u00f4te d&#039;Ivoire","description":"Le Premier Ministre, Patrick Achi, va proc\u00e9der ce mercredi 05 octobre 2022 au lancement du Programme Economique Pour l\u2019I ...","robots":{"index":"index","follow":"follow","max-snippet":"max-snippet:-1","max-image-preview":"max-image-preview:large","max-video-preview":"max-video-preview:-1"},"canonical":"https:\/\/www.africa-press.net\/cotedivoire\/economie\/patrick-achi-va-proceder-mercredi-au-lancement-du-programme-economique-pour-linnovation-et-la-transformation-des-entreprises-ce-que-gagneront-les-entreprises-beneficiaires","og_locale":"fr_FR","og_type":"article","og_title":"Patrick Achi va proc\u00e9der mercredi au lancement du Programme Economique Pour l'Innovation et la Transformation des Entreprises, ce que gagneront les entreprises b\u00e9n\u00e9ficiaires","og_description":"Le Premier Ministre, Patrick Achi, va proc\u00e9der ce mercredi 05 octobre 2022 au lancement du Programme Economique Pour l\u2019I ...","og_url":"https:\/\/www.africa-press.net\/cotedivoire\/economie\/patrick-achi-va-proceder-mercredi-au-lancement-du-programme-economique-pour-linnovation-et-la-transformation-des-entreprises-ce-que-gagneront-les-entreprises-beneficiaires","og_site_name":"C\u00f4te d&#039;Ivoire","article_published_time":"2022-10-04T15:50:47+00:00","article_modified_time":"2022-10-04T16:24:24+00:00","og_image":[{"width":720,"height":630,"url":"https:\/\/static.africa-press.net\/cote\/sites\/43\/2022\/10\/postQueueImg_13.jpg","type":"image\/jpeg"}],"author":"cfeditorfr","twitter_card":"summary_large_image","twitter_misc":{"\u00c9crit par":"cfeditorfr","Dur\u00e9e de lecture estim\u00e9e":"2 minutes"},"schema":{"@context":"https:\/\/schema.org","@graph":[{"@type":"Article","@id":"https:\/\/www.africa-press.net\/cotedivoire\/economie\/patrick-achi-va-proceder-mercredi-au-lancement-du-programme-economique-pour-linnovation-et-la-transformation-des-entreprises-ce-que-gagneront-les-entreprises-beneficiaires#article","isPartOf":{"@id":"https:\/\/www.africa-press.net\/cotedivoire\/economie\/patrick-achi-va-proceder-mercredi-au-lancement-du-programme-economique-pour-linnovation-et-la-transformation-des-entreprises-ce-que-gagneront-les-entreprises-beneficiaires"},"author":{"name":"cfeditorfr","@id":"https:\/\/www.africa-press.net\/cotedivoire\/#\/schema\/person\/2b1cf3cd81a31e3cd26889ca66d677f1"},"headline":"Patrick Achi va proc\u00e9der mercredi au lancement du Programme Economique Pour l&rsquo;Innovation et la Transformation des Entreprises, ce que gagneront les entreprises b\u00e9n\u00e9ficiaires","datePublished":"2022-10-04T15:50:47+00:00","dateModified":"2022-10-04T16:24:24+00:00","mainEntityOfPage":{"@id":"https:\/\/www.africa-press.net\/cotedivoire\/economie\/patrick-achi-va-proceder-mercredi-au-lancement-du-programme-economique-pour-linnovation-et-la-transformation-des-entreprises-ce-que-gagneront-les-entreprises-beneficiaires"},"wordCount":382,"commentCount":0,"image":{"@id":"https:\/\/www.africa-press.net\/cotedivoire\/economie\/patrick-achi-va-proceder-mercredi-au-lancement-du-programme-economique-pour-linnovation-et-la-transformation-des-entreprises-ce-que-gagneront-les-entreprises-beneficiaires#primaryimage"},"thumbnailUrl":"https:\/\/static.africa-press.net\/cote\/sites\/43\/2022\/10\/postQueueImg_13.jpg","keywords":["Africa Press","Africa Press-C\u00f4te d'Ivoire","Alassane Ouattara","C\u00d4TE D'IVOIRE","entreprises","Patrick Achi","PEPITE","vision 2030"],"articleSection":["\u00c9conomie","homepage-french","Toutes les actualit\u00e9s"],"inLanguage":"fr-FR","potentialAction":[{"@type":"CommentAction","name":"Comment","target":["https:\/\/www.africa-press.net\/cotedivoire\/economie\/patrick-achi-va-proceder-mercredi-au-lancement-du-programme-economique-pour-linnovation-et-la-transformation-des-entreprises-ce-que-gagneront-les-entreprises-beneficiaires#respond"]}]},{"@type":"WebPage","@id":"https:\/\/www.africa-press.net\/cotedivoire\/economie\/patrick-achi-va-proceder-mercredi-au-lancement-du-programme-economique-pour-linnovation-et-la-transformation-des-entreprises-ce-que-gagneront-les-entreprises-beneficiaires","url":"https:\/\/www.africa-press.net\/cotedivoire\/economie\/patrick-achi-va-proceder-mercredi-au-lancement-du-programme-economique-pour-linnovation-et-la-transformation-des-entreprises-ce-que-gagneront-les-entreprises-beneficiaires","name":"Patrick Achi va proc\u00e9der mercredi au lancement du Programme Economique Pour l'Innovation et la Transformation des Entreprises, ce que gagneront les entreprises b\u00e9n\u00e9ficiaires - C\u00f4te d&#039;Ivoire","isPartOf":{"@id":"https:\/\/www.africa-press.net\/cotedivoire\/#website"},"primaryImageOfPage":{"@id":"https:\/\/www.africa-press.net\/cotedivoire\/economie\/patrick-achi-va-proceder-mercredi-au-lancement-du-programme-economique-pour-linnovation-et-la-transformation-des-entreprises-ce-que-gagneront-les-entreprises-beneficiaires#primaryimage"},"image":{"@id":"https:\/\/www.africa-press.net\/cotedivoire\/economie\/patrick-achi-va-proceder-mercredi-au-lancement-du-programme-economique-pour-linnovation-et-la-transformation-des-entreprises-ce-que-gagneront-les-entreprises-beneficiaires#primaryimage"},"thumbnailUrl":"https:\/\/static.africa-press.net\/cote\/sites\/43\/2022\/10\/postQueueImg_13.jpg","datePublished":"2022-10-04T15:50:47+00:00","dateModified":"2022-10-04T16:24:24+00:00","author":{"@id":"https:\/\/www.africa-press.net\/cotedivoire\/#\/schema\/person\/2b1cf3cd81a31e3cd26889ca66d677f1"},"description":"Le Premier Ministre, Patrick Achi, va proc\u00e9der ce mercredi 05 octobre 2022 au lancement du Programme Economique Pour l\u2019I ...","breadcrumb":{"@id":"https:\/\/www.africa-press.net\/cotedivoire\/economie\/patrick-achi-va-proceder-mercredi-au-lancement-du-programme-economique-pour-linnovation-et-la-transformation-des-entreprises-ce-que-gagneront-les-entreprises-beneficiaires#breadcrumb"},"inLanguage":"fr-FR","potentialAction":[{"@type":"ReadAction","target":["https:\/\/www.africa-press.net\/cotedivoire\/economie\/patrick-achi-va-proceder-mercredi-au-lancement-du-programme-economique-pour-linnovation-et-la-transformation-des-entreprises-ce-que-gagneront-les-entreprises-beneficiaires"]}]},{"@type":"ImageObject","inLanguage":"fr-FR","@id":"https:\/\/www.africa-press.net\/cotedivoire\/economie\/patrick-achi-va-proceder-mercredi-au-lancement-du-programme-economique-pour-linnovation-et-la-transformation-des-entreprises-ce-que-gagneront-les-entreprises-beneficiaires#primaryimage","url":"https:\/\/static.africa-press.net\/cote\/sites\/43\/2022\/10\/postQueueImg_13.jpg","contentUrl":"https:\/\/static.africa-press.net\/cote\/sites\/43\/2022\/10\/postQueueImg_13.jpg","width":720,"height":630,"caption":"Patrick Achi va proc\u00e9der mercredi au lancement du Programme Economique Pour l'Innovation et la Transformation des Entreprises, ce que gagneront les entreprises b\u00e9n\u00e9ficiaires"},{"@type":"BreadcrumbList","@id":"https:\/\/www.africa-press.net\/cotedivoire\/economie\/patrick-achi-va-proceder-mercredi-au-lancement-du-programme-economique-pour-linnovation-et-la-transformation-des-entreprises-ce-que-gagneront-les-entreprises-beneficiaires#breadcrumb","itemListElement":[{"@type":"ListItem","position":1,"name":"Accueil","item":"https:\/\/www.africa-press.net\/cotedivoire\/"},{"@type":"ListItem","position":2,"name":"Patrick Achi va proc\u00e9der mercredi au lancement du Programme Economique Pour l&#8217;Innovation et la Transformation des Entreprises, ce que gagneront les entreprises b\u00e9n\u00e9ficiaires"}]},{"@type":"WebSite","@id":"https:\/\/www.africa-press.net\/cotedivoire\/#website","url":"https:\/\/www.africa-press.net\/cotedivoire\/","name":"C\u00f4te d&#039;Ivoire","description":"Just another Africa News Agency Sites site","potentialAction":[{"@type":"SearchAction","target":{"@type":"EntryPoint","urlTemplate":"https:\/\/www.africa-press.net\/cotedivoire\/?s={search_term_string}"},"query-input":{"@type":"PropertyValueSpecification","valueRequired":true,"valueName":"search_term_string"}}],"inLanguage":"fr-FR"},{"@type":"Person","@id":"https:\/\/www.africa-press.net\/cotedivoire\/#\/schema\/person\/2b1cf3cd81a31e3cd26889ca66d677f1","name":"cfeditorfr"}]}},"_links":{"self":[{"href":"https:\/\/www.africa-press.net\/cotedivoire\/wp-json\/wp\/v2\/posts\/45723","targetHints":{"allow":["GET"]}}],"collection":[{"href":"https:\/\/www.africa-press.net\/cotedivoire\/wp-json\/wp\/v2\/posts"}],"about":[{"href":"https:\/\/www.africa-press.net\/cotedivoire\/wp-json\/wp\/v2\/types\/post"}],"author":[{"embeddable":true,"href":"https:\/\/www.africa-press.net\/cotedivoire\/wp-json\/wp\/v2\/users\/82"}],"replies":[{"embeddable":true,"href":"https:\/\/www.africa-press.net\/cotedivoire\/wp-json\/wp\/v2\/comments?post=45723"}],"version-history":[{"count":0,"href":"https:\/\/www.africa-press.net\/cotedivoire\/wp-json\/wp\/v2\/posts\/45723\/revisions"}],"wp:featuredmedia":[{"embeddable":true,"href":"https:\/\/www.africa-press.net\/cotedivoire\/wp-json\/wp\/v2\/media\/45722"}],"wp:attachment":[{"href":"https:\/\/www.africa-press.net\/cotedivoire\/wp-json\/wp\/v2\/media?parent=45723"}],"wp:term":[{"taxonomy":"category","embeddable":true,"href":"https:\/\/www.africa-press.net\/cotedivoire\/wp-json\/wp\/v2\/categories?post=45723"},{"taxonomy":"post_tag","embeddable":true,"href":"https:\/\/www.africa-press.net\/cotedivoire\/wp-json\/wp\/v2\/tags?post=45723"}],"curies":[{"name":"wp","href":"https:\/\/api.w.org\/{rel}","templated":true}]}}