{"id":45818,"date":"2022-10-06T10:04:56","date_gmt":"2022-10-06T10:04:56","guid":{"rendered":"https:\/\/www.africa-press.net\/cotedivoire\/politique\/moussa-sanogo-quand-une-economie-nest-pas-capable-de-mobiliser-suffisamment-de-ressources-a-linterieur-le-pays-est-oblige-de-rechercher-a-lexterieur"},"modified":"2022-10-06T10:23:22","modified_gmt":"2022-10-06T10:23:22","slug":"moussa-sanogo-quand-une-economie-nest-pas-capable-de-mobiliser-suffisamment-de-ressources-a-linterieur-le-pays-est-oblige-de-rechercher-a-lexterieur","status":"publish","type":"post","link":"https:\/\/www.africa-press.net\/cotedivoire\/economie\/moussa-sanogo-quand-une-economie-nest-pas-capable-de-mobiliser-suffisamment-de-ressources-a-linterieur-le-pays-est-oblige-de-rechercher-a-lexterieur","title":{"rendered":"Moussa Sanogo : \u00ab Quand une \u00e9conomie n&rsquo;est pas capable de mobiliser suffisamment de ressources \u00e0 l&rsquo;int\u00e9rieur, le pays est oblig\u00e9 de rechercher \u00e0 l&rsquo;ext\u00e9rieur&#8230; \u00bb"},"content":{"rendered":"<p><span style=\"color: #ff6600\"><strong>Africa-Press &#8211; C\u00f4te d&rsquo;Ivoire. <\/strong><\/span>\u00ab Quand une \u00e9conomie n\u2019est pas capable de mobiliser suffisamment de ressources \u00e0 l\u2019int\u00e9rieur, alors le pays est oblig\u00e9 de rechercher \u00e0 l\u2019ext\u00e9rieur les ressources manquantes pour financer les biens et services collectifs \u00bb,<\/p>\n<p>Telle est la substance de la d\u00e9claration faite lundi dernier, par le Ministre du Budget et du Portefeuille de l\u2019Etat, Moussa Sanogo.<\/p>\n<p>Il intervenait dans le cadre du panel 2 sur le sous-th\u00e8me : \u00ab L\u2019Afrique face \u00e0 la reconstitution de l\u2019ordre \u00e9conomique mondial \u00bb, lors d\u2019un forum international organis\u00e9, par le Centre d\u2019\u00e9tudes prospectives (CEP), a-t-on appris de sources concordantes.<\/p>\n<p>Selon le Ministre, la question de la mobilisation des ressources int\u00e9rieures d\u2019un pays est intimement li\u00e9e \u00e0 la question de la souverainet\u00e9<\/p>\n<p>Pour r\u00e9duire leur niveau de d\u00e9pendance des ressources ext\u00e9rieures, le ministre du Budget pense que les Etats doivent adresser un certain nombre de questions li\u00e9es \u00e0 la comp\u00e9tence de leurs \u00e9conomies, en plus de disposer d\u2019une administration fiscale suffisamment performante pour collecter l\u2019ensemble des ressources dont le pays a besoin pour financer les investissements : routes, \u00e9coles, etc.<\/p>\n<p><strong>Pour plus d&rsquo;informations et d&rsquo;analyses sur la <a href=\"https:\/\/www.africa-press.net\/cotedivoire\">C\u00f4te d&rsquo;Ivoire<\/a>, suivez <a href=\"https:\/\/www.africa-press.net\/\">Africa-Press<\/a><\/strong><\/p>\n","protected":false},"excerpt":{"rendered":"<p>Africa-Press &#8211; C\u00f4te d&rsquo;Ivoire. \u00ab Quand une \u00e9conomie n\u2019est pas capable de mobiliser suffisamment de ressources \u00e0 l\u2019int\u00e9rieur, alors le pays est oblig\u00e9 de rechercher \u00e0 l\u2019ext\u00e9rieur les ressources manquantes pour financer les biens et services collectifs \u00bb, Telle est la substance de la d\u00e9claration faite lundi dernier, par le Ministre du Budget et du [&hellip;]<\/p>\n","protected":false},"author":82,"featured_media":45817,"comment_status":"open","ping_status":"closed","sticky":false,"template":"","format":"standard","meta":{"footnotes":""},"categories":[3,11,10],"tags":[56,63,7727,29,2486,1102,6257,5441],"class_list":["post-45818","post","type-post","status-publish","format-standard","has-post-thumbnail","hentry","category-economie","category-homepage-french","category-toutes-les-actualites","tag-africa-press","tag-africa-press-cote-divoire","tag-cep","tag-cote-divoire","tag-forum","tag-moussa-sanogo","tag-ressources","tag-souverainete"],"yoast_head":"<!-- This site is optimized with the Yoast SEO Premium plugin v26.1 (Yoast SEO v27.0) - https:\/\/yoast.com\/product\/yoast-seo-premium-wordpress\/ -->\n<title>Moussa Sanogo : \u00ab Quand une \u00e9conomie n&#039;est pas capable de mobiliser suffisamment de ressources \u00e0 l&#039;int\u00e9rieur, le pays est oblig\u00e9 de rechercher \u00e0 l&#039;ext\u00e9rieur... \u00bb - C\u00f4te d&#039;Ivoire<\/title>\n<meta name=\"description\" content=\"\u00ab Quand une \u00e9conomie n\u2019est pas capable de mobiliser suffisamment de ressources \u00e0 l\u2019int\u00e9rieur, alors le pays est oblig\u00e9 d ...\" \/>\n<meta name=\"robots\" content=\"index, follow, max-snippet:-1, max-image-preview:large, max-video-preview:-1\" \/>\n<link rel=\"canonical\" href=\"https:\/\/www.africa-press.net\/cotedivoire\/economie\/moussa-sanogo-quand-une-economie-nest-pas-capable-de-mobiliser-suffisamment-de-ressources-a-linterieur-le-pays-est-oblige-de-rechercher-a-lexterieur\" \/>\n<meta property=\"og:locale\" content=\"fr_FR\" \/>\n<meta property=\"og:type\" content=\"article\" \/>\n<meta property=\"og:title\" content=\"Moussa Sanogo : \u00ab Quand une \u00e9conomie n&#039;est pas capable de mobiliser suffisamment de ressources \u00e0 l&#039;int\u00e9rieur, le pays est oblig\u00e9 de rechercher \u00e0 l&#039;ext\u00e9rieur... \u00bb\" \/>\n<meta property=\"og:description\" content=\"\u00ab Quand une \u00e9conomie n\u2019est pas capable de mobiliser suffisamment de ressources \u00e0 l\u2019int\u00e9rieur, alors le pays est oblig\u00e9 d ...\" \/>\n<meta property=\"og:url\" content=\"https:\/\/www.africa-press.net\/cotedivoire\/economie\/moussa-sanogo-quand-une-economie-nest-pas-capable-de-mobiliser-suffisamment-de-ressources-a-linterieur-le-pays-est-oblige-de-rechercher-a-lexterieur\" \/>\n<meta property=\"og:site_name\" content=\"C\u00f4te d&#039;Ivoire\" \/>\n<meta property=\"article:published_time\" content=\"2022-10-06T10:04:56+00:00\" \/>\n<meta property=\"article:modified_time\" content=\"2022-10-06T10:23:22+00:00\" \/>\n<meta property=\"og:image\" content=\"https:\/\/static.africa-press.net\/cote\/sites\/43\/2022\/10\/postQueueImg_12-633eac7e682a8.jpg\" \/>\n\t<meta property=\"og:image:width\" content=\"720\" \/>\n\t<meta property=\"og:image:height\" content=\"410\" \/>\n\t<meta property=\"og:image:type\" content=\"image\/jpeg\" \/>\n<meta name=\"author\" content=\"cfeditorfr\" \/>\n<meta name=\"twitter:card\" content=\"summary_large_image\" \/>\n<meta name=\"twitter:label1\" content=\"\u00c9crit par\" \/>\n\t<meta name=\"twitter:data1\" content=\"cfeditorfr\" \/>\n\t<meta name=\"twitter:label2\" content=\"Dur\u00e9e de lecture estim\u00e9e\" \/>\n\t<meta name=\"twitter:data2\" content=\"1 minute\" \/>\n<script type=\"application\/ld+json\" class=\"yoast-schema-graph\">{\"@context\":\"https:\/\/schema.org\",\"@graph\":[{\"@type\":\"Article\",\"@id\":\"https:\/\/www.africa-press.net\/cotedivoire\/economie\/moussa-sanogo-quand-une-economie-nest-pas-capable-de-mobiliser-suffisamment-de-ressources-a-linterieur-le-pays-est-oblige-de-rechercher-a-lexterieur#article\",\"isPartOf\":{\"@id\":\"https:\/\/www.africa-press.net\/cotedivoire\/economie\/moussa-sanogo-quand-une-economie-nest-pas-capable-de-mobiliser-suffisamment-de-ressources-a-linterieur-le-pays-est-oblige-de-rechercher-a-lexterieur\"},\"author\":{\"name\":\"cfeditorfr\",\"@id\":\"https:\/\/www.africa-press.net\/cotedivoire\/#\/schema\/person\/2b1cf3cd81a31e3cd26889ca66d677f1\"},\"headline\":\"Moussa Sanogo : \u00ab Quand une \u00e9conomie n&rsquo;est pas capable de mobiliser suffisamment de ressources \u00e0 l&rsquo;int\u00e9rieur, le pays est oblig\u00e9 de rechercher \u00e0 l&rsquo;ext\u00e9rieur&#8230; \u00bb\",\"datePublished\":\"2022-10-06T10:04:56+00:00\",\"dateModified\":\"2022-10-06T10:23:22+00:00\",\"mainEntityOfPage\":{\"@id\":\"https:\/\/www.africa-press.net\/cotedivoire\/economie\/moussa-sanogo-quand-une-economie-nest-pas-capable-de-mobiliser-suffisamment-de-ressources-a-linterieur-le-pays-est-oblige-de-rechercher-a-lexterieur\"},\"wordCount\":232,\"commentCount\":0,\"image\":{\"@id\":\"https:\/\/www.africa-press.net\/cotedivoire\/economie\/moussa-sanogo-quand-une-economie-nest-pas-capable-de-mobiliser-suffisamment-de-ressources-a-linterieur-le-pays-est-oblige-de-rechercher-a-lexterieur#primaryimage\"},\"thumbnailUrl\":\"https:\/\/static.africa-press.net\/cote\/sites\/43\/2022\/10\/postQueueImg_12-633eac7e682a8.jpg\",\"keywords\":[\"Africa Press\",\"Africa Press-C\u00f4te d'Ivoire\",\"CEP\",\"C\u00d4TE D'IVOIRE\",\"Forum\",\"Moussa Sanogo\",\"ressources\",\"souverainet\u00e9\"],\"articleSection\":[\"\u00c9conomie\",\"homepage-french\",\"Toutes les actualit\u00e9s\"],\"inLanguage\":\"fr-FR\",\"potentialAction\":[{\"@type\":\"CommentAction\",\"name\":\"Comment\",\"target\":[\"https:\/\/www.africa-press.net\/cotedivoire\/economie\/moussa-sanogo-quand-une-economie-nest-pas-capable-de-mobiliser-suffisamment-de-ressources-a-linterieur-le-pays-est-oblige-de-rechercher-a-lexterieur#respond\"]}]},{\"@type\":\"WebPage\",\"@id\":\"https:\/\/www.africa-press.net\/cotedivoire\/economie\/moussa-sanogo-quand-une-economie-nest-pas-capable-de-mobiliser-suffisamment-de-ressources-a-linterieur-le-pays-est-oblige-de-rechercher-a-lexterieur\",\"url\":\"https:\/\/www.africa-press.net\/cotedivoire\/economie\/moussa-sanogo-quand-une-economie-nest-pas-capable-de-mobiliser-suffisamment-de-ressources-a-linterieur-le-pays-est-oblige-de-rechercher-a-lexterieur\",\"name\":\"Moussa Sanogo : \u00ab Quand une \u00e9conomie n'est pas capable de mobiliser suffisamment de ressources \u00e0 l'int\u00e9rieur, le pays est oblig\u00e9 de rechercher \u00e0 l'ext\u00e9rieur... \u00bb - C\u00f4te d&#039;Ivoire\",\"isPartOf\":{\"@id\":\"https:\/\/www.africa-press.net\/cotedivoire\/#website\"},\"primaryImageOfPage\":{\"@id\":\"https:\/\/www.africa-press.net\/cotedivoire\/economie\/moussa-sanogo-quand-une-economie-nest-pas-capable-de-mobiliser-suffisamment-de-ressources-a-linterieur-le-pays-est-oblige-de-rechercher-a-lexterieur#primaryimage\"},\"image\":{\"@id\":\"https:\/\/www.africa-press.net\/cotedivoire\/economie\/moussa-sanogo-quand-une-economie-nest-pas-capable-de-mobiliser-suffisamment-de-ressources-a-linterieur-le-pays-est-oblige-de-rechercher-a-lexterieur#primaryimage\"},\"thumbnailUrl\":\"https:\/\/static.africa-press.net\/cote\/sites\/43\/2022\/10\/postQueueImg_12-633eac7e682a8.jpg\",\"datePublished\":\"2022-10-06T10:04:56+00:00\",\"dateModified\":\"2022-10-06T10:23:22+00:00\",\"author\":{\"@id\":\"https:\/\/www.africa-press.net\/cotedivoire\/#\/schema\/person\/2b1cf3cd81a31e3cd26889ca66d677f1\"},\"description\":\"\u00ab Quand une \u00e9conomie n\u2019est pas capable de mobiliser suffisamment de ressources \u00e0 l\u2019int\u00e9rieur, alors le pays est oblig\u00e9 d ...\",\"breadcrumb\":{\"@id\":\"https:\/\/www.africa-press.net\/cotedivoire\/economie\/moussa-sanogo-quand-une-economie-nest-pas-capable-de-mobiliser-suffisamment-de-ressources-a-linterieur-le-pays-est-oblige-de-rechercher-a-lexterieur#breadcrumb\"},\"inLanguage\":\"fr-FR\",\"potentialAction\":[{\"@type\":\"ReadAction\",\"target\":[\"https:\/\/www.africa-press.net\/cotedivoire\/economie\/moussa-sanogo-quand-une-economie-nest-pas-capable-de-mobiliser-suffisamment-de-ressources-a-linterieur-le-pays-est-oblige-de-rechercher-a-lexterieur\"]}]},{\"@type\":\"ImageObject\",\"inLanguage\":\"fr-FR\",\"@id\":\"https:\/\/www.africa-press.net\/cotedivoire\/economie\/moussa-sanogo-quand-une-economie-nest-pas-capable-de-mobiliser-suffisamment-de-ressources-a-linterieur-le-pays-est-oblige-de-rechercher-a-lexterieur#primaryimage\",\"url\":\"https:\/\/static.africa-press.net\/cote\/sites\/43\/2022\/10\/postQueueImg_12-633eac7e682a8.jpg\",\"contentUrl\":\"https:\/\/static.africa-press.net\/cote\/sites\/43\/2022\/10\/postQueueImg_12-633eac7e682a8.jpg\",\"width\":720,\"height\":410,\"caption\":\"Moussa Sanogo : \u00ab Quand une \u00e9conomie n'est pas capable de mobiliser suffisamment de ressources \u00e0 l'int\u00e9rieur, le pays est oblig\u00e9 de rechercher \u00e0 l'ext\u00e9rieur... \u00bb\"},{\"@type\":\"BreadcrumbList\",\"@id\":\"https:\/\/www.africa-press.net\/cotedivoire\/economie\/moussa-sanogo-quand-une-economie-nest-pas-capable-de-mobiliser-suffisamment-de-ressources-a-linterieur-le-pays-est-oblige-de-rechercher-a-lexterieur#breadcrumb\",\"itemListElement\":[{\"@type\":\"ListItem\",\"position\":1,\"name\":\"Accueil\",\"item\":\"https:\/\/www.africa-press.net\/cotedivoire\/\"},{\"@type\":\"ListItem\",\"position\":2,\"name\":\"Moussa Sanogo : \u00ab Quand une \u00e9conomie n&#8217;est pas capable de mobiliser suffisamment de ressources \u00e0 l&#8217;int\u00e9rieur, le pays est oblig\u00e9 de rechercher \u00e0 l&#8217;ext\u00e9rieur&#8230; \u00bb\"}]},{\"@type\":\"WebSite\",\"@id\":\"https:\/\/www.africa-press.net\/cotedivoire\/#website\",\"url\":\"https:\/\/www.africa-press.net\/cotedivoire\/\",\"name\":\"C\u00f4te d&#039;Ivoire\",\"description\":\"Just another Africa News Agency Sites site\",\"potentialAction\":[{\"@type\":\"SearchAction\",\"target\":{\"@type\":\"EntryPoint\",\"urlTemplate\":\"https:\/\/www.africa-press.net\/cotedivoire\/?s={search_term_string}\"},\"query-input\":{\"@type\":\"PropertyValueSpecification\",\"valueRequired\":true,\"valueName\":\"search_term_string\"}}],\"inLanguage\":\"fr-FR\"},{\"@type\":\"Person\",\"@id\":\"https:\/\/www.africa-press.net\/cotedivoire\/#\/schema\/person\/2b1cf3cd81a31e3cd26889ca66d677f1\",\"name\":\"cfeditorfr\"}]}<\/script>\n<!-- \/ Yoast SEO Premium plugin. -->","yoast_head_json":{"title":"Moussa Sanogo : \u00ab Quand une \u00e9conomie n'est pas capable de mobiliser suffisamment de ressources \u00e0 l'int\u00e9rieur, le pays est oblig\u00e9 de rechercher \u00e0 l'ext\u00e9rieur... \u00bb - C\u00f4te d&#039;Ivoire","description":"\u00ab Quand une \u00e9conomie n\u2019est pas capable de mobiliser suffisamment de ressources \u00e0 l\u2019int\u00e9rieur, alors le pays est oblig\u00e9 d ...","robots":{"index":"index","follow":"follow","max-snippet":"max-snippet:-1","max-image-preview":"max-image-preview:large","max-video-preview":"max-video-preview:-1"},"canonical":"https:\/\/www.africa-press.net\/cotedivoire\/economie\/moussa-sanogo-quand-une-economie-nest-pas-capable-de-mobiliser-suffisamment-de-ressources-a-linterieur-le-pays-est-oblige-de-rechercher-a-lexterieur","og_locale":"fr_FR","og_type":"article","og_title":"Moussa Sanogo : \u00ab Quand une \u00e9conomie n'est pas capable de mobiliser suffisamment de ressources \u00e0 l'int\u00e9rieur, le pays est oblig\u00e9 de rechercher \u00e0 l'ext\u00e9rieur... \u00bb","og_description":"\u00ab Quand une \u00e9conomie n\u2019est pas capable de mobiliser suffisamment de ressources \u00e0 l\u2019int\u00e9rieur, alors le pays est oblig\u00e9 d ...","og_url":"https:\/\/www.africa-press.net\/cotedivoire\/economie\/moussa-sanogo-quand-une-economie-nest-pas-capable-de-mobiliser-suffisamment-de-ressources-a-linterieur-le-pays-est-oblige-de-rechercher-a-lexterieur","og_site_name":"C\u00f4te d&#039;Ivoire","article_published_time":"2022-10-06T10:04:56+00:00","article_modified_time":"2022-10-06T10:23:22+00:00","og_image":[{"width":720,"height":410,"url":"https:\/\/static.africa-press.net\/cote\/sites\/43\/2022\/10\/postQueueImg_12-633eac7e682a8.jpg","type":"image\/jpeg"}],"author":"cfeditorfr","twitter_card":"summary_large_image","twitter_misc":{"\u00c9crit par":"cfeditorfr","Dur\u00e9e de lecture estim\u00e9e":"1 minute"},"schema":{"@context":"https:\/\/schema.org","@graph":[{"@type":"Article","@id":"https:\/\/www.africa-press.net\/cotedivoire\/economie\/moussa-sanogo-quand-une-economie-nest-pas-capable-de-mobiliser-suffisamment-de-ressources-a-linterieur-le-pays-est-oblige-de-rechercher-a-lexterieur#article","isPartOf":{"@id":"https:\/\/www.africa-press.net\/cotedivoire\/economie\/moussa-sanogo-quand-une-economie-nest-pas-capable-de-mobiliser-suffisamment-de-ressources-a-linterieur-le-pays-est-oblige-de-rechercher-a-lexterieur"},"author":{"name":"cfeditorfr","@id":"https:\/\/www.africa-press.net\/cotedivoire\/#\/schema\/person\/2b1cf3cd81a31e3cd26889ca66d677f1"},"headline":"Moussa Sanogo : \u00ab Quand une \u00e9conomie n&rsquo;est pas capable de mobiliser suffisamment de ressources \u00e0 l&rsquo;int\u00e9rieur, le pays est oblig\u00e9 de rechercher \u00e0 l&rsquo;ext\u00e9rieur&#8230; \u00bb","datePublished":"2022-10-06T10:04:56+00:00","dateModified":"2022-10-06T10:23:22+00:00","mainEntityOfPage":{"@id":"https:\/\/www.africa-press.net\/cotedivoire\/economie\/moussa-sanogo-quand-une-economie-nest-pas-capable-de-mobiliser-suffisamment-de-ressources-a-linterieur-le-pays-est-oblige-de-rechercher-a-lexterieur"},"wordCount":232,"commentCount":0,"image":{"@id":"https:\/\/www.africa-press.net\/cotedivoire\/economie\/moussa-sanogo-quand-une-economie-nest-pas-capable-de-mobiliser-suffisamment-de-ressources-a-linterieur-le-pays-est-oblige-de-rechercher-a-lexterieur#primaryimage"},"thumbnailUrl":"https:\/\/static.africa-press.net\/cote\/sites\/43\/2022\/10\/postQueueImg_12-633eac7e682a8.jpg","keywords":["Africa Press","Africa Press-C\u00f4te d'Ivoire","CEP","C\u00d4TE D'IVOIRE","Forum","Moussa Sanogo","ressources","souverainet\u00e9"],"articleSection":["\u00c9conomie","homepage-french","Toutes les actualit\u00e9s"],"inLanguage":"fr-FR","potentialAction":[{"@type":"CommentAction","name":"Comment","target":["https:\/\/www.africa-press.net\/cotedivoire\/economie\/moussa-sanogo-quand-une-economie-nest-pas-capable-de-mobiliser-suffisamment-de-ressources-a-linterieur-le-pays-est-oblige-de-rechercher-a-lexterieur#respond"]}]},{"@type":"WebPage","@id":"https:\/\/www.africa-press.net\/cotedivoire\/economie\/moussa-sanogo-quand-une-economie-nest-pas-capable-de-mobiliser-suffisamment-de-ressources-a-linterieur-le-pays-est-oblige-de-rechercher-a-lexterieur","url":"https:\/\/www.africa-press.net\/cotedivoire\/economie\/moussa-sanogo-quand-une-economie-nest-pas-capable-de-mobiliser-suffisamment-de-ressources-a-linterieur-le-pays-est-oblige-de-rechercher-a-lexterieur","name":"Moussa Sanogo : \u00ab Quand une \u00e9conomie n'est pas capable de mobiliser suffisamment de ressources \u00e0 l'int\u00e9rieur, le pays est oblig\u00e9 de rechercher \u00e0 l'ext\u00e9rieur... \u00bb - C\u00f4te d&#039;Ivoire","isPartOf":{"@id":"https:\/\/www.africa-press.net\/cotedivoire\/#website"},"primaryImageOfPage":{"@id":"https:\/\/www.africa-press.net\/cotedivoire\/economie\/moussa-sanogo-quand-une-economie-nest-pas-capable-de-mobiliser-suffisamment-de-ressources-a-linterieur-le-pays-est-oblige-de-rechercher-a-lexterieur#primaryimage"},"image":{"@id":"https:\/\/www.africa-press.net\/cotedivoire\/economie\/moussa-sanogo-quand-une-economie-nest-pas-capable-de-mobiliser-suffisamment-de-ressources-a-linterieur-le-pays-est-oblige-de-rechercher-a-lexterieur#primaryimage"},"thumbnailUrl":"https:\/\/static.africa-press.net\/cote\/sites\/43\/2022\/10\/postQueueImg_12-633eac7e682a8.jpg","datePublished":"2022-10-06T10:04:56+00:00","dateModified":"2022-10-06T10:23:22+00:00","author":{"@id":"https:\/\/www.africa-press.net\/cotedivoire\/#\/schema\/person\/2b1cf3cd81a31e3cd26889ca66d677f1"},"description":"\u00ab Quand une \u00e9conomie n\u2019est pas capable de mobiliser suffisamment de ressources \u00e0 l\u2019int\u00e9rieur, alors le pays est oblig\u00e9 d ...","breadcrumb":{"@id":"https:\/\/www.africa-press.net\/cotedivoire\/economie\/moussa-sanogo-quand-une-economie-nest-pas-capable-de-mobiliser-suffisamment-de-ressources-a-linterieur-le-pays-est-oblige-de-rechercher-a-lexterieur#breadcrumb"},"inLanguage":"fr-FR","potentialAction":[{"@type":"ReadAction","target":["https:\/\/www.africa-press.net\/cotedivoire\/economie\/moussa-sanogo-quand-une-economie-nest-pas-capable-de-mobiliser-suffisamment-de-ressources-a-linterieur-le-pays-est-oblige-de-rechercher-a-lexterieur"]}]},{"@type":"ImageObject","inLanguage":"fr-FR","@id":"https:\/\/www.africa-press.net\/cotedivoire\/economie\/moussa-sanogo-quand-une-economie-nest-pas-capable-de-mobiliser-suffisamment-de-ressources-a-linterieur-le-pays-est-oblige-de-rechercher-a-lexterieur#primaryimage","url":"https:\/\/static.africa-press.net\/cote\/sites\/43\/2022\/10\/postQueueImg_12-633eac7e682a8.jpg","contentUrl":"https:\/\/static.africa-press.net\/cote\/sites\/43\/2022\/10\/postQueueImg_12-633eac7e682a8.jpg","width":720,"height":410,"caption":"Moussa Sanogo : \u00ab Quand une \u00e9conomie n'est pas capable de mobiliser suffisamment de ressources \u00e0 l'int\u00e9rieur, le pays est oblig\u00e9 de rechercher \u00e0 l'ext\u00e9rieur... \u00bb"},{"@type":"BreadcrumbList","@id":"https:\/\/www.africa-press.net\/cotedivoire\/economie\/moussa-sanogo-quand-une-economie-nest-pas-capable-de-mobiliser-suffisamment-de-ressources-a-linterieur-le-pays-est-oblige-de-rechercher-a-lexterieur#breadcrumb","itemListElement":[{"@type":"ListItem","position":1,"name":"Accueil","item":"https:\/\/www.africa-press.net\/cotedivoire\/"},{"@type":"ListItem","position":2,"name":"Moussa Sanogo : \u00ab Quand une \u00e9conomie n&#8217;est pas capable de mobiliser suffisamment de ressources \u00e0 l&#8217;int\u00e9rieur, le pays est oblig\u00e9 de rechercher \u00e0 l&#8217;ext\u00e9rieur&#8230; \u00bb"}]},{"@type":"WebSite","@id":"https:\/\/www.africa-press.net\/cotedivoire\/#website","url":"https:\/\/www.africa-press.net\/cotedivoire\/","name":"C\u00f4te d&#039;Ivoire","description":"Just another Africa News Agency Sites site","potentialAction":[{"@type":"SearchAction","target":{"@type":"EntryPoint","urlTemplate":"https:\/\/www.africa-press.net\/cotedivoire\/?s={search_term_string}"},"query-input":{"@type":"PropertyValueSpecification","valueRequired":true,"valueName":"search_term_string"}}],"inLanguage":"fr-FR"},{"@type":"Person","@id":"https:\/\/www.africa-press.net\/cotedivoire\/#\/schema\/person\/2b1cf3cd81a31e3cd26889ca66d677f1","name":"cfeditorfr"}]}},"_links":{"self":[{"href":"https:\/\/www.africa-press.net\/cotedivoire\/wp-json\/wp\/v2\/posts\/45818","targetHints":{"allow":["GET"]}}],"collection":[{"href":"https:\/\/www.africa-press.net\/cotedivoire\/wp-json\/wp\/v2\/posts"}],"about":[{"href":"https:\/\/www.africa-press.net\/cotedivoire\/wp-json\/wp\/v2\/types\/post"}],"author":[{"embeddable":true,"href":"https:\/\/www.africa-press.net\/cotedivoire\/wp-json\/wp\/v2\/users\/82"}],"replies":[{"embeddable":true,"href":"https:\/\/www.africa-press.net\/cotedivoire\/wp-json\/wp\/v2\/comments?post=45818"}],"version-history":[{"count":0,"href":"https:\/\/www.africa-press.net\/cotedivoire\/wp-json\/wp\/v2\/posts\/45818\/revisions"}],"wp:featuredmedia":[{"embeddable":true,"href":"https:\/\/www.africa-press.net\/cotedivoire\/wp-json\/wp\/v2\/media\/45817"}],"wp:attachment":[{"href":"https:\/\/www.africa-press.net\/cotedivoire\/wp-json\/wp\/v2\/media?parent=45818"}],"wp:term":[{"taxonomy":"category","embeddable":true,"href":"https:\/\/www.africa-press.net\/cotedivoire\/wp-json\/wp\/v2\/categories?post=45818"},{"taxonomy":"post_tag","embeddable":true,"href":"https:\/\/www.africa-press.net\/cotedivoire\/wp-json\/wp\/v2\/tags?post=45818"}],"curies":[{"name":"wp","href":"https:\/\/api.w.org\/{rel}","templated":true}]}}