{"id":45919,"date":"2022-10-08T20:54:07","date_gmt":"2022-10-08T20:54:07","guid":{"rendered":"https:\/\/www.africa-press.net\/cotedivoire\/politique\/les-activistes-pro-gbagbo-arracheurs-de-valise-diplomatique-condamnes-a-10-mois-de-prison-ferme"},"modified":"2022-10-08T20:58:50","modified_gmt":"2022-10-08T20:58:50","slug":"les-activistes-pro-gbagbo-arracheurs-de-valise-diplomatique-condamnes-a-10-mois-de-prison-ferme","status":"publish","type":"post","link":"https:\/\/www.africa-press.net\/cotedivoire\/politique\/les-activistes-pro-gbagbo-arracheurs-de-valise-diplomatique-condamnes-a-10-mois-de-prison-ferme","title":{"rendered":"Les activistes pro-Gbagbo arracheurs de valise diplomatique, condamn\u00e9s \u00e0 10 mois de prison ferme"},"content":{"rendered":"<p><span style=\"color: #ff6600\"><strong>Africa-Press &#8211; C\u00f4te d&rsquo;Ivoire. <\/strong><\/span>Ici en fe\u0301vrier 2019, Marcus en train de lutter la valise diplomatique avec un membre de la de\u0301le\u0301gation du pre\u0301sident Alassane Ouattara (Ph KOACI)<\/p>\n<p>C\u2019est une affaire qui avait fait le tour de la toile ivoirienne en fe\u0301vrier 2019. Le dimanche 17 fe\u0301vrier 2019, deux (02) activistes proches de l\u2019ancien pre\u0301sident Laurent Gbagbo, avaient tente\u0301, pour des raisons qu\u2019eux seuls savent, d&rsquo;arracher la valise diplomatique du chef de l\u2019Etat Alassane Ouattara.<\/p>\n<p>Dans une vide\u0301o, l\u2019on voyait ces deux opposants radicaux au Pre\u0301sident Alassane Ouattara tenter d\u2019arracher a\u0300 la de\u0301le\u0301gation diplomatique, une valise a\u0300 l\u2019Avenue Victor Hugo dans le 16e arrondissement de Paris.<\/p>\n<p>Pour des raisons ignore\u0301es, ces deux proches de Gbagbo soutenaient que la valise diplomatique contenait de l\u2019argent.<\/p>\n<p>Le protocole qui transportait ces valises pour les entasser dans une fourgonnette devant le domicile parisien du chef de l\u2019Etat ivoirien, s\u2019est vu lutter une valise avec l\u2019un des activistes. Marcus, le garc\u0327on du groupe, s\u2019e\u0301tait agrippe\u0301 a\u0300 une valise que transportait un membre de l\u2019e\u0301quipe d\u2019Alassane Ouattara qui l\u2019accompagnait dans son de\u0301placement pour une audience a\u0300 l\u2019Elyse\u0301e.<\/p>\n<p>L\u2019intervention de la police arrive\u0301e sur les lieux avait permis de placer en garde-a\u0300-vue les activistes au commissariat du 16e arrondissement de Paris.<\/p>\n<p>Naomie V. Tie\u0301de\u0301 ou \u00ab Maman Gbagbo \u00bb et Marcus, deux pro-Gbagbo, apre\u0300s une premie\u0300re condamnation a\u0300 10 mois avec sursis en 2020, viennent d\u2019e\u0302tre condamne\u0301s par la justice franc\u0327aise deux ans et sept mois apre\u0300s leur forfait.<\/p>\n<p>En effet, KOACI, qui suivait l\u2019affaire de pre\u0300s, apprend que la justice franc\u0327aise a condamne\u0301 a\u0300 10 mois de prison ferme les voleurs des valises diplomatiques devant l&rsquo;appartement du pre\u0301sident de la Re\u0301publique SEM Alassane Ouattara a\u0300 Paris.<\/p>\n<p>La nomme\u0301e Naomie V. Tie\u0301de\u0301 est incarce\u0301re\u0301e depuis le mercredi 5 octobre 2022, pour agression et tentative de vol de valise diplomatique. Quant au garc\u0327on Marcus, malgre\u0301 le premier appel de la de\u0301cision de justice, il a e\u0301te\u0301 e\u0301galement condamne\u0301 a\u0300 10 mois de prison ferme, apprend-on de sources diplomatiques.<\/p>\n<p><strong>Pour plus d&rsquo;informations et d&rsquo;analyses sur la <a href=\"https:\/\/www.africa-press.net\/cotedivoire\">C\u00f4te d&rsquo;Ivoire<\/a>, suivez <a href=\"https:\/\/www.africa-press.net\/\">Africa-Press<\/a><\/strong><\/p>\n","protected":false},"excerpt":{"rendered":"<p>Africa-Press &#8211; C\u00f4te d&rsquo;Ivoire. Ici en fe\u0301vrier 2019, Marcus en train de lutter la valise diplomatique avec un membre de la de\u0301le\u0301gation du pre\u0301sident Alassane Ouattara (Ph KOACI) C\u2019est une affaire qui avait fait le tour de la toile ivoirienne en fe\u0301vrier 2019. Le dimanche 17 fe\u0301vrier 2019, deux (02) activistes proches de l\u2019ancien pre\u0301sident [&hellip;]<\/p>\n","protected":false},"author":82,"featured_media":45918,"comment_status":"open","ping_status":"closed","sticky":false,"template":"","format":"standard","meta":{"footnotes":""},"categories":[2,10],"tags":[7748,56,63,29,320,7751,7750,727,7749],"class_list":["post-45919","post","type-post","status-publish","format-standard","has-post-thumbnail","hentry","category-politique","category-toutes-les-actualites","tag-activiste","tag-africa-press","tag-africa-press-cote-divoire","tag-cote-divoire","tag-gbagbo","tag-hugo","tag-naomie","tag-ouattara","tag-valise"],"yoast_head":"<!-- This site is optimized with the Yoast SEO Premium plugin v26.1 (Yoast SEO v27.0) - https:\/\/yoast.com\/product\/yoast-seo-premium-wordpress\/ -->\n<title>Les activistes pro-Gbagbo arracheurs de valise diplomatique, condamn\u00e9s \u00e0 10 mois de prison ferme - C\u00f4te d&#039;Ivoire<\/title>\n<meta name=\"description\" content=\"Ici en fe\u0301vrier 2019, Marcus en train de lutter la valise diplomatique avec un membre de la de\u0301le\u0301gation du pre\u0301sident A ...\" \/>\n<meta name=\"robots\" content=\"index, follow, max-snippet:-1, max-image-preview:large, max-video-preview:-1\" \/>\n<link rel=\"canonical\" href=\"https:\/\/www.africa-press.net\/cotedivoire\/politique\/les-activistes-pro-gbagbo-arracheurs-de-valise-diplomatique-condamnes-a-10-mois-de-prison-ferme\" \/>\n<meta property=\"og:locale\" content=\"fr_FR\" \/>\n<meta property=\"og:type\" content=\"article\" \/>\n<meta property=\"og:title\" content=\"Les activistes pro-Gbagbo arracheurs de valise diplomatique, condamn\u00e9s \u00e0 10 mois de prison ferme\" \/>\n<meta property=\"og:description\" content=\"Ici en fe\u0301vrier 2019, Marcus en train de lutter la valise diplomatique avec un membre de la de\u0301le\u0301gation du pre\u0301sident A ...\" \/>\n<meta property=\"og:url\" content=\"https:\/\/www.africa-press.net\/cotedivoire\/politique\/les-activistes-pro-gbagbo-arracheurs-de-valise-diplomatique-condamnes-a-10-mois-de-prison-ferme\" \/>\n<meta property=\"og:site_name\" content=\"C\u00f4te d&#039;Ivoire\" \/>\n<meta property=\"article:published_time\" content=\"2022-10-08T20:54:07+00:00\" \/>\n<meta property=\"article:modified_time\" content=\"2022-10-08T20:58:50+00:00\" \/>\n<meta property=\"og:image\" content=\"https:\/\/static.africa-press.net\/cote\/sites\/43\/2022\/10\/postQueueImg_4-6341e46c56341.jpg\" \/>\n\t<meta property=\"og:image:width\" content=\"1280\" \/>\n\t<meta property=\"og:image:height\" content=\"720\" \/>\n\t<meta property=\"og:image:type\" content=\"image\/jpeg\" \/>\n<meta name=\"author\" content=\"cfeditorfr\" \/>\n<meta name=\"twitter:card\" content=\"summary_large_image\" \/>\n<meta name=\"twitter:label1\" content=\"\u00c9crit par\" \/>\n\t<meta name=\"twitter:data1\" content=\"cfeditorfr\" \/>\n\t<meta name=\"twitter:label2\" content=\"Dur\u00e9e de lecture estim\u00e9e\" \/>\n\t<meta name=\"twitter:data2\" content=\"2 minutes\" \/>\n<script type=\"application\/ld+json\" class=\"yoast-schema-graph\">{\"@context\":\"https:\/\/schema.org\",\"@graph\":[{\"@type\":\"Article\",\"@id\":\"https:\/\/www.africa-press.net\/cotedivoire\/politique\/les-activistes-pro-gbagbo-arracheurs-de-valise-diplomatique-condamnes-a-10-mois-de-prison-ferme#article\",\"isPartOf\":{\"@id\":\"https:\/\/www.africa-press.net\/cotedivoire\/politique\/les-activistes-pro-gbagbo-arracheurs-de-valise-diplomatique-condamnes-a-10-mois-de-prison-ferme\"},\"author\":{\"name\":\"cfeditorfr\",\"@id\":\"https:\/\/www.africa-press.net\/cotedivoire\/#\/schema\/person\/2b1cf3cd81a31e3cd26889ca66d677f1\"},\"headline\":\"Les activistes pro-Gbagbo arracheurs de valise diplomatique, condamn\u00e9s \u00e0 10 mois de prison ferme\",\"datePublished\":\"2022-10-08T20:54:07+00:00\",\"dateModified\":\"2022-10-08T20:58:50+00:00\",\"mainEntityOfPage\":{\"@id\":\"https:\/\/www.africa-press.net\/cotedivoire\/politique\/les-activistes-pro-gbagbo-arracheurs-de-valise-diplomatique-condamnes-a-10-mois-de-prison-ferme\"},\"wordCount\":406,\"commentCount\":0,\"image\":{\"@id\":\"https:\/\/www.africa-press.net\/cotedivoire\/politique\/les-activistes-pro-gbagbo-arracheurs-de-valise-diplomatique-condamnes-a-10-mois-de-prison-ferme#primaryimage\"},\"thumbnailUrl\":\"https:\/\/static.africa-press.net\/cote\/sites\/43\/2022\/10\/postQueueImg_4-6341e46c56341.jpg\",\"keywords\":[\"activiste\",\"Africa Press\",\"Africa Press-C\u00f4te d'Ivoire\",\"C\u00d4TE D'IVOIRE\",\"Gbagbo\",\"Hugo\",\"Naomie\",\"Ouattara\",\"valise\"],\"articleSection\":[\"Politique\",\"Toutes les actualit\u00e9s\"],\"inLanguage\":\"fr-FR\",\"potentialAction\":[{\"@type\":\"CommentAction\",\"name\":\"Comment\",\"target\":[\"https:\/\/www.africa-press.net\/cotedivoire\/politique\/les-activistes-pro-gbagbo-arracheurs-de-valise-diplomatique-condamnes-a-10-mois-de-prison-ferme#respond\"]}]},{\"@type\":\"WebPage\",\"@id\":\"https:\/\/www.africa-press.net\/cotedivoire\/politique\/les-activistes-pro-gbagbo-arracheurs-de-valise-diplomatique-condamnes-a-10-mois-de-prison-ferme\",\"url\":\"https:\/\/www.africa-press.net\/cotedivoire\/politique\/les-activistes-pro-gbagbo-arracheurs-de-valise-diplomatique-condamnes-a-10-mois-de-prison-ferme\",\"name\":\"Les activistes pro-Gbagbo arracheurs de valise diplomatique, condamn\u00e9s \u00e0 10 mois de prison ferme - C\u00f4te d&#039;Ivoire\",\"isPartOf\":{\"@id\":\"https:\/\/www.africa-press.net\/cotedivoire\/#website\"},\"primaryImageOfPage\":{\"@id\":\"https:\/\/www.africa-press.net\/cotedivoire\/politique\/les-activistes-pro-gbagbo-arracheurs-de-valise-diplomatique-condamnes-a-10-mois-de-prison-ferme#primaryimage\"},\"image\":{\"@id\":\"https:\/\/www.africa-press.net\/cotedivoire\/politique\/les-activistes-pro-gbagbo-arracheurs-de-valise-diplomatique-condamnes-a-10-mois-de-prison-ferme#primaryimage\"},\"thumbnailUrl\":\"https:\/\/static.africa-press.net\/cote\/sites\/43\/2022\/10\/postQueueImg_4-6341e46c56341.jpg\",\"datePublished\":\"2022-10-08T20:54:07+00:00\",\"dateModified\":\"2022-10-08T20:58:50+00:00\",\"author\":{\"@id\":\"https:\/\/www.africa-press.net\/cotedivoire\/#\/schema\/person\/2b1cf3cd81a31e3cd26889ca66d677f1\"},\"description\":\"Ici en fe\u0301vrier 2019, Marcus en train de lutter la valise diplomatique avec un membre de la de\u0301le\u0301gation du pre\u0301sident A ...\",\"breadcrumb\":{\"@id\":\"https:\/\/www.africa-press.net\/cotedivoire\/politique\/les-activistes-pro-gbagbo-arracheurs-de-valise-diplomatique-condamnes-a-10-mois-de-prison-ferme#breadcrumb\"},\"inLanguage\":\"fr-FR\",\"potentialAction\":[{\"@type\":\"ReadAction\",\"target\":[\"https:\/\/www.africa-press.net\/cotedivoire\/politique\/les-activistes-pro-gbagbo-arracheurs-de-valise-diplomatique-condamnes-a-10-mois-de-prison-ferme\"]}]},{\"@type\":\"ImageObject\",\"inLanguage\":\"fr-FR\",\"@id\":\"https:\/\/www.africa-press.net\/cotedivoire\/politique\/les-activistes-pro-gbagbo-arracheurs-de-valise-diplomatique-condamnes-a-10-mois-de-prison-ferme#primaryimage\",\"url\":\"https:\/\/static.africa-press.net\/cote\/sites\/43\/2022\/10\/postQueueImg_4-6341e46c56341.jpg\",\"contentUrl\":\"https:\/\/static.africa-press.net\/cote\/sites\/43\/2022\/10\/postQueueImg_4-6341e46c56341.jpg\",\"width\":1280,\"height\":720,\"caption\":\"Les activistes pro-Gbagbo arracheurs de valise diplomatique, condamn\u00e9s \u00e0 10 mois de prison ferme\"},{\"@type\":\"BreadcrumbList\",\"@id\":\"https:\/\/www.africa-press.net\/cotedivoire\/politique\/les-activistes-pro-gbagbo-arracheurs-de-valise-diplomatique-condamnes-a-10-mois-de-prison-ferme#breadcrumb\",\"itemListElement\":[{\"@type\":\"ListItem\",\"position\":1,\"name\":\"Accueil\",\"item\":\"https:\/\/www.africa-press.net\/cotedivoire\/\"},{\"@type\":\"ListItem\",\"position\":2,\"name\":\"Les activistes pro-Gbagbo arracheurs de valise diplomatique, condamn\u00e9s \u00e0 10 mois de prison ferme\"}]},{\"@type\":\"WebSite\",\"@id\":\"https:\/\/www.africa-press.net\/cotedivoire\/#website\",\"url\":\"https:\/\/www.africa-press.net\/cotedivoire\/\",\"name\":\"C\u00f4te d&#039;Ivoire\",\"description\":\"Just another Africa News Agency Sites site\",\"potentialAction\":[{\"@type\":\"SearchAction\",\"target\":{\"@type\":\"EntryPoint\",\"urlTemplate\":\"https:\/\/www.africa-press.net\/cotedivoire\/?s={search_term_string}\"},\"query-input\":{\"@type\":\"PropertyValueSpecification\",\"valueRequired\":true,\"valueName\":\"search_term_string\"}}],\"inLanguage\":\"fr-FR\"},{\"@type\":\"Person\",\"@id\":\"https:\/\/www.africa-press.net\/cotedivoire\/#\/schema\/person\/2b1cf3cd81a31e3cd26889ca66d677f1\",\"name\":\"cfeditorfr\"}]}<\/script>\n<!-- \/ Yoast SEO Premium plugin. -->","yoast_head_json":{"title":"Les activistes pro-Gbagbo arracheurs de valise diplomatique, condamn\u00e9s \u00e0 10 mois de prison ferme - C\u00f4te d&#039;Ivoire","description":"Ici en fe\u0301vrier 2019, Marcus en train de lutter la valise diplomatique avec un membre de la de\u0301le\u0301gation du pre\u0301sident A ...","robots":{"index":"index","follow":"follow","max-snippet":"max-snippet:-1","max-image-preview":"max-image-preview:large","max-video-preview":"max-video-preview:-1"},"canonical":"https:\/\/www.africa-press.net\/cotedivoire\/politique\/les-activistes-pro-gbagbo-arracheurs-de-valise-diplomatique-condamnes-a-10-mois-de-prison-ferme","og_locale":"fr_FR","og_type":"article","og_title":"Les activistes pro-Gbagbo arracheurs de valise diplomatique, condamn\u00e9s \u00e0 10 mois de prison ferme","og_description":"Ici en fe\u0301vrier 2019, Marcus en train de lutter la valise diplomatique avec un membre de la de\u0301le\u0301gation du pre\u0301sident A ...","og_url":"https:\/\/www.africa-press.net\/cotedivoire\/politique\/les-activistes-pro-gbagbo-arracheurs-de-valise-diplomatique-condamnes-a-10-mois-de-prison-ferme","og_site_name":"C\u00f4te d&#039;Ivoire","article_published_time":"2022-10-08T20:54:07+00:00","article_modified_time":"2022-10-08T20:58:50+00:00","og_image":[{"width":1280,"height":720,"url":"https:\/\/static.africa-press.net\/cote\/sites\/43\/2022\/10\/postQueueImg_4-6341e46c56341.jpg","type":"image\/jpeg"}],"author":"cfeditorfr","twitter_card":"summary_large_image","twitter_misc":{"\u00c9crit par":"cfeditorfr","Dur\u00e9e de lecture estim\u00e9e":"2 minutes"},"schema":{"@context":"https:\/\/schema.org","@graph":[{"@type":"Article","@id":"https:\/\/www.africa-press.net\/cotedivoire\/politique\/les-activistes-pro-gbagbo-arracheurs-de-valise-diplomatique-condamnes-a-10-mois-de-prison-ferme#article","isPartOf":{"@id":"https:\/\/www.africa-press.net\/cotedivoire\/politique\/les-activistes-pro-gbagbo-arracheurs-de-valise-diplomatique-condamnes-a-10-mois-de-prison-ferme"},"author":{"name":"cfeditorfr","@id":"https:\/\/www.africa-press.net\/cotedivoire\/#\/schema\/person\/2b1cf3cd81a31e3cd26889ca66d677f1"},"headline":"Les activistes pro-Gbagbo arracheurs de valise diplomatique, condamn\u00e9s \u00e0 10 mois de prison ferme","datePublished":"2022-10-08T20:54:07+00:00","dateModified":"2022-10-08T20:58:50+00:00","mainEntityOfPage":{"@id":"https:\/\/www.africa-press.net\/cotedivoire\/politique\/les-activistes-pro-gbagbo-arracheurs-de-valise-diplomatique-condamnes-a-10-mois-de-prison-ferme"},"wordCount":406,"commentCount":0,"image":{"@id":"https:\/\/www.africa-press.net\/cotedivoire\/politique\/les-activistes-pro-gbagbo-arracheurs-de-valise-diplomatique-condamnes-a-10-mois-de-prison-ferme#primaryimage"},"thumbnailUrl":"https:\/\/static.africa-press.net\/cote\/sites\/43\/2022\/10\/postQueueImg_4-6341e46c56341.jpg","keywords":["activiste","Africa Press","Africa Press-C\u00f4te d'Ivoire","C\u00d4TE D'IVOIRE","Gbagbo","Hugo","Naomie","Ouattara","valise"],"articleSection":["Politique","Toutes les actualit\u00e9s"],"inLanguage":"fr-FR","potentialAction":[{"@type":"CommentAction","name":"Comment","target":["https:\/\/www.africa-press.net\/cotedivoire\/politique\/les-activistes-pro-gbagbo-arracheurs-de-valise-diplomatique-condamnes-a-10-mois-de-prison-ferme#respond"]}]},{"@type":"WebPage","@id":"https:\/\/www.africa-press.net\/cotedivoire\/politique\/les-activistes-pro-gbagbo-arracheurs-de-valise-diplomatique-condamnes-a-10-mois-de-prison-ferme","url":"https:\/\/www.africa-press.net\/cotedivoire\/politique\/les-activistes-pro-gbagbo-arracheurs-de-valise-diplomatique-condamnes-a-10-mois-de-prison-ferme","name":"Les activistes pro-Gbagbo arracheurs de valise diplomatique, condamn\u00e9s \u00e0 10 mois de prison ferme - C\u00f4te d&#039;Ivoire","isPartOf":{"@id":"https:\/\/www.africa-press.net\/cotedivoire\/#website"},"primaryImageOfPage":{"@id":"https:\/\/www.africa-press.net\/cotedivoire\/politique\/les-activistes-pro-gbagbo-arracheurs-de-valise-diplomatique-condamnes-a-10-mois-de-prison-ferme#primaryimage"},"image":{"@id":"https:\/\/www.africa-press.net\/cotedivoire\/politique\/les-activistes-pro-gbagbo-arracheurs-de-valise-diplomatique-condamnes-a-10-mois-de-prison-ferme#primaryimage"},"thumbnailUrl":"https:\/\/static.africa-press.net\/cote\/sites\/43\/2022\/10\/postQueueImg_4-6341e46c56341.jpg","datePublished":"2022-10-08T20:54:07+00:00","dateModified":"2022-10-08T20:58:50+00:00","author":{"@id":"https:\/\/www.africa-press.net\/cotedivoire\/#\/schema\/person\/2b1cf3cd81a31e3cd26889ca66d677f1"},"description":"Ici en fe\u0301vrier 2019, Marcus en train de lutter la valise diplomatique avec un membre de la de\u0301le\u0301gation du pre\u0301sident A ...","breadcrumb":{"@id":"https:\/\/www.africa-press.net\/cotedivoire\/politique\/les-activistes-pro-gbagbo-arracheurs-de-valise-diplomatique-condamnes-a-10-mois-de-prison-ferme#breadcrumb"},"inLanguage":"fr-FR","potentialAction":[{"@type":"ReadAction","target":["https:\/\/www.africa-press.net\/cotedivoire\/politique\/les-activistes-pro-gbagbo-arracheurs-de-valise-diplomatique-condamnes-a-10-mois-de-prison-ferme"]}]},{"@type":"ImageObject","inLanguage":"fr-FR","@id":"https:\/\/www.africa-press.net\/cotedivoire\/politique\/les-activistes-pro-gbagbo-arracheurs-de-valise-diplomatique-condamnes-a-10-mois-de-prison-ferme#primaryimage","url":"https:\/\/static.africa-press.net\/cote\/sites\/43\/2022\/10\/postQueueImg_4-6341e46c56341.jpg","contentUrl":"https:\/\/static.africa-press.net\/cote\/sites\/43\/2022\/10\/postQueueImg_4-6341e46c56341.jpg","width":1280,"height":720,"caption":"Les activistes pro-Gbagbo arracheurs de valise diplomatique, condamn\u00e9s \u00e0 10 mois de prison ferme"},{"@type":"BreadcrumbList","@id":"https:\/\/www.africa-press.net\/cotedivoire\/politique\/les-activistes-pro-gbagbo-arracheurs-de-valise-diplomatique-condamnes-a-10-mois-de-prison-ferme#breadcrumb","itemListElement":[{"@type":"ListItem","position":1,"name":"Accueil","item":"https:\/\/www.africa-press.net\/cotedivoire\/"},{"@type":"ListItem","position":2,"name":"Les activistes pro-Gbagbo arracheurs de valise diplomatique, condamn\u00e9s \u00e0 10 mois de prison ferme"}]},{"@type":"WebSite","@id":"https:\/\/www.africa-press.net\/cotedivoire\/#website","url":"https:\/\/www.africa-press.net\/cotedivoire\/","name":"C\u00f4te d&#039;Ivoire","description":"Just another Africa News Agency Sites site","potentialAction":[{"@type":"SearchAction","target":{"@type":"EntryPoint","urlTemplate":"https:\/\/www.africa-press.net\/cotedivoire\/?s={search_term_string}"},"query-input":{"@type":"PropertyValueSpecification","valueRequired":true,"valueName":"search_term_string"}}],"inLanguage":"fr-FR"},{"@type":"Person","@id":"https:\/\/www.africa-press.net\/cotedivoire\/#\/schema\/person\/2b1cf3cd81a31e3cd26889ca66d677f1","name":"cfeditorfr"}]}},"_links":{"self":[{"href":"https:\/\/www.africa-press.net\/cotedivoire\/wp-json\/wp\/v2\/posts\/45919","targetHints":{"allow":["GET"]}}],"collection":[{"href":"https:\/\/www.africa-press.net\/cotedivoire\/wp-json\/wp\/v2\/posts"}],"about":[{"href":"https:\/\/www.africa-press.net\/cotedivoire\/wp-json\/wp\/v2\/types\/post"}],"author":[{"embeddable":true,"href":"https:\/\/www.africa-press.net\/cotedivoire\/wp-json\/wp\/v2\/users\/82"}],"replies":[{"embeddable":true,"href":"https:\/\/www.africa-press.net\/cotedivoire\/wp-json\/wp\/v2\/comments?post=45919"}],"version-history":[{"count":0,"href":"https:\/\/www.africa-press.net\/cotedivoire\/wp-json\/wp\/v2\/posts\/45919\/revisions"}],"wp:featuredmedia":[{"embeddable":true,"href":"https:\/\/www.africa-press.net\/cotedivoire\/wp-json\/wp\/v2\/media\/45918"}],"wp:attachment":[{"href":"https:\/\/www.africa-press.net\/cotedivoire\/wp-json\/wp\/v2\/media?parent=45919"}],"wp:term":[{"taxonomy":"category","embeddable":true,"href":"https:\/\/www.africa-press.net\/cotedivoire\/wp-json\/wp\/v2\/categories?post=45919"},{"taxonomy":"post_tag","embeddable":true,"href":"https:\/\/www.africa-press.net\/cotedivoire\/wp-json\/wp\/v2\/tags?post=45919"}],"curies":[{"name":"wp","href":"https:\/\/api.w.org\/{rel}","templated":true}]}}