{"id":46023,"date":"2022-10-10T16:02:36","date_gmt":"2022-10-10T16:02:36","guid":{"rendered":"https:\/\/www.africa-press.net\/cotedivoire\/politique\/presidentielle-2025-depuis-paris-des-jeunes-du-rhdp-lancent-un-appel-a-alassane-ouattara-pour-un-2e-mandat-de-la-3e-republique"},"modified":"2022-10-10T16:02:36","modified_gmt":"2022-10-10T16:02:36","slug":"presidentielle-2025-depuis-paris-des-jeunes-du-rhdp-lancent-un-appel-a-alassane-ouattara-pour-un-2e-mandat-de-la-3e-republique","status":"publish","type":"post","link":"https:\/\/www.africa-press.net\/cotedivoire\/politique\/presidentielle-2025-depuis-paris-des-jeunes-du-rhdp-lancent-un-appel-a-alassane-ouattara-pour-un-2e-mandat-de-la-3e-republique","title":{"rendered":"Pr\u00e9sidentielle 2025, depuis Paris des jeunes du RHDP lancent un appel \u00e0 Alassane Ouattara pour un \u00ab 2e mandat de la 3e R\u00e9publique \u00bb"},"content":{"rendered":"<p><span style=\"color: #ff6600\"><strong>Africa-Press &#8211; C\u00f4te d&rsquo;Ivoire. <\/strong><\/span>Des jeunes du Parti au pouvoir, le Rassemblement des Houphoue\u0301tistes pour la De\u0301mocratie et la Paix (RHDP) ont tenu une re\u0301union qui a vu l\u2019investiture du coordonnateur de Paris et banlieue.<\/p>\n<p>Au cours de ses rencontres qui se sont tenues les samedis et dimanches derniers a\u0300 Paris, Kader Fofana, pre\u0301sident du Mouvement \u00ab Action 2020 \u00bb, venu d\u2019Abidjan a communie\u0301 avec les coordinations a\u0300 l\u2019e\u0301tranger du Parti au pouvoir.<\/p>\n<p>En compagnie des responsables politiques France du Parti pre\u0301sidentiel qui ont re\u0301pondu pre\u0301sent a\u0300 cette ce\u0301re\u0301monie, l\u2019ho\u0302te du jour, Kader Fofana, a explique\u0301 que le chef de l\u2019Etat Alassane Ouattara est dans une dynamique de ba\u0302tir la Co\u0302te d&rsquo;Ivoire de demain. Il a donc invite\u0301 les militants du Parti au pouvoir de France a\u0300 aider le pre\u0301sident de la Re\u0301publique a\u0300 exercer son pouvoir sans inquie\u0301tude.<\/p>\n<p>Ainsi, se\u0301ance tenante, l\u2019appel de Paris fut ainsi lance\u0301 par le pre\u0301sident du Mouvement \u00ab Action 2020 \u00bb. Pour Kader Fofana, \u00ab il faut un deuxie\u0300me mandat de la 3e re\u0301publique au pre\u0301sident Alassane Ouattara \u00bb. Il a ajoute\u0301 que cet appel devrait sonner la mobilisation de la jeunesse ivoirienne en ge\u0301ne\u0301ral, mais doit e\u0302tre pour la Jeunesse du RHDP, un cheval de bataille.<\/p>\n<p>\u00ab J&rsquo;appelle donc a\u0300 l&rsquo;adhe\u0301sion de tous pour accompagner le Pre\u0301sident Alassane Ouattara dans la poursuite de sa mission a\u0300 la te\u0302te de la Co\u0302te d&rsquo;Ivoire. J&rsquo;engage toute la Jeunesse, particulie\u0300rement la Jeunesse du RHDP a\u0300 aller partout pour annoncer la bonne nouvelle a\u0300 nos concitoyens. Le Pre\u0301sident Alassane Ouattara est une chance pour la Co\u0302te d&rsquo;Ivoire et nous devons tout mettre en \u0153uvre pour rendre effectif le deuxie\u0300me mandat de la 3e re\u0301publique. \u00bb, a fait savoir Kader Fofana.<\/p>\n<p>Enfin, 2, 3, ou 4e mandats, objectivement, qu&rsquo;on l&rsquo;aime ou pas, a\u0300 moins d&rsquo;un sce\u0301nario improbable pour l&rsquo;heure du type re\u0301volte populaire qui mettrait des millions de personnes dans la rue, ou un soule\u0300vement de l&rsquo;arme\u0301e, Alassane Ouattara, sans ve\u0301ritable opposition, et fort d&rsquo;un pays qu&rsquo;il a mis sur le chemin d&rsquo;une croissance toujours a\u0300 l&rsquo;heure du jour malgre\u0301 un contexte mondial complique\u0301, demeure tre\u0300s largement soutenu par son e\u0301lectorat, sa grande force, et un gage de stabilite\u0301 pour des habitants las des soubresauts du passe\u0301.<\/p>\n<p><strong>Pour plus d&rsquo;informations et d&rsquo;analyses sur la <a href=\"https:\/\/www.africa-press.net\/cotedivoire\">C\u00f4te d&rsquo;Ivoire<\/a>, suivez <a href=\"https:\/\/www.africa-press.net\/\">Africa-Press<\/a><\/strong><\/p>\n","protected":false},"excerpt":{"rendered":"<p>Africa-Press &#8211; C\u00f4te d&rsquo;Ivoire. Des jeunes du Parti au pouvoir, le Rassemblement des Houphoue\u0301tistes pour la De\u0301mocratie et la Paix (RHDP) ont tenu une re\u0301union qui a vu l\u2019investiture du coordonnateur de Paris et banlieue. Au cours de ses rencontres qui se sont tenues les samedis et dimanches derniers a\u0300 Paris, Kader Fofana, pre\u0301sident du [&hellip;]<\/p>\n","protected":false},"author":82,"featured_media":46022,"comment_status":"open","ping_status":"closed","sticky":false,"template":"","format":"standard","meta":{"footnotes":""},"categories":[2,10],"tags":[2768,56,63,38,37,88,3092,2769,3634,363,371],"class_list":["post-46023","post","type-post","status-publish","format-standard","has-post-thumbnail","hentry","category-politique","category-toutes-les-actualites","tag-action-2020","tag-africa-press","tag-africa-press-cote-divoire","tag-alassane-ouattara","tag-cote-divoire-2","tag-france","tag-jeune","tag-kader-fofana","tag-mandat","tag-parti","tag-rhdp"],"yoast_head":"<!-- This site is optimized with the Yoast SEO Premium plugin v26.1 (Yoast SEO v27.0) - https:\/\/yoast.com\/product\/yoast-seo-premium-wordpress\/ -->\n<title>Pr\u00e9sidentielle 2025, depuis Paris des jeunes du RHDP lancent un appel \u00e0 Alassane Ouattara pour un \u00ab 2e mandat de la 3e R\u00e9publique \u00bb - C\u00f4te d&#039;Ivoire<\/title>\n<meta name=\"robots\" content=\"index, follow, max-snippet:-1, max-image-preview:large, max-video-preview:-1\" \/>\n<link rel=\"canonical\" href=\"https:\/\/www.africa-press.net\/cotedivoire\/politique\/presidentielle-2025-depuis-paris-des-jeunes-du-rhdp-lancent-un-appel-a-alassane-ouattara-pour-un-2e-mandat-de-la-3e-republique\" \/>\n<meta property=\"og:locale\" content=\"fr_FR\" \/>\n<meta property=\"og:type\" content=\"article\" \/>\n<meta property=\"og:title\" content=\"Pr\u00e9sidentielle 2025, depuis Paris des jeunes du RHDP lancent un appel \u00e0 Alassane Ouattara pour un \u00ab 2e mandat de la 3e R\u00e9publique \u00bb\" \/>\n<meta property=\"og:description\" content=\"Africa-Press &#8211; C\u00f4te d&rsquo;Ivoire. Des jeunes du Parti au pouvoir, le Rassemblement des Houphoue\u0301tistes pour la De\u0301mocratie et la Paix (RHDP) ont tenu une re\u0301union qui a vu l\u2019investiture du coordonnateur de Paris et banlieue. Au cours de ses rencontres qui se sont tenues les samedis et dimanches derniers a\u0300 Paris, Kader Fofana, pre\u0301sident du [&hellip;]\" \/>\n<meta property=\"og:url\" content=\"https:\/\/www.africa-press.net\/cotedivoire\/politique\/presidentielle-2025-depuis-paris-des-jeunes-du-rhdp-lancent-un-appel-a-alassane-ouattara-pour-un-2e-mandat-de-la-3e-republique\" \/>\n<meta property=\"og:site_name\" content=\"C\u00f4te d&#039;Ivoire\" \/>\n<meta property=\"article:published_time\" content=\"2022-10-10T16:02:36+00:00\" \/>\n<meta property=\"og:image\" content=\"https:\/\/static.africa-press.net\/cote\/sites\/43\/2022\/10\/postQueueImg_12-634448e33ed83.jpg\" \/>\n\t<meta property=\"og:image:width\" content=\"720\" \/>\n\t<meta property=\"og:image:height\" content=\"405\" \/>\n\t<meta property=\"og:image:type\" content=\"image\/jpeg\" \/>\n<meta name=\"author\" content=\"cfeditorfr\" \/>\n<meta name=\"twitter:card\" content=\"summary_large_image\" \/>\n<meta name=\"twitter:label1\" content=\"\u00c9crit par\" \/>\n\t<meta name=\"twitter:data1\" content=\"cfeditorfr\" \/>\n\t<meta name=\"twitter:label2\" content=\"Dur\u00e9e de lecture estim\u00e9e\" \/>\n\t<meta name=\"twitter:data2\" content=\"2 minutes\" \/>\n<script type=\"application\/ld+json\" class=\"yoast-schema-graph\">{\"@context\":\"https:\/\/schema.org\",\"@graph\":[{\"@type\":\"Article\",\"@id\":\"https:\/\/www.africa-press.net\/cotedivoire\/politique\/presidentielle-2025-depuis-paris-des-jeunes-du-rhdp-lancent-un-appel-a-alassane-ouattara-pour-un-2e-mandat-de-la-3e-republique#article\",\"isPartOf\":{\"@id\":\"https:\/\/www.africa-press.net\/cotedivoire\/politique\/presidentielle-2025-depuis-paris-des-jeunes-du-rhdp-lancent-un-appel-a-alassane-ouattara-pour-un-2e-mandat-de-la-3e-republique\"},\"author\":{\"name\":\"cfeditorfr\",\"@id\":\"https:\/\/www.africa-press.net\/cotedivoire\/#\/schema\/person\/2b1cf3cd81a31e3cd26889ca66d677f1\"},\"headline\":\"Pr\u00e9sidentielle 2025, depuis Paris des jeunes du RHDP lancent un appel \u00e0 Alassane Ouattara pour un \u00ab 2e mandat de la 3e R\u00e9publique \u00bb\",\"datePublished\":\"2022-10-10T16:02:36+00:00\",\"mainEntityOfPage\":{\"@id\":\"https:\/\/www.africa-press.net\/cotedivoire\/politique\/presidentielle-2025-depuis-paris-des-jeunes-du-rhdp-lancent-un-appel-a-alassane-ouattara-pour-un-2e-mandat-de-la-3e-republique\"},\"wordCount\":457,\"commentCount\":0,\"image\":{\"@id\":\"https:\/\/www.africa-press.net\/cotedivoire\/politique\/presidentielle-2025-depuis-paris-des-jeunes-du-rhdp-lancent-un-appel-a-alassane-ouattara-pour-un-2e-mandat-de-la-3e-republique#primaryimage\"},\"thumbnailUrl\":\"https:\/\/static.africa-press.net\/cote\/sites\/43\/2022\/10\/postQueueImg_12-634448e33ed83.jpg\",\"keywords\":[\"Action 2020\",\"Africa Press\",\"Africa Press-C\u00f4te d'Ivoire\",\"Alassane Ouattara\",\"C\u00f4te d'Ivoire\",\"France\",\"jeune\",\"Kader Fofana\",\"mandat\",\"Parti\",\"RHDP\"],\"articleSection\":[\"Politique\",\"Toutes les actualit\u00e9s\"],\"inLanguage\":\"fr-FR\",\"potentialAction\":[{\"@type\":\"CommentAction\",\"name\":\"Comment\",\"target\":[\"https:\/\/www.africa-press.net\/cotedivoire\/politique\/presidentielle-2025-depuis-paris-des-jeunes-du-rhdp-lancent-un-appel-a-alassane-ouattara-pour-un-2e-mandat-de-la-3e-republique#respond\"]}]},{\"@type\":\"WebPage\",\"@id\":\"https:\/\/www.africa-press.net\/cotedivoire\/politique\/presidentielle-2025-depuis-paris-des-jeunes-du-rhdp-lancent-un-appel-a-alassane-ouattara-pour-un-2e-mandat-de-la-3e-republique\",\"url\":\"https:\/\/www.africa-press.net\/cotedivoire\/politique\/presidentielle-2025-depuis-paris-des-jeunes-du-rhdp-lancent-un-appel-a-alassane-ouattara-pour-un-2e-mandat-de-la-3e-republique\",\"name\":\"Pr\u00e9sidentielle 2025, depuis Paris des jeunes du RHDP lancent un appel \u00e0 Alassane Ouattara pour un \u00ab 2e mandat de la 3e R\u00e9publique \u00bb - C\u00f4te d&#039;Ivoire\",\"isPartOf\":{\"@id\":\"https:\/\/www.africa-press.net\/cotedivoire\/#website\"},\"primaryImageOfPage\":{\"@id\":\"https:\/\/www.africa-press.net\/cotedivoire\/politique\/presidentielle-2025-depuis-paris-des-jeunes-du-rhdp-lancent-un-appel-a-alassane-ouattara-pour-un-2e-mandat-de-la-3e-republique#primaryimage\"},\"image\":{\"@id\":\"https:\/\/www.africa-press.net\/cotedivoire\/politique\/presidentielle-2025-depuis-paris-des-jeunes-du-rhdp-lancent-un-appel-a-alassane-ouattara-pour-un-2e-mandat-de-la-3e-republique#primaryimage\"},\"thumbnailUrl\":\"https:\/\/static.africa-press.net\/cote\/sites\/43\/2022\/10\/postQueueImg_12-634448e33ed83.jpg\",\"datePublished\":\"2022-10-10T16:02:36+00:00\",\"author\":{\"@id\":\"https:\/\/www.africa-press.net\/cotedivoire\/#\/schema\/person\/2b1cf3cd81a31e3cd26889ca66d677f1\"},\"breadcrumb\":{\"@id\":\"https:\/\/www.africa-press.net\/cotedivoire\/politique\/presidentielle-2025-depuis-paris-des-jeunes-du-rhdp-lancent-un-appel-a-alassane-ouattara-pour-un-2e-mandat-de-la-3e-republique#breadcrumb\"},\"inLanguage\":\"fr-FR\",\"potentialAction\":[{\"@type\":\"ReadAction\",\"target\":[\"https:\/\/www.africa-press.net\/cotedivoire\/politique\/presidentielle-2025-depuis-paris-des-jeunes-du-rhdp-lancent-un-appel-a-alassane-ouattara-pour-un-2e-mandat-de-la-3e-republique\"]}]},{\"@type\":\"ImageObject\",\"inLanguage\":\"fr-FR\",\"@id\":\"https:\/\/www.africa-press.net\/cotedivoire\/politique\/presidentielle-2025-depuis-paris-des-jeunes-du-rhdp-lancent-un-appel-a-alassane-ouattara-pour-un-2e-mandat-de-la-3e-republique#primaryimage\",\"url\":\"https:\/\/static.africa-press.net\/cote\/sites\/43\/2022\/10\/postQueueImg_12-634448e33ed83.jpg\",\"contentUrl\":\"https:\/\/static.africa-press.net\/cote\/sites\/43\/2022\/10\/postQueueImg_12-634448e33ed83.jpg\",\"width\":720,\"height\":405,\"caption\":\"Pr\u00e9sidentielle 2025, depuis Paris des jeunes du RHDP lancent un appel \u00e0 Alassane Ouattara pour un \u00ab 2e mandat de la 3e R\u00e9publique \u00bb\"},{\"@type\":\"BreadcrumbList\",\"@id\":\"https:\/\/www.africa-press.net\/cotedivoire\/politique\/presidentielle-2025-depuis-paris-des-jeunes-du-rhdp-lancent-un-appel-a-alassane-ouattara-pour-un-2e-mandat-de-la-3e-republique#breadcrumb\",\"itemListElement\":[{\"@type\":\"ListItem\",\"position\":1,\"name\":\"Accueil\",\"item\":\"https:\/\/www.africa-press.net\/cotedivoire\/\"},{\"@type\":\"ListItem\",\"position\":2,\"name\":\"Pr\u00e9sidentielle 2025, depuis Paris des jeunes du RHDP lancent un appel \u00e0 Alassane Ouattara pour un \u00ab 2e mandat de la 3e R\u00e9publique \u00bb\"}]},{\"@type\":\"WebSite\",\"@id\":\"https:\/\/www.africa-press.net\/cotedivoire\/#website\",\"url\":\"https:\/\/www.africa-press.net\/cotedivoire\/\",\"name\":\"C\u00f4te d&#039;Ivoire\",\"description\":\"Just another Africa News Agency Sites site\",\"potentialAction\":[{\"@type\":\"SearchAction\",\"target\":{\"@type\":\"EntryPoint\",\"urlTemplate\":\"https:\/\/www.africa-press.net\/cotedivoire\/?s={search_term_string}\"},\"query-input\":{\"@type\":\"PropertyValueSpecification\",\"valueRequired\":true,\"valueName\":\"search_term_string\"}}],\"inLanguage\":\"fr-FR\"},{\"@type\":\"Person\",\"@id\":\"https:\/\/www.africa-press.net\/cotedivoire\/#\/schema\/person\/2b1cf3cd81a31e3cd26889ca66d677f1\",\"name\":\"cfeditorfr\"}]}<\/script>\n<!-- \/ Yoast SEO Premium plugin. -->","yoast_head_json":{"title":"Pr\u00e9sidentielle 2025, depuis Paris des jeunes du RHDP lancent un appel \u00e0 Alassane Ouattara pour un \u00ab 2e mandat de la 3e R\u00e9publique \u00bb - C\u00f4te d&#039;Ivoire","robots":{"index":"index","follow":"follow","max-snippet":"max-snippet:-1","max-image-preview":"max-image-preview:large","max-video-preview":"max-video-preview:-1"},"canonical":"https:\/\/www.africa-press.net\/cotedivoire\/politique\/presidentielle-2025-depuis-paris-des-jeunes-du-rhdp-lancent-un-appel-a-alassane-ouattara-pour-un-2e-mandat-de-la-3e-republique","og_locale":"fr_FR","og_type":"article","og_title":"Pr\u00e9sidentielle 2025, depuis Paris des jeunes du RHDP lancent un appel \u00e0 Alassane Ouattara pour un \u00ab 2e mandat de la 3e R\u00e9publique \u00bb","og_description":"Africa-Press &#8211; C\u00f4te d&rsquo;Ivoire. Des jeunes du Parti au pouvoir, le Rassemblement des Houphoue\u0301tistes pour la De\u0301mocratie et la Paix (RHDP) ont tenu une re\u0301union qui a vu l\u2019investiture du coordonnateur de Paris et banlieue. Au cours de ses rencontres qui se sont tenues les samedis et dimanches derniers a\u0300 Paris, Kader Fofana, pre\u0301sident du [&hellip;]","og_url":"https:\/\/www.africa-press.net\/cotedivoire\/politique\/presidentielle-2025-depuis-paris-des-jeunes-du-rhdp-lancent-un-appel-a-alassane-ouattara-pour-un-2e-mandat-de-la-3e-republique","og_site_name":"C\u00f4te d&#039;Ivoire","article_published_time":"2022-10-10T16:02:36+00:00","og_image":[{"width":720,"height":405,"url":"https:\/\/static.africa-press.net\/cote\/sites\/43\/2022\/10\/postQueueImg_12-634448e33ed83.jpg","type":"image\/jpeg"}],"author":"cfeditorfr","twitter_card":"summary_large_image","twitter_misc":{"\u00c9crit par":"cfeditorfr","Dur\u00e9e de lecture estim\u00e9e":"2 minutes"},"schema":{"@context":"https:\/\/schema.org","@graph":[{"@type":"Article","@id":"https:\/\/www.africa-press.net\/cotedivoire\/politique\/presidentielle-2025-depuis-paris-des-jeunes-du-rhdp-lancent-un-appel-a-alassane-ouattara-pour-un-2e-mandat-de-la-3e-republique#article","isPartOf":{"@id":"https:\/\/www.africa-press.net\/cotedivoire\/politique\/presidentielle-2025-depuis-paris-des-jeunes-du-rhdp-lancent-un-appel-a-alassane-ouattara-pour-un-2e-mandat-de-la-3e-republique"},"author":{"name":"cfeditorfr","@id":"https:\/\/www.africa-press.net\/cotedivoire\/#\/schema\/person\/2b1cf3cd81a31e3cd26889ca66d677f1"},"headline":"Pr\u00e9sidentielle 2025, depuis Paris des jeunes du RHDP lancent un appel \u00e0 Alassane Ouattara pour un \u00ab 2e mandat de la 3e R\u00e9publique \u00bb","datePublished":"2022-10-10T16:02:36+00:00","mainEntityOfPage":{"@id":"https:\/\/www.africa-press.net\/cotedivoire\/politique\/presidentielle-2025-depuis-paris-des-jeunes-du-rhdp-lancent-un-appel-a-alassane-ouattara-pour-un-2e-mandat-de-la-3e-republique"},"wordCount":457,"commentCount":0,"image":{"@id":"https:\/\/www.africa-press.net\/cotedivoire\/politique\/presidentielle-2025-depuis-paris-des-jeunes-du-rhdp-lancent-un-appel-a-alassane-ouattara-pour-un-2e-mandat-de-la-3e-republique#primaryimage"},"thumbnailUrl":"https:\/\/static.africa-press.net\/cote\/sites\/43\/2022\/10\/postQueueImg_12-634448e33ed83.jpg","keywords":["Action 2020","Africa Press","Africa Press-C\u00f4te d'Ivoire","Alassane Ouattara","C\u00f4te d'Ivoire","France","jeune","Kader Fofana","mandat","Parti","RHDP"],"articleSection":["Politique","Toutes les actualit\u00e9s"],"inLanguage":"fr-FR","potentialAction":[{"@type":"CommentAction","name":"Comment","target":["https:\/\/www.africa-press.net\/cotedivoire\/politique\/presidentielle-2025-depuis-paris-des-jeunes-du-rhdp-lancent-un-appel-a-alassane-ouattara-pour-un-2e-mandat-de-la-3e-republique#respond"]}]},{"@type":"WebPage","@id":"https:\/\/www.africa-press.net\/cotedivoire\/politique\/presidentielle-2025-depuis-paris-des-jeunes-du-rhdp-lancent-un-appel-a-alassane-ouattara-pour-un-2e-mandat-de-la-3e-republique","url":"https:\/\/www.africa-press.net\/cotedivoire\/politique\/presidentielle-2025-depuis-paris-des-jeunes-du-rhdp-lancent-un-appel-a-alassane-ouattara-pour-un-2e-mandat-de-la-3e-republique","name":"Pr\u00e9sidentielle 2025, depuis Paris des jeunes du RHDP lancent un appel \u00e0 Alassane Ouattara pour un \u00ab 2e mandat de la 3e R\u00e9publique \u00bb - C\u00f4te d&#039;Ivoire","isPartOf":{"@id":"https:\/\/www.africa-press.net\/cotedivoire\/#website"},"primaryImageOfPage":{"@id":"https:\/\/www.africa-press.net\/cotedivoire\/politique\/presidentielle-2025-depuis-paris-des-jeunes-du-rhdp-lancent-un-appel-a-alassane-ouattara-pour-un-2e-mandat-de-la-3e-republique#primaryimage"},"image":{"@id":"https:\/\/www.africa-press.net\/cotedivoire\/politique\/presidentielle-2025-depuis-paris-des-jeunes-du-rhdp-lancent-un-appel-a-alassane-ouattara-pour-un-2e-mandat-de-la-3e-republique#primaryimage"},"thumbnailUrl":"https:\/\/static.africa-press.net\/cote\/sites\/43\/2022\/10\/postQueueImg_12-634448e33ed83.jpg","datePublished":"2022-10-10T16:02:36+00:00","author":{"@id":"https:\/\/www.africa-press.net\/cotedivoire\/#\/schema\/person\/2b1cf3cd81a31e3cd26889ca66d677f1"},"breadcrumb":{"@id":"https:\/\/www.africa-press.net\/cotedivoire\/politique\/presidentielle-2025-depuis-paris-des-jeunes-du-rhdp-lancent-un-appel-a-alassane-ouattara-pour-un-2e-mandat-de-la-3e-republique#breadcrumb"},"inLanguage":"fr-FR","potentialAction":[{"@type":"ReadAction","target":["https:\/\/www.africa-press.net\/cotedivoire\/politique\/presidentielle-2025-depuis-paris-des-jeunes-du-rhdp-lancent-un-appel-a-alassane-ouattara-pour-un-2e-mandat-de-la-3e-republique"]}]},{"@type":"ImageObject","inLanguage":"fr-FR","@id":"https:\/\/www.africa-press.net\/cotedivoire\/politique\/presidentielle-2025-depuis-paris-des-jeunes-du-rhdp-lancent-un-appel-a-alassane-ouattara-pour-un-2e-mandat-de-la-3e-republique#primaryimage","url":"https:\/\/static.africa-press.net\/cote\/sites\/43\/2022\/10\/postQueueImg_12-634448e33ed83.jpg","contentUrl":"https:\/\/static.africa-press.net\/cote\/sites\/43\/2022\/10\/postQueueImg_12-634448e33ed83.jpg","width":720,"height":405,"caption":"Pr\u00e9sidentielle 2025, depuis Paris des jeunes du RHDP lancent un appel \u00e0 Alassane Ouattara pour un \u00ab 2e mandat de la 3e R\u00e9publique \u00bb"},{"@type":"BreadcrumbList","@id":"https:\/\/www.africa-press.net\/cotedivoire\/politique\/presidentielle-2025-depuis-paris-des-jeunes-du-rhdp-lancent-un-appel-a-alassane-ouattara-pour-un-2e-mandat-de-la-3e-republique#breadcrumb","itemListElement":[{"@type":"ListItem","position":1,"name":"Accueil","item":"https:\/\/www.africa-press.net\/cotedivoire\/"},{"@type":"ListItem","position":2,"name":"Pr\u00e9sidentielle 2025, depuis Paris des jeunes du RHDP lancent un appel \u00e0 Alassane Ouattara pour un \u00ab 2e mandat de la 3e R\u00e9publique \u00bb"}]},{"@type":"WebSite","@id":"https:\/\/www.africa-press.net\/cotedivoire\/#website","url":"https:\/\/www.africa-press.net\/cotedivoire\/","name":"C\u00f4te d&#039;Ivoire","description":"Just another Africa News Agency Sites site","potentialAction":[{"@type":"SearchAction","target":{"@type":"EntryPoint","urlTemplate":"https:\/\/www.africa-press.net\/cotedivoire\/?s={search_term_string}"},"query-input":{"@type":"PropertyValueSpecification","valueRequired":true,"valueName":"search_term_string"}}],"inLanguage":"fr-FR"},{"@type":"Person","@id":"https:\/\/www.africa-press.net\/cotedivoire\/#\/schema\/person\/2b1cf3cd81a31e3cd26889ca66d677f1","name":"cfeditorfr"}]}},"_links":{"self":[{"href":"https:\/\/www.africa-press.net\/cotedivoire\/wp-json\/wp\/v2\/posts\/46023","targetHints":{"allow":["GET"]}}],"collection":[{"href":"https:\/\/www.africa-press.net\/cotedivoire\/wp-json\/wp\/v2\/posts"}],"about":[{"href":"https:\/\/www.africa-press.net\/cotedivoire\/wp-json\/wp\/v2\/types\/post"}],"author":[{"embeddable":true,"href":"https:\/\/www.africa-press.net\/cotedivoire\/wp-json\/wp\/v2\/users\/82"}],"replies":[{"embeddable":true,"href":"https:\/\/www.africa-press.net\/cotedivoire\/wp-json\/wp\/v2\/comments?post=46023"}],"version-history":[{"count":0,"href":"https:\/\/www.africa-press.net\/cotedivoire\/wp-json\/wp\/v2\/posts\/46023\/revisions"}],"wp:featuredmedia":[{"embeddable":true,"href":"https:\/\/www.africa-press.net\/cotedivoire\/wp-json\/wp\/v2\/media\/46022"}],"wp:attachment":[{"href":"https:\/\/www.africa-press.net\/cotedivoire\/wp-json\/wp\/v2\/media?parent=46023"}],"wp:term":[{"taxonomy":"category","embeddable":true,"href":"https:\/\/www.africa-press.net\/cotedivoire\/wp-json\/wp\/v2\/categories?post=46023"},{"taxonomy":"post_tag","embeddable":true,"href":"https:\/\/www.africa-press.net\/cotedivoire\/wp-json\/wp\/v2\/tags?post=46023"}],"curies":[{"name":"wp","href":"https:\/\/api.w.org\/{rel}","templated":true}]}}