{"id":46083,"date":"2022-10-11T18:50:15","date_gmt":"2022-10-11T18:50:15","guid":{"rendered":"https:\/\/www.africa-press.net\/cotedivoire\/politique\/le-nouveau-senateur-elu-de-la-circonscription-du-haut-sassandra-kone-boubacar-a-recu-ses-attributs-a-yamoussoukro"},"modified":"2022-10-11T19:12:31","modified_gmt":"2022-10-11T19:12:31","slug":"le-nouveau-senateur-elu-de-la-circonscription-du-haut-sassandra-kone-boubacar-a-recu-ses-attributs-a-yamoussoukro","status":"publish","type":"post","link":"https:\/\/www.africa-press.net\/cotedivoire\/politique\/le-nouveau-senateur-elu-de-la-circonscription-du-haut-sassandra-kone-boubacar-a-recu-ses-attributs-a-yamoussoukro","title":{"rendered":"Le nouveau S\u00e9nateur \u00e9lu de la circonscription du Haut-Sassandra Kon\u00e9 Boubacar a re\u00e7u ses attributs \u00e0 Yamoussoukro"},"content":{"rendered":"<p><span style=\"color: #ff6600\"><strong>Africa-Press &#8211; C\u00f4te d&rsquo;Ivoire. <\/strong><\/span>E\u0301lu le 03 septembre 2022 a\u0300 l\u2019issue de l\u2019e\u0301lection se\u0301natoriale partielle dans la circonscription du Haut-Sassandra, M. Kone\u0301 Boubacar a rec\u0327u ses attributs de Se\u0301nateur des mains du Pre\u0301sident du Se\u0301nat, SEM Jeannot Ahoussou-Kouadio, le lundi 10 octobre 2022 a\u0300 Yamoussoukro, indique une note de l\u2019institution.<\/p>\n<p>Cette ce\u0301re\u0301monie d\u2019accueil s\u2019est de\u0301roule\u0301e en pre\u0301sence de plusieurs Se\u0301nateurs, membres du Bureau et du personnel administratif de l\u2019Institution. Elle a e\u0301te\u0301 l\u2019occasion pour le Pre\u0301sident Jeannot Ahoussou-Kouadio d\u2019adresser ses fe\u0301licitations au Se\u0301nateur nouvellement e\u0301lu.<\/p>\n<p>Le Pre\u0301sident du Se\u0301nat a, par ailleurs, invite\u0301 le Se\u0301nateur Kone\u0301 Boubacar a\u0300 prendre toute sa place parmi ses colle\u0300gues et a\u0300 apporter son expe\u0301rience a\u0300 l\u2019e\u0301dification de la de\u0301mocratie en Co\u0302te d\u2019Ivoire.<\/p>\n<p>Outre les insignes, le Se\u0301nateur du Haut-Sassandra a rec\u0327u plusieurs documents de re\u0301fe\u0301rence pour une meilleure appropriation de ses nouvelles fonctions parlementaires.<\/p>\n<p><strong>Pour plus d&rsquo;informations et d&rsquo;analyses sur la <a href=\"https:\/\/www.africa-press.net\/cotedivoire\">C\u00f4te d&rsquo;Ivoire<\/a>, suivez <a href=\"https:\/\/www.africa-press.net\/\">Africa-Press<\/a><\/strong><\/p>\n","protected":false},"excerpt":{"rendered":"<p>Africa-Press &#8211; C\u00f4te d&rsquo;Ivoire. E\u0301lu le 03 septembre 2022 a\u0300 l\u2019issue de l\u2019e\u0301lection se\u0301natoriale partielle dans la circonscription du Haut-Sassandra, M. Kone\u0301 Boubacar a rec\u0327u ses attributs de Se\u0301nateur des mains du Pre\u0301sident du Se\u0301nat, SEM Jeannot Ahoussou-Kouadio, le lundi 10 octobre 2022 a\u0300 Yamoussoukro, indique une note de l\u2019institution. Cette ce\u0301re\u0301monie d\u2019accueil s\u2019est de\u0301roule\u0301e [&hellip;]<\/p>\n","protected":false},"author":82,"featured_media":46082,"comment_status":"open","ping_status":"closed","sticky":false,"template":"","format":"standard","meta":{"footnotes":""},"categories":[2,10],"tags":[56,63,4336,29,4961,871,7789,960,33],"class_list":["post-46083","post","type-post","status-publish","format-standard","has-post-thumbnail","hentry","category-politique","category-toutes-les-actualites","tag-africa-press","tag-africa-press-cote-divoire","tag-attributs","tag-cote-divoire","tag-haut-sassandra","tag-jeannot-ahoussou-kouadio","tag-kone-boubacar","tag-senateur","tag-yamoussoukro"],"yoast_head":"<!-- This site is optimized with the Yoast SEO Premium plugin v26.1 (Yoast SEO v27.0) - https:\/\/yoast.com\/product\/yoast-seo-premium-wordpress\/ -->\n<title>Le nouveau S\u00e9nateur \u00e9lu de la circonscription du Haut-Sassandra Kon\u00e9 Boubacar a re\u00e7u ses attributs \u00e0 Yamoussoukro - C\u00f4te d&#039;Ivoire<\/title>\n<meta name=\"description\" content=\"E\u0301lu le 03 septembre 2022 a\u0300 l\u2019issue de l\u2019e\u0301lection se\u0301natoriale partielle dans la circonscription du Haut-Sassandra, M. ...\" \/>\n<meta name=\"robots\" content=\"index, follow, max-snippet:-1, max-image-preview:large, max-video-preview:-1\" \/>\n<link rel=\"canonical\" href=\"https:\/\/www.africa-press.net\/cotedivoire\/politique\/le-nouveau-senateur-elu-de-la-circonscription-du-haut-sassandra-kone-boubacar-a-recu-ses-attributs-a-yamoussoukro\" \/>\n<meta property=\"og:locale\" content=\"fr_FR\" \/>\n<meta property=\"og:type\" content=\"article\" \/>\n<meta property=\"og:title\" content=\"Le nouveau S\u00e9nateur \u00e9lu de la circonscription du Haut-Sassandra Kon\u00e9 Boubacar a re\u00e7u ses attributs \u00e0 Yamoussoukro\" \/>\n<meta property=\"og:description\" content=\"E\u0301lu le 03 septembre 2022 a\u0300 l\u2019issue de l\u2019e\u0301lection se\u0301natoriale partielle dans la circonscription du Haut-Sassandra, M. ...\" \/>\n<meta property=\"og:url\" content=\"https:\/\/www.africa-press.net\/cotedivoire\/politique\/le-nouveau-senateur-elu-de-la-circonscription-du-haut-sassandra-kone-boubacar-a-recu-ses-attributs-a-yamoussoukro\" \/>\n<meta property=\"og:site_name\" content=\"C\u00f4te d&#039;Ivoire\" \/>\n<meta property=\"article:published_time\" content=\"2022-10-11T18:50:15+00:00\" \/>\n<meta property=\"article:modified_time\" content=\"2022-10-11T19:12:31+00:00\" \/>\n<meta property=\"og:image\" content=\"https:\/\/static.africa-press.net\/cote\/sites\/43\/2022\/10\/postQueueImg_11-6345c000e8298.jpg\" \/>\n\t<meta property=\"og:image:width\" content=\"720\" \/>\n\t<meta property=\"og:image:height\" content=\"388\" \/>\n\t<meta property=\"og:image:type\" content=\"image\/jpeg\" \/>\n<meta name=\"author\" content=\"cfeditorfr\" \/>\n<meta name=\"twitter:card\" content=\"summary_large_image\" \/>\n<meta name=\"twitter:label1\" content=\"\u00c9crit par\" \/>\n\t<meta name=\"twitter:data1\" content=\"cfeditorfr\" \/>\n\t<meta name=\"twitter:label2\" content=\"Dur\u00e9e de lecture estim\u00e9e\" \/>\n\t<meta name=\"twitter:data2\" content=\"1 minute\" \/>\n<script type=\"application\/ld+json\" class=\"yoast-schema-graph\">{\"@context\":\"https:\/\/schema.org\",\"@graph\":[{\"@type\":\"Article\",\"@id\":\"https:\/\/www.africa-press.net\/cotedivoire\/politique\/le-nouveau-senateur-elu-de-la-circonscription-du-haut-sassandra-kone-boubacar-a-recu-ses-attributs-a-yamoussoukro#article\",\"isPartOf\":{\"@id\":\"https:\/\/www.africa-press.net\/cotedivoire\/politique\/le-nouveau-senateur-elu-de-la-circonscription-du-haut-sassandra-kone-boubacar-a-recu-ses-attributs-a-yamoussoukro\"},\"author\":{\"name\":\"cfeditorfr\",\"@id\":\"https:\/\/www.africa-press.net\/cotedivoire\/#\/schema\/person\/2b1cf3cd81a31e3cd26889ca66d677f1\"},\"headline\":\"Le nouveau S\u00e9nateur \u00e9lu de la circonscription du Haut-Sassandra Kon\u00e9 Boubacar a re\u00e7u ses attributs \u00e0 Yamoussoukro\",\"datePublished\":\"2022-10-11T18:50:15+00:00\",\"dateModified\":\"2022-10-11T19:12:31+00:00\",\"mainEntityOfPage\":{\"@id\":\"https:\/\/www.africa-press.net\/cotedivoire\/politique\/le-nouveau-senateur-elu-de-la-circonscription-du-haut-sassandra-kone-boubacar-a-recu-ses-attributs-a-yamoussoukro\"},\"wordCount\":211,\"commentCount\":0,\"image\":{\"@id\":\"https:\/\/www.africa-press.net\/cotedivoire\/politique\/le-nouveau-senateur-elu-de-la-circonscription-du-haut-sassandra-kone-boubacar-a-recu-ses-attributs-a-yamoussoukro#primaryimage\"},\"thumbnailUrl\":\"https:\/\/static.africa-press.net\/cote\/sites\/43\/2022\/10\/postQueueImg_11-6345c000e8298.jpg\",\"keywords\":[\"Africa Press\",\"Africa Press-C\u00f4te d'Ivoire\",\"attributs\",\"C\u00d4TE D'IVOIRE\",\"Haut-Sassandra\",\"Jeannot Ahoussou-Kouadio\",\"Kon\u00e9 Boubacar\",\"s\u00e9nateur\",\"Yamoussoukro\"],\"articleSection\":[\"Politique\",\"Toutes les actualit\u00e9s\"],\"inLanguage\":\"fr-FR\",\"potentialAction\":[{\"@type\":\"CommentAction\",\"name\":\"Comment\",\"target\":[\"https:\/\/www.africa-press.net\/cotedivoire\/politique\/le-nouveau-senateur-elu-de-la-circonscription-du-haut-sassandra-kone-boubacar-a-recu-ses-attributs-a-yamoussoukro#respond\"]}]},{\"@type\":\"WebPage\",\"@id\":\"https:\/\/www.africa-press.net\/cotedivoire\/politique\/le-nouveau-senateur-elu-de-la-circonscription-du-haut-sassandra-kone-boubacar-a-recu-ses-attributs-a-yamoussoukro\",\"url\":\"https:\/\/www.africa-press.net\/cotedivoire\/politique\/le-nouveau-senateur-elu-de-la-circonscription-du-haut-sassandra-kone-boubacar-a-recu-ses-attributs-a-yamoussoukro\",\"name\":\"Le nouveau S\u00e9nateur \u00e9lu de la circonscription du Haut-Sassandra Kon\u00e9 Boubacar a re\u00e7u ses attributs \u00e0 Yamoussoukro - C\u00f4te d&#039;Ivoire\",\"isPartOf\":{\"@id\":\"https:\/\/www.africa-press.net\/cotedivoire\/#website\"},\"primaryImageOfPage\":{\"@id\":\"https:\/\/www.africa-press.net\/cotedivoire\/politique\/le-nouveau-senateur-elu-de-la-circonscription-du-haut-sassandra-kone-boubacar-a-recu-ses-attributs-a-yamoussoukro#primaryimage\"},\"image\":{\"@id\":\"https:\/\/www.africa-press.net\/cotedivoire\/politique\/le-nouveau-senateur-elu-de-la-circonscription-du-haut-sassandra-kone-boubacar-a-recu-ses-attributs-a-yamoussoukro#primaryimage\"},\"thumbnailUrl\":\"https:\/\/static.africa-press.net\/cote\/sites\/43\/2022\/10\/postQueueImg_11-6345c000e8298.jpg\",\"datePublished\":\"2022-10-11T18:50:15+00:00\",\"dateModified\":\"2022-10-11T19:12:31+00:00\",\"author\":{\"@id\":\"https:\/\/www.africa-press.net\/cotedivoire\/#\/schema\/person\/2b1cf3cd81a31e3cd26889ca66d677f1\"},\"description\":\"E\u0301lu le 03 septembre 2022 a\u0300 l\u2019issue de l\u2019e\u0301lection se\u0301natoriale partielle dans la circonscription du Haut-Sassandra, M. ...\",\"breadcrumb\":{\"@id\":\"https:\/\/www.africa-press.net\/cotedivoire\/politique\/le-nouveau-senateur-elu-de-la-circonscription-du-haut-sassandra-kone-boubacar-a-recu-ses-attributs-a-yamoussoukro#breadcrumb\"},\"inLanguage\":\"fr-FR\",\"potentialAction\":[{\"@type\":\"ReadAction\",\"target\":[\"https:\/\/www.africa-press.net\/cotedivoire\/politique\/le-nouveau-senateur-elu-de-la-circonscription-du-haut-sassandra-kone-boubacar-a-recu-ses-attributs-a-yamoussoukro\"]}]},{\"@type\":\"ImageObject\",\"inLanguage\":\"fr-FR\",\"@id\":\"https:\/\/www.africa-press.net\/cotedivoire\/politique\/le-nouveau-senateur-elu-de-la-circonscription-du-haut-sassandra-kone-boubacar-a-recu-ses-attributs-a-yamoussoukro#primaryimage\",\"url\":\"https:\/\/static.africa-press.net\/cote\/sites\/43\/2022\/10\/postQueueImg_11-6345c000e8298.jpg\",\"contentUrl\":\"https:\/\/static.africa-press.net\/cote\/sites\/43\/2022\/10\/postQueueImg_11-6345c000e8298.jpg\",\"width\":720,\"height\":388,\"caption\":\"Le nouveau S\u00e9nateur \u00e9lu de la circonscription du Haut-Sassandra Kon\u00e9 Boubacar a re\u00e7u ses attributs \u00e0 Yamoussoukro\"},{\"@type\":\"BreadcrumbList\",\"@id\":\"https:\/\/www.africa-press.net\/cotedivoire\/politique\/le-nouveau-senateur-elu-de-la-circonscription-du-haut-sassandra-kone-boubacar-a-recu-ses-attributs-a-yamoussoukro#breadcrumb\",\"itemListElement\":[{\"@type\":\"ListItem\",\"position\":1,\"name\":\"Accueil\",\"item\":\"https:\/\/www.africa-press.net\/cotedivoire\/\"},{\"@type\":\"ListItem\",\"position\":2,\"name\":\"Le nouveau S\u00e9nateur \u00e9lu de la circonscription du Haut-Sassandra Kon\u00e9 Boubacar a re\u00e7u ses attributs \u00e0 Yamoussoukro\"}]},{\"@type\":\"WebSite\",\"@id\":\"https:\/\/www.africa-press.net\/cotedivoire\/#website\",\"url\":\"https:\/\/www.africa-press.net\/cotedivoire\/\",\"name\":\"C\u00f4te d&#039;Ivoire\",\"description\":\"Just another Africa News Agency Sites site\",\"potentialAction\":[{\"@type\":\"SearchAction\",\"target\":{\"@type\":\"EntryPoint\",\"urlTemplate\":\"https:\/\/www.africa-press.net\/cotedivoire\/?s={search_term_string}\"},\"query-input\":{\"@type\":\"PropertyValueSpecification\",\"valueRequired\":true,\"valueName\":\"search_term_string\"}}],\"inLanguage\":\"fr-FR\"},{\"@type\":\"Person\",\"@id\":\"https:\/\/www.africa-press.net\/cotedivoire\/#\/schema\/person\/2b1cf3cd81a31e3cd26889ca66d677f1\",\"name\":\"cfeditorfr\"}]}<\/script>\n<!-- \/ Yoast SEO Premium plugin. -->","yoast_head_json":{"title":"Le nouveau S\u00e9nateur \u00e9lu de la circonscription du Haut-Sassandra Kon\u00e9 Boubacar a re\u00e7u ses attributs \u00e0 Yamoussoukro - C\u00f4te d&#039;Ivoire","description":"E\u0301lu le 03 septembre 2022 a\u0300 l\u2019issue de l\u2019e\u0301lection se\u0301natoriale partielle dans la circonscription du Haut-Sassandra, M. ...","robots":{"index":"index","follow":"follow","max-snippet":"max-snippet:-1","max-image-preview":"max-image-preview:large","max-video-preview":"max-video-preview:-1"},"canonical":"https:\/\/www.africa-press.net\/cotedivoire\/politique\/le-nouveau-senateur-elu-de-la-circonscription-du-haut-sassandra-kone-boubacar-a-recu-ses-attributs-a-yamoussoukro","og_locale":"fr_FR","og_type":"article","og_title":"Le nouveau S\u00e9nateur \u00e9lu de la circonscription du Haut-Sassandra Kon\u00e9 Boubacar a re\u00e7u ses attributs \u00e0 Yamoussoukro","og_description":"E\u0301lu le 03 septembre 2022 a\u0300 l\u2019issue de l\u2019e\u0301lection se\u0301natoriale partielle dans la circonscription du Haut-Sassandra, M. ...","og_url":"https:\/\/www.africa-press.net\/cotedivoire\/politique\/le-nouveau-senateur-elu-de-la-circonscription-du-haut-sassandra-kone-boubacar-a-recu-ses-attributs-a-yamoussoukro","og_site_name":"C\u00f4te d&#039;Ivoire","article_published_time":"2022-10-11T18:50:15+00:00","article_modified_time":"2022-10-11T19:12:31+00:00","og_image":[{"width":720,"height":388,"url":"https:\/\/static.africa-press.net\/cote\/sites\/43\/2022\/10\/postQueueImg_11-6345c000e8298.jpg","type":"image\/jpeg"}],"author":"cfeditorfr","twitter_card":"summary_large_image","twitter_misc":{"\u00c9crit par":"cfeditorfr","Dur\u00e9e de lecture estim\u00e9e":"1 minute"},"schema":{"@context":"https:\/\/schema.org","@graph":[{"@type":"Article","@id":"https:\/\/www.africa-press.net\/cotedivoire\/politique\/le-nouveau-senateur-elu-de-la-circonscription-du-haut-sassandra-kone-boubacar-a-recu-ses-attributs-a-yamoussoukro#article","isPartOf":{"@id":"https:\/\/www.africa-press.net\/cotedivoire\/politique\/le-nouveau-senateur-elu-de-la-circonscription-du-haut-sassandra-kone-boubacar-a-recu-ses-attributs-a-yamoussoukro"},"author":{"name":"cfeditorfr","@id":"https:\/\/www.africa-press.net\/cotedivoire\/#\/schema\/person\/2b1cf3cd81a31e3cd26889ca66d677f1"},"headline":"Le nouveau S\u00e9nateur \u00e9lu de la circonscription du Haut-Sassandra Kon\u00e9 Boubacar a re\u00e7u ses attributs \u00e0 Yamoussoukro","datePublished":"2022-10-11T18:50:15+00:00","dateModified":"2022-10-11T19:12:31+00:00","mainEntityOfPage":{"@id":"https:\/\/www.africa-press.net\/cotedivoire\/politique\/le-nouveau-senateur-elu-de-la-circonscription-du-haut-sassandra-kone-boubacar-a-recu-ses-attributs-a-yamoussoukro"},"wordCount":211,"commentCount":0,"image":{"@id":"https:\/\/www.africa-press.net\/cotedivoire\/politique\/le-nouveau-senateur-elu-de-la-circonscription-du-haut-sassandra-kone-boubacar-a-recu-ses-attributs-a-yamoussoukro#primaryimage"},"thumbnailUrl":"https:\/\/static.africa-press.net\/cote\/sites\/43\/2022\/10\/postQueueImg_11-6345c000e8298.jpg","keywords":["Africa Press","Africa Press-C\u00f4te d'Ivoire","attributs","C\u00d4TE D'IVOIRE","Haut-Sassandra","Jeannot Ahoussou-Kouadio","Kon\u00e9 Boubacar","s\u00e9nateur","Yamoussoukro"],"articleSection":["Politique","Toutes les actualit\u00e9s"],"inLanguage":"fr-FR","potentialAction":[{"@type":"CommentAction","name":"Comment","target":["https:\/\/www.africa-press.net\/cotedivoire\/politique\/le-nouveau-senateur-elu-de-la-circonscription-du-haut-sassandra-kone-boubacar-a-recu-ses-attributs-a-yamoussoukro#respond"]}]},{"@type":"WebPage","@id":"https:\/\/www.africa-press.net\/cotedivoire\/politique\/le-nouveau-senateur-elu-de-la-circonscription-du-haut-sassandra-kone-boubacar-a-recu-ses-attributs-a-yamoussoukro","url":"https:\/\/www.africa-press.net\/cotedivoire\/politique\/le-nouveau-senateur-elu-de-la-circonscription-du-haut-sassandra-kone-boubacar-a-recu-ses-attributs-a-yamoussoukro","name":"Le nouveau S\u00e9nateur \u00e9lu de la circonscription du Haut-Sassandra Kon\u00e9 Boubacar a re\u00e7u ses attributs \u00e0 Yamoussoukro - C\u00f4te d&#039;Ivoire","isPartOf":{"@id":"https:\/\/www.africa-press.net\/cotedivoire\/#website"},"primaryImageOfPage":{"@id":"https:\/\/www.africa-press.net\/cotedivoire\/politique\/le-nouveau-senateur-elu-de-la-circonscription-du-haut-sassandra-kone-boubacar-a-recu-ses-attributs-a-yamoussoukro#primaryimage"},"image":{"@id":"https:\/\/www.africa-press.net\/cotedivoire\/politique\/le-nouveau-senateur-elu-de-la-circonscription-du-haut-sassandra-kone-boubacar-a-recu-ses-attributs-a-yamoussoukro#primaryimage"},"thumbnailUrl":"https:\/\/static.africa-press.net\/cote\/sites\/43\/2022\/10\/postQueueImg_11-6345c000e8298.jpg","datePublished":"2022-10-11T18:50:15+00:00","dateModified":"2022-10-11T19:12:31+00:00","author":{"@id":"https:\/\/www.africa-press.net\/cotedivoire\/#\/schema\/person\/2b1cf3cd81a31e3cd26889ca66d677f1"},"description":"E\u0301lu le 03 septembre 2022 a\u0300 l\u2019issue de l\u2019e\u0301lection se\u0301natoriale partielle dans la circonscription du Haut-Sassandra, M. ...","breadcrumb":{"@id":"https:\/\/www.africa-press.net\/cotedivoire\/politique\/le-nouveau-senateur-elu-de-la-circonscription-du-haut-sassandra-kone-boubacar-a-recu-ses-attributs-a-yamoussoukro#breadcrumb"},"inLanguage":"fr-FR","potentialAction":[{"@type":"ReadAction","target":["https:\/\/www.africa-press.net\/cotedivoire\/politique\/le-nouveau-senateur-elu-de-la-circonscription-du-haut-sassandra-kone-boubacar-a-recu-ses-attributs-a-yamoussoukro"]}]},{"@type":"ImageObject","inLanguage":"fr-FR","@id":"https:\/\/www.africa-press.net\/cotedivoire\/politique\/le-nouveau-senateur-elu-de-la-circonscription-du-haut-sassandra-kone-boubacar-a-recu-ses-attributs-a-yamoussoukro#primaryimage","url":"https:\/\/static.africa-press.net\/cote\/sites\/43\/2022\/10\/postQueueImg_11-6345c000e8298.jpg","contentUrl":"https:\/\/static.africa-press.net\/cote\/sites\/43\/2022\/10\/postQueueImg_11-6345c000e8298.jpg","width":720,"height":388,"caption":"Le nouveau S\u00e9nateur \u00e9lu de la circonscription du Haut-Sassandra Kon\u00e9 Boubacar a re\u00e7u ses attributs \u00e0 Yamoussoukro"},{"@type":"BreadcrumbList","@id":"https:\/\/www.africa-press.net\/cotedivoire\/politique\/le-nouveau-senateur-elu-de-la-circonscription-du-haut-sassandra-kone-boubacar-a-recu-ses-attributs-a-yamoussoukro#breadcrumb","itemListElement":[{"@type":"ListItem","position":1,"name":"Accueil","item":"https:\/\/www.africa-press.net\/cotedivoire\/"},{"@type":"ListItem","position":2,"name":"Le nouveau S\u00e9nateur \u00e9lu de la circonscription du Haut-Sassandra Kon\u00e9 Boubacar a re\u00e7u ses attributs \u00e0 Yamoussoukro"}]},{"@type":"WebSite","@id":"https:\/\/www.africa-press.net\/cotedivoire\/#website","url":"https:\/\/www.africa-press.net\/cotedivoire\/","name":"C\u00f4te d&#039;Ivoire","description":"Just another Africa News Agency Sites site","potentialAction":[{"@type":"SearchAction","target":{"@type":"EntryPoint","urlTemplate":"https:\/\/www.africa-press.net\/cotedivoire\/?s={search_term_string}"},"query-input":{"@type":"PropertyValueSpecification","valueRequired":true,"valueName":"search_term_string"}}],"inLanguage":"fr-FR"},{"@type":"Person","@id":"https:\/\/www.africa-press.net\/cotedivoire\/#\/schema\/person\/2b1cf3cd81a31e3cd26889ca66d677f1","name":"cfeditorfr"}]}},"_links":{"self":[{"href":"https:\/\/www.africa-press.net\/cotedivoire\/wp-json\/wp\/v2\/posts\/46083","targetHints":{"allow":["GET"]}}],"collection":[{"href":"https:\/\/www.africa-press.net\/cotedivoire\/wp-json\/wp\/v2\/posts"}],"about":[{"href":"https:\/\/www.africa-press.net\/cotedivoire\/wp-json\/wp\/v2\/types\/post"}],"author":[{"embeddable":true,"href":"https:\/\/www.africa-press.net\/cotedivoire\/wp-json\/wp\/v2\/users\/82"}],"replies":[{"embeddable":true,"href":"https:\/\/www.africa-press.net\/cotedivoire\/wp-json\/wp\/v2\/comments?post=46083"}],"version-history":[{"count":0,"href":"https:\/\/www.africa-press.net\/cotedivoire\/wp-json\/wp\/v2\/posts\/46083\/revisions"}],"wp:featuredmedia":[{"embeddable":true,"href":"https:\/\/www.africa-press.net\/cotedivoire\/wp-json\/wp\/v2\/media\/46082"}],"wp:attachment":[{"href":"https:\/\/www.africa-press.net\/cotedivoire\/wp-json\/wp\/v2\/media?parent=46083"}],"wp:term":[{"taxonomy":"category","embeddable":true,"href":"https:\/\/www.africa-press.net\/cotedivoire\/wp-json\/wp\/v2\/categories?post=46083"},{"taxonomy":"post_tag","embeddable":true,"href":"https:\/\/www.africa-press.net\/cotedivoire\/wp-json\/wp\/v2\/tags?post=46083"}],"curies":[{"name":"wp","href":"https:\/\/api.w.org\/{rel}","templated":true}]}}