{"id":46198,"date":"2022-10-13T15:37:53","date_gmt":"2022-10-13T15:37:53","guid":{"rendered":"https:\/\/www.africa-press.net\/cotedivoire\/politique\/debat-sur-le-desequilibre-des-cei-locales-coulibaly-kuibiert-a-lopposition-les-elections-ne-se-gagnent-pas-dans-les-cei-locales-mais-sur-le-terrain"},"modified":"2022-10-13T16:14:31","modified_gmt":"2022-10-13T16:14:31","slug":"debat-sur-le-desequilibre-des-cei-locales-coulibaly-kuibiert-a-lopposition-les-elections-ne-se-gagnent-pas-dans-les-cei-locales-mais-sur-le-terrain","status":"publish","type":"post","link":"https:\/\/www.africa-press.net\/cotedivoire\/politique\/debat-sur-le-desequilibre-des-cei-locales-coulibaly-kuibiert-a-lopposition-les-elections-ne-se-gagnent-pas-dans-les-cei-locales-mais-sur-le-terrain","title":{"rendered":"D\u00e9bat sur le d\u00e9s\u00e9quilibre des CEI locales, Coulibaly Kuibiert \u00e0 l&rsquo;opposition : \u00ab les \u00e9lections ne se gagnent pas dans les CEI locales, mais sur le terrain \u00bb"},"content":{"rendered":"<p><span style=\"color: #ff6600\"><strong>Africa-Press &#8211; C\u00f4te d&rsquo;Ivoire. <\/strong><\/span><\/p>\n<p>Apre\u0300s les partis politiques, le mardi 11 octobre 2022, ce sont les acteurs de la socie\u0301te\u0301 civile et ceux des me\u0301dias qui ont e\u0301te\u0301 rec\u0327us ce mercredi 12 octobre par la Commission E\u0301lectorale Inde\u0301pendante (CEI) dans le cadre d&rsquo;une se\u0301ance d&rsquo;information sur la re\u0301vision de la liste e\u0301lectorale au titre de l&rsquo;anne\u0301e en cours.<\/p>\n<p>Au cours de cette rencontre, certaines pre\u0301occupations, notamment celles relatives au de\u0301bat sur le de\u0301se\u0301quilibre des CEI locales et l&rsquo;audit de la liste e\u0301lectorale souleve\u0301es par les partis politiques de l&rsquo;opposition, ont e\u0301te\u0301 remises sur la table par les journalistes.<\/p>\n<p>Re\u0301pondant a\u0300 ces pre\u0301occupations, Coulibaly Ibrahime Kuibiert, n&rsquo;y est pas alle\u0301 du dos de la cuille\u0300re.<\/p>\n<p>Sur la question du de\u0301se\u0301quilibre des CEI locales qui seraient sous le contro\u0302le des membres proches du parti au pouvoir, le pre\u0301sident de la CEI centrale dans un langage direct et franc s&rsquo;est adresse\u0301 a\u0300 l&rsquo;opposition en ces termes.<\/p>\n<p>\u00a0\u00bb Ce n&rsquo;est pas dans les CEI locales que les e\u0301lections se tiennent et se gagnent, c&rsquo;est sur le terrain. Aujourd&rsquo;hui, on donne l&rsquo;image aux gens selon laquelle lorsqu&rsquo;on est repre\u0301sente\u0301 a\u0300 la CEI, on gagne les e\u0301lections. Ce n&rsquo;est pas vrai. Les de\u0301pute\u0301s inde\u0301pendants gagnent sans e\u0302tre a\u0300 la CEI\u00a0\u00bb, a-t-il martele\u0301.<\/p>\n<p>Sur le mode de composition des CEI locales, Coulibaly Kuibiert s&rsquo;est voulu davantage explicite.<\/p>\n<p>\u00ab\u00a0Lorsque la loi autorise que vous de\u0301signez des membres ou des personnalite\u0301s, la CEI par la voix de son pre\u0301sident, les nomme. Mais quand ils vont pour mettre le bureau en place, cela se passe par e\u0301lection. Il y a 4 membres de l&rsquo;opposition, 3 du pouvoir et 1 de l&rsquo;administration. Cela donne 8 membres. Si on nommait les pre\u0301sidents des CEI locales, alors on pourrait dire qu&rsquo;il y a un de\u0301se\u0301quilibre ou\u0300 on fait la part belle au pouvoir. Mais tout se passe par e\u0301lection\u00a0\u00bb a poursuivi Kuibiert visiblement irrite\u0301.<\/p>\n<p>Le pre\u0301sident de la CEI a en outre, fait savoir que les pre\u0301sidents des CEI locales sont des personnes qui leur sont pour la plupart e\u0301trange\u0300res. A\u0300 l&rsquo;en croire, ces pre\u0301sidents sont souvent e\u0301lus a\u0300 partir des alliances que les partis politiques font entre eux.<\/p>\n<p>\u00a0\u00bb Ce n&rsquo;est pas le pouvoir qui met les CEI locales en place. Cela se passe par e\u0301lection et non par nomination. Retenez cela une fois pour de bon\u00a0\u00bb, a-t-il dit.<\/p>\n<p>Concernant l&rsquo;audit de la liste e\u0301lectorale, le patron des e\u0301lections en Co\u0302te d&rsquo;Ivoire a clairement exprime\u0301 son agacement sur la question.<\/p>\n<p>\u00a0\u00bb La re\u0301vision de la liste e\u0301lectorale, en elle-me\u0302me, est de\u0301ja\u0300 un audit. L&rsquo;audit que re\u0301clament certaines personnes n&rsquo;a donc aucun inte\u0301re\u0302t. Tous les pays qui ont fait les audits, savez-vous comment cela s&rsquo;est passe\u0301 ? Tre\u0300s mal, parce que les re\u0301sultats de l&rsquo;audit n&rsquo;ont me\u0302me pas e\u0301te\u0301 applique\u0301s. Les audits, ce sont des inventions\u00a0\u00bb, a tance\u0301 Kuibiert.<\/p>\n<p>Et de poursuivre sur le me\u0302me sujet : \u00a0\u00bb vous pensez que ce sont des extra-terrestres qui vont venir prendre le document et dire que tel ou tel ne me\u0301rite pas d&rsquo;e\u0302tre sur la liste ? Ceux qui veulent de l&rsquo;audit, veulent de fac\u0327on pe\u0301remptoire de\u0301clarer certains e\u0301lecteurs comme ne me\u0301ritant pas d&rsquo;e\u0302tre sur la liste e\u0301lectorale sans preuve. C\u0327a ne marche pas, parce que c&rsquo;est la meilleure manie\u0300re de cre\u0301er la chienlit dans un pays. Si vous conside\u0301rez que monsieur x ou y ne me\u0301rite pas d&rsquo;e\u0302tre sur la liste e\u0301lectorale parce qu&rsquo;il n&rsquo;est pas Ivoirien, saisissez le tribunal ou la CEI avec des preuves et nos services aviseront\u00a0\u00bb, a-t-il insiste\u0301.<\/p>\n<p>Aux acteurs de la socie\u0301te\u0301 civile, le pre\u0301sident de la CEI a demande\u0301 de mener la sensibilisation sur le terrain, afin d&rsquo;amener le maximum d&rsquo;Ivoiriens a\u0300 se doter de tous leurs papiers, dans l&rsquo;optique de pouvoir s&rsquo;inscrire sur la liste e\u0301lectorale.<\/p>\n<p>Pour rappel, l&rsquo;ope\u0301ration de re\u0301vision de la liste e\u0301lectorale en Co\u0302te d&rsquo;Ivoire se de\u0301roulera du 19 novembre au 10 de\u0301cembre 2022. A\u0300 l&rsquo;e\u0301tranger, il se tiendra du 26 novembre au 10 de\u0301cembre 2022. Il y a 21 pays concerne\u0301s. Cependant, les CEI locales vont se de\u0301ployer dans 18 pays.<\/p>\n<p><strong>Pour plus d&rsquo;informations et d&rsquo;analyses sur la <a href=\"https:\/\/www.africa-press.net\/cotedivoire\">C\u00f4te d&rsquo;Ivoire<\/a>, suivez <a href=\"https:\/\/www.africa-press.net\/\">Africa-Press<\/a><\/strong><\/p>\n","protected":false},"excerpt":{"rendered":"<p>Africa-Press &#8211; C\u00f4te d&rsquo;Ivoire. Apre\u0300s les partis politiques, le mardi 11 octobre 2022, ce sont les acteurs de la socie\u0301te\u0301 civile et ceux des me\u0301dias qui ont e\u0301te\u0301 rec\u0327us ce mercredi 12 octobre par la Commission E\u0301lectorale Inde\u0301pendante (CEI) dans le cadre d&rsquo;une se\u0301ance d&rsquo;information sur la re\u0301vision de la liste e\u0301lectorale au titre de [&hellip;]<\/p>\n","protected":false},"author":82,"featured_media":46197,"comment_status":"open","ping_status":"closed","sticky":false,"template":"","format":"standard","meta":{"footnotes":""},"categories":[2,10],"tags":[56,63,1316,29,7796,7800],"class_list":["post-46198","post","type-post","status-publish","format-standard","has-post-thumbnail","hentry","category-politique","category-toutes-les-actualites","tag-africa-press","tag-africa-press-cote-divoire","tag-cei","tag-cote-divoire","tag-coulibaly-ibrahime-kuibiert","tag-elections-locales-2013-cote-divoire"],"yoast_head":"<!-- This site is optimized with the Yoast SEO Premium plugin v26.1 (Yoast SEO v27.0) - https:\/\/yoast.com\/product\/yoast-seo-premium-wordpress\/ -->\n<title>D\u00e9bat sur le d\u00e9s\u00e9quilibre des CEI locales, Coulibaly Kuibiert \u00e0 l&#039;opposition : \u00ab les \u00e9lections ne se gagnent pas dans les CEI locales, mais sur le terrain \u00bb - C\u00f4te d&#039;Ivoire<\/title>\n<meta name=\"description\" content=\"\ufeff Apre\u0300s les partis politiques, le mardi 11 octobre 2022, ce sont les acteurs de la socie\u0301te\u0301 civile et ceux des me\u0301dia ...\" \/>\n<meta name=\"robots\" content=\"index, follow, max-snippet:-1, max-image-preview:large, max-video-preview:-1\" \/>\n<link rel=\"canonical\" href=\"https:\/\/www.africa-press.net\/cotedivoire\/politique\/debat-sur-le-desequilibre-des-cei-locales-coulibaly-kuibiert-a-lopposition-les-elections-ne-se-gagnent-pas-dans-les-cei-locales-mais-sur-le-terrain\" \/>\n<meta property=\"og:locale\" content=\"fr_FR\" \/>\n<meta property=\"og:type\" content=\"article\" \/>\n<meta property=\"og:title\" content=\"D\u00e9bat sur le d\u00e9s\u00e9quilibre des CEI locales, Coulibaly Kuibiert \u00e0 l&#039;opposition : \u00ab les \u00e9lections ne se gagnent pas dans les CEI locales, mais sur le terrain \u00bb\" \/>\n<meta property=\"og:description\" content=\"\ufeff Apre\u0300s les partis politiques, le mardi 11 octobre 2022, ce sont les acteurs de la socie\u0301te\u0301 civile et ceux des me\u0301dia ...\" \/>\n<meta property=\"og:url\" content=\"https:\/\/www.africa-press.net\/cotedivoire\/politique\/debat-sur-le-desequilibre-des-cei-locales-coulibaly-kuibiert-a-lopposition-les-elections-ne-se-gagnent-pas-dans-les-cei-locales-mais-sur-le-terrain\" \/>\n<meta property=\"og:site_name\" content=\"C\u00f4te d&#039;Ivoire\" \/>\n<meta property=\"article:published_time\" content=\"2022-10-13T15:37:53+00:00\" \/>\n<meta property=\"article:modified_time\" content=\"2022-10-13T16:14:31+00:00\" \/>\n<meta property=\"og:image\" content=\"https:\/\/static.africa-press.net\/cote\/sites\/43\/2022\/10\/postQueueImg_25-6348394eb63f2.jpg\" \/>\n\t<meta property=\"og:image:width\" content=\"720\" \/>\n\t<meta property=\"og:image:height\" content=\"346\" \/>\n\t<meta property=\"og:image:type\" content=\"image\/jpeg\" \/>\n<meta name=\"author\" content=\"cfeditorfr\" \/>\n<meta name=\"twitter:card\" content=\"summary_large_image\" \/>\n<meta name=\"twitter:label1\" content=\"\u00c9crit par\" \/>\n\t<meta name=\"twitter:data1\" content=\"cfeditorfr\" \/>\n\t<meta name=\"twitter:label2\" content=\"Dur\u00e9e de lecture estim\u00e9e\" \/>\n\t<meta name=\"twitter:data2\" content=\"4 minutes\" \/>\n<script type=\"application\/ld+json\" class=\"yoast-schema-graph\">{\"@context\":\"https:\/\/schema.org\",\"@graph\":[{\"@type\":\"Article\",\"@id\":\"https:\/\/www.africa-press.net\/cotedivoire\/politique\/debat-sur-le-desequilibre-des-cei-locales-coulibaly-kuibiert-a-lopposition-les-elections-ne-se-gagnent-pas-dans-les-cei-locales-mais-sur-le-terrain#article\",\"isPartOf\":{\"@id\":\"https:\/\/www.africa-press.net\/cotedivoire\/politique\/debat-sur-le-desequilibre-des-cei-locales-coulibaly-kuibiert-a-lopposition-les-elections-ne-se-gagnent-pas-dans-les-cei-locales-mais-sur-le-terrain\"},\"author\":{\"name\":\"cfeditorfr\",\"@id\":\"https:\/\/www.africa-press.net\/cotedivoire\/#\/schema\/person\/2b1cf3cd81a31e3cd26889ca66d677f1\"},\"headline\":\"D\u00e9bat sur le d\u00e9s\u00e9quilibre des CEI locales, Coulibaly Kuibiert \u00e0 l&rsquo;opposition : \u00ab les \u00e9lections ne se gagnent pas dans les CEI locales, mais sur le terrain \u00bb\",\"datePublished\":\"2022-10-13T15:37:53+00:00\",\"dateModified\":\"2022-10-13T16:14:31+00:00\",\"mainEntityOfPage\":{\"@id\":\"https:\/\/www.africa-press.net\/cotedivoire\/politique\/debat-sur-le-desequilibre-des-cei-locales-coulibaly-kuibiert-a-lopposition-les-elections-ne-se-gagnent-pas-dans-les-cei-locales-mais-sur-le-terrain\"},\"wordCount\":824,\"commentCount\":0,\"image\":{\"@id\":\"https:\/\/www.africa-press.net\/cotedivoire\/politique\/debat-sur-le-desequilibre-des-cei-locales-coulibaly-kuibiert-a-lopposition-les-elections-ne-se-gagnent-pas-dans-les-cei-locales-mais-sur-le-terrain#primaryimage\"},\"thumbnailUrl\":\"https:\/\/static.africa-press.net\/cote\/sites\/43\/2022\/10\/postQueueImg_25-6348394eb63f2.jpg\",\"keywords\":[\"Africa Press\",\"Africa Press-C\u00f4te d'Ivoire\",\"Cei\",\"C\u00d4TE D'IVOIRE\",\"Coulibaly Ibrahime Kuibiert\",\"Elections locales 2013 C\u00f4te d'Ivoire\"],\"articleSection\":[\"Politique\",\"Toutes les actualit\u00e9s\"],\"inLanguage\":\"fr-FR\",\"potentialAction\":[{\"@type\":\"CommentAction\",\"name\":\"Comment\",\"target\":[\"https:\/\/www.africa-press.net\/cotedivoire\/politique\/debat-sur-le-desequilibre-des-cei-locales-coulibaly-kuibiert-a-lopposition-les-elections-ne-se-gagnent-pas-dans-les-cei-locales-mais-sur-le-terrain#respond\"]}]},{\"@type\":\"WebPage\",\"@id\":\"https:\/\/www.africa-press.net\/cotedivoire\/politique\/debat-sur-le-desequilibre-des-cei-locales-coulibaly-kuibiert-a-lopposition-les-elections-ne-se-gagnent-pas-dans-les-cei-locales-mais-sur-le-terrain\",\"url\":\"https:\/\/www.africa-press.net\/cotedivoire\/politique\/debat-sur-le-desequilibre-des-cei-locales-coulibaly-kuibiert-a-lopposition-les-elections-ne-se-gagnent-pas-dans-les-cei-locales-mais-sur-le-terrain\",\"name\":\"D\u00e9bat sur le d\u00e9s\u00e9quilibre des CEI locales, Coulibaly Kuibiert \u00e0 l'opposition : \u00ab les \u00e9lections ne se gagnent pas dans les CEI locales, mais sur le terrain \u00bb - C\u00f4te d&#039;Ivoire\",\"isPartOf\":{\"@id\":\"https:\/\/www.africa-press.net\/cotedivoire\/#website\"},\"primaryImageOfPage\":{\"@id\":\"https:\/\/www.africa-press.net\/cotedivoire\/politique\/debat-sur-le-desequilibre-des-cei-locales-coulibaly-kuibiert-a-lopposition-les-elections-ne-se-gagnent-pas-dans-les-cei-locales-mais-sur-le-terrain#primaryimage\"},\"image\":{\"@id\":\"https:\/\/www.africa-press.net\/cotedivoire\/politique\/debat-sur-le-desequilibre-des-cei-locales-coulibaly-kuibiert-a-lopposition-les-elections-ne-se-gagnent-pas-dans-les-cei-locales-mais-sur-le-terrain#primaryimage\"},\"thumbnailUrl\":\"https:\/\/static.africa-press.net\/cote\/sites\/43\/2022\/10\/postQueueImg_25-6348394eb63f2.jpg\",\"datePublished\":\"2022-10-13T15:37:53+00:00\",\"dateModified\":\"2022-10-13T16:14:31+00:00\",\"author\":{\"@id\":\"https:\/\/www.africa-press.net\/cotedivoire\/#\/schema\/person\/2b1cf3cd81a31e3cd26889ca66d677f1\"},\"description\":\"\ufeff Apre\u0300s les partis politiques, le mardi 11 octobre 2022, ce sont les acteurs de la socie\u0301te\u0301 civile et ceux des me\u0301dia ...\",\"breadcrumb\":{\"@id\":\"https:\/\/www.africa-press.net\/cotedivoire\/politique\/debat-sur-le-desequilibre-des-cei-locales-coulibaly-kuibiert-a-lopposition-les-elections-ne-se-gagnent-pas-dans-les-cei-locales-mais-sur-le-terrain#breadcrumb\"},\"inLanguage\":\"fr-FR\",\"potentialAction\":[{\"@type\":\"ReadAction\",\"target\":[\"https:\/\/www.africa-press.net\/cotedivoire\/politique\/debat-sur-le-desequilibre-des-cei-locales-coulibaly-kuibiert-a-lopposition-les-elections-ne-se-gagnent-pas-dans-les-cei-locales-mais-sur-le-terrain\"]}]},{\"@type\":\"ImageObject\",\"inLanguage\":\"fr-FR\",\"@id\":\"https:\/\/www.africa-press.net\/cotedivoire\/politique\/debat-sur-le-desequilibre-des-cei-locales-coulibaly-kuibiert-a-lopposition-les-elections-ne-se-gagnent-pas-dans-les-cei-locales-mais-sur-le-terrain#primaryimage\",\"url\":\"https:\/\/static.africa-press.net\/cote\/sites\/43\/2022\/10\/postQueueImg_25-6348394eb63f2.jpg\",\"contentUrl\":\"https:\/\/static.africa-press.net\/cote\/sites\/43\/2022\/10\/postQueueImg_25-6348394eb63f2.jpg\",\"width\":720,\"height\":346,\"caption\":\"D\u00e9bat sur le d\u00e9s\u00e9quilibre des CEI locales, Coulibaly Kuibiert \u00e0 l'opposition : \u00ab les \u00e9lections ne se gagnent pas dans les CEI locales, mais sur le terrain \u00bb\"},{\"@type\":\"BreadcrumbList\",\"@id\":\"https:\/\/www.africa-press.net\/cotedivoire\/politique\/debat-sur-le-desequilibre-des-cei-locales-coulibaly-kuibiert-a-lopposition-les-elections-ne-se-gagnent-pas-dans-les-cei-locales-mais-sur-le-terrain#breadcrumb\",\"itemListElement\":[{\"@type\":\"ListItem\",\"position\":1,\"name\":\"Accueil\",\"item\":\"https:\/\/www.africa-press.net\/cotedivoire\/\"},{\"@type\":\"ListItem\",\"position\":2,\"name\":\"D\u00e9bat sur le d\u00e9s\u00e9quilibre des CEI locales, Coulibaly Kuibiert \u00e0 l&#8217;opposition : \u00ab les \u00e9lections ne se gagnent pas dans les CEI locales, mais sur le terrain \u00bb\"}]},{\"@type\":\"WebSite\",\"@id\":\"https:\/\/www.africa-press.net\/cotedivoire\/#website\",\"url\":\"https:\/\/www.africa-press.net\/cotedivoire\/\",\"name\":\"C\u00f4te d&#039;Ivoire\",\"description\":\"Just another Africa News Agency Sites site\",\"potentialAction\":[{\"@type\":\"SearchAction\",\"target\":{\"@type\":\"EntryPoint\",\"urlTemplate\":\"https:\/\/www.africa-press.net\/cotedivoire\/?s={search_term_string}\"},\"query-input\":{\"@type\":\"PropertyValueSpecification\",\"valueRequired\":true,\"valueName\":\"search_term_string\"}}],\"inLanguage\":\"fr-FR\"},{\"@type\":\"Person\",\"@id\":\"https:\/\/www.africa-press.net\/cotedivoire\/#\/schema\/person\/2b1cf3cd81a31e3cd26889ca66d677f1\",\"name\":\"cfeditorfr\"}]}<\/script>\n<!-- \/ Yoast SEO Premium plugin. -->","yoast_head_json":{"title":"D\u00e9bat sur le d\u00e9s\u00e9quilibre des CEI locales, Coulibaly Kuibiert \u00e0 l'opposition : \u00ab les \u00e9lections ne se gagnent pas dans les CEI locales, mais sur le terrain \u00bb - C\u00f4te d&#039;Ivoire","description":"\ufeff Apre\u0300s les partis politiques, le mardi 11 octobre 2022, ce sont les acteurs de la socie\u0301te\u0301 civile et ceux des me\u0301dia ...","robots":{"index":"index","follow":"follow","max-snippet":"max-snippet:-1","max-image-preview":"max-image-preview:large","max-video-preview":"max-video-preview:-1"},"canonical":"https:\/\/www.africa-press.net\/cotedivoire\/politique\/debat-sur-le-desequilibre-des-cei-locales-coulibaly-kuibiert-a-lopposition-les-elections-ne-se-gagnent-pas-dans-les-cei-locales-mais-sur-le-terrain","og_locale":"fr_FR","og_type":"article","og_title":"D\u00e9bat sur le d\u00e9s\u00e9quilibre des CEI locales, Coulibaly Kuibiert \u00e0 l'opposition : \u00ab les \u00e9lections ne se gagnent pas dans les CEI locales, mais sur le terrain \u00bb","og_description":"\ufeff Apre\u0300s les partis politiques, le mardi 11 octobre 2022, ce sont les acteurs de la socie\u0301te\u0301 civile et ceux des me\u0301dia ...","og_url":"https:\/\/www.africa-press.net\/cotedivoire\/politique\/debat-sur-le-desequilibre-des-cei-locales-coulibaly-kuibiert-a-lopposition-les-elections-ne-se-gagnent-pas-dans-les-cei-locales-mais-sur-le-terrain","og_site_name":"C\u00f4te d&#039;Ivoire","article_published_time":"2022-10-13T15:37:53+00:00","article_modified_time":"2022-10-13T16:14:31+00:00","og_image":[{"width":720,"height":346,"url":"https:\/\/static.africa-press.net\/cote\/sites\/43\/2022\/10\/postQueueImg_25-6348394eb63f2.jpg","type":"image\/jpeg"}],"author":"cfeditorfr","twitter_card":"summary_large_image","twitter_misc":{"\u00c9crit par":"cfeditorfr","Dur\u00e9e de lecture estim\u00e9e":"4 minutes"},"schema":{"@context":"https:\/\/schema.org","@graph":[{"@type":"Article","@id":"https:\/\/www.africa-press.net\/cotedivoire\/politique\/debat-sur-le-desequilibre-des-cei-locales-coulibaly-kuibiert-a-lopposition-les-elections-ne-se-gagnent-pas-dans-les-cei-locales-mais-sur-le-terrain#article","isPartOf":{"@id":"https:\/\/www.africa-press.net\/cotedivoire\/politique\/debat-sur-le-desequilibre-des-cei-locales-coulibaly-kuibiert-a-lopposition-les-elections-ne-se-gagnent-pas-dans-les-cei-locales-mais-sur-le-terrain"},"author":{"name":"cfeditorfr","@id":"https:\/\/www.africa-press.net\/cotedivoire\/#\/schema\/person\/2b1cf3cd81a31e3cd26889ca66d677f1"},"headline":"D\u00e9bat sur le d\u00e9s\u00e9quilibre des CEI locales, Coulibaly Kuibiert \u00e0 l&rsquo;opposition : \u00ab les \u00e9lections ne se gagnent pas dans les CEI locales, mais sur le terrain \u00bb","datePublished":"2022-10-13T15:37:53+00:00","dateModified":"2022-10-13T16:14:31+00:00","mainEntityOfPage":{"@id":"https:\/\/www.africa-press.net\/cotedivoire\/politique\/debat-sur-le-desequilibre-des-cei-locales-coulibaly-kuibiert-a-lopposition-les-elections-ne-se-gagnent-pas-dans-les-cei-locales-mais-sur-le-terrain"},"wordCount":824,"commentCount":0,"image":{"@id":"https:\/\/www.africa-press.net\/cotedivoire\/politique\/debat-sur-le-desequilibre-des-cei-locales-coulibaly-kuibiert-a-lopposition-les-elections-ne-se-gagnent-pas-dans-les-cei-locales-mais-sur-le-terrain#primaryimage"},"thumbnailUrl":"https:\/\/static.africa-press.net\/cote\/sites\/43\/2022\/10\/postQueueImg_25-6348394eb63f2.jpg","keywords":["Africa Press","Africa Press-C\u00f4te d'Ivoire","Cei","C\u00d4TE D'IVOIRE","Coulibaly Ibrahime Kuibiert","Elections locales 2013 C\u00f4te d'Ivoire"],"articleSection":["Politique","Toutes les actualit\u00e9s"],"inLanguage":"fr-FR","potentialAction":[{"@type":"CommentAction","name":"Comment","target":["https:\/\/www.africa-press.net\/cotedivoire\/politique\/debat-sur-le-desequilibre-des-cei-locales-coulibaly-kuibiert-a-lopposition-les-elections-ne-se-gagnent-pas-dans-les-cei-locales-mais-sur-le-terrain#respond"]}]},{"@type":"WebPage","@id":"https:\/\/www.africa-press.net\/cotedivoire\/politique\/debat-sur-le-desequilibre-des-cei-locales-coulibaly-kuibiert-a-lopposition-les-elections-ne-se-gagnent-pas-dans-les-cei-locales-mais-sur-le-terrain","url":"https:\/\/www.africa-press.net\/cotedivoire\/politique\/debat-sur-le-desequilibre-des-cei-locales-coulibaly-kuibiert-a-lopposition-les-elections-ne-se-gagnent-pas-dans-les-cei-locales-mais-sur-le-terrain","name":"D\u00e9bat sur le d\u00e9s\u00e9quilibre des CEI locales, Coulibaly Kuibiert \u00e0 l'opposition : \u00ab les \u00e9lections ne se gagnent pas dans les CEI locales, mais sur le terrain \u00bb - C\u00f4te d&#039;Ivoire","isPartOf":{"@id":"https:\/\/www.africa-press.net\/cotedivoire\/#website"},"primaryImageOfPage":{"@id":"https:\/\/www.africa-press.net\/cotedivoire\/politique\/debat-sur-le-desequilibre-des-cei-locales-coulibaly-kuibiert-a-lopposition-les-elections-ne-se-gagnent-pas-dans-les-cei-locales-mais-sur-le-terrain#primaryimage"},"image":{"@id":"https:\/\/www.africa-press.net\/cotedivoire\/politique\/debat-sur-le-desequilibre-des-cei-locales-coulibaly-kuibiert-a-lopposition-les-elections-ne-se-gagnent-pas-dans-les-cei-locales-mais-sur-le-terrain#primaryimage"},"thumbnailUrl":"https:\/\/static.africa-press.net\/cote\/sites\/43\/2022\/10\/postQueueImg_25-6348394eb63f2.jpg","datePublished":"2022-10-13T15:37:53+00:00","dateModified":"2022-10-13T16:14:31+00:00","author":{"@id":"https:\/\/www.africa-press.net\/cotedivoire\/#\/schema\/person\/2b1cf3cd81a31e3cd26889ca66d677f1"},"description":"\ufeff Apre\u0300s les partis politiques, le mardi 11 octobre 2022, ce sont les acteurs de la socie\u0301te\u0301 civile et ceux des me\u0301dia ...","breadcrumb":{"@id":"https:\/\/www.africa-press.net\/cotedivoire\/politique\/debat-sur-le-desequilibre-des-cei-locales-coulibaly-kuibiert-a-lopposition-les-elections-ne-se-gagnent-pas-dans-les-cei-locales-mais-sur-le-terrain#breadcrumb"},"inLanguage":"fr-FR","potentialAction":[{"@type":"ReadAction","target":["https:\/\/www.africa-press.net\/cotedivoire\/politique\/debat-sur-le-desequilibre-des-cei-locales-coulibaly-kuibiert-a-lopposition-les-elections-ne-se-gagnent-pas-dans-les-cei-locales-mais-sur-le-terrain"]}]},{"@type":"ImageObject","inLanguage":"fr-FR","@id":"https:\/\/www.africa-press.net\/cotedivoire\/politique\/debat-sur-le-desequilibre-des-cei-locales-coulibaly-kuibiert-a-lopposition-les-elections-ne-se-gagnent-pas-dans-les-cei-locales-mais-sur-le-terrain#primaryimage","url":"https:\/\/static.africa-press.net\/cote\/sites\/43\/2022\/10\/postQueueImg_25-6348394eb63f2.jpg","contentUrl":"https:\/\/static.africa-press.net\/cote\/sites\/43\/2022\/10\/postQueueImg_25-6348394eb63f2.jpg","width":720,"height":346,"caption":"D\u00e9bat sur le d\u00e9s\u00e9quilibre des CEI locales, Coulibaly Kuibiert \u00e0 l'opposition : \u00ab les \u00e9lections ne se gagnent pas dans les CEI locales, mais sur le terrain \u00bb"},{"@type":"BreadcrumbList","@id":"https:\/\/www.africa-press.net\/cotedivoire\/politique\/debat-sur-le-desequilibre-des-cei-locales-coulibaly-kuibiert-a-lopposition-les-elections-ne-se-gagnent-pas-dans-les-cei-locales-mais-sur-le-terrain#breadcrumb","itemListElement":[{"@type":"ListItem","position":1,"name":"Accueil","item":"https:\/\/www.africa-press.net\/cotedivoire\/"},{"@type":"ListItem","position":2,"name":"D\u00e9bat sur le d\u00e9s\u00e9quilibre des CEI locales, Coulibaly Kuibiert \u00e0 l&#8217;opposition : \u00ab les \u00e9lections ne se gagnent pas dans les CEI locales, mais sur le terrain \u00bb"}]},{"@type":"WebSite","@id":"https:\/\/www.africa-press.net\/cotedivoire\/#website","url":"https:\/\/www.africa-press.net\/cotedivoire\/","name":"C\u00f4te d&#039;Ivoire","description":"Just another Africa News Agency Sites site","potentialAction":[{"@type":"SearchAction","target":{"@type":"EntryPoint","urlTemplate":"https:\/\/www.africa-press.net\/cotedivoire\/?s={search_term_string}"},"query-input":{"@type":"PropertyValueSpecification","valueRequired":true,"valueName":"search_term_string"}}],"inLanguage":"fr-FR"},{"@type":"Person","@id":"https:\/\/www.africa-press.net\/cotedivoire\/#\/schema\/person\/2b1cf3cd81a31e3cd26889ca66d677f1","name":"cfeditorfr"}]}},"_links":{"self":[{"href":"https:\/\/www.africa-press.net\/cotedivoire\/wp-json\/wp\/v2\/posts\/46198","targetHints":{"allow":["GET"]}}],"collection":[{"href":"https:\/\/www.africa-press.net\/cotedivoire\/wp-json\/wp\/v2\/posts"}],"about":[{"href":"https:\/\/www.africa-press.net\/cotedivoire\/wp-json\/wp\/v2\/types\/post"}],"author":[{"embeddable":true,"href":"https:\/\/www.africa-press.net\/cotedivoire\/wp-json\/wp\/v2\/users\/82"}],"replies":[{"embeddable":true,"href":"https:\/\/www.africa-press.net\/cotedivoire\/wp-json\/wp\/v2\/comments?post=46198"}],"version-history":[{"count":0,"href":"https:\/\/www.africa-press.net\/cotedivoire\/wp-json\/wp\/v2\/posts\/46198\/revisions"}],"wp:featuredmedia":[{"embeddable":true,"href":"https:\/\/www.africa-press.net\/cotedivoire\/wp-json\/wp\/v2\/media\/46197"}],"wp:attachment":[{"href":"https:\/\/www.africa-press.net\/cotedivoire\/wp-json\/wp\/v2\/media?parent=46198"}],"wp:term":[{"taxonomy":"category","embeddable":true,"href":"https:\/\/www.africa-press.net\/cotedivoire\/wp-json\/wp\/v2\/categories?post=46198"},{"taxonomy":"post_tag","embeddable":true,"href":"https:\/\/www.africa-press.net\/cotedivoire\/wp-json\/wp\/v2\/tags?post=46198"}],"curies":[{"name":"wp","href":"https:\/\/api.w.org\/{rel}","templated":true}]}}