{"id":46516,"date":"2022-10-20T16:59:44","date_gmt":"2022-10-20T16:59:44","guid":{"rendered":"https:\/\/www.africa-press.net\/cotedivoire\/politique\/cote-divoire-burkina-malgre-la-fermeture-de-la-frontiere-entre-les-deux-pays-le-commerce-illicite-y-gagnerait-du-terrain"},"modified":"2022-10-20T17:08:50","modified_gmt":"2022-10-20T17:08:50","slug":"cote-divoire-burkina-malgre-la-fermeture-de-la-frontiere-entre-les-deux-pays-le-commerce-illicite-y-gagnerait-du-terrain","status":"publish","type":"post","link":"https:\/\/www.africa-press.net\/cotedivoire\/economie\/cote-divoire-burkina-malgre-la-fermeture-de-la-frontiere-entre-les-deux-pays-le-commerce-illicite-y-gagnerait-du-terrain","title":{"rendered":"C\u00f4te d&rsquo;Ivoire-Burkina : Malgr\u00e9 la fermeture de la  fronti\u00e8re entre les deux pays, le commerce illicite y gagnerait du terrain"},"content":{"rendered":"<p><span style=\"color: #ff6600\"><strong>Africa-Press &#8211; C\u00f4te d&rsquo;Ivoire. <\/strong><\/span>Depuis l\u2019ave\u0300nement de la pande\u0301mie a\u0300 Coronavirus, des mesures de restrictions ont e\u0301te\u0301 prises par les autorite\u0301s ivoiriennes dont la fermeture des frontie\u0300res terrestres avec les pays voisins dont le Burkina Faso.<\/p>\n<p>Malgre\u0301 cette fermeture et comme constate\u0301 avec des individus qui quittent le pays des hommes inte\u0300gres pour venir piller les fore\u0302ts classe\u0301es ivoiriennes jouxtant la frontie\u0300re avec leur pays, l\u2019opinion est en mesure de s\u2019interroger si cette de\u0301cision en vaut encore la peine?<\/p>\n<p>Comme nous le mentionnons, cette fermeture des frontie\u0300res et selon nos informations profiterait a\u0300 certains individus.<\/p>\n<p>\u00ab A\u0300 la frontie\u0300re Co\u0302te d\u2019Ivoire-Burkina, le mal se\u0301vit. Acce\u0301der a\u0300 la Co\u0302te d\u2019Ivoire est un ve\u0301ritable parcours du combattant. Un commerce illicite gagne du terrain. Chaque jour que Dieu fait, les populations vont et viennent de ce pays. Mais, comment ? L\u2019argent coule. Il faut se faire transporter par une moto et traverser la fore\u0302t avec tout le risque possible car les terroristes et les bandits y sont. Quitter Ouagadougou pour Abidjan, le transport a triple\u0301 pour la simple raison que les transporteurs doivent soudoyer plusieurs entite\u0301s voire des Forces de De\u0301fense et de Se\u0301curite\u0301 (FDS)\u00a0\u00bb, de\u0301plore une source burkinabe\u0301e.<\/p>\n<p>Concernant la COVID-19 qui a pousse\u0301 Abidjan a\u0300 fermer sa frontie\u0300re avec ses capitales voisines, pour pas grand-chose finalement, le point de la situation fait par le Ministe\u0300re de la Sante\u0301, de l\u2019Hygie\u0300ne Publique et de la Couverture Maladie Universelle, le mercredi 19 octobre 2022, donne ceci :<\/p>\n<p>\u00ab 26 nouveaux cas de Covid-19 sur 535 e\u0301chantillons pre\u0301leve\u0301s, soit 4,8% de cas positifs, 19 gue\u0301ris et 0 de\u0301ce\u0300s. A\u0300 la date du 19 octobre 2022, la Co\u0302te d\u2019Ivoire compte donc 87 657 cas confirme\u0301s dont 86 759 personnes gue\u0301ries, 827 de\u0301ce\u0300s (de la covid ou avec la covid, ndlr) et 71 cas actifs. Le nombre total d\u2019e\u0301chantillons est de 1 638 275 sur une population de pre\u0300s de 25 millions d\u2019habitants. \u00bb<\/p>\n<p>Cette de\u0301cision interdisant le de\u0301placement des personnes entre les diffe\u0301rents pays a impacte\u0301 l\u2019e\u0301conomie des pays. Avec le temps, on se rendra compte que cette maladie n&rsquo;e\u0301tait de un pas si dangereuse au regard de son infime taux de le\u0301talite\u0301, infe\u0301rieur a\u0300 1%, c&rsquo;est pour dire, et de deux sujettes a\u0300 des de\u0301penses surdimensionne\u0301es sous pre\u0301texte desquelles d&rsquo;importantes affaires auraient e\u0301te\u0301 faites.<\/p>\n<p>Pourquoi ne pas ainsi lever aujourd\u2019hui cette mesure de la fermeture de la frontie\u0300re avec des E\u0301tats de la Sous-re\u0301gion, notamment le Burkina Faso ?<\/p>\n<p>Donatien Kautcha, Abidjan<\/p>\n<p><strong>Pour plus d&rsquo;informations et d&rsquo;analyses sur la <a href=\"https:\/\/www.africa-press.net\/cotedivoire\">C\u00f4te d&rsquo;Ivoire<\/a>, suivez <a href=\"https:\/\/www.africa-press.net\/\">Africa-Press<\/a><\/strong><\/p>\n","protected":false},"excerpt":{"rendered":"<p>Africa-Press &#8211; C\u00f4te d&rsquo;Ivoire. Depuis l\u2019ave\u0300nement de la pande\u0301mie a\u0300 Coronavirus, des mesures de restrictions ont e\u0301te\u0301 prises par les autorite\u0301s ivoiriennes dont la fermeture des frontie\u0300res terrestres avec les pays voisins dont le Burkina Faso. Malgre\u0301 cette fermeture et comme constate\u0301 avec des individus qui quittent le pays des hommes inte\u0300gres pour venir piller [&hellip;]<\/p>\n","protected":false},"author":82,"featured_media":46515,"comment_status":"open","ping_status":"closed","sticky":false,"template":"","format":"standard","meta":{"footnotes":""},"categories":[3,10],"tags":[56,63,3959,7879,29,47,6371,7880],"class_list":["post-46516","post","type-post","status-publish","format-standard","has-post-thumbnail","hentry","category-economie","category-toutes-les-actualites","tag-africa-press","tag-africa-press-cote-divoire","tag-commerce","tag-coranavirus","tag-cote-divoire","tag-covid-19","tag-frontieres","tag-illicite"],"yoast_head":"<!-- This site is optimized with the Yoast SEO Premium plugin v26.1 (Yoast SEO v27.0) - https:\/\/yoast.com\/product\/yoast-seo-premium-wordpress\/ -->\n<title>C\u00f4te d&#039;Ivoire-Burkina : Malgr\u00e9 la fermeture de la fronti\u00e8re entre les deux pays, le commerce illicite y gagnerait du terrain - C\u00f4te d&#039;Ivoire<\/title>\n<meta name=\"description\" content=\"Depuis l\u2019ave\u0300nement de la pande\u0301mie a\u0300 Coronavirus, des mesures de restrictions ont e\u0301te\u0301 prises par les autorite\u0301s ivoi ...\" \/>\n<meta name=\"robots\" content=\"index, follow, max-snippet:-1, max-image-preview:large, max-video-preview:-1\" \/>\n<link rel=\"canonical\" href=\"https:\/\/www.africa-press.net\/cotedivoire\/economie\/cote-divoire-burkina-malgre-la-fermeture-de-la-frontiere-entre-les-deux-pays-le-commerce-illicite-y-gagnerait-du-terrain\" \/>\n<meta property=\"og:locale\" content=\"fr_FR\" \/>\n<meta property=\"og:type\" content=\"article\" \/>\n<meta property=\"og:title\" content=\"C\u00f4te d&#039;Ivoire-Burkina : Malgr\u00e9 la fermeture de la fronti\u00e8re entre les deux pays, le commerce illicite y gagnerait du terrain\" \/>\n<meta property=\"og:description\" content=\"Depuis l\u2019ave\u0300nement de la pande\u0301mie a\u0300 Coronavirus, des mesures de restrictions ont e\u0301te\u0301 prises par les autorite\u0301s ivoi ...\" \/>\n<meta property=\"og:url\" content=\"https:\/\/www.africa-press.net\/cotedivoire\/economie\/cote-divoire-burkina-malgre-la-fermeture-de-la-frontiere-entre-les-deux-pays-le-commerce-illicite-y-gagnerait-du-terrain\" \/>\n<meta property=\"og:site_name\" content=\"C\u00f4te d&#039;Ivoire\" \/>\n<meta property=\"article:published_time\" content=\"2022-10-20T16:59:44+00:00\" \/>\n<meta property=\"article:modified_time\" content=\"2022-10-20T17:08:50+00:00\" \/>\n<meta property=\"og:image\" content=\"https:\/\/static.africa-press.net\/cote\/sites\/43\/2022\/10\/postQueueImg_6-635180899e3c7.jpg\" \/>\n\t<meta property=\"og:image:width\" content=\"720\" \/>\n\t<meta property=\"og:image:height\" content=\"480\" \/>\n\t<meta property=\"og:image:type\" content=\"image\/jpeg\" \/>\n<meta name=\"author\" content=\"cfeditorfr\" \/>\n<meta name=\"twitter:card\" content=\"summary_large_image\" \/>\n<meta name=\"twitter:label1\" content=\"\u00c9crit par\" \/>\n\t<meta name=\"twitter:data1\" content=\"cfeditorfr\" \/>\n\t<meta name=\"twitter:label2\" content=\"Dur\u00e9e de lecture estim\u00e9e\" \/>\n\t<meta name=\"twitter:data2\" content=\"3 minutes\" \/>\n<script type=\"application\/ld+json\" class=\"yoast-schema-graph\">{\"@context\":\"https:\/\/schema.org\",\"@graph\":[{\"@type\":\"Article\",\"@id\":\"https:\/\/www.africa-press.net\/cotedivoire\/economie\/cote-divoire-burkina-malgre-la-fermeture-de-la-frontiere-entre-les-deux-pays-le-commerce-illicite-y-gagnerait-du-terrain#article\",\"isPartOf\":{\"@id\":\"https:\/\/www.africa-press.net\/cotedivoire\/economie\/cote-divoire-burkina-malgre-la-fermeture-de-la-frontiere-entre-les-deux-pays-le-commerce-illicite-y-gagnerait-du-terrain\"},\"author\":{\"name\":\"cfeditorfr\",\"@id\":\"https:\/\/www.africa-press.net\/cotedivoire\/#\/schema\/person\/2b1cf3cd81a31e3cd26889ca66d677f1\"},\"headline\":\"C\u00f4te d&rsquo;Ivoire-Burkina : Malgr\u00e9 la fermeture de la fronti\u00e8re entre les deux pays, le commerce illicite y gagnerait du terrain\",\"datePublished\":\"2022-10-20T16:59:44+00:00\",\"dateModified\":\"2022-10-20T17:08:50+00:00\",\"mainEntityOfPage\":{\"@id\":\"https:\/\/www.africa-press.net\/cotedivoire\/economie\/cote-divoire-burkina-malgre-la-fermeture-de-la-frontiere-entre-les-deux-pays-le-commerce-illicite-y-gagnerait-du-terrain\"},\"wordCount\":489,\"commentCount\":0,\"image\":{\"@id\":\"https:\/\/www.africa-press.net\/cotedivoire\/economie\/cote-divoire-burkina-malgre-la-fermeture-de-la-frontiere-entre-les-deux-pays-le-commerce-illicite-y-gagnerait-du-terrain#primaryimage\"},\"thumbnailUrl\":\"https:\/\/static.africa-press.net\/cote\/sites\/43\/2022\/10\/postQueueImg_6-635180899e3c7.jpg\",\"keywords\":[\"Africa Press\",\"Africa Press-C\u00f4te d'Ivoire\",\"Commerce\",\"coranavirus\",\"C\u00d4TE D'IVOIRE\",\"Covid-19\",\"fronti\u00e8res\",\"illicite\"],\"articleSection\":[\"\u00c9conomie\",\"Toutes les actualit\u00e9s\"],\"inLanguage\":\"fr-FR\",\"potentialAction\":[{\"@type\":\"CommentAction\",\"name\":\"Comment\",\"target\":[\"https:\/\/www.africa-press.net\/cotedivoire\/economie\/cote-divoire-burkina-malgre-la-fermeture-de-la-frontiere-entre-les-deux-pays-le-commerce-illicite-y-gagnerait-du-terrain#respond\"]}]},{\"@type\":\"WebPage\",\"@id\":\"https:\/\/www.africa-press.net\/cotedivoire\/economie\/cote-divoire-burkina-malgre-la-fermeture-de-la-frontiere-entre-les-deux-pays-le-commerce-illicite-y-gagnerait-du-terrain\",\"url\":\"https:\/\/www.africa-press.net\/cotedivoire\/economie\/cote-divoire-burkina-malgre-la-fermeture-de-la-frontiere-entre-les-deux-pays-le-commerce-illicite-y-gagnerait-du-terrain\",\"name\":\"C\u00f4te d'Ivoire-Burkina : Malgr\u00e9 la fermeture de la fronti\u00e8re entre les deux pays, le commerce illicite y gagnerait du terrain - C\u00f4te d&#039;Ivoire\",\"isPartOf\":{\"@id\":\"https:\/\/www.africa-press.net\/cotedivoire\/#website\"},\"primaryImageOfPage\":{\"@id\":\"https:\/\/www.africa-press.net\/cotedivoire\/economie\/cote-divoire-burkina-malgre-la-fermeture-de-la-frontiere-entre-les-deux-pays-le-commerce-illicite-y-gagnerait-du-terrain#primaryimage\"},\"image\":{\"@id\":\"https:\/\/www.africa-press.net\/cotedivoire\/economie\/cote-divoire-burkina-malgre-la-fermeture-de-la-frontiere-entre-les-deux-pays-le-commerce-illicite-y-gagnerait-du-terrain#primaryimage\"},\"thumbnailUrl\":\"https:\/\/static.africa-press.net\/cote\/sites\/43\/2022\/10\/postQueueImg_6-635180899e3c7.jpg\",\"datePublished\":\"2022-10-20T16:59:44+00:00\",\"dateModified\":\"2022-10-20T17:08:50+00:00\",\"author\":{\"@id\":\"https:\/\/www.africa-press.net\/cotedivoire\/#\/schema\/person\/2b1cf3cd81a31e3cd26889ca66d677f1\"},\"description\":\"Depuis l\u2019ave\u0300nement de la pande\u0301mie a\u0300 Coronavirus, des mesures de restrictions ont e\u0301te\u0301 prises par les autorite\u0301s ivoi ...\",\"breadcrumb\":{\"@id\":\"https:\/\/www.africa-press.net\/cotedivoire\/economie\/cote-divoire-burkina-malgre-la-fermeture-de-la-frontiere-entre-les-deux-pays-le-commerce-illicite-y-gagnerait-du-terrain#breadcrumb\"},\"inLanguage\":\"fr-FR\",\"potentialAction\":[{\"@type\":\"ReadAction\",\"target\":[\"https:\/\/www.africa-press.net\/cotedivoire\/economie\/cote-divoire-burkina-malgre-la-fermeture-de-la-frontiere-entre-les-deux-pays-le-commerce-illicite-y-gagnerait-du-terrain\"]}]},{\"@type\":\"ImageObject\",\"inLanguage\":\"fr-FR\",\"@id\":\"https:\/\/www.africa-press.net\/cotedivoire\/economie\/cote-divoire-burkina-malgre-la-fermeture-de-la-frontiere-entre-les-deux-pays-le-commerce-illicite-y-gagnerait-du-terrain#primaryimage\",\"url\":\"https:\/\/static.africa-press.net\/cote\/sites\/43\/2022\/10\/postQueueImg_6-635180899e3c7.jpg\",\"contentUrl\":\"https:\/\/static.africa-press.net\/cote\/sites\/43\/2022\/10\/postQueueImg_6-635180899e3c7.jpg\",\"width\":720,\"height\":480,\"caption\":\"C\u00f4te d'Ivoire-Burkina : Malgr\u00e9 la fermeture de la fronti\u00e8re entre les deux pays, le commerce illicite y gagnerait du terrain\"},{\"@type\":\"BreadcrumbList\",\"@id\":\"https:\/\/www.africa-press.net\/cotedivoire\/economie\/cote-divoire-burkina-malgre-la-fermeture-de-la-frontiere-entre-les-deux-pays-le-commerce-illicite-y-gagnerait-du-terrain#breadcrumb\",\"itemListElement\":[{\"@type\":\"ListItem\",\"position\":1,\"name\":\"Accueil\",\"item\":\"https:\/\/www.africa-press.net\/cotedivoire\/\"},{\"@type\":\"ListItem\",\"position\":2,\"name\":\"C\u00f4te d&#8217;Ivoire-Burkina : Malgr\u00e9 la fermeture de la fronti\u00e8re entre les deux pays, le commerce illicite y gagnerait du terrain\"}]},{\"@type\":\"WebSite\",\"@id\":\"https:\/\/www.africa-press.net\/cotedivoire\/#website\",\"url\":\"https:\/\/www.africa-press.net\/cotedivoire\/\",\"name\":\"C\u00f4te d&#039;Ivoire\",\"description\":\"Just another Africa News Agency Sites site\",\"potentialAction\":[{\"@type\":\"SearchAction\",\"target\":{\"@type\":\"EntryPoint\",\"urlTemplate\":\"https:\/\/www.africa-press.net\/cotedivoire\/?s={search_term_string}\"},\"query-input\":{\"@type\":\"PropertyValueSpecification\",\"valueRequired\":true,\"valueName\":\"search_term_string\"}}],\"inLanguage\":\"fr-FR\"},{\"@type\":\"Person\",\"@id\":\"https:\/\/www.africa-press.net\/cotedivoire\/#\/schema\/person\/2b1cf3cd81a31e3cd26889ca66d677f1\",\"name\":\"cfeditorfr\"}]}<\/script>\n<!-- \/ Yoast SEO Premium plugin. -->","yoast_head_json":{"title":"C\u00f4te d'Ivoire-Burkina : Malgr\u00e9 la fermeture de la fronti\u00e8re entre les deux pays, le commerce illicite y gagnerait du terrain - C\u00f4te d&#039;Ivoire","description":"Depuis l\u2019ave\u0300nement de la pande\u0301mie a\u0300 Coronavirus, des mesures de restrictions ont e\u0301te\u0301 prises par les autorite\u0301s ivoi ...","robots":{"index":"index","follow":"follow","max-snippet":"max-snippet:-1","max-image-preview":"max-image-preview:large","max-video-preview":"max-video-preview:-1"},"canonical":"https:\/\/www.africa-press.net\/cotedivoire\/economie\/cote-divoire-burkina-malgre-la-fermeture-de-la-frontiere-entre-les-deux-pays-le-commerce-illicite-y-gagnerait-du-terrain","og_locale":"fr_FR","og_type":"article","og_title":"C\u00f4te d'Ivoire-Burkina : Malgr\u00e9 la fermeture de la fronti\u00e8re entre les deux pays, le commerce illicite y gagnerait du terrain","og_description":"Depuis l\u2019ave\u0300nement de la pande\u0301mie a\u0300 Coronavirus, des mesures de restrictions ont e\u0301te\u0301 prises par les autorite\u0301s ivoi ...","og_url":"https:\/\/www.africa-press.net\/cotedivoire\/economie\/cote-divoire-burkina-malgre-la-fermeture-de-la-frontiere-entre-les-deux-pays-le-commerce-illicite-y-gagnerait-du-terrain","og_site_name":"C\u00f4te d&#039;Ivoire","article_published_time":"2022-10-20T16:59:44+00:00","article_modified_time":"2022-10-20T17:08:50+00:00","og_image":[{"width":720,"height":480,"url":"https:\/\/static.africa-press.net\/cote\/sites\/43\/2022\/10\/postQueueImg_6-635180899e3c7.jpg","type":"image\/jpeg"}],"author":"cfeditorfr","twitter_card":"summary_large_image","twitter_misc":{"\u00c9crit par":"cfeditorfr","Dur\u00e9e de lecture estim\u00e9e":"3 minutes"},"schema":{"@context":"https:\/\/schema.org","@graph":[{"@type":"Article","@id":"https:\/\/www.africa-press.net\/cotedivoire\/economie\/cote-divoire-burkina-malgre-la-fermeture-de-la-frontiere-entre-les-deux-pays-le-commerce-illicite-y-gagnerait-du-terrain#article","isPartOf":{"@id":"https:\/\/www.africa-press.net\/cotedivoire\/economie\/cote-divoire-burkina-malgre-la-fermeture-de-la-frontiere-entre-les-deux-pays-le-commerce-illicite-y-gagnerait-du-terrain"},"author":{"name":"cfeditorfr","@id":"https:\/\/www.africa-press.net\/cotedivoire\/#\/schema\/person\/2b1cf3cd81a31e3cd26889ca66d677f1"},"headline":"C\u00f4te d&rsquo;Ivoire-Burkina : Malgr\u00e9 la fermeture de la fronti\u00e8re entre les deux pays, le commerce illicite y gagnerait du terrain","datePublished":"2022-10-20T16:59:44+00:00","dateModified":"2022-10-20T17:08:50+00:00","mainEntityOfPage":{"@id":"https:\/\/www.africa-press.net\/cotedivoire\/economie\/cote-divoire-burkina-malgre-la-fermeture-de-la-frontiere-entre-les-deux-pays-le-commerce-illicite-y-gagnerait-du-terrain"},"wordCount":489,"commentCount":0,"image":{"@id":"https:\/\/www.africa-press.net\/cotedivoire\/economie\/cote-divoire-burkina-malgre-la-fermeture-de-la-frontiere-entre-les-deux-pays-le-commerce-illicite-y-gagnerait-du-terrain#primaryimage"},"thumbnailUrl":"https:\/\/static.africa-press.net\/cote\/sites\/43\/2022\/10\/postQueueImg_6-635180899e3c7.jpg","keywords":["Africa Press","Africa Press-C\u00f4te d'Ivoire","Commerce","coranavirus","C\u00d4TE D'IVOIRE","Covid-19","fronti\u00e8res","illicite"],"articleSection":["\u00c9conomie","Toutes les actualit\u00e9s"],"inLanguage":"fr-FR","potentialAction":[{"@type":"CommentAction","name":"Comment","target":["https:\/\/www.africa-press.net\/cotedivoire\/economie\/cote-divoire-burkina-malgre-la-fermeture-de-la-frontiere-entre-les-deux-pays-le-commerce-illicite-y-gagnerait-du-terrain#respond"]}]},{"@type":"WebPage","@id":"https:\/\/www.africa-press.net\/cotedivoire\/economie\/cote-divoire-burkina-malgre-la-fermeture-de-la-frontiere-entre-les-deux-pays-le-commerce-illicite-y-gagnerait-du-terrain","url":"https:\/\/www.africa-press.net\/cotedivoire\/economie\/cote-divoire-burkina-malgre-la-fermeture-de-la-frontiere-entre-les-deux-pays-le-commerce-illicite-y-gagnerait-du-terrain","name":"C\u00f4te d'Ivoire-Burkina : Malgr\u00e9 la fermeture de la fronti\u00e8re entre les deux pays, le commerce illicite y gagnerait du terrain - C\u00f4te d&#039;Ivoire","isPartOf":{"@id":"https:\/\/www.africa-press.net\/cotedivoire\/#website"},"primaryImageOfPage":{"@id":"https:\/\/www.africa-press.net\/cotedivoire\/economie\/cote-divoire-burkina-malgre-la-fermeture-de-la-frontiere-entre-les-deux-pays-le-commerce-illicite-y-gagnerait-du-terrain#primaryimage"},"image":{"@id":"https:\/\/www.africa-press.net\/cotedivoire\/economie\/cote-divoire-burkina-malgre-la-fermeture-de-la-frontiere-entre-les-deux-pays-le-commerce-illicite-y-gagnerait-du-terrain#primaryimage"},"thumbnailUrl":"https:\/\/static.africa-press.net\/cote\/sites\/43\/2022\/10\/postQueueImg_6-635180899e3c7.jpg","datePublished":"2022-10-20T16:59:44+00:00","dateModified":"2022-10-20T17:08:50+00:00","author":{"@id":"https:\/\/www.africa-press.net\/cotedivoire\/#\/schema\/person\/2b1cf3cd81a31e3cd26889ca66d677f1"},"description":"Depuis l\u2019ave\u0300nement de la pande\u0301mie a\u0300 Coronavirus, des mesures de restrictions ont e\u0301te\u0301 prises par les autorite\u0301s ivoi ...","breadcrumb":{"@id":"https:\/\/www.africa-press.net\/cotedivoire\/economie\/cote-divoire-burkina-malgre-la-fermeture-de-la-frontiere-entre-les-deux-pays-le-commerce-illicite-y-gagnerait-du-terrain#breadcrumb"},"inLanguage":"fr-FR","potentialAction":[{"@type":"ReadAction","target":["https:\/\/www.africa-press.net\/cotedivoire\/economie\/cote-divoire-burkina-malgre-la-fermeture-de-la-frontiere-entre-les-deux-pays-le-commerce-illicite-y-gagnerait-du-terrain"]}]},{"@type":"ImageObject","inLanguage":"fr-FR","@id":"https:\/\/www.africa-press.net\/cotedivoire\/economie\/cote-divoire-burkina-malgre-la-fermeture-de-la-frontiere-entre-les-deux-pays-le-commerce-illicite-y-gagnerait-du-terrain#primaryimage","url":"https:\/\/static.africa-press.net\/cote\/sites\/43\/2022\/10\/postQueueImg_6-635180899e3c7.jpg","contentUrl":"https:\/\/static.africa-press.net\/cote\/sites\/43\/2022\/10\/postQueueImg_6-635180899e3c7.jpg","width":720,"height":480,"caption":"C\u00f4te d'Ivoire-Burkina : Malgr\u00e9 la fermeture de la fronti\u00e8re entre les deux pays, le commerce illicite y gagnerait du terrain"},{"@type":"BreadcrumbList","@id":"https:\/\/www.africa-press.net\/cotedivoire\/economie\/cote-divoire-burkina-malgre-la-fermeture-de-la-frontiere-entre-les-deux-pays-le-commerce-illicite-y-gagnerait-du-terrain#breadcrumb","itemListElement":[{"@type":"ListItem","position":1,"name":"Accueil","item":"https:\/\/www.africa-press.net\/cotedivoire\/"},{"@type":"ListItem","position":2,"name":"C\u00f4te d&#8217;Ivoire-Burkina : Malgr\u00e9 la fermeture de la fronti\u00e8re entre les deux pays, le commerce illicite y gagnerait du terrain"}]},{"@type":"WebSite","@id":"https:\/\/www.africa-press.net\/cotedivoire\/#website","url":"https:\/\/www.africa-press.net\/cotedivoire\/","name":"C\u00f4te d&#039;Ivoire","description":"Just another Africa News Agency Sites site","potentialAction":[{"@type":"SearchAction","target":{"@type":"EntryPoint","urlTemplate":"https:\/\/www.africa-press.net\/cotedivoire\/?s={search_term_string}"},"query-input":{"@type":"PropertyValueSpecification","valueRequired":true,"valueName":"search_term_string"}}],"inLanguage":"fr-FR"},{"@type":"Person","@id":"https:\/\/www.africa-press.net\/cotedivoire\/#\/schema\/person\/2b1cf3cd81a31e3cd26889ca66d677f1","name":"cfeditorfr"}]}},"_links":{"self":[{"href":"https:\/\/www.africa-press.net\/cotedivoire\/wp-json\/wp\/v2\/posts\/46516","targetHints":{"allow":["GET"]}}],"collection":[{"href":"https:\/\/www.africa-press.net\/cotedivoire\/wp-json\/wp\/v2\/posts"}],"about":[{"href":"https:\/\/www.africa-press.net\/cotedivoire\/wp-json\/wp\/v2\/types\/post"}],"author":[{"embeddable":true,"href":"https:\/\/www.africa-press.net\/cotedivoire\/wp-json\/wp\/v2\/users\/82"}],"replies":[{"embeddable":true,"href":"https:\/\/www.africa-press.net\/cotedivoire\/wp-json\/wp\/v2\/comments?post=46516"}],"version-history":[{"count":0,"href":"https:\/\/www.africa-press.net\/cotedivoire\/wp-json\/wp\/v2\/posts\/46516\/revisions"}],"wp:featuredmedia":[{"embeddable":true,"href":"https:\/\/www.africa-press.net\/cotedivoire\/wp-json\/wp\/v2\/media\/46515"}],"wp:attachment":[{"href":"https:\/\/www.africa-press.net\/cotedivoire\/wp-json\/wp\/v2\/media?parent=46516"}],"wp:term":[{"taxonomy":"category","embeddable":true,"href":"https:\/\/www.africa-press.net\/cotedivoire\/wp-json\/wp\/v2\/categories?post=46516"},{"taxonomy":"post_tag","embeddable":true,"href":"https:\/\/www.africa-press.net\/cotedivoire\/wp-json\/wp\/v2\/tags?post=46516"}],"curies":[{"name":"wp","href":"https:\/\/api.w.org\/{rel}","templated":true}]}}