{"id":46591,"date":"2022-10-21T19:08:41","date_gmt":"2022-10-21T19:08:41","guid":{"rendered":"https:\/\/www.africa-press.net\/cotedivoire\/politique\/gbagbo-candidat-a-la-presidentielle-de-2025-le-porte-parole-du-ppa-ci-ce-nest-pas-encore-sa-volonte-a-lui-au-moment-opportun-il-nous-dira-ce-quil-veut"},"modified":"2022-10-21T19:30:34","modified_gmt":"2022-10-21T19:30:34","slug":"gbagbo-candidat-a-la-presidentielle-de-2025-le-porte-parole-du-ppa-ci-ce-nest-pas-encore-sa-volonte-a-lui-au-moment-opportun-il-nous-dira-ce-quil-veut","status":"publish","type":"post","link":"https:\/\/www.africa-press.net\/cotedivoire\/politique\/gbagbo-candidat-a-la-presidentielle-de-2025-le-porte-parole-du-ppa-ci-ce-nest-pas-encore-sa-volonte-a-lui-au-moment-opportun-il-nous-dira-ce-quil-veut","title":{"rendered":"Gbagbo candidat \u00e0 la pr\u00e9sidentielle de 2025, le porte-parole du PPA-CI \u00ab ce n&rsquo;est pas encore sa volont\u00e9 \u00e0 lui, au moment opportun, il nous dira ce qu&rsquo;il veut \u00bb"},"content":{"rendered":"<p><span style=\"color: #ff6600\"><strong>Africa-Press &#8211; C\u00f4te d&rsquo;Ivoire. <\/strong><\/span>Alors que nous ne sommes qu&rsquo;en 2022, les militants du Parti des peuples Africains \u2013 Co\u0302te d\u2019Ivoire \u2013(PPA-CI) souhaitent de\u0301ja\u0300 que Laurent Gbagbo soit leur candidat pour les e\u0301lections pre\u0301sidentielles de 2025.<\/p>\n<p>Cette annonce a e\u0301te\u0301 faite au cours de la premie\u0300re anne\u0301e d\u2019anniversaire de naissance de cette formation politique par le secre\u0301taire ge\u0301ne\u0301ral du Parti de Gbagbo, Damana Adia Pickass.<\/p>\n<p>Pour lui, l\u2019ancien pre\u0301sident ivoirien demeure le candidat naturel a\u0300 l\u2019e\u0301lection pre\u0301sidentielle de 2025 du PPA-CI.<\/p>\n<p>Cette annonce, fait depuis Treichville le 17 octobre 2022, a suscite\u0301 des re\u0301actions dans l\u2019opinion publique.<\/p>\n<p>Cependant, le concerne\u0301 lui-me\u0302me dans son grand oral ce jour-la\u0300 n\u2019a pas fait cas de son intention de se porter candidat a\u0300 l\u2019e\u0301lection pre\u0301sidentielle de 2025.<\/p>\n<p>En-tout-cas, c\u2019est ce qu\u2019a confie\u0301 le porte-parole du PPA-CI dans un entretien avec la presse a\u0300 Cocody.<\/p>\n<p>Sur la question et se confiant a\u0300 KOACI, Justin Kone\u0301 Katinan a fait savoir que le de\u0301sir de tous les militants du PPA-CI, c\u2019est de voir l\u2019ex-pre\u0301sident ivoirien Laurent Gbagbo, candidat en 2025.<\/p>\n<p>\u00ab Nous, on ne fait que dire ce que les militants disent quand ils se re\u0301veillent le matin, quand vous leur demandez qui vous voulez qu\u2019il soit votre candidat. Mais la dernie\u0300re de\u0301cision appartient au Pre\u0301sident Laurent Gbagbo lui-me\u0302me. Ce qu\u2019il de\u0301cidera, nous le suivrons. Nous, notre souhait, c\u2019est qu\u2019il soit notre candidat et nous travaillons pour le convaincre, pour qu\u2019il soit notre candidat, mais il y a ce que nous souhaitons et ce que lui, il veut, donc au moment opportun, il nous dira ce qu\u2019il veut. Ce n\u2019est pas encore sa volonte\u0301 a\u0300 lui d\u2019e\u0302tre candidat \u00bb, a confie\u0301 l\u2019ancien ministre du Budget de Gbagbo mettant fin a\u0300 la pole\u0301mique.<\/p>\n<p><strong>Pour plus d&rsquo;informations et d&rsquo;analyses sur la <a href=\"https:\/\/www.africa-press.net\/cotedivoire\">C\u00f4te d&rsquo;Ivoire<\/a>, suivez <a href=\"https:\/\/www.africa-press.net\/\">Africa-Press<\/a><\/strong><\/p>\n","protected":false},"excerpt":{"rendered":"<p>Africa-Press &#8211; C\u00f4te d&rsquo;Ivoire. Alors que nous ne sommes qu&rsquo;en 2022, les militants du Parti des peuples Africains \u2013 Co\u0302te d\u2019Ivoire \u2013(PPA-CI) souhaitent de\u0301ja\u0300 que Laurent Gbagbo soit leur candidat pour les e\u0301lections pre\u0301sidentielles de 2025. Cette annonce a e\u0301te\u0301 faite au cours de la premie\u0300re anne\u0301e d\u2019anniversaire de naissance de cette formation politique par [&hellip;]<\/p>\n","protected":false},"author":82,"featured_media":46590,"comment_status":"open","ping_status":"closed","sticky":false,"template":"","format":"standard","meta":{"footnotes":""},"categories":[2,20,10],"tags":[56,63,5252,29,1209,320,1586,1952,312],"class_list":["post-46591","post","type-post","status-publish","format-standard","has-post-thumbnail","hentry","category-politique","category-top-nouvelles","category-toutes-les-actualites","tag-africa-press","tag-africa-press-cote-divoire","tag-candidat","tag-cote-divoire","tag-damana","tag-gbagbo","tag-katinan","tag-ppa-ci","tag-presidentielle"],"yoast_head":"<!-- This site is optimized with the Yoast SEO Premium plugin v26.1 (Yoast SEO v27.0) - https:\/\/yoast.com\/product\/yoast-seo-premium-wordpress\/ -->\n<title>Gbagbo candidat \u00e0 la pr\u00e9sidentielle de 2025, le porte-parole du PPA-CI \u00ab ce n&#039;est pas encore sa volont\u00e9 \u00e0 lui, au moment opportun, il nous dira ce qu&#039;il veut \u00bb - C\u00f4te d&#039;Ivoire<\/title>\n<meta name=\"description\" content=\"Alors que nous ne sommes qu&#039;en 2022, les militants du Parti des peuples Africains \u2013 Co\u0302te d\u2019Ivoire \u2013(PPA-CI) souhaitent ...\" \/>\n<meta name=\"robots\" content=\"index, follow, max-snippet:-1, max-image-preview:large, max-video-preview:-1\" \/>\n<link rel=\"canonical\" href=\"https:\/\/www.africa-press.net\/cotedivoire\/politique\/gbagbo-candidat-a-la-presidentielle-de-2025-le-porte-parole-du-ppa-ci-ce-nest-pas-encore-sa-volonte-a-lui-au-moment-opportun-il-nous-dira-ce-quil-veut\" \/>\n<meta property=\"og:locale\" content=\"fr_FR\" \/>\n<meta property=\"og:type\" content=\"article\" \/>\n<meta property=\"og:title\" content=\"Gbagbo candidat \u00e0 la pr\u00e9sidentielle de 2025, le porte-parole du PPA-CI \u00ab ce n&#039;est pas encore sa volont\u00e9 \u00e0 lui, au moment opportun, il nous dira ce qu&#039;il veut \u00bb\" \/>\n<meta property=\"og:description\" content=\"Alors que nous ne sommes qu&#039;en 2022, les militants du Parti des peuples Africains \u2013 Co\u0302te d\u2019Ivoire \u2013(PPA-CI) souhaitent ...\" \/>\n<meta property=\"og:url\" content=\"https:\/\/www.africa-press.net\/cotedivoire\/politique\/gbagbo-candidat-a-la-presidentielle-de-2025-le-porte-parole-du-ppa-ci-ce-nest-pas-encore-sa-volonte-a-lui-au-moment-opportun-il-nous-dira-ce-quil-veut\" \/>\n<meta property=\"og:site_name\" content=\"C\u00f4te d&#039;Ivoire\" \/>\n<meta property=\"article:published_time\" content=\"2022-10-21T19:08:41+00:00\" \/>\n<meta property=\"article:modified_time\" content=\"2022-10-21T19:30:34+00:00\" \/>\n<meta property=\"og:image\" content=\"https:\/\/static.africa-press.net\/cote\/sites\/43\/2022\/10\/postQueueImg_24-6352f33f6a621.jpg\" \/>\n\t<meta property=\"og:image:width\" content=\"720\" \/>\n\t<meta property=\"og:image:height\" content=\"480\" \/>\n\t<meta property=\"og:image:type\" content=\"image\/jpeg\" \/>\n<meta name=\"author\" content=\"cfeditorfr\" \/>\n<meta name=\"twitter:card\" content=\"summary_large_image\" \/>\n<meta name=\"twitter:label1\" content=\"\u00c9crit par\" \/>\n\t<meta name=\"twitter:data1\" content=\"cfeditorfr\" \/>\n\t<meta name=\"twitter:label2\" content=\"Dur\u00e9e de lecture estim\u00e9e\" \/>\n\t<meta name=\"twitter:data2\" content=\"2 minutes\" \/>\n<script type=\"application\/ld+json\" class=\"yoast-schema-graph\">{\"@context\":\"https:\/\/schema.org\",\"@graph\":[{\"@type\":\"Article\",\"@id\":\"https:\/\/www.africa-press.net\/cotedivoire\/politique\/gbagbo-candidat-a-la-presidentielle-de-2025-le-porte-parole-du-ppa-ci-ce-nest-pas-encore-sa-volonte-a-lui-au-moment-opportun-il-nous-dira-ce-quil-veut#article\",\"isPartOf\":{\"@id\":\"https:\/\/www.africa-press.net\/cotedivoire\/politique\/gbagbo-candidat-a-la-presidentielle-de-2025-le-porte-parole-du-ppa-ci-ce-nest-pas-encore-sa-volonte-a-lui-au-moment-opportun-il-nous-dira-ce-quil-veut\"},\"author\":{\"name\":\"cfeditorfr\",\"@id\":\"https:\/\/www.africa-press.net\/cotedivoire\/#\/schema\/person\/2b1cf3cd81a31e3cd26889ca66d677f1\"},\"headline\":\"Gbagbo candidat \u00e0 la pr\u00e9sidentielle de 2025, le porte-parole du PPA-CI \u00ab ce n&rsquo;est pas encore sa volont\u00e9 \u00e0 lui, au moment opportun, il nous dira ce qu&rsquo;il veut \u00bb\",\"datePublished\":\"2022-10-21T19:08:41+00:00\",\"dateModified\":\"2022-10-21T19:30:34+00:00\",\"mainEntityOfPage\":{\"@id\":\"https:\/\/www.africa-press.net\/cotedivoire\/politique\/gbagbo-candidat-a-la-presidentielle-de-2025-le-porte-parole-du-ppa-ci-ce-nest-pas-encore-sa-volonte-a-lui-au-moment-opportun-il-nous-dira-ce-quil-veut\"},\"wordCount\":368,\"commentCount\":0,\"image\":{\"@id\":\"https:\/\/www.africa-press.net\/cotedivoire\/politique\/gbagbo-candidat-a-la-presidentielle-de-2025-le-porte-parole-du-ppa-ci-ce-nest-pas-encore-sa-volonte-a-lui-au-moment-opportun-il-nous-dira-ce-quil-veut#primaryimage\"},\"thumbnailUrl\":\"https:\/\/static.africa-press.net\/cote\/sites\/43\/2022\/10\/postQueueImg_24-6352f33f6a621.jpg\",\"keywords\":[\"Africa Press\",\"Africa Press-C\u00f4te d'Ivoire\",\"candidat\",\"C\u00d4TE D'IVOIRE\",\"Damana\",\"Gbagbo\",\"Katinan\",\"PPA-CI\",\"pr\u00e9sidentielle\"],\"articleSection\":[\"Politique\",\"Top Nouvelles\",\"Toutes les actualit\u00e9s\"],\"inLanguage\":\"fr-FR\",\"potentialAction\":[{\"@type\":\"CommentAction\",\"name\":\"Comment\",\"target\":[\"https:\/\/www.africa-press.net\/cotedivoire\/politique\/gbagbo-candidat-a-la-presidentielle-de-2025-le-porte-parole-du-ppa-ci-ce-nest-pas-encore-sa-volonte-a-lui-au-moment-opportun-il-nous-dira-ce-quil-veut#respond\"]}]},{\"@type\":\"WebPage\",\"@id\":\"https:\/\/www.africa-press.net\/cotedivoire\/politique\/gbagbo-candidat-a-la-presidentielle-de-2025-le-porte-parole-du-ppa-ci-ce-nest-pas-encore-sa-volonte-a-lui-au-moment-opportun-il-nous-dira-ce-quil-veut\",\"url\":\"https:\/\/www.africa-press.net\/cotedivoire\/politique\/gbagbo-candidat-a-la-presidentielle-de-2025-le-porte-parole-du-ppa-ci-ce-nest-pas-encore-sa-volonte-a-lui-au-moment-opportun-il-nous-dira-ce-quil-veut\",\"name\":\"Gbagbo candidat \u00e0 la pr\u00e9sidentielle de 2025, le porte-parole du PPA-CI \u00ab ce n'est pas encore sa volont\u00e9 \u00e0 lui, au moment opportun, il nous dira ce qu'il veut \u00bb - C\u00f4te d&#039;Ivoire\",\"isPartOf\":{\"@id\":\"https:\/\/www.africa-press.net\/cotedivoire\/#website\"},\"primaryImageOfPage\":{\"@id\":\"https:\/\/www.africa-press.net\/cotedivoire\/politique\/gbagbo-candidat-a-la-presidentielle-de-2025-le-porte-parole-du-ppa-ci-ce-nest-pas-encore-sa-volonte-a-lui-au-moment-opportun-il-nous-dira-ce-quil-veut#primaryimage\"},\"image\":{\"@id\":\"https:\/\/www.africa-press.net\/cotedivoire\/politique\/gbagbo-candidat-a-la-presidentielle-de-2025-le-porte-parole-du-ppa-ci-ce-nest-pas-encore-sa-volonte-a-lui-au-moment-opportun-il-nous-dira-ce-quil-veut#primaryimage\"},\"thumbnailUrl\":\"https:\/\/static.africa-press.net\/cote\/sites\/43\/2022\/10\/postQueueImg_24-6352f33f6a621.jpg\",\"datePublished\":\"2022-10-21T19:08:41+00:00\",\"dateModified\":\"2022-10-21T19:30:34+00:00\",\"author\":{\"@id\":\"https:\/\/www.africa-press.net\/cotedivoire\/#\/schema\/person\/2b1cf3cd81a31e3cd26889ca66d677f1\"},\"description\":\"Alors que nous ne sommes qu'en 2022, les militants du Parti des peuples Africains \u2013 Co\u0302te d\u2019Ivoire \u2013(PPA-CI) souhaitent ...\",\"breadcrumb\":{\"@id\":\"https:\/\/www.africa-press.net\/cotedivoire\/politique\/gbagbo-candidat-a-la-presidentielle-de-2025-le-porte-parole-du-ppa-ci-ce-nest-pas-encore-sa-volonte-a-lui-au-moment-opportun-il-nous-dira-ce-quil-veut#breadcrumb\"},\"inLanguage\":\"fr-FR\",\"potentialAction\":[{\"@type\":\"ReadAction\",\"target\":[\"https:\/\/www.africa-press.net\/cotedivoire\/politique\/gbagbo-candidat-a-la-presidentielle-de-2025-le-porte-parole-du-ppa-ci-ce-nest-pas-encore-sa-volonte-a-lui-au-moment-opportun-il-nous-dira-ce-quil-veut\"]}]},{\"@type\":\"ImageObject\",\"inLanguage\":\"fr-FR\",\"@id\":\"https:\/\/www.africa-press.net\/cotedivoire\/politique\/gbagbo-candidat-a-la-presidentielle-de-2025-le-porte-parole-du-ppa-ci-ce-nest-pas-encore-sa-volonte-a-lui-au-moment-opportun-il-nous-dira-ce-quil-veut#primaryimage\",\"url\":\"https:\/\/static.africa-press.net\/cote\/sites\/43\/2022\/10\/postQueueImg_24-6352f33f6a621.jpg\",\"contentUrl\":\"https:\/\/static.africa-press.net\/cote\/sites\/43\/2022\/10\/postQueueImg_24-6352f33f6a621.jpg\",\"width\":720,\"height\":480,\"caption\":\"Gbagbo candidat \u00e0 la pr\u00e9sidentielle de 2025, le porte-parole du PPA-CI \u00ab ce n'est pas encore sa volont\u00e9 \u00e0 lui, au moment opportun, il nous dira ce qu'il veut \u00bb\"},{\"@type\":\"BreadcrumbList\",\"@id\":\"https:\/\/www.africa-press.net\/cotedivoire\/politique\/gbagbo-candidat-a-la-presidentielle-de-2025-le-porte-parole-du-ppa-ci-ce-nest-pas-encore-sa-volonte-a-lui-au-moment-opportun-il-nous-dira-ce-quil-veut#breadcrumb\",\"itemListElement\":[{\"@type\":\"ListItem\",\"position\":1,\"name\":\"Accueil\",\"item\":\"https:\/\/www.africa-press.net\/cotedivoire\/\"},{\"@type\":\"ListItem\",\"position\":2,\"name\":\"Gbagbo candidat \u00e0 la pr\u00e9sidentielle de 2025, le porte-parole du PPA-CI \u00ab ce n&#8217;est pas encore sa volont\u00e9 \u00e0 lui, au moment opportun, il nous dira ce qu&#8217;il veut \u00bb\"}]},{\"@type\":\"WebSite\",\"@id\":\"https:\/\/www.africa-press.net\/cotedivoire\/#website\",\"url\":\"https:\/\/www.africa-press.net\/cotedivoire\/\",\"name\":\"C\u00f4te d&#039;Ivoire\",\"description\":\"Just another Africa News Agency Sites site\",\"potentialAction\":[{\"@type\":\"SearchAction\",\"target\":{\"@type\":\"EntryPoint\",\"urlTemplate\":\"https:\/\/www.africa-press.net\/cotedivoire\/?s={search_term_string}\"},\"query-input\":{\"@type\":\"PropertyValueSpecification\",\"valueRequired\":true,\"valueName\":\"search_term_string\"}}],\"inLanguage\":\"fr-FR\"},{\"@type\":\"Person\",\"@id\":\"https:\/\/www.africa-press.net\/cotedivoire\/#\/schema\/person\/2b1cf3cd81a31e3cd26889ca66d677f1\",\"name\":\"cfeditorfr\"}]}<\/script>\n<!-- \/ Yoast SEO Premium plugin. -->","yoast_head_json":{"title":"Gbagbo candidat \u00e0 la pr\u00e9sidentielle de 2025, le porte-parole du PPA-CI \u00ab ce n'est pas encore sa volont\u00e9 \u00e0 lui, au moment opportun, il nous dira ce qu'il veut \u00bb - C\u00f4te d&#039;Ivoire","description":"Alors que nous ne sommes qu'en 2022, les militants du Parti des peuples Africains \u2013 Co\u0302te d\u2019Ivoire \u2013(PPA-CI) souhaitent ...","robots":{"index":"index","follow":"follow","max-snippet":"max-snippet:-1","max-image-preview":"max-image-preview:large","max-video-preview":"max-video-preview:-1"},"canonical":"https:\/\/www.africa-press.net\/cotedivoire\/politique\/gbagbo-candidat-a-la-presidentielle-de-2025-le-porte-parole-du-ppa-ci-ce-nest-pas-encore-sa-volonte-a-lui-au-moment-opportun-il-nous-dira-ce-quil-veut","og_locale":"fr_FR","og_type":"article","og_title":"Gbagbo candidat \u00e0 la pr\u00e9sidentielle de 2025, le porte-parole du PPA-CI \u00ab ce n'est pas encore sa volont\u00e9 \u00e0 lui, au moment opportun, il nous dira ce qu'il veut \u00bb","og_description":"Alors que nous ne sommes qu'en 2022, les militants du Parti des peuples Africains \u2013 Co\u0302te d\u2019Ivoire \u2013(PPA-CI) souhaitent ...","og_url":"https:\/\/www.africa-press.net\/cotedivoire\/politique\/gbagbo-candidat-a-la-presidentielle-de-2025-le-porte-parole-du-ppa-ci-ce-nest-pas-encore-sa-volonte-a-lui-au-moment-opportun-il-nous-dira-ce-quil-veut","og_site_name":"C\u00f4te d&#039;Ivoire","article_published_time":"2022-10-21T19:08:41+00:00","article_modified_time":"2022-10-21T19:30:34+00:00","og_image":[{"width":720,"height":480,"url":"https:\/\/static.africa-press.net\/cote\/sites\/43\/2022\/10\/postQueueImg_24-6352f33f6a621.jpg","type":"image\/jpeg"}],"author":"cfeditorfr","twitter_card":"summary_large_image","twitter_misc":{"\u00c9crit par":"cfeditorfr","Dur\u00e9e de lecture estim\u00e9e":"2 minutes"},"schema":{"@context":"https:\/\/schema.org","@graph":[{"@type":"Article","@id":"https:\/\/www.africa-press.net\/cotedivoire\/politique\/gbagbo-candidat-a-la-presidentielle-de-2025-le-porte-parole-du-ppa-ci-ce-nest-pas-encore-sa-volonte-a-lui-au-moment-opportun-il-nous-dira-ce-quil-veut#article","isPartOf":{"@id":"https:\/\/www.africa-press.net\/cotedivoire\/politique\/gbagbo-candidat-a-la-presidentielle-de-2025-le-porte-parole-du-ppa-ci-ce-nest-pas-encore-sa-volonte-a-lui-au-moment-opportun-il-nous-dira-ce-quil-veut"},"author":{"name":"cfeditorfr","@id":"https:\/\/www.africa-press.net\/cotedivoire\/#\/schema\/person\/2b1cf3cd81a31e3cd26889ca66d677f1"},"headline":"Gbagbo candidat \u00e0 la pr\u00e9sidentielle de 2025, le porte-parole du PPA-CI \u00ab ce n&rsquo;est pas encore sa volont\u00e9 \u00e0 lui, au moment opportun, il nous dira ce qu&rsquo;il veut \u00bb","datePublished":"2022-10-21T19:08:41+00:00","dateModified":"2022-10-21T19:30:34+00:00","mainEntityOfPage":{"@id":"https:\/\/www.africa-press.net\/cotedivoire\/politique\/gbagbo-candidat-a-la-presidentielle-de-2025-le-porte-parole-du-ppa-ci-ce-nest-pas-encore-sa-volonte-a-lui-au-moment-opportun-il-nous-dira-ce-quil-veut"},"wordCount":368,"commentCount":0,"image":{"@id":"https:\/\/www.africa-press.net\/cotedivoire\/politique\/gbagbo-candidat-a-la-presidentielle-de-2025-le-porte-parole-du-ppa-ci-ce-nest-pas-encore-sa-volonte-a-lui-au-moment-opportun-il-nous-dira-ce-quil-veut#primaryimage"},"thumbnailUrl":"https:\/\/static.africa-press.net\/cote\/sites\/43\/2022\/10\/postQueueImg_24-6352f33f6a621.jpg","keywords":["Africa Press","Africa Press-C\u00f4te d'Ivoire","candidat","C\u00d4TE D'IVOIRE","Damana","Gbagbo","Katinan","PPA-CI","pr\u00e9sidentielle"],"articleSection":["Politique","Top Nouvelles","Toutes les actualit\u00e9s"],"inLanguage":"fr-FR","potentialAction":[{"@type":"CommentAction","name":"Comment","target":["https:\/\/www.africa-press.net\/cotedivoire\/politique\/gbagbo-candidat-a-la-presidentielle-de-2025-le-porte-parole-du-ppa-ci-ce-nest-pas-encore-sa-volonte-a-lui-au-moment-opportun-il-nous-dira-ce-quil-veut#respond"]}]},{"@type":"WebPage","@id":"https:\/\/www.africa-press.net\/cotedivoire\/politique\/gbagbo-candidat-a-la-presidentielle-de-2025-le-porte-parole-du-ppa-ci-ce-nest-pas-encore-sa-volonte-a-lui-au-moment-opportun-il-nous-dira-ce-quil-veut","url":"https:\/\/www.africa-press.net\/cotedivoire\/politique\/gbagbo-candidat-a-la-presidentielle-de-2025-le-porte-parole-du-ppa-ci-ce-nest-pas-encore-sa-volonte-a-lui-au-moment-opportun-il-nous-dira-ce-quil-veut","name":"Gbagbo candidat \u00e0 la pr\u00e9sidentielle de 2025, le porte-parole du PPA-CI \u00ab ce n'est pas encore sa volont\u00e9 \u00e0 lui, au moment opportun, il nous dira ce qu'il veut \u00bb - C\u00f4te d&#039;Ivoire","isPartOf":{"@id":"https:\/\/www.africa-press.net\/cotedivoire\/#website"},"primaryImageOfPage":{"@id":"https:\/\/www.africa-press.net\/cotedivoire\/politique\/gbagbo-candidat-a-la-presidentielle-de-2025-le-porte-parole-du-ppa-ci-ce-nest-pas-encore-sa-volonte-a-lui-au-moment-opportun-il-nous-dira-ce-quil-veut#primaryimage"},"image":{"@id":"https:\/\/www.africa-press.net\/cotedivoire\/politique\/gbagbo-candidat-a-la-presidentielle-de-2025-le-porte-parole-du-ppa-ci-ce-nest-pas-encore-sa-volonte-a-lui-au-moment-opportun-il-nous-dira-ce-quil-veut#primaryimage"},"thumbnailUrl":"https:\/\/static.africa-press.net\/cote\/sites\/43\/2022\/10\/postQueueImg_24-6352f33f6a621.jpg","datePublished":"2022-10-21T19:08:41+00:00","dateModified":"2022-10-21T19:30:34+00:00","author":{"@id":"https:\/\/www.africa-press.net\/cotedivoire\/#\/schema\/person\/2b1cf3cd81a31e3cd26889ca66d677f1"},"description":"Alors que nous ne sommes qu'en 2022, les militants du Parti des peuples Africains \u2013 Co\u0302te d\u2019Ivoire \u2013(PPA-CI) souhaitent ...","breadcrumb":{"@id":"https:\/\/www.africa-press.net\/cotedivoire\/politique\/gbagbo-candidat-a-la-presidentielle-de-2025-le-porte-parole-du-ppa-ci-ce-nest-pas-encore-sa-volonte-a-lui-au-moment-opportun-il-nous-dira-ce-quil-veut#breadcrumb"},"inLanguage":"fr-FR","potentialAction":[{"@type":"ReadAction","target":["https:\/\/www.africa-press.net\/cotedivoire\/politique\/gbagbo-candidat-a-la-presidentielle-de-2025-le-porte-parole-du-ppa-ci-ce-nest-pas-encore-sa-volonte-a-lui-au-moment-opportun-il-nous-dira-ce-quil-veut"]}]},{"@type":"ImageObject","inLanguage":"fr-FR","@id":"https:\/\/www.africa-press.net\/cotedivoire\/politique\/gbagbo-candidat-a-la-presidentielle-de-2025-le-porte-parole-du-ppa-ci-ce-nest-pas-encore-sa-volonte-a-lui-au-moment-opportun-il-nous-dira-ce-quil-veut#primaryimage","url":"https:\/\/static.africa-press.net\/cote\/sites\/43\/2022\/10\/postQueueImg_24-6352f33f6a621.jpg","contentUrl":"https:\/\/static.africa-press.net\/cote\/sites\/43\/2022\/10\/postQueueImg_24-6352f33f6a621.jpg","width":720,"height":480,"caption":"Gbagbo candidat \u00e0 la pr\u00e9sidentielle de 2025, le porte-parole du PPA-CI \u00ab ce n'est pas encore sa volont\u00e9 \u00e0 lui, au moment opportun, il nous dira ce qu'il veut \u00bb"},{"@type":"BreadcrumbList","@id":"https:\/\/www.africa-press.net\/cotedivoire\/politique\/gbagbo-candidat-a-la-presidentielle-de-2025-le-porte-parole-du-ppa-ci-ce-nest-pas-encore-sa-volonte-a-lui-au-moment-opportun-il-nous-dira-ce-quil-veut#breadcrumb","itemListElement":[{"@type":"ListItem","position":1,"name":"Accueil","item":"https:\/\/www.africa-press.net\/cotedivoire\/"},{"@type":"ListItem","position":2,"name":"Gbagbo candidat \u00e0 la pr\u00e9sidentielle de 2025, le porte-parole du PPA-CI \u00ab ce n&#8217;est pas encore sa volont\u00e9 \u00e0 lui, au moment opportun, il nous dira ce qu&#8217;il veut \u00bb"}]},{"@type":"WebSite","@id":"https:\/\/www.africa-press.net\/cotedivoire\/#website","url":"https:\/\/www.africa-press.net\/cotedivoire\/","name":"C\u00f4te d&#039;Ivoire","description":"Just another Africa News Agency Sites site","potentialAction":[{"@type":"SearchAction","target":{"@type":"EntryPoint","urlTemplate":"https:\/\/www.africa-press.net\/cotedivoire\/?s={search_term_string}"},"query-input":{"@type":"PropertyValueSpecification","valueRequired":true,"valueName":"search_term_string"}}],"inLanguage":"fr-FR"},{"@type":"Person","@id":"https:\/\/www.africa-press.net\/cotedivoire\/#\/schema\/person\/2b1cf3cd81a31e3cd26889ca66d677f1","name":"cfeditorfr"}]}},"_links":{"self":[{"href":"https:\/\/www.africa-press.net\/cotedivoire\/wp-json\/wp\/v2\/posts\/46591","targetHints":{"allow":["GET"]}}],"collection":[{"href":"https:\/\/www.africa-press.net\/cotedivoire\/wp-json\/wp\/v2\/posts"}],"about":[{"href":"https:\/\/www.africa-press.net\/cotedivoire\/wp-json\/wp\/v2\/types\/post"}],"author":[{"embeddable":true,"href":"https:\/\/www.africa-press.net\/cotedivoire\/wp-json\/wp\/v2\/users\/82"}],"replies":[{"embeddable":true,"href":"https:\/\/www.africa-press.net\/cotedivoire\/wp-json\/wp\/v2\/comments?post=46591"}],"version-history":[{"count":0,"href":"https:\/\/www.africa-press.net\/cotedivoire\/wp-json\/wp\/v2\/posts\/46591\/revisions"}],"wp:featuredmedia":[{"embeddable":true,"href":"https:\/\/www.africa-press.net\/cotedivoire\/wp-json\/wp\/v2\/media\/46590"}],"wp:attachment":[{"href":"https:\/\/www.africa-press.net\/cotedivoire\/wp-json\/wp\/v2\/media?parent=46591"}],"wp:term":[{"taxonomy":"category","embeddable":true,"href":"https:\/\/www.africa-press.net\/cotedivoire\/wp-json\/wp\/v2\/categories?post=46591"},{"taxonomy":"post_tag","embeddable":true,"href":"https:\/\/www.africa-press.net\/cotedivoire\/wp-json\/wp\/v2\/tags?post=46591"}],"curies":[{"name":"wp","href":"https:\/\/api.w.org\/{rel}","templated":true}]}}