{"id":46765,"date":"2022-10-24T18:20:35","date_gmt":"2022-10-24T18:20:35","guid":{"rendered":"https:\/\/www.africa-press.net\/cotedivoire\/politique\/depuis-bouake-un-festival-initie-pour-reveler-le-talent-des-eleves-et-etudiants-dans-le-milieu-cinematographique"},"modified":"2022-10-24T19:19:17","modified_gmt":"2022-10-24T19:19:17","slug":"depuis-bouake-un-festival-initie-pour-reveler-le-talent-des-eleves-et-etudiants-dans-le-milieu-cinematographique","status":"publish","type":"post","link":"https:\/\/www.africa-press.net\/cotedivoire\/culture-et-art\/depuis-bouake-un-festival-initie-pour-reveler-le-talent-des-eleves-et-etudiants-dans-le-milieu-cinematographique","title":{"rendered":"Depuis Bouak\u00e9, un festival initi\u00e9 pour r\u00e9v\u00e9ler le talent des \u00e9l\u00e8ves et \u00e9tudiants dans le milieu cin\u00e9matographique"},"content":{"rendered":"<p><span style=\"color: #ff6600\"><strong>Africa-Press &#8211; C\u00f4te d&rsquo;Ivoire. <\/strong><\/span>Le centre culturel Jacques Aka de Bouake\u0301 abritera la 4e e\u0301dition du Festival du Cine\u0301ma Amateur de Bouake\u0301 (FECAB) les 28 et 29 octobre 2022. En pre\u0301lude au lancement de cette activite\u0301 culturelle dans la capitale du Gbe\u0302ke\u0302, le commissaire ge\u0301ne\u0301ral dudit Festival, monsieur Kouadio Ahoutou Mathieu, a donne\u0301 le jeudi 20 octobre 2022, au cours d&rsquo;une confe\u0301rence de presse, les grandes lignes de cette 4e e\u0301dition.<\/p>\n<p>L&rsquo;objectif de cette autre e\u0301dition du FECAB selon le commissaire, est de \u00ab promouvoir la culture nationale ; Contribuer a\u0300 la re\u0301duction du cho\u0302mage jeune ; Initier les e\u0301le\u0300ves a\u0300 la cre\u0301ation cine\u0301matographique et aux mate\u0301riels cine\u0301matographiques ; initier les jeunes aux me\u0301tiers du cine\u0301ma ; De\u0301tecter, Encadrer et promouvoir les jeunes talents ; Faire du cine\u0301ma une ve\u0301ritable industrie pourvoyeuse d&#8217;emplois ; E\u0301veiller les consciences a\u0300 partir des the\u0300mes traite\u0301s et enfin animer la cite\u0301 \u00bb.<\/p>\n<p>Au cours de ce Festival des 28 et 29 octobre a\u0300 venir, ce sont 14 films cine\u0301matographiques re\u0301alise\u0301s par des e\u0301le\u0300ves et e\u0301tudiants mue\u0301s en acteurs et provenant de 10 directions re\u0301gionales de la culture et de la francophonie, qui seront en compe\u0301tition.<\/p>\n<p>Enfin, le commissaire ge\u0301ne\u0301ral du FECAB a indique\u0301 que \u00ab Le FECAB, place\u0301 sur le the\u0300me \u00ab\u00a0Digitalisation et e\u0301mergence\u00a0\u00bb, apparai\u0302t comme un facteur d&rsquo;e\u0301panouissement de la jeunesse. C\u2019est pourquoi, il gagnerait a\u0300 e\u0302tre promu au point de devenir un grand rendez-vous cine\u0301matographique qui prendrait sa place dans l&rsquo;agenda culturel re\u0301gional, national, voire international. \u00bb<\/p>\n<p><strong>Pour plus d&rsquo;informations et d&rsquo;analyses sur la <a href=\"https:\/\/www.africa-press.net\/cotedivoire\">C\u00f4te d&rsquo;Ivoire<\/a>, suivez <a href=\"https:\/\/www.africa-press.net\/\">Africa-Press<\/a><\/strong><\/p>\n","protected":false},"excerpt":{"rendered":"<p>Africa-Press &#8211; C\u00f4te d&rsquo;Ivoire. Le centre culturel Jacques Aka de Bouake\u0301 abritera la 4e e\u0301dition du Festival du Cine\u0301ma Amateur de Bouake\u0301 (FECAB) les 28 et 29 octobre 2022. En pre\u0301lude au lancement de cette activite\u0301 culturelle dans la capitale du Gbe\u0302ke\u0302, le commissaire ge\u0301ne\u0301ral dudit Festival, monsieur Kouadio Ahoutou Mathieu, a donne\u0301 le jeudi [&hellip;]<\/p>\n","protected":false},"author":82,"featured_media":46764,"comment_status":"open","ping_status":"closed","sticky":false,"template":"","format":"standard","meta":{"footnotes":""},"categories":[5,10],"tags":[56,63,366,29,7920,2307,7919,7921],"class_list":["post-46765","post","type-post","status-publish","format-standard","has-post-thumbnail","hentry","category-culture-et-art","category-toutes-les-actualites","tag-africa-press","tag-africa-press-cote-divoire","tag-bouake","tag-cote-divoire","tag-fecab","tag-festival","tag-films","tag-kouadio-ahoutou-mathieu"],"yoast_head":"<!-- This site is optimized with the Yoast SEO Premium plugin v26.1 (Yoast SEO v27.0) - https:\/\/yoast.com\/product\/yoast-seo-premium-wordpress\/ -->\n<title>Depuis Bouak\u00e9, un festival initi\u00e9 pour r\u00e9v\u00e9ler le talent des \u00e9l\u00e8ves et \u00e9tudiants dans le milieu cin\u00e9matographique - C\u00f4te d&#039;Ivoire<\/title>\n<meta name=\"description\" content=\"Le centre culturel Jacques Aka de Bouake\u0301 abritera la 4e e\u0301dition du Festival du Cine\u0301ma Amateur de Bouake\u0301 (FECAB) les ...\" \/>\n<meta name=\"robots\" content=\"index, follow, max-snippet:-1, max-image-preview:large, max-video-preview:-1\" \/>\n<link rel=\"canonical\" href=\"https:\/\/www.africa-press.net\/cotedivoire\/culture-et-art\/depuis-bouake-un-festival-initie-pour-reveler-le-talent-des-eleves-et-etudiants-dans-le-milieu-cinematographique\" \/>\n<meta property=\"og:locale\" content=\"fr_FR\" \/>\n<meta property=\"og:type\" content=\"article\" \/>\n<meta property=\"og:title\" content=\"Depuis Bouak\u00e9, un festival initi\u00e9 pour r\u00e9v\u00e9ler le talent des \u00e9l\u00e8ves et \u00e9tudiants dans le milieu cin\u00e9matographique\" \/>\n<meta property=\"og:description\" content=\"Le centre culturel Jacques Aka de Bouake\u0301 abritera la 4e e\u0301dition du Festival du Cine\u0301ma Amateur de Bouake\u0301 (FECAB) les ...\" \/>\n<meta property=\"og:url\" content=\"https:\/\/www.africa-press.net\/cotedivoire\/culture-et-art\/depuis-bouake-un-festival-initie-pour-reveler-le-talent-des-eleves-et-etudiants-dans-le-milieu-cinematographique\" \/>\n<meta property=\"og:site_name\" content=\"C\u00f4te d&#039;Ivoire\" \/>\n<meta property=\"article:published_time\" content=\"2022-10-24T18:20:35+00:00\" \/>\n<meta property=\"article:modified_time\" content=\"2022-10-24T19:19:17+00:00\" \/>\n<meta property=\"og:image\" content=\"https:\/\/static.africa-press.net\/cote\/sites\/43\/2022\/10\/postQueueImg_22-6356e4fa46ccd.jpg\" \/>\n\t<meta property=\"og:image:width\" content=\"720\" \/>\n\t<meta property=\"og:image:height\" content=\"373\" \/>\n\t<meta property=\"og:image:type\" content=\"image\/jpeg\" \/>\n<meta name=\"author\" content=\"cfeditorfr\" \/>\n<meta name=\"twitter:card\" content=\"summary_large_image\" \/>\n<meta name=\"twitter:label1\" content=\"\u00c9crit par\" \/>\n\t<meta name=\"twitter:data1\" content=\"cfeditorfr\" \/>\n\t<meta name=\"twitter:label2\" content=\"Dur\u00e9e de lecture estim\u00e9e\" \/>\n\t<meta name=\"twitter:data2\" content=\"2 minutes\" \/>\n<script type=\"application\/ld+json\" class=\"yoast-schema-graph\">{\"@context\":\"https:\/\/schema.org\",\"@graph\":[{\"@type\":\"Article\",\"@id\":\"https:\/\/www.africa-press.net\/cotedivoire\/culture-et-art\/depuis-bouake-un-festival-initie-pour-reveler-le-talent-des-eleves-et-etudiants-dans-le-milieu-cinematographique#article\",\"isPartOf\":{\"@id\":\"https:\/\/www.africa-press.net\/cotedivoire\/culture-et-art\/depuis-bouake-un-festival-initie-pour-reveler-le-talent-des-eleves-et-etudiants-dans-le-milieu-cinematographique\"},\"author\":{\"name\":\"cfeditorfr\",\"@id\":\"https:\/\/www.africa-press.net\/cotedivoire\/#\/schema\/person\/2b1cf3cd81a31e3cd26889ca66d677f1\"},\"headline\":\"Depuis Bouak\u00e9, un festival initi\u00e9 pour r\u00e9v\u00e9ler le talent des \u00e9l\u00e8ves et \u00e9tudiants dans le milieu cin\u00e9matographique\",\"datePublished\":\"2022-10-24T18:20:35+00:00\",\"dateModified\":\"2022-10-24T19:19:17+00:00\",\"mainEntityOfPage\":{\"@id\":\"https:\/\/www.africa-press.net\/cotedivoire\/culture-et-art\/depuis-bouake-un-festival-initie-pour-reveler-le-talent-des-eleves-et-etudiants-dans-le-milieu-cinematographique\"},\"wordCount\":313,\"commentCount\":0,\"image\":{\"@id\":\"https:\/\/www.africa-press.net\/cotedivoire\/culture-et-art\/depuis-bouake-un-festival-initie-pour-reveler-le-talent-des-eleves-et-etudiants-dans-le-milieu-cinematographique#primaryimage\"},\"thumbnailUrl\":\"https:\/\/static.africa-press.net\/cote\/sites\/43\/2022\/10\/postQueueImg_22-6356e4fa46ccd.jpg\",\"keywords\":[\"Africa Press\",\"Africa Press-C\u00f4te d'Ivoire\",\"Bouak\u00e9\",\"C\u00d4TE D'IVOIRE\",\"FECAB\",\"Festival\",\"films\",\"Kouadio Ahoutou Mathieu\"],\"articleSection\":[\"Culture et Art\",\"Toutes les actualit\u00e9s\"],\"inLanguage\":\"fr-FR\",\"potentialAction\":[{\"@type\":\"CommentAction\",\"name\":\"Comment\",\"target\":[\"https:\/\/www.africa-press.net\/cotedivoire\/culture-et-art\/depuis-bouake-un-festival-initie-pour-reveler-le-talent-des-eleves-et-etudiants-dans-le-milieu-cinematographique#respond\"]}]},{\"@type\":\"WebPage\",\"@id\":\"https:\/\/www.africa-press.net\/cotedivoire\/culture-et-art\/depuis-bouake-un-festival-initie-pour-reveler-le-talent-des-eleves-et-etudiants-dans-le-milieu-cinematographique\",\"url\":\"https:\/\/www.africa-press.net\/cotedivoire\/culture-et-art\/depuis-bouake-un-festival-initie-pour-reveler-le-talent-des-eleves-et-etudiants-dans-le-milieu-cinematographique\",\"name\":\"Depuis Bouak\u00e9, un festival initi\u00e9 pour r\u00e9v\u00e9ler le talent des \u00e9l\u00e8ves et \u00e9tudiants dans le milieu cin\u00e9matographique - C\u00f4te d&#039;Ivoire\",\"isPartOf\":{\"@id\":\"https:\/\/www.africa-press.net\/cotedivoire\/#website\"},\"primaryImageOfPage\":{\"@id\":\"https:\/\/www.africa-press.net\/cotedivoire\/culture-et-art\/depuis-bouake-un-festival-initie-pour-reveler-le-talent-des-eleves-et-etudiants-dans-le-milieu-cinematographique#primaryimage\"},\"image\":{\"@id\":\"https:\/\/www.africa-press.net\/cotedivoire\/culture-et-art\/depuis-bouake-un-festival-initie-pour-reveler-le-talent-des-eleves-et-etudiants-dans-le-milieu-cinematographique#primaryimage\"},\"thumbnailUrl\":\"https:\/\/static.africa-press.net\/cote\/sites\/43\/2022\/10\/postQueueImg_22-6356e4fa46ccd.jpg\",\"datePublished\":\"2022-10-24T18:20:35+00:00\",\"dateModified\":\"2022-10-24T19:19:17+00:00\",\"author\":{\"@id\":\"https:\/\/www.africa-press.net\/cotedivoire\/#\/schema\/person\/2b1cf3cd81a31e3cd26889ca66d677f1\"},\"description\":\"Le centre culturel Jacques Aka de Bouake\u0301 abritera la 4e e\u0301dition du Festival du Cine\u0301ma Amateur de Bouake\u0301 (FECAB) les ...\",\"breadcrumb\":{\"@id\":\"https:\/\/www.africa-press.net\/cotedivoire\/culture-et-art\/depuis-bouake-un-festival-initie-pour-reveler-le-talent-des-eleves-et-etudiants-dans-le-milieu-cinematographique#breadcrumb\"},\"inLanguage\":\"fr-FR\",\"potentialAction\":[{\"@type\":\"ReadAction\",\"target\":[\"https:\/\/www.africa-press.net\/cotedivoire\/culture-et-art\/depuis-bouake-un-festival-initie-pour-reveler-le-talent-des-eleves-et-etudiants-dans-le-milieu-cinematographique\"]}]},{\"@type\":\"ImageObject\",\"inLanguage\":\"fr-FR\",\"@id\":\"https:\/\/www.africa-press.net\/cotedivoire\/culture-et-art\/depuis-bouake-un-festival-initie-pour-reveler-le-talent-des-eleves-et-etudiants-dans-le-milieu-cinematographique#primaryimage\",\"url\":\"https:\/\/static.africa-press.net\/cote\/sites\/43\/2022\/10\/postQueueImg_22-6356e4fa46ccd.jpg\",\"contentUrl\":\"https:\/\/static.africa-press.net\/cote\/sites\/43\/2022\/10\/postQueueImg_22-6356e4fa46ccd.jpg\",\"width\":720,\"height\":373,\"caption\":\"Depuis Bouak\u00e9, un festival initi\u00e9 pour r\u00e9v\u00e9ler le talent des \u00e9l\u00e8ves et \u00e9tudiants dans le milieu cin\u00e9matographique\"},{\"@type\":\"BreadcrumbList\",\"@id\":\"https:\/\/www.africa-press.net\/cotedivoire\/culture-et-art\/depuis-bouake-un-festival-initie-pour-reveler-le-talent-des-eleves-et-etudiants-dans-le-milieu-cinematographique#breadcrumb\",\"itemListElement\":[{\"@type\":\"ListItem\",\"position\":1,\"name\":\"Accueil\",\"item\":\"https:\/\/www.africa-press.net\/cotedivoire\/\"},{\"@type\":\"ListItem\",\"position\":2,\"name\":\"Depuis Bouak\u00e9, un festival initi\u00e9 pour r\u00e9v\u00e9ler le talent des \u00e9l\u00e8ves et \u00e9tudiants dans le milieu cin\u00e9matographique\"}]},{\"@type\":\"WebSite\",\"@id\":\"https:\/\/www.africa-press.net\/cotedivoire\/#website\",\"url\":\"https:\/\/www.africa-press.net\/cotedivoire\/\",\"name\":\"C\u00f4te d&#039;Ivoire\",\"description\":\"Just another Africa News Agency Sites site\",\"potentialAction\":[{\"@type\":\"SearchAction\",\"target\":{\"@type\":\"EntryPoint\",\"urlTemplate\":\"https:\/\/www.africa-press.net\/cotedivoire\/?s={search_term_string}\"},\"query-input\":{\"@type\":\"PropertyValueSpecification\",\"valueRequired\":true,\"valueName\":\"search_term_string\"}}],\"inLanguage\":\"fr-FR\"},{\"@type\":\"Person\",\"@id\":\"https:\/\/www.africa-press.net\/cotedivoire\/#\/schema\/person\/2b1cf3cd81a31e3cd26889ca66d677f1\",\"name\":\"cfeditorfr\"}]}<\/script>\n<!-- \/ Yoast SEO Premium plugin. -->","yoast_head_json":{"title":"Depuis Bouak\u00e9, un festival initi\u00e9 pour r\u00e9v\u00e9ler le talent des \u00e9l\u00e8ves et \u00e9tudiants dans le milieu cin\u00e9matographique - C\u00f4te d&#039;Ivoire","description":"Le centre culturel Jacques Aka de Bouake\u0301 abritera la 4e e\u0301dition du Festival du Cine\u0301ma Amateur de Bouake\u0301 (FECAB) les ...","robots":{"index":"index","follow":"follow","max-snippet":"max-snippet:-1","max-image-preview":"max-image-preview:large","max-video-preview":"max-video-preview:-1"},"canonical":"https:\/\/www.africa-press.net\/cotedivoire\/culture-et-art\/depuis-bouake-un-festival-initie-pour-reveler-le-talent-des-eleves-et-etudiants-dans-le-milieu-cinematographique","og_locale":"fr_FR","og_type":"article","og_title":"Depuis Bouak\u00e9, un festival initi\u00e9 pour r\u00e9v\u00e9ler le talent des \u00e9l\u00e8ves et \u00e9tudiants dans le milieu cin\u00e9matographique","og_description":"Le centre culturel Jacques Aka de Bouake\u0301 abritera la 4e e\u0301dition du Festival du Cine\u0301ma Amateur de Bouake\u0301 (FECAB) les ...","og_url":"https:\/\/www.africa-press.net\/cotedivoire\/culture-et-art\/depuis-bouake-un-festival-initie-pour-reveler-le-talent-des-eleves-et-etudiants-dans-le-milieu-cinematographique","og_site_name":"C\u00f4te d&#039;Ivoire","article_published_time":"2022-10-24T18:20:35+00:00","article_modified_time":"2022-10-24T19:19:17+00:00","og_image":[{"width":720,"height":373,"url":"https:\/\/static.africa-press.net\/cote\/sites\/43\/2022\/10\/postQueueImg_22-6356e4fa46ccd.jpg","type":"image\/jpeg"}],"author":"cfeditorfr","twitter_card":"summary_large_image","twitter_misc":{"\u00c9crit par":"cfeditorfr","Dur\u00e9e de lecture estim\u00e9e":"2 minutes"},"schema":{"@context":"https:\/\/schema.org","@graph":[{"@type":"Article","@id":"https:\/\/www.africa-press.net\/cotedivoire\/culture-et-art\/depuis-bouake-un-festival-initie-pour-reveler-le-talent-des-eleves-et-etudiants-dans-le-milieu-cinematographique#article","isPartOf":{"@id":"https:\/\/www.africa-press.net\/cotedivoire\/culture-et-art\/depuis-bouake-un-festival-initie-pour-reveler-le-talent-des-eleves-et-etudiants-dans-le-milieu-cinematographique"},"author":{"name":"cfeditorfr","@id":"https:\/\/www.africa-press.net\/cotedivoire\/#\/schema\/person\/2b1cf3cd81a31e3cd26889ca66d677f1"},"headline":"Depuis Bouak\u00e9, un festival initi\u00e9 pour r\u00e9v\u00e9ler le talent des \u00e9l\u00e8ves et \u00e9tudiants dans le milieu cin\u00e9matographique","datePublished":"2022-10-24T18:20:35+00:00","dateModified":"2022-10-24T19:19:17+00:00","mainEntityOfPage":{"@id":"https:\/\/www.africa-press.net\/cotedivoire\/culture-et-art\/depuis-bouake-un-festival-initie-pour-reveler-le-talent-des-eleves-et-etudiants-dans-le-milieu-cinematographique"},"wordCount":313,"commentCount":0,"image":{"@id":"https:\/\/www.africa-press.net\/cotedivoire\/culture-et-art\/depuis-bouake-un-festival-initie-pour-reveler-le-talent-des-eleves-et-etudiants-dans-le-milieu-cinematographique#primaryimage"},"thumbnailUrl":"https:\/\/static.africa-press.net\/cote\/sites\/43\/2022\/10\/postQueueImg_22-6356e4fa46ccd.jpg","keywords":["Africa Press","Africa Press-C\u00f4te d'Ivoire","Bouak\u00e9","C\u00d4TE D'IVOIRE","FECAB","Festival","films","Kouadio Ahoutou Mathieu"],"articleSection":["Culture et Art","Toutes les actualit\u00e9s"],"inLanguage":"fr-FR","potentialAction":[{"@type":"CommentAction","name":"Comment","target":["https:\/\/www.africa-press.net\/cotedivoire\/culture-et-art\/depuis-bouake-un-festival-initie-pour-reveler-le-talent-des-eleves-et-etudiants-dans-le-milieu-cinematographique#respond"]}]},{"@type":"WebPage","@id":"https:\/\/www.africa-press.net\/cotedivoire\/culture-et-art\/depuis-bouake-un-festival-initie-pour-reveler-le-talent-des-eleves-et-etudiants-dans-le-milieu-cinematographique","url":"https:\/\/www.africa-press.net\/cotedivoire\/culture-et-art\/depuis-bouake-un-festival-initie-pour-reveler-le-talent-des-eleves-et-etudiants-dans-le-milieu-cinematographique","name":"Depuis Bouak\u00e9, un festival initi\u00e9 pour r\u00e9v\u00e9ler le talent des \u00e9l\u00e8ves et \u00e9tudiants dans le milieu cin\u00e9matographique - C\u00f4te d&#039;Ivoire","isPartOf":{"@id":"https:\/\/www.africa-press.net\/cotedivoire\/#website"},"primaryImageOfPage":{"@id":"https:\/\/www.africa-press.net\/cotedivoire\/culture-et-art\/depuis-bouake-un-festival-initie-pour-reveler-le-talent-des-eleves-et-etudiants-dans-le-milieu-cinematographique#primaryimage"},"image":{"@id":"https:\/\/www.africa-press.net\/cotedivoire\/culture-et-art\/depuis-bouake-un-festival-initie-pour-reveler-le-talent-des-eleves-et-etudiants-dans-le-milieu-cinematographique#primaryimage"},"thumbnailUrl":"https:\/\/static.africa-press.net\/cote\/sites\/43\/2022\/10\/postQueueImg_22-6356e4fa46ccd.jpg","datePublished":"2022-10-24T18:20:35+00:00","dateModified":"2022-10-24T19:19:17+00:00","author":{"@id":"https:\/\/www.africa-press.net\/cotedivoire\/#\/schema\/person\/2b1cf3cd81a31e3cd26889ca66d677f1"},"description":"Le centre culturel Jacques Aka de Bouake\u0301 abritera la 4e e\u0301dition du Festival du Cine\u0301ma Amateur de Bouake\u0301 (FECAB) les ...","breadcrumb":{"@id":"https:\/\/www.africa-press.net\/cotedivoire\/culture-et-art\/depuis-bouake-un-festival-initie-pour-reveler-le-talent-des-eleves-et-etudiants-dans-le-milieu-cinematographique#breadcrumb"},"inLanguage":"fr-FR","potentialAction":[{"@type":"ReadAction","target":["https:\/\/www.africa-press.net\/cotedivoire\/culture-et-art\/depuis-bouake-un-festival-initie-pour-reveler-le-talent-des-eleves-et-etudiants-dans-le-milieu-cinematographique"]}]},{"@type":"ImageObject","inLanguage":"fr-FR","@id":"https:\/\/www.africa-press.net\/cotedivoire\/culture-et-art\/depuis-bouake-un-festival-initie-pour-reveler-le-talent-des-eleves-et-etudiants-dans-le-milieu-cinematographique#primaryimage","url":"https:\/\/static.africa-press.net\/cote\/sites\/43\/2022\/10\/postQueueImg_22-6356e4fa46ccd.jpg","contentUrl":"https:\/\/static.africa-press.net\/cote\/sites\/43\/2022\/10\/postQueueImg_22-6356e4fa46ccd.jpg","width":720,"height":373,"caption":"Depuis Bouak\u00e9, un festival initi\u00e9 pour r\u00e9v\u00e9ler le talent des \u00e9l\u00e8ves et \u00e9tudiants dans le milieu cin\u00e9matographique"},{"@type":"BreadcrumbList","@id":"https:\/\/www.africa-press.net\/cotedivoire\/culture-et-art\/depuis-bouake-un-festival-initie-pour-reveler-le-talent-des-eleves-et-etudiants-dans-le-milieu-cinematographique#breadcrumb","itemListElement":[{"@type":"ListItem","position":1,"name":"Accueil","item":"https:\/\/www.africa-press.net\/cotedivoire\/"},{"@type":"ListItem","position":2,"name":"Depuis Bouak\u00e9, un festival initi\u00e9 pour r\u00e9v\u00e9ler le talent des \u00e9l\u00e8ves et \u00e9tudiants dans le milieu cin\u00e9matographique"}]},{"@type":"WebSite","@id":"https:\/\/www.africa-press.net\/cotedivoire\/#website","url":"https:\/\/www.africa-press.net\/cotedivoire\/","name":"C\u00f4te d&#039;Ivoire","description":"Just another Africa News Agency Sites site","potentialAction":[{"@type":"SearchAction","target":{"@type":"EntryPoint","urlTemplate":"https:\/\/www.africa-press.net\/cotedivoire\/?s={search_term_string}"},"query-input":{"@type":"PropertyValueSpecification","valueRequired":true,"valueName":"search_term_string"}}],"inLanguage":"fr-FR"},{"@type":"Person","@id":"https:\/\/www.africa-press.net\/cotedivoire\/#\/schema\/person\/2b1cf3cd81a31e3cd26889ca66d677f1","name":"cfeditorfr"}]}},"_links":{"self":[{"href":"https:\/\/www.africa-press.net\/cotedivoire\/wp-json\/wp\/v2\/posts\/46765","targetHints":{"allow":["GET"]}}],"collection":[{"href":"https:\/\/www.africa-press.net\/cotedivoire\/wp-json\/wp\/v2\/posts"}],"about":[{"href":"https:\/\/www.africa-press.net\/cotedivoire\/wp-json\/wp\/v2\/types\/post"}],"author":[{"embeddable":true,"href":"https:\/\/www.africa-press.net\/cotedivoire\/wp-json\/wp\/v2\/users\/82"}],"replies":[{"embeddable":true,"href":"https:\/\/www.africa-press.net\/cotedivoire\/wp-json\/wp\/v2\/comments?post=46765"}],"version-history":[{"count":0,"href":"https:\/\/www.africa-press.net\/cotedivoire\/wp-json\/wp\/v2\/posts\/46765\/revisions"}],"wp:featuredmedia":[{"embeddable":true,"href":"https:\/\/www.africa-press.net\/cotedivoire\/wp-json\/wp\/v2\/media\/46764"}],"wp:attachment":[{"href":"https:\/\/www.africa-press.net\/cotedivoire\/wp-json\/wp\/v2\/media?parent=46765"}],"wp:term":[{"taxonomy":"category","embeddable":true,"href":"https:\/\/www.africa-press.net\/cotedivoire\/wp-json\/wp\/v2\/categories?post=46765"},{"taxonomy":"post_tag","embeddable":true,"href":"https:\/\/www.africa-press.net\/cotedivoire\/wp-json\/wp\/v2\/tags?post=46765"}],"curies":[{"name":"wp","href":"https:\/\/api.w.org\/{rel}","templated":true}]}}