{"id":46798,"date":"2022-10-24T18:19:07","date_gmt":"2022-10-24T18:19:07","guid":{"rendered":"https:\/\/www.africa-press.net\/cotedivoire\/politique\/delocalisation-du-ministere-de-la-justice-de-limmeuble-symphonie-au-plateau-a-la-cite-administrative-2"},"modified":"2022-10-24T19:48:07","modified_gmt":"2022-10-24T19:48:07","slug":"delocalisation-du-ministere-de-la-justice-de-limmeuble-symphonie-au-plateau-a-la-cite-administrative-2","status":"publish","type":"post","link":"https:\/\/www.africa-press.net\/cotedivoire\/politique\/delocalisation-du-ministere-de-la-justice-de-limmeuble-symphonie-au-plateau-a-la-cite-administrative-2","title":{"rendered":"D\u00e9localisation du Minist\u00e8re de la Justice de l&rsquo;Immeuble Symphonie au Plateau, \u00e0 la cit\u00e9 administrative"},"content":{"rendered":"<p><span style=\"color: #ff6600\"><strong>Africa-Press &#8211; C\u00f4te d&rsquo;Ivoire. <\/strong><\/span>Le Ministe\u0300re de la Justice et des Droits de l&rsquo;Homme de\u0301me\u0301nage mais reste toujours au Plateau.<\/p>\n<p>KOACI apprend d&rsquo;un communique\u0301 qu&rsquo;a\u0300 compter du lundi 24 octobre 2022, le Cabinet du Garde des Sceaux, Ministre de la Justice et des Droits de l&rsquo;Homme jusque-la\u0300 situe\u0301 a\u0300 l&rsquo;Immeuble Symphonie au Plateau se de\u0301localise a\u0300 la cite\u0301 administrative, Tour B.<\/p>\n<p>Il sera aux 16e et 17e e\u0301tage.<\/p>\n<p>Les usagers sont ainsi invite\u0301s a\u0300 se rendre a\u0300 cette nouvelle adresse pour tous les services relevant de la compe\u0301tence du Cabinet du Garde des Sceaux.<\/p>\n\r\n                <style type=\"text\/css\">\r\n                    \r\n                    #td_uid_1_69f4c915771d6  .td-doubleSlider-2 .td-item1 {\r\n                        background: url(https:\/\/static.africa-press.net\/cote\/sites\/43\/2022\/10\/postMediaimg_20_1-6356ebc62acd6-80x60.jpg) 0 0 no-repeat;\r\n                    }\r\n                <\/style>\r\n\r\n                <div id=\"td_uid_1_69f4c915771d6\" class=\"td-gallery td-slide-on-2-columns\">\r\n                    <div class=\"post_td_gallery\">\r\n                        <div class=\"td-gallery-slide-top\">\r\n                           <div class=\"td-gallery-title\"><\/div>\r\n\r\n                            <div class=\"td-gallery-controls-wrapper\">\r\n                                <div class=\"td-gallery-slide-count\"><span class=\"td-gallery-slide-item-focus\">1<\/span> de 1<\/div>\r\n                                <div class=\"td-gallery-slide-prev-next-but\">\r\n                                    <i class = \"td-icon-left doubleSliderPrevButton\"><\/i>\r\n                                    <i class = \"td-icon-right doubleSliderNextButton\"><\/i>\r\n                                <\/div>\r\n                            <\/div>\r\n                        <\/div>\r\n\r\n                        <div class = \"td-doubleSlider-1 \">\r\n                            <div class = \"td-slider\">\r\n                                \r\n                    <div class = \"td-slide-item td-item1\">\r\n                        <figure class=\"td-slide-galery-figure td-slide-popup-gallery\">\r\n                            <a class=\"slide-gallery-image-link\" href=\"https:\/\/static.africa-press.net\/cote\/sites\/43\/2022\/10\/postMediaimg_20_1-6356ebc62acd6.jpg\" title=\"postMediaimg_20_1-6356ebc62acd6\"  data-caption=\"\"  data-description=\"\">\r\n                                <img decoding=\"async\" src=\"https:\/\/static.africa-press.net\/cote\/sites\/43\/2022\/10\/postMediaimg_20_1-6356ebc62acd6.jpg\" srcset=\"https:\/\/static.africa-press.net\/cote\/sites\/43\/2022\/10\/postMediaimg_20_1-6356ebc62acd6.jpg 1000w, https:\/\/static.africa-press.net\/cote\/sites\/43\/2022\/10\/postMediaimg_20_1-6356ebc62acd6-300x174.jpg 300w, https:\/\/static.africa-press.net\/cote\/sites\/43\/2022\/10\/postMediaimg_20_1-6356ebc62acd6-768x446.jpg 768w\" sizes=\"(max-width: 1000px) 100vw, 1000px\" alt=\"\">\r\n                            <\/a>\r\n                            \r\n                        <\/figure>\r\n                    <\/div>\r\n                            <\/div>\r\n                        <\/div>\r\n\r\n                        <div class = \"td-doubleSlider-2\">\r\n                            <div class = \"td-slider\">\r\n                                \r\n                    <div class = \"td-button td-item1\">\r\n                        <div class = \"td-border\"><\/div>\r\n                    <\/div>\r\n                            <\/div>\r\n                        <\/div>\r\n\r\n                    <\/div>\r\n\r\n                <\/div>\r\n                \n<p><strong>Pour plus d&rsquo;informations et d&rsquo;analyses sur la <a href=\"https:\/\/www.africa-press.net\/cotedivoire\">C\u00f4te d&rsquo;Ivoire<\/a>, suivez <a href=\"https:\/\/www.africa-press.net\/\">Africa-Press<\/a><\/strong><\/p>\n","protected":false},"excerpt":{"rendered":"<p>Africa-Press &#8211; C\u00f4te d&rsquo;Ivoire. Le Ministe\u0300re de la Justice et des Droits de l&rsquo;Homme de\u0301me\u0301nage mais reste toujours au Plateau. KOACI apprend d&rsquo;un communique\u0301 qu&rsquo;a\u0300 compter du lundi 24 octobre 2022, le Cabinet du Garde des Sceaux, Ministre de la Justice et des Droits de l&rsquo;Homme jusque-la\u0300 situe\u0301 a\u0300 l&rsquo;Immeuble Symphonie au Plateau se de\u0301localise [&hellip;]<\/p>\n","protected":false},"author":82,"featured_media":46797,"comment_status":"open","ping_status":"closed","sticky":false,"template":"","format":"standard","meta":{"footnotes":""},"categories":[2,10],"tags":[56,63,29,7918,6881,527,550],"class_list":["post-46798","post","type-post","status-publish","format-standard","has-post-thumbnail","hentry","category-politique","category-toutes-les-actualites","tag-africa-press","tag-africa-press-cote-divoire","tag-cote-divoire","tag-demenagement","tag-ministere-de-la-justice","tag-plateau","tag-sansan-kambile"],"yoast_head":"<!-- This site is optimized with the Yoast SEO Premium plugin v26.1 (Yoast SEO v27.0) - https:\/\/yoast.com\/product\/yoast-seo-premium-wordpress\/ -->\n<title>D\u00e9localisation du Minist\u00e8re de la Justice de l&#039;Immeuble Symphonie au Plateau, \u00e0 la cit\u00e9 administrative - C\u00f4te d&#039;Ivoire<\/title>\n<meta name=\"description\" content=\"Le Ministe\u0300re de la Justice et des Droits de l&#039;Homme de\u0301me\u0301nage mais reste toujours au Plateau. KOACI apprend d&#039;un comm ...\" \/>\n<meta name=\"robots\" content=\"index, follow, max-snippet:-1, max-image-preview:large, max-video-preview:-1\" \/>\n<link rel=\"canonical\" href=\"https:\/\/www.africa-press.net\/cotedivoire\/politique\/delocalisation-du-ministere-de-la-justice-de-limmeuble-symphonie-au-plateau-a-la-cite-administrative-2\" \/>\n<meta property=\"og:locale\" content=\"fr_FR\" \/>\n<meta property=\"og:type\" content=\"article\" \/>\n<meta property=\"og:title\" content=\"D\u00e9localisation du Minist\u00e8re de la Justice de l&#039;Immeuble Symphonie au Plateau, \u00e0 la cit\u00e9 administrative\" \/>\n<meta property=\"og:description\" content=\"Le Ministe\u0300re de la Justice et des Droits de l&#039;Homme de\u0301me\u0301nage mais reste toujours au Plateau. KOACI apprend d&#039;un comm ...\" \/>\n<meta property=\"og:url\" content=\"https:\/\/www.africa-press.net\/cotedivoire\/politique\/delocalisation-du-ministere-de-la-justice-de-limmeuble-symphonie-au-plateau-a-la-cite-administrative-2\" \/>\n<meta property=\"og:site_name\" content=\"C\u00f4te d&#039;Ivoire\" \/>\n<meta property=\"article:published_time\" content=\"2022-10-24T18:19:07+00:00\" \/>\n<meta property=\"article:modified_time\" content=\"2022-10-24T19:48:07+00:00\" \/>\n<meta property=\"og:image\" content=\"https:\/\/static.africa-press.net\/cote\/sites\/43\/2022\/10\/postQueueImg_6-6356ebd3003bd.jpg\" \/>\n\t<meta property=\"og:image:width\" content=\"720\" \/>\n\t<meta property=\"og:image:height\" content=\"480\" \/>\n\t<meta property=\"og:image:type\" content=\"image\/jpeg\" \/>\n<meta name=\"author\" content=\"cfeditorfr\" \/>\n<meta name=\"twitter:card\" content=\"summary_large_image\" \/>\n<meta name=\"twitter:label1\" content=\"\u00c9crit par\" \/>\n\t<meta name=\"twitter:data1\" content=\"cfeditorfr\" \/>\n\t<meta name=\"twitter:label2\" content=\"Dur\u00e9e de lecture estim\u00e9e\" \/>\n\t<meta name=\"twitter:data2\" content=\"1 minute\" \/>\n<script type=\"application\/ld+json\" class=\"yoast-schema-graph\">{\"@context\":\"https:\/\/schema.org\",\"@graph\":[{\"@type\":\"Article\",\"@id\":\"https:\/\/www.africa-press.net\/cotedivoire\/politique\/delocalisation-du-ministere-de-la-justice-de-limmeuble-symphonie-au-plateau-a-la-cite-administrative-2#article\",\"isPartOf\":{\"@id\":\"https:\/\/www.africa-press.net\/cotedivoire\/politique\/delocalisation-du-ministere-de-la-justice-de-limmeuble-symphonie-au-plateau-a-la-cite-administrative-2\"},\"author\":{\"name\":\"cfeditorfr\",\"@id\":\"https:\/\/www.africa-press.net\/cotedivoire\/#\/schema\/person\/2b1cf3cd81a31e3cd26889ca66d677f1\"},\"headline\":\"D\u00e9localisation du Minist\u00e8re de la Justice de l&rsquo;Immeuble Symphonie au Plateau, \u00e0 la cit\u00e9 administrative\",\"datePublished\":\"2022-10-24T18:19:07+00:00\",\"dateModified\":\"2022-10-24T19:48:07+00:00\",\"mainEntityOfPage\":{\"@id\":\"https:\/\/www.africa-press.net\/cotedivoire\/politique\/delocalisation-du-ministere-de-la-justice-de-limmeuble-symphonie-au-plateau-a-la-cite-administrative-2\"},\"wordCount\":148,\"commentCount\":0,\"image\":{\"@id\":\"https:\/\/www.africa-press.net\/cotedivoire\/politique\/delocalisation-du-ministere-de-la-justice-de-limmeuble-symphonie-au-plateau-a-la-cite-administrative-2#primaryimage\"},\"thumbnailUrl\":\"https:\/\/static.africa-press.net\/cote\/sites\/43\/2022\/10\/postQueueImg_6-6356ebd3003bd.jpg\",\"keywords\":[\"Africa Press\",\"Africa Press-C\u00f4te d'Ivoire\",\"C\u00d4TE D'IVOIRE\",\"d\u00e9m\u00e9nagement\",\"minist\u00e8re de la justice\",\"Plateau\",\"Sansan Kambil\u00e9\"],\"articleSection\":[\"Politique\",\"Toutes les actualit\u00e9s\"],\"inLanguage\":\"fr-FR\",\"potentialAction\":[{\"@type\":\"CommentAction\",\"name\":\"Comment\",\"target\":[\"https:\/\/www.africa-press.net\/cotedivoire\/politique\/delocalisation-du-ministere-de-la-justice-de-limmeuble-symphonie-au-plateau-a-la-cite-administrative-2#respond\"]}]},{\"@type\":\"WebPage\",\"@id\":\"https:\/\/www.africa-press.net\/cotedivoire\/politique\/delocalisation-du-ministere-de-la-justice-de-limmeuble-symphonie-au-plateau-a-la-cite-administrative-2\",\"url\":\"https:\/\/www.africa-press.net\/cotedivoire\/politique\/delocalisation-du-ministere-de-la-justice-de-limmeuble-symphonie-au-plateau-a-la-cite-administrative-2\",\"name\":\"D\u00e9localisation du Minist\u00e8re de la Justice de l'Immeuble Symphonie au Plateau, \u00e0 la cit\u00e9 administrative - C\u00f4te d&#039;Ivoire\",\"isPartOf\":{\"@id\":\"https:\/\/www.africa-press.net\/cotedivoire\/#website\"},\"primaryImageOfPage\":{\"@id\":\"https:\/\/www.africa-press.net\/cotedivoire\/politique\/delocalisation-du-ministere-de-la-justice-de-limmeuble-symphonie-au-plateau-a-la-cite-administrative-2#primaryimage\"},\"image\":{\"@id\":\"https:\/\/www.africa-press.net\/cotedivoire\/politique\/delocalisation-du-ministere-de-la-justice-de-limmeuble-symphonie-au-plateau-a-la-cite-administrative-2#primaryimage\"},\"thumbnailUrl\":\"https:\/\/static.africa-press.net\/cote\/sites\/43\/2022\/10\/postQueueImg_6-6356ebd3003bd.jpg\",\"datePublished\":\"2022-10-24T18:19:07+00:00\",\"dateModified\":\"2022-10-24T19:48:07+00:00\",\"author\":{\"@id\":\"https:\/\/www.africa-press.net\/cotedivoire\/#\/schema\/person\/2b1cf3cd81a31e3cd26889ca66d677f1\"},\"description\":\"Le Ministe\u0300re de la Justice et des Droits de l'Homme de\u0301me\u0301nage mais reste toujours au Plateau. KOACI apprend d'un comm ...\",\"breadcrumb\":{\"@id\":\"https:\/\/www.africa-press.net\/cotedivoire\/politique\/delocalisation-du-ministere-de-la-justice-de-limmeuble-symphonie-au-plateau-a-la-cite-administrative-2#breadcrumb\"},\"inLanguage\":\"fr-FR\",\"potentialAction\":[{\"@type\":\"ReadAction\",\"target\":[\"https:\/\/www.africa-press.net\/cotedivoire\/politique\/delocalisation-du-ministere-de-la-justice-de-limmeuble-symphonie-au-plateau-a-la-cite-administrative-2\"]}]},{\"@type\":\"ImageObject\",\"inLanguage\":\"fr-FR\",\"@id\":\"https:\/\/www.africa-press.net\/cotedivoire\/politique\/delocalisation-du-ministere-de-la-justice-de-limmeuble-symphonie-au-plateau-a-la-cite-administrative-2#primaryimage\",\"url\":\"https:\/\/static.africa-press.net\/cote\/sites\/43\/2022\/10\/postQueueImg_6-6356ebd3003bd.jpg\",\"contentUrl\":\"https:\/\/static.africa-press.net\/cote\/sites\/43\/2022\/10\/postQueueImg_6-6356ebd3003bd.jpg\",\"width\":720,\"height\":480,\"caption\":\"D\u00e9localisation du Minist\u00e8re de la Justice de l'Immeuble Symphonie au Plateau, \u00e0 la cit\u00e9 administrative\"},{\"@type\":\"BreadcrumbList\",\"@id\":\"https:\/\/www.africa-press.net\/cotedivoire\/politique\/delocalisation-du-ministere-de-la-justice-de-limmeuble-symphonie-au-plateau-a-la-cite-administrative-2#breadcrumb\",\"itemListElement\":[{\"@type\":\"ListItem\",\"position\":1,\"name\":\"Accueil\",\"item\":\"https:\/\/www.africa-press.net\/cotedivoire\/\"},{\"@type\":\"ListItem\",\"position\":2,\"name\":\"D\u00e9localisation du Minist\u00e8re de la Justice de l&#8217;Immeuble Symphonie au Plateau, \u00e0 la cit\u00e9 administrative\"}]},{\"@type\":\"WebSite\",\"@id\":\"https:\/\/www.africa-press.net\/cotedivoire\/#website\",\"url\":\"https:\/\/www.africa-press.net\/cotedivoire\/\",\"name\":\"C\u00f4te d&#039;Ivoire\",\"description\":\"Just another Africa News Agency Sites site\",\"potentialAction\":[{\"@type\":\"SearchAction\",\"target\":{\"@type\":\"EntryPoint\",\"urlTemplate\":\"https:\/\/www.africa-press.net\/cotedivoire\/?s={search_term_string}\"},\"query-input\":{\"@type\":\"PropertyValueSpecification\",\"valueRequired\":true,\"valueName\":\"search_term_string\"}}],\"inLanguage\":\"fr-FR\"},{\"@type\":\"Person\",\"@id\":\"https:\/\/www.africa-press.net\/cotedivoire\/#\/schema\/person\/2b1cf3cd81a31e3cd26889ca66d677f1\",\"name\":\"cfeditorfr\"}]}<\/script>\n<!-- \/ Yoast SEO Premium plugin. -->","yoast_head_json":{"title":"D\u00e9localisation du Minist\u00e8re de la Justice de l'Immeuble Symphonie au Plateau, \u00e0 la cit\u00e9 administrative - C\u00f4te d&#039;Ivoire","description":"Le Ministe\u0300re de la Justice et des Droits de l'Homme de\u0301me\u0301nage mais reste toujours au Plateau. KOACI apprend d'un comm ...","robots":{"index":"index","follow":"follow","max-snippet":"max-snippet:-1","max-image-preview":"max-image-preview:large","max-video-preview":"max-video-preview:-1"},"canonical":"https:\/\/www.africa-press.net\/cotedivoire\/politique\/delocalisation-du-ministere-de-la-justice-de-limmeuble-symphonie-au-plateau-a-la-cite-administrative-2","og_locale":"fr_FR","og_type":"article","og_title":"D\u00e9localisation du Minist\u00e8re de la Justice de l'Immeuble Symphonie au Plateau, \u00e0 la cit\u00e9 administrative","og_description":"Le Ministe\u0300re de la Justice et des Droits de l'Homme de\u0301me\u0301nage mais reste toujours au Plateau. KOACI apprend d'un comm ...","og_url":"https:\/\/www.africa-press.net\/cotedivoire\/politique\/delocalisation-du-ministere-de-la-justice-de-limmeuble-symphonie-au-plateau-a-la-cite-administrative-2","og_site_name":"C\u00f4te d&#039;Ivoire","article_published_time":"2022-10-24T18:19:07+00:00","article_modified_time":"2022-10-24T19:48:07+00:00","og_image":[{"width":720,"height":480,"url":"https:\/\/static.africa-press.net\/cote\/sites\/43\/2022\/10\/postQueueImg_6-6356ebd3003bd.jpg","type":"image\/jpeg"}],"author":"cfeditorfr","twitter_card":"summary_large_image","twitter_misc":{"\u00c9crit par":"cfeditorfr","Dur\u00e9e de lecture estim\u00e9e":"1 minute"},"schema":{"@context":"https:\/\/schema.org","@graph":[{"@type":"Article","@id":"https:\/\/www.africa-press.net\/cotedivoire\/politique\/delocalisation-du-ministere-de-la-justice-de-limmeuble-symphonie-au-plateau-a-la-cite-administrative-2#article","isPartOf":{"@id":"https:\/\/www.africa-press.net\/cotedivoire\/politique\/delocalisation-du-ministere-de-la-justice-de-limmeuble-symphonie-au-plateau-a-la-cite-administrative-2"},"author":{"name":"cfeditorfr","@id":"https:\/\/www.africa-press.net\/cotedivoire\/#\/schema\/person\/2b1cf3cd81a31e3cd26889ca66d677f1"},"headline":"D\u00e9localisation du Minist\u00e8re de la Justice de l&rsquo;Immeuble Symphonie au Plateau, \u00e0 la cit\u00e9 administrative","datePublished":"2022-10-24T18:19:07+00:00","dateModified":"2022-10-24T19:48:07+00:00","mainEntityOfPage":{"@id":"https:\/\/www.africa-press.net\/cotedivoire\/politique\/delocalisation-du-ministere-de-la-justice-de-limmeuble-symphonie-au-plateau-a-la-cite-administrative-2"},"wordCount":148,"commentCount":0,"image":{"@id":"https:\/\/www.africa-press.net\/cotedivoire\/politique\/delocalisation-du-ministere-de-la-justice-de-limmeuble-symphonie-au-plateau-a-la-cite-administrative-2#primaryimage"},"thumbnailUrl":"https:\/\/static.africa-press.net\/cote\/sites\/43\/2022\/10\/postQueueImg_6-6356ebd3003bd.jpg","keywords":["Africa Press","Africa Press-C\u00f4te d'Ivoire","C\u00d4TE D'IVOIRE","d\u00e9m\u00e9nagement","minist\u00e8re de la justice","Plateau","Sansan Kambil\u00e9"],"articleSection":["Politique","Toutes les actualit\u00e9s"],"inLanguage":"fr-FR","potentialAction":[{"@type":"CommentAction","name":"Comment","target":["https:\/\/www.africa-press.net\/cotedivoire\/politique\/delocalisation-du-ministere-de-la-justice-de-limmeuble-symphonie-au-plateau-a-la-cite-administrative-2#respond"]}]},{"@type":"WebPage","@id":"https:\/\/www.africa-press.net\/cotedivoire\/politique\/delocalisation-du-ministere-de-la-justice-de-limmeuble-symphonie-au-plateau-a-la-cite-administrative-2","url":"https:\/\/www.africa-press.net\/cotedivoire\/politique\/delocalisation-du-ministere-de-la-justice-de-limmeuble-symphonie-au-plateau-a-la-cite-administrative-2","name":"D\u00e9localisation du Minist\u00e8re de la Justice de l'Immeuble Symphonie au Plateau, \u00e0 la cit\u00e9 administrative - C\u00f4te d&#039;Ivoire","isPartOf":{"@id":"https:\/\/www.africa-press.net\/cotedivoire\/#website"},"primaryImageOfPage":{"@id":"https:\/\/www.africa-press.net\/cotedivoire\/politique\/delocalisation-du-ministere-de-la-justice-de-limmeuble-symphonie-au-plateau-a-la-cite-administrative-2#primaryimage"},"image":{"@id":"https:\/\/www.africa-press.net\/cotedivoire\/politique\/delocalisation-du-ministere-de-la-justice-de-limmeuble-symphonie-au-plateau-a-la-cite-administrative-2#primaryimage"},"thumbnailUrl":"https:\/\/static.africa-press.net\/cote\/sites\/43\/2022\/10\/postQueueImg_6-6356ebd3003bd.jpg","datePublished":"2022-10-24T18:19:07+00:00","dateModified":"2022-10-24T19:48:07+00:00","author":{"@id":"https:\/\/www.africa-press.net\/cotedivoire\/#\/schema\/person\/2b1cf3cd81a31e3cd26889ca66d677f1"},"description":"Le Ministe\u0300re de la Justice et des Droits de l'Homme de\u0301me\u0301nage mais reste toujours au Plateau. KOACI apprend d'un comm ...","breadcrumb":{"@id":"https:\/\/www.africa-press.net\/cotedivoire\/politique\/delocalisation-du-ministere-de-la-justice-de-limmeuble-symphonie-au-plateau-a-la-cite-administrative-2#breadcrumb"},"inLanguage":"fr-FR","potentialAction":[{"@type":"ReadAction","target":["https:\/\/www.africa-press.net\/cotedivoire\/politique\/delocalisation-du-ministere-de-la-justice-de-limmeuble-symphonie-au-plateau-a-la-cite-administrative-2"]}]},{"@type":"ImageObject","inLanguage":"fr-FR","@id":"https:\/\/www.africa-press.net\/cotedivoire\/politique\/delocalisation-du-ministere-de-la-justice-de-limmeuble-symphonie-au-plateau-a-la-cite-administrative-2#primaryimage","url":"https:\/\/static.africa-press.net\/cote\/sites\/43\/2022\/10\/postQueueImg_6-6356ebd3003bd.jpg","contentUrl":"https:\/\/static.africa-press.net\/cote\/sites\/43\/2022\/10\/postQueueImg_6-6356ebd3003bd.jpg","width":720,"height":480,"caption":"D\u00e9localisation du Minist\u00e8re de la Justice de l'Immeuble Symphonie au Plateau, \u00e0 la cit\u00e9 administrative"},{"@type":"BreadcrumbList","@id":"https:\/\/www.africa-press.net\/cotedivoire\/politique\/delocalisation-du-ministere-de-la-justice-de-limmeuble-symphonie-au-plateau-a-la-cite-administrative-2#breadcrumb","itemListElement":[{"@type":"ListItem","position":1,"name":"Accueil","item":"https:\/\/www.africa-press.net\/cotedivoire\/"},{"@type":"ListItem","position":2,"name":"D\u00e9localisation du Minist\u00e8re de la Justice de l&#8217;Immeuble Symphonie au Plateau, \u00e0 la cit\u00e9 administrative"}]},{"@type":"WebSite","@id":"https:\/\/www.africa-press.net\/cotedivoire\/#website","url":"https:\/\/www.africa-press.net\/cotedivoire\/","name":"C\u00f4te d&#039;Ivoire","description":"Just another Africa News Agency Sites site","potentialAction":[{"@type":"SearchAction","target":{"@type":"EntryPoint","urlTemplate":"https:\/\/www.africa-press.net\/cotedivoire\/?s={search_term_string}"},"query-input":{"@type":"PropertyValueSpecification","valueRequired":true,"valueName":"search_term_string"}}],"inLanguage":"fr-FR"},{"@type":"Person","@id":"https:\/\/www.africa-press.net\/cotedivoire\/#\/schema\/person\/2b1cf3cd81a31e3cd26889ca66d677f1","name":"cfeditorfr"}]}},"_links":{"self":[{"href":"https:\/\/www.africa-press.net\/cotedivoire\/wp-json\/wp\/v2\/posts\/46798","targetHints":{"allow":["GET"]}}],"collection":[{"href":"https:\/\/www.africa-press.net\/cotedivoire\/wp-json\/wp\/v2\/posts"}],"about":[{"href":"https:\/\/www.africa-press.net\/cotedivoire\/wp-json\/wp\/v2\/types\/post"}],"author":[{"embeddable":true,"href":"https:\/\/www.africa-press.net\/cotedivoire\/wp-json\/wp\/v2\/users\/82"}],"replies":[{"embeddable":true,"href":"https:\/\/www.africa-press.net\/cotedivoire\/wp-json\/wp\/v2\/comments?post=46798"}],"version-history":[{"count":0,"href":"https:\/\/www.africa-press.net\/cotedivoire\/wp-json\/wp\/v2\/posts\/46798\/revisions"}],"wp:featuredmedia":[{"embeddable":true,"href":"https:\/\/www.africa-press.net\/cotedivoire\/wp-json\/wp\/v2\/media\/46797"}],"wp:attachment":[{"href":"https:\/\/www.africa-press.net\/cotedivoire\/wp-json\/wp\/v2\/media?parent=46798"}],"wp:term":[{"taxonomy":"category","embeddable":true,"href":"https:\/\/www.africa-press.net\/cotedivoire\/wp-json\/wp\/v2\/categories?post=46798"},{"taxonomy":"post_tag","embeddable":true,"href":"https:\/\/www.africa-press.net\/cotedivoire\/wp-json\/wp\/v2\/tags?post=46798"}],"curies":[{"name":"wp","href":"https:\/\/api.w.org\/{rel}","templated":true}]}}