{"id":46983,"date":"2022-10-28T19:35:37","date_gmt":"2022-10-28T19:35:37","guid":{"rendered":"https:\/\/www.africa-press.net\/cotedivoire\/politique\/engins-a-deux-roues-2021-motos-immatriculees-du-22-septembre-2022-a-ce-jour"},"modified":"2022-10-28T19:41:04","modified_gmt":"2022-10-28T19:41:04","slug":"engins-a-deux-roues-2021-motos-immatriculees-du-22-septembre-2022-a-ce-jour","status":"publish","type":"post","link":"https:\/\/www.africa-press.net\/cotedivoire\/toutes-les-actualites\/engins-a-deux-roues-2021-motos-immatriculees-du-22-septembre-2022-a-ce-jour","title":{"rendered":"Engins \u00e0 deux roues, 2021 motos immatricul\u00e9es du 22 septembre 2022 \u00e0 ce jour"},"content":{"rendered":"<p><span style=\"color: #ff6600\"><strong>Africa-Press &#8211; C\u00f4te d&rsquo;Ivoire. <\/strong><\/span>Dans le cadre de l\u2019ope\u0301ration d\u2019immatriculation des engins a\u0300 deux roues, lance\u0301 depuis le jeudi 22 septembre 2022, au total 2021 motos ont e\u0301te\u0301 immatricule\u0301es a\u0300 ce jour a\u0300 la Pre\u0301fecture de la Police d\u2019Abidjan (PPA), apprend KOACI de sources se\u0301curitaires.<\/p>\n<p>Les proprie\u0301taires et conducteurs de motos (livreurs et autres&#8230;) doivent de\u0301tenir les pie\u0300ces suivantes : Un permis de conduire, une carte grise avec une plaque d\u2019immatriculation, un casque et une assurance.<\/p>\n<p>Selon le Procureur du Parquet Militaire, le Contre-Amiral, Ange Kessi, un conducteur de moto victime de tracasserie alors qu\u2019il de\u0301tient les pie\u0300ces susvise\u0301es, doit imme\u0301diatement joindre l\u2019Unite\u0301 de Lutte Contre le Racket (ULCR)<\/p>\n<p>Donatien Kautcha, Abidjan<\/p>\n<p><strong>Pour plus d&rsquo;informations et d&rsquo;analyses sur la <a href=\"https:\/\/www.africa-press.net\/cotedivoire\">C\u00f4te d&rsquo;Ivoire<\/a>, suivez <a href=\"https:\/\/www.africa-press.net\/\">Africa-Press<\/a><\/strong><\/p>\n","protected":false},"excerpt":{"rendered":"<p>Africa-Press &#8211; C\u00f4te d&rsquo;Ivoire. Dans le cadre de l\u2019ope\u0301ration d\u2019immatriculation des engins a\u0300 deux roues, lance\u0301 depuis le jeudi 22 septembre 2022, au total 2021 motos ont e\u0301te\u0301 immatricule\u0301es a\u0300 ce jour a\u0300 la Pre\u0301fecture de la Police d\u2019Abidjan (PPA), apprend KOACI de sources se\u0301curitaires. Les proprie\u0301taires et conducteurs de motos (livreurs et autres&#8230;) doivent [&hellip;]<\/p>\n","protected":false},"author":82,"featured_media":46982,"comment_status":"open","ping_status":"closed","sticky":false,"template":"","format":"standard","meta":{"footnotes":""},"categories":[21,10],"tags":[56,63,822,29,7964,5463,558,3375,309,7963],"class_list":["post-46983","post","type-post","status-publish","format-standard","has-post-thumbnail","hentry","category-communaute","category-toutes-les-actualites","tag-africa-press","tag-africa-press-cote-divoire","tag-ange-kessi","tag-cote-divoire","tag-engins","tag-immatriculation","tag-motos","tag-plaque","tag-police","tag-prefecture"],"yoast_head":"<!-- This site is optimized with the Yoast SEO Premium plugin v26.1 (Yoast SEO v27.0) - https:\/\/yoast.com\/product\/yoast-seo-premium-wordpress\/ -->\n<title>Engins \u00e0 deux roues, 2021 motos immatricul\u00e9es du 22 septembre 2022 \u00e0 ce jour - C\u00f4te d&#039;Ivoire<\/title>\n<meta name=\"description\" content=\"Dans le cadre de l\u2019ope\u0301ration d\u2019immatriculation des engins a\u0300 deux roues, lance\u0301 depuis le jeudi 22 septembre 2022, au t ...\" \/>\n<meta name=\"robots\" content=\"index, follow, max-snippet:-1, max-image-preview:large, max-video-preview:-1\" \/>\n<link rel=\"canonical\" href=\"https:\/\/www.africa-press.net\/cotedivoire\/toutes-les-actualites\/engins-a-deux-roues-2021-motos-immatriculees-du-22-septembre-2022-a-ce-jour\" \/>\n<meta property=\"og:locale\" content=\"fr_FR\" \/>\n<meta property=\"og:type\" content=\"article\" \/>\n<meta property=\"og:title\" content=\"Engins \u00e0 deux roues, 2021 motos immatricul\u00e9es du 22 septembre 2022 \u00e0 ce jour\" \/>\n<meta property=\"og:description\" content=\"Dans le cadre de l\u2019ope\u0301ration d\u2019immatriculation des engins a\u0300 deux roues, lance\u0301 depuis le jeudi 22 septembre 2022, au t ...\" \/>\n<meta property=\"og:url\" content=\"https:\/\/www.africa-press.net\/cotedivoire\/toutes-les-actualites\/engins-a-deux-roues-2021-motos-immatriculees-du-22-septembre-2022-a-ce-jour\" \/>\n<meta property=\"og:site_name\" content=\"C\u00f4te d&#039;Ivoire\" \/>\n<meta property=\"article:published_time\" content=\"2022-10-28T19:35:37+00:00\" \/>\n<meta property=\"article:modified_time\" content=\"2022-10-28T19:41:04+00:00\" \/>\n<meta property=\"og:image\" content=\"https:\/\/static.africa-press.net\/cote\/sites\/43\/2022\/10\/postQueueImg_3-635c3034129fe.jpg\" \/>\n\t<meta property=\"og:image:width\" content=\"720\" \/>\n\t<meta property=\"og:image:height\" content=\"426\" \/>\n\t<meta property=\"og:image:type\" content=\"image\/jpeg\" \/>\n<meta name=\"author\" content=\"cfeditorfr\" \/>\n<meta name=\"twitter:card\" content=\"summary_large_image\" \/>\n<meta name=\"twitter:label1\" content=\"\u00c9crit par\" \/>\n\t<meta name=\"twitter:data1\" content=\"cfeditorfr\" \/>\n\t<meta name=\"twitter:label2\" content=\"Dur\u00e9e de lecture estim\u00e9e\" \/>\n\t<meta name=\"twitter:data2\" content=\"1 minute\" \/>\n<script type=\"application\/ld+json\" class=\"yoast-schema-graph\">{\"@context\":\"https:\/\/schema.org\",\"@graph\":[{\"@type\":\"Article\",\"@id\":\"https:\/\/www.africa-press.net\/cotedivoire\/toutes-les-actualites\/engins-a-deux-roues-2021-motos-immatriculees-du-22-septembre-2022-a-ce-jour#article\",\"isPartOf\":{\"@id\":\"https:\/\/www.africa-press.net\/cotedivoire\/toutes-les-actualites\/engins-a-deux-roues-2021-motos-immatriculees-du-22-septembre-2022-a-ce-jour\"},\"author\":{\"name\":\"cfeditorfr\",\"@id\":\"https:\/\/www.africa-press.net\/cotedivoire\/#\/schema\/person\/2b1cf3cd81a31e3cd26889ca66d677f1\"},\"headline\":\"Engins \u00e0 deux roues, 2021 motos immatricul\u00e9es du 22 septembre 2022 \u00e0 ce jour\",\"datePublished\":\"2022-10-28T19:35:37+00:00\",\"dateModified\":\"2022-10-28T19:41:04+00:00\",\"mainEntityOfPage\":{\"@id\":\"https:\/\/www.africa-press.net\/cotedivoire\/toutes-les-actualites\/engins-a-deux-roues-2021-motos-immatriculees-du-22-septembre-2022-a-ce-jour\"},\"wordCount\":153,\"commentCount\":0,\"image\":{\"@id\":\"https:\/\/www.africa-press.net\/cotedivoire\/toutes-les-actualites\/engins-a-deux-roues-2021-motos-immatriculees-du-22-septembre-2022-a-ce-jour#primaryimage\"},\"thumbnailUrl\":\"https:\/\/static.africa-press.net\/cote\/sites\/43\/2022\/10\/postQueueImg_3-635c3034129fe.jpg\",\"keywords\":[\"Africa Press\",\"Africa Press-C\u00f4te d'Ivoire\",\"Ange Kessi\",\"C\u00d4TE D'IVOIRE\",\"engins\",\"immatriculation\",\"motos\",\"Plaque\",\"police\",\"Prefecture\"],\"articleSection\":[\"Communaut\u00e9\",\"Toutes les actualit\u00e9s\"],\"inLanguage\":\"fr-FR\",\"potentialAction\":[{\"@type\":\"CommentAction\",\"name\":\"Comment\",\"target\":[\"https:\/\/www.africa-press.net\/cotedivoire\/toutes-les-actualites\/engins-a-deux-roues-2021-motos-immatriculees-du-22-septembre-2022-a-ce-jour#respond\"]}]},{\"@type\":\"WebPage\",\"@id\":\"https:\/\/www.africa-press.net\/cotedivoire\/toutes-les-actualites\/engins-a-deux-roues-2021-motos-immatriculees-du-22-septembre-2022-a-ce-jour\",\"url\":\"https:\/\/www.africa-press.net\/cotedivoire\/toutes-les-actualites\/engins-a-deux-roues-2021-motos-immatriculees-du-22-septembre-2022-a-ce-jour\",\"name\":\"Engins \u00e0 deux roues, 2021 motos immatricul\u00e9es du 22 septembre 2022 \u00e0 ce jour - C\u00f4te d&#039;Ivoire\",\"isPartOf\":{\"@id\":\"https:\/\/www.africa-press.net\/cotedivoire\/#website\"},\"primaryImageOfPage\":{\"@id\":\"https:\/\/www.africa-press.net\/cotedivoire\/toutes-les-actualites\/engins-a-deux-roues-2021-motos-immatriculees-du-22-septembre-2022-a-ce-jour#primaryimage\"},\"image\":{\"@id\":\"https:\/\/www.africa-press.net\/cotedivoire\/toutes-les-actualites\/engins-a-deux-roues-2021-motos-immatriculees-du-22-septembre-2022-a-ce-jour#primaryimage\"},\"thumbnailUrl\":\"https:\/\/static.africa-press.net\/cote\/sites\/43\/2022\/10\/postQueueImg_3-635c3034129fe.jpg\",\"datePublished\":\"2022-10-28T19:35:37+00:00\",\"dateModified\":\"2022-10-28T19:41:04+00:00\",\"author\":{\"@id\":\"https:\/\/www.africa-press.net\/cotedivoire\/#\/schema\/person\/2b1cf3cd81a31e3cd26889ca66d677f1\"},\"description\":\"Dans le cadre de l\u2019ope\u0301ration d\u2019immatriculation des engins a\u0300 deux roues, lance\u0301 depuis le jeudi 22 septembre 2022, au t ...\",\"breadcrumb\":{\"@id\":\"https:\/\/www.africa-press.net\/cotedivoire\/toutes-les-actualites\/engins-a-deux-roues-2021-motos-immatriculees-du-22-septembre-2022-a-ce-jour#breadcrumb\"},\"inLanguage\":\"fr-FR\",\"potentialAction\":[{\"@type\":\"ReadAction\",\"target\":[\"https:\/\/www.africa-press.net\/cotedivoire\/toutes-les-actualites\/engins-a-deux-roues-2021-motos-immatriculees-du-22-septembre-2022-a-ce-jour\"]}]},{\"@type\":\"ImageObject\",\"inLanguage\":\"fr-FR\",\"@id\":\"https:\/\/www.africa-press.net\/cotedivoire\/toutes-les-actualites\/engins-a-deux-roues-2021-motos-immatriculees-du-22-septembre-2022-a-ce-jour#primaryimage\",\"url\":\"https:\/\/static.africa-press.net\/cote\/sites\/43\/2022\/10\/postQueueImg_3-635c3034129fe.jpg\",\"contentUrl\":\"https:\/\/static.africa-press.net\/cote\/sites\/43\/2022\/10\/postQueueImg_3-635c3034129fe.jpg\",\"width\":720,\"height\":426,\"caption\":\"Engins \u00e0 deux roues, 2021 motos immatricul\u00e9es du 22 septembre 2022 \u00e0 ce jour\"},{\"@type\":\"BreadcrumbList\",\"@id\":\"https:\/\/www.africa-press.net\/cotedivoire\/toutes-les-actualites\/engins-a-deux-roues-2021-motos-immatriculees-du-22-septembre-2022-a-ce-jour#breadcrumb\",\"itemListElement\":[{\"@type\":\"ListItem\",\"position\":1,\"name\":\"Accueil\",\"item\":\"https:\/\/www.africa-press.net\/cotedivoire\/\"},{\"@type\":\"ListItem\",\"position\":2,\"name\":\"Engins \u00e0 deux roues, 2021 motos immatricul\u00e9es du 22 septembre 2022 \u00e0 ce jour\"}]},{\"@type\":\"WebSite\",\"@id\":\"https:\/\/www.africa-press.net\/cotedivoire\/#website\",\"url\":\"https:\/\/www.africa-press.net\/cotedivoire\/\",\"name\":\"C\u00f4te d&#039;Ivoire\",\"description\":\"Just another Africa News Agency Sites site\",\"potentialAction\":[{\"@type\":\"SearchAction\",\"target\":{\"@type\":\"EntryPoint\",\"urlTemplate\":\"https:\/\/www.africa-press.net\/cotedivoire\/?s={search_term_string}\"},\"query-input\":{\"@type\":\"PropertyValueSpecification\",\"valueRequired\":true,\"valueName\":\"search_term_string\"}}],\"inLanguage\":\"fr-FR\"},{\"@type\":\"Person\",\"@id\":\"https:\/\/www.africa-press.net\/cotedivoire\/#\/schema\/person\/2b1cf3cd81a31e3cd26889ca66d677f1\",\"name\":\"cfeditorfr\"}]}<\/script>\n<!-- \/ Yoast SEO Premium plugin. -->","yoast_head_json":{"title":"Engins \u00e0 deux roues, 2021 motos immatricul\u00e9es du 22 septembre 2022 \u00e0 ce jour - C\u00f4te d&#039;Ivoire","description":"Dans le cadre de l\u2019ope\u0301ration d\u2019immatriculation des engins a\u0300 deux roues, lance\u0301 depuis le jeudi 22 septembre 2022, au t ...","robots":{"index":"index","follow":"follow","max-snippet":"max-snippet:-1","max-image-preview":"max-image-preview:large","max-video-preview":"max-video-preview:-1"},"canonical":"https:\/\/www.africa-press.net\/cotedivoire\/toutes-les-actualites\/engins-a-deux-roues-2021-motos-immatriculees-du-22-septembre-2022-a-ce-jour","og_locale":"fr_FR","og_type":"article","og_title":"Engins \u00e0 deux roues, 2021 motos immatricul\u00e9es du 22 septembre 2022 \u00e0 ce jour","og_description":"Dans le cadre de l\u2019ope\u0301ration d\u2019immatriculation des engins a\u0300 deux roues, lance\u0301 depuis le jeudi 22 septembre 2022, au t ...","og_url":"https:\/\/www.africa-press.net\/cotedivoire\/toutes-les-actualites\/engins-a-deux-roues-2021-motos-immatriculees-du-22-septembre-2022-a-ce-jour","og_site_name":"C\u00f4te d&#039;Ivoire","article_published_time":"2022-10-28T19:35:37+00:00","article_modified_time":"2022-10-28T19:41:04+00:00","og_image":[{"width":720,"height":426,"url":"https:\/\/static.africa-press.net\/cote\/sites\/43\/2022\/10\/postQueueImg_3-635c3034129fe.jpg","type":"image\/jpeg"}],"author":"cfeditorfr","twitter_card":"summary_large_image","twitter_misc":{"\u00c9crit par":"cfeditorfr","Dur\u00e9e de lecture estim\u00e9e":"1 minute"},"schema":{"@context":"https:\/\/schema.org","@graph":[{"@type":"Article","@id":"https:\/\/www.africa-press.net\/cotedivoire\/toutes-les-actualites\/engins-a-deux-roues-2021-motos-immatriculees-du-22-septembre-2022-a-ce-jour#article","isPartOf":{"@id":"https:\/\/www.africa-press.net\/cotedivoire\/toutes-les-actualites\/engins-a-deux-roues-2021-motos-immatriculees-du-22-septembre-2022-a-ce-jour"},"author":{"name":"cfeditorfr","@id":"https:\/\/www.africa-press.net\/cotedivoire\/#\/schema\/person\/2b1cf3cd81a31e3cd26889ca66d677f1"},"headline":"Engins \u00e0 deux roues, 2021 motos immatricul\u00e9es du 22 septembre 2022 \u00e0 ce jour","datePublished":"2022-10-28T19:35:37+00:00","dateModified":"2022-10-28T19:41:04+00:00","mainEntityOfPage":{"@id":"https:\/\/www.africa-press.net\/cotedivoire\/toutes-les-actualites\/engins-a-deux-roues-2021-motos-immatriculees-du-22-septembre-2022-a-ce-jour"},"wordCount":153,"commentCount":0,"image":{"@id":"https:\/\/www.africa-press.net\/cotedivoire\/toutes-les-actualites\/engins-a-deux-roues-2021-motos-immatriculees-du-22-septembre-2022-a-ce-jour#primaryimage"},"thumbnailUrl":"https:\/\/static.africa-press.net\/cote\/sites\/43\/2022\/10\/postQueueImg_3-635c3034129fe.jpg","keywords":["Africa Press","Africa Press-C\u00f4te d'Ivoire","Ange Kessi","C\u00d4TE D'IVOIRE","engins","immatriculation","motos","Plaque","police","Prefecture"],"articleSection":["Communaut\u00e9","Toutes les actualit\u00e9s"],"inLanguage":"fr-FR","potentialAction":[{"@type":"CommentAction","name":"Comment","target":["https:\/\/www.africa-press.net\/cotedivoire\/toutes-les-actualites\/engins-a-deux-roues-2021-motos-immatriculees-du-22-septembre-2022-a-ce-jour#respond"]}]},{"@type":"WebPage","@id":"https:\/\/www.africa-press.net\/cotedivoire\/toutes-les-actualites\/engins-a-deux-roues-2021-motos-immatriculees-du-22-septembre-2022-a-ce-jour","url":"https:\/\/www.africa-press.net\/cotedivoire\/toutes-les-actualites\/engins-a-deux-roues-2021-motos-immatriculees-du-22-septembre-2022-a-ce-jour","name":"Engins \u00e0 deux roues, 2021 motos immatricul\u00e9es du 22 septembre 2022 \u00e0 ce jour - C\u00f4te d&#039;Ivoire","isPartOf":{"@id":"https:\/\/www.africa-press.net\/cotedivoire\/#website"},"primaryImageOfPage":{"@id":"https:\/\/www.africa-press.net\/cotedivoire\/toutes-les-actualites\/engins-a-deux-roues-2021-motos-immatriculees-du-22-septembre-2022-a-ce-jour#primaryimage"},"image":{"@id":"https:\/\/www.africa-press.net\/cotedivoire\/toutes-les-actualites\/engins-a-deux-roues-2021-motos-immatriculees-du-22-septembre-2022-a-ce-jour#primaryimage"},"thumbnailUrl":"https:\/\/static.africa-press.net\/cote\/sites\/43\/2022\/10\/postQueueImg_3-635c3034129fe.jpg","datePublished":"2022-10-28T19:35:37+00:00","dateModified":"2022-10-28T19:41:04+00:00","author":{"@id":"https:\/\/www.africa-press.net\/cotedivoire\/#\/schema\/person\/2b1cf3cd81a31e3cd26889ca66d677f1"},"description":"Dans le cadre de l\u2019ope\u0301ration d\u2019immatriculation des engins a\u0300 deux roues, lance\u0301 depuis le jeudi 22 septembre 2022, au t ...","breadcrumb":{"@id":"https:\/\/www.africa-press.net\/cotedivoire\/toutes-les-actualites\/engins-a-deux-roues-2021-motos-immatriculees-du-22-septembre-2022-a-ce-jour#breadcrumb"},"inLanguage":"fr-FR","potentialAction":[{"@type":"ReadAction","target":["https:\/\/www.africa-press.net\/cotedivoire\/toutes-les-actualites\/engins-a-deux-roues-2021-motos-immatriculees-du-22-septembre-2022-a-ce-jour"]}]},{"@type":"ImageObject","inLanguage":"fr-FR","@id":"https:\/\/www.africa-press.net\/cotedivoire\/toutes-les-actualites\/engins-a-deux-roues-2021-motos-immatriculees-du-22-septembre-2022-a-ce-jour#primaryimage","url":"https:\/\/static.africa-press.net\/cote\/sites\/43\/2022\/10\/postQueueImg_3-635c3034129fe.jpg","contentUrl":"https:\/\/static.africa-press.net\/cote\/sites\/43\/2022\/10\/postQueueImg_3-635c3034129fe.jpg","width":720,"height":426,"caption":"Engins \u00e0 deux roues, 2021 motos immatricul\u00e9es du 22 septembre 2022 \u00e0 ce jour"},{"@type":"BreadcrumbList","@id":"https:\/\/www.africa-press.net\/cotedivoire\/toutes-les-actualites\/engins-a-deux-roues-2021-motos-immatriculees-du-22-septembre-2022-a-ce-jour#breadcrumb","itemListElement":[{"@type":"ListItem","position":1,"name":"Accueil","item":"https:\/\/www.africa-press.net\/cotedivoire\/"},{"@type":"ListItem","position":2,"name":"Engins \u00e0 deux roues, 2021 motos immatricul\u00e9es du 22 septembre 2022 \u00e0 ce jour"}]},{"@type":"WebSite","@id":"https:\/\/www.africa-press.net\/cotedivoire\/#website","url":"https:\/\/www.africa-press.net\/cotedivoire\/","name":"C\u00f4te d&#039;Ivoire","description":"Just another Africa News Agency Sites site","potentialAction":[{"@type":"SearchAction","target":{"@type":"EntryPoint","urlTemplate":"https:\/\/www.africa-press.net\/cotedivoire\/?s={search_term_string}"},"query-input":{"@type":"PropertyValueSpecification","valueRequired":true,"valueName":"search_term_string"}}],"inLanguage":"fr-FR"},{"@type":"Person","@id":"https:\/\/www.africa-press.net\/cotedivoire\/#\/schema\/person\/2b1cf3cd81a31e3cd26889ca66d677f1","name":"cfeditorfr"}]}},"_links":{"self":[{"href":"https:\/\/www.africa-press.net\/cotedivoire\/wp-json\/wp\/v2\/posts\/46983","targetHints":{"allow":["GET"]}}],"collection":[{"href":"https:\/\/www.africa-press.net\/cotedivoire\/wp-json\/wp\/v2\/posts"}],"about":[{"href":"https:\/\/www.africa-press.net\/cotedivoire\/wp-json\/wp\/v2\/types\/post"}],"author":[{"embeddable":true,"href":"https:\/\/www.africa-press.net\/cotedivoire\/wp-json\/wp\/v2\/users\/82"}],"replies":[{"embeddable":true,"href":"https:\/\/www.africa-press.net\/cotedivoire\/wp-json\/wp\/v2\/comments?post=46983"}],"version-history":[{"count":0,"href":"https:\/\/www.africa-press.net\/cotedivoire\/wp-json\/wp\/v2\/posts\/46983\/revisions"}],"wp:featuredmedia":[{"embeddable":true,"href":"https:\/\/www.africa-press.net\/cotedivoire\/wp-json\/wp\/v2\/media\/46982"}],"wp:attachment":[{"href":"https:\/\/www.africa-press.net\/cotedivoire\/wp-json\/wp\/v2\/media?parent=46983"}],"wp:term":[{"taxonomy":"category","embeddable":true,"href":"https:\/\/www.africa-press.net\/cotedivoire\/wp-json\/wp\/v2\/categories?post=46983"},{"taxonomy":"post_tag","embeddable":true,"href":"https:\/\/www.africa-press.net\/cotedivoire\/wp-json\/wp\/v2\/tags?post=46983"}],"curies":[{"name":"wp","href":"https:\/\/api.w.org\/{rel}","templated":true}]}}