{"id":46986,"date":"2022-10-28T19:35:53","date_gmt":"2022-10-28T19:35:53","guid":{"rendered":"https:\/\/www.africa-press.net\/cotedivoire\/politique\/qualite-des-services-5g-et-textes-principaux-defis-a-relever-par-les-nouveaux-membres-du-conseil-de-gestion-de-lartci"},"modified":"2022-10-28T19:41:43","modified_gmt":"2022-10-28T19:41:43","slug":"qualite-des-services-5g-et-textes-principaux-defis-a-relever-par-les-nouveaux-membres-du-conseil-de-gestion-de-lartci","status":"publish","type":"post","link":"https:\/\/www.africa-press.net\/cotedivoire\/toutes-les-actualites\/qualite-des-services-5g-et-textes-principaux-defis-a-relever-par-les-nouveaux-membres-du-conseil-de-gestion-de-lartci","title":{"rendered":"Qualit\u00e9 des services, 5G et textes, principaux d\u00e9fis \u00e0 relever par les nouveaux membres du Conseil de gestion de l&rsquo;ARTCI"},"content":{"rendered":"<p><span style=\"color: #ff6600\"><strong>Africa-Press &#8211; C\u00f4te d&rsquo;Ivoire. <\/strong><\/span>Prestation de serment des nouveaux membres du Conseil de gestion de l\u2019ARTCI jeudi a\u0300 Abidjan (Ph KOACI)<\/p>\n<p>Par De\u0301cret No 2022-683 du 12 octobre 2022, le Pre\u0301sident de la Re\u0301publique, Alassane Ouattara, a proce\u0301de\u0301 au renouvellement partiel du Conseil de re\u0301gulation de l\u2019Autorite\u0301 de Re\u0301gulation des Te\u0301le\u0301communications\/Tic de Co\u0302te d\u2019Ivoire (ARTCI), conforme\u0301ment au de\u0301cret n\u00b0 2012-934 du 19 septembre 2012 qui fixe son organisation et son fonctionnement.<\/p>\n<p>Ainsi ont e\u0301te\u0301 nomme\u0301s en qualite\u0301 de nouveaux membres pour un mandat de six (06) ans non renouvelable : Madame Patricia Amand, Monsieur Sako Ahmed, Monsieur Mamadou Coulibaly.<\/p>\n<p>Conforme\u0301ment aux textes de l\u2019ARTCI, les nouveaux membres ont pre\u0302te\u0301 serment au cours d\u2019une ce\u0301re\u0301monie solennelle le jeudi 27 octobre 2022, soit 15 jours apre\u0300s leurs nominations, a\u0300 la Cour d\u2019Appel du Palais de Justice d\u2019Abidjan-Plateau, en pre\u0301sence du Pre\u0301sident du Conseil de Gestion, Diakite\u0301 Coty Souleymane, comme constate\u0301 sur place par KOACI.<\/p>\n<p>Ils ont jure\u0301, devant le Premier pre\u0301sident de la Cour d\u2019appel, Dembe\u0301le\u0301 Tahirou, d\u2019accomplir leur mission avec dignite\u0301, loyaute\u0301, inde\u0301pendance et impartialite\u0301. Le magistrat leur a prodigue\u0301 \u00ab quelques conseils \u00bb pour re\u0301ussir leur ro\u0302le important pour une re\u0301gulation permettant une offre de services de qualite\u0301 des ope\u0301rateurs a\u0300 des usagers de plus en plus exigeants.<\/p>\n<p>\u00ab Votre nouvelle fonction, outre son importance capitale, vous confe\u0300re de grandes responsabilite\u0301s, des pouvoirs exorbitants pour agir au nom de l\u2019ARTCI. Je ne doute pas que vous en mesurez toute la porte\u0301e et pour re\u0301ussir votre mission, gardez constamment a\u0300 l\u2019esprit les termes du serment que vous venez de pre\u0302ter \u00bb, leur a-t-il conseille\u0301.<\/p>\n<p>Apre\u0300s la prestation de serment, les impe\u0301trants ont releve\u0301 a\u0300 la presse les nouveaux de\u0301fis du Conseil de gestion de l\u2019ARTCI.<\/p>\n<p>Mme Patricia Amanda a explique\u0301 le Conseil de Re\u0301gulation a\u0300 un double ro\u0302le. Un ro\u0302le administratif et un ro\u0302le juridictionnel ro\u0302le administratif est attache\u0301 a\u0300 la de\u0301finition des orientations et a\u0300 mettre en place la vision de l\u2019ordonnance du 21 mars 2012 (Cre\u0301ation de l\u2019ARTCI).<\/p>\n<p>\u00ab S\u2019assurer que cette vision est effectivement mise en \u0153uvre et c\u2019est e\u0301galement un organe juridictionnel qui a vocation a\u0300 trancher les litiges entre ope\u0301rateurs, consommateurs et d\u2019une fac\u0327on ge\u0301ne\u0301rale au sein de l\u2019e\u0301cosyste\u0300me qui re\u0301unit tous les acteurs des te\u0301le\u0301communications (&#8230;) \u00bb, a-t-elle indique\u0301, avant d\u2019e\u0301voquer les de\u0301fis a\u0300 relever dans le secteur.<\/p>\n<p>\u00ab La qualite\u0301 des services est une des priorite\u0301s du pre\u0301sident de la Re\u0301publique, Alassane Ouattara et de tous les consommateurs. La protection des donne\u0301es a\u0300 caracte\u0300re personnel, la question de l\u2019attribution des autorisations, les sujets sont nombreux, mais nous sommes pre\u0302ts a\u0300 les affronter. Ce sont les sujets sur quoi nous allons nous employer de\u0300s demain. \u00bb<\/p>\n<p>Pour sa part, M. Ahmed Sako a signifie\u0301 que la nouvelle e\u0301quipe allait travailler a\u0300 la mise en \u0153uvre des textes qui re\u0301gissent le secteur de la re\u0301gulation des te\u0301le\u0301communications en Co\u0302te d\u2019Ivoire, puis d\u2019ajouter.<\/p>\n<p>\u00ab Nous sommes sur la mise en \u0153uvre de la 5G que nous devons faire avant le lancement de la CAN dans un an, c\u2019est urgent&#8230; Nous avons beaucoup de proble\u0300mes relatifs a\u0300 la cyberse\u0301curite\u0301&#8230; \u00bb, a-t-il indique\u0301.<\/p>\n<p>Le Conseil de Re\u0301gulation de\u0301sormais au grand complet est compose\u0301 de son pre\u0301sident, Diakite\u0301 Coty Souleymane et de six membres que sont : Monsieur Mounir Diawara, Monsieur Konin Kabran, Monsieur Bamba Brahima, Monsieur Mamadou Coulibaly, Monsieur Ahmed Sako et Madame Patricia Amand.<\/p>\n<p>Donatien Kautcha, Abidjan<\/p>\n<p><strong>Pour plus d&rsquo;informations et d&rsquo;analyses sur la <a href=\"https:\/\/www.africa-press.net\/cotedivoire\">C\u00f4te d&rsquo;Ivoire<\/a>, suivez <a href=\"https:\/\/www.africa-press.net\/\">Africa-Press<\/a><\/strong><\/p>\n","protected":false},"excerpt":{"rendered":"<p>Africa-Press &#8211; C\u00f4te d&rsquo;Ivoire. Prestation de serment des nouveaux membres du Conseil de gestion de l\u2019ARTCI jeudi a\u0300 Abidjan (Ph KOACI) Par De\u0301cret No 2022-683 du 12 octobre 2022, le Pre\u0301sident de la Re\u0301publique, Alassane Ouattara, a proce\u0301de\u0301 au renouvellement partiel du Conseil de re\u0301gulation de l\u2019Autorite\u0301 de Re\u0301gulation des Te\u0301le\u0301communications\/Tic de Co\u0302te d\u2019Ivoire (ARTCI), [&hellip;]<\/p>\n","protected":false},"author":82,"featured_media":46985,"comment_status":"open","ping_status":"closed","sticky":false,"template":"","format":"standard","meta":{"footnotes":""},"categories":[21,10],"tags":[294,56,63,7969,1875,2874,29,7971,7972,7968,727,7965,7967,7966,7970],"class_list":["post-46986","post","type-post","status-publish","format-standard","has-post-thumbnail","hentry","category-communaute","category-toutes-les-actualites","tag-5g","tag-africa-press","tag-africa-press-cote-divoire","tag-ahmed-sako","tag-artci","tag-can","tag-cote-divoire","tag-defis","tag-diakite-coty","tag-mamadou-couliblay","tag-ouattara","tag-patricia-amand","tag-prestation","tag-serment","tag-tahirou"],"yoast_head":"<!-- This site is optimized with the Yoast SEO Premium plugin v26.1 (Yoast SEO v27.0) - https:\/\/yoast.com\/product\/yoast-seo-premium-wordpress\/ -->\n<title>Qualit\u00e9 des services, 5G et textes, principaux d\u00e9fis \u00e0 relever par les nouveaux membres du Conseil de gestion de l&#039;ARTCI - C\u00f4te d&#039;Ivoire<\/title>\n<meta name=\"description\" content=\"Prestation de serment des nouveaux membres du Conseil de gestion de l\u2019ARTCI jeudi a\u0300 Abidjan (Ph KOACI) Par De\u0301cret No ...\" \/>\n<meta name=\"robots\" content=\"index, follow, max-snippet:-1, max-image-preview:large, max-video-preview:-1\" \/>\n<link rel=\"canonical\" href=\"https:\/\/www.africa-press.net\/cotedivoire\/toutes-les-actualites\/qualite-des-services-5g-et-textes-principaux-defis-a-relever-par-les-nouveaux-membres-du-conseil-de-gestion-de-lartci\" \/>\n<meta property=\"og:locale\" content=\"fr_FR\" \/>\n<meta property=\"og:type\" content=\"article\" \/>\n<meta property=\"og:title\" content=\"Qualit\u00e9 des services, 5G et textes, principaux d\u00e9fis \u00e0 relever par les nouveaux membres du Conseil de gestion de l&#039;ARTCI\" \/>\n<meta property=\"og:description\" content=\"Prestation de serment des nouveaux membres du Conseil de gestion de l\u2019ARTCI jeudi a\u0300 Abidjan (Ph KOACI) Par De\u0301cret No ...\" \/>\n<meta property=\"og:url\" content=\"https:\/\/www.africa-press.net\/cotedivoire\/toutes-les-actualites\/qualite-des-services-5g-et-textes-principaux-defis-a-relever-par-les-nouveaux-membres-du-conseil-de-gestion-de-lartci\" \/>\n<meta property=\"og:site_name\" content=\"C\u00f4te d&#039;Ivoire\" \/>\n<meta property=\"article:published_time\" content=\"2022-10-28T19:35:53+00:00\" \/>\n<meta property=\"article:modified_time\" content=\"2022-10-28T19:41:43+00:00\" \/>\n<meta property=\"og:image\" content=\"https:\/\/static.africa-press.net\/cote\/sites\/43\/2022\/10\/postQueueImg_4-635c30561fd80.jpg\" \/>\n\t<meta property=\"og:image:width\" content=\"720\" \/>\n\t<meta property=\"og:image:height\" content=\"475\" \/>\n\t<meta property=\"og:image:type\" content=\"image\/jpeg\" \/>\n<meta name=\"author\" content=\"cfeditorfr\" \/>\n<meta name=\"twitter:card\" content=\"summary_large_image\" \/>\n<meta name=\"twitter:label1\" content=\"\u00c9crit par\" \/>\n\t<meta name=\"twitter:data1\" content=\"cfeditorfr\" \/>\n\t<meta name=\"twitter:label2\" content=\"Dur\u00e9e de lecture estim\u00e9e\" \/>\n\t<meta name=\"twitter:data2\" content=\"3 minutes\" \/>\n<script type=\"application\/ld+json\" class=\"yoast-schema-graph\">{\"@context\":\"https:\/\/schema.org\",\"@graph\":[{\"@type\":\"Article\",\"@id\":\"https:\/\/www.africa-press.net\/cotedivoire\/toutes-les-actualites\/qualite-des-services-5g-et-textes-principaux-defis-a-relever-par-les-nouveaux-membres-du-conseil-de-gestion-de-lartci#article\",\"isPartOf\":{\"@id\":\"https:\/\/www.africa-press.net\/cotedivoire\/toutes-les-actualites\/qualite-des-services-5g-et-textes-principaux-defis-a-relever-par-les-nouveaux-membres-du-conseil-de-gestion-de-lartci\"},\"author\":{\"name\":\"cfeditorfr\",\"@id\":\"https:\/\/www.africa-press.net\/cotedivoire\/#\/schema\/person\/2b1cf3cd81a31e3cd26889ca66d677f1\"},\"headline\":\"Qualit\u00e9 des services, 5G et textes, principaux d\u00e9fis \u00e0 relever par les nouveaux membres du Conseil de gestion de l&rsquo;ARTCI\",\"datePublished\":\"2022-10-28T19:35:53+00:00\",\"dateModified\":\"2022-10-28T19:41:43+00:00\",\"mainEntityOfPage\":{\"@id\":\"https:\/\/www.africa-press.net\/cotedivoire\/toutes-les-actualites\/qualite-des-services-5g-et-textes-principaux-defis-a-relever-par-les-nouveaux-membres-du-conseil-de-gestion-de-lartci\"},\"wordCount\":670,\"commentCount\":0,\"image\":{\"@id\":\"https:\/\/www.africa-press.net\/cotedivoire\/toutes-les-actualites\/qualite-des-services-5g-et-textes-principaux-defis-a-relever-par-les-nouveaux-membres-du-conseil-de-gestion-de-lartci#primaryimage\"},\"thumbnailUrl\":\"https:\/\/static.africa-press.net\/cote\/sites\/43\/2022\/10\/postQueueImg_4-635c30561fd80.jpg\",\"keywords\":[\"5G\",\"Africa Press\",\"Africa Press-C\u00f4te d'Ivoire\",\"Ahmed Sako\",\"ARTCI\",\"CAN\",\"C\u00d4TE D'IVOIRE\",\"d\u00e9fis\",\"Diakit\u00e9 Coty\",\"Mamadou Couliblay\",\"Ouattara\",\"Patricia Amand\",\"prestation\",\"serment\",\"Tahirou\"],\"articleSection\":[\"Communaut\u00e9\",\"Toutes les actualit\u00e9s\"],\"inLanguage\":\"fr-FR\",\"potentialAction\":[{\"@type\":\"CommentAction\",\"name\":\"Comment\",\"target\":[\"https:\/\/www.africa-press.net\/cotedivoire\/toutes-les-actualites\/qualite-des-services-5g-et-textes-principaux-defis-a-relever-par-les-nouveaux-membres-du-conseil-de-gestion-de-lartci#respond\"]}]},{\"@type\":\"WebPage\",\"@id\":\"https:\/\/www.africa-press.net\/cotedivoire\/toutes-les-actualites\/qualite-des-services-5g-et-textes-principaux-defis-a-relever-par-les-nouveaux-membres-du-conseil-de-gestion-de-lartci\",\"url\":\"https:\/\/www.africa-press.net\/cotedivoire\/toutes-les-actualites\/qualite-des-services-5g-et-textes-principaux-defis-a-relever-par-les-nouveaux-membres-du-conseil-de-gestion-de-lartci\",\"name\":\"Qualit\u00e9 des services, 5G et textes, principaux d\u00e9fis \u00e0 relever par les nouveaux membres du Conseil de gestion de l'ARTCI - C\u00f4te d&#039;Ivoire\",\"isPartOf\":{\"@id\":\"https:\/\/www.africa-press.net\/cotedivoire\/#website\"},\"primaryImageOfPage\":{\"@id\":\"https:\/\/www.africa-press.net\/cotedivoire\/toutes-les-actualites\/qualite-des-services-5g-et-textes-principaux-defis-a-relever-par-les-nouveaux-membres-du-conseil-de-gestion-de-lartci#primaryimage\"},\"image\":{\"@id\":\"https:\/\/www.africa-press.net\/cotedivoire\/toutes-les-actualites\/qualite-des-services-5g-et-textes-principaux-defis-a-relever-par-les-nouveaux-membres-du-conseil-de-gestion-de-lartci#primaryimage\"},\"thumbnailUrl\":\"https:\/\/static.africa-press.net\/cote\/sites\/43\/2022\/10\/postQueueImg_4-635c30561fd80.jpg\",\"datePublished\":\"2022-10-28T19:35:53+00:00\",\"dateModified\":\"2022-10-28T19:41:43+00:00\",\"author\":{\"@id\":\"https:\/\/www.africa-press.net\/cotedivoire\/#\/schema\/person\/2b1cf3cd81a31e3cd26889ca66d677f1\"},\"description\":\"Prestation de serment des nouveaux membres du Conseil de gestion de l\u2019ARTCI jeudi a\u0300 Abidjan (Ph KOACI) Par De\u0301cret No ...\",\"breadcrumb\":{\"@id\":\"https:\/\/www.africa-press.net\/cotedivoire\/toutes-les-actualites\/qualite-des-services-5g-et-textes-principaux-defis-a-relever-par-les-nouveaux-membres-du-conseil-de-gestion-de-lartci#breadcrumb\"},\"inLanguage\":\"fr-FR\",\"potentialAction\":[{\"@type\":\"ReadAction\",\"target\":[\"https:\/\/www.africa-press.net\/cotedivoire\/toutes-les-actualites\/qualite-des-services-5g-et-textes-principaux-defis-a-relever-par-les-nouveaux-membres-du-conseil-de-gestion-de-lartci\"]}]},{\"@type\":\"ImageObject\",\"inLanguage\":\"fr-FR\",\"@id\":\"https:\/\/www.africa-press.net\/cotedivoire\/toutes-les-actualites\/qualite-des-services-5g-et-textes-principaux-defis-a-relever-par-les-nouveaux-membres-du-conseil-de-gestion-de-lartci#primaryimage\",\"url\":\"https:\/\/static.africa-press.net\/cote\/sites\/43\/2022\/10\/postQueueImg_4-635c30561fd80.jpg\",\"contentUrl\":\"https:\/\/static.africa-press.net\/cote\/sites\/43\/2022\/10\/postQueueImg_4-635c30561fd80.jpg\",\"width\":720,\"height\":475,\"caption\":\"Qualit\u00e9 des services, 5G et textes, principaux d\u00e9fis \u00e0 relever par les nouveaux membres du Conseil de gestion de l'ARTCI\"},{\"@type\":\"BreadcrumbList\",\"@id\":\"https:\/\/www.africa-press.net\/cotedivoire\/toutes-les-actualites\/qualite-des-services-5g-et-textes-principaux-defis-a-relever-par-les-nouveaux-membres-du-conseil-de-gestion-de-lartci#breadcrumb\",\"itemListElement\":[{\"@type\":\"ListItem\",\"position\":1,\"name\":\"Accueil\",\"item\":\"https:\/\/www.africa-press.net\/cotedivoire\/\"},{\"@type\":\"ListItem\",\"position\":2,\"name\":\"Qualit\u00e9 des services, 5G et textes, principaux d\u00e9fis \u00e0 relever par les nouveaux membres du Conseil de gestion de l&#8217;ARTCI\"}]},{\"@type\":\"WebSite\",\"@id\":\"https:\/\/www.africa-press.net\/cotedivoire\/#website\",\"url\":\"https:\/\/www.africa-press.net\/cotedivoire\/\",\"name\":\"C\u00f4te d&#039;Ivoire\",\"description\":\"Just another Africa News Agency Sites site\",\"potentialAction\":[{\"@type\":\"SearchAction\",\"target\":{\"@type\":\"EntryPoint\",\"urlTemplate\":\"https:\/\/www.africa-press.net\/cotedivoire\/?s={search_term_string}\"},\"query-input\":{\"@type\":\"PropertyValueSpecification\",\"valueRequired\":true,\"valueName\":\"search_term_string\"}}],\"inLanguage\":\"fr-FR\"},{\"@type\":\"Person\",\"@id\":\"https:\/\/www.africa-press.net\/cotedivoire\/#\/schema\/person\/2b1cf3cd81a31e3cd26889ca66d677f1\",\"name\":\"cfeditorfr\"}]}<\/script>\n<!-- \/ Yoast SEO Premium plugin. -->","yoast_head_json":{"title":"Qualit\u00e9 des services, 5G et textes, principaux d\u00e9fis \u00e0 relever par les nouveaux membres du Conseil de gestion de l'ARTCI - C\u00f4te d&#039;Ivoire","description":"Prestation de serment des nouveaux membres du Conseil de gestion de l\u2019ARTCI jeudi a\u0300 Abidjan (Ph KOACI) Par De\u0301cret No ...","robots":{"index":"index","follow":"follow","max-snippet":"max-snippet:-1","max-image-preview":"max-image-preview:large","max-video-preview":"max-video-preview:-1"},"canonical":"https:\/\/www.africa-press.net\/cotedivoire\/toutes-les-actualites\/qualite-des-services-5g-et-textes-principaux-defis-a-relever-par-les-nouveaux-membres-du-conseil-de-gestion-de-lartci","og_locale":"fr_FR","og_type":"article","og_title":"Qualit\u00e9 des services, 5G et textes, principaux d\u00e9fis \u00e0 relever par les nouveaux membres du Conseil de gestion de l'ARTCI","og_description":"Prestation de serment des nouveaux membres du Conseil de gestion de l\u2019ARTCI jeudi a\u0300 Abidjan (Ph KOACI) Par De\u0301cret No ...","og_url":"https:\/\/www.africa-press.net\/cotedivoire\/toutes-les-actualites\/qualite-des-services-5g-et-textes-principaux-defis-a-relever-par-les-nouveaux-membres-du-conseil-de-gestion-de-lartci","og_site_name":"C\u00f4te d&#039;Ivoire","article_published_time":"2022-10-28T19:35:53+00:00","article_modified_time":"2022-10-28T19:41:43+00:00","og_image":[{"width":720,"height":475,"url":"https:\/\/static.africa-press.net\/cote\/sites\/43\/2022\/10\/postQueueImg_4-635c30561fd80.jpg","type":"image\/jpeg"}],"author":"cfeditorfr","twitter_card":"summary_large_image","twitter_misc":{"\u00c9crit par":"cfeditorfr","Dur\u00e9e de lecture estim\u00e9e":"3 minutes"},"schema":{"@context":"https:\/\/schema.org","@graph":[{"@type":"Article","@id":"https:\/\/www.africa-press.net\/cotedivoire\/toutes-les-actualites\/qualite-des-services-5g-et-textes-principaux-defis-a-relever-par-les-nouveaux-membres-du-conseil-de-gestion-de-lartci#article","isPartOf":{"@id":"https:\/\/www.africa-press.net\/cotedivoire\/toutes-les-actualites\/qualite-des-services-5g-et-textes-principaux-defis-a-relever-par-les-nouveaux-membres-du-conseil-de-gestion-de-lartci"},"author":{"name":"cfeditorfr","@id":"https:\/\/www.africa-press.net\/cotedivoire\/#\/schema\/person\/2b1cf3cd81a31e3cd26889ca66d677f1"},"headline":"Qualit\u00e9 des services, 5G et textes, principaux d\u00e9fis \u00e0 relever par les nouveaux membres du Conseil de gestion de l&rsquo;ARTCI","datePublished":"2022-10-28T19:35:53+00:00","dateModified":"2022-10-28T19:41:43+00:00","mainEntityOfPage":{"@id":"https:\/\/www.africa-press.net\/cotedivoire\/toutes-les-actualites\/qualite-des-services-5g-et-textes-principaux-defis-a-relever-par-les-nouveaux-membres-du-conseil-de-gestion-de-lartci"},"wordCount":670,"commentCount":0,"image":{"@id":"https:\/\/www.africa-press.net\/cotedivoire\/toutes-les-actualites\/qualite-des-services-5g-et-textes-principaux-defis-a-relever-par-les-nouveaux-membres-du-conseil-de-gestion-de-lartci#primaryimage"},"thumbnailUrl":"https:\/\/static.africa-press.net\/cote\/sites\/43\/2022\/10\/postQueueImg_4-635c30561fd80.jpg","keywords":["5G","Africa Press","Africa Press-C\u00f4te d'Ivoire","Ahmed Sako","ARTCI","CAN","C\u00d4TE D'IVOIRE","d\u00e9fis","Diakit\u00e9 Coty","Mamadou Couliblay","Ouattara","Patricia Amand","prestation","serment","Tahirou"],"articleSection":["Communaut\u00e9","Toutes les actualit\u00e9s"],"inLanguage":"fr-FR","potentialAction":[{"@type":"CommentAction","name":"Comment","target":["https:\/\/www.africa-press.net\/cotedivoire\/toutes-les-actualites\/qualite-des-services-5g-et-textes-principaux-defis-a-relever-par-les-nouveaux-membres-du-conseil-de-gestion-de-lartci#respond"]}]},{"@type":"WebPage","@id":"https:\/\/www.africa-press.net\/cotedivoire\/toutes-les-actualites\/qualite-des-services-5g-et-textes-principaux-defis-a-relever-par-les-nouveaux-membres-du-conseil-de-gestion-de-lartci","url":"https:\/\/www.africa-press.net\/cotedivoire\/toutes-les-actualites\/qualite-des-services-5g-et-textes-principaux-defis-a-relever-par-les-nouveaux-membres-du-conseil-de-gestion-de-lartci","name":"Qualit\u00e9 des services, 5G et textes, principaux d\u00e9fis \u00e0 relever par les nouveaux membres du Conseil de gestion de l'ARTCI - C\u00f4te d&#039;Ivoire","isPartOf":{"@id":"https:\/\/www.africa-press.net\/cotedivoire\/#website"},"primaryImageOfPage":{"@id":"https:\/\/www.africa-press.net\/cotedivoire\/toutes-les-actualites\/qualite-des-services-5g-et-textes-principaux-defis-a-relever-par-les-nouveaux-membres-du-conseil-de-gestion-de-lartci#primaryimage"},"image":{"@id":"https:\/\/www.africa-press.net\/cotedivoire\/toutes-les-actualites\/qualite-des-services-5g-et-textes-principaux-defis-a-relever-par-les-nouveaux-membres-du-conseil-de-gestion-de-lartci#primaryimage"},"thumbnailUrl":"https:\/\/static.africa-press.net\/cote\/sites\/43\/2022\/10\/postQueueImg_4-635c30561fd80.jpg","datePublished":"2022-10-28T19:35:53+00:00","dateModified":"2022-10-28T19:41:43+00:00","author":{"@id":"https:\/\/www.africa-press.net\/cotedivoire\/#\/schema\/person\/2b1cf3cd81a31e3cd26889ca66d677f1"},"description":"Prestation de serment des nouveaux membres du Conseil de gestion de l\u2019ARTCI jeudi a\u0300 Abidjan (Ph KOACI) Par De\u0301cret No ...","breadcrumb":{"@id":"https:\/\/www.africa-press.net\/cotedivoire\/toutes-les-actualites\/qualite-des-services-5g-et-textes-principaux-defis-a-relever-par-les-nouveaux-membres-du-conseil-de-gestion-de-lartci#breadcrumb"},"inLanguage":"fr-FR","potentialAction":[{"@type":"ReadAction","target":["https:\/\/www.africa-press.net\/cotedivoire\/toutes-les-actualites\/qualite-des-services-5g-et-textes-principaux-defis-a-relever-par-les-nouveaux-membres-du-conseil-de-gestion-de-lartci"]}]},{"@type":"ImageObject","inLanguage":"fr-FR","@id":"https:\/\/www.africa-press.net\/cotedivoire\/toutes-les-actualites\/qualite-des-services-5g-et-textes-principaux-defis-a-relever-par-les-nouveaux-membres-du-conseil-de-gestion-de-lartci#primaryimage","url":"https:\/\/static.africa-press.net\/cote\/sites\/43\/2022\/10\/postQueueImg_4-635c30561fd80.jpg","contentUrl":"https:\/\/static.africa-press.net\/cote\/sites\/43\/2022\/10\/postQueueImg_4-635c30561fd80.jpg","width":720,"height":475,"caption":"Qualit\u00e9 des services, 5G et textes, principaux d\u00e9fis \u00e0 relever par les nouveaux membres du Conseil de gestion de l'ARTCI"},{"@type":"BreadcrumbList","@id":"https:\/\/www.africa-press.net\/cotedivoire\/toutes-les-actualites\/qualite-des-services-5g-et-textes-principaux-defis-a-relever-par-les-nouveaux-membres-du-conseil-de-gestion-de-lartci#breadcrumb","itemListElement":[{"@type":"ListItem","position":1,"name":"Accueil","item":"https:\/\/www.africa-press.net\/cotedivoire\/"},{"@type":"ListItem","position":2,"name":"Qualit\u00e9 des services, 5G et textes, principaux d\u00e9fis \u00e0 relever par les nouveaux membres du Conseil de gestion de l&#8217;ARTCI"}]},{"@type":"WebSite","@id":"https:\/\/www.africa-press.net\/cotedivoire\/#website","url":"https:\/\/www.africa-press.net\/cotedivoire\/","name":"C\u00f4te d&#039;Ivoire","description":"Just another Africa News Agency Sites site","potentialAction":[{"@type":"SearchAction","target":{"@type":"EntryPoint","urlTemplate":"https:\/\/www.africa-press.net\/cotedivoire\/?s={search_term_string}"},"query-input":{"@type":"PropertyValueSpecification","valueRequired":true,"valueName":"search_term_string"}}],"inLanguage":"fr-FR"},{"@type":"Person","@id":"https:\/\/www.africa-press.net\/cotedivoire\/#\/schema\/person\/2b1cf3cd81a31e3cd26889ca66d677f1","name":"cfeditorfr"}]}},"_links":{"self":[{"href":"https:\/\/www.africa-press.net\/cotedivoire\/wp-json\/wp\/v2\/posts\/46986","targetHints":{"allow":["GET"]}}],"collection":[{"href":"https:\/\/www.africa-press.net\/cotedivoire\/wp-json\/wp\/v2\/posts"}],"about":[{"href":"https:\/\/www.africa-press.net\/cotedivoire\/wp-json\/wp\/v2\/types\/post"}],"author":[{"embeddable":true,"href":"https:\/\/www.africa-press.net\/cotedivoire\/wp-json\/wp\/v2\/users\/82"}],"replies":[{"embeddable":true,"href":"https:\/\/www.africa-press.net\/cotedivoire\/wp-json\/wp\/v2\/comments?post=46986"}],"version-history":[{"count":0,"href":"https:\/\/www.africa-press.net\/cotedivoire\/wp-json\/wp\/v2\/posts\/46986\/revisions"}],"wp:featuredmedia":[{"embeddable":true,"href":"https:\/\/www.africa-press.net\/cotedivoire\/wp-json\/wp\/v2\/media\/46985"}],"wp:attachment":[{"href":"https:\/\/www.africa-press.net\/cotedivoire\/wp-json\/wp\/v2\/media?parent=46986"}],"wp:term":[{"taxonomy":"category","embeddable":true,"href":"https:\/\/www.africa-press.net\/cotedivoire\/wp-json\/wp\/v2\/categories?post=46986"},{"taxonomy":"post_tag","embeddable":true,"href":"https:\/\/www.africa-press.net\/cotedivoire\/wp-json\/wp\/v2\/tags?post=46986"}],"curies":[{"name":"wp","href":"https:\/\/api.w.org\/{rel}","templated":true}]}}