{"id":47275,"date":"2022-11-02T19:11:03","date_gmt":"2022-11-02T19:11:03","guid":{"rendered":"https:\/\/www.africa-press.net\/cotedivoire\/politique\/nomme-ministre-des-affaires-etrangeres-du-tchad-le-representant-du-sg-des-nations-unies-au-mali-demande-le-soutien-de-ouattara-pour-une-transition-reussie"},"modified":"2022-11-02T19:35:56","modified_gmt":"2022-11-02T19:35:56","slug":"nomme-ministre-des-affaires-etrangeres-du-tchad-le-representant-du-sg-des-nations-unies-au-mali-demande-le-soutien-de-ouattara-pour-une-transition-reussie","status":"publish","type":"post","link":"https:\/\/www.africa-press.net\/cotedivoire\/politique\/nomme-ministre-des-affaires-etrangeres-du-tchad-le-representant-du-sg-des-nations-unies-au-mali-demande-le-soutien-de-ouattara-pour-une-transition-reussie","title":{"rendered":"Nomm\u00e9 ministre des Affaires \u00e9trang\u00e8res du Tchad, le repr\u00e9sentant du SG des Nations unies au Mali, demande le soutien de Ouattara pour une transition r\u00e9ussie"},"content":{"rendered":"<p><span style=\"color: #ff6600\"><strong>Africa-Press &#8211; C\u00f4te d&rsquo;Ivoire. <\/strong><\/span>Mahamat Saleh Annadif et Alassane Ouattara ce mardi soir a\u0300 Abidjan<\/p>\n<p>Repre\u0301sentant le Secre\u0301taire ge\u0301ne\u0301ral des Nations unies au Mali depuis plus de sept ans, le tchadien, Mahamat Saleh Annadif a e\u0301te\u0301 nomme\u0301 ministre des Affaires e\u0301trange\u0300res dans son pays<\/p>\n<p>Avant de regagner son pays dans le cadre de ses nouvelles fonctions, il a e\u0301te\u0301 rec\u0327u dans la soire\u0301e en audience par le chef de l&rsquo;E\u0301tat ivoirien a\u0300 sa re\u0301sidence de Cocody.<\/p>\n<p>Mahamat Saleh Annadif a confie\u0301 a\u0300 KOACI que le Pre\u0301sident Ouattara lui a \u00ab promis comme toujours son accompagnement, l&rsquo;accompagnement de la Co\u0302te d&rsquo;Ivoire pour que la transition au Tchad puisse re\u0301ussir \u00bb<\/p>\n<p>Il a annonce\u0301 qu&rsquo;il est venu remercier Alassane Ouattara pour l&rsquo;encouragement, l&rsquo;accompagnement qu&rsquo;il l&rsquo;a apporte\u0301 pendant tout son se\u0301jour en Afrique de l&rsquo;Ouest depuis pratiquement plus de sept ans. Et lui a demande\u0301 de continuer toujours a\u0300 l&rsquo;accompagner.<\/p>\n<p>\u00ab C\u0327a fait plus de 7 ans que je suis le repre\u0301sentant du Secre\u0301taire ge\u0301ne\u0301ral des Nations unies au Mali et depuis 2 ans, je suis a\u0300 Dakar, comme repre\u0301sentant aupre\u0300s de tous les pays de la CEDEAO et le Se\u0301ne\u0301gal. Il y a deux semaines, j&rsquo;ai e\u0301te\u0301 nomme\u0301 ministre des Affaires e\u0301trange\u0300res dans mon pays. Je me pre\u0301pare a\u0300 regagner N&rsquo;Djamena. Donc, je suis venu voir le doyen, le Pre\u0301sident de la Re\u0301publique, Alassane Ouattara pour deux choses. D&rsquo;abord pour le remercier pour l&rsquo;encouragement, l&rsquo;accompagnement qu&rsquo;il m&rsquo;a apporte\u0301 pendant tout mon se\u0301jour en Afrique de l&rsquo;Ouest depuis pratiquement plus de sept ans. Et lui demander de continuer toujours a\u0300 nous accompagner. Deuxie\u0300mement, l&rsquo;informer officiellement que je suis maintenant de\u0301sormais le ministre des Affaires e\u0301trange\u0300res du Tchad. Le Tchad est en pe\u0301riode de transition, il demande beaucoup de soutien, beaucoup d&rsquo;accompagnement et nous avons e\u0301change\u0301 autour des de\u0301fis que nous aurons a\u0300 relever. Le Pre\u0301sident Ouattara m&rsquo;a promis, comme toujours son accompagnement, l&rsquo;accompagnement de la Co\u0302te d&rsquo;Ivoire pour que cette transition au Tchad puisse re\u0301ussir et que nous allions vers des e\u0301lections apaise\u0301es et qu&rsquo;un pouvoir civil s&rsquo;installera au Tchad \u00bb, a pre\u0301cise\u0301, le nouveau ministre des Affaires e\u0301trange\u0300res du Tchad.<\/p>\n\r\n                <style type=\"text\/css\">\r\n                    \r\n                    #td_uid_1_69f2b31a2f334  .td-doubleSlider-2 .td-item1 {\r\n                        background: url(https:\/\/static.africa-press.net\/cote\/sites\/43\/2022\/11\/postMediaimg_7_1-80x60.jpg) 0 0 no-repeat;\r\n                    }\r\n                    #td_uid_1_69f2b31a2f334  .td-doubleSlider-2 .td-item2 {\r\n                        background: url(https:\/\/static.africa-press.net\/cote\/sites\/43\/2022\/11\/postMediaimg_7_2-80x60.jpg) 0 0 no-repeat;\r\n                    }\r\n                <\/style>\r\n\r\n                <div id=\"td_uid_1_69f2b31a2f334\" class=\"td-gallery td-slide-on-2-columns\">\r\n                    <div class=\"post_td_gallery\">\r\n                        <div class=\"td-gallery-slide-top\">\r\n                           <div class=\"td-gallery-title\"><\/div>\r\n\r\n                            <div class=\"td-gallery-controls-wrapper\">\r\n                                <div class=\"td-gallery-slide-count\"><span class=\"td-gallery-slide-item-focus\">1<\/span> de 2<\/div>\r\n                                <div class=\"td-gallery-slide-prev-next-but\">\r\n                                    <i class = \"td-icon-left doubleSliderPrevButton\"><\/i>\r\n                                    <i class = \"td-icon-right doubleSliderNextButton\"><\/i>\r\n                                <\/div>\r\n                            <\/div>\r\n                        <\/div>\r\n\r\n                        <div class = \"td-doubleSlider-1 \">\r\n                            <div class = \"td-slider\">\r\n                                \r\n                    <div class = \"td-slide-item td-item1\">\r\n                        <figure class=\"td-slide-galery-figure td-slide-popup-gallery\">\r\n                            <a class=\"slide-gallery-image-link\" href=\"https:\/\/static.africa-press.net\/cote\/sites\/43\/2022\/11\/postMediaimg_7_1.jpg\" title=\"postMediaimg_7_1\"  data-caption=\"\"  data-description=\"\">\r\n                                <img decoding=\"async\" src=\"https:\/\/static.africa-press.net\/cote\/sites\/43\/2022\/11\/postMediaimg_7_1.jpg\" srcset=\"https:\/\/static.africa-press.net\/cote\/sites\/43\/2022\/11\/postMediaimg_7_1.jpg 1000w, https:\/\/static.africa-press.net\/cote\/sites\/43\/2022\/11\/postMediaimg_7_1-300x200.jpg 300w, https:\/\/static.africa-press.net\/cote\/sites\/43\/2022\/11\/postMediaimg_7_1-768x512.jpg 768w\" sizes=\"(max-width: 1000px) 100vw, 1000px\" alt=\"\">\r\n                            <\/a>\r\n                            \r\n                        <\/figure>\r\n                    <\/div>\r\n                    <div class = \"td-slide-item td-item2\">\r\n                        <figure class=\"td-slide-galery-figure td-slide-popup-gallery\">\r\n                            <a class=\"slide-gallery-image-link\" href=\"https:\/\/static.africa-press.net\/cote\/sites\/43\/2022\/11\/postMediaimg_7_2.jpg\" title=\"postMediaimg_7_2\"  data-caption=\"\"  data-description=\"\">\r\n                                <img decoding=\"async\" src=\"https:\/\/static.africa-press.net\/cote\/sites\/43\/2022\/11\/postMediaimg_7_2.jpg\" srcset=\"https:\/\/static.africa-press.net\/cote\/sites\/43\/2022\/11\/postMediaimg_7_2.jpg 1000w, https:\/\/static.africa-press.net\/cote\/sites\/43\/2022\/11\/postMediaimg_7_2-300x178.jpg 300w, https:\/\/static.africa-press.net\/cote\/sites\/43\/2022\/11\/postMediaimg_7_2-768x456.jpg 768w\" sizes=\"(max-width: 1000px) 100vw, 1000px\" alt=\"\">\r\n                            <\/a>\r\n                            \r\n                        <\/figure>\r\n                    <\/div>\r\n                            <\/div>\r\n                        <\/div>\r\n\r\n                        <div class = \"td-doubleSlider-2\">\r\n                            <div class = \"td-slider\">\r\n                                \r\n                    <div class = \"td-button td-item1\">\r\n                        <div class = \"td-border\"><\/div>\r\n                    <\/div>\r\n                    <div class = \"td-button td-item2\">\r\n                        <div class = \"td-border\"><\/div>\r\n                    <\/div>\r\n                            <\/div>\r\n                        <\/div>\r\n\r\n                    <\/div>\r\n\r\n                <\/div>\r\n                \n<p><strong>Pour plus d&rsquo;informations et d&rsquo;analyses sur la <a href=\"https:\/\/www.africa-press.net\/cotedivoire\">C\u00f4te d&rsquo;Ivoire<\/a>, suivez <a href=\"https:\/\/www.africa-press.net\/\">Africa-Press<\/a><\/strong><\/p>\n","protected":false},"excerpt":{"rendered":"<p>Africa-Press &#8211; C\u00f4te d&rsquo;Ivoire. Mahamat Saleh Annadif et Alassane Ouattara ce mardi soir a\u0300 Abidjan Repre\u0301sentant le Secre\u0301taire ge\u0301ne\u0301ral des Nations unies au Mali depuis plus de sept ans, le tchadien, Mahamat Saleh Annadif a e\u0301te\u0301 nomme\u0301 ministre des Affaires e\u0301trange\u0300res dans son pays Avant de regagner son pays dans le cadre de ses nouvelles [&hellip;]<\/p>\n","protected":false},"author":82,"featured_media":47274,"comment_status":"open","ping_status":"closed","sticky":false,"template":"","format":"standard","meta":{"footnotes":""},"categories":[8,2,20,10],"tags":[56,63,29,7999],"class_list":["post-47275","post","type-post","status-publish","format-standard","has-post-thumbnail","hentry","category-photo","category-politique","category-top-nouvelles","category-toutes-les-actualites","tag-africa-press","tag-africa-press-cote-divoire","tag-cote-divoire","tag-mahamat-saleh-annadif"],"yoast_head":"<!-- This site is optimized with the Yoast SEO Premium plugin v26.1 (Yoast SEO v27.0) - https:\/\/yoast.com\/product\/yoast-seo-premium-wordpress\/ -->\n<title>Nomm\u00e9 ministre des Affaires \u00e9trang\u00e8res du Tchad, le repr\u00e9sentant du SG des Nations unies au Mali, demande le soutien de Ouattara pour une transition r\u00e9ussie - C\u00f4te d&#039;Ivoire<\/title>\n<meta name=\"description\" content=\"Mahamat Saleh Annadif et Alassane Ouattara ce mardi soir a\u0300 Abidjan Repre\u0301sentant le Secre\u0301taire ge\u0301ne\u0301ral des Nations ...\" \/>\n<meta name=\"robots\" content=\"index, follow, max-snippet:-1, max-image-preview:large, max-video-preview:-1\" \/>\n<link rel=\"canonical\" href=\"https:\/\/www.africa-press.net\/cotedivoire\/politique\/nomme-ministre-des-affaires-etrangeres-du-tchad-le-representant-du-sg-des-nations-unies-au-mali-demande-le-soutien-de-ouattara-pour-une-transition-reussie\" \/>\n<meta property=\"og:locale\" content=\"fr_FR\" \/>\n<meta property=\"og:type\" content=\"article\" \/>\n<meta property=\"og:title\" content=\"Nomm\u00e9 ministre des Affaires \u00e9trang\u00e8res du Tchad, le repr\u00e9sentant du SG des Nations unies au Mali, demande le soutien de Ouattara pour une transition r\u00e9ussie\" \/>\n<meta property=\"og:description\" content=\"Mahamat Saleh Annadif et Alassane Ouattara ce mardi soir a\u0300 Abidjan Repre\u0301sentant le Secre\u0301taire ge\u0301ne\u0301ral des Nations ...\" \/>\n<meta property=\"og:url\" content=\"https:\/\/www.africa-press.net\/cotedivoire\/politique\/nomme-ministre-des-affaires-etrangeres-du-tchad-le-representant-du-sg-des-nations-unies-au-mali-demande-le-soutien-de-ouattara-pour-une-transition-reussie\" \/>\n<meta property=\"og:site_name\" content=\"C\u00f4te d&#039;Ivoire\" \/>\n<meta property=\"article:published_time\" content=\"2022-11-02T19:11:03+00:00\" \/>\n<meta property=\"article:modified_time\" content=\"2022-11-02T19:35:56+00:00\" \/>\n<meta property=\"og:image\" content=\"https:\/\/static.africa-press.net\/cote\/sites\/43\/2022\/11\/postQueueImg_7-6362c6627dd20.jpg\" \/>\n\t<meta property=\"og:image:width\" content=\"720\" \/>\n\t<meta property=\"og:image:height\" content=\"427\" \/>\n\t<meta property=\"og:image:type\" content=\"image\/jpeg\" \/>\n<meta name=\"author\" content=\"cfeditorfr\" \/>\n<meta name=\"twitter:card\" content=\"summary_large_image\" \/>\n<meta name=\"twitter:label1\" content=\"\u00c9crit par\" \/>\n\t<meta name=\"twitter:data1\" content=\"cfeditorfr\" \/>\n\t<meta name=\"twitter:label2\" content=\"Dur\u00e9e de lecture estim\u00e9e\" \/>\n\t<meta name=\"twitter:data2\" content=\"2 minutes\" \/>\n<script type=\"application\/ld+json\" class=\"yoast-schema-graph\">{\"@context\":\"https:\/\/schema.org\",\"@graph\":[{\"@type\":\"Article\",\"@id\":\"https:\/\/www.africa-press.net\/cotedivoire\/politique\/nomme-ministre-des-affaires-etrangeres-du-tchad-le-representant-du-sg-des-nations-unies-au-mali-demande-le-soutien-de-ouattara-pour-une-transition-reussie#article\",\"isPartOf\":{\"@id\":\"https:\/\/www.africa-press.net\/cotedivoire\/politique\/nomme-ministre-des-affaires-etrangeres-du-tchad-le-representant-du-sg-des-nations-unies-au-mali-demande-le-soutien-de-ouattara-pour-une-transition-reussie\"},\"author\":{\"name\":\"cfeditorfr\",\"@id\":\"https:\/\/www.africa-press.net\/cotedivoire\/#\/schema\/person\/2b1cf3cd81a31e3cd26889ca66d677f1\"},\"headline\":\"Nomm\u00e9 ministre des Affaires \u00e9trang\u00e8res du Tchad, le repr\u00e9sentant du SG des Nations unies au Mali, demande le soutien de Ouattara pour une transition r\u00e9ussie\",\"datePublished\":\"2022-11-02T19:11:03+00:00\",\"dateModified\":\"2022-11-02T19:35:56+00:00\",\"mainEntityOfPage\":{\"@id\":\"https:\/\/www.africa-press.net\/cotedivoire\/politique\/nomme-ministre-des-affaires-etrangeres-du-tchad-le-representant-du-sg-des-nations-unies-au-mali-demande-le-soutien-de-ouattara-pour-une-transition-reussie\"},\"wordCount\":469,\"commentCount\":0,\"image\":{\"@id\":\"https:\/\/www.africa-press.net\/cotedivoire\/politique\/nomme-ministre-des-affaires-etrangeres-du-tchad-le-representant-du-sg-des-nations-unies-au-mali-demande-le-soutien-de-ouattara-pour-une-transition-reussie#primaryimage\"},\"thumbnailUrl\":\"https:\/\/static.africa-press.net\/cote\/sites\/43\/2022\/11\/postQueueImg_7-6362c6627dd20.jpg\",\"keywords\":[\"Africa Press\",\"Africa Press-C\u00f4te d'Ivoire\",\"C\u00d4TE D'IVOIRE\",\"Mahamat Saleh Annadif\"],\"articleSection\":[\"Photo\",\"Politique\",\"Top Nouvelles\",\"Toutes les actualit\u00e9s\"],\"inLanguage\":\"fr-FR\",\"potentialAction\":[{\"@type\":\"CommentAction\",\"name\":\"Comment\",\"target\":[\"https:\/\/www.africa-press.net\/cotedivoire\/politique\/nomme-ministre-des-affaires-etrangeres-du-tchad-le-representant-du-sg-des-nations-unies-au-mali-demande-le-soutien-de-ouattara-pour-une-transition-reussie#respond\"]}]},{\"@type\":\"WebPage\",\"@id\":\"https:\/\/www.africa-press.net\/cotedivoire\/politique\/nomme-ministre-des-affaires-etrangeres-du-tchad-le-representant-du-sg-des-nations-unies-au-mali-demande-le-soutien-de-ouattara-pour-une-transition-reussie\",\"url\":\"https:\/\/www.africa-press.net\/cotedivoire\/politique\/nomme-ministre-des-affaires-etrangeres-du-tchad-le-representant-du-sg-des-nations-unies-au-mali-demande-le-soutien-de-ouattara-pour-une-transition-reussie\",\"name\":\"Nomm\u00e9 ministre des Affaires \u00e9trang\u00e8res du Tchad, le repr\u00e9sentant du SG des Nations unies au Mali, demande le soutien de Ouattara pour une transition r\u00e9ussie - C\u00f4te d&#039;Ivoire\",\"isPartOf\":{\"@id\":\"https:\/\/www.africa-press.net\/cotedivoire\/#website\"},\"primaryImageOfPage\":{\"@id\":\"https:\/\/www.africa-press.net\/cotedivoire\/politique\/nomme-ministre-des-affaires-etrangeres-du-tchad-le-representant-du-sg-des-nations-unies-au-mali-demande-le-soutien-de-ouattara-pour-une-transition-reussie#primaryimage\"},\"image\":{\"@id\":\"https:\/\/www.africa-press.net\/cotedivoire\/politique\/nomme-ministre-des-affaires-etrangeres-du-tchad-le-representant-du-sg-des-nations-unies-au-mali-demande-le-soutien-de-ouattara-pour-une-transition-reussie#primaryimage\"},\"thumbnailUrl\":\"https:\/\/static.africa-press.net\/cote\/sites\/43\/2022\/11\/postQueueImg_7-6362c6627dd20.jpg\",\"datePublished\":\"2022-11-02T19:11:03+00:00\",\"dateModified\":\"2022-11-02T19:35:56+00:00\",\"author\":{\"@id\":\"https:\/\/www.africa-press.net\/cotedivoire\/#\/schema\/person\/2b1cf3cd81a31e3cd26889ca66d677f1\"},\"description\":\"Mahamat Saleh Annadif et Alassane Ouattara ce mardi soir a\u0300 Abidjan Repre\u0301sentant le Secre\u0301taire ge\u0301ne\u0301ral des Nations ...\",\"breadcrumb\":{\"@id\":\"https:\/\/www.africa-press.net\/cotedivoire\/politique\/nomme-ministre-des-affaires-etrangeres-du-tchad-le-representant-du-sg-des-nations-unies-au-mali-demande-le-soutien-de-ouattara-pour-une-transition-reussie#breadcrumb\"},\"inLanguage\":\"fr-FR\",\"potentialAction\":[{\"@type\":\"ReadAction\",\"target\":[\"https:\/\/www.africa-press.net\/cotedivoire\/politique\/nomme-ministre-des-affaires-etrangeres-du-tchad-le-representant-du-sg-des-nations-unies-au-mali-demande-le-soutien-de-ouattara-pour-une-transition-reussie\"]}]},{\"@type\":\"ImageObject\",\"inLanguage\":\"fr-FR\",\"@id\":\"https:\/\/www.africa-press.net\/cotedivoire\/politique\/nomme-ministre-des-affaires-etrangeres-du-tchad-le-representant-du-sg-des-nations-unies-au-mali-demande-le-soutien-de-ouattara-pour-une-transition-reussie#primaryimage\",\"url\":\"https:\/\/static.africa-press.net\/cote\/sites\/43\/2022\/11\/postQueueImg_7-6362c6627dd20.jpg\",\"contentUrl\":\"https:\/\/static.africa-press.net\/cote\/sites\/43\/2022\/11\/postQueueImg_7-6362c6627dd20.jpg\",\"width\":720,\"height\":427,\"caption\":\"Nomm\u00e9 ministre des Affaires \u00e9trang\u00e8res du Tchad, le repr\u00e9sentant du SG des Nations unies au Mali, demande le soutien de Ouattara pour une transition r\u00e9ussie\"},{\"@type\":\"BreadcrumbList\",\"@id\":\"https:\/\/www.africa-press.net\/cotedivoire\/politique\/nomme-ministre-des-affaires-etrangeres-du-tchad-le-representant-du-sg-des-nations-unies-au-mali-demande-le-soutien-de-ouattara-pour-une-transition-reussie#breadcrumb\",\"itemListElement\":[{\"@type\":\"ListItem\",\"position\":1,\"name\":\"Accueil\",\"item\":\"https:\/\/www.africa-press.net\/cotedivoire\/\"},{\"@type\":\"ListItem\",\"position\":2,\"name\":\"Nomm\u00e9 ministre des Affaires \u00e9trang\u00e8res du Tchad, le repr\u00e9sentant du SG des Nations unies au Mali, demande le soutien de Ouattara pour une transition r\u00e9ussie\"}]},{\"@type\":\"WebSite\",\"@id\":\"https:\/\/www.africa-press.net\/cotedivoire\/#website\",\"url\":\"https:\/\/www.africa-press.net\/cotedivoire\/\",\"name\":\"C\u00f4te d&#039;Ivoire\",\"description\":\"Just another Africa News Agency Sites site\",\"potentialAction\":[{\"@type\":\"SearchAction\",\"target\":{\"@type\":\"EntryPoint\",\"urlTemplate\":\"https:\/\/www.africa-press.net\/cotedivoire\/?s={search_term_string}\"},\"query-input\":{\"@type\":\"PropertyValueSpecification\",\"valueRequired\":true,\"valueName\":\"search_term_string\"}}],\"inLanguage\":\"fr-FR\"},{\"@type\":\"Person\",\"@id\":\"https:\/\/www.africa-press.net\/cotedivoire\/#\/schema\/person\/2b1cf3cd81a31e3cd26889ca66d677f1\",\"name\":\"cfeditorfr\"}]}<\/script>\n<!-- \/ Yoast SEO Premium plugin. -->","yoast_head_json":{"title":"Nomm\u00e9 ministre des Affaires \u00e9trang\u00e8res du Tchad, le repr\u00e9sentant du SG des Nations unies au Mali, demande le soutien de Ouattara pour une transition r\u00e9ussie - C\u00f4te d&#039;Ivoire","description":"Mahamat Saleh Annadif et Alassane Ouattara ce mardi soir a\u0300 Abidjan Repre\u0301sentant le Secre\u0301taire ge\u0301ne\u0301ral des Nations ...","robots":{"index":"index","follow":"follow","max-snippet":"max-snippet:-1","max-image-preview":"max-image-preview:large","max-video-preview":"max-video-preview:-1"},"canonical":"https:\/\/www.africa-press.net\/cotedivoire\/politique\/nomme-ministre-des-affaires-etrangeres-du-tchad-le-representant-du-sg-des-nations-unies-au-mali-demande-le-soutien-de-ouattara-pour-une-transition-reussie","og_locale":"fr_FR","og_type":"article","og_title":"Nomm\u00e9 ministre des Affaires \u00e9trang\u00e8res du Tchad, le repr\u00e9sentant du SG des Nations unies au Mali, demande le soutien de Ouattara pour une transition r\u00e9ussie","og_description":"Mahamat Saleh Annadif et Alassane Ouattara ce mardi soir a\u0300 Abidjan Repre\u0301sentant le Secre\u0301taire ge\u0301ne\u0301ral des Nations ...","og_url":"https:\/\/www.africa-press.net\/cotedivoire\/politique\/nomme-ministre-des-affaires-etrangeres-du-tchad-le-representant-du-sg-des-nations-unies-au-mali-demande-le-soutien-de-ouattara-pour-une-transition-reussie","og_site_name":"C\u00f4te d&#039;Ivoire","article_published_time":"2022-11-02T19:11:03+00:00","article_modified_time":"2022-11-02T19:35:56+00:00","og_image":[{"width":720,"height":427,"url":"https:\/\/static.africa-press.net\/cote\/sites\/43\/2022\/11\/postQueueImg_7-6362c6627dd20.jpg","type":"image\/jpeg"}],"author":"cfeditorfr","twitter_card":"summary_large_image","twitter_misc":{"\u00c9crit par":"cfeditorfr","Dur\u00e9e de lecture estim\u00e9e":"2 minutes"},"schema":{"@context":"https:\/\/schema.org","@graph":[{"@type":"Article","@id":"https:\/\/www.africa-press.net\/cotedivoire\/politique\/nomme-ministre-des-affaires-etrangeres-du-tchad-le-representant-du-sg-des-nations-unies-au-mali-demande-le-soutien-de-ouattara-pour-une-transition-reussie#article","isPartOf":{"@id":"https:\/\/www.africa-press.net\/cotedivoire\/politique\/nomme-ministre-des-affaires-etrangeres-du-tchad-le-representant-du-sg-des-nations-unies-au-mali-demande-le-soutien-de-ouattara-pour-une-transition-reussie"},"author":{"name":"cfeditorfr","@id":"https:\/\/www.africa-press.net\/cotedivoire\/#\/schema\/person\/2b1cf3cd81a31e3cd26889ca66d677f1"},"headline":"Nomm\u00e9 ministre des Affaires \u00e9trang\u00e8res du Tchad, le repr\u00e9sentant du SG des Nations unies au Mali, demande le soutien de Ouattara pour une transition r\u00e9ussie","datePublished":"2022-11-02T19:11:03+00:00","dateModified":"2022-11-02T19:35:56+00:00","mainEntityOfPage":{"@id":"https:\/\/www.africa-press.net\/cotedivoire\/politique\/nomme-ministre-des-affaires-etrangeres-du-tchad-le-representant-du-sg-des-nations-unies-au-mali-demande-le-soutien-de-ouattara-pour-une-transition-reussie"},"wordCount":469,"commentCount":0,"image":{"@id":"https:\/\/www.africa-press.net\/cotedivoire\/politique\/nomme-ministre-des-affaires-etrangeres-du-tchad-le-representant-du-sg-des-nations-unies-au-mali-demande-le-soutien-de-ouattara-pour-une-transition-reussie#primaryimage"},"thumbnailUrl":"https:\/\/static.africa-press.net\/cote\/sites\/43\/2022\/11\/postQueueImg_7-6362c6627dd20.jpg","keywords":["Africa Press","Africa Press-C\u00f4te d'Ivoire","C\u00d4TE D'IVOIRE","Mahamat Saleh Annadif"],"articleSection":["Photo","Politique","Top Nouvelles","Toutes les actualit\u00e9s"],"inLanguage":"fr-FR","potentialAction":[{"@type":"CommentAction","name":"Comment","target":["https:\/\/www.africa-press.net\/cotedivoire\/politique\/nomme-ministre-des-affaires-etrangeres-du-tchad-le-representant-du-sg-des-nations-unies-au-mali-demande-le-soutien-de-ouattara-pour-une-transition-reussie#respond"]}]},{"@type":"WebPage","@id":"https:\/\/www.africa-press.net\/cotedivoire\/politique\/nomme-ministre-des-affaires-etrangeres-du-tchad-le-representant-du-sg-des-nations-unies-au-mali-demande-le-soutien-de-ouattara-pour-une-transition-reussie","url":"https:\/\/www.africa-press.net\/cotedivoire\/politique\/nomme-ministre-des-affaires-etrangeres-du-tchad-le-representant-du-sg-des-nations-unies-au-mali-demande-le-soutien-de-ouattara-pour-une-transition-reussie","name":"Nomm\u00e9 ministre des Affaires \u00e9trang\u00e8res du Tchad, le repr\u00e9sentant du SG des Nations unies au Mali, demande le soutien de Ouattara pour une transition r\u00e9ussie - C\u00f4te d&#039;Ivoire","isPartOf":{"@id":"https:\/\/www.africa-press.net\/cotedivoire\/#website"},"primaryImageOfPage":{"@id":"https:\/\/www.africa-press.net\/cotedivoire\/politique\/nomme-ministre-des-affaires-etrangeres-du-tchad-le-representant-du-sg-des-nations-unies-au-mali-demande-le-soutien-de-ouattara-pour-une-transition-reussie#primaryimage"},"image":{"@id":"https:\/\/www.africa-press.net\/cotedivoire\/politique\/nomme-ministre-des-affaires-etrangeres-du-tchad-le-representant-du-sg-des-nations-unies-au-mali-demande-le-soutien-de-ouattara-pour-une-transition-reussie#primaryimage"},"thumbnailUrl":"https:\/\/static.africa-press.net\/cote\/sites\/43\/2022\/11\/postQueueImg_7-6362c6627dd20.jpg","datePublished":"2022-11-02T19:11:03+00:00","dateModified":"2022-11-02T19:35:56+00:00","author":{"@id":"https:\/\/www.africa-press.net\/cotedivoire\/#\/schema\/person\/2b1cf3cd81a31e3cd26889ca66d677f1"},"description":"Mahamat Saleh Annadif et Alassane Ouattara ce mardi soir a\u0300 Abidjan Repre\u0301sentant le Secre\u0301taire ge\u0301ne\u0301ral des Nations ...","breadcrumb":{"@id":"https:\/\/www.africa-press.net\/cotedivoire\/politique\/nomme-ministre-des-affaires-etrangeres-du-tchad-le-representant-du-sg-des-nations-unies-au-mali-demande-le-soutien-de-ouattara-pour-une-transition-reussie#breadcrumb"},"inLanguage":"fr-FR","potentialAction":[{"@type":"ReadAction","target":["https:\/\/www.africa-press.net\/cotedivoire\/politique\/nomme-ministre-des-affaires-etrangeres-du-tchad-le-representant-du-sg-des-nations-unies-au-mali-demande-le-soutien-de-ouattara-pour-une-transition-reussie"]}]},{"@type":"ImageObject","inLanguage":"fr-FR","@id":"https:\/\/www.africa-press.net\/cotedivoire\/politique\/nomme-ministre-des-affaires-etrangeres-du-tchad-le-representant-du-sg-des-nations-unies-au-mali-demande-le-soutien-de-ouattara-pour-une-transition-reussie#primaryimage","url":"https:\/\/static.africa-press.net\/cote\/sites\/43\/2022\/11\/postQueueImg_7-6362c6627dd20.jpg","contentUrl":"https:\/\/static.africa-press.net\/cote\/sites\/43\/2022\/11\/postQueueImg_7-6362c6627dd20.jpg","width":720,"height":427,"caption":"Nomm\u00e9 ministre des Affaires \u00e9trang\u00e8res du Tchad, le repr\u00e9sentant du SG des Nations unies au Mali, demande le soutien de Ouattara pour une transition r\u00e9ussie"},{"@type":"BreadcrumbList","@id":"https:\/\/www.africa-press.net\/cotedivoire\/politique\/nomme-ministre-des-affaires-etrangeres-du-tchad-le-representant-du-sg-des-nations-unies-au-mali-demande-le-soutien-de-ouattara-pour-une-transition-reussie#breadcrumb","itemListElement":[{"@type":"ListItem","position":1,"name":"Accueil","item":"https:\/\/www.africa-press.net\/cotedivoire\/"},{"@type":"ListItem","position":2,"name":"Nomm\u00e9 ministre des Affaires \u00e9trang\u00e8res du Tchad, le repr\u00e9sentant du SG des Nations unies au Mali, demande le soutien de Ouattara pour une transition r\u00e9ussie"}]},{"@type":"WebSite","@id":"https:\/\/www.africa-press.net\/cotedivoire\/#website","url":"https:\/\/www.africa-press.net\/cotedivoire\/","name":"C\u00f4te d&#039;Ivoire","description":"Just another Africa News Agency Sites site","potentialAction":[{"@type":"SearchAction","target":{"@type":"EntryPoint","urlTemplate":"https:\/\/www.africa-press.net\/cotedivoire\/?s={search_term_string}"},"query-input":{"@type":"PropertyValueSpecification","valueRequired":true,"valueName":"search_term_string"}}],"inLanguage":"fr-FR"},{"@type":"Person","@id":"https:\/\/www.africa-press.net\/cotedivoire\/#\/schema\/person\/2b1cf3cd81a31e3cd26889ca66d677f1","name":"cfeditorfr"}]}},"_links":{"self":[{"href":"https:\/\/www.africa-press.net\/cotedivoire\/wp-json\/wp\/v2\/posts\/47275","targetHints":{"allow":["GET"]}}],"collection":[{"href":"https:\/\/www.africa-press.net\/cotedivoire\/wp-json\/wp\/v2\/posts"}],"about":[{"href":"https:\/\/www.africa-press.net\/cotedivoire\/wp-json\/wp\/v2\/types\/post"}],"author":[{"embeddable":true,"href":"https:\/\/www.africa-press.net\/cotedivoire\/wp-json\/wp\/v2\/users\/82"}],"replies":[{"embeddable":true,"href":"https:\/\/www.africa-press.net\/cotedivoire\/wp-json\/wp\/v2\/comments?post=47275"}],"version-history":[{"count":0,"href":"https:\/\/www.africa-press.net\/cotedivoire\/wp-json\/wp\/v2\/posts\/47275\/revisions"}],"wp:featuredmedia":[{"embeddable":true,"href":"https:\/\/www.africa-press.net\/cotedivoire\/wp-json\/wp\/v2\/media\/47274"}],"wp:attachment":[{"href":"https:\/\/www.africa-press.net\/cotedivoire\/wp-json\/wp\/v2\/media?parent=47275"}],"wp:term":[{"taxonomy":"category","embeddable":true,"href":"https:\/\/www.africa-press.net\/cotedivoire\/wp-json\/wp\/v2\/categories?post=47275"},{"taxonomy":"post_tag","embeddable":true,"href":"https:\/\/www.africa-press.net\/cotedivoire\/wp-json\/wp\/v2\/tags?post=47275"}],"curies":[{"name":"wp","href":"https:\/\/api.w.org\/{rel}","templated":true}]}}