{"id":47325,"date":"2022-11-02T19:20:27","date_gmt":"2022-11-02T19:20:27","guid":{"rendered":"https:\/\/www.africa-press.net\/cotedivoire\/politique\/rebondissement-dans-laffaire-des-46-soldats-ecroues-a-bamako-un-dialogue-direct-annonce"},"modified":"2022-11-02T20:04:31","modified_gmt":"2022-11-02T20:04:31","slug":"rebondissement-dans-laffaire-des-46-soldats-ecroues-a-bamako-un-dialogue-direct-annonce","status":"publish","type":"post","link":"https:\/\/www.africa-press.net\/cotedivoire\/politique\/rebondissement-dans-laffaire-des-46-soldats-ecroues-a-bamako-un-dialogue-direct-annonce","title":{"rendered":"Rebondissement dans l&rsquo;affaire des 46 soldats \u00e9crou\u00e9s \u00e0 Bamako, un \u00ab dialogue direct \u00bb annonc\u00e9"},"content":{"rendered":"<p><span style=\"color: #ff6600\"><strong>Africa-Press &#8211; C\u00f4te d&rsquo;Ivoire. <\/strong><\/span><\/p>\n<p>Nouveau rebondissement dans l\u2019affaire des 46 soldats ivoiriens arre\u0302te\u0301s le 10 juillet 2022 et inculpe\u0301s au Mali a\u0300 la mi-aou\u0302t par la justice pour \u00ab tentative d\u2019atteinte a\u0300 la su\u0302rete\u0301 exte\u0301rieure de l\u2019E\u0301tat \u00bb avant d\u2019e\u0302tre formellement e\u0301croue\u0301s.<\/p>\n<p>Nous re\u0301ve\u0301lions dans un pre\u0301ce\u0301dent article, que les autorite\u0301s maliennes de la Transition ont adresse\u0301 a\u0300 leurs homologues ivoiriens un nouveau document a\u0300 valider, pour clore l&rsquo;Affaire des 46 militaires de\u0301tenus.<\/p>\n<p>A\u0300 ce jour, Abidjan n&rsquo;a pas encore de\u0301menti ladite information, laissant croire a\u0300 l&rsquo;opinion que le pre\u0301sident de la transition malienne, Assimi Goi\u0308ta, a\u0300 la marge de man\u0153uvre dans cette crise Diplomatique entre son pays et la Co\u0302te d&rsquo;Ivoire.<\/p>\n<p>Nous apprenons ce mercredi 02 novembre 2022, aupre\u0300s de nos contacts proches de la Communaute\u0301 e\u0301conomique des E\u0301tats de l&rsquo;Afrique de l&rsquo;Ouest (CEDEAO), qu\u2019il aura une nouvelle phase dans les ne\u0301gociations pour la libe\u0301ration des 46 militaires ivoiriens incessamment.<\/p>\n<p>\u00ab Apre\u0300s la me\u0301diation togolaise, Abidjan et Bamako optent pour des ne\u0301gociations directes. Une de\u0301le\u0301gation ivoirienne biento\u0302t a\u0300 Bamako \u00bb, informe-t-on.<\/p>\n<p><strong>Pour plus d&rsquo;informations et d&rsquo;analyses sur la <a href=\"https:\/\/www.africa-press.net\/cotedivoire\">C\u00f4te d&rsquo;Ivoire<\/a>, suivez <a href=\"https:\/\/www.africa-press.net\/\">Africa-Press<\/a><\/strong><\/p>\n","protected":false},"excerpt":{"rendered":"<p>Africa-Press &#8211; C\u00f4te d&rsquo;Ivoire. Nouveau rebondissement dans l\u2019affaire des 46 soldats ivoiriens arre\u0302te\u0301s le 10 juillet 2022 et inculpe\u0301s au Mali a\u0300 la mi-aou\u0302t par la justice pour \u00ab tentative d\u2019atteinte a\u0300 la su\u0302rete\u0301 exte\u0301rieure de l\u2019E\u0301tat \u00bb avant d\u2019e\u0302tre formellement e\u0301croue\u0301s. Nous re\u0301ve\u0301lions dans un pre\u0301ce\u0301dent article, que les autorite\u0301s maliennes de la Transition [&hellip;]<\/p>\n","protected":false},"author":82,"featured_media":47324,"comment_status":"open","ping_status":"closed","sticky":false,"template":"","format":"standard","meta":{"footnotes":""},"categories":[2,10],"tags":[56,63,3611,1150,29,2066,5415],"class_list":["post-47325","post","type-post","status-publish","format-standard","has-post-thumbnail","hentry","category-politique","category-toutes-les-actualites","tag-africa-press","tag-africa-press-cote-divoire","tag-assimi-goita","tag-cedeao","tag-cote-divoire","tag-ivoiriens","tag-soldats"],"yoast_head":"<!-- This site is optimized with the Yoast SEO Premium plugin v26.1 (Yoast SEO v27.0) - https:\/\/yoast.com\/product\/yoast-seo-premium-wordpress\/ -->\n<title>Rebondissement dans l&#039;affaire des 46 soldats \u00e9crou\u00e9s \u00e0 Bamako, un \u00ab dialogue direct \u00bb annonc\u00e9 - C\u00f4te d&#039;Ivoire<\/title>\n<meta name=\"description\" content=\"\ufeff Nouveau rebondissement dans l\u2019affaire des 46 soldats ivoiriens arre\u0302te\u0301s le 10 juillet 2022 et inculpe\u0301s au Mali a\u0300 l ...\" \/>\n<meta name=\"robots\" content=\"index, follow, max-snippet:-1, max-image-preview:large, max-video-preview:-1\" \/>\n<link rel=\"canonical\" href=\"https:\/\/www.africa-press.net\/cotedivoire\/politique\/rebondissement-dans-laffaire-des-46-soldats-ecroues-a-bamako-un-dialogue-direct-annonce\" \/>\n<meta property=\"og:locale\" content=\"fr_FR\" \/>\n<meta property=\"og:type\" content=\"article\" \/>\n<meta property=\"og:title\" content=\"Rebondissement dans l&#039;affaire des 46 soldats \u00e9crou\u00e9s \u00e0 Bamako, un \u00ab dialogue direct \u00bb annonc\u00e9\" \/>\n<meta property=\"og:description\" content=\"\ufeff Nouveau rebondissement dans l\u2019affaire des 46 soldats ivoiriens arre\u0302te\u0301s le 10 juillet 2022 et inculpe\u0301s au Mali a\u0300 l ...\" \/>\n<meta property=\"og:url\" content=\"https:\/\/www.africa-press.net\/cotedivoire\/politique\/rebondissement-dans-laffaire-des-46-soldats-ecroues-a-bamako-un-dialogue-direct-annonce\" \/>\n<meta property=\"og:site_name\" content=\"C\u00f4te d&#039;Ivoire\" \/>\n<meta property=\"article:published_time\" content=\"2022-11-02T19:20:27+00:00\" \/>\n<meta property=\"article:modified_time\" content=\"2022-11-02T20:04:31+00:00\" \/>\n<meta property=\"og:image\" content=\"https:\/\/static.africa-press.net\/cote\/sites\/43\/2022\/11\/postQueueImg_22-6362cd1206b3a.jpg\" \/>\n\t<meta property=\"og:image:width\" content=\"720\" \/>\n\t<meta property=\"og:image:height\" content=\"356\" \/>\n\t<meta property=\"og:image:type\" content=\"image\/jpeg\" \/>\n<meta name=\"author\" content=\"cfeditorfr\" \/>\n<meta name=\"twitter:card\" content=\"summary_large_image\" \/>\n<meta name=\"twitter:label1\" content=\"\u00c9crit par\" \/>\n\t<meta name=\"twitter:data1\" content=\"cfeditorfr\" \/>\n\t<meta name=\"twitter:label2\" content=\"Dur\u00e9e de lecture estim\u00e9e\" \/>\n\t<meta name=\"twitter:data2\" content=\"1 minute\" \/>\n<script type=\"application\/ld+json\" class=\"yoast-schema-graph\">{\"@context\":\"https:\/\/schema.org\",\"@graph\":[{\"@type\":\"Article\",\"@id\":\"https:\/\/www.africa-press.net\/cotedivoire\/politique\/rebondissement-dans-laffaire-des-46-soldats-ecroues-a-bamako-un-dialogue-direct-annonce#article\",\"isPartOf\":{\"@id\":\"https:\/\/www.africa-press.net\/cotedivoire\/politique\/rebondissement-dans-laffaire-des-46-soldats-ecroues-a-bamako-un-dialogue-direct-annonce\"},\"author\":{\"name\":\"cfeditorfr\",\"@id\":\"https:\/\/www.africa-press.net\/cotedivoire\/#\/schema\/person\/2b1cf3cd81a31e3cd26889ca66d677f1\"},\"headline\":\"Rebondissement dans l&rsquo;affaire des 46 soldats \u00e9crou\u00e9s \u00e0 Bamako, un \u00ab dialogue direct \u00bb annonc\u00e9\",\"datePublished\":\"2022-11-02T19:20:27+00:00\",\"dateModified\":\"2022-11-02T20:04:31+00:00\",\"mainEntityOfPage\":{\"@id\":\"https:\/\/www.africa-press.net\/cotedivoire\/politique\/rebondissement-dans-laffaire-des-46-soldats-ecroues-a-bamako-un-dialogue-direct-annonce\"},\"wordCount\":234,\"commentCount\":0,\"image\":{\"@id\":\"https:\/\/www.africa-press.net\/cotedivoire\/politique\/rebondissement-dans-laffaire-des-46-soldats-ecroues-a-bamako-un-dialogue-direct-annonce#primaryimage\"},\"thumbnailUrl\":\"https:\/\/static.africa-press.net\/cote\/sites\/43\/2022\/11\/postQueueImg_22-6362cd1206b3a.jpg\",\"keywords\":[\"Africa Press\",\"Africa Press-C\u00f4te d'Ivoire\",\"Assimi Go\u00efta\",\"CEDEAO\",\"C\u00d4TE D'IVOIRE\",\"Ivoiriens\",\"soldats\"],\"articleSection\":[\"Politique\",\"Toutes les actualit\u00e9s\"],\"inLanguage\":\"fr-FR\",\"potentialAction\":[{\"@type\":\"CommentAction\",\"name\":\"Comment\",\"target\":[\"https:\/\/www.africa-press.net\/cotedivoire\/politique\/rebondissement-dans-laffaire-des-46-soldats-ecroues-a-bamako-un-dialogue-direct-annonce#respond\"]}]},{\"@type\":\"WebPage\",\"@id\":\"https:\/\/www.africa-press.net\/cotedivoire\/politique\/rebondissement-dans-laffaire-des-46-soldats-ecroues-a-bamako-un-dialogue-direct-annonce\",\"url\":\"https:\/\/www.africa-press.net\/cotedivoire\/politique\/rebondissement-dans-laffaire-des-46-soldats-ecroues-a-bamako-un-dialogue-direct-annonce\",\"name\":\"Rebondissement dans l'affaire des 46 soldats \u00e9crou\u00e9s \u00e0 Bamako, un \u00ab dialogue direct \u00bb annonc\u00e9 - C\u00f4te d&#039;Ivoire\",\"isPartOf\":{\"@id\":\"https:\/\/www.africa-press.net\/cotedivoire\/#website\"},\"primaryImageOfPage\":{\"@id\":\"https:\/\/www.africa-press.net\/cotedivoire\/politique\/rebondissement-dans-laffaire-des-46-soldats-ecroues-a-bamako-un-dialogue-direct-annonce#primaryimage\"},\"image\":{\"@id\":\"https:\/\/www.africa-press.net\/cotedivoire\/politique\/rebondissement-dans-laffaire-des-46-soldats-ecroues-a-bamako-un-dialogue-direct-annonce#primaryimage\"},\"thumbnailUrl\":\"https:\/\/static.africa-press.net\/cote\/sites\/43\/2022\/11\/postQueueImg_22-6362cd1206b3a.jpg\",\"datePublished\":\"2022-11-02T19:20:27+00:00\",\"dateModified\":\"2022-11-02T20:04:31+00:00\",\"author\":{\"@id\":\"https:\/\/www.africa-press.net\/cotedivoire\/#\/schema\/person\/2b1cf3cd81a31e3cd26889ca66d677f1\"},\"description\":\"\ufeff Nouveau rebondissement dans l\u2019affaire des 46 soldats ivoiriens arre\u0302te\u0301s le 10 juillet 2022 et inculpe\u0301s au Mali a\u0300 l ...\",\"breadcrumb\":{\"@id\":\"https:\/\/www.africa-press.net\/cotedivoire\/politique\/rebondissement-dans-laffaire-des-46-soldats-ecroues-a-bamako-un-dialogue-direct-annonce#breadcrumb\"},\"inLanguage\":\"fr-FR\",\"potentialAction\":[{\"@type\":\"ReadAction\",\"target\":[\"https:\/\/www.africa-press.net\/cotedivoire\/politique\/rebondissement-dans-laffaire-des-46-soldats-ecroues-a-bamako-un-dialogue-direct-annonce\"]}]},{\"@type\":\"ImageObject\",\"inLanguage\":\"fr-FR\",\"@id\":\"https:\/\/www.africa-press.net\/cotedivoire\/politique\/rebondissement-dans-laffaire-des-46-soldats-ecroues-a-bamako-un-dialogue-direct-annonce#primaryimage\",\"url\":\"https:\/\/static.africa-press.net\/cote\/sites\/43\/2022\/11\/postQueueImg_22-6362cd1206b3a.jpg\",\"contentUrl\":\"https:\/\/static.africa-press.net\/cote\/sites\/43\/2022\/11\/postQueueImg_22-6362cd1206b3a.jpg\",\"width\":720,\"height\":356,\"caption\":\"Rebondissement dans l'affaire des 46 soldats \u00e9crou\u00e9s \u00e0 Bamako, un \u00ab dialogue direct \u00bb annonc\u00e9\"},{\"@type\":\"BreadcrumbList\",\"@id\":\"https:\/\/www.africa-press.net\/cotedivoire\/politique\/rebondissement-dans-laffaire-des-46-soldats-ecroues-a-bamako-un-dialogue-direct-annonce#breadcrumb\",\"itemListElement\":[{\"@type\":\"ListItem\",\"position\":1,\"name\":\"Accueil\",\"item\":\"https:\/\/www.africa-press.net\/cotedivoire\/\"},{\"@type\":\"ListItem\",\"position\":2,\"name\":\"Rebondissement dans l&#8217;affaire des 46 soldats \u00e9crou\u00e9s \u00e0 Bamako, un \u00ab dialogue direct \u00bb annonc\u00e9\"}]},{\"@type\":\"WebSite\",\"@id\":\"https:\/\/www.africa-press.net\/cotedivoire\/#website\",\"url\":\"https:\/\/www.africa-press.net\/cotedivoire\/\",\"name\":\"C\u00f4te d&#039;Ivoire\",\"description\":\"Just another Africa News Agency Sites site\",\"potentialAction\":[{\"@type\":\"SearchAction\",\"target\":{\"@type\":\"EntryPoint\",\"urlTemplate\":\"https:\/\/www.africa-press.net\/cotedivoire\/?s={search_term_string}\"},\"query-input\":{\"@type\":\"PropertyValueSpecification\",\"valueRequired\":true,\"valueName\":\"search_term_string\"}}],\"inLanguage\":\"fr-FR\"},{\"@type\":\"Person\",\"@id\":\"https:\/\/www.africa-press.net\/cotedivoire\/#\/schema\/person\/2b1cf3cd81a31e3cd26889ca66d677f1\",\"name\":\"cfeditorfr\"}]}<\/script>\n<!-- \/ Yoast SEO Premium plugin. -->","yoast_head_json":{"title":"Rebondissement dans l'affaire des 46 soldats \u00e9crou\u00e9s \u00e0 Bamako, un \u00ab dialogue direct \u00bb annonc\u00e9 - C\u00f4te d&#039;Ivoire","description":"\ufeff Nouveau rebondissement dans l\u2019affaire des 46 soldats ivoiriens arre\u0302te\u0301s le 10 juillet 2022 et inculpe\u0301s au Mali a\u0300 l ...","robots":{"index":"index","follow":"follow","max-snippet":"max-snippet:-1","max-image-preview":"max-image-preview:large","max-video-preview":"max-video-preview:-1"},"canonical":"https:\/\/www.africa-press.net\/cotedivoire\/politique\/rebondissement-dans-laffaire-des-46-soldats-ecroues-a-bamako-un-dialogue-direct-annonce","og_locale":"fr_FR","og_type":"article","og_title":"Rebondissement dans l'affaire des 46 soldats \u00e9crou\u00e9s \u00e0 Bamako, un \u00ab dialogue direct \u00bb annonc\u00e9","og_description":"\ufeff Nouveau rebondissement dans l\u2019affaire des 46 soldats ivoiriens arre\u0302te\u0301s le 10 juillet 2022 et inculpe\u0301s au Mali a\u0300 l ...","og_url":"https:\/\/www.africa-press.net\/cotedivoire\/politique\/rebondissement-dans-laffaire-des-46-soldats-ecroues-a-bamako-un-dialogue-direct-annonce","og_site_name":"C\u00f4te d&#039;Ivoire","article_published_time":"2022-11-02T19:20:27+00:00","article_modified_time":"2022-11-02T20:04:31+00:00","og_image":[{"width":720,"height":356,"url":"https:\/\/static.africa-press.net\/cote\/sites\/43\/2022\/11\/postQueueImg_22-6362cd1206b3a.jpg","type":"image\/jpeg"}],"author":"cfeditorfr","twitter_card":"summary_large_image","twitter_misc":{"\u00c9crit par":"cfeditorfr","Dur\u00e9e de lecture estim\u00e9e":"1 minute"},"schema":{"@context":"https:\/\/schema.org","@graph":[{"@type":"Article","@id":"https:\/\/www.africa-press.net\/cotedivoire\/politique\/rebondissement-dans-laffaire-des-46-soldats-ecroues-a-bamako-un-dialogue-direct-annonce#article","isPartOf":{"@id":"https:\/\/www.africa-press.net\/cotedivoire\/politique\/rebondissement-dans-laffaire-des-46-soldats-ecroues-a-bamako-un-dialogue-direct-annonce"},"author":{"name":"cfeditorfr","@id":"https:\/\/www.africa-press.net\/cotedivoire\/#\/schema\/person\/2b1cf3cd81a31e3cd26889ca66d677f1"},"headline":"Rebondissement dans l&rsquo;affaire des 46 soldats \u00e9crou\u00e9s \u00e0 Bamako, un \u00ab dialogue direct \u00bb annonc\u00e9","datePublished":"2022-11-02T19:20:27+00:00","dateModified":"2022-11-02T20:04:31+00:00","mainEntityOfPage":{"@id":"https:\/\/www.africa-press.net\/cotedivoire\/politique\/rebondissement-dans-laffaire-des-46-soldats-ecroues-a-bamako-un-dialogue-direct-annonce"},"wordCount":234,"commentCount":0,"image":{"@id":"https:\/\/www.africa-press.net\/cotedivoire\/politique\/rebondissement-dans-laffaire-des-46-soldats-ecroues-a-bamako-un-dialogue-direct-annonce#primaryimage"},"thumbnailUrl":"https:\/\/static.africa-press.net\/cote\/sites\/43\/2022\/11\/postQueueImg_22-6362cd1206b3a.jpg","keywords":["Africa Press","Africa Press-C\u00f4te d'Ivoire","Assimi Go\u00efta","CEDEAO","C\u00d4TE D'IVOIRE","Ivoiriens","soldats"],"articleSection":["Politique","Toutes les actualit\u00e9s"],"inLanguage":"fr-FR","potentialAction":[{"@type":"CommentAction","name":"Comment","target":["https:\/\/www.africa-press.net\/cotedivoire\/politique\/rebondissement-dans-laffaire-des-46-soldats-ecroues-a-bamako-un-dialogue-direct-annonce#respond"]}]},{"@type":"WebPage","@id":"https:\/\/www.africa-press.net\/cotedivoire\/politique\/rebondissement-dans-laffaire-des-46-soldats-ecroues-a-bamako-un-dialogue-direct-annonce","url":"https:\/\/www.africa-press.net\/cotedivoire\/politique\/rebondissement-dans-laffaire-des-46-soldats-ecroues-a-bamako-un-dialogue-direct-annonce","name":"Rebondissement dans l'affaire des 46 soldats \u00e9crou\u00e9s \u00e0 Bamako, un \u00ab dialogue direct \u00bb annonc\u00e9 - C\u00f4te d&#039;Ivoire","isPartOf":{"@id":"https:\/\/www.africa-press.net\/cotedivoire\/#website"},"primaryImageOfPage":{"@id":"https:\/\/www.africa-press.net\/cotedivoire\/politique\/rebondissement-dans-laffaire-des-46-soldats-ecroues-a-bamako-un-dialogue-direct-annonce#primaryimage"},"image":{"@id":"https:\/\/www.africa-press.net\/cotedivoire\/politique\/rebondissement-dans-laffaire-des-46-soldats-ecroues-a-bamako-un-dialogue-direct-annonce#primaryimage"},"thumbnailUrl":"https:\/\/static.africa-press.net\/cote\/sites\/43\/2022\/11\/postQueueImg_22-6362cd1206b3a.jpg","datePublished":"2022-11-02T19:20:27+00:00","dateModified":"2022-11-02T20:04:31+00:00","author":{"@id":"https:\/\/www.africa-press.net\/cotedivoire\/#\/schema\/person\/2b1cf3cd81a31e3cd26889ca66d677f1"},"description":"\ufeff Nouveau rebondissement dans l\u2019affaire des 46 soldats ivoiriens arre\u0302te\u0301s le 10 juillet 2022 et inculpe\u0301s au Mali a\u0300 l ...","breadcrumb":{"@id":"https:\/\/www.africa-press.net\/cotedivoire\/politique\/rebondissement-dans-laffaire-des-46-soldats-ecroues-a-bamako-un-dialogue-direct-annonce#breadcrumb"},"inLanguage":"fr-FR","potentialAction":[{"@type":"ReadAction","target":["https:\/\/www.africa-press.net\/cotedivoire\/politique\/rebondissement-dans-laffaire-des-46-soldats-ecroues-a-bamako-un-dialogue-direct-annonce"]}]},{"@type":"ImageObject","inLanguage":"fr-FR","@id":"https:\/\/www.africa-press.net\/cotedivoire\/politique\/rebondissement-dans-laffaire-des-46-soldats-ecroues-a-bamako-un-dialogue-direct-annonce#primaryimage","url":"https:\/\/static.africa-press.net\/cote\/sites\/43\/2022\/11\/postQueueImg_22-6362cd1206b3a.jpg","contentUrl":"https:\/\/static.africa-press.net\/cote\/sites\/43\/2022\/11\/postQueueImg_22-6362cd1206b3a.jpg","width":720,"height":356,"caption":"Rebondissement dans l'affaire des 46 soldats \u00e9crou\u00e9s \u00e0 Bamako, un \u00ab dialogue direct \u00bb annonc\u00e9"},{"@type":"BreadcrumbList","@id":"https:\/\/www.africa-press.net\/cotedivoire\/politique\/rebondissement-dans-laffaire-des-46-soldats-ecroues-a-bamako-un-dialogue-direct-annonce#breadcrumb","itemListElement":[{"@type":"ListItem","position":1,"name":"Accueil","item":"https:\/\/www.africa-press.net\/cotedivoire\/"},{"@type":"ListItem","position":2,"name":"Rebondissement dans l&#8217;affaire des 46 soldats \u00e9crou\u00e9s \u00e0 Bamako, un \u00ab dialogue direct \u00bb annonc\u00e9"}]},{"@type":"WebSite","@id":"https:\/\/www.africa-press.net\/cotedivoire\/#website","url":"https:\/\/www.africa-press.net\/cotedivoire\/","name":"C\u00f4te d&#039;Ivoire","description":"Just another Africa News Agency Sites site","potentialAction":[{"@type":"SearchAction","target":{"@type":"EntryPoint","urlTemplate":"https:\/\/www.africa-press.net\/cotedivoire\/?s={search_term_string}"},"query-input":{"@type":"PropertyValueSpecification","valueRequired":true,"valueName":"search_term_string"}}],"inLanguage":"fr-FR"},{"@type":"Person","@id":"https:\/\/www.africa-press.net\/cotedivoire\/#\/schema\/person\/2b1cf3cd81a31e3cd26889ca66d677f1","name":"cfeditorfr"}]}},"_links":{"self":[{"href":"https:\/\/www.africa-press.net\/cotedivoire\/wp-json\/wp\/v2\/posts\/47325","targetHints":{"allow":["GET"]}}],"collection":[{"href":"https:\/\/www.africa-press.net\/cotedivoire\/wp-json\/wp\/v2\/posts"}],"about":[{"href":"https:\/\/www.africa-press.net\/cotedivoire\/wp-json\/wp\/v2\/types\/post"}],"author":[{"embeddable":true,"href":"https:\/\/www.africa-press.net\/cotedivoire\/wp-json\/wp\/v2\/users\/82"}],"replies":[{"embeddable":true,"href":"https:\/\/www.africa-press.net\/cotedivoire\/wp-json\/wp\/v2\/comments?post=47325"}],"version-history":[{"count":0,"href":"https:\/\/www.africa-press.net\/cotedivoire\/wp-json\/wp\/v2\/posts\/47325\/revisions"}],"wp:featuredmedia":[{"embeddable":true,"href":"https:\/\/www.africa-press.net\/cotedivoire\/wp-json\/wp\/v2\/media\/47324"}],"wp:attachment":[{"href":"https:\/\/www.africa-press.net\/cotedivoire\/wp-json\/wp\/v2\/media?parent=47325"}],"wp:term":[{"taxonomy":"category","embeddable":true,"href":"https:\/\/www.africa-press.net\/cotedivoire\/wp-json\/wp\/v2\/categories?post=47325"},{"taxonomy":"post_tag","embeddable":true,"href":"https:\/\/www.africa-press.net\/cotedivoire\/wp-json\/wp\/v2\/tags?post=47325"}],"curies":[{"name":"wp","href":"https:\/\/api.w.org\/{rel}","templated":true}]}}