{"id":47727,"date":"2022-11-07T18:37:00","date_gmt":"2022-11-07T18:37:00","guid":{"rendered":"https:\/\/www.africa-press.net\/cotedivoire\/politique\/revision-de-la-liste-electorale-ils-estiment-le-delai-court-pour-la-reussite-de-loperation-et-demandent-une-prorogation"},"modified":"2022-11-07T18:48:08","modified_gmt":"2022-11-07T18:48:08","slug":"revision-de-la-liste-electorale-ils-estiment-le-delai-court-pour-la-reussite-de-loperation-et-demandent-une-prorogation","status":"publish","type":"post","link":"https:\/\/www.africa-press.net\/cotedivoire\/politique\/revision-de-la-liste-electorale-ils-estiment-le-delai-court-pour-la-reussite-de-loperation-et-demandent-une-prorogation","title":{"rendered":"R\u00e9vision de la liste \u00e9lectorale, ils estiment le d\u00e9lai court pour la r\u00e9ussite de l&rsquo;op\u00e9ration et demandent une prorogation"},"content":{"rendered":"<p><span style=\"color: #ff6600\"><strong>Africa-Press &#8211; C\u00f4te d&rsquo;Ivoire. <\/strong><\/span>He\u0301rode Se\u0301ri et ses camarades a\u0300 Cocody (Ph KOACI)<\/p>\n<p>La Commission E\u0301lectorale Inde\u0301pendante (CEI) va proce\u0301der a\u0300 la re\u0301vision de la liste e\u0301lectorale. Ainsi, comme annonce\u0301, du 19 novembre au 10 de\u0301cembre 2022 (soit 22 jours) l\u2019ope\u0301ration de la re\u0301vision va se de\u0301rouler sur l&rsquo;e\u0301tendue du territoire national et du 24 novembre au 10 de\u0301cembre 2022 (soit 17 jours) pour les Ivoiriens qui vivent a\u0300 l&rsquo;e\u0301tranger.<\/p>\n<p>Devant la presse le samedi 5 novembre 2022 a\u0300 Cocody, He\u0301rode Se\u0301ri, pre\u0301sident du Mouvement le \u00ab Cri du Peuple \u00bb et ses camarades estiment que cette pe\u0301riode est relativement courte pour la re\u0301ussite de l&rsquo;ope\u0301ration.<\/p>\n<p>De ce fait, ils ont demande\u0301 la prolongation du de\u0301lai de clo\u0302ture de la re\u0301vision de la liste e\u0301lectorale au 19 de\u0301cembre (soit 1 mois) et l\u2019inte\u0301gration de toutes les sensibilite\u0301s dans les instances de la Commission E\u0301lectorale Inde\u0301pendante.<\/p>\n<p>\u00ab Nous profitons e\u0301galement pour lancer un vibrant appel a\u0300 toute la population a\u0300 sortir tre\u0300s massivement pour se faire enro\u0302ler. Par ailleurs, nous invitons au respect du principe de la limitation des mandats pre\u0301sidentiels et cela doit s\u2019e\u0301tendre a\u0300 nos e\u0301lus locaux, dans l\u2019inte\u0301re\u0302t de l\u2019alternance politique a\u0300 la te\u0302te des organes de gestion de nos collectivite\u0301s territoriales. L\u2019alternance politique devrait contribuer au processus de de\u0301veloppement de notre pays et renforcer le sentiment national. En ge\u0301ne\u0301ral, toute nouvelle e\u0301quipe vient avec de nouvelles ide\u0301es, souvent favorables au de\u0301veloppement. Ainsi, l\u2019alternance politique constitue un des proce\u0301de\u0301s pour y contribuer. \u00bb, a fait savoir He\u0301rode Se\u0301ri.<\/p>\n<p>Au cours de cette confe\u0301rence de presse qui semblait e\u0302tre un plaidoyer au chef de l\u2019Etat Alassane Ouattara, le pre\u0301sident du \u00ab Cri du Peuple \u00bb propose au pre\u0301sident de la Re\u0301publique de faire un discours officiel, des explications claires sur le proble\u0300me des 46 soldats de\u0301tenus au Mali depuis plusieurs mois.<\/p>\n<p>\u00ab Cette de\u0301tention est un coup dur pour leurs diffe\u0301rentes familles et une situation de\u0301shonorante pour notre arme\u0301e. Votre mutisme dans cette affaire cre\u0301e la tension et une psychose symptomatique d&rsquo;un mal-e\u0302tre profond. \u00bb, a martele\u0301 He\u0301rode Se\u0301ri.<\/p>\n<p><strong>Pour plus d&rsquo;informations et d&rsquo;analyses sur la <a href=\"https:\/\/www.africa-press.net\/cotedivoire\">C\u00f4te d&rsquo;Ivoire<\/a>, suivez <a href=\"https:\/\/www.africa-press.net\/\">Africa-Press<\/a><\/strong><\/p>\n","protected":false},"excerpt":{"rendered":"<p>Africa-Press &#8211; C\u00f4te d&rsquo;Ivoire. He\u0301rode Se\u0301ri et ses camarades a\u0300 Cocody (Ph KOACI) La Commission E\u0301lectorale Inde\u0301pendante (CEI) va proce\u0301der a\u0300 la re\u0301vision de la liste e\u0301lectorale. Ainsi, comme annonce\u0301, du 19 novembre au 10 de\u0301cembre 2022 (soit 22 jours) l\u2019ope\u0301ration de la re\u0301vision va se de\u0301rouler sur l&rsquo;e\u0301tendue du territoire national et du 24 [&hellip;]<\/p>\n","protected":false},"author":82,"featured_media":47726,"comment_status":"open","ping_status":"closed","sticky":false,"template":"","format":"standard","meta":{"footnotes":""},"categories":[2,10],"tags":[56,63,38,1316,358,29,8081,2734,3451],"class_list":["post-47727","post","type-post","status-publish","format-standard","has-post-thumbnail","hentry","category-politique","category-toutes-les-actualites","tag-africa-press","tag-africa-press-cote-divoire","tag-alassane-ouattara","tag-cei","tag-cocody","tag-cote-divoire","tag-herode-seri","tag-liste-electorale","tag-peuple"],"yoast_head":"<!-- This site is optimized with the Yoast SEO Premium plugin v26.1 (Yoast SEO v27.0) - https:\/\/yoast.com\/product\/yoast-seo-premium-wordpress\/ -->\n<title>R\u00e9vision de la liste \u00e9lectorale, ils estiment le d\u00e9lai court pour la r\u00e9ussite de l&#039;op\u00e9ration et demandent une prorogation - C\u00f4te d&#039;Ivoire<\/title>\n<meta name=\"description\" content=\"He\u0301rode Se\u0301ri et ses camarades a\u0300 Cocody (Ph KOACI) La Commission E\u0301lectorale Inde\u0301pendante (CEI) va proce\u0301der a\u0300 la re ...\" \/>\n<meta name=\"robots\" content=\"index, follow, max-snippet:-1, max-image-preview:large, max-video-preview:-1\" \/>\n<link rel=\"canonical\" href=\"https:\/\/www.africa-press.net\/cotedivoire\/politique\/revision-de-la-liste-electorale-ils-estiment-le-delai-court-pour-la-reussite-de-loperation-et-demandent-une-prorogation\" \/>\n<meta property=\"og:locale\" content=\"fr_FR\" \/>\n<meta property=\"og:type\" content=\"article\" \/>\n<meta property=\"og:title\" content=\"R\u00e9vision de la liste \u00e9lectorale, ils estiment le d\u00e9lai court pour la r\u00e9ussite de l&#039;op\u00e9ration et demandent une prorogation\" \/>\n<meta property=\"og:description\" content=\"He\u0301rode Se\u0301ri et ses camarades a\u0300 Cocody (Ph KOACI) La Commission E\u0301lectorale Inde\u0301pendante (CEI) va proce\u0301der a\u0300 la re ...\" \/>\n<meta property=\"og:url\" content=\"https:\/\/www.africa-press.net\/cotedivoire\/politique\/revision-de-la-liste-electorale-ils-estiment-le-delai-court-pour-la-reussite-de-loperation-et-demandent-une-prorogation\" \/>\n<meta property=\"og:site_name\" content=\"C\u00f4te d&#039;Ivoire\" \/>\n<meta property=\"article:published_time\" content=\"2022-11-07T18:37:00+00:00\" \/>\n<meta property=\"article:modified_time\" content=\"2022-11-07T18:48:08+00:00\" \/>\n<meta property=\"og:image\" content=\"https:\/\/static.africa-press.net\/cote\/sites\/43\/2022\/11\/postQueueImg_17-636952d15cb5c.jpg\" \/>\n\t<meta property=\"og:image:width\" content=\"720\" \/>\n\t<meta property=\"og:image:height\" content=\"480\" \/>\n\t<meta property=\"og:image:type\" content=\"image\/jpeg\" \/>\n<meta name=\"author\" content=\"cfeditorfr\" \/>\n<meta name=\"twitter:card\" content=\"summary_large_image\" \/>\n<meta name=\"twitter:label1\" content=\"\u00c9crit par\" \/>\n\t<meta name=\"twitter:data1\" content=\"cfeditorfr\" \/>\n\t<meta name=\"twitter:label2\" content=\"Dur\u00e9e de lecture estim\u00e9e\" \/>\n\t<meta name=\"twitter:data2\" content=\"2 minutes\" \/>\n<script type=\"application\/ld+json\" class=\"yoast-schema-graph\">{\"@context\":\"https:\/\/schema.org\",\"@graph\":[{\"@type\":\"Article\",\"@id\":\"https:\/\/www.africa-press.net\/cotedivoire\/politique\/revision-de-la-liste-electorale-ils-estiment-le-delai-court-pour-la-reussite-de-loperation-et-demandent-une-prorogation#article\",\"isPartOf\":{\"@id\":\"https:\/\/www.africa-press.net\/cotedivoire\/politique\/revision-de-la-liste-electorale-ils-estiment-le-delai-court-pour-la-reussite-de-loperation-et-demandent-une-prorogation\"},\"author\":{\"name\":\"cfeditorfr\",\"@id\":\"https:\/\/www.africa-press.net\/cotedivoire\/#\/schema\/person\/2b1cf3cd81a31e3cd26889ca66d677f1\"},\"headline\":\"R\u00e9vision de la liste \u00e9lectorale, ils estiment le d\u00e9lai court pour la r\u00e9ussite de l&rsquo;op\u00e9ration et demandent une prorogation\",\"datePublished\":\"2022-11-07T18:37:00+00:00\",\"dateModified\":\"2022-11-07T18:48:08+00:00\",\"mainEntityOfPage\":{\"@id\":\"https:\/\/www.africa-press.net\/cotedivoire\/politique\/revision-de-la-liste-electorale-ils-estiment-le-delai-court-pour-la-reussite-de-loperation-et-demandent-une-prorogation\"},\"wordCount\":436,\"commentCount\":0,\"image\":{\"@id\":\"https:\/\/www.africa-press.net\/cotedivoire\/politique\/revision-de-la-liste-electorale-ils-estiment-le-delai-court-pour-la-reussite-de-loperation-et-demandent-une-prorogation#primaryimage\"},\"thumbnailUrl\":\"https:\/\/static.africa-press.net\/cote\/sites\/43\/2022\/11\/postQueueImg_17-636952d15cb5c.jpg\",\"keywords\":[\"Africa Press\",\"Africa Press-C\u00f4te d'Ivoire\",\"Alassane Ouattara\",\"Cei\",\"Cocody\",\"C\u00d4TE D'IVOIRE\",\"H\u00e9rode S\u00e9ri\",\"liste \u00e9lectorale\",\"peuple\"],\"articleSection\":[\"Politique\",\"Toutes les actualit\u00e9s\"],\"inLanguage\":\"fr-FR\",\"potentialAction\":[{\"@type\":\"CommentAction\",\"name\":\"Comment\",\"target\":[\"https:\/\/www.africa-press.net\/cotedivoire\/politique\/revision-de-la-liste-electorale-ils-estiment-le-delai-court-pour-la-reussite-de-loperation-et-demandent-une-prorogation#respond\"]}]},{\"@type\":\"WebPage\",\"@id\":\"https:\/\/www.africa-press.net\/cotedivoire\/politique\/revision-de-la-liste-electorale-ils-estiment-le-delai-court-pour-la-reussite-de-loperation-et-demandent-une-prorogation\",\"url\":\"https:\/\/www.africa-press.net\/cotedivoire\/politique\/revision-de-la-liste-electorale-ils-estiment-le-delai-court-pour-la-reussite-de-loperation-et-demandent-une-prorogation\",\"name\":\"R\u00e9vision de la liste \u00e9lectorale, ils estiment le d\u00e9lai court pour la r\u00e9ussite de l'op\u00e9ration et demandent une prorogation - C\u00f4te d&#039;Ivoire\",\"isPartOf\":{\"@id\":\"https:\/\/www.africa-press.net\/cotedivoire\/#website\"},\"primaryImageOfPage\":{\"@id\":\"https:\/\/www.africa-press.net\/cotedivoire\/politique\/revision-de-la-liste-electorale-ils-estiment-le-delai-court-pour-la-reussite-de-loperation-et-demandent-une-prorogation#primaryimage\"},\"image\":{\"@id\":\"https:\/\/www.africa-press.net\/cotedivoire\/politique\/revision-de-la-liste-electorale-ils-estiment-le-delai-court-pour-la-reussite-de-loperation-et-demandent-une-prorogation#primaryimage\"},\"thumbnailUrl\":\"https:\/\/static.africa-press.net\/cote\/sites\/43\/2022\/11\/postQueueImg_17-636952d15cb5c.jpg\",\"datePublished\":\"2022-11-07T18:37:00+00:00\",\"dateModified\":\"2022-11-07T18:48:08+00:00\",\"author\":{\"@id\":\"https:\/\/www.africa-press.net\/cotedivoire\/#\/schema\/person\/2b1cf3cd81a31e3cd26889ca66d677f1\"},\"description\":\"He\u0301rode Se\u0301ri et ses camarades a\u0300 Cocody (Ph KOACI) La Commission E\u0301lectorale Inde\u0301pendante (CEI) va proce\u0301der a\u0300 la re ...\",\"breadcrumb\":{\"@id\":\"https:\/\/www.africa-press.net\/cotedivoire\/politique\/revision-de-la-liste-electorale-ils-estiment-le-delai-court-pour-la-reussite-de-loperation-et-demandent-une-prorogation#breadcrumb\"},\"inLanguage\":\"fr-FR\",\"potentialAction\":[{\"@type\":\"ReadAction\",\"target\":[\"https:\/\/www.africa-press.net\/cotedivoire\/politique\/revision-de-la-liste-electorale-ils-estiment-le-delai-court-pour-la-reussite-de-loperation-et-demandent-une-prorogation\"]}]},{\"@type\":\"ImageObject\",\"inLanguage\":\"fr-FR\",\"@id\":\"https:\/\/www.africa-press.net\/cotedivoire\/politique\/revision-de-la-liste-electorale-ils-estiment-le-delai-court-pour-la-reussite-de-loperation-et-demandent-une-prorogation#primaryimage\",\"url\":\"https:\/\/static.africa-press.net\/cote\/sites\/43\/2022\/11\/postQueueImg_17-636952d15cb5c.jpg\",\"contentUrl\":\"https:\/\/static.africa-press.net\/cote\/sites\/43\/2022\/11\/postQueueImg_17-636952d15cb5c.jpg\",\"width\":720,\"height\":480,\"caption\":\"R\u00e9vision de la liste \u00e9lectorale, ils estiment le d\u00e9lai court pour la r\u00e9ussite de l'op\u00e9ration et demandent une prorogation\"},{\"@type\":\"BreadcrumbList\",\"@id\":\"https:\/\/www.africa-press.net\/cotedivoire\/politique\/revision-de-la-liste-electorale-ils-estiment-le-delai-court-pour-la-reussite-de-loperation-et-demandent-une-prorogation#breadcrumb\",\"itemListElement\":[{\"@type\":\"ListItem\",\"position\":1,\"name\":\"Accueil\",\"item\":\"https:\/\/www.africa-press.net\/cotedivoire\/\"},{\"@type\":\"ListItem\",\"position\":2,\"name\":\"R\u00e9vision de la liste \u00e9lectorale, ils estiment le d\u00e9lai court pour la r\u00e9ussite de l&#8217;op\u00e9ration et demandent une prorogation\"}]},{\"@type\":\"WebSite\",\"@id\":\"https:\/\/www.africa-press.net\/cotedivoire\/#website\",\"url\":\"https:\/\/www.africa-press.net\/cotedivoire\/\",\"name\":\"C\u00f4te d&#039;Ivoire\",\"description\":\"Just another Africa News Agency Sites site\",\"potentialAction\":[{\"@type\":\"SearchAction\",\"target\":{\"@type\":\"EntryPoint\",\"urlTemplate\":\"https:\/\/www.africa-press.net\/cotedivoire\/?s={search_term_string}\"},\"query-input\":{\"@type\":\"PropertyValueSpecification\",\"valueRequired\":true,\"valueName\":\"search_term_string\"}}],\"inLanguage\":\"fr-FR\"},{\"@type\":\"Person\",\"@id\":\"https:\/\/www.africa-press.net\/cotedivoire\/#\/schema\/person\/2b1cf3cd81a31e3cd26889ca66d677f1\",\"name\":\"cfeditorfr\"}]}<\/script>\n<!-- \/ Yoast SEO Premium plugin. -->","yoast_head_json":{"title":"R\u00e9vision de la liste \u00e9lectorale, ils estiment le d\u00e9lai court pour la r\u00e9ussite de l'op\u00e9ration et demandent une prorogation - C\u00f4te d&#039;Ivoire","description":"He\u0301rode Se\u0301ri et ses camarades a\u0300 Cocody (Ph KOACI) La Commission E\u0301lectorale Inde\u0301pendante (CEI) va proce\u0301der a\u0300 la re ...","robots":{"index":"index","follow":"follow","max-snippet":"max-snippet:-1","max-image-preview":"max-image-preview:large","max-video-preview":"max-video-preview:-1"},"canonical":"https:\/\/www.africa-press.net\/cotedivoire\/politique\/revision-de-la-liste-electorale-ils-estiment-le-delai-court-pour-la-reussite-de-loperation-et-demandent-une-prorogation","og_locale":"fr_FR","og_type":"article","og_title":"R\u00e9vision de la liste \u00e9lectorale, ils estiment le d\u00e9lai court pour la r\u00e9ussite de l'op\u00e9ration et demandent une prorogation","og_description":"He\u0301rode Se\u0301ri et ses camarades a\u0300 Cocody (Ph KOACI) La Commission E\u0301lectorale Inde\u0301pendante (CEI) va proce\u0301der a\u0300 la re ...","og_url":"https:\/\/www.africa-press.net\/cotedivoire\/politique\/revision-de-la-liste-electorale-ils-estiment-le-delai-court-pour-la-reussite-de-loperation-et-demandent-une-prorogation","og_site_name":"C\u00f4te d&#039;Ivoire","article_published_time":"2022-11-07T18:37:00+00:00","article_modified_time":"2022-11-07T18:48:08+00:00","og_image":[{"width":720,"height":480,"url":"https:\/\/static.africa-press.net\/cote\/sites\/43\/2022\/11\/postQueueImg_17-636952d15cb5c.jpg","type":"image\/jpeg"}],"author":"cfeditorfr","twitter_card":"summary_large_image","twitter_misc":{"\u00c9crit par":"cfeditorfr","Dur\u00e9e de lecture estim\u00e9e":"2 minutes"},"schema":{"@context":"https:\/\/schema.org","@graph":[{"@type":"Article","@id":"https:\/\/www.africa-press.net\/cotedivoire\/politique\/revision-de-la-liste-electorale-ils-estiment-le-delai-court-pour-la-reussite-de-loperation-et-demandent-une-prorogation#article","isPartOf":{"@id":"https:\/\/www.africa-press.net\/cotedivoire\/politique\/revision-de-la-liste-electorale-ils-estiment-le-delai-court-pour-la-reussite-de-loperation-et-demandent-une-prorogation"},"author":{"name":"cfeditorfr","@id":"https:\/\/www.africa-press.net\/cotedivoire\/#\/schema\/person\/2b1cf3cd81a31e3cd26889ca66d677f1"},"headline":"R\u00e9vision de la liste \u00e9lectorale, ils estiment le d\u00e9lai court pour la r\u00e9ussite de l&rsquo;op\u00e9ration et demandent une prorogation","datePublished":"2022-11-07T18:37:00+00:00","dateModified":"2022-11-07T18:48:08+00:00","mainEntityOfPage":{"@id":"https:\/\/www.africa-press.net\/cotedivoire\/politique\/revision-de-la-liste-electorale-ils-estiment-le-delai-court-pour-la-reussite-de-loperation-et-demandent-une-prorogation"},"wordCount":436,"commentCount":0,"image":{"@id":"https:\/\/www.africa-press.net\/cotedivoire\/politique\/revision-de-la-liste-electorale-ils-estiment-le-delai-court-pour-la-reussite-de-loperation-et-demandent-une-prorogation#primaryimage"},"thumbnailUrl":"https:\/\/static.africa-press.net\/cote\/sites\/43\/2022\/11\/postQueueImg_17-636952d15cb5c.jpg","keywords":["Africa Press","Africa Press-C\u00f4te d'Ivoire","Alassane Ouattara","Cei","Cocody","C\u00d4TE D'IVOIRE","H\u00e9rode S\u00e9ri","liste \u00e9lectorale","peuple"],"articleSection":["Politique","Toutes les actualit\u00e9s"],"inLanguage":"fr-FR","potentialAction":[{"@type":"CommentAction","name":"Comment","target":["https:\/\/www.africa-press.net\/cotedivoire\/politique\/revision-de-la-liste-electorale-ils-estiment-le-delai-court-pour-la-reussite-de-loperation-et-demandent-une-prorogation#respond"]}]},{"@type":"WebPage","@id":"https:\/\/www.africa-press.net\/cotedivoire\/politique\/revision-de-la-liste-electorale-ils-estiment-le-delai-court-pour-la-reussite-de-loperation-et-demandent-une-prorogation","url":"https:\/\/www.africa-press.net\/cotedivoire\/politique\/revision-de-la-liste-electorale-ils-estiment-le-delai-court-pour-la-reussite-de-loperation-et-demandent-une-prorogation","name":"R\u00e9vision de la liste \u00e9lectorale, ils estiment le d\u00e9lai court pour la r\u00e9ussite de l'op\u00e9ration et demandent une prorogation - C\u00f4te d&#039;Ivoire","isPartOf":{"@id":"https:\/\/www.africa-press.net\/cotedivoire\/#website"},"primaryImageOfPage":{"@id":"https:\/\/www.africa-press.net\/cotedivoire\/politique\/revision-de-la-liste-electorale-ils-estiment-le-delai-court-pour-la-reussite-de-loperation-et-demandent-une-prorogation#primaryimage"},"image":{"@id":"https:\/\/www.africa-press.net\/cotedivoire\/politique\/revision-de-la-liste-electorale-ils-estiment-le-delai-court-pour-la-reussite-de-loperation-et-demandent-une-prorogation#primaryimage"},"thumbnailUrl":"https:\/\/static.africa-press.net\/cote\/sites\/43\/2022\/11\/postQueueImg_17-636952d15cb5c.jpg","datePublished":"2022-11-07T18:37:00+00:00","dateModified":"2022-11-07T18:48:08+00:00","author":{"@id":"https:\/\/www.africa-press.net\/cotedivoire\/#\/schema\/person\/2b1cf3cd81a31e3cd26889ca66d677f1"},"description":"He\u0301rode Se\u0301ri et ses camarades a\u0300 Cocody (Ph KOACI) La Commission E\u0301lectorale Inde\u0301pendante (CEI) va proce\u0301der a\u0300 la re ...","breadcrumb":{"@id":"https:\/\/www.africa-press.net\/cotedivoire\/politique\/revision-de-la-liste-electorale-ils-estiment-le-delai-court-pour-la-reussite-de-loperation-et-demandent-une-prorogation#breadcrumb"},"inLanguage":"fr-FR","potentialAction":[{"@type":"ReadAction","target":["https:\/\/www.africa-press.net\/cotedivoire\/politique\/revision-de-la-liste-electorale-ils-estiment-le-delai-court-pour-la-reussite-de-loperation-et-demandent-une-prorogation"]}]},{"@type":"ImageObject","inLanguage":"fr-FR","@id":"https:\/\/www.africa-press.net\/cotedivoire\/politique\/revision-de-la-liste-electorale-ils-estiment-le-delai-court-pour-la-reussite-de-loperation-et-demandent-une-prorogation#primaryimage","url":"https:\/\/static.africa-press.net\/cote\/sites\/43\/2022\/11\/postQueueImg_17-636952d15cb5c.jpg","contentUrl":"https:\/\/static.africa-press.net\/cote\/sites\/43\/2022\/11\/postQueueImg_17-636952d15cb5c.jpg","width":720,"height":480,"caption":"R\u00e9vision de la liste \u00e9lectorale, ils estiment le d\u00e9lai court pour la r\u00e9ussite de l'op\u00e9ration et demandent une prorogation"},{"@type":"BreadcrumbList","@id":"https:\/\/www.africa-press.net\/cotedivoire\/politique\/revision-de-la-liste-electorale-ils-estiment-le-delai-court-pour-la-reussite-de-loperation-et-demandent-une-prorogation#breadcrumb","itemListElement":[{"@type":"ListItem","position":1,"name":"Accueil","item":"https:\/\/www.africa-press.net\/cotedivoire\/"},{"@type":"ListItem","position":2,"name":"R\u00e9vision de la liste \u00e9lectorale, ils estiment le d\u00e9lai court pour la r\u00e9ussite de l&#8217;op\u00e9ration et demandent une prorogation"}]},{"@type":"WebSite","@id":"https:\/\/www.africa-press.net\/cotedivoire\/#website","url":"https:\/\/www.africa-press.net\/cotedivoire\/","name":"C\u00f4te d&#039;Ivoire","description":"Just another Africa News Agency Sites site","potentialAction":[{"@type":"SearchAction","target":{"@type":"EntryPoint","urlTemplate":"https:\/\/www.africa-press.net\/cotedivoire\/?s={search_term_string}"},"query-input":{"@type":"PropertyValueSpecification","valueRequired":true,"valueName":"search_term_string"}}],"inLanguage":"fr-FR"},{"@type":"Person","@id":"https:\/\/www.africa-press.net\/cotedivoire\/#\/schema\/person\/2b1cf3cd81a31e3cd26889ca66d677f1","name":"cfeditorfr"}]}},"_links":{"self":[{"href":"https:\/\/www.africa-press.net\/cotedivoire\/wp-json\/wp\/v2\/posts\/47727","targetHints":{"allow":["GET"]}}],"collection":[{"href":"https:\/\/www.africa-press.net\/cotedivoire\/wp-json\/wp\/v2\/posts"}],"about":[{"href":"https:\/\/www.africa-press.net\/cotedivoire\/wp-json\/wp\/v2\/types\/post"}],"author":[{"embeddable":true,"href":"https:\/\/www.africa-press.net\/cotedivoire\/wp-json\/wp\/v2\/users\/82"}],"replies":[{"embeddable":true,"href":"https:\/\/www.africa-press.net\/cotedivoire\/wp-json\/wp\/v2\/comments?post=47727"}],"version-history":[{"count":0,"href":"https:\/\/www.africa-press.net\/cotedivoire\/wp-json\/wp\/v2\/posts\/47727\/revisions"}],"wp:featuredmedia":[{"embeddable":true,"href":"https:\/\/www.africa-press.net\/cotedivoire\/wp-json\/wp\/v2\/media\/47726"}],"wp:attachment":[{"href":"https:\/\/www.africa-press.net\/cotedivoire\/wp-json\/wp\/v2\/media?parent=47727"}],"wp:term":[{"taxonomy":"category","embeddable":true,"href":"https:\/\/www.africa-press.net\/cotedivoire\/wp-json\/wp\/v2\/categories?post=47727"},{"taxonomy":"post_tag","embeddable":true,"href":"https:\/\/www.africa-press.net\/cotedivoire\/wp-json\/wp\/v2\/tags?post=47727"}],"curies":[{"name":"wp","href":"https:\/\/api.w.org\/{rel}","templated":true}]}}