{"id":47832,"date":"2022-11-09T17:57:15","date_gmt":"2022-11-09T17:57:15","guid":{"rendered":"https:\/\/www.africa-press.net\/cotedivoire\/politique\/loipi-annonce-les-journees-de-la-marque-ivoirienne-innovante-placees-sous-le-patronage-du-vice-president-kone"},"modified":"2022-11-09T18:32:01","modified_gmt":"2022-11-09T18:32:01","slug":"loipi-annonce-les-journees-de-la-marque-ivoirienne-innovante-placees-sous-le-patronage-du-vice-president-kone","status":"publish","type":"post","link":"https:\/\/www.africa-press.net\/cotedivoire\/culture-et-art\/loipi-annonce-les-journees-de-la-marque-ivoirienne-innovante-placees-sous-le-patronage-du-vice-president-kone","title":{"rendered":"L&rsquo;OIPI annonce les journ\u00e9es de la Marque ivoirienne innovante, plac\u00e9es sous le patronage du Vice-pr\u00e9sident Kon\u00e9"},"content":{"rendered":"<p><span style=\"color: #ff6600\"><strong>Africa-Press &#8211; C\u00f4te d&rsquo;Ivoire. <\/strong><\/span>La premie\u0300re e\u0301dition des Journe\u0301es de la Marque Ivoirienne Innovante (JM2I) organise\u0301es par l&rsquo;Office ivoirien de la proprete\u0301 intellectuelle (OIPI) auront lieu du 19 au 22 de\u0301cembre 2022 au Palais de la Culture, autour du the\u0300me : \u00ab la marque, un levier de de\u0301veloppement des entreprises \u00bb.<\/p>\n<p>Dr. Koffi Paul Assande\u0301, Directeur ge\u0301ne\u0301ral de l&rsquo;Office Ivoirien de la Proprie\u0301te\u0301 Intellectuelle (OIPI) a donne\u0301 l&rsquo;information a\u0300 la presse au cours d&rsquo;une confe\u0301rence qu&rsquo;il a anime\u0301 dans les nouveaux locaux de l&rsquo;OIPI, sis a\u0300 la Riviera-Bonoumin.<\/p>\n<p>Comme l&rsquo;a indique\u0301, le DG veut a\u0300 travers cette initiative de\u0301velopper une ve\u0301ritable culture des marques en Co\u0302te d&rsquo;Ivoire par l&rsquo;exploitation judicieuse du syste\u0300me de la proprie\u0301te\u0301 intellectuelle et la mise en place d&rsquo;un mode\u0300le d&rsquo;appropriation de valeur, associant l&rsquo;expertise de l&rsquo;OIPI, les PME ivoiriennes, les grandes entreprises, les responsables des faitie\u0300res et groupements patronaux, les institutions gouvernementales et les organisations internationales.<\/p>\n<p>Au cours de cette premie\u0300re e\u0301dition des JM2I, il est pre\u0301vu plusieurs activite\u0301s dont des panels de haut niveau, des master classes avec des experts nationaux et internationaux sur la proble\u0301matique de protection et de de\u0301veloppement des marques, un forum des jeunes entrepreneurs du nume\u0301rique, une exposition des produits de marques ivoiriennes prote\u0301ge\u0301es.<\/p>\n<p>Il est e\u0301galement annonce\u0301, un forum des meilleures pratiques en matie\u0300re de de\u0301veloppement de marque (BEST PRACTICES) et une ce\u0301re\u0301monie des AWARDS de la marque Ivoirienne avec la remise de prix symboliques aux entreprises qui se distinguent en matie\u0300re d&rsquo;innovation, de protection et de de\u0301veloppement des marques.<\/p>\n<p>Pour la premie\u0300re e\u0301dition des JM2I, tous les secteurs d&rsquo;activite\u0301s (Nume\u0301rique, Agroalimentaire, BTP, Industrie du Tourisme et de la Restauration, Education et Formation Professionnelle, Mode et artisanat, etc.) sont concerne\u0301s par les expositions.<\/p>\n<p>Il faut souligner que ces JM2I sont place\u0301es sous le patronage du Vice-Pre\u0301sident de la Re\u0301publique de Co\u0302te d&rsquo;Ivoire, S.E.M. Tie\u0301moko Meyliet Kone\u0301, sous la pre\u0301sidence du Premier ministre, Je\u0301ro\u0302me-Patrick Achi et sous le parrainage du ministre du Commerce, de l&rsquo;Industrie et de la Promotion des PME, Monsieur Souleymane Diarassouba.<\/p>\n<p>Cre\u0301e\u0301 par de\u0301cret N\u00b0 2005 -112 du 24 \/02\/2005, l&rsquo;OIPI est charge\u0301 d&rsquo;administrer le syste\u0300me de la Proprie\u0301te\u0301 Intellectuelle. Il assure en outre la repre\u0301sentation en Co\u0302te d&rsquo;Ivoire de l&rsquo;Organisation Africaine de la Proprie\u0301te\u0301 (OAPI) et de l&rsquo;Organisation Mondiale de la Proprie\u0301te\u0301 Intellectuelle.<\/p>\n<p><strong>Pour plus d&rsquo;informations et d&rsquo;analyses sur la <a href=\"https:\/\/www.africa-press.net\/cotedivoire\">C\u00f4te d&rsquo;Ivoire<\/a>, suivez <a href=\"https:\/\/www.africa-press.net\/\">Africa-Press<\/a><\/strong><\/p>\n","protected":false},"excerpt":{"rendered":"<p>Africa-Press &#8211; C\u00f4te d&rsquo;Ivoire. La premie\u0300re e\u0301dition des Journe\u0301es de la Marque Ivoirienne Innovante (JM2I) organise\u0301es par l&rsquo;Office ivoirien de la proprete\u0301 intellectuelle (OIPI) auront lieu du 19 au 22 de\u0301cembre 2022 au Palais de la Culture, autour du the\u0300me : \u00ab la marque, un levier de de\u0301veloppement des entreprises \u00bb. Dr. Koffi Paul Assande\u0301, [&hellip;]<\/p>\n","protected":false},"author":82,"featured_media":47831,"comment_status":"open","ping_status":"closed","sticky":false,"template":"","format":"standard","meta":{"footnotes":""},"categories":[5,10],"tags":[56,63,29,8088,8087],"class_list":["post-47832","post","type-post","status-publish","format-standard","has-post-thumbnail","hentry","category-culture-et-art","category-toutes-les-actualites","tag-africa-press","tag-africa-press-cote-divoire","tag-cote-divoire","tag-jm2i","tag-oipi"],"yoast_head":"<!-- This site is optimized with the Yoast SEO Premium plugin v26.1 (Yoast SEO v27.0) - https:\/\/yoast.com\/product\/yoast-seo-premium-wordpress\/ -->\n<title>L&#039;OIPI annonce les journ\u00e9es de la Marque ivoirienne innovante, plac\u00e9es sous le patronage du Vice-pr\u00e9sident Kon\u00e9 - C\u00f4te d&#039;Ivoire<\/title>\n<meta name=\"description\" content=\"La premie\u0300re e\u0301dition des Journe\u0301es de la Marque Ivoirienne Innovante (JM2I) organise\u0301es par l&#039;Office ivoirien de la pro ...\" \/>\n<meta name=\"robots\" content=\"index, follow, max-snippet:-1, max-image-preview:large, max-video-preview:-1\" \/>\n<link rel=\"canonical\" href=\"https:\/\/www.africa-press.net\/cotedivoire\/culture-et-art\/loipi-annonce-les-journees-de-la-marque-ivoirienne-innovante-placees-sous-le-patronage-du-vice-president-kone\" \/>\n<meta property=\"og:locale\" content=\"fr_FR\" \/>\n<meta property=\"og:type\" content=\"article\" \/>\n<meta property=\"og:title\" content=\"L&#039;OIPI annonce les journ\u00e9es de la Marque ivoirienne innovante, plac\u00e9es sous le patronage du Vice-pr\u00e9sident Kon\u00e9\" \/>\n<meta property=\"og:description\" content=\"La premie\u0300re e\u0301dition des Journe\u0301es de la Marque Ivoirienne Innovante (JM2I) organise\u0301es par l&#039;Office ivoirien de la pro ...\" \/>\n<meta property=\"og:url\" content=\"https:\/\/www.africa-press.net\/cotedivoire\/culture-et-art\/loipi-annonce-les-journees-de-la-marque-ivoirienne-innovante-placees-sous-le-patronage-du-vice-president-kone\" \/>\n<meta property=\"og:site_name\" content=\"C\u00f4te d&#039;Ivoire\" \/>\n<meta property=\"article:published_time\" content=\"2022-11-09T17:57:15+00:00\" \/>\n<meta property=\"article:modified_time\" content=\"2022-11-09T18:32:01+00:00\" \/>\n<meta property=\"og:image\" content=\"https:\/\/static.africa-press.net\/cote\/sites\/43\/2022\/11\/postQueueImg_10-636bf20f4888d.jpg\" \/>\n\t<meta property=\"og:image:width\" content=\"720\" \/>\n\t<meta property=\"og:image:height\" content=\"342\" \/>\n\t<meta property=\"og:image:type\" content=\"image\/jpeg\" \/>\n<meta name=\"author\" content=\"cfeditorfr\" \/>\n<meta name=\"twitter:card\" content=\"summary_large_image\" \/>\n<meta name=\"twitter:label1\" content=\"\u00c9crit par\" \/>\n\t<meta name=\"twitter:data1\" content=\"cfeditorfr\" \/>\n\t<meta name=\"twitter:label2\" content=\"Dur\u00e9e de lecture estim\u00e9e\" \/>\n\t<meta name=\"twitter:data2\" content=\"2 minutes\" \/>\n<script type=\"application\/ld+json\" class=\"yoast-schema-graph\">{\"@context\":\"https:\/\/schema.org\",\"@graph\":[{\"@type\":\"Article\",\"@id\":\"https:\/\/www.africa-press.net\/cotedivoire\/culture-et-art\/loipi-annonce-les-journees-de-la-marque-ivoirienne-innovante-placees-sous-le-patronage-du-vice-president-kone#article\",\"isPartOf\":{\"@id\":\"https:\/\/www.africa-press.net\/cotedivoire\/culture-et-art\/loipi-annonce-les-journees-de-la-marque-ivoirienne-innovante-placees-sous-le-patronage-du-vice-president-kone\"},\"author\":{\"name\":\"cfeditorfr\",\"@id\":\"https:\/\/www.africa-press.net\/cotedivoire\/#\/schema\/person\/2b1cf3cd81a31e3cd26889ca66d677f1\"},\"headline\":\"L&rsquo;OIPI annonce les journ\u00e9es de la Marque ivoirienne innovante, plac\u00e9es sous le patronage du Vice-pr\u00e9sident Kon\u00e9\",\"datePublished\":\"2022-11-09T17:57:15+00:00\",\"dateModified\":\"2022-11-09T18:32:01+00:00\",\"mainEntityOfPage\":{\"@id\":\"https:\/\/www.africa-press.net\/cotedivoire\/culture-et-art\/loipi-annonce-les-journees-de-la-marque-ivoirienne-innovante-placees-sous-le-patronage-du-vice-president-kone\"},\"wordCount\":487,\"commentCount\":0,\"image\":{\"@id\":\"https:\/\/www.africa-press.net\/cotedivoire\/culture-et-art\/loipi-annonce-les-journees-de-la-marque-ivoirienne-innovante-placees-sous-le-patronage-du-vice-president-kone#primaryimage\"},\"thumbnailUrl\":\"https:\/\/static.africa-press.net\/cote\/sites\/43\/2022\/11\/postQueueImg_10-636bf20f4888d.jpg\",\"keywords\":[\"Africa Press\",\"Africa Press-C\u00f4te d'Ivoire\",\"C\u00d4TE D'IVOIRE\",\"JM2I\",\"OIPI\"],\"articleSection\":[\"Culture et Art\",\"Toutes les actualit\u00e9s\"],\"inLanguage\":\"fr-FR\",\"potentialAction\":[{\"@type\":\"CommentAction\",\"name\":\"Comment\",\"target\":[\"https:\/\/www.africa-press.net\/cotedivoire\/culture-et-art\/loipi-annonce-les-journees-de-la-marque-ivoirienne-innovante-placees-sous-le-patronage-du-vice-president-kone#respond\"]}]},{\"@type\":\"WebPage\",\"@id\":\"https:\/\/www.africa-press.net\/cotedivoire\/culture-et-art\/loipi-annonce-les-journees-de-la-marque-ivoirienne-innovante-placees-sous-le-patronage-du-vice-president-kone\",\"url\":\"https:\/\/www.africa-press.net\/cotedivoire\/culture-et-art\/loipi-annonce-les-journees-de-la-marque-ivoirienne-innovante-placees-sous-le-patronage-du-vice-president-kone\",\"name\":\"L'OIPI annonce les journ\u00e9es de la Marque ivoirienne innovante, plac\u00e9es sous le patronage du Vice-pr\u00e9sident Kon\u00e9 - C\u00f4te d&#039;Ivoire\",\"isPartOf\":{\"@id\":\"https:\/\/www.africa-press.net\/cotedivoire\/#website\"},\"primaryImageOfPage\":{\"@id\":\"https:\/\/www.africa-press.net\/cotedivoire\/culture-et-art\/loipi-annonce-les-journees-de-la-marque-ivoirienne-innovante-placees-sous-le-patronage-du-vice-president-kone#primaryimage\"},\"image\":{\"@id\":\"https:\/\/www.africa-press.net\/cotedivoire\/culture-et-art\/loipi-annonce-les-journees-de-la-marque-ivoirienne-innovante-placees-sous-le-patronage-du-vice-president-kone#primaryimage\"},\"thumbnailUrl\":\"https:\/\/static.africa-press.net\/cote\/sites\/43\/2022\/11\/postQueueImg_10-636bf20f4888d.jpg\",\"datePublished\":\"2022-11-09T17:57:15+00:00\",\"dateModified\":\"2022-11-09T18:32:01+00:00\",\"author\":{\"@id\":\"https:\/\/www.africa-press.net\/cotedivoire\/#\/schema\/person\/2b1cf3cd81a31e3cd26889ca66d677f1\"},\"description\":\"La premie\u0300re e\u0301dition des Journe\u0301es de la Marque Ivoirienne Innovante (JM2I) organise\u0301es par l'Office ivoirien de la pro ...\",\"breadcrumb\":{\"@id\":\"https:\/\/www.africa-press.net\/cotedivoire\/culture-et-art\/loipi-annonce-les-journees-de-la-marque-ivoirienne-innovante-placees-sous-le-patronage-du-vice-president-kone#breadcrumb\"},\"inLanguage\":\"fr-FR\",\"potentialAction\":[{\"@type\":\"ReadAction\",\"target\":[\"https:\/\/www.africa-press.net\/cotedivoire\/culture-et-art\/loipi-annonce-les-journees-de-la-marque-ivoirienne-innovante-placees-sous-le-patronage-du-vice-president-kone\"]}]},{\"@type\":\"ImageObject\",\"inLanguage\":\"fr-FR\",\"@id\":\"https:\/\/www.africa-press.net\/cotedivoire\/culture-et-art\/loipi-annonce-les-journees-de-la-marque-ivoirienne-innovante-placees-sous-le-patronage-du-vice-president-kone#primaryimage\",\"url\":\"https:\/\/static.africa-press.net\/cote\/sites\/43\/2022\/11\/postQueueImg_10-636bf20f4888d.jpg\",\"contentUrl\":\"https:\/\/static.africa-press.net\/cote\/sites\/43\/2022\/11\/postQueueImg_10-636bf20f4888d.jpg\",\"width\":720,\"height\":342,\"caption\":\"L'OIPI annonce les journ\u00e9es de la Marque ivoirienne innovante, plac\u00e9es sous le patronage du Vice-pr\u00e9sident Kon\u00e9\"},{\"@type\":\"BreadcrumbList\",\"@id\":\"https:\/\/www.africa-press.net\/cotedivoire\/culture-et-art\/loipi-annonce-les-journees-de-la-marque-ivoirienne-innovante-placees-sous-le-patronage-du-vice-president-kone#breadcrumb\",\"itemListElement\":[{\"@type\":\"ListItem\",\"position\":1,\"name\":\"Accueil\",\"item\":\"https:\/\/www.africa-press.net\/cotedivoire\/\"},{\"@type\":\"ListItem\",\"position\":2,\"name\":\"L&#8217;OIPI annonce les journ\u00e9es de la Marque ivoirienne innovante, plac\u00e9es sous le patronage du Vice-pr\u00e9sident Kon\u00e9\"}]},{\"@type\":\"WebSite\",\"@id\":\"https:\/\/www.africa-press.net\/cotedivoire\/#website\",\"url\":\"https:\/\/www.africa-press.net\/cotedivoire\/\",\"name\":\"C\u00f4te d&#039;Ivoire\",\"description\":\"Just another Africa News Agency Sites site\",\"potentialAction\":[{\"@type\":\"SearchAction\",\"target\":{\"@type\":\"EntryPoint\",\"urlTemplate\":\"https:\/\/www.africa-press.net\/cotedivoire\/?s={search_term_string}\"},\"query-input\":{\"@type\":\"PropertyValueSpecification\",\"valueRequired\":true,\"valueName\":\"search_term_string\"}}],\"inLanguage\":\"fr-FR\"},{\"@type\":\"Person\",\"@id\":\"https:\/\/www.africa-press.net\/cotedivoire\/#\/schema\/person\/2b1cf3cd81a31e3cd26889ca66d677f1\",\"name\":\"cfeditorfr\"}]}<\/script>\n<!-- \/ Yoast SEO Premium plugin. -->","yoast_head_json":{"title":"L'OIPI annonce les journ\u00e9es de la Marque ivoirienne innovante, plac\u00e9es sous le patronage du Vice-pr\u00e9sident Kon\u00e9 - C\u00f4te d&#039;Ivoire","description":"La premie\u0300re e\u0301dition des Journe\u0301es de la Marque Ivoirienne Innovante (JM2I) organise\u0301es par l'Office ivoirien de la pro ...","robots":{"index":"index","follow":"follow","max-snippet":"max-snippet:-1","max-image-preview":"max-image-preview:large","max-video-preview":"max-video-preview:-1"},"canonical":"https:\/\/www.africa-press.net\/cotedivoire\/culture-et-art\/loipi-annonce-les-journees-de-la-marque-ivoirienne-innovante-placees-sous-le-patronage-du-vice-president-kone","og_locale":"fr_FR","og_type":"article","og_title":"L'OIPI annonce les journ\u00e9es de la Marque ivoirienne innovante, plac\u00e9es sous le patronage du Vice-pr\u00e9sident Kon\u00e9","og_description":"La premie\u0300re e\u0301dition des Journe\u0301es de la Marque Ivoirienne Innovante (JM2I) organise\u0301es par l'Office ivoirien de la pro ...","og_url":"https:\/\/www.africa-press.net\/cotedivoire\/culture-et-art\/loipi-annonce-les-journees-de-la-marque-ivoirienne-innovante-placees-sous-le-patronage-du-vice-president-kone","og_site_name":"C\u00f4te d&#039;Ivoire","article_published_time":"2022-11-09T17:57:15+00:00","article_modified_time":"2022-11-09T18:32:01+00:00","og_image":[{"width":720,"height":342,"url":"https:\/\/static.africa-press.net\/cote\/sites\/43\/2022\/11\/postQueueImg_10-636bf20f4888d.jpg","type":"image\/jpeg"}],"author":"cfeditorfr","twitter_card":"summary_large_image","twitter_misc":{"\u00c9crit par":"cfeditorfr","Dur\u00e9e de lecture estim\u00e9e":"2 minutes"},"schema":{"@context":"https:\/\/schema.org","@graph":[{"@type":"Article","@id":"https:\/\/www.africa-press.net\/cotedivoire\/culture-et-art\/loipi-annonce-les-journees-de-la-marque-ivoirienne-innovante-placees-sous-le-patronage-du-vice-president-kone#article","isPartOf":{"@id":"https:\/\/www.africa-press.net\/cotedivoire\/culture-et-art\/loipi-annonce-les-journees-de-la-marque-ivoirienne-innovante-placees-sous-le-patronage-du-vice-president-kone"},"author":{"name":"cfeditorfr","@id":"https:\/\/www.africa-press.net\/cotedivoire\/#\/schema\/person\/2b1cf3cd81a31e3cd26889ca66d677f1"},"headline":"L&rsquo;OIPI annonce les journ\u00e9es de la Marque ivoirienne innovante, plac\u00e9es sous le patronage du Vice-pr\u00e9sident Kon\u00e9","datePublished":"2022-11-09T17:57:15+00:00","dateModified":"2022-11-09T18:32:01+00:00","mainEntityOfPage":{"@id":"https:\/\/www.africa-press.net\/cotedivoire\/culture-et-art\/loipi-annonce-les-journees-de-la-marque-ivoirienne-innovante-placees-sous-le-patronage-du-vice-president-kone"},"wordCount":487,"commentCount":0,"image":{"@id":"https:\/\/www.africa-press.net\/cotedivoire\/culture-et-art\/loipi-annonce-les-journees-de-la-marque-ivoirienne-innovante-placees-sous-le-patronage-du-vice-president-kone#primaryimage"},"thumbnailUrl":"https:\/\/static.africa-press.net\/cote\/sites\/43\/2022\/11\/postQueueImg_10-636bf20f4888d.jpg","keywords":["Africa Press","Africa Press-C\u00f4te d'Ivoire","C\u00d4TE D'IVOIRE","JM2I","OIPI"],"articleSection":["Culture et Art","Toutes les actualit\u00e9s"],"inLanguage":"fr-FR","potentialAction":[{"@type":"CommentAction","name":"Comment","target":["https:\/\/www.africa-press.net\/cotedivoire\/culture-et-art\/loipi-annonce-les-journees-de-la-marque-ivoirienne-innovante-placees-sous-le-patronage-du-vice-president-kone#respond"]}]},{"@type":"WebPage","@id":"https:\/\/www.africa-press.net\/cotedivoire\/culture-et-art\/loipi-annonce-les-journees-de-la-marque-ivoirienne-innovante-placees-sous-le-patronage-du-vice-president-kone","url":"https:\/\/www.africa-press.net\/cotedivoire\/culture-et-art\/loipi-annonce-les-journees-de-la-marque-ivoirienne-innovante-placees-sous-le-patronage-du-vice-president-kone","name":"L'OIPI annonce les journ\u00e9es de la Marque ivoirienne innovante, plac\u00e9es sous le patronage du Vice-pr\u00e9sident Kon\u00e9 - C\u00f4te d&#039;Ivoire","isPartOf":{"@id":"https:\/\/www.africa-press.net\/cotedivoire\/#website"},"primaryImageOfPage":{"@id":"https:\/\/www.africa-press.net\/cotedivoire\/culture-et-art\/loipi-annonce-les-journees-de-la-marque-ivoirienne-innovante-placees-sous-le-patronage-du-vice-president-kone#primaryimage"},"image":{"@id":"https:\/\/www.africa-press.net\/cotedivoire\/culture-et-art\/loipi-annonce-les-journees-de-la-marque-ivoirienne-innovante-placees-sous-le-patronage-du-vice-president-kone#primaryimage"},"thumbnailUrl":"https:\/\/static.africa-press.net\/cote\/sites\/43\/2022\/11\/postQueueImg_10-636bf20f4888d.jpg","datePublished":"2022-11-09T17:57:15+00:00","dateModified":"2022-11-09T18:32:01+00:00","author":{"@id":"https:\/\/www.africa-press.net\/cotedivoire\/#\/schema\/person\/2b1cf3cd81a31e3cd26889ca66d677f1"},"description":"La premie\u0300re e\u0301dition des Journe\u0301es de la Marque Ivoirienne Innovante (JM2I) organise\u0301es par l'Office ivoirien de la pro ...","breadcrumb":{"@id":"https:\/\/www.africa-press.net\/cotedivoire\/culture-et-art\/loipi-annonce-les-journees-de-la-marque-ivoirienne-innovante-placees-sous-le-patronage-du-vice-president-kone#breadcrumb"},"inLanguage":"fr-FR","potentialAction":[{"@type":"ReadAction","target":["https:\/\/www.africa-press.net\/cotedivoire\/culture-et-art\/loipi-annonce-les-journees-de-la-marque-ivoirienne-innovante-placees-sous-le-patronage-du-vice-president-kone"]}]},{"@type":"ImageObject","inLanguage":"fr-FR","@id":"https:\/\/www.africa-press.net\/cotedivoire\/culture-et-art\/loipi-annonce-les-journees-de-la-marque-ivoirienne-innovante-placees-sous-le-patronage-du-vice-president-kone#primaryimage","url":"https:\/\/static.africa-press.net\/cote\/sites\/43\/2022\/11\/postQueueImg_10-636bf20f4888d.jpg","contentUrl":"https:\/\/static.africa-press.net\/cote\/sites\/43\/2022\/11\/postQueueImg_10-636bf20f4888d.jpg","width":720,"height":342,"caption":"L'OIPI annonce les journ\u00e9es de la Marque ivoirienne innovante, plac\u00e9es sous le patronage du Vice-pr\u00e9sident Kon\u00e9"},{"@type":"BreadcrumbList","@id":"https:\/\/www.africa-press.net\/cotedivoire\/culture-et-art\/loipi-annonce-les-journees-de-la-marque-ivoirienne-innovante-placees-sous-le-patronage-du-vice-president-kone#breadcrumb","itemListElement":[{"@type":"ListItem","position":1,"name":"Accueil","item":"https:\/\/www.africa-press.net\/cotedivoire\/"},{"@type":"ListItem","position":2,"name":"L&#8217;OIPI annonce les journ\u00e9es de la Marque ivoirienne innovante, plac\u00e9es sous le patronage du Vice-pr\u00e9sident Kon\u00e9"}]},{"@type":"WebSite","@id":"https:\/\/www.africa-press.net\/cotedivoire\/#website","url":"https:\/\/www.africa-press.net\/cotedivoire\/","name":"C\u00f4te d&#039;Ivoire","description":"Just another Africa News Agency Sites site","potentialAction":[{"@type":"SearchAction","target":{"@type":"EntryPoint","urlTemplate":"https:\/\/www.africa-press.net\/cotedivoire\/?s={search_term_string}"},"query-input":{"@type":"PropertyValueSpecification","valueRequired":true,"valueName":"search_term_string"}}],"inLanguage":"fr-FR"},{"@type":"Person","@id":"https:\/\/www.africa-press.net\/cotedivoire\/#\/schema\/person\/2b1cf3cd81a31e3cd26889ca66d677f1","name":"cfeditorfr"}]}},"_links":{"self":[{"href":"https:\/\/www.africa-press.net\/cotedivoire\/wp-json\/wp\/v2\/posts\/47832","targetHints":{"allow":["GET"]}}],"collection":[{"href":"https:\/\/www.africa-press.net\/cotedivoire\/wp-json\/wp\/v2\/posts"}],"about":[{"href":"https:\/\/www.africa-press.net\/cotedivoire\/wp-json\/wp\/v2\/types\/post"}],"author":[{"embeddable":true,"href":"https:\/\/www.africa-press.net\/cotedivoire\/wp-json\/wp\/v2\/users\/82"}],"replies":[{"embeddable":true,"href":"https:\/\/www.africa-press.net\/cotedivoire\/wp-json\/wp\/v2\/comments?post=47832"}],"version-history":[{"count":0,"href":"https:\/\/www.africa-press.net\/cotedivoire\/wp-json\/wp\/v2\/posts\/47832\/revisions"}],"wp:featuredmedia":[{"embeddable":true,"href":"https:\/\/www.africa-press.net\/cotedivoire\/wp-json\/wp\/v2\/media\/47831"}],"wp:attachment":[{"href":"https:\/\/www.africa-press.net\/cotedivoire\/wp-json\/wp\/v2\/media?parent=47832"}],"wp:term":[{"taxonomy":"category","embeddable":true,"href":"https:\/\/www.africa-press.net\/cotedivoire\/wp-json\/wp\/v2\/categories?post=47832"},{"taxonomy":"post_tag","embeddable":true,"href":"https:\/\/www.africa-press.net\/cotedivoire\/wp-json\/wp\/v2\/tags?post=47832"}],"curies":[{"name":"wp","href":"https:\/\/api.w.org\/{rel}","templated":true}]}}