{"id":48156,"date":"2022-11-14T18:30:29","date_gmt":"2022-11-14T18:30:29","guid":{"rendered":"https:\/\/www.africa-press.net\/cotedivoire\/politique\/pour-simone-gbagbo-la-reforme-de-la-cei-ne-consacre-pas-son-independance"},"modified":"2022-11-14T18:55:37","modified_gmt":"2022-11-14T18:55:37","slug":"pour-simone-gbagbo-la-reforme-de-la-cei-ne-consacre-pas-son-independance","status":"publish","type":"post","link":"https:\/\/www.africa-press.net\/cotedivoire\/politique\/pour-simone-gbagbo-la-reforme-de-la-cei-ne-consacre-pas-son-independance","title":{"rendered":"Pour Simone Gbagbo, la r\u00e9forme de la CEI ne consacre pas son ind\u00e9pendance"},"content":{"rendered":"<p><span style=\"color: #ff6600\"><strong>Africa-Press &#8211; C\u00f4te d&rsquo;Ivoire. <\/strong><\/span>\u00ab Le mercredi 9 novembre dernier, l\u2019Assemble\u0301e Nationale de notre pays a adopte\u0301 la loi sur la nouvelle CEI. Mais, disons-le tout net, cette loi ne re\u0301forme pas vraiment la CEI. Elle ne consacre pas l\u2019inde\u0301pendance de la CEI que nous continuons d\u2019appeler de tous nos v\u0153ux \u00bb, tel est le message porte\u0301 par Madame Simone Gbagbo, a\u0300 la ce\u0301re\u0301monie d\u2019installation du Vice-Pre\u0301sident du Mouvement des Ge\u0301ne\u0301rations Capables (MGC), notre Parti politique, Diomande\u0301 Mami, Coordonnateur du District d\u2019Abidjan le week-end dernier.<\/p>\n<p>Selon l\u2019ex-premie\u0300re Dame de la Co\u0302te d\u2019Ivoire, l\u2019organe national charge\u0301 d\u2019organiser les e\u0301lections, continue de souffrir de son infe\u0301odation au Parti au pouvoir et les propositions de l\u2019opposition relatives aux re\u0301formes du syste\u0300me e\u0301lectoral ne sont toujours pas prises en conside\u0301ration.<\/p>\n<p>\u00ab Je continue donc d\u2019inviter le gouvernement a\u0300 engager courageusement de vraies re\u0301formes qui permettraient d\u2019obtenir : Une CEI inde\u0301pendante des politiques et inde\u0301pendante des Partis Politiques ; Une liste e\u0301lectorale fiable ne souffrant ni d\u2019inclusion des non-Ivoiriens et ni d\u2019exclusion des Ivoiriens en a\u0302ge de voter ; Un de\u0301coupage e\u0301lectoral juste, e\u0301tabli sur des crite\u0300res identiques pour tous. La lutte continue. Elle est loin d\u2019e\u0302tre termine\u0301e ! \u00bb, a-t-elle indique\u0301 avant de lancer : \u00ab J\u2019invite, par conse\u0301quent, tous les Ivoiriens a\u0300 s\u2019inte\u0301resser aux questions e\u0301lectorales et a\u0300 cesser d\u2019e\u0302tre des acteurs passifs du processus e\u0301lectoral. \u00bb<\/p>\n<p>Pour madame Gbagbo, c\u2019est une grave erreur que de tourner le dos a\u0300 la politique. Inscrivez-vous tous !<\/p>\n<p>\u00ab C\u2019est votre droit de choisir en toute liberte\u0301 celui qui vous gouvernera. Celui-la\u0300 prendra les de\u0301cisions qui impacteront votre vie pre\u0301sente et a\u0300 venir. Je voudrais, pour l\u2019heure, terminer mon propos en invitant les Ivoiriens a\u0300 nous rejoindre au MGC, afin qu\u2019ensemble, nous travaillions a\u0300 transformer la vie politique et citoyenne de notre pays, autour de notre projet \u00bb, a-t-elle conclu.<\/p>\n<p>La ple\u0301nie\u0300re de l\u2019Assemble\u0301e nationale a adopte\u0301 la semaine dernie\u0300re, a\u0300 la majorite\u0301 des voix, le projet de loi portant modification de la loi no 2001-634 du 9 octobre 2001 portant composition, organisation, attributions et fonctionnement de la Commission E\u0301lectorale Inde\u0301pendante (CEI).<\/p>\n<p>Pour rappel, le projet de loi avait e\u0301te\u0301 examine\u0301 puis adopte\u0301 par la Commission des Affaires Ge\u0301ne\u0301rales et Institutionnelles (CAGI) le lundi 07 novembre 2022 dernier.<\/p>\n<p>Il vise a\u0300 cre\u0301er deux (02) nouveaux postes de membres de la Commission centrale de la CEI par la modification de l\u2019article 5, ainsi que de commissaires locaux, a\u0300 travers celle des articles 15, 16 et 17.<\/p>\n<p>Ces postes seront de\u0301volus, l\u2019un a\u0300 une personnalite\u0301 propose\u0301e par le parti au pouvoir et l\u2019autre, a\u0300 une autre de\u0301signe\u0301e par l\u2019opposition politique.<\/p>\n<p><strong>Pour plus d&rsquo;informations et d&rsquo;analyses sur la <a href=\"https:\/\/www.africa-press.net\/cotedivoire\">C\u00f4te d&rsquo;Ivoire<\/a>, suivez <a href=\"https:\/\/www.africa-press.net\/\">Africa-Press<\/a><\/strong><\/p>\n","protected":false},"excerpt":{"rendered":"<p>Africa-Press &#8211; C\u00f4te d&rsquo;Ivoire. \u00ab Le mercredi 9 novembre dernier, l\u2019Assemble\u0301e Nationale de notre pays a adopte\u0301 la loi sur la nouvelle CEI. Mais, disons-le tout net, cette loi ne re\u0301forme pas vraiment la CEI. Elle ne consacre pas l\u2019inde\u0301pendance de la CEI que nous continuons d\u2019appeler de tous nos v\u0153ux \u00bb, tel est le [&hellip;]<\/p>\n","protected":false},"author":82,"featured_media":48155,"comment_status":"open","ping_status":"closed","sticky":false,"template":"","format":"standard","meta":{"footnotes":""},"categories":[2,10],"tags":[56,63,1316,29,8119,1589,222],"class_list":["post-48156","post","type-post","status-publish","format-standard","has-post-thumbnail","hentry","category-politique","category-toutes-les-actualites","tag-africa-press","tag-africa-press-cote-divoire","tag-cei","tag-cote-divoire","tag-diomande-mami","tag-mgc","tag-simone-gbagbo"],"yoast_head":"<!-- This site is optimized with the Yoast SEO Premium plugin v26.1 (Yoast SEO v27.0) - https:\/\/yoast.com\/product\/yoast-seo-premium-wordpress\/ -->\n<title>Pour Simone Gbagbo, la r\u00e9forme de la CEI ne consacre pas son ind\u00e9pendance - C\u00f4te d&#039;Ivoire<\/title>\n<meta name=\"description\" content=\"\u00ab Le mercredi 9 novembre dernier, l\u2019Assemble\u0301e Nationale de notre pays a adopte\u0301 la loi sur la nouvelle CEI. Mais, dison ...\" \/>\n<meta name=\"robots\" content=\"index, follow, max-snippet:-1, max-image-preview:large, max-video-preview:-1\" \/>\n<link rel=\"canonical\" href=\"https:\/\/www.africa-press.net\/cotedivoire\/politique\/pour-simone-gbagbo-la-reforme-de-la-cei-ne-consacre-pas-son-independance\" \/>\n<meta property=\"og:locale\" content=\"fr_FR\" \/>\n<meta property=\"og:type\" content=\"article\" \/>\n<meta property=\"og:title\" content=\"Pour Simone Gbagbo, la r\u00e9forme de la CEI ne consacre pas son ind\u00e9pendance\" \/>\n<meta property=\"og:description\" content=\"\u00ab Le mercredi 9 novembre dernier, l\u2019Assemble\u0301e Nationale de notre pays a adopte\u0301 la loi sur la nouvelle CEI. Mais, dison ...\" \/>\n<meta property=\"og:url\" content=\"https:\/\/www.africa-press.net\/cotedivoire\/politique\/pour-simone-gbagbo-la-reforme-de-la-cei-ne-consacre-pas-son-independance\" \/>\n<meta property=\"og:site_name\" content=\"C\u00f4te d&#039;Ivoire\" \/>\n<meta property=\"article:published_time\" content=\"2022-11-14T18:30:29+00:00\" \/>\n<meta property=\"article:modified_time\" content=\"2022-11-14T18:55:37+00:00\" \/>\n<meta property=\"og:image\" content=\"https:\/\/static.africa-press.net\/cote\/sites\/43\/2022\/11\/postQueueImg_1668438038.91.jpg\" \/>\n\t<meta property=\"og:image:width\" content=\"720\" \/>\n\t<meta property=\"og:image:height\" content=\"540\" \/>\n\t<meta property=\"og:image:type\" content=\"image\/jpeg\" \/>\n<meta name=\"author\" content=\"cfeditorfr\" \/>\n<meta name=\"twitter:card\" content=\"summary_large_image\" \/>\n<meta name=\"twitter:label1\" content=\"\u00c9crit par\" \/>\n\t<meta name=\"twitter:data1\" content=\"cfeditorfr\" \/>\n\t<meta name=\"twitter:label2\" content=\"Dur\u00e9e de lecture estim\u00e9e\" \/>\n\t<meta name=\"twitter:data2\" content=\"3 minutes\" \/>\n<script type=\"application\/ld+json\" class=\"yoast-schema-graph\">{\"@context\":\"https:\/\/schema.org\",\"@graph\":[{\"@type\":\"Article\",\"@id\":\"https:\/\/www.africa-press.net\/cotedivoire\/politique\/pour-simone-gbagbo-la-reforme-de-la-cei-ne-consacre-pas-son-independance#article\",\"isPartOf\":{\"@id\":\"https:\/\/www.africa-press.net\/cotedivoire\/politique\/pour-simone-gbagbo-la-reforme-de-la-cei-ne-consacre-pas-son-independance\"},\"author\":{\"name\":\"cfeditorfr\",\"@id\":\"https:\/\/www.africa-press.net\/cotedivoire\/#\/schema\/person\/2b1cf3cd81a31e3cd26889ca66d677f1\"},\"headline\":\"Pour Simone Gbagbo, la r\u00e9forme de la CEI ne consacre pas son ind\u00e9pendance\",\"datePublished\":\"2022-11-14T18:30:29+00:00\",\"dateModified\":\"2022-11-14T18:55:37+00:00\",\"mainEntityOfPage\":{\"@id\":\"https:\/\/www.africa-press.net\/cotedivoire\/politique\/pour-simone-gbagbo-la-reforme-de-la-cei-ne-consacre-pas-son-independance\"},\"wordCount\":516,\"commentCount\":0,\"image\":{\"@id\":\"https:\/\/www.africa-press.net\/cotedivoire\/politique\/pour-simone-gbagbo-la-reforme-de-la-cei-ne-consacre-pas-son-independance#primaryimage\"},\"thumbnailUrl\":\"https:\/\/static.africa-press.net\/cote\/sites\/43\/2022\/11\/postQueueImg_1668438038.91.jpg\",\"keywords\":[\"Africa Press\",\"Africa Press-C\u00f4te d'Ivoire\",\"Cei\",\"C\u00d4TE D'IVOIRE\",\"Diomand\u00e9 Mami\",\"MGC\",\"Simone Gbagbo\"],\"articleSection\":[\"Politique\",\"Toutes les actualit\u00e9s\"],\"inLanguage\":\"fr-FR\",\"potentialAction\":[{\"@type\":\"CommentAction\",\"name\":\"Comment\",\"target\":[\"https:\/\/www.africa-press.net\/cotedivoire\/politique\/pour-simone-gbagbo-la-reforme-de-la-cei-ne-consacre-pas-son-independance#respond\"]}]},{\"@type\":\"WebPage\",\"@id\":\"https:\/\/www.africa-press.net\/cotedivoire\/politique\/pour-simone-gbagbo-la-reforme-de-la-cei-ne-consacre-pas-son-independance\",\"url\":\"https:\/\/www.africa-press.net\/cotedivoire\/politique\/pour-simone-gbagbo-la-reforme-de-la-cei-ne-consacre-pas-son-independance\",\"name\":\"Pour Simone Gbagbo, la r\u00e9forme de la CEI ne consacre pas son ind\u00e9pendance - C\u00f4te d&#039;Ivoire\",\"isPartOf\":{\"@id\":\"https:\/\/www.africa-press.net\/cotedivoire\/#website\"},\"primaryImageOfPage\":{\"@id\":\"https:\/\/www.africa-press.net\/cotedivoire\/politique\/pour-simone-gbagbo-la-reforme-de-la-cei-ne-consacre-pas-son-independance#primaryimage\"},\"image\":{\"@id\":\"https:\/\/www.africa-press.net\/cotedivoire\/politique\/pour-simone-gbagbo-la-reforme-de-la-cei-ne-consacre-pas-son-independance#primaryimage\"},\"thumbnailUrl\":\"https:\/\/static.africa-press.net\/cote\/sites\/43\/2022\/11\/postQueueImg_1668438038.91.jpg\",\"datePublished\":\"2022-11-14T18:30:29+00:00\",\"dateModified\":\"2022-11-14T18:55:37+00:00\",\"author\":{\"@id\":\"https:\/\/www.africa-press.net\/cotedivoire\/#\/schema\/person\/2b1cf3cd81a31e3cd26889ca66d677f1\"},\"description\":\"\u00ab Le mercredi 9 novembre dernier, l\u2019Assemble\u0301e Nationale de notre pays a adopte\u0301 la loi sur la nouvelle CEI. Mais, dison ...\",\"breadcrumb\":{\"@id\":\"https:\/\/www.africa-press.net\/cotedivoire\/politique\/pour-simone-gbagbo-la-reforme-de-la-cei-ne-consacre-pas-son-independance#breadcrumb\"},\"inLanguage\":\"fr-FR\",\"potentialAction\":[{\"@type\":\"ReadAction\",\"target\":[\"https:\/\/www.africa-press.net\/cotedivoire\/politique\/pour-simone-gbagbo-la-reforme-de-la-cei-ne-consacre-pas-son-independance\"]}]},{\"@type\":\"ImageObject\",\"inLanguage\":\"fr-FR\",\"@id\":\"https:\/\/www.africa-press.net\/cotedivoire\/politique\/pour-simone-gbagbo-la-reforme-de-la-cei-ne-consacre-pas-son-independance#primaryimage\",\"url\":\"https:\/\/static.africa-press.net\/cote\/sites\/43\/2022\/11\/postQueueImg_1668438038.91.jpg\",\"contentUrl\":\"https:\/\/static.africa-press.net\/cote\/sites\/43\/2022\/11\/postQueueImg_1668438038.91.jpg\",\"width\":720,\"height\":540,\"caption\":\"Pour Simone Gbagbo, la r\u00e9forme de la CEI ne consacre pas son ind\u00e9pendance\"},{\"@type\":\"BreadcrumbList\",\"@id\":\"https:\/\/www.africa-press.net\/cotedivoire\/politique\/pour-simone-gbagbo-la-reforme-de-la-cei-ne-consacre-pas-son-independance#breadcrumb\",\"itemListElement\":[{\"@type\":\"ListItem\",\"position\":1,\"name\":\"Accueil\",\"item\":\"https:\/\/www.africa-press.net\/cotedivoire\/\"},{\"@type\":\"ListItem\",\"position\":2,\"name\":\"Pour Simone Gbagbo, la r\u00e9forme de la CEI ne consacre pas son ind\u00e9pendance\"}]},{\"@type\":\"WebSite\",\"@id\":\"https:\/\/www.africa-press.net\/cotedivoire\/#website\",\"url\":\"https:\/\/www.africa-press.net\/cotedivoire\/\",\"name\":\"C\u00f4te d&#039;Ivoire\",\"description\":\"Just another Africa News Agency Sites site\",\"potentialAction\":[{\"@type\":\"SearchAction\",\"target\":{\"@type\":\"EntryPoint\",\"urlTemplate\":\"https:\/\/www.africa-press.net\/cotedivoire\/?s={search_term_string}\"},\"query-input\":{\"@type\":\"PropertyValueSpecification\",\"valueRequired\":true,\"valueName\":\"search_term_string\"}}],\"inLanguage\":\"fr-FR\"},{\"@type\":\"Person\",\"@id\":\"https:\/\/www.africa-press.net\/cotedivoire\/#\/schema\/person\/2b1cf3cd81a31e3cd26889ca66d677f1\",\"name\":\"cfeditorfr\"}]}<\/script>\n<!-- \/ Yoast SEO Premium plugin. -->","yoast_head_json":{"title":"Pour Simone Gbagbo, la r\u00e9forme de la CEI ne consacre pas son ind\u00e9pendance - C\u00f4te d&#039;Ivoire","description":"\u00ab Le mercredi 9 novembre dernier, l\u2019Assemble\u0301e Nationale de notre pays a adopte\u0301 la loi sur la nouvelle CEI. Mais, dison ...","robots":{"index":"index","follow":"follow","max-snippet":"max-snippet:-1","max-image-preview":"max-image-preview:large","max-video-preview":"max-video-preview:-1"},"canonical":"https:\/\/www.africa-press.net\/cotedivoire\/politique\/pour-simone-gbagbo-la-reforme-de-la-cei-ne-consacre-pas-son-independance","og_locale":"fr_FR","og_type":"article","og_title":"Pour Simone Gbagbo, la r\u00e9forme de la CEI ne consacre pas son ind\u00e9pendance","og_description":"\u00ab Le mercredi 9 novembre dernier, l\u2019Assemble\u0301e Nationale de notre pays a adopte\u0301 la loi sur la nouvelle CEI. Mais, dison ...","og_url":"https:\/\/www.africa-press.net\/cotedivoire\/politique\/pour-simone-gbagbo-la-reforme-de-la-cei-ne-consacre-pas-son-independance","og_site_name":"C\u00f4te d&#039;Ivoire","article_published_time":"2022-11-14T18:30:29+00:00","article_modified_time":"2022-11-14T18:55:37+00:00","og_image":[{"width":720,"height":540,"url":"https:\/\/static.africa-press.net\/cote\/sites\/43\/2022\/11\/postQueueImg_1668438038.91.jpg","type":"image\/jpeg"}],"author":"cfeditorfr","twitter_card":"summary_large_image","twitter_misc":{"\u00c9crit par":"cfeditorfr","Dur\u00e9e de lecture estim\u00e9e":"3 minutes"},"schema":{"@context":"https:\/\/schema.org","@graph":[{"@type":"Article","@id":"https:\/\/www.africa-press.net\/cotedivoire\/politique\/pour-simone-gbagbo-la-reforme-de-la-cei-ne-consacre-pas-son-independance#article","isPartOf":{"@id":"https:\/\/www.africa-press.net\/cotedivoire\/politique\/pour-simone-gbagbo-la-reforme-de-la-cei-ne-consacre-pas-son-independance"},"author":{"name":"cfeditorfr","@id":"https:\/\/www.africa-press.net\/cotedivoire\/#\/schema\/person\/2b1cf3cd81a31e3cd26889ca66d677f1"},"headline":"Pour Simone Gbagbo, la r\u00e9forme de la CEI ne consacre pas son ind\u00e9pendance","datePublished":"2022-11-14T18:30:29+00:00","dateModified":"2022-11-14T18:55:37+00:00","mainEntityOfPage":{"@id":"https:\/\/www.africa-press.net\/cotedivoire\/politique\/pour-simone-gbagbo-la-reforme-de-la-cei-ne-consacre-pas-son-independance"},"wordCount":516,"commentCount":0,"image":{"@id":"https:\/\/www.africa-press.net\/cotedivoire\/politique\/pour-simone-gbagbo-la-reforme-de-la-cei-ne-consacre-pas-son-independance#primaryimage"},"thumbnailUrl":"https:\/\/static.africa-press.net\/cote\/sites\/43\/2022\/11\/postQueueImg_1668438038.91.jpg","keywords":["Africa Press","Africa Press-C\u00f4te d'Ivoire","Cei","C\u00d4TE D'IVOIRE","Diomand\u00e9 Mami","MGC","Simone Gbagbo"],"articleSection":["Politique","Toutes les actualit\u00e9s"],"inLanguage":"fr-FR","potentialAction":[{"@type":"CommentAction","name":"Comment","target":["https:\/\/www.africa-press.net\/cotedivoire\/politique\/pour-simone-gbagbo-la-reforme-de-la-cei-ne-consacre-pas-son-independance#respond"]}]},{"@type":"WebPage","@id":"https:\/\/www.africa-press.net\/cotedivoire\/politique\/pour-simone-gbagbo-la-reforme-de-la-cei-ne-consacre-pas-son-independance","url":"https:\/\/www.africa-press.net\/cotedivoire\/politique\/pour-simone-gbagbo-la-reforme-de-la-cei-ne-consacre-pas-son-independance","name":"Pour Simone Gbagbo, la r\u00e9forme de la CEI ne consacre pas son ind\u00e9pendance - C\u00f4te d&#039;Ivoire","isPartOf":{"@id":"https:\/\/www.africa-press.net\/cotedivoire\/#website"},"primaryImageOfPage":{"@id":"https:\/\/www.africa-press.net\/cotedivoire\/politique\/pour-simone-gbagbo-la-reforme-de-la-cei-ne-consacre-pas-son-independance#primaryimage"},"image":{"@id":"https:\/\/www.africa-press.net\/cotedivoire\/politique\/pour-simone-gbagbo-la-reforme-de-la-cei-ne-consacre-pas-son-independance#primaryimage"},"thumbnailUrl":"https:\/\/static.africa-press.net\/cote\/sites\/43\/2022\/11\/postQueueImg_1668438038.91.jpg","datePublished":"2022-11-14T18:30:29+00:00","dateModified":"2022-11-14T18:55:37+00:00","author":{"@id":"https:\/\/www.africa-press.net\/cotedivoire\/#\/schema\/person\/2b1cf3cd81a31e3cd26889ca66d677f1"},"description":"\u00ab Le mercredi 9 novembre dernier, l\u2019Assemble\u0301e Nationale de notre pays a adopte\u0301 la loi sur la nouvelle CEI. Mais, dison ...","breadcrumb":{"@id":"https:\/\/www.africa-press.net\/cotedivoire\/politique\/pour-simone-gbagbo-la-reforme-de-la-cei-ne-consacre-pas-son-independance#breadcrumb"},"inLanguage":"fr-FR","potentialAction":[{"@type":"ReadAction","target":["https:\/\/www.africa-press.net\/cotedivoire\/politique\/pour-simone-gbagbo-la-reforme-de-la-cei-ne-consacre-pas-son-independance"]}]},{"@type":"ImageObject","inLanguage":"fr-FR","@id":"https:\/\/www.africa-press.net\/cotedivoire\/politique\/pour-simone-gbagbo-la-reforme-de-la-cei-ne-consacre-pas-son-independance#primaryimage","url":"https:\/\/static.africa-press.net\/cote\/sites\/43\/2022\/11\/postQueueImg_1668438038.91.jpg","contentUrl":"https:\/\/static.africa-press.net\/cote\/sites\/43\/2022\/11\/postQueueImg_1668438038.91.jpg","width":720,"height":540,"caption":"Pour Simone Gbagbo, la r\u00e9forme de la CEI ne consacre pas son ind\u00e9pendance"},{"@type":"BreadcrumbList","@id":"https:\/\/www.africa-press.net\/cotedivoire\/politique\/pour-simone-gbagbo-la-reforme-de-la-cei-ne-consacre-pas-son-independance#breadcrumb","itemListElement":[{"@type":"ListItem","position":1,"name":"Accueil","item":"https:\/\/www.africa-press.net\/cotedivoire\/"},{"@type":"ListItem","position":2,"name":"Pour Simone Gbagbo, la r\u00e9forme de la CEI ne consacre pas son ind\u00e9pendance"}]},{"@type":"WebSite","@id":"https:\/\/www.africa-press.net\/cotedivoire\/#website","url":"https:\/\/www.africa-press.net\/cotedivoire\/","name":"C\u00f4te d&#039;Ivoire","description":"Just another Africa News Agency Sites site","potentialAction":[{"@type":"SearchAction","target":{"@type":"EntryPoint","urlTemplate":"https:\/\/www.africa-press.net\/cotedivoire\/?s={search_term_string}"},"query-input":{"@type":"PropertyValueSpecification","valueRequired":true,"valueName":"search_term_string"}}],"inLanguage":"fr-FR"},{"@type":"Person","@id":"https:\/\/www.africa-press.net\/cotedivoire\/#\/schema\/person\/2b1cf3cd81a31e3cd26889ca66d677f1","name":"cfeditorfr"}]}},"_links":{"self":[{"href":"https:\/\/www.africa-press.net\/cotedivoire\/wp-json\/wp\/v2\/posts\/48156","targetHints":{"allow":["GET"]}}],"collection":[{"href":"https:\/\/www.africa-press.net\/cotedivoire\/wp-json\/wp\/v2\/posts"}],"about":[{"href":"https:\/\/www.africa-press.net\/cotedivoire\/wp-json\/wp\/v2\/types\/post"}],"author":[{"embeddable":true,"href":"https:\/\/www.africa-press.net\/cotedivoire\/wp-json\/wp\/v2\/users\/82"}],"replies":[{"embeddable":true,"href":"https:\/\/www.africa-press.net\/cotedivoire\/wp-json\/wp\/v2\/comments?post=48156"}],"version-history":[{"count":0,"href":"https:\/\/www.africa-press.net\/cotedivoire\/wp-json\/wp\/v2\/posts\/48156\/revisions"}],"wp:featuredmedia":[{"embeddable":true,"href":"https:\/\/www.africa-press.net\/cotedivoire\/wp-json\/wp\/v2\/media\/48155"}],"wp:attachment":[{"href":"https:\/\/www.africa-press.net\/cotedivoire\/wp-json\/wp\/v2\/media?parent=48156"}],"wp:term":[{"taxonomy":"category","embeddable":true,"href":"https:\/\/www.africa-press.net\/cotedivoire\/wp-json\/wp\/v2\/categories?post=48156"},{"taxonomy":"post_tag","embeddable":true,"href":"https:\/\/www.africa-press.net\/cotedivoire\/wp-json\/wp\/v2\/tags?post=48156"}],"curies":[{"name":"wp","href":"https:\/\/api.w.org\/{rel}","templated":true}]}}