{"id":48285,"date":"2022-11-16T17:38:35","date_gmt":"2022-11-16T17:38:35","guid":{"rendered":"https:\/\/www.africa-press.net\/cotedivoire\/politique\/les-dockers-suspendent-leur-greve-au-port-de-san-pedro"},"modified":"2022-11-16T17:59:52","modified_gmt":"2022-11-16T17:59:52","slug":"les-dockers-suspendent-leur-greve-au-port-de-san-pedro","status":"publish","type":"post","link":"https:\/\/www.africa-press.net\/cotedivoire\/toutes-les-actualites\/les-dockers-suspendent-leur-greve-au-port-de-san-pedro","title":{"rendered":"Les dockers suspendent leur gr\u00e8ve au port de San Pedro"},"content":{"rendered":"<p><span style=\"color: #ff6600\"><strong>Africa-Press &#8211; C\u00f4te d&rsquo;Ivoire. <\/strong><\/span>Les dockers du Port Autonome de San Pedro (PASP) charge\u0301s de de\u0301charger les sacs de fe\u0300ves de cacao des camions demandent aux exportateurs d&rsquo;augmenter leur salaire a\u0300 FCFA 105 francs CFA par sac contre 30 FCFA actuellement. Ils ont rejete\u0301 me\u0302me une offre de FCFA 50 par sac.<\/p>\n<p>Pour se faire entendre, ils ont observe\u0301 un arre\u0302t de travail de plusieurs jours. Nous apprenons ce mercredi 16 novembre 2022, qu\u2019ils ont suspendu la gre\u0300ve.<\/p>\n<p>Aucun cacao n&rsquo;a e\u0301te\u0301 livre\u0301 a\u0300 San Pedro entre le 31 octobre et le 6 novembre a\u0300 cause de la gre\u0300ve, contre 42 000 tonnes au cours de la me\u0302me pe\u0301riode l&rsquo;an dernier. Les exportateurs craignaient que ce retard a\u0300 de\u0301charger n\u2019alte\u0300re la qualite\u0301 du cacao, sans parler du retard pris a\u0300 l\u2019expe\u0301dition.<\/p>\n<p>Il faut noter que, la gre\u0300ve des Dockers la semaine dernie\u0300re a fait flamber le prix du cacao a\u0300 Londres.<\/p>\n<p>Donatien Kautcha, Abidjan<\/p>\n<p><strong>Pour plus d&rsquo;informations et d&rsquo;analyses sur la <a href=\"https:\/\/www.africa-press.net\/cotedivoire\">C\u00f4te d&rsquo;Ivoire<\/a>, suivez <a href=\"https:\/\/www.africa-press.net\/\">Africa-Press<\/a><\/strong><\/p>\n","protected":false},"excerpt":{"rendered":"<p>Africa-Press &#8211; C\u00f4te d&rsquo;Ivoire. Les dockers du Port Autonome de San Pedro (PASP) charge\u0301s de de\u0301charger les sacs de fe\u0300ves de cacao des camions demandent aux exportateurs d&rsquo;augmenter leur salaire a\u0300 FCFA 105 francs CFA par sac contre 30 FCFA actuellement. Ils ont rejete\u0301 me\u0302me une offre de FCFA 50 par sac. Pour se faire [&hellip;]<\/p>\n","protected":false},"author":82,"featured_media":48284,"comment_status":"open","ping_status":"closed","sticky":false,"template":"","format":"standard","meta":{"footnotes":""},"categories":[21,10],"tags":[56,63,1685,29,3235,4600,7603,3814,431],"class_list":["post-48285","post","type-post","status-publish","format-standard","has-post-thumbnail","hentry","category-communaute","category-toutes-les-actualites","tag-africa-press","tag-africa-press-cote-divoire","tag-cacao","tag-cote-divoire","tag-dockers","tag-exportateurs","tag-londres","tag-port","tag-san-pedro"],"yoast_head":"<!-- This site is optimized with the Yoast SEO Premium plugin v26.1 (Yoast SEO v27.0) - https:\/\/yoast.com\/product\/yoast-seo-premium-wordpress\/ -->\n<title>Les dockers suspendent leur gr\u00e8ve au port de San Pedro - C\u00f4te d&#039;Ivoire<\/title>\n<meta name=\"description\" content=\"Les dockers du Port Autonome de San Pedro (PASP) charge\u0301s de de\u0301charger les sacs de fe\u0300ves de cacao des camions demanden ...\" \/>\n<meta name=\"robots\" content=\"index, follow, max-snippet:-1, max-image-preview:large, max-video-preview:-1\" \/>\n<link rel=\"canonical\" href=\"https:\/\/www.africa-press.net\/cotedivoire\/toutes-les-actualites\/les-dockers-suspendent-leur-greve-au-port-de-san-pedro\" \/>\n<meta property=\"og:locale\" content=\"fr_FR\" \/>\n<meta property=\"og:type\" content=\"article\" \/>\n<meta property=\"og:title\" content=\"Les dockers suspendent leur gr\u00e8ve au port de San Pedro\" \/>\n<meta property=\"og:description\" content=\"Les dockers du Port Autonome de San Pedro (PASP) charge\u0301s de de\u0301charger les sacs de fe\u0300ves de cacao des camions demanden ...\" \/>\n<meta property=\"og:url\" content=\"https:\/\/www.africa-press.net\/cotedivoire\/toutes-les-actualites\/les-dockers-suspendent-leur-greve-au-port-de-san-pedro\" \/>\n<meta property=\"og:site_name\" content=\"C\u00f4te d&#039;Ivoire\" \/>\n<meta property=\"article:published_time\" content=\"2022-11-16T17:38:35+00:00\" \/>\n<meta property=\"article:modified_time\" content=\"2022-11-16T17:59:52+00:00\" \/>\n<meta property=\"og:image\" content=\"https:\/\/static.africa-press.net\/cote\/sites\/43\/2022\/11\/postQueueImg_1668607722.71.jpg\" \/>\n\t<meta property=\"og:image:width\" content=\"720\" \/>\n\t<meta property=\"og:image:height\" content=\"445\" \/>\n\t<meta property=\"og:image:type\" content=\"image\/jpeg\" \/>\n<meta name=\"author\" content=\"cfeditorfr\" \/>\n<meta name=\"twitter:card\" content=\"summary_large_image\" \/>\n<meta name=\"twitter:label1\" content=\"\u00c9crit par\" \/>\n\t<meta name=\"twitter:data1\" content=\"cfeditorfr\" \/>\n\t<meta name=\"twitter:label2\" content=\"Dur\u00e9e de lecture estim\u00e9e\" \/>\n\t<meta name=\"twitter:data2\" content=\"1 minute\" \/>\n<script type=\"application\/ld+json\" class=\"yoast-schema-graph\">{\"@context\":\"https:\/\/schema.org\",\"@graph\":[{\"@type\":\"Article\",\"@id\":\"https:\/\/www.africa-press.net\/cotedivoire\/toutes-les-actualites\/les-dockers-suspendent-leur-greve-au-port-de-san-pedro#article\",\"isPartOf\":{\"@id\":\"https:\/\/www.africa-press.net\/cotedivoire\/toutes-les-actualites\/les-dockers-suspendent-leur-greve-au-port-de-san-pedro\"},\"author\":{\"name\":\"cfeditorfr\",\"@id\":\"https:\/\/www.africa-press.net\/cotedivoire\/#\/schema\/person\/2b1cf3cd81a31e3cd26889ca66d677f1\"},\"headline\":\"Les dockers suspendent leur gr\u00e8ve au port de San Pedro\",\"datePublished\":\"2022-11-16T17:38:35+00:00\",\"dateModified\":\"2022-11-16T17:59:52+00:00\",\"mainEntityOfPage\":{\"@id\":\"https:\/\/www.africa-press.net\/cotedivoire\/toutes-les-actualites\/les-dockers-suspendent-leur-greve-au-port-de-san-pedro\"},\"wordCount\":194,\"commentCount\":0,\"image\":{\"@id\":\"https:\/\/www.africa-press.net\/cotedivoire\/toutes-les-actualites\/les-dockers-suspendent-leur-greve-au-port-de-san-pedro#primaryimage\"},\"thumbnailUrl\":\"https:\/\/static.africa-press.net\/cote\/sites\/43\/2022\/11\/postQueueImg_1668607722.71.jpg\",\"keywords\":[\"Africa Press\",\"Africa Press-C\u00f4te d'Ivoire\",\"cacao\",\"C\u00d4TE D'IVOIRE\",\"dockers\",\"exportateurs\",\"Londres\",\"Port\",\"San Pedro\"],\"articleSection\":[\"Communaut\u00e9\",\"Toutes les actualit\u00e9s\"],\"inLanguage\":\"fr-FR\",\"potentialAction\":[{\"@type\":\"CommentAction\",\"name\":\"Comment\",\"target\":[\"https:\/\/www.africa-press.net\/cotedivoire\/toutes-les-actualites\/les-dockers-suspendent-leur-greve-au-port-de-san-pedro#respond\"]}]},{\"@type\":\"WebPage\",\"@id\":\"https:\/\/www.africa-press.net\/cotedivoire\/toutes-les-actualites\/les-dockers-suspendent-leur-greve-au-port-de-san-pedro\",\"url\":\"https:\/\/www.africa-press.net\/cotedivoire\/toutes-les-actualites\/les-dockers-suspendent-leur-greve-au-port-de-san-pedro\",\"name\":\"Les dockers suspendent leur gr\u00e8ve au port de San Pedro - C\u00f4te d&#039;Ivoire\",\"isPartOf\":{\"@id\":\"https:\/\/www.africa-press.net\/cotedivoire\/#website\"},\"primaryImageOfPage\":{\"@id\":\"https:\/\/www.africa-press.net\/cotedivoire\/toutes-les-actualites\/les-dockers-suspendent-leur-greve-au-port-de-san-pedro#primaryimage\"},\"image\":{\"@id\":\"https:\/\/www.africa-press.net\/cotedivoire\/toutes-les-actualites\/les-dockers-suspendent-leur-greve-au-port-de-san-pedro#primaryimage\"},\"thumbnailUrl\":\"https:\/\/static.africa-press.net\/cote\/sites\/43\/2022\/11\/postQueueImg_1668607722.71.jpg\",\"datePublished\":\"2022-11-16T17:38:35+00:00\",\"dateModified\":\"2022-11-16T17:59:52+00:00\",\"author\":{\"@id\":\"https:\/\/www.africa-press.net\/cotedivoire\/#\/schema\/person\/2b1cf3cd81a31e3cd26889ca66d677f1\"},\"description\":\"Les dockers du Port Autonome de San Pedro (PASP) charge\u0301s de de\u0301charger les sacs de fe\u0300ves de cacao des camions demanden ...\",\"breadcrumb\":{\"@id\":\"https:\/\/www.africa-press.net\/cotedivoire\/toutes-les-actualites\/les-dockers-suspendent-leur-greve-au-port-de-san-pedro#breadcrumb\"},\"inLanguage\":\"fr-FR\",\"potentialAction\":[{\"@type\":\"ReadAction\",\"target\":[\"https:\/\/www.africa-press.net\/cotedivoire\/toutes-les-actualites\/les-dockers-suspendent-leur-greve-au-port-de-san-pedro\"]}]},{\"@type\":\"ImageObject\",\"inLanguage\":\"fr-FR\",\"@id\":\"https:\/\/www.africa-press.net\/cotedivoire\/toutes-les-actualites\/les-dockers-suspendent-leur-greve-au-port-de-san-pedro#primaryimage\",\"url\":\"https:\/\/static.africa-press.net\/cote\/sites\/43\/2022\/11\/postQueueImg_1668607722.71.jpg\",\"contentUrl\":\"https:\/\/static.africa-press.net\/cote\/sites\/43\/2022\/11\/postQueueImg_1668607722.71.jpg\",\"width\":720,\"height\":445,\"caption\":\"Les dockers suspendent leur gr\u00e8ve au port de San Pedro\"},{\"@type\":\"BreadcrumbList\",\"@id\":\"https:\/\/www.africa-press.net\/cotedivoire\/toutes-les-actualites\/les-dockers-suspendent-leur-greve-au-port-de-san-pedro#breadcrumb\",\"itemListElement\":[{\"@type\":\"ListItem\",\"position\":1,\"name\":\"Accueil\",\"item\":\"https:\/\/www.africa-press.net\/cotedivoire\/\"},{\"@type\":\"ListItem\",\"position\":2,\"name\":\"Les dockers suspendent leur gr\u00e8ve au port de San Pedro\"}]},{\"@type\":\"WebSite\",\"@id\":\"https:\/\/www.africa-press.net\/cotedivoire\/#website\",\"url\":\"https:\/\/www.africa-press.net\/cotedivoire\/\",\"name\":\"C\u00f4te d&#039;Ivoire\",\"description\":\"Just another Africa News Agency Sites site\",\"potentialAction\":[{\"@type\":\"SearchAction\",\"target\":{\"@type\":\"EntryPoint\",\"urlTemplate\":\"https:\/\/www.africa-press.net\/cotedivoire\/?s={search_term_string}\"},\"query-input\":{\"@type\":\"PropertyValueSpecification\",\"valueRequired\":true,\"valueName\":\"search_term_string\"}}],\"inLanguage\":\"fr-FR\"},{\"@type\":\"Person\",\"@id\":\"https:\/\/www.africa-press.net\/cotedivoire\/#\/schema\/person\/2b1cf3cd81a31e3cd26889ca66d677f1\",\"name\":\"cfeditorfr\"}]}<\/script>\n<!-- \/ Yoast SEO Premium plugin. -->","yoast_head_json":{"title":"Les dockers suspendent leur gr\u00e8ve au port de San Pedro - C\u00f4te d&#039;Ivoire","description":"Les dockers du Port Autonome de San Pedro (PASP) charge\u0301s de de\u0301charger les sacs de fe\u0300ves de cacao des camions demanden ...","robots":{"index":"index","follow":"follow","max-snippet":"max-snippet:-1","max-image-preview":"max-image-preview:large","max-video-preview":"max-video-preview:-1"},"canonical":"https:\/\/www.africa-press.net\/cotedivoire\/toutes-les-actualites\/les-dockers-suspendent-leur-greve-au-port-de-san-pedro","og_locale":"fr_FR","og_type":"article","og_title":"Les dockers suspendent leur gr\u00e8ve au port de San Pedro","og_description":"Les dockers du Port Autonome de San Pedro (PASP) charge\u0301s de de\u0301charger les sacs de fe\u0300ves de cacao des camions demanden ...","og_url":"https:\/\/www.africa-press.net\/cotedivoire\/toutes-les-actualites\/les-dockers-suspendent-leur-greve-au-port-de-san-pedro","og_site_name":"C\u00f4te d&#039;Ivoire","article_published_time":"2022-11-16T17:38:35+00:00","article_modified_time":"2022-11-16T17:59:52+00:00","og_image":[{"width":720,"height":445,"url":"https:\/\/static.africa-press.net\/cote\/sites\/43\/2022\/11\/postQueueImg_1668607722.71.jpg","type":"image\/jpeg"}],"author":"cfeditorfr","twitter_card":"summary_large_image","twitter_misc":{"\u00c9crit par":"cfeditorfr","Dur\u00e9e de lecture estim\u00e9e":"1 minute"},"schema":{"@context":"https:\/\/schema.org","@graph":[{"@type":"Article","@id":"https:\/\/www.africa-press.net\/cotedivoire\/toutes-les-actualites\/les-dockers-suspendent-leur-greve-au-port-de-san-pedro#article","isPartOf":{"@id":"https:\/\/www.africa-press.net\/cotedivoire\/toutes-les-actualites\/les-dockers-suspendent-leur-greve-au-port-de-san-pedro"},"author":{"name":"cfeditorfr","@id":"https:\/\/www.africa-press.net\/cotedivoire\/#\/schema\/person\/2b1cf3cd81a31e3cd26889ca66d677f1"},"headline":"Les dockers suspendent leur gr\u00e8ve au port de San Pedro","datePublished":"2022-11-16T17:38:35+00:00","dateModified":"2022-11-16T17:59:52+00:00","mainEntityOfPage":{"@id":"https:\/\/www.africa-press.net\/cotedivoire\/toutes-les-actualites\/les-dockers-suspendent-leur-greve-au-port-de-san-pedro"},"wordCount":194,"commentCount":0,"image":{"@id":"https:\/\/www.africa-press.net\/cotedivoire\/toutes-les-actualites\/les-dockers-suspendent-leur-greve-au-port-de-san-pedro#primaryimage"},"thumbnailUrl":"https:\/\/static.africa-press.net\/cote\/sites\/43\/2022\/11\/postQueueImg_1668607722.71.jpg","keywords":["Africa Press","Africa Press-C\u00f4te d'Ivoire","cacao","C\u00d4TE D'IVOIRE","dockers","exportateurs","Londres","Port","San Pedro"],"articleSection":["Communaut\u00e9","Toutes les actualit\u00e9s"],"inLanguage":"fr-FR","potentialAction":[{"@type":"CommentAction","name":"Comment","target":["https:\/\/www.africa-press.net\/cotedivoire\/toutes-les-actualites\/les-dockers-suspendent-leur-greve-au-port-de-san-pedro#respond"]}]},{"@type":"WebPage","@id":"https:\/\/www.africa-press.net\/cotedivoire\/toutes-les-actualites\/les-dockers-suspendent-leur-greve-au-port-de-san-pedro","url":"https:\/\/www.africa-press.net\/cotedivoire\/toutes-les-actualites\/les-dockers-suspendent-leur-greve-au-port-de-san-pedro","name":"Les dockers suspendent leur gr\u00e8ve au port de San Pedro - C\u00f4te d&#039;Ivoire","isPartOf":{"@id":"https:\/\/www.africa-press.net\/cotedivoire\/#website"},"primaryImageOfPage":{"@id":"https:\/\/www.africa-press.net\/cotedivoire\/toutes-les-actualites\/les-dockers-suspendent-leur-greve-au-port-de-san-pedro#primaryimage"},"image":{"@id":"https:\/\/www.africa-press.net\/cotedivoire\/toutes-les-actualites\/les-dockers-suspendent-leur-greve-au-port-de-san-pedro#primaryimage"},"thumbnailUrl":"https:\/\/static.africa-press.net\/cote\/sites\/43\/2022\/11\/postQueueImg_1668607722.71.jpg","datePublished":"2022-11-16T17:38:35+00:00","dateModified":"2022-11-16T17:59:52+00:00","author":{"@id":"https:\/\/www.africa-press.net\/cotedivoire\/#\/schema\/person\/2b1cf3cd81a31e3cd26889ca66d677f1"},"description":"Les dockers du Port Autonome de San Pedro (PASP) charge\u0301s de de\u0301charger les sacs de fe\u0300ves de cacao des camions demanden ...","breadcrumb":{"@id":"https:\/\/www.africa-press.net\/cotedivoire\/toutes-les-actualites\/les-dockers-suspendent-leur-greve-au-port-de-san-pedro#breadcrumb"},"inLanguage":"fr-FR","potentialAction":[{"@type":"ReadAction","target":["https:\/\/www.africa-press.net\/cotedivoire\/toutes-les-actualites\/les-dockers-suspendent-leur-greve-au-port-de-san-pedro"]}]},{"@type":"ImageObject","inLanguage":"fr-FR","@id":"https:\/\/www.africa-press.net\/cotedivoire\/toutes-les-actualites\/les-dockers-suspendent-leur-greve-au-port-de-san-pedro#primaryimage","url":"https:\/\/static.africa-press.net\/cote\/sites\/43\/2022\/11\/postQueueImg_1668607722.71.jpg","contentUrl":"https:\/\/static.africa-press.net\/cote\/sites\/43\/2022\/11\/postQueueImg_1668607722.71.jpg","width":720,"height":445,"caption":"Les dockers suspendent leur gr\u00e8ve au port de San Pedro"},{"@type":"BreadcrumbList","@id":"https:\/\/www.africa-press.net\/cotedivoire\/toutes-les-actualites\/les-dockers-suspendent-leur-greve-au-port-de-san-pedro#breadcrumb","itemListElement":[{"@type":"ListItem","position":1,"name":"Accueil","item":"https:\/\/www.africa-press.net\/cotedivoire\/"},{"@type":"ListItem","position":2,"name":"Les dockers suspendent leur gr\u00e8ve au port de San Pedro"}]},{"@type":"WebSite","@id":"https:\/\/www.africa-press.net\/cotedivoire\/#website","url":"https:\/\/www.africa-press.net\/cotedivoire\/","name":"C\u00f4te d&#039;Ivoire","description":"Just another Africa News Agency Sites site","potentialAction":[{"@type":"SearchAction","target":{"@type":"EntryPoint","urlTemplate":"https:\/\/www.africa-press.net\/cotedivoire\/?s={search_term_string}"},"query-input":{"@type":"PropertyValueSpecification","valueRequired":true,"valueName":"search_term_string"}}],"inLanguage":"fr-FR"},{"@type":"Person","@id":"https:\/\/www.africa-press.net\/cotedivoire\/#\/schema\/person\/2b1cf3cd81a31e3cd26889ca66d677f1","name":"cfeditorfr"}]}},"_links":{"self":[{"href":"https:\/\/www.africa-press.net\/cotedivoire\/wp-json\/wp\/v2\/posts\/48285","targetHints":{"allow":["GET"]}}],"collection":[{"href":"https:\/\/www.africa-press.net\/cotedivoire\/wp-json\/wp\/v2\/posts"}],"about":[{"href":"https:\/\/www.africa-press.net\/cotedivoire\/wp-json\/wp\/v2\/types\/post"}],"author":[{"embeddable":true,"href":"https:\/\/www.africa-press.net\/cotedivoire\/wp-json\/wp\/v2\/users\/82"}],"replies":[{"embeddable":true,"href":"https:\/\/www.africa-press.net\/cotedivoire\/wp-json\/wp\/v2\/comments?post=48285"}],"version-history":[{"count":0,"href":"https:\/\/www.africa-press.net\/cotedivoire\/wp-json\/wp\/v2\/posts\/48285\/revisions"}],"wp:featuredmedia":[{"embeddable":true,"href":"https:\/\/www.africa-press.net\/cotedivoire\/wp-json\/wp\/v2\/media\/48284"}],"wp:attachment":[{"href":"https:\/\/www.africa-press.net\/cotedivoire\/wp-json\/wp\/v2\/media?parent=48285"}],"wp:term":[{"taxonomy":"category","embeddable":true,"href":"https:\/\/www.africa-press.net\/cotedivoire\/wp-json\/wp\/v2\/categories?post=48285"},{"taxonomy":"post_tag","embeddable":true,"href":"https:\/\/www.africa-press.net\/cotedivoire\/wp-json\/wp\/v2\/tags?post=48285"}],"curies":[{"name":"wp","href":"https:\/\/api.w.org\/{rel}","templated":true}]}}