{"id":48416,"date":"2022-11-18T17:41:12","date_gmt":"2022-11-18T17:41:12","guid":{"rendered":"https:\/\/www.africa-press.net\/cotedivoire\/politique\/alassane-ouattara-senvole-pour-prendre-part-18e-sommet-ordinaire-des-chefs-detat-et-de-gouvernement-de-la-francophonie-en-tunisie"},"modified":"2022-11-18T17:59:22","modified_gmt":"2022-11-18T17:59:22","slug":"alassane-ouattara-senvole-pour-prendre-part-18e-sommet-ordinaire-des-chefs-detat-et-de-gouvernement-de-la-francophonie-en-tunisie","status":"publish","type":"post","link":"https:\/\/www.africa-press.net\/cotedivoire\/politique\/alassane-ouattara-senvole-pour-prendre-part-18e-sommet-ordinaire-des-chefs-detat-et-de-gouvernement-de-la-francophonie-en-tunisie","title":{"rendered":"Alassane Ouattara s&rsquo;envole pour prendre part 18e Sommet ordinaire des Chefs d&rsquo;Etat et de Gouvernement de la Francophonie en Tunisie"},"content":{"rendered":"<p><span style=\"color: #ff6600\"><strong>Africa-Press &#8211; C\u00f4te d&rsquo;Ivoire. <\/strong><\/span>Alassane Ouattara s&rsquo;est envole\u0301 ce vendredi midi pour la Tunisie. Le nume\u0301ro un ivoirien a quitte\u0301 Abidjan pour Djerba ou\u0300 il prendra part au 18e Sommet ordinaire des Chefs d\u2019Etat et de Gouvernement de la Francophonie.<\/p>\n<p>Ce Sommet, place\u0301 sous le the\u0300me : \u00ab La connectivite\u0301 dans la diversite\u0301 : le nume\u0301rique, vecteur de de\u0301veloppement et de solidarite\u0301 dans l\u2019espace francophone \u00bb, sera l\u2019occasion d\u2019aborder les proble\u0301matiques lie\u0301es aux diffe\u0301rentes crises rencontre\u0301es et d\u2019apporter des re\u0301ponses a\u0300 des pre\u0301occupations majeures, notamment le de\u0301veloppement e\u0301conomique, l\u2019inclusion, le nume\u0301rique, l\u2019e\u0301ducation pour tous, l\u2019acce\u0300s a\u0300 la sante\u0301, la transition e\u0301cologique et le dialogue pour la pre\u0301vention des conflits.<\/p>\n<p>Au cours de ce Sommet, le Pre\u0301sident ivoirien participera a\u0300 des se\u0301ances the\u0301matiques sur \u00ab le nume\u0301rique, outil prioritaire de la Francophonie \u00bb et \u00ab Les femmes et les jeunes, cibles prioritaires de la Francophonie \u00bb.<\/p>\n<p>En marge du Sommet, le Chef de l\u2019Etat aura des entretiens avec ses homologues et plusieurs personnalite\u0301s.<\/p>\n\r\n                <style type=\"text\/css\">\r\n                    \r\n                    #td_uid_1_69f260bb8a990  .td-doubleSlider-2 .td-item1 {\r\n                        background: url(https:\/\/static.africa-press.net\/cote\/sites\/43\/2022\/11\/postMediaimg_5_1-6377c7c998b9c-80x60.jpg) 0 0 no-repeat;\r\n                    }\r\n                    #td_uid_1_69f260bb8a990  .td-doubleSlider-2 .td-item2 {\r\n                        background: url(https:\/\/static.africa-press.net\/cote\/sites\/43\/2022\/11\/postMediaimg_5_2-6377c7d4029fa-80x60.jpg) 0 0 no-repeat;\r\n                    }\r\n                <\/style>\r\n\r\n                <div id=\"td_uid_1_69f260bb8a990\" class=\"td-gallery td-slide-on-2-columns\">\r\n                    <div class=\"post_td_gallery\">\r\n                        <div class=\"td-gallery-slide-top\">\r\n                           <div class=\"td-gallery-title\"><\/div>\r\n\r\n                            <div class=\"td-gallery-controls-wrapper\">\r\n                                <div class=\"td-gallery-slide-count\"><span class=\"td-gallery-slide-item-focus\">1<\/span> de 2<\/div>\r\n                                <div class=\"td-gallery-slide-prev-next-but\">\r\n                                    <i class = \"td-icon-left doubleSliderPrevButton\"><\/i>\r\n                                    <i class = \"td-icon-right doubleSliderNextButton\"><\/i>\r\n                                <\/div>\r\n                            <\/div>\r\n                        <\/div>\r\n\r\n                        <div class = \"td-doubleSlider-1 \">\r\n                            <div class = \"td-slider\">\r\n                                \r\n                    <div class = \"td-slide-item td-item1\">\r\n                        <figure class=\"td-slide-galery-figure td-slide-popup-gallery\">\r\n                            <a class=\"slide-gallery-image-link\" href=\"https:\/\/static.africa-press.net\/cote\/sites\/43\/2022\/11\/postMediaimg_5_1-6377c7c998b9c.jpg\" title=\"postMediaimg_5_1-6377c7c998b9c\"  data-caption=\"\"  data-description=\"\">\r\n                                <img decoding=\"async\" src=\"https:\/\/static.africa-press.net\/cote\/sites\/43\/2022\/11\/postMediaimg_5_1-6377c7c998b9c.jpg\" srcset=\"https:\/\/static.africa-press.net\/cote\/sites\/43\/2022\/11\/postMediaimg_5_1-6377c7c998b9c.jpg 1000w, https:\/\/static.africa-press.net\/cote\/sites\/43\/2022\/11\/postMediaimg_5_1-6377c7c998b9c-300x206.jpg 300w, https:\/\/static.africa-press.net\/cote\/sites\/43\/2022\/11\/postMediaimg_5_1-6377c7c998b9c-768x526.jpg 768w, https:\/\/static.africa-press.net\/cote\/sites\/43\/2022\/11\/postMediaimg_5_1-6377c7c998b9c-100x70.jpg 100w, https:\/\/static.africa-press.net\/cote\/sites\/43\/2022\/11\/postMediaimg_5_1-6377c7c998b9c-218x150.jpg 218w\" sizes=\"(max-width: 1000px) 100vw, 1000px\" alt=\"\">\r\n                            <\/a>\r\n                            \r\n                        <\/figure>\r\n                    <\/div>\r\n                    <div class = \"td-slide-item td-item2\">\r\n                        <figure class=\"td-slide-galery-figure td-slide-popup-gallery\">\r\n                            <a class=\"slide-gallery-image-link\" href=\"https:\/\/static.africa-press.net\/cote\/sites\/43\/2022\/11\/postMediaimg_5_2-6377c7d4029fa.jpg\" title=\"postMediaimg_5_2-6377c7d4029fa\"  data-caption=\"\"  data-description=\"\">\r\n                                <img decoding=\"async\" src=\"https:\/\/static.africa-press.net\/cote\/sites\/43\/2022\/11\/postMediaimg_5_2-6377c7d4029fa.jpg\" srcset=\"https:\/\/static.africa-press.net\/cote\/sites\/43\/2022\/11\/postMediaimg_5_2-6377c7d4029fa.jpg 1000w, https:\/\/static.africa-press.net\/cote\/sites\/43\/2022\/11\/postMediaimg_5_2-6377c7d4029fa-300x160.jpg 300w, https:\/\/static.africa-press.net\/cote\/sites\/43\/2022\/11\/postMediaimg_5_2-6377c7d4029fa-768x410.jpg 768w\" sizes=\"(max-width: 1000px) 100vw, 1000px\" alt=\"\">\r\n                            <\/a>\r\n                            \r\n                        <\/figure>\r\n                    <\/div>\r\n                            <\/div>\r\n                        <\/div>\r\n\r\n                        <div class = \"td-doubleSlider-2\">\r\n                            <div class = \"td-slider\">\r\n                                \r\n                    <div class = \"td-button td-item1\">\r\n                        <div class = \"td-border\"><\/div>\r\n                    <\/div>\r\n                    <div class = \"td-button td-item2\">\r\n                        <div class = \"td-border\"><\/div>\r\n                    <\/div>\r\n                            <\/div>\r\n                        <\/div>\r\n\r\n                    <\/div>\r\n\r\n                <\/div>\r\n                \n<p><strong>Pour plus d&rsquo;informations et d&rsquo;analyses sur la <a href=\"https:\/\/www.africa-press.net\/cotedivoire\">C\u00f4te d&rsquo;Ivoire<\/a>, suivez <a href=\"https:\/\/www.africa-press.net\/\">Africa-Press<\/a><\/strong><\/p>\n","protected":false},"excerpt":{"rendered":"<p>Africa-Press &#8211; C\u00f4te d&rsquo;Ivoire. Alassane Ouattara s&rsquo;est envole\u0301 ce vendredi midi pour la Tunisie. Le nume\u0301ro un ivoirien a quitte\u0301 Abidjan pour Djerba ou\u0300 il prendra part au 18e Sommet ordinaire des Chefs d\u2019Etat et de Gouvernement de la Francophonie. Ce Sommet, place\u0301 sous le the\u0300me : \u00ab La connectivite\u0301 dans la diversite\u0301 : le [&hellip;]<\/p>\n","protected":false},"author":82,"featured_media":48415,"comment_status":"open","ping_status":"closed","sticky":false,"template":"","format":"standard","meta":{"footnotes":""},"categories":[8,2,20,10],"tags":[56,63,29,8168,8167],"class_list":["post-48416","post","type-post","status-publish","format-standard","has-post-thumbnail","hentry","category-photo","category-politique","category-top-nouvelles","category-toutes-les-actualites","tag-africa-press","tag-africa-press-cote-divoire","tag-cote-divoire","tag-djerba","tag-francophonie"],"yoast_head":"<!-- This site is optimized with the Yoast SEO Premium plugin v26.1 (Yoast SEO v27.0) - https:\/\/yoast.com\/product\/yoast-seo-premium-wordpress\/ -->\n<title>Alassane Ouattara s&#039;envole pour prendre part 18e Sommet ordinaire des Chefs d&#039;Etat et de Gouvernement de la Francophonie en Tunisie - C\u00f4te d&#039;Ivoire<\/title>\n<meta name=\"description\" content=\"Alassane Ouattara s&#039;est envole\u0301 ce vendredi midi pour la Tunisie. Le nume\u0301ro un ivoirien a quitte\u0301 Abidjan pour Djerba o ...\" \/>\n<meta name=\"robots\" content=\"index, follow, max-snippet:-1, max-image-preview:large, max-video-preview:-1\" \/>\n<link rel=\"canonical\" href=\"https:\/\/www.africa-press.net\/cotedivoire\/politique\/alassane-ouattara-senvole-pour-prendre-part-18e-sommet-ordinaire-des-chefs-detat-et-de-gouvernement-de-la-francophonie-en-tunisie\" \/>\n<meta property=\"og:locale\" content=\"fr_FR\" \/>\n<meta property=\"og:type\" content=\"article\" \/>\n<meta property=\"og:title\" content=\"Alassane Ouattara s&#039;envole pour prendre part 18e Sommet ordinaire des Chefs d&#039;Etat et de Gouvernement de la Francophonie en Tunisie\" \/>\n<meta property=\"og:description\" content=\"Alassane Ouattara s&#039;est envole\u0301 ce vendredi midi pour la Tunisie. Le nume\u0301ro un ivoirien a quitte\u0301 Abidjan pour Djerba o ...\" \/>\n<meta property=\"og:url\" content=\"https:\/\/www.africa-press.net\/cotedivoire\/politique\/alassane-ouattara-senvole-pour-prendre-part-18e-sommet-ordinaire-des-chefs-detat-et-de-gouvernement-de-la-francophonie-en-tunisie\" \/>\n<meta property=\"og:site_name\" content=\"C\u00f4te d&#039;Ivoire\" \/>\n<meta property=\"article:published_time\" content=\"2022-11-18T17:41:12+00:00\" \/>\n<meta property=\"article:modified_time\" content=\"2022-11-18T17:59:22+00:00\" \/>\n<meta property=\"og:image\" content=\"https:\/\/static.africa-press.net\/cote\/sites\/43\/2022\/11\/postQueueImg_1668780705.41.jpg\" \/>\n\t<meta property=\"og:image:width\" content=\"720\" \/>\n\t<meta property=\"og:image:height\" content=\"384\" \/>\n\t<meta property=\"og:image:type\" content=\"image\/jpeg\" \/>\n<meta name=\"author\" content=\"cfeditorfr\" \/>\n<meta name=\"twitter:card\" content=\"summary_large_image\" \/>\n<meta name=\"twitter:label1\" content=\"\u00c9crit par\" \/>\n\t<meta name=\"twitter:data1\" content=\"cfeditorfr\" \/>\n\t<meta name=\"twitter:label2\" content=\"Dur\u00e9e de lecture estim\u00e9e\" \/>\n\t<meta name=\"twitter:data2\" content=\"1 minute\" \/>\n<script type=\"application\/ld+json\" class=\"yoast-schema-graph\">{\"@context\":\"https:\/\/schema.org\",\"@graph\":[{\"@type\":\"Article\",\"@id\":\"https:\/\/www.africa-press.net\/cotedivoire\/politique\/alassane-ouattara-senvole-pour-prendre-part-18e-sommet-ordinaire-des-chefs-detat-et-de-gouvernement-de-la-francophonie-en-tunisie#article\",\"isPartOf\":{\"@id\":\"https:\/\/www.africa-press.net\/cotedivoire\/politique\/alassane-ouattara-senvole-pour-prendre-part-18e-sommet-ordinaire-des-chefs-detat-et-de-gouvernement-de-la-francophonie-en-tunisie\"},\"author\":{\"name\":\"cfeditorfr\",\"@id\":\"https:\/\/www.africa-press.net\/cotedivoire\/#\/schema\/person\/2b1cf3cd81a31e3cd26889ca66d677f1\"},\"headline\":\"Alassane Ouattara s&rsquo;envole pour prendre part 18e Sommet ordinaire des Chefs d&rsquo;Etat et de Gouvernement de la Francophonie en Tunisie\",\"datePublished\":\"2022-11-18T17:41:12+00:00\",\"dateModified\":\"2022-11-18T17:59:22+00:00\",\"mainEntityOfPage\":{\"@id\":\"https:\/\/www.africa-press.net\/cotedivoire\/politique\/alassane-ouattara-senvole-pour-prendre-part-18e-sommet-ordinaire-des-chefs-detat-et-de-gouvernement-de-la-francophonie-en-tunisie\"},\"wordCount\":235,\"commentCount\":0,\"image\":{\"@id\":\"https:\/\/www.africa-press.net\/cotedivoire\/politique\/alassane-ouattara-senvole-pour-prendre-part-18e-sommet-ordinaire-des-chefs-detat-et-de-gouvernement-de-la-francophonie-en-tunisie#primaryimage\"},\"thumbnailUrl\":\"https:\/\/static.africa-press.net\/cote\/sites\/43\/2022\/11\/postQueueImg_1668780705.41.jpg\",\"keywords\":[\"Africa Press\",\"Africa Press-C\u00f4te d'Ivoire\",\"C\u00d4TE D'IVOIRE\",\"Djerba\",\"Francophonie\"],\"articleSection\":[\"Photo\",\"Politique\",\"Top Nouvelles\",\"Toutes les actualit\u00e9s\"],\"inLanguage\":\"fr-FR\",\"potentialAction\":[{\"@type\":\"CommentAction\",\"name\":\"Comment\",\"target\":[\"https:\/\/www.africa-press.net\/cotedivoire\/politique\/alassane-ouattara-senvole-pour-prendre-part-18e-sommet-ordinaire-des-chefs-detat-et-de-gouvernement-de-la-francophonie-en-tunisie#respond\"]}]},{\"@type\":\"WebPage\",\"@id\":\"https:\/\/www.africa-press.net\/cotedivoire\/politique\/alassane-ouattara-senvole-pour-prendre-part-18e-sommet-ordinaire-des-chefs-detat-et-de-gouvernement-de-la-francophonie-en-tunisie\",\"url\":\"https:\/\/www.africa-press.net\/cotedivoire\/politique\/alassane-ouattara-senvole-pour-prendre-part-18e-sommet-ordinaire-des-chefs-detat-et-de-gouvernement-de-la-francophonie-en-tunisie\",\"name\":\"Alassane Ouattara s'envole pour prendre part 18e Sommet ordinaire des Chefs d'Etat et de Gouvernement de la Francophonie en Tunisie - C\u00f4te d&#039;Ivoire\",\"isPartOf\":{\"@id\":\"https:\/\/www.africa-press.net\/cotedivoire\/#website\"},\"primaryImageOfPage\":{\"@id\":\"https:\/\/www.africa-press.net\/cotedivoire\/politique\/alassane-ouattara-senvole-pour-prendre-part-18e-sommet-ordinaire-des-chefs-detat-et-de-gouvernement-de-la-francophonie-en-tunisie#primaryimage\"},\"image\":{\"@id\":\"https:\/\/www.africa-press.net\/cotedivoire\/politique\/alassane-ouattara-senvole-pour-prendre-part-18e-sommet-ordinaire-des-chefs-detat-et-de-gouvernement-de-la-francophonie-en-tunisie#primaryimage\"},\"thumbnailUrl\":\"https:\/\/static.africa-press.net\/cote\/sites\/43\/2022\/11\/postQueueImg_1668780705.41.jpg\",\"datePublished\":\"2022-11-18T17:41:12+00:00\",\"dateModified\":\"2022-11-18T17:59:22+00:00\",\"author\":{\"@id\":\"https:\/\/www.africa-press.net\/cotedivoire\/#\/schema\/person\/2b1cf3cd81a31e3cd26889ca66d677f1\"},\"description\":\"Alassane Ouattara s'est envole\u0301 ce vendredi midi pour la Tunisie. Le nume\u0301ro un ivoirien a quitte\u0301 Abidjan pour Djerba o ...\",\"breadcrumb\":{\"@id\":\"https:\/\/www.africa-press.net\/cotedivoire\/politique\/alassane-ouattara-senvole-pour-prendre-part-18e-sommet-ordinaire-des-chefs-detat-et-de-gouvernement-de-la-francophonie-en-tunisie#breadcrumb\"},\"inLanguage\":\"fr-FR\",\"potentialAction\":[{\"@type\":\"ReadAction\",\"target\":[\"https:\/\/www.africa-press.net\/cotedivoire\/politique\/alassane-ouattara-senvole-pour-prendre-part-18e-sommet-ordinaire-des-chefs-detat-et-de-gouvernement-de-la-francophonie-en-tunisie\"]}]},{\"@type\":\"ImageObject\",\"inLanguage\":\"fr-FR\",\"@id\":\"https:\/\/www.africa-press.net\/cotedivoire\/politique\/alassane-ouattara-senvole-pour-prendre-part-18e-sommet-ordinaire-des-chefs-detat-et-de-gouvernement-de-la-francophonie-en-tunisie#primaryimage\",\"url\":\"https:\/\/static.africa-press.net\/cote\/sites\/43\/2022\/11\/postQueueImg_1668780705.41.jpg\",\"contentUrl\":\"https:\/\/static.africa-press.net\/cote\/sites\/43\/2022\/11\/postQueueImg_1668780705.41.jpg\",\"width\":720,\"height\":384,\"caption\":\"Alassane Ouattara s'envole pour prendre part 18e Sommet ordinaire des Chefs d'Etat et de Gouvernement de la Francophonie en Tunisie\"},{\"@type\":\"BreadcrumbList\",\"@id\":\"https:\/\/www.africa-press.net\/cotedivoire\/politique\/alassane-ouattara-senvole-pour-prendre-part-18e-sommet-ordinaire-des-chefs-detat-et-de-gouvernement-de-la-francophonie-en-tunisie#breadcrumb\",\"itemListElement\":[{\"@type\":\"ListItem\",\"position\":1,\"name\":\"Accueil\",\"item\":\"https:\/\/www.africa-press.net\/cotedivoire\/\"},{\"@type\":\"ListItem\",\"position\":2,\"name\":\"Alassane Ouattara s&#8217;envole pour prendre part 18e Sommet ordinaire des Chefs d&#8217;Etat et de Gouvernement de la Francophonie en Tunisie\"}]},{\"@type\":\"WebSite\",\"@id\":\"https:\/\/www.africa-press.net\/cotedivoire\/#website\",\"url\":\"https:\/\/www.africa-press.net\/cotedivoire\/\",\"name\":\"C\u00f4te d&#039;Ivoire\",\"description\":\"Just another Africa News Agency Sites site\",\"potentialAction\":[{\"@type\":\"SearchAction\",\"target\":{\"@type\":\"EntryPoint\",\"urlTemplate\":\"https:\/\/www.africa-press.net\/cotedivoire\/?s={search_term_string}\"},\"query-input\":{\"@type\":\"PropertyValueSpecification\",\"valueRequired\":true,\"valueName\":\"search_term_string\"}}],\"inLanguage\":\"fr-FR\"},{\"@type\":\"Person\",\"@id\":\"https:\/\/www.africa-press.net\/cotedivoire\/#\/schema\/person\/2b1cf3cd81a31e3cd26889ca66d677f1\",\"name\":\"cfeditorfr\"}]}<\/script>\n<!-- \/ Yoast SEO Premium plugin. -->","yoast_head_json":{"title":"Alassane Ouattara s'envole pour prendre part 18e Sommet ordinaire des Chefs d'Etat et de Gouvernement de la Francophonie en Tunisie - C\u00f4te d&#039;Ivoire","description":"Alassane Ouattara s'est envole\u0301 ce vendredi midi pour la Tunisie. Le nume\u0301ro un ivoirien a quitte\u0301 Abidjan pour Djerba o ...","robots":{"index":"index","follow":"follow","max-snippet":"max-snippet:-1","max-image-preview":"max-image-preview:large","max-video-preview":"max-video-preview:-1"},"canonical":"https:\/\/www.africa-press.net\/cotedivoire\/politique\/alassane-ouattara-senvole-pour-prendre-part-18e-sommet-ordinaire-des-chefs-detat-et-de-gouvernement-de-la-francophonie-en-tunisie","og_locale":"fr_FR","og_type":"article","og_title":"Alassane Ouattara s'envole pour prendre part 18e Sommet ordinaire des Chefs d'Etat et de Gouvernement de la Francophonie en Tunisie","og_description":"Alassane Ouattara s'est envole\u0301 ce vendredi midi pour la Tunisie. Le nume\u0301ro un ivoirien a quitte\u0301 Abidjan pour Djerba o ...","og_url":"https:\/\/www.africa-press.net\/cotedivoire\/politique\/alassane-ouattara-senvole-pour-prendre-part-18e-sommet-ordinaire-des-chefs-detat-et-de-gouvernement-de-la-francophonie-en-tunisie","og_site_name":"C\u00f4te d&#039;Ivoire","article_published_time":"2022-11-18T17:41:12+00:00","article_modified_time":"2022-11-18T17:59:22+00:00","og_image":[{"width":720,"height":384,"url":"https:\/\/static.africa-press.net\/cote\/sites\/43\/2022\/11\/postQueueImg_1668780705.41.jpg","type":"image\/jpeg"}],"author":"cfeditorfr","twitter_card":"summary_large_image","twitter_misc":{"\u00c9crit par":"cfeditorfr","Dur\u00e9e de lecture estim\u00e9e":"1 minute"},"schema":{"@context":"https:\/\/schema.org","@graph":[{"@type":"Article","@id":"https:\/\/www.africa-press.net\/cotedivoire\/politique\/alassane-ouattara-senvole-pour-prendre-part-18e-sommet-ordinaire-des-chefs-detat-et-de-gouvernement-de-la-francophonie-en-tunisie#article","isPartOf":{"@id":"https:\/\/www.africa-press.net\/cotedivoire\/politique\/alassane-ouattara-senvole-pour-prendre-part-18e-sommet-ordinaire-des-chefs-detat-et-de-gouvernement-de-la-francophonie-en-tunisie"},"author":{"name":"cfeditorfr","@id":"https:\/\/www.africa-press.net\/cotedivoire\/#\/schema\/person\/2b1cf3cd81a31e3cd26889ca66d677f1"},"headline":"Alassane Ouattara s&rsquo;envole pour prendre part 18e Sommet ordinaire des Chefs d&rsquo;Etat et de Gouvernement de la Francophonie en Tunisie","datePublished":"2022-11-18T17:41:12+00:00","dateModified":"2022-11-18T17:59:22+00:00","mainEntityOfPage":{"@id":"https:\/\/www.africa-press.net\/cotedivoire\/politique\/alassane-ouattara-senvole-pour-prendre-part-18e-sommet-ordinaire-des-chefs-detat-et-de-gouvernement-de-la-francophonie-en-tunisie"},"wordCount":235,"commentCount":0,"image":{"@id":"https:\/\/www.africa-press.net\/cotedivoire\/politique\/alassane-ouattara-senvole-pour-prendre-part-18e-sommet-ordinaire-des-chefs-detat-et-de-gouvernement-de-la-francophonie-en-tunisie#primaryimage"},"thumbnailUrl":"https:\/\/static.africa-press.net\/cote\/sites\/43\/2022\/11\/postQueueImg_1668780705.41.jpg","keywords":["Africa Press","Africa Press-C\u00f4te d'Ivoire","C\u00d4TE D'IVOIRE","Djerba","Francophonie"],"articleSection":["Photo","Politique","Top Nouvelles","Toutes les actualit\u00e9s"],"inLanguage":"fr-FR","potentialAction":[{"@type":"CommentAction","name":"Comment","target":["https:\/\/www.africa-press.net\/cotedivoire\/politique\/alassane-ouattara-senvole-pour-prendre-part-18e-sommet-ordinaire-des-chefs-detat-et-de-gouvernement-de-la-francophonie-en-tunisie#respond"]}]},{"@type":"WebPage","@id":"https:\/\/www.africa-press.net\/cotedivoire\/politique\/alassane-ouattara-senvole-pour-prendre-part-18e-sommet-ordinaire-des-chefs-detat-et-de-gouvernement-de-la-francophonie-en-tunisie","url":"https:\/\/www.africa-press.net\/cotedivoire\/politique\/alassane-ouattara-senvole-pour-prendre-part-18e-sommet-ordinaire-des-chefs-detat-et-de-gouvernement-de-la-francophonie-en-tunisie","name":"Alassane Ouattara s'envole pour prendre part 18e Sommet ordinaire des Chefs d'Etat et de Gouvernement de la Francophonie en Tunisie - C\u00f4te d&#039;Ivoire","isPartOf":{"@id":"https:\/\/www.africa-press.net\/cotedivoire\/#website"},"primaryImageOfPage":{"@id":"https:\/\/www.africa-press.net\/cotedivoire\/politique\/alassane-ouattara-senvole-pour-prendre-part-18e-sommet-ordinaire-des-chefs-detat-et-de-gouvernement-de-la-francophonie-en-tunisie#primaryimage"},"image":{"@id":"https:\/\/www.africa-press.net\/cotedivoire\/politique\/alassane-ouattara-senvole-pour-prendre-part-18e-sommet-ordinaire-des-chefs-detat-et-de-gouvernement-de-la-francophonie-en-tunisie#primaryimage"},"thumbnailUrl":"https:\/\/static.africa-press.net\/cote\/sites\/43\/2022\/11\/postQueueImg_1668780705.41.jpg","datePublished":"2022-11-18T17:41:12+00:00","dateModified":"2022-11-18T17:59:22+00:00","author":{"@id":"https:\/\/www.africa-press.net\/cotedivoire\/#\/schema\/person\/2b1cf3cd81a31e3cd26889ca66d677f1"},"description":"Alassane Ouattara s'est envole\u0301 ce vendredi midi pour la Tunisie. Le nume\u0301ro un ivoirien a quitte\u0301 Abidjan pour Djerba o ...","breadcrumb":{"@id":"https:\/\/www.africa-press.net\/cotedivoire\/politique\/alassane-ouattara-senvole-pour-prendre-part-18e-sommet-ordinaire-des-chefs-detat-et-de-gouvernement-de-la-francophonie-en-tunisie#breadcrumb"},"inLanguage":"fr-FR","potentialAction":[{"@type":"ReadAction","target":["https:\/\/www.africa-press.net\/cotedivoire\/politique\/alassane-ouattara-senvole-pour-prendre-part-18e-sommet-ordinaire-des-chefs-detat-et-de-gouvernement-de-la-francophonie-en-tunisie"]}]},{"@type":"ImageObject","inLanguage":"fr-FR","@id":"https:\/\/www.africa-press.net\/cotedivoire\/politique\/alassane-ouattara-senvole-pour-prendre-part-18e-sommet-ordinaire-des-chefs-detat-et-de-gouvernement-de-la-francophonie-en-tunisie#primaryimage","url":"https:\/\/static.africa-press.net\/cote\/sites\/43\/2022\/11\/postQueueImg_1668780705.41.jpg","contentUrl":"https:\/\/static.africa-press.net\/cote\/sites\/43\/2022\/11\/postQueueImg_1668780705.41.jpg","width":720,"height":384,"caption":"Alassane Ouattara s'envole pour prendre part 18e Sommet ordinaire des Chefs d'Etat et de Gouvernement de la Francophonie en Tunisie"},{"@type":"BreadcrumbList","@id":"https:\/\/www.africa-press.net\/cotedivoire\/politique\/alassane-ouattara-senvole-pour-prendre-part-18e-sommet-ordinaire-des-chefs-detat-et-de-gouvernement-de-la-francophonie-en-tunisie#breadcrumb","itemListElement":[{"@type":"ListItem","position":1,"name":"Accueil","item":"https:\/\/www.africa-press.net\/cotedivoire\/"},{"@type":"ListItem","position":2,"name":"Alassane Ouattara s&#8217;envole pour prendre part 18e Sommet ordinaire des Chefs d&#8217;Etat et de Gouvernement de la Francophonie en Tunisie"}]},{"@type":"WebSite","@id":"https:\/\/www.africa-press.net\/cotedivoire\/#website","url":"https:\/\/www.africa-press.net\/cotedivoire\/","name":"C\u00f4te d&#039;Ivoire","description":"Just another Africa News Agency Sites site","potentialAction":[{"@type":"SearchAction","target":{"@type":"EntryPoint","urlTemplate":"https:\/\/www.africa-press.net\/cotedivoire\/?s={search_term_string}"},"query-input":{"@type":"PropertyValueSpecification","valueRequired":true,"valueName":"search_term_string"}}],"inLanguage":"fr-FR"},{"@type":"Person","@id":"https:\/\/www.africa-press.net\/cotedivoire\/#\/schema\/person\/2b1cf3cd81a31e3cd26889ca66d677f1","name":"cfeditorfr"}]}},"_links":{"self":[{"href":"https:\/\/www.africa-press.net\/cotedivoire\/wp-json\/wp\/v2\/posts\/48416","targetHints":{"allow":["GET"]}}],"collection":[{"href":"https:\/\/www.africa-press.net\/cotedivoire\/wp-json\/wp\/v2\/posts"}],"about":[{"href":"https:\/\/www.africa-press.net\/cotedivoire\/wp-json\/wp\/v2\/types\/post"}],"author":[{"embeddable":true,"href":"https:\/\/www.africa-press.net\/cotedivoire\/wp-json\/wp\/v2\/users\/82"}],"replies":[{"embeddable":true,"href":"https:\/\/www.africa-press.net\/cotedivoire\/wp-json\/wp\/v2\/comments?post=48416"}],"version-history":[{"count":0,"href":"https:\/\/www.africa-press.net\/cotedivoire\/wp-json\/wp\/v2\/posts\/48416\/revisions"}],"wp:featuredmedia":[{"embeddable":true,"href":"https:\/\/www.africa-press.net\/cotedivoire\/wp-json\/wp\/v2\/media\/48415"}],"wp:attachment":[{"href":"https:\/\/www.africa-press.net\/cotedivoire\/wp-json\/wp\/v2\/media?parent=48416"}],"wp:term":[{"taxonomy":"category","embeddable":true,"href":"https:\/\/www.africa-press.net\/cotedivoire\/wp-json\/wp\/v2\/categories?post=48416"},{"taxonomy":"post_tag","embeddable":true,"href":"https:\/\/www.africa-press.net\/cotedivoire\/wp-json\/wp\/v2\/tags?post=48416"}],"curies":[{"name":"wp","href":"https:\/\/api.w.org\/{rel}","templated":true}]}}