{"id":48671,"date":"2022-11-23T19:00:27","date_gmt":"2022-11-23T19:00:27","guid":{"rendered":"https:\/\/www.africa-press.net\/cotedivoire\/politique\/cote-divoire-france-inauguration-vendredi-de-la-cour-dappel-de-korhogo-dun-cout-de-realisation-de-plus-de-4-milliards-entierement-finance-par-le-c2d"},"modified":"2022-11-23T19:15:21","modified_gmt":"2022-11-23T19:15:21","slug":"cote-divoire-france-inauguration-vendredi-de-la-cour-dappel-de-korhogo-dun-cout-de-realisation-de-plus-de-4-milliards-entierement-finance-par-le-c2d","status":"publish","type":"post","link":"https:\/\/www.africa-press.net\/cotedivoire\/politique\/cote-divoire-france-inauguration-vendredi-de-la-cour-dappel-de-korhogo-dun-cout-de-realisation-de-plus-de-4-milliards-entierement-finance-par-le-c2d","title":{"rendered":"C\u00f4te d&rsquo;Ivoire-France\u00a0:   Inauguration vendredi de la Cour d&rsquo;appel de Korhogo d&rsquo;un co\u00fbt de r\u00e9alisation de plus de 4 milliards enti\u00e8rement financ\u00e9 par le C2D"},"content":{"rendered":"<p><span style=\"color: #ff6600\"><strong>Africa-Press &#8211; C\u00f4te d&rsquo;Ivoire. <\/strong><\/span>La Cour d&rsquo;Appel de Korhogo, e\u0301tablissement moderne au service des justiciables, est construite sur une parcelle de 5ha 42. Elle peut accueillir un effectif de 89 personnels dont 33 magistrats. Le cou\u0302t du projet est de 4 094 776 275 FCFA entie\u0300rement finance\u0301 par le Contrat de De\u0301sendettement et de De\u0301veloppement (C2D).<\/p>\n<p>L&rsquo;infrastructure comprend un acce\u0300s pour le public et un acce\u0300s inde\u0301pendant pour le personnel avec un parking public de 100 places et un parking pour le personnel de 63 places. Le ba\u0302timent est de type R+2 avec un Rez de jardin et structure\u0301 comme suite.<\/p>\n<p>Le Rez de jardin comprend les espaces de\u0301die\u0301es a\u0300 la logistique, aux locaux techniques, les locaux de stockage, les cellules pour les pre\u0301venus et les de\u0301tenus.<\/p>\n<p>Le rez-de-chausse\u0301e est compose\u0301 de la salle des pas perdus, de deux salles d&rsquo;audience de capacite\u0301 200 places chacune, de deux salles des de\u0301libe\u0301re\u0301s et quatre box entretien Avocats-Clients.<\/p>\n<p>Au 1er e\u0301tage, la zone affecte\u0301e au Sie\u0300ge, comprend le bureau du Premier Pre\u0301sident, les bureaux des Pre\u0301sidents de chambre, les bureaux des Conseillers, des Greffiers, la bibliothe\u0300que et la cantine, le 2e e\u0301tage, le Parquet Ge\u0301ne\u0301ral avec le bureau du Procureur ge\u0301ne\u0301ral, du Secre\u0301taire ge\u0301ne\u0301ral, les bureaux des Avocats ge\u0301ne\u0301raux et des Substituts ge\u0301ne\u0301raux.<\/p>\n<p>La surface hors \u0153uvre nette est de 5 132 m2 et les travaux ont dure\u0301 32 mois. L&rsquo;inauguration de la Cour d&rsquo;Appel de Korhogo aura lieu le vendredi 25 novembre 2022. Cette ce\u0301re\u0301monie est place\u0301e sous la haute pre\u0301sidence du Premier ministre, Patrick Achi avec la pre\u0301sence effective de l&rsquo;Ambassadeur de France en Co\u0302te d&rsquo;Ivoire, Jean-Christophe Belliard.<\/p>\n<p>La Re\u0301publique de Co\u0302te d&rsquo;Ivoire et la Re\u0301publique Franc\u0327aise ont signe\u0301 deux Contrats de De\u0301sendettement et de De\u0301veloppement (C2D) en 2012 et 2014 permettant le financement de projets dans divers secteurs d&rsquo;intervention, dont celui de la Justice.<\/p>\n<p>Au titre des conventions d&rsquo;affectation N\u00b0 CCI 1380 01 F et N\u00b0 CCI 1540 01 D signe\u0301e en 2014 et 2016, une partie des financements du C2D ont e\u0301te\u0301 de\u0301die\u0301s a\u0300 deux projets du secteur de la Justice a\u0300 hauteur de 23 MEUR soit 15 milliards de FCFA) et de 62 MEUR soit 40.6 milliards de FCFA.<\/p>\n<p>Les Projets C2D-Justice s&rsquo;inscrivent dans le cadre du Plan National de De\u0301veloppement (PND 2010-2015) et dans le Document d&rsquo;Orientation de la Politique Sectorielle (DOPS) et ont pour objectif de contribuer au renforcement du syste\u0300me judiciaire et pe\u0301nitentiaire et a\u0300 la promotion et la protection des Droits de l&rsquo;Homme en Co\u0302te d&rsquo;Ivoire.<\/p>\n<p>L&rsquo;objectif global du Projet est de contribuer au renforcement du syste\u0300me judiciaire et pe\u0301nitentiaire et a\u0300 la protection des droits de l&rsquo;homme en Co\u0302te d&rsquo;Ivoire.<\/p>\n<p>Plusieurs nouvelles infrastructures sont a\u0300 construire par le projet C2D justice. Il s&rsquo;agit de l&rsquo;Institut National de Formation Judiciaire (INFJ) de Yamoussoukro, du Centre de Formation Continue de l&rsquo;INFJ a\u0300 Abidjan, de la Maison d&rsquo;Arre\u0302t et de Correction de Guiglo, du Tribunal de Premie\u0300re Instance de Bingerville, de la Cour d&rsquo;Appel de Daloa, de la Cour d&rsquo;Appel de Korhogo, des Infirmeries dans les Maisons d&rsquo;Arre\u0302t et de Correction de M&rsquo;bahiakro, Abidjan, Bouna, Dabou et Oume\u0301, des bureaux des Services de la Protection Judiciaire de l&rsquo;Enfance et de la Jeunesse d&rsquo;Abidjan, de Yopougon, de Bouake\u0301 et de Man, du Centre d&rsquo;Observations de mineurs de Bingerville et du Centre d&rsquo;he\u0301bergement pour mineurs d&rsquo;Abidjan Plateau.<\/p>\n<p><strong>Pour plus d&rsquo;informations et d&rsquo;analyses sur la <a href=\"https:\/\/www.africa-press.net\/cotedivoire\">C\u00f4te d&rsquo;Ivoire<\/a>, suivez <a href=\"https:\/\/www.africa-press.net\/\">Africa-Press<\/a><\/strong><\/p>\n","protected":false},"excerpt":{"rendered":"<p>Africa-Press &#8211; C\u00f4te d&rsquo;Ivoire. La Cour d&rsquo;Appel de Korhogo, e\u0301tablissement moderne au service des justiciables, est construite sur une parcelle de 5ha 42. Elle peut accueillir un effectif de 89 personnels dont 33 magistrats. Le cou\u0302t du projet est de 4 094 776 275 FCFA entie\u0300rement finance\u0301 par le Contrat de De\u0301sendettement et de De\u0301veloppement [&hellip;]<\/p>\n","protected":false},"author":82,"featured_media":48668,"comment_status":"open","ping_status":"closed","sticky":false,"template":"","format":"standard","meta":{"footnotes":""},"categories":[2,10],"tags":[56,63,3013,29,3215,2813,1780,402],"class_list":["post-48671","post","type-post","status-publish","format-standard","has-post-thumbnail","hentry","category-politique","category-toutes-les-actualites","tag-africa-press","tag-africa-press-cote-divoire","tag-c2d","tag-cote-divoire","tag-cour-dappel","tag-jean-christophe-belliard","tag-korhogo","tag-patrick-achi"],"yoast_head":"<!-- This site is optimized with the Yoast SEO Premium plugin v26.1 (Yoast SEO v27.0) - https:\/\/yoast.com\/product\/yoast-seo-premium-wordpress\/ -->\n<title>C\u00f4te d&#039;Ivoire-France\u00a0:  Inauguration vendredi de la Cour d&#039;appel de Korhogo d&#039;un co\u00fbt de r\u00e9alisation de plus de 4 milliards enti\u00e8rement financ\u00e9 par le C2D - C\u00f4te d&#039;Ivoire<\/title>\n<meta name=\"description\" content=\"La Cour d&#039;Appel de Korhogo, e\u0301tablissement moderne au service des justiciables, est construite sur une parcelle de 5ha 4 ...\" \/>\n<meta name=\"robots\" content=\"index, follow, max-snippet:-1, max-image-preview:large, max-video-preview:-1\" \/>\n<link rel=\"canonical\" href=\"https:\/\/www.africa-press.net\/cotedivoire\/politique\/cote-divoire-france-inauguration-vendredi-de-la-cour-dappel-de-korhogo-dun-cout-de-realisation-de-plus-de-4-milliards-entierement-finance-par-le-c2d\" \/>\n<meta property=\"og:locale\" content=\"fr_FR\" \/>\n<meta property=\"og:type\" content=\"article\" \/>\n<meta property=\"og:title\" content=\"C\u00f4te d&#039;Ivoire-France\u00a0:  Inauguration vendredi de la Cour d&#039;appel de Korhogo d&#039;un co\u00fbt de r\u00e9alisation de plus de 4 milliards enti\u00e8rement financ\u00e9 par le C2D\" \/>\n<meta property=\"og:description\" content=\"La Cour d&#039;Appel de Korhogo, e\u0301tablissement moderne au service des justiciables, est construite sur une parcelle de 5ha 4 ...\" \/>\n<meta property=\"og:url\" content=\"https:\/\/www.africa-press.net\/cotedivoire\/politique\/cote-divoire-france-inauguration-vendredi-de-la-cour-dappel-de-korhogo-dun-cout-de-realisation-de-plus-de-4-milliards-entierement-finance-par-le-c2d\" \/>\n<meta property=\"og:site_name\" content=\"C\u00f4te d&#039;Ivoire\" \/>\n<meta property=\"article:published_time\" content=\"2022-11-23T19:00:27+00:00\" \/>\n<meta property=\"article:modified_time\" content=\"2022-11-23T19:15:21+00:00\" \/>\n<meta property=\"og:image\" content=\"https:\/\/static.africa-press.net\/cote\/sites\/43\/2022\/11\/postQueueImg_1669217435.30.jpg\" \/>\n\t<meta property=\"og:image:width\" content=\"720\" \/>\n\t<meta property=\"og:image:height\" content=\"374\" \/>\n\t<meta property=\"og:image:type\" content=\"image\/jpeg\" \/>\n<meta name=\"author\" content=\"cfeditorfr\" \/>\n<meta name=\"twitter:card\" content=\"summary_large_image\" \/>\n<meta name=\"twitter:label1\" content=\"\u00c9crit par\" \/>\n\t<meta name=\"twitter:data1\" content=\"cfeditorfr\" \/>\n\t<meta name=\"twitter:label2\" content=\"Dur\u00e9e de lecture estim\u00e9e\" \/>\n\t<meta name=\"twitter:data2\" content=\"3 minutes\" \/>\n<script type=\"application\/ld+json\" class=\"yoast-schema-graph\">{\"@context\":\"https:\/\/schema.org\",\"@graph\":[{\"@type\":\"Article\",\"@id\":\"https:\/\/www.africa-press.net\/cotedivoire\/politique\/cote-divoire-france-inauguration-vendredi-de-la-cour-dappel-de-korhogo-dun-cout-de-realisation-de-plus-de-4-milliards-entierement-finance-par-le-c2d#article\",\"isPartOf\":{\"@id\":\"https:\/\/www.africa-press.net\/cotedivoire\/politique\/cote-divoire-france-inauguration-vendredi-de-la-cour-dappel-de-korhogo-dun-cout-de-realisation-de-plus-de-4-milliards-entierement-finance-par-le-c2d\"},\"author\":{\"name\":\"cfeditorfr\",\"@id\":\"https:\/\/www.africa-press.net\/cotedivoire\/#\/schema\/person\/2b1cf3cd81a31e3cd26889ca66d677f1\"},\"headline\":\"C\u00f4te d&rsquo;Ivoire-France\u00a0: Inauguration vendredi de la Cour d&rsquo;appel de Korhogo d&rsquo;un co\u00fbt de r\u00e9alisation de plus de 4 milliards enti\u00e8rement financ\u00e9 par le C2D\",\"datePublished\":\"2022-11-23T19:00:27+00:00\",\"dateModified\":\"2022-11-23T19:15:21+00:00\",\"mainEntityOfPage\":{\"@id\":\"https:\/\/www.africa-press.net\/cotedivoire\/politique\/cote-divoire-france-inauguration-vendredi-de-la-cour-dappel-de-korhogo-dun-cout-de-realisation-de-plus-de-4-milliards-entierement-finance-par-le-c2d\"},\"wordCount\":668,\"commentCount\":0,\"image\":{\"@id\":\"https:\/\/www.africa-press.net\/cotedivoire\/politique\/cote-divoire-france-inauguration-vendredi-de-la-cour-dappel-de-korhogo-dun-cout-de-realisation-de-plus-de-4-milliards-entierement-finance-par-le-c2d#primaryimage\"},\"thumbnailUrl\":\"https:\/\/static.africa-press.net\/cote\/sites\/43\/2022\/11\/postQueueImg_1669217435.30.jpg\",\"keywords\":[\"Africa Press\",\"Africa Press-C\u00f4te d'Ivoire\",\"C2D\",\"C\u00d4TE D'IVOIRE\",\"cour d'appel\",\"Jean-Christophe Belliard\",\"Korhogo\",\"Patrick Achi\"],\"articleSection\":[\"Politique\",\"Toutes les actualit\u00e9s\"],\"inLanguage\":\"fr-FR\",\"potentialAction\":[{\"@type\":\"CommentAction\",\"name\":\"Comment\",\"target\":[\"https:\/\/www.africa-press.net\/cotedivoire\/politique\/cote-divoire-france-inauguration-vendredi-de-la-cour-dappel-de-korhogo-dun-cout-de-realisation-de-plus-de-4-milliards-entierement-finance-par-le-c2d#respond\"]}]},{\"@type\":\"WebPage\",\"@id\":\"https:\/\/www.africa-press.net\/cotedivoire\/politique\/cote-divoire-france-inauguration-vendredi-de-la-cour-dappel-de-korhogo-dun-cout-de-realisation-de-plus-de-4-milliards-entierement-finance-par-le-c2d\",\"url\":\"https:\/\/www.africa-press.net\/cotedivoire\/politique\/cote-divoire-france-inauguration-vendredi-de-la-cour-dappel-de-korhogo-dun-cout-de-realisation-de-plus-de-4-milliards-entierement-finance-par-le-c2d\",\"name\":\"C\u00f4te d'Ivoire-France\u00a0: Inauguration vendredi de la Cour d'appel de Korhogo d'un co\u00fbt de r\u00e9alisation de plus de 4 milliards enti\u00e8rement financ\u00e9 par le C2D - C\u00f4te d&#039;Ivoire\",\"isPartOf\":{\"@id\":\"https:\/\/www.africa-press.net\/cotedivoire\/#website\"},\"primaryImageOfPage\":{\"@id\":\"https:\/\/www.africa-press.net\/cotedivoire\/politique\/cote-divoire-france-inauguration-vendredi-de-la-cour-dappel-de-korhogo-dun-cout-de-realisation-de-plus-de-4-milliards-entierement-finance-par-le-c2d#primaryimage\"},\"image\":{\"@id\":\"https:\/\/www.africa-press.net\/cotedivoire\/politique\/cote-divoire-france-inauguration-vendredi-de-la-cour-dappel-de-korhogo-dun-cout-de-realisation-de-plus-de-4-milliards-entierement-finance-par-le-c2d#primaryimage\"},\"thumbnailUrl\":\"https:\/\/static.africa-press.net\/cote\/sites\/43\/2022\/11\/postQueueImg_1669217435.30.jpg\",\"datePublished\":\"2022-11-23T19:00:27+00:00\",\"dateModified\":\"2022-11-23T19:15:21+00:00\",\"author\":{\"@id\":\"https:\/\/www.africa-press.net\/cotedivoire\/#\/schema\/person\/2b1cf3cd81a31e3cd26889ca66d677f1\"},\"description\":\"La Cour d'Appel de Korhogo, e\u0301tablissement moderne au service des justiciables, est construite sur une parcelle de 5ha 4 ...\",\"breadcrumb\":{\"@id\":\"https:\/\/www.africa-press.net\/cotedivoire\/politique\/cote-divoire-france-inauguration-vendredi-de-la-cour-dappel-de-korhogo-dun-cout-de-realisation-de-plus-de-4-milliards-entierement-finance-par-le-c2d#breadcrumb\"},\"inLanguage\":\"fr-FR\",\"potentialAction\":[{\"@type\":\"ReadAction\",\"target\":[\"https:\/\/www.africa-press.net\/cotedivoire\/politique\/cote-divoire-france-inauguration-vendredi-de-la-cour-dappel-de-korhogo-dun-cout-de-realisation-de-plus-de-4-milliards-entierement-finance-par-le-c2d\"]}]},{\"@type\":\"ImageObject\",\"inLanguage\":\"fr-FR\",\"@id\":\"https:\/\/www.africa-press.net\/cotedivoire\/politique\/cote-divoire-france-inauguration-vendredi-de-la-cour-dappel-de-korhogo-dun-cout-de-realisation-de-plus-de-4-milliards-entierement-finance-par-le-c2d#primaryimage\",\"url\":\"https:\/\/static.africa-press.net\/cote\/sites\/43\/2022\/11\/postQueueImg_1669217435.30.jpg\",\"contentUrl\":\"https:\/\/static.africa-press.net\/cote\/sites\/43\/2022\/11\/postQueueImg_1669217435.30.jpg\",\"width\":720,\"height\":374,\"caption\":\"C\u00f4te d'Ivoire-France\u00a0: Inauguration vendredi de la Cour d'appel de Korhogo d'un co\u00fbt de r\u00e9alisation de plus de 4 milliards enti\u00e8rement financ\u00e9 par le C2D\"},{\"@type\":\"BreadcrumbList\",\"@id\":\"https:\/\/www.africa-press.net\/cotedivoire\/politique\/cote-divoire-france-inauguration-vendredi-de-la-cour-dappel-de-korhogo-dun-cout-de-realisation-de-plus-de-4-milliards-entierement-finance-par-le-c2d#breadcrumb\",\"itemListElement\":[{\"@type\":\"ListItem\",\"position\":1,\"name\":\"Accueil\",\"item\":\"https:\/\/www.africa-press.net\/cotedivoire\/\"},{\"@type\":\"ListItem\",\"position\":2,\"name\":\"C\u00f4te d&#8217;Ivoire-France\u00a0: Inauguration vendredi de la Cour d&#8217;appel de Korhogo d&#8217;un co\u00fbt de r\u00e9alisation de plus de 4 milliards enti\u00e8rement financ\u00e9 par le C2D\"}]},{\"@type\":\"WebSite\",\"@id\":\"https:\/\/www.africa-press.net\/cotedivoire\/#website\",\"url\":\"https:\/\/www.africa-press.net\/cotedivoire\/\",\"name\":\"C\u00f4te d&#039;Ivoire\",\"description\":\"Just another Africa News Agency Sites site\",\"potentialAction\":[{\"@type\":\"SearchAction\",\"target\":{\"@type\":\"EntryPoint\",\"urlTemplate\":\"https:\/\/www.africa-press.net\/cotedivoire\/?s={search_term_string}\"},\"query-input\":{\"@type\":\"PropertyValueSpecification\",\"valueRequired\":true,\"valueName\":\"search_term_string\"}}],\"inLanguage\":\"fr-FR\"},{\"@type\":\"Person\",\"@id\":\"https:\/\/www.africa-press.net\/cotedivoire\/#\/schema\/person\/2b1cf3cd81a31e3cd26889ca66d677f1\",\"name\":\"cfeditorfr\"}]}<\/script>\n<!-- \/ Yoast SEO Premium plugin. -->","yoast_head_json":{"title":"C\u00f4te d'Ivoire-France\u00a0:  Inauguration vendredi de la Cour d'appel de Korhogo d'un co\u00fbt de r\u00e9alisation de plus de 4 milliards enti\u00e8rement financ\u00e9 par le C2D - C\u00f4te d&#039;Ivoire","description":"La Cour d'Appel de Korhogo, e\u0301tablissement moderne au service des justiciables, est construite sur une parcelle de 5ha 4 ...","robots":{"index":"index","follow":"follow","max-snippet":"max-snippet:-1","max-image-preview":"max-image-preview:large","max-video-preview":"max-video-preview:-1"},"canonical":"https:\/\/www.africa-press.net\/cotedivoire\/politique\/cote-divoire-france-inauguration-vendredi-de-la-cour-dappel-de-korhogo-dun-cout-de-realisation-de-plus-de-4-milliards-entierement-finance-par-le-c2d","og_locale":"fr_FR","og_type":"article","og_title":"C\u00f4te d'Ivoire-France\u00a0:  Inauguration vendredi de la Cour d'appel de Korhogo d'un co\u00fbt de r\u00e9alisation de plus de 4 milliards enti\u00e8rement financ\u00e9 par le C2D","og_description":"La Cour d'Appel de Korhogo, e\u0301tablissement moderne au service des justiciables, est construite sur une parcelle de 5ha 4 ...","og_url":"https:\/\/www.africa-press.net\/cotedivoire\/politique\/cote-divoire-france-inauguration-vendredi-de-la-cour-dappel-de-korhogo-dun-cout-de-realisation-de-plus-de-4-milliards-entierement-finance-par-le-c2d","og_site_name":"C\u00f4te d&#039;Ivoire","article_published_time":"2022-11-23T19:00:27+00:00","article_modified_time":"2022-11-23T19:15:21+00:00","og_image":[{"width":720,"height":374,"url":"https:\/\/static.africa-press.net\/cote\/sites\/43\/2022\/11\/postQueueImg_1669217435.30.jpg","type":"image\/jpeg"}],"author":"cfeditorfr","twitter_card":"summary_large_image","twitter_misc":{"\u00c9crit par":"cfeditorfr","Dur\u00e9e de lecture estim\u00e9e":"3 minutes"},"schema":{"@context":"https:\/\/schema.org","@graph":[{"@type":"Article","@id":"https:\/\/www.africa-press.net\/cotedivoire\/politique\/cote-divoire-france-inauguration-vendredi-de-la-cour-dappel-de-korhogo-dun-cout-de-realisation-de-plus-de-4-milliards-entierement-finance-par-le-c2d#article","isPartOf":{"@id":"https:\/\/www.africa-press.net\/cotedivoire\/politique\/cote-divoire-france-inauguration-vendredi-de-la-cour-dappel-de-korhogo-dun-cout-de-realisation-de-plus-de-4-milliards-entierement-finance-par-le-c2d"},"author":{"name":"cfeditorfr","@id":"https:\/\/www.africa-press.net\/cotedivoire\/#\/schema\/person\/2b1cf3cd81a31e3cd26889ca66d677f1"},"headline":"C\u00f4te d&rsquo;Ivoire-France\u00a0: Inauguration vendredi de la Cour d&rsquo;appel de Korhogo d&rsquo;un co\u00fbt de r\u00e9alisation de plus de 4 milliards enti\u00e8rement financ\u00e9 par le C2D","datePublished":"2022-11-23T19:00:27+00:00","dateModified":"2022-11-23T19:15:21+00:00","mainEntityOfPage":{"@id":"https:\/\/www.africa-press.net\/cotedivoire\/politique\/cote-divoire-france-inauguration-vendredi-de-la-cour-dappel-de-korhogo-dun-cout-de-realisation-de-plus-de-4-milliards-entierement-finance-par-le-c2d"},"wordCount":668,"commentCount":0,"image":{"@id":"https:\/\/www.africa-press.net\/cotedivoire\/politique\/cote-divoire-france-inauguration-vendredi-de-la-cour-dappel-de-korhogo-dun-cout-de-realisation-de-plus-de-4-milliards-entierement-finance-par-le-c2d#primaryimage"},"thumbnailUrl":"https:\/\/static.africa-press.net\/cote\/sites\/43\/2022\/11\/postQueueImg_1669217435.30.jpg","keywords":["Africa Press","Africa Press-C\u00f4te d'Ivoire","C2D","C\u00d4TE D'IVOIRE","cour d'appel","Jean-Christophe Belliard","Korhogo","Patrick Achi"],"articleSection":["Politique","Toutes les actualit\u00e9s"],"inLanguage":"fr-FR","potentialAction":[{"@type":"CommentAction","name":"Comment","target":["https:\/\/www.africa-press.net\/cotedivoire\/politique\/cote-divoire-france-inauguration-vendredi-de-la-cour-dappel-de-korhogo-dun-cout-de-realisation-de-plus-de-4-milliards-entierement-finance-par-le-c2d#respond"]}]},{"@type":"WebPage","@id":"https:\/\/www.africa-press.net\/cotedivoire\/politique\/cote-divoire-france-inauguration-vendredi-de-la-cour-dappel-de-korhogo-dun-cout-de-realisation-de-plus-de-4-milliards-entierement-finance-par-le-c2d","url":"https:\/\/www.africa-press.net\/cotedivoire\/politique\/cote-divoire-france-inauguration-vendredi-de-la-cour-dappel-de-korhogo-dun-cout-de-realisation-de-plus-de-4-milliards-entierement-finance-par-le-c2d","name":"C\u00f4te d'Ivoire-France\u00a0: Inauguration vendredi de la Cour d'appel de Korhogo d'un co\u00fbt de r\u00e9alisation de plus de 4 milliards enti\u00e8rement financ\u00e9 par le C2D - C\u00f4te d&#039;Ivoire","isPartOf":{"@id":"https:\/\/www.africa-press.net\/cotedivoire\/#website"},"primaryImageOfPage":{"@id":"https:\/\/www.africa-press.net\/cotedivoire\/politique\/cote-divoire-france-inauguration-vendredi-de-la-cour-dappel-de-korhogo-dun-cout-de-realisation-de-plus-de-4-milliards-entierement-finance-par-le-c2d#primaryimage"},"image":{"@id":"https:\/\/www.africa-press.net\/cotedivoire\/politique\/cote-divoire-france-inauguration-vendredi-de-la-cour-dappel-de-korhogo-dun-cout-de-realisation-de-plus-de-4-milliards-entierement-finance-par-le-c2d#primaryimage"},"thumbnailUrl":"https:\/\/static.africa-press.net\/cote\/sites\/43\/2022\/11\/postQueueImg_1669217435.30.jpg","datePublished":"2022-11-23T19:00:27+00:00","dateModified":"2022-11-23T19:15:21+00:00","author":{"@id":"https:\/\/www.africa-press.net\/cotedivoire\/#\/schema\/person\/2b1cf3cd81a31e3cd26889ca66d677f1"},"description":"La Cour d'Appel de Korhogo, e\u0301tablissement moderne au service des justiciables, est construite sur une parcelle de 5ha 4 ...","breadcrumb":{"@id":"https:\/\/www.africa-press.net\/cotedivoire\/politique\/cote-divoire-france-inauguration-vendredi-de-la-cour-dappel-de-korhogo-dun-cout-de-realisation-de-plus-de-4-milliards-entierement-finance-par-le-c2d#breadcrumb"},"inLanguage":"fr-FR","potentialAction":[{"@type":"ReadAction","target":["https:\/\/www.africa-press.net\/cotedivoire\/politique\/cote-divoire-france-inauguration-vendredi-de-la-cour-dappel-de-korhogo-dun-cout-de-realisation-de-plus-de-4-milliards-entierement-finance-par-le-c2d"]}]},{"@type":"ImageObject","inLanguage":"fr-FR","@id":"https:\/\/www.africa-press.net\/cotedivoire\/politique\/cote-divoire-france-inauguration-vendredi-de-la-cour-dappel-de-korhogo-dun-cout-de-realisation-de-plus-de-4-milliards-entierement-finance-par-le-c2d#primaryimage","url":"https:\/\/static.africa-press.net\/cote\/sites\/43\/2022\/11\/postQueueImg_1669217435.30.jpg","contentUrl":"https:\/\/static.africa-press.net\/cote\/sites\/43\/2022\/11\/postQueueImg_1669217435.30.jpg","width":720,"height":374,"caption":"C\u00f4te d'Ivoire-France\u00a0: Inauguration vendredi de la Cour d'appel de Korhogo d'un co\u00fbt de r\u00e9alisation de plus de 4 milliards enti\u00e8rement financ\u00e9 par le C2D"},{"@type":"BreadcrumbList","@id":"https:\/\/www.africa-press.net\/cotedivoire\/politique\/cote-divoire-france-inauguration-vendredi-de-la-cour-dappel-de-korhogo-dun-cout-de-realisation-de-plus-de-4-milliards-entierement-finance-par-le-c2d#breadcrumb","itemListElement":[{"@type":"ListItem","position":1,"name":"Accueil","item":"https:\/\/www.africa-press.net\/cotedivoire\/"},{"@type":"ListItem","position":2,"name":"C\u00f4te d&#8217;Ivoire-France\u00a0: Inauguration vendredi de la Cour d&#8217;appel de Korhogo d&#8217;un co\u00fbt de r\u00e9alisation de plus de 4 milliards enti\u00e8rement financ\u00e9 par le C2D"}]},{"@type":"WebSite","@id":"https:\/\/www.africa-press.net\/cotedivoire\/#website","url":"https:\/\/www.africa-press.net\/cotedivoire\/","name":"C\u00f4te d&#039;Ivoire","description":"Just another Africa News Agency Sites site","potentialAction":[{"@type":"SearchAction","target":{"@type":"EntryPoint","urlTemplate":"https:\/\/www.africa-press.net\/cotedivoire\/?s={search_term_string}"},"query-input":{"@type":"PropertyValueSpecification","valueRequired":true,"valueName":"search_term_string"}}],"inLanguage":"fr-FR"},{"@type":"Person","@id":"https:\/\/www.africa-press.net\/cotedivoire\/#\/schema\/person\/2b1cf3cd81a31e3cd26889ca66d677f1","name":"cfeditorfr"}]}},"_links":{"self":[{"href":"https:\/\/www.africa-press.net\/cotedivoire\/wp-json\/wp\/v2\/posts\/48671","targetHints":{"allow":["GET"]}}],"collection":[{"href":"https:\/\/www.africa-press.net\/cotedivoire\/wp-json\/wp\/v2\/posts"}],"about":[{"href":"https:\/\/www.africa-press.net\/cotedivoire\/wp-json\/wp\/v2\/types\/post"}],"author":[{"embeddable":true,"href":"https:\/\/www.africa-press.net\/cotedivoire\/wp-json\/wp\/v2\/users\/82"}],"replies":[{"embeddable":true,"href":"https:\/\/www.africa-press.net\/cotedivoire\/wp-json\/wp\/v2\/comments?post=48671"}],"version-history":[{"count":0,"href":"https:\/\/www.africa-press.net\/cotedivoire\/wp-json\/wp\/v2\/posts\/48671\/revisions"}],"wp:featuredmedia":[{"embeddable":true,"href":"https:\/\/www.africa-press.net\/cotedivoire\/wp-json\/wp\/v2\/media\/48668"}],"wp:attachment":[{"href":"https:\/\/www.africa-press.net\/cotedivoire\/wp-json\/wp\/v2\/media?parent=48671"}],"wp:term":[{"taxonomy":"category","embeddable":true,"href":"https:\/\/www.africa-press.net\/cotedivoire\/wp-json\/wp\/v2\/categories?post=48671"},{"taxonomy":"post_tag","embeddable":true,"href":"https:\/\/www.africa-press.net\/cotedivoire\/wp-json\/wp\/v2\/tags?post=48671"}],"curies":[{"name":"wp","href":"https:\/\/api.w.org\/{rel}","templated":true}]}}