{"id":49102,"date":"2022-11-30T17:56:38","date_gmt":"2022-11-30T17:56:38","guid":{"rendered":"https:\/\/www.africa-press.net\/cotedivoire\/politique\/cote-divoire-le-dernier-conseil-des-ministres-de-lannee-prevu-le-21-decembre-ouattara-donne-la-latitude-a-achi-de-fixer-un-conseil-extraordinaire"},"modified":"2022-11-30T18:50:35","modified_gmt":"2022-11-30T18:50:35","slug":"cote-divoire-le-dernier-conseil-des-ministres-de-lannee-prevu-le-21-decembre-ouattara-donne-la-latitude-a-achi-de-fixer-un-conseil-extraordinaire","status":"publish","type":"post","link":"https:\/\/www.africa-press.net\/cotedivoire\/politique\/cote-divoire-le-dernier-conseil-des-ministres-de-lannee-prevu-le-21-decembre-ouattara-donne-la-latitude-a-achi-de-fixer-un-conseil-extraordinaire","title":{"rendered":"C\u00f4te d&rsquo;Ivoire\u00a0:   Le dernier Conseil des ministres de l&rsquo;ann\u00e9e pr\u00e9vu le 21 d\u00e9cembre, Ouattara donne la latitude \u00e0 Achi de fixer un conseil extraordinaire"},"content":{"rendered":"<p><span style=\"color: #ff6600\"><strong>Africa-Press &#8211; C\u00f4te d&rsquo;Ivoire. <\/strong><\/span>Le dernier Conseil des ministres de l&rsquo;anne\u0301e 2022 aura lieu le 21 de\u0301cembre prochain. Le ministre de la Communication a donne\u0301 l&rsquo;information a\u0300 la presse ce jour a\u0300 l&rsquo;issue de re\u0301union hebdomadaire du jour du gouvernement.<\/p>\n<p>Amadou Coulibaly a par ailleurs pre\u0301cise\u0301 qu&rsquo;en raison d&rsquo;un calendrier particulie\u0300rement charge\u0301 au mois de de\u0301cembre qui va ne\u0301cessiter des de\u0301placements aussi bien que du chef de l&rsquo;E\u0301tat que du Premier ministre, latitude a e\u0301te\u0301 laisse\u0301e a\u0300 Patrick Achi de fixer une date pour un conseil des ministres extraordinaire qui aura certainement lieu en dehors des jours habituels, le mercredi.<\/p>\n<p>\u00ab C&rsquo;est le Premier ministre, en fonction de l&rsquo;importance des dossiers qui de\u0301cidera de l&rsquo;e\u0301ventuelle tenue de ce Conseil des ministres extraordinaire. Mais en tout e\u0301tat de cause, la date du dernier conseil des ministres de l&rsquo;anne\u0301e a e\u0301te\u0301 fixe\u0301e au 21 de\u0301cembre 2022 \u00bb, a-t-il insiste\u0301.<\/p>\n<p><strong>Pour plus d&rsquo;informations et d&rsquo;analyses sur la <a href=\"https:\/\/www.africa-press.net\/cotedivoire\">C\u00f4te d&rsquo;Ivoire<\/a>, suivez <a href=\"https:\/\/www.africa-press.net\/\">Africa-Press<\/a><\/strong><\/p>\n","protected":false},"excerpt":{"rendered":"<p>Africa-Press &#8211; C\u00f4te d&rsquo;Ivoire. Le dernier Conseil des ministres de l&rsquo;anne\u0301e 2022 aura lieu le 21 de\u0301cembre prochain. Le ministre de la Communication a donne\u0301 l&rsquo;information a\u0300 la presse ce jour a\u0300 l&rsquo;issue de re\u0301union hebdomadaire du jour du gouvernement. Amadou Coulibaly a par ailleurs pre\u0301cise\u0301 qu&rsquo;en raison d&rsquo;un calendrier particulie\u0300rement charge\u0301 au mois de [&hellip;]<\/p>\n","protected":false},"author":82,"featured_media":49100,"comment_status":"open","ping_status":"closed","sticky":false,"template":"","format":"standard","meta":{"footnotes":""},"categories":[2,20,10],"tags":[56,63,8256,29],"class_list":["post-49102","post","type-post","status-publish","format-standard","has-post-thumbnail","hentry","category-politique","category-top-nouvelles","category-toutes-les-actualites","tag-africa-press","tag-africa-press-cote-divoire","tag-conseil-des-ministres","tag-cote-divoire"],"yoast_head":"<!-- This site is optimized with the Yoast SEO Premium plugin v26.1 (Yoast SEO v27.0) - https:\/\/yoast.com\/product\/yoast-seo-premium-wordpress\/ -->\n<title>C\u00f4te d&#039;Ivoire\u00a0:  Le dernier Conseil des ministres de l&#039;ann\u00e9e pr\u00e9vu le 21 d\u00e9cembre, Ouattara donne la latitude \u00e0 Achi de fixer un conseil extraordinaire - C\u00f4te d&#039;Ivoire<\/title>\n<meta name=\"description\" content=\"Le dernier Conseil des ministres de l&#039;anne\u0301e 2022 aura lieu le 21 de\u0301cembre prochain. Le ministre de la Communication a ...\" \/>\n<meta name=\"robots\" content=\"index, follow, max-snippet:-1, max-image-preview:large, max-video-preview:-1\" \/>\n<link rel=\"canonical\" href=\"https:\/\/www.africa-press.net\/cotedivoire\/politique\/cote-divoire-le-dernier-conseil-des-ministres-de-lannee-prevu-le-21-decembre-ouattara-donne-la-latitude-a-achi-de-fixer-un-conseil-extraordinaire\" \/>\n<meta property=\"og:locale\" content=\"fr_FR\" \/>\n<meta property=\"og:type\" content=\"article\" \/>\n<meta property=\"og:title\" content=\"C\u00f4te d&#039;Ivoire\u00a0:  Le dernier Conseil des ministres de l&#039;ann\u00e9e pr\u00e9vu le 21 d\u00e9cembre, Ouattara donne la latitude \u00e0 Achi de fixer un conseil extraordinaire\" \/>\n<meta property=\"og:description\" content=\"Le dernier Conseil des ministres de l&#039;anne\u0301e 2022 aura lieu le 21 de\u0301cembre prochain. Le ministre de la Communication a ...\" \/>\n<meta property=\"og:url\" content=\"https:\/\/www.africa-press.net\/cotedivoire\/politique\/cote-divoire-le-dernier-conseil-des-ministres-de-lannee-prevu-le-21-decembre-ouattara-donne-la-latitude-a-achi-de-fixer-un-conseil-extraordinaire\" \/>\n<meta property=\"og:site_name\" content=\"C\u00f4te d&#039;Ivoire\" \/>\n<meta property=\"article:published_time\" content=\"2022-11-30T17:56:38+00:00\" \/>\n<meta property=\"article:modified_time\" content=\"2022-11-30T18:50:35+00:00\" \/>\n<meta property=\"og:image\" content=\"https:\/\/static.africa-press.net\/cote\/sites\/43\/2022\/11\/postQueueImg_1669818419.40.jpg\" \/>\n\t<meta property=\"og:image:width\" content=\"720\" \/>\n\t<meta property=\"og:image:height\" content=\"360\" \/>\n\t<meta property=\"og:image:type\" content=\"image\/jpeg\" \/>\n<meta name=\"author\" content=\"cfeditorfr\" \/>\n<meta name=\"twitter:card\" content=\"summary_large_image\" \/>\n<meta name=\"twitter:label1\" content=\"\u00c9crit par\" \/>\n\t<meta name=\"twitter:data1\" content=\"cfeditorfr\" \/>\n\t<meta name=\"twitter:label2\" content=\"Dur\u00e9e de lecture estim\u00e9e\" \/>\n\t<meta name=\"twitter:data2\" content=\"1 minute\" \/>\n<script type=\"application\/ld+json\" class=\"yoast-schema-graph\">{\"@context\":\"https:\/\/schema.org\",\"@graph\":[{\"@type\":\"Article\",\"@id\":\"https:\/\/www.africa-press.net\/cotedivoire\/politique\/cote-divoire-le-dernier-conseil-des-ministres-de-lannee-prevu-le-21-decembre-ouattara-donne-la-latitude-a-achi-de-fixer-un-conseil-extraordinaire#article\",\"isPartOf\":{\"@id\":\"https:\/\/www.africa-press.net\/cotedivoire\/politique\/cote-divoire-le-dernier-conseil-des-ministres-de-lannee-prevu-le-21-decembre-ouattara-donne-la-latitude-a-achi-de-fixer-un-conseil-extraordinaire\"},\"author\":{\"name\":\"cfeditorfr\",\"@id\":\"https:\/\/www.africa-press.net\/cotedivoire\/#\/schema\/person\/2b1cf3cd81a31e3cd26889ca66d677f1\"},\"headline\":\"C\u00f4te d&rsquo;Ivoire\u00a0: Le dernier Conseil des ministres de l&rsquo;ann\u00e9e pr\u00e9vu le 21 d\u00e9cembre, Ouattara donne la latitude \u00e0 Achi de fixer un conseil extraordinaire\",\"datePublished\":\"2022-11-30T17:56:38+00:00\",\"dateModified\":\"2022-11-30T18:50:35+00:00\",\"mainEntityOfPage\":{\"@id\":\"https:\/\/www.africa-press.net\/cotedivoire\/politique\/cote-divoire-le-dernier-conseil-des-ministres-de-lannee-prevu-le-21-decembre-ouattara-donne-la-latitude-a-achi-de-fixer-un-conseil-extraordinaire\"},\"wordCount\":214,\"commentCount\":0,\"image\":{\"@id\":\"https:\/\/www.africa-press.net\/cotedivoire\/politique\/cote-divoire-le-dernier-conseil-des-ministres-de-lannee-prevu-le-21-decembre-ouattara-donne-la-latitude-a-achi-de-fixer-un-conseil-extraordinaire#primaryimage\"},\"thumbnailUrl\":\"https:\/\/static.africa-press.net\/cote\/sites\/43\/2022\/11\/postQueueImg_1669818419.40.jpg\",\"keywords\":[\"Africa Press\",\"Africa Press-C\u00f4te d'Ivoire\",\"Conseil des ministres\",\"C\u00d4TE D'IVOIRE\"],\"articleSection\":[\"Politique\",\"Top Nouvelles\",\"Toutes les actualit\u00e9s\"],\"inLanguage\":\"fr-FR\",\"potentialAction\":[{\"@type\":\"CommentAction\",\"name\":\"Comment\",\"target\":[\"https:\/\/www.africa-press.net\/cotedivoire\/politique\/cote-divoire-le-dernier-conseil-des-ministres-de-lannee-prevu-le-21-decembre-ouattara-donne-la-latitude-a-achi-de-fixer-un-conseil-extraordinaire#respond\"]}]},{\"@type\":\"WebPage\",\"@id\":\"https:\/\/www.africa-press.net\/cotedivoire\/politique\/cote-divoire-le-dernier-conseil-des-ministres-de-lannee-prevu-le-21-decembre-ouattara-donne-la-latitude-a-achi-de-fixer-un-conseil-extraordinaire\",\"url\":\"https:\/\/www.africa-press.net\/cotedivoire\/politique\/cote-divoire-le-dernier-conseil-des-ministres-de-lannee-prevu-le-21-decembre-ouattara-donne-la-latitude-a-achi-de-fixer-un-conseil-extraordinaire\",\"name\":\"C\u00f4te d'Ivoire\u00a0: Le dernier Conseil des ministres de l'ann\u00e9e pr\u00e9vu le 21 d\u00e9cembre, Ouattara donne la latitude \u00e0 Achi de fixer un conseil extraordinaire - C\u00f4te d&#039;Ivoire\",\"isPartOf\":{\"@id\":\"https:\/\/www.africa-press.net\/cotedivoire\/#website\"},\"primaryImageOfPage\":{\"@id\":\"https:\/\/www.africa-press.net\/cotedivoire\/politique\/cote-divoire-le-dernier-conseil-des-ministres-de-lannee-prevu-le-21-decembre-ouattara-donne-la-latitude-a-achi-de-fixer-un-conseil-extraordinaire#primaryimage\"},\"image\":{\"@id\":\"https:\/\/www.africa-press.net\/cotedivoire\/politique\/cote-divoire-le-dernier-conseil-des-ministres-de-lannee-prevu-le-21-decembre-ouattara-donne-la-latitude-a-achi-de-fixer-un-conseil-extraordinaire#primaryimage\"},\"thumbnailUrl\":\"https:\/\/static.africa-press.net\/cote\/sites\/43\/2022\/11\/postQueueImg_1669818419.40.jpg\",\"datePublished\":\"2022-11-30T17:56:38+00:00\",\"dateModified\":\"2022-11-30T18:50:35+00:00\",\"author\":{\"@id\":\"https:\/\/www.africa-press.net\/cotedivoire\/#\/schema\/person\/2b1cf3cd81a31e3cd26889ca66d677f1\"},\"description\":\"Le dernier Conseil des ministres de l'anne\u0301e 2022 aura lieu le 21 de\u0301cembre prochain. Le ministre de la Communication a ...\",\"breadcrumb\":{\"@id\":\"https:\/\/www.africa-press.net\/cotedivoire\/politique\/cote-divoire-le-dernier-conseil-des-ministres-de-lannee-prevu-le-21-decembre-ouattara-donne-la-latitude-a-achi-de-fixer-un-conseil-extraordinaire#breadcrumb\"},\"inLanguage\":\"fr-FR\",\"potentialAction\":[{\"@type\":\"ReadAction\",\"target\":[\"https:\/\/www.africa-press.net\/cotedivoire\/politique\/cote-divoire-le-dernier-conseil-des-ministres-de-lannee-prevu-le-21-decembre-ouattara-donne-la-latitude-a-achi-de-fixer-un-conseil-extraordinaire\"]}]},{\"@type\":\"ImageObject\",\"inLanguage\":\"fr-FR\",\"@id\":\"https:\/\/www.africa-press.net\/cotedivoire\/politique\/cote-divoire-le-dernier-conseil-des-ministres-de-lannee-prevu-le-21-decembre-ouattara-donne-la-latitude-a-achi-de-fixer-un-conseil-extraordinaire#primaryimage\",\"url\":\"https:\/\/static.africa-press.net\/cote\/sites\/43\/2022\/11\/postQueueImg_1669818419.40.jpg\",\"contentUrl\":\"https:\/\/static.africa-press.net\/cote\/sites\/43\/2022\/11\/postQueueImg_1669818419.40.jpg\",\"width\":720,\"height\":360,\"caption\":\"C\u00f4te d'Ivoire\u00a0: Le dernier Conseil des ministres de l'ann\u00e9e pr\u00e9vu le 21 d\u00e9cembre, Ouattara donne la latitude \u00e0 Achi de fixer un conseil extraordinaire\"},{\"@type\":\"BreadcrumbList\",\"@id\":\"https:\/\/www.africa-press.net\/cotedivoire\/politique\/cote-divoire-le-dernier-conseil-des-ministres-de-lannee-prevu-le-21-decembre-ouattara-donne-la-latitude-a-achi-de-fixer-un-conseil-extraordinaire#breadcrumb\",\"itemListElement\":[{\"@type\":\"ListItem\",\"position\":1,\"name\":\"Accueil\",\"item\":\"https:\/\/www.africa-press.net\/cotedivoire\/\"},{\"@type\":\"ListItem\",\"position\":2,\"name\":\"C\u00f4te d&#8217;Ivoire\u00a0: Le dernier Conseil des ministres de l&#8217;ann\u00e9e pr\u00e9vu le 21 d\u00e9cembre, Ouattara donne la latitude \u00e0 Achi de fixer un conseil extraordinaire\"}]},{\"@type\":\"WebSite\",\"@id\":\"https:\/\/www.africa-press.net\/cotedivoire\/#website\",\"url\":\"https:\/\/www.africa-press.net\/cotedivoire\/\",\"name\":\"C\u00f4te d&#039;Ivoire\",\"description\":\"Just another Africa News Agency Sites site\",\"potentialAction\":[{\"@type\":\"SearchAction\",\"target\":{\"@type\":\"EntryPoint\",\"urlTemplate\":\"https:\/\/www.africa-press.net\/cotedivoire\/?s={search_term_string}\"},\"query-input\":{\"@type\":\"PropertyValueSpecification\",\"valueRequired\":true,\"valueName\":\"search_term_string\"}}],\"inLanguage\":\"fr-FR\"},{\"@type\":\"Person\",\"@id\":\"https:\/\/www.africa-press.net\/cotedivoire\/#\/schema\/person\/2b1cf3cd81a31e3cd26889ca66d677f1\",\"name\":\"cfeditorfr\"}]}<\/script>\n<!-- \/ Yoast SEO Premium plugin. -->","yoast_head_json":{"title":"C\u00f4te d'Ivoire\u00a0:  Le dernier Conseil des ministres de l'ann\u00e9e pr\u00e9vu le 21 d\u00e9cembre, Ouattara donne la latitude \u00e0 Achi de fixer un conseil extraordinaire - C\u00f4te d&#039;Ivoire","description":"Le dernier Conseil des ministres de l'anne\u0301e 2022 aura lieu le 21 de\u0301cembre prochain. Le ministre de la Communication a ...","robots":{"index":"index","follow":"follow","max-snippet":"max-snippet:-1","max-image-preview":"max-image-preview:large","max-video-preview":"max-video-preview:-1"},"canonical":"https:\/\/www.africa-press.net\/cotedivoire\/politique\/cote-divoire-le-dernier-conseil-des-ministres-de-lannee-prevu-le-21-decembre-ouattara-donne-la-latitude-a-achi-de-fixer-un-conseil-extraordinaire","og_locale":"fr_FR","og_type":"article","og_title":"C\u00f4te d'Ivoire\u00a0:  Le dernier Conseil des ministres de l'ann\u00e9e pr\u00e9vu le 21 d\u00e9cembre, Ouattara donne la latitude \u00e0 Achi de fixer un conseil extraordinaire","og_description":"Le dernier Conseil des ministres de l'anne\u0301e 2022 aura lieu le 21 de\u0301cembre prochain. Le ministre de la Communication a ...","og_url":"https:\/\/www.africa-press.net\/cotedivoire\/politique\/cote-divoire-le-dernier-conseil-des-ministres-de-lannee-prevu-le-21-decembre-ouattara-donne-la-latitude-a-achi-de-fixer-un-conseil-extraordinaire","og_site_name":"C\u00f4te d&#039;Ivoire","article_published_time":"2022-11-30T17:56:38+00:00","article_modified_time":"2022-11-30T18:50:35+00:00","og_image":[{"width":720,"height":360,"url":"https:\/\/static.africa-press.net\/cote\/sites\/43\/2022\/11\/postQueueImg_1669818419.40.jpg","type":"image\/jpeg"}],"author":"cfeditorfr","twitter_card":"summary_large_image","twitter_misc":{"\u00c9crit par":"cfeditorfr","Dur\u00e9e de lecture estim\u00e9e":"1 minute"},"schema":{"@context":"https:\/\/schema.org","@graph":[{"@type":"Article","@id":"https:\/\/www.africa-press.net\/cotedivoire\/politique\/cote-divoire-le-dernier-conseil-des-ministres-de-lannee-prevu-le-21-decembre-ouattara-donne-la-latitude-a-achi-de-fixer-un-conseil-extraordinaire#article","isPartOf":{"@id":"https:\/\/www.africa-press.net\/cotedivoire\/politique\/cote-divoire-le-dernier-conseil-des-ministres-de-lannee-prevu-le-21-decembre-ouattara-donne-la-latitude-a-achi-de-fixer-un-conseil-extraordinaire"},"author":{"name":"cfeditorfr","@id":"https:\/\/www.africa-press.net\/cotedivoire\/#\/schema\/person\/2b1cf3cd81a31e3cd26889ca66d677f1"},"headline":"C\u00f4te d&rsquo;Ivoire\u00a0: Le dernier Conseil des ministres de l&rsquo;ann\u00e9e pr\u00e9vu le 21 d\u00e9cembre, Ouattara donne la latitude \u00e0 Achi de fixer un conseil extraordinaire","datePublished":"2022-11-30T17:56:38+00:00","dateModified":"2022-11-30T18:50:35+00:00","mainEntityOfPage":{"@id":"https:\/\/www.africa-press.net\/cotedivoire\/politique\/cote-divoire-le-dernier-conseil-des-ministres-de-lannee-prevu-le-21-decembre-ouattara-donne-la-latitude-a-achi-de-fixer-un-conseil-extraordinaire"},"wordCount":214,"commentCount":0,"image":{"@id":"https:\/\/www.africa-press.net\/cotedivoire\/politique\/cote-divoire-le-dernier-conseil-des-ministres-de-lannee-prevu-le-21-decembre-ouattara-donne-la-latitude-a-achi-de-fixer-un-conseil-extraordinaire#primaryimage"},"thumbnailUrl":"https:\/\/static.africa-press.net\/cote\/sites\/43\/2022\/11\/postQueueImg_1669818419.40.jpg","keywords":["Africa Press","Africa Press-C\u00f4te d'Ivoire","Conseil des ministres","C\u00d4TE D'IVOIRE"],"articleSection":["Politique","Top Nouvelles","Toutes les actualit\u00e9s"],"inLanguage":"fr-FR","potentialAction":[{"@type":"CommentAction","name":"Comment","target":["https:\/\/www.africa-press.net\/cotedivoire\/politique\/cote-divoire-le-dernier-conseil-des-ministres-de-lannee-prevu-le-21-decembre-ouattara-donne-la-latitude-a-achi-de-fixer-un-conseil-extraordinaire#respond"]}]},{"@type":"WebPage","@id":"https:\/\/www.africa-press.net\/cotedivoire\/politique\/cote-divoire-le-dernier-conseil-des-ministres-de-lannee-prevu-le-21-decembre-ouattara-donne-la-latitude-a-achi-de-fixer-un-conseil-extraordinaire","url":"https:\/\/www.africa-press.net\/cotedivoire\/politique\/cote-divoire-le-dernier-conseil-des-ministres-de-lannee-prevu-le-21-decembre-ouattara-donne-la-latitude-a-achi-de-fixer-un-conseil-extraordinaire","name":"C\u00f4te d'Ivoire\u00a0: Le dernier Conseil des ministres de l'ann\u00e9e pr\u00e9vu le 21 d\u00e9cembre, Ouattara donne la latitude \u00e0 Achi de fixer un conseil extraordinaire - C\u00f4te d&#039;Ivoire","isPartOf":{"@id":"https:\/\/www.africa-press.net\/cotedivoire\/#website"},"primaryImageOfPage":{"@id":"https:\/\/www.africa-press.net\/cotedivoire\/politique\/cote-divoire-le-dernier-conseil-des-ministres-de-lannee-prevu-le-21-decembre-ouattara-donne-la-latitude-a-achi-de-fixer-un-conseil-extraordinaire#primaryimage"},"image":{"@id":"https:\/\/www.africa-press.net\/cotedivoire\/politique\/cote-divoire-le-dernier-conseil-des-ministres-de-lannee-prevu-le-21-decembre-ouattara-donne-la-latitude-a-achi-de-fixer-un-conseil-extraordinaire#primaryimage"},"thumbnailUrl":"https:\/\/static.africa-press.net\/cote\/sites\/43\/2022\/11\/postQueueImg_1669818419.40.jpg","datePublished":"2022-11-30T17:56:38+00:00","dateModified":"2022-11-30T18:50:35+00:00","author":{"@id":"https:\/\/www.africa-press.net\/cotedivoire\/#\/schema\/person\/2b1cf3cd81a31e3cd26889ca66d677f1"},"description":"Le dernier Conseil des ministres de l'anne\u0301e 2022 aura lieu le 21 de\u0301cembre prochain. Le ministre de la Communication a ...","breadcrumb":{"@id":"https:\/\/www.africa-press.net\/cotedivoire\/politique\/cote-divoire-le-dernier-conseil-des-ministres-de-lannee-prevu-le-21-decembre-ouattara-donne-la-latitude-a-achi-de-fixer-un-conseil-extraordinaire#breadcrumb"},"inLanguage":"fr-FR","potentialAction":[{"@type":"ReadAction","target":["https:\/\/www.africa-press.net\/cotedivoire\/politique\/cote-divoire-le-dernier-conseil-des-ministres-de-lannee-prevu-le-21-decembre-ouattara-donne-la-latitude-a-achi-de-fixer-un-conseil-extraordinaire"]}]},{"@type":"ImageObject","inLanguage":"fr-FR","@id":"https:\/\/www.africa-press.net\/cotedivoire\/politique\/cote-divoire-le-dernier-conseil-des-ministres-de-lannee-prevu-le-21-decembre-ouattara-donne-la-latitude-a-achi-de-fixer-un-conseil-extraordinaire#primaryimage","url":"https:\/\/static.africa-press.net\/cote\/sites\/43\/2022\/11\/postQueueImg_1669818419.40.jpg","contentUrl":"https:\/\/static.africa-press.net\/cote\/sites\/43\/2022\/11\/postQueueImg_1669818419.40.jpg","width":720,"height":360,"caption":"C\u00f4te d'Ivoire\u00a0: Le dernier Conseil des ministres de l'ann\u00e9e pr\u00e9vu le 21 d\u00e9cembre, Ouattara donne la latitude \u00e0 Achi de fixer un conseil extraordinaire"},{"@type":"BreadcrumbList","@id":"https:\/\/www.africa-press.net\/cotedivoire\/politique\/cote-divoire-le-dernier-conseil-des-ministres-de-lannee-prevu-le-21-decembre-ouattara-donne-la-latitude-a-achi-de-fixer-un-conseil-extraordinaire#breadcrumb","itemListElement":[{"@type":"ListItem","position":1,"name":"Accueil","item":"https:\/\/www.africa-press.net\/cotedivoire\/"},{"@type":"ListItem","position":2,"name":"C\u00f4te d&#8217;Ivoire\u00a0: Le dernier Conseil des ministres de l&#8217;ann\u00e9e pr\u00e9vu le 21 d\u00e9cembre, Ouattara donne la latitude \u00e0 Achi de fixer un conseil extraordinaire"}]},{"@type":"WebSite","@id":"https:\/\/www.africa-press.net\/cotedivoire\/#website","url":"https:\/\/www.africa-press.net\/cotedivoire\/","name":"C\u00f4te d&#039;Ivoire","description":"Just another Africa News Agency Sites site","potentialAction":[{"@type":"SearchAction","target":{"@type":"EntryPoint","urlTemplate":"https:\/\/www.africa-press.net\/cotedivoire\/?s={search_term_string}"},"query-input":{"@type":"PropertyValueSpecification","valueRequired":true,"valueName":"search_term_string"}}],"inLanguage":"fr-FR"},{"@type":"Person","@id":"https:\/\/www.africa-press.net\/cotedivoire\/#\/schema\/person\/2b1cf3cd81a31e3cd26889ca66d677f1","name":"cfeditorfr"}]}},"_links":{"self":[{"href":"https:\/\/www.africa-press.net\/cotedivoire\/wp-json\/wp\/v2\/posts\/49102","targetHints":{"allow":["GET"]}}],"collection":[{"href":"https:\/\/www.africa-press.net\/cotedivoire\/wp-json\/wp\/v2\/posts"}],"about":[{"href":"https:\/\/www.africa-press.net\/cotedivoire\/wp-json\/wp\/v2\/types\/post"}],"author":[{"embeddable":true,"href":"https:\/\/www.africa-press.net\/cotedivoire\/wp-json\/wp\/v2\/users\/82"}],"replies":[{"embeddable":true,"href":"https:\/\/www.africa-press.net\/cotedivoire\/wp-json\/wp\/v2\/comments?post=49102"}],"version-history":[{"count":0,"href":"https:\/\/www.africa-press.net\/cotedivoire\/wp-json\/wp\/v2\/posts\/49102\/revisions"}],"wp:featuredmedia":[{"embeddable":true,"href":"https:\/\/www.africa-press.net\/cotedivoire\/wp-json\/wp\/v2\/media\/49100"}],"wp:attachment":[{"href":"https:\/\/www.africa-press.net\/cotedivoire\/wp-json\/wp\/v2\/media?parent=49102"}],"wp:term":[{"taxonomy":"category","embeddable":true,"href":"https:\/\/www.africa-press.net\/cotedivoire\/wp-json\/wp\/v2\/categories?post=49102"},{"taxonomy":"post_tag","embeddable":true,"href":"https:\/\/www.africa-press.net\/cotedivoire\/wp-json\/wp\/v2\/tags?post=49102"}],"curies":[{"name":"wp","href":"https:\/\/api.w.org\/{rel}","templated":true}]}}