{"id":49388,"date":"2022-12-04T19:06:14","date_gmt":"2022-12-04T19:06:14","guid":{"rendered":"https:\/\/www.africa-press.net\/cotedivoire\/politique\/la-cedeao-exige-la-liberation-des-46-soldats-ivoiriens-detenus-au-mali-avant-janvier"},"modified":"2022-12-04T19:06:14","modified_gmt":"2022-12-04T19:06:14","slug":"la-cedeao-exige-la-liberation-des-46-soldats-ivoiriens-detenus-au-mali-avant-janvier","status":"publish","type":"post","link":"https:\/\/www.africa-press.net\/cotedivoire\/politique\/la-cedeao-exige-la-liberation-des-46-soldats-ivoiriens-detenus-au-mali-avant-janvier","title":{"rendered":"La C\u00e9d\u00e9ao exige la lib\u00e9ration des 46 soldats ivoiriens d\u00e9tenus au Mali avant janvier"},"content":{"rendered":"<p><span style=\"color: #ff6600\"><strong>Africa-Press &#8211; C\u00f4te d&rsquo;Ivoire. <\/strong><\/span><b>La Ce\u0301de\u0301ao a exige\u0301 dimanche la libe\u0301ration des 46 soldats ivoiriens de\u0301tenus depuis juillet au Mali avant le 1er janvier prochain. A\u0300 de\u0301faut, les dirigeants ouest africains prendront des sanctions a\u0300 l&rsquo;e\u0301gard de la junte au pouvoir, ont-ils annonce\u0301.<\/b><\/p>\n<p>L&rsquo;affaire du contingent de soldats ivoiriens de\u0301tenus au Mali prend une nouvelle tournure. Les dirigeants des E\u0301tats d&rsquo;Afrique de l&rsquo;Ouest re\u0301unis en sommet dimanche 4 de\u0301cembre a\u0300 Abuja ont exige\u0301 de la junte au pouvoir au Mali qu&rsquo;elle libe\u0300re avant janvier 46 soldats ivoiriens prisonniers depuis juillet sous peine de sanctions, ont indique\u0301 des responsables ouest-africains.<\/p>\n<p>\u00ab\u00a0Nous demandons aux autorite\u0301s maliennes au plus tard au 1er janvier 2023 la libe\u0301ration des soldats ivoiriens\u00a0\u00bb, a dit a\u0300 des journalistes Omar Touray, pre\u0301sident de la commission de la Communaute\u0301 e\u0301conomique des E\u0301tats de l&rsquo;Afrique de l&rsquo;Ouest (Ce\u0301de\u0301ao). A\u0300 de\u0301faut, la Ce\u0301de\u0301ao prendra des sanctions, a dit un diplomate ouest-africain a\u0300 un correspondant de l&rsquo;AFP sous le couvert de l&rsquo;anonymat.<\/p>\n<p><b>&gt;&gt; A\u0300 lire aussi : \u00ab\u00a0Soldats ivoiriens de\u0301tenus au Mali : Alassane Ouattara face aux critiques de l\u2019opposition\u00a0\u00bb<\/b><\/p>\n<p>A\u0300 de\u0301faut, la Ce\u0301de\u0301ao prendra des sanctions, a dit un diplomate ouest-africain a\u0300 un correspondant de l&rsquo;AFP sous le couvert de l&rsquo;anonymat. Omar Touray a e\u0301galement de\u0301clare\u0301 que la Ce\u0301de\u0301ao se re\u0301servait la possibilite\u0301 d&rsquo;agir si les soldats ne recouvraient pas la liberte\u0301 avant le 1er janvier.<\/p>\n<p><b>Trois soldats rela\u0302che\u0301s<\/b><\/p>\n<p>Le pre\u0301sident togolais Faure Gnassingbe\u0301, qui joue les bons offices entre le Mali et la Co\u0302te d&rsquo;Ivoire dans cette crise, se rendra au Mali pour \u00ab\u00a0exiger\u00a0\u00bb la libe\u0301ration des soldats, a ajoute\u0301 le diplomate ouest-africain.<\/p>\n<p>Le Mali livre un bras de fer a\u0300 la Co\u0302te d&rsquo;Ivoire et la Ce\u0301de\u0301ao depuis qu&rsquo;il a arre\u0302te\u0301 le 10 juillet 49 soldats ivoiriens a\u0300 leur arrive\u0301e a\u0300 Bamako. Trois ont e\u0301te\u0301 rela\u0302che\u0301s depuis.<\/p>\n<p>La Co\u0302te d&rsquo;Ivoire et l&rsquo;ONU affirment que ces soldats devaient participer a\u0300 la se\u0301curite\u0301 du contingent allemand des Casques bleus au Mali. Mais Bamako dit les conside\u0301rer comme des \u00ab\u00a0mercenaires\u00a0\u00bb venus attenter a\u0300 la su\u0302rete\u0301 de l&rsquo;E\u0301tat.<\/p>\n<p><strong>Pour plus d&rsquo;informations et d&rsquo;analyses sur la <a href=\"https:\/\/www.africa-press.net\/cotedivoire\">C\u00f4te d&rsquo;Ivoire<\/a>, suivez <a href=\"https:\/\/www.africa-press.net\/\">Africa-Press<\/a><\/strong><\/p>\n","protected":false},"excerpt":{"rendered":"<p>Africa-Press &#8211; C\u00f4te d&rsquo;Ivoire. La Ce\u0301de\u0301ao a exige\u0301 dimanche la libe\u0301ration des 46 soldats ivoiriens de\u0301tenus depuis juillet au Mali avant le 1er janvier prochain. A\u0300 de\u0301faut, les dirigeants ouest africains prendront des sanctions a\u0300 l&rsquo;e\u0301gard de la junte au pouvoir, ont-ils annonce\u0301. L&rsquo;affaire du contingent de soldats ivoiriens de\u0301tenus au Mali prend une nouvelle [&hellip;]<\/p>\n","protected":false},"author":82,"featured_media":49387,"comment_status":"open","ping_status":"closed","sticky":false,"template":"","format":"standard","meta":{"footnotes":""},"categories":[2,20,10],"tags":[56,63,38,3611,3960,37,502,4085],"class_list":["post-49388","post","type-post","status-publish","format-standard","has-post-thumbnail","hentry","category-politique","category-top-nouvelles","category-toutes-les-actualites","tag-africa-press","tag-africa-press-cote-divoire","tag-alassane-ouattara","tag-assimi-goita","tag-cedeao-2","tag-cote-divoire-2","tag-mali","tag-onu"],"yoast_head":"<!-- This site is optimized with the Yoast SEO Premium plugin v26.1 (Yoast SEO v27.0) - https:\/\/yoast.com\/product\/yoast-seo-premium-wordpress\/ -->\n<title>La C\u00e9d\u00e9ao exige la lib\u00e9ration des 46 soldats ivoiriens d\u00e9tenus au Mali avant janvier - C\u00f4te d&#039;Ivoire<\/title>\n<meta name=\"robots\" content=\"index, follow, max-snippet:-1, max-image-preview:large, max-video-preview:-1\" \/>\n<link rel=\"canonical\" href=\"https:\/\/www.africa-press.net\/cotedivoire\/politique\/la-cedeao-exige-la-liberation-des-46-soldats-ivoiriens-detenus-au-mali-avant-janvier\" \/>\n<meta property=\"og:locale\" content=\"fr_FR\" \/>\n<meta property=\"og:type\" content=\"article\" \/>\n<meta property=\"og:title\" content=\"La C\u00e9d\u00e9ao exige la lib\u00e9ration des 46 soldats ivoiriens d\u00e9tenus au Mali avant janvier\" \/>\n<meta property=\"og:description\" content=\"Africa-Press &#8211; C\u00f4te d&rsquo;Ivoire. La Ce\u0301de\u0301ao a exige\u0301 dimanche la libe\u0301ration des 46 soldats ivoiriens de\u0301tenus depuis juillet au Mali avant le 1er janvier prochain. A\u0300 de\u0301faut, les dirigeants ouest africains prendront des sanctions a\u0300 l&rsquo;e\u0301gard de la junte au pouvoir, ont-ils annonce\u0301. L&rsquo;affaire du contingent de soldats ivoiriens de\u0301tenus au Mali prend une nouvelle [&hellip;]\" \/>\n<meta property=\"og:url\" content=\"https:\/\/www.africa-press.net\/cotedivoire\/politique\/la-cedeao-exige-la-liberation-des-46-soldats-ivoiriens-detenus-au-mali-avant-janvier\" \/>\n<meta property=\"og:site_name\" content=\"C\u00f4te d&#039;Ivoire\" \/>\n<meta property=\"article:published_time\" content=\"2022-12-04T19:06:14+00:00\" \/>\n<meta property=\"og:image\" content=\"https:\/\/static.africa-press.net\/cote\/sites\/43\/2022\/12\/postQueueImg_1670168184.62.jpg\" \/>\n\t<meta property=\"og:image:width\" content=\"1280\" \/>\n\t<meta property=\"og:image:height\" content=\"720\" \/>\n\t<meta property=\"og:image:type\" content=\"image\/jpeg\" \/>\n<meta name=\"author\" content=\"cfeditorfr\" \/>\n<meta name=\"twitter:card\" content=\"summary_large_image\" \/>\n<meta name=\"twitter:label1\" content=\"\u00c9crit par\" \/>\n\t<meta name=\"twitter:data1\" content=\"cfeditorfr\" \/>\n\t<meta name=\"twitter:label2\" content=\"Dur\u00e9e de lecture estim\u00e9e\" \/>\n\t<meta name=\"twitter:data2\" content=\"2 minutes\" \/>\n<script type=\"application\/ld+json\" class=\"yoast-schema-graph\">{\"@context\":\"https:\/\/schema.org\",\"@graph\":[{\"@type\":\"Article\",\"@id\":\"https:\/\/www.africa-press.net\/cotedivoire\/politique\/la-cedeao-exige-la-liberation-des-46-soldats-ivoiriens-detenus-au-mali-avant-janvier#article\",\"isPartOf\":{\"@id\":\"https:\/\/www.africa-press.net\/cotedivoire\/politique\/la-cedeao-exige-la-liberation-des-46-soldats-ivoiriens-detenus-au-mali-avant-janvier\"},\"author\":{\"name\":\"cfeditorfr\",\"@id\":\"https:\/\/www.africa-press.net\/cotedivoire\/#\/schema\/person\/2b1cf3cd81a31e3cd26889ca66d677f1\"},\"headline\":\"La C\u00e9d\u00e9ao exige la lib\u00e9ration des 46 soldats ivoiriens d\u00e9tenus au Mali avant janvier\",\"datePublished\":\"2022-12-04T19:06:14+00:00\",\"mainEntityOfPage\":{\"@id\":\"https:\/\/www.africa-press.net\/cotedivoire\/politique\/la-cedeao-exige-la-liberation-des-46-soldats-ivoiriens-detenus-au-mali-avant-janvier\"},\"wordCount\":428,\"commentCount\":0,\"image\":{\"@id\":\"https:\/\/www.africa-press.net\/cotedivoire\/politique\/la-cedeao-exige-la-liberation-des-46-soldats-ivoiriens-detenus-au-mali-avant-janvier#primaryimage\"},\"thumbnailUrl\":\"https:\/\/static.africa-press.net\/cote\/sites\/43\/2022\/12\/postQueueImg_1670168184.62.jpg\",\"keywords\":[\"Africa Press\",\"Africa Press-C\u00f4te d'Ivoire\",\"Alassane Ouattara\",\"Assimi Go\u00efta\",\"C\u00e9d\u00e9ao\",\"C\u00f4te d'Ivoire\",\"Mali\",\"ONU\"],\"articleSection\":[\"Politique\",\"Top Nouvelles\",\"Toutes les actualit\u00e9s\"],\"inLanguage\":\"fr-FR\",\"potentialAction\":[{\"@type\":\"CommentAction\",\"name\":\"Comment\",\"target\":[\"https:\/\/www.africa-press.net\/cotedivoire\/politique\/la-cedeao-exige-la-liberation-des-46-soldats-ivoiriens-detenus-au-mali-avant-janvier#respond\"]}]},{\"@type\":\"WebPage\",\"@id\":\"https:\/\/www.africa-press.net\/cotedivoire\/politique\/la-cedeao-exige-la-liberation-des-46-soldats-ivoiriens-detenus-au-mali-avant-janvier\",\"url\":\"https:\/\/www.africa-press.net\/cotedivoire\/politique\/la-cedeao-exige-la-liberation-des-46-soldats-ivoiriens-detenus-au-mali-avant-janvier\",\"name\":\"La C\u00e9d\u00e9ao exige la lib\u00e9ration des 46 soldats ivoiriens d\u00e9tenus au Mali avant janvier - C\u00f4te d&#039;Ivoire\",\"isPartOf\":{\"@id\":\"https:\/\/www.africa-press.net\/cotedivoire\/#website\"},\"primaryImageOfPage\":{\"@id\":\"https:\/\/www.africa-press.net\/cotedivoire\/politique\/la-cedeao-exige-la-liberation-des-46-soldats-ivoiriens-detenus-au-mali-avant-janvier#primaryimage\"},\"image\":{\"@id\":\"https:\/\/www.africa-press.net\/cotedivoire\/politique\/la-cedeao-exige-la-liberation-des-46-soldats-ivoiriens-detenus-au-mali-avant-janvier#primaryimage\"},\"thumbnailUrl\":\"https:\/\/static.africa-press.net\/cote\/sites\/43\/2022\/12\/postQueueImg_1670168184.62.jpg\",\"datePublished\":\"2022-12-04T19:06:14+00:00\",\"author\":{\"@id\":\"https:\/\/www.africa-press.net\/cotedivoire\/#\/schema\/person\/2b1cf3cd81a31e3cd26889ca66d677f1\"},\"breadcrumb\":{\"@id\":\"https:\/\/www.africa-press.net\/cotedivoire\/politique\/la-cedeao-exige-la-liberation-des-46-soldats-ivoiriens-detenus-au-mali-avant-janvier#breadcrumb\"},\"inLanguage\":\"fr-FR\",\"potentialAction\":[{\"@type\":\"ReadAction\",\"target\":[\"https:\/\/www.africa-press.net\/cotedivoire\/politique\/la-cedeao-exige-la-liberation-des-46-soldats-ivoiriens-detenus-au-mali-avant-janvier\"]}]},{\"@type\":\"ImageObject\",\"inLanguage\":\"fr-FR\",\"@id\":\"https:\/\/www.africa-press.net\/cotedivoire\/politique\/la-cedeao-exige-la-liberation-des-46-soldats-ivoiriens-detenus-au-mali-avant-janvier#primaryimage\",\"url\":\"https:\/\/static.africa-press.net\/cote\/sites\/43\/2022\/12\/postQueueImg_1670168184.62.jpg\",\"contentUrl\":\"https:\/\/static.africa-press.net\/cote\/sites\/43\/2022\/12\/postQueueImg_1670168184.62.jpg\",\"width\":1280,\"height\":720,\"caption\":\"La C\u00e9d\u00e9ao exige la lib\u00e9ration des 46 soldats ivoiriens d\u00e9tenus au Mali avant janvier\"},{\"@type\":\"BreadcrumbList\",\"@id\":\"https:\/\/www.africa-press.net\/cotedivoire\/politique\/la-cedeao-exige-la-liberation-des-46-soldats-ivoiriens-detenus-au-mali-avant-janvier#breadcrumb\",\"itemListElement\":[{\"@type\":\"ListItem\",\"position\":1,\"name\":\"Accueil\",\"item\":\"https:\/\/www.africa-press.net\/cotedivoire\/\"},{\"@type\":\"ListItem\",\"position\":2,\"name\":\"La C\u00e9d\u00e9ao exige la lib\u00e9ration des 46 soldats ivoiriens d\u00e9tenus au Mali avant janvier\"}]},{\"@type\":\"WebSite\",\"@id\":\"https:\/\/www.africa-press.net\/cotedivoire\/#website\",\"url\":\"https:\/\/www.africa-press.net\/cotedivoire\/\",\"name\":\"C\u00f4te d&#039;Ivoire\",\"description\":\"Just another Africa News Agency Sites site\",\"potentialAction\":[{\"@type\":\"SearchAction\",\"target\":{\"@type\":\"EntryPoint\",\"urlTemplate\":\"https:\/\/www.africa-press.net\/cotedivoire\/?s={search_term_string}\"},\"query-input\":{\"@type\":\"PropertyValueSpecification\",\"valueRequired\":true,\"valueName\":\"search_term_string\"}}],\"inLanguage\":\"fr-FR\"},{\"@type\":\"Person\",\"@id\":\"https:\/\/www.africa-press.net\/cotedivoire\/#\/schema\/person\/2b1cf3cd81a31e3cd26889ca66d677f1\",\"name\":\"cfeditorfr\"}]}<\/script>\n<!-- \/ Yoast SEO Premium plugin. -->","yoast_head_json":{"title":"La C\u00e9d\u00e9ao exige la lib\u00e9ration des 46 soldats ivoiriens d\u00e9tenus au Mali avant janvier - C\u00f4te d&#039;Ivoire","robots":{"index":"index","follow":"follow","max-snippet":"max-snippet:-1","max-image-preview":"max-image-preview:large","max-video-preview":"max-video-preview:-1"},"canonical":"https:\/\/www.africa-press.net\/cotedivoire\/politique\/la-cedeao-exige-la-liberation-des-46-soldats-ivoiriens-detenus-au-mali-avant-janvier","og_locale":"fr_FR","og_type":"article","og_title":"La C\u00e9d\u00e9ao exige la lib\u00e9ration des 46 soldats ivoiriens d\u00e9tenus au Mali avant janvier","og_description":"Africa-Press &#8211; C\u00f4te d&rsquo;Ivoire. La Ce\u0301de\u0301ao a exige\u0301 dimanche la libe\u0301ration des 46 soldats ivoiriens de\u0301tenus depuis juillet au Mali avant le 1er janvier prochain. A\u0300 de\u0301faut, les dirigeants ouest africains prendront des sanctions a\u0300 l&rsquo;e\u0301gard de la junte au pouvoir, ont-ils annonce\u0301. L&rsquo;affaire du contingent de soldats ivoiriens de\u0301tenus au Mali prend une nouvelle [&hellip;]","og_url":"https:\/\/www.africa-press.net\/cotedivoire\/politique\/la-cedeao-exige-la-liberation-des-46-soldats-ivoiriens-detenus-au-mali-avant-janvier","og_site_name":"C\u00f4te d&#039;Ivoire","article_published_time":"2022-12-04T19:06:14+00:00","og_image":[{"width":1280,"height":720,"url":"https:\/\/static.africa-press.net\/cote\/sites\/43\/2022\/12\/postQueueImg_1670168184.62.jpg","type":"image\/jpeg"}],"author":"cfeditorfr","twitter_card":"summary_large_image","twitter_misc":{"\u00c9crit par":"cfeditorfr","Dur\u00e9e de lecture estim\u00e9e":"2 minutes"},"schema":{"@context":"https:\/\/schema.org","@graph":[{"@type":"Article","@id":"https:\/\/www.africa-press.net\/cotedivoire\/politique\/la-cedeao-exige-la-liberation-des-46-soldats-ivoiriens-detenus-au-mali-avant-janvier#article","isPartOf":{"@id":"https:\/\/www.africa-press.net\/cotedivoire\/politique\/la-cedeao-exige-la-liberation-des-46-soldats-ivoiriens-detenus-au-mali-avant-janvier"},"author":{"name":"cfeditorfr","@id":"https:\/\/www.africa-press.net\/cotedivoire\/#\/schema\/person\/2b1cf3cd81a31e3cd26889ca66d677f1"},"headline":"La C\u00e9d\u00e9ao exige la lib\u00e9ration des 46 soldats ivoiriens d\u00e9tenus au Mali avant janvier","datePublished":"2022-12-04T19:06:14+00:00","mainEntityOfPage":{"@id":"https:\/\/www.africa-press.net\/cotedivoire\/politique\/la-cedeao-exige-la-liberation-des-46-soldats-ivoiriens-detenus-au-mali-avant-janvier"},"wordCount":428,"commentCount":0,"image":{"@id":"https:\/\/www.africa-press.net\/cotedivoire\/politique\/la-cedeao-exige-la-liberation-des-46-soldats-ivoiriens-detenus-au-mali-avant-janvier#primaryimage"},"thumbnailUrl":"https:\/\/static.africa-press.net\/cote\/sites\/43\/2022\/12\/postQueueImg_1670168184.62.jpg","keywords":["Africa Press","Africa Press-C\u00f4te d'Ivoire","Alassane Ouattara","Assimi Go\u00efta","C\u00e9d\u00e9ao","C\u00f4te d'Ivoire","Mali","ONU"],"articleSection":["Politique","Top Nouvelles","Toutes les actualit\u00e9s"],"inLanguage":"fr-FR","potentialAction":[{"@type":"CommentAction","name":"Comment","target":["https:\/\/www.africa-press.net\/cotedivoire\/politique\/la-cedeao-exige-la-liberation-des-46-soldats-ivoiriens-detenus-au-mali-avant-janvier#respond"]}]},{"@type":"WebPage","@id":"https:\/\/www.africa-press.net\/cotedivoire\/politique\/la-cedeao-exige-la-liberation-des-46-soldats-ivoiriens-detenus-au-mali-avant-janvier","url":"https:\/\/www.africa-press.net\/cotedivoire\/politique\/la-cedeao-exige-la-liberation-des-46-soldats-ivoiriens-detenus-au-mali-avant-janvier","name":"La C\u00e9d\u00e9ao exige la lib\u00e9ration des 46 soldats ivoiriens d\u00e9tenus au Mali avant janvier - C\u00f4te d&#039;Ivoire","isPartOf":{"@id":"https:\/\/www.africa-press.net\/cotedivoire\/#website"},"primaryImageOfPage":{"@id":"https:\/\/www.africa-press.net\/cotedivoire\/politique\/la-cedeao-exige-la-liberation-des-46-soldats-ivoiriens-detenus-au-mali-avant-janvier#primaryimage"},"image":{"@id":"https:\/\/www.africa-press.net\/cotedivoire\/politique\/la-cedeao-exige-la-liberation-des-46-soldats-ivoiriens-detenus-au-mali-avant-janvier#primaryimage"},"thumbnailUrl":"https:\/\/static.africa-press.net\/cote\/sites\/43\/2022\/12\/postQueueImg_1670168184.62.jpg","datePublished":"2022-12-04T19:06:14+00:00","author":{"@id":"https:\/\/www.africa-press.net\/cotedivoire\/#\/schema\/person\/2b1cf3cd81a31e3cd26889ca66d677f1"},"breadcrumb":{"@id":"https:\/\/www.africa-press.net\/cotedivoire\/politique\/la-cedeao-exige-la-liberation-des-46-soldats-ivoiriens-detenus-au-mali-avant-janvier#breadcrumb"},"inLanguage":"fr-FR","potentialAction":[{"@type":"ReadAction","target":["https:\/\/www.africa-press.net\/cotedivoire\/politique\/la-cedeao-exige-la-liberation-des-46-soldats-ivoiriens-detenus-au-mali-avant-janvier"]}]},{"@type":"ImageObject","inLanguage":"fr-FR","@id":"https:\/\/www.africa-press.net\/cotedivoire\/politique\/la-cedeao-exige-la-liberation-des-46-soldats-ivoiriens-detenus-au-mali-avant-janvier#primaryimage","url":"https:\/\/static.africa-press.net\/cote\/sites\/43\/2022\/12\/postQueueImg_1670168184.62.jpg","contentUrl":"https:\/\/static.africa-press.net\/cote\/sites\/43\/2022\/12\/postQueueImg_1670168184.62.jpg","width":1280,"height":720,"caption":"La C\u00e9d\u00e9ao exige la lib\u00e9ration des 46 soldats ivoiriens d\u00e9tenus au Mali avant janvier"},{"@type":"BreadcrumbList","@id":"https:\/\/www.africa-press.net\/cotedivoire\/politique\/la-cedeao-exige-la-liberation-des-46-soldats-ivoiriens-detenus-au-mali-avant-janvier#breadcrumb","itemListElement":[{"@type":"ListItem","position":1,"name":"Accueil","item":"https:\/\/www.africa-press.net\/cotedivoire\/"},{"@type":"ListItem","position":2,"name":"La C\u00e9d\u00e9ao exige la lib\u00e9ration des 46 soldats ivoiriens d\u00e9tenus au Mali avant janvier"}]},{"@type":"WebSite","@id":"https:\/\/www.africa-press.net\/cotedivoire\/#website","url":"https:\/\/www.africa-press.net\/cotedivoire\/","name":"C\u00f4te d&#039;Ivoire","description":"Just another Africa News Agency Sites site","potentialAction":[{"@type":"SearchAction","target":{"@type":"EntryPoint","urlTemplate":"https:\/\/www.africa-press.net\/cotedivoire\/?s={search_term_string}"},"query-input":{"@type":"PropertyValueSpecification","valueRequired":true,"valueName":"search_term_string"}}],"inLanguage":"fr-FR"},{"@type":"Person","@id":"https:\/\/www.africa-press.net\/cotedivoire\/#\/schema\/person\/2b1cf3cd81a31e3cd26889ca66d677f1","name":"cfeditorfr"}]}},"_links":{"self":[{"href":"https:\/\/www.africa-press.net\/cotedivoire\/wp-json\/wp\/v2\/posts\/49388","targetHints":{"allow":["GET"]}}],"collection":[{"href":"https:\/\/www.africa-press.net\/cotedivoire\/wp-json\/wp\/v2\/posts"}],"about":[{"href":"https:\/\/www.africa-press.net\/cotedivoire\/wp-json\/wp\/v2\/types\/post"}],"author":[{"embeddable":true,"href":"https:\/\/www.africa-press.net\/cotedivoire\/wp-json\/wp\/v2\/users\/82"}],"replies":[{"embeddable":true,"href":"https:\/\/www.africa-press.net\/cotedivoire\/wp-json\/wp\/v2\/comments?post=49388"}],"version-history":[{"count":0,"href":"https:\/\/www.africa-press.net\/cotedivoire\/wp-json\/wp\/v2\/posts\/49388\/revisions"}],"wp:featuredmedia":[{"embeddable":true,"href":"https:\/\/www.africa-press.net\/cotedivoire\/wp-json\/wp\/v2\/media\/49387"}],"wp:attachment":[{"href":"https:\/\/www.africa-press.net\/cotedivoire\/wp-json\/wp\/v2\/media?parent=49388"}],"wp:term":[{"taxonomy":"category","embeddable":true,"href":"https:\/\/www.africa-press.net\/cotedivoire\/wp-json\/wp\/v2\/categories?post=49388"},{"taxonomy":"post_tag","embeddable":true,"href":"https:\/\/www.africa-press.net\/cotedivoire\/wp-json\/wp\/v2\/tags?post=49388"}],"curies":[{"name":"wp","href":"https:\/\/api.w.org\/{rel}","templated":true}]}}