{"id":49513,"date":"2022-12-07T17:15:17","date_gmt":"2022-12-07T17:15:17","guid":{"rendered":"https:\/\/www.africa-press.net\/cotedivoire\/politique\/cote-divoire-la-fondation-lonaci-renforce-la-capacite-daccueil-du-groupe-scolaire-de-sissedougou-dun-batiment-de-3-classes-equipees"},"modified":"2022-12-07T17:15:17","modified_gmt":"2022-12-07T17:15:17","slug":"cote-divoire-la-fondation-lonaci-renforce-la-capacite-daccueil-du-groupe-scolaire-de-sissedougou-dun-batiment-de-3-classes-equipees","status":"publish","type":"post","link":"https:\/\/www.africa-press.net\/cotedivoire\/toutes-les-actualites\/cote-divoire-la-fondation-lonaci-renforce-la-capacite-daccueil-du-groupe-scolaire-de-sissedougou-dun-batiment-de-3-classes-equipees","title":{"rendered":"C\u00f4te d&rsquo;Ivoire\u00a0: La Fondation LONACI renforce la capacit\u00e9 d&rsquo;accueil du groupe scolaire de Siss\u00e9dougou d&rsquo;un b\u00e2timent de 3 classes \u00e9quip\u00e9es"},"content":{"rendered":"<p><span style=\"color: #ff6600\"><strong>Africa-Press &#8211; C\u00f4te d&rsquo;Ivoire. <\/strong><\/span>Mariatou Kone\u0301 dimanche a\u0300 Sidde\u0301dougou<\/p>\n<p>Le groupe scolaire Fatoumata Gon Coulibaly de Sidde\u0301dougou dans le de\u0301partement de Boundiali, re\u0301gion de la Bagoue\u0301 a une capacite\u0301 d&rsquo;accueil plus grande. La FONDATION LONACI a dote\u0301 le groupe scolaire d&rsquo;un nouveau ba\u0302timent de trois classes e\u0301quipe\u0301es en tables-bancs et a re\u0301alise\u0301 des latrines.<\/p>\n<p>Le ba\u0302timent a e\u0301te\u0301 officiellement remis a\u0300 la communaute\u0301 e\u0301ducative, le dimanche 04 de\u0301cembre 2022 au cours d&rsquo;une ce\u0301re\u0301monie en parraine\u0301e par Mariatou Kone\u0301, ministre de l&rsquo;E\u0301ducation nationale et de l&rsquo;Alphabe\u0301tisation.<\/p>\n<p>Amadou Coulibaly, ministre de la Communication et de l&rsquo;Economie nume\u0301rique a effectue\u0301 le de\u0301placement de Sisse\u0301dougou pour prendre part a\u0300 la ce\u0301re\u0301monie dont le Vice-pre\u0301sident de la Re\u0301publique, Tie\u0301moko Meyliet Kone\u0301 e\u0301tait repre\u0301sente\u0301 par son Directeur de cabinet adjoint.<\/p>\n<p>Fofana Karidjatou Gon Coulibaly, pre\u0301sidente de l&rsquo;Association des Amis et Sympathisants de Sisse\u0301dougou a salue\u0301 cet acte majeur de la FONDATION LONACI, qui participe a\u0300 la formation et a\u0300 l&rsquo;apprentissage des e\u0301le\u0300ves.<\/p>\n<p>Au nom de Dramane Coulibaly, Pre\u0301sident du Conseil d&rsquo;Administration, Diabate\u0301 Fatoumata, Directrice exe\u0301cutive de la FONDATION LONACI, a e\u0301mis le v\u0153u de voir le groupe scolaire devenir une re\u0301fe\u0301rence en Co\u0302te d&rsquo;Ivoire.<\/p>\n<p>Mariatou Kone\u0301, ministre de l&rsquo;E\u0301ducation nationale et l&rsquo;Alphabe\u0301tisation, a de\u0301clare\u0301 que cette \u0153uvre de haute porte\u0301e e\u0301ducative et sociale vient accompagner le Gouvernement dans sa politique de scolarisation des enfants.<\/p>\n<p><strong>Pour plus d&rsquo;informations et d&rsquo;analyses sur la <a href=\"https:\/\/www.africa-press.net\/cotedivoire\">C\u00f4te d&rsquo;Ivoire<\/a>, suivez <a href=\"https:\/\/www.africa-press.net\/\">Africa-Press<\/a><\/strong><\/p>\n","protected":false},"excerpt":{"rendered":"<p>Africa-Press &#8211; C\u00f4te d&rsquo;Ivoire. Mariatou Kone\u0301 dimanche a\u0300 Sidde\u0301dougou Le groupe scolaire Fatoumata Gon Coulibaly de Sidde\u0301dougou dans le de\u0301partement de Boundiali, re\u0301gion de la Bagoue\u0301 a une capacite\u0301 d&rsquo;accueil plus grande. La FONDATION LONACI a dote\u0301 le groupe scolaire d&rsquo;un nouveau ba\u0302timent de trois classes e\u0301quipe\u0301es en tables-bancs et a re\u0301alise\u0301 des latrines. Le [&hellip;]<\/p>\n","protected":false},"author":82,"featured_media":49512,"comment_status":"open","ping_status":"closed","sticky":false,"template":"","format":"standard","meta":{"footnotes":""},"categories":[21,10],"tags":[56,63,4229,37,5772,1127,8321],"class_list":["post-49513","post","type-post","status-publish","format-standard","has-post-thumbnail","hentry","category-communaute","category-toutes-les-actualites","tag-africa-press","tag-africa-press-cote-divoire","tag-boundiali","tag-cote-divoire-2","tag-lonaci","tag-mariatou-kone","tag-sissedougou"],"yoast_head":"<!-- This site is optimized with the Yoast SEO Premium plugin v26.1 (Yoast SEO v27.0) - https:\/\/yoast.com\/product\/yoast-seo-premium-wordpress\/ -->\n<title>C\u00f4te d&#039;Ivoire\u00a0: La Fondation LONACI renforce la capacit\u00e9 d&#039;accueil du groupe scolaire de Siss\u00e9dougou d&#039;un b\u00e2timent de 3 classes \u00e9quip\u00e9es - C\u00f4te d&#039;Ivoire<\/title>\n<meta name=\"robots\" content=\"index, follow, max-snippet:-1, max-image-preview:large, max-video-preview:-1\" \/>\n<link rel=\"canonical\" href=\"https:\/\/www.africa-press.net\/cotedivoire\/toutes-les-actualites\/cote-divoire-la-fondation-lonaci-renforce-la-capacite-daccueil-du-groupe-scolaire-de-sissedougou-dun-batiment-de-3-classes-equipees\" \/>\n<meta property=\"og:locale\" content=\"fr_FR\" \/>\n<meta property=\"og:type\" content=\"article\" \/>\n<meta property=\"og:title\" content=\"C\u00f4te d&#039;Ivoire\u00a0: La Fondation LONACI renforce la capacit\u00e9 d&#039;accueil du groupe scolaire de Siss\u00e9dougou d&#039;un b\u00e2timent de 3 classes \u00e9quip\u00e9es\" \/>\n<meta property=\"og:description\" content=\"Africa-Press &#8211; C\u00f4te d&rsquo;Ivoire. Mariatou Kone\u0301 dimanche a\u0300 Sidde\u0301dougou Le groupe scolaire Fatoumata Gon Coulibaly de Sidde\u0301dougou dans le de\u0301partement de Boundiali, re\u0301gion de la Bagoue\u0301 a une capacite\u0301 d&rsquo;accueil plus grande. La FONDATION LONACI a dote\u0301 le groupe scolaire d&rsquo;un nouveau ba\u0302timent de trois classes e\u0301quipe\u0301es en tables-bancs et a re\u0301alise\u0301 des latrines. Le [&hellip;]\" \/>\n<meta property=\"og:url\" content=\"https:\/\/www.africa-press.net\/cotedivoire\/toutes-les-actualites\/cote-divoire-la-fondation-lonaci-renforce-la-capacite-daccueil-du-groupe-scolaire-de-sissedougou-dun-batiment-de-3-classes-equipees\" \/>\n<meta property=\"og:site_name\" content=\"C\u00f4te d&#039;Ivoire\" \/>\n<meta property=\"article:published_time\" content=\"2022-12-07T17:15:17+00:00\" \/>\n<meta property=\"og:image\" content=\"https:\/\/static.africa-press.net\/cote\/sites\/43\/2022\/12\/postQueueImg_1670420732.70.jpg\" \/>\n\t<meta property=\"og:image:width\" content=\"720\" \/>\n\t<meta property=\"og:image:height\" content=\"480\" \/>\n\t<meta property=\"og:image:type\" content=\"image\/jpeg\" \/>\n<meta name=\"author\" content=\"cfeditorfr\" \/>\n<meta name=\"twitter:card\" content=\"summary_large_image\" \/>\n<meta name=\"twitter:label1\" content=\"\u00c9crit par\" \/>\n\t<meta name=\"twitter:data1\" content=\"cfeditorfr\" \/>\n\t<meta name=\"twitter:label2\" content=\"Dur\u00e9e de lecture estim\u00e9e\" \/>\n\t<meta name=\"twitter:data2\" content=\"1 minute\" \/>\n<script type=\"application\/ld+json\" class=\"yoast-schema-graph\">{\"@context\":\"https:\/\/schema.org\",\"@graph\":[{\"@type\":\"Article\",\"@id\":\"https:\/\/www.africa-press.net\/cotedivoire\/toutes-les-actualites\/cote-divoire-la-fondation-lonaci-renforce-la-capacite-daccueil-du-groupe-scolaire-de-sissedougou-dun-batiment-de-3-classes-equipees#article\",\"isPartOf\":{\"@id\":\"https:\/\/www.africa-press.net\/cotedivoire\/toutes-les-actualites\/cote-divoire-la-fondation-lonaci-renforce-la-capacite-daccueil-du-groupe-scolaire-de-sissedougou-dun-batiment-de-3-classes-equipees\"},\"author\":{\"name\":\"cfeditorfr\",\"@id\":\"https:\/\/www.africa-press.net\/cotedivoire\/#\/schema\/person\/2b1cf3cd81a31e3cd26889ca66d677f1\"},\"headline\":\"C\u00f4te d&rsquo;Ivoire\u00a0: La Fondation LONACI renforce la capacit\u00e9 d&rsquo;accueil du groupe scolaire de Siss\u00e9dougou d&rsquo;un b\u00e2timent de 3 classes \u00e9quip\u00e9es\",\"datePublished\":\"2022-12-07T17:15:17+00:00\",\"mainEntityOfPage\":{\"@id\":\"https:\/\/www.africa-press.net\/cotedivoire\/toutes-les-actualites\/cote-divoire-la-fondation-lonaci-renforce-la-capacite-daccueil-du-groupe-scolaire-de-sissedougou-dun-batiment-de-3-classes-equipees\"},\"wordCount\":314,\"commentCount\":0,\"image\":{\"@id\":\"https:\/\/www.africa-press.net\/cotedivoire\/toutes-les-actualites\/cote-divoire-la-fondation-lonaci-renforce-la-capacite-daccueil-du-groupe-scolaire-de-sissedougou-dun-batiment-de-3-classes-equipees#primaryimage\"},\"thumbnailUrl\":\"https:\/\/static.africa-press.net\/cote\/sites\/43\/2022\/12\/postQueueImg_1670420732.70.jpg\",\"keywords\":[\"Africa Press\",\"Africa Press-C\u00f4te d'Ivoire\",\"Boundiali\",\"C\u00f4te d'Ivoire\",\"LONACI\",\"Mariatou Kon\u00e9\",\"Siss\u00e9dougou\"],\"articleSection\":[\"Communaut\u00e9\",\"Toutes les actualit\u00e9s\"],\"inLanguage\":\"fr-FR\",\"potentialAction\":[{\"@type\":\"CommentAction\",\"name\":\"Comment\",\"target\":[\"https:\/\/www.africa-press.net\/cotedivoire\/toutes-les-actualites\/cote-divoire-la-fondation-lonaci-renforce-la-capacite-daccueil-du-groupe-scolaire-de-sissedougou-dun-batiment-de-3-classes-equipees#respond\"]}]},{\"@type\":\"WebPage\",\"@id\":\"https:\/\/www.africa-press.net\/cotedivoire\/toutes-les-actualites\/cote-divoire-la-fondation-lonaci-renforce-la-capacite-daccueil-du-groupe-scolaire-de-sissedougou-dun-batiment-de-3-classes-equipees\",\"url\":\"https:\/\/www.africa-press.net\/cotedivoire\/toutes-les-actualites\/cote-divoire-la-fondation-lonaci-renforce-la-capacite-daccueil-du-groupe-scolaire-de-sissedougou-dun-batiment-de-3-classes-equipees\",\"name\":\"C\u00f4te d'Ivoire\u00a0: La Fondation LONACI renforce la capacit\u00e9 d'accueil du groupe scolaire de Siss\u00e9dougou d'un b\u00e2timent de 3 classes \u00e9quip\u00e9es - C\u00f4te d&#039;Ivoire\",\"isPartOf\":{\"@id\":\"https:\/\/www.africa-press.net\/cotedivoire\/#website\"},\"primaryImageOfPage\":{\"@id\":\"https:\/\/www.africa-press.net\/cotedivoire\/toutes-les-actualites\/cote-divoire-la-fondation-lonaci-renforce-la-capacite-daccueil-du-groupe-scolaire-de-sissedougou-dun-batiment-de-3-classes-equipees#primaryimage\"},\"image\":{\"@id\":\"https:\/\/www.africa-press.net\/cotedivoire\/toutes-les-actualites\/cote-divoire-la-fondation-lonaci-renforce-la-capacite-daccueil-du-groupe-scolaire-de-sissedougou-dun-batiment-de-3-classes-equipees#primaryimage\"},\"thumbnailUrl\":\"https:\/\/static.africa-press.net\/cote\/sites\/43\/2022\/12\/postQueueImg_1670420732.70.jpg\",\"datePublished\":\"2022-12-07T17:15:17+00:00\",\"author\":{\"@id\":\"https:\/\/www.africa-press.net\/cotedivoire\/#\/schema\/person\/2b1cf3cd81a31e3cd26889ca66d677f1\"},\"breadcrumb\":{\"@id\":\"https:\/\/www.africa-press.net\/cotedivoire\/toutes-les-actualites\/cote-divoire-la-fondation-lonaci-renforce-la-capacite-daccueil-du-groupe-scolaire-de-sissedougou-dun-batiment-de-3-classes-equipees#breadcrumb\"},\"inLanguage\":\"fr-FR\",\"potentialAction\":[{\"@type\":\"ReadAction\",\"target\":[\"https:\/\/www.africa-press.net\/cotedivoire\/toutes-les-actualites\/cote-divoire-la-fondation-lonaci-renforce-la-capacite-daccueil-du-groupe-scolaire-de-sissedougou-dun-batiment-de-3-classes-equipees\"]}]},{\"@type\":\"ImageObject\",\"inLanguage\":\"fr-FR\",\"@id\":\"https:\/\/www.africa-press.net\/cotedivoire\/toutes-les-actualites\/cote-divoire-la-fondation-lonaci-renforce-la-capacite-daccueil-du-groupe-scolaire-de-sissedougou-dun-batiment-de-3-classes-equipees#primaryimage\",\"url\":\"https:\/\/static.africa-press.net\/cote\/sites\/43\/2022\/12\/postQueueImg_1670420732.70.jpg\",\"contentUrl\":\"https:\/\/static.africa-press.net\/cote\/sites\/43\/2022\/12\/postQueueImg_1670420732.70.jpg\",\"width\":720,\"height\":480,\"caption\":\"C\u00f4te d'Ivoire\u00a0: La Fondation LONACI renforce la capacit\u00e9 d'accueil du groupe scolaire de Siss\u00e9dougou d'un b\u00e2timent de 3 classes \u00e9quip\u00e9es\"},{\"@type\":\"BreadcrumbList\",\"@id\":\"https:\/\/www.africa-press.net\/cotedivoire\/toutes-les-actualites\/cote-divoire-la-fondation-lonaci-renforce-la-capacite-daccueil-du-groupe-scolaire-de-sissedougou-dun-batiment-de-3-classes-equipees#breadcrumb\",\"itemListElement\":[{\"@type\":\"ListItem\",\"position\":1,\"name\":\"Accueil\",\"item\":\"https:\/\/www.africa-press.net\/cotedivoire\/\"},{\"@type\":\"ListItem\",\"position\":2,\"name\":\"C\u00f4te d&#8217;Ivoire\u00a0: La Fondation LONACI renforce la capacit\u00e9 d&#8217;accueil du groupe scolaire de Siss\u00e9dougou d&#8217;un b\u00e2timent de 3 classes \u00e9quip\u00e9es\"}]},{\"@type\":\"WebSite\",\"@id\":\"https:\/\/www.africa-press.net\/cotedivoire\/#website\",\"url\":\"https:\/\/www.africa-press.net\/cotedivoire\/\",\"name\":\"C\u00f4te d&#039;Ivoire\",\"description\":\"Just another Africa News Agency Sites site\",\"potentialAction\":[{\"@type\":\"SearchAction\",\"target\":{\"@type\":\"EntryPoint\",\"urlTemplate\":\"https:\/\/www.africa-press.net\/cotedivoire\/?s={search_term_string}\"},\"query-input\":{\"@type\":\"PropertyValueSpecification\",\"valueRequired\":true,\"valueName\":\"search_term_string\"}}],\"inLanguage\":\"fr-FR\"},{\"@type\":\"Person\",\"@id\":\"https:\/\/www.africa-press.net\/cotedivoire\/#\/schema\/person\/2b1cf3cd81a31e3cd26889ca66d677f1\",\"name\":\"cfeditorfr\"}]}<\/script>\n<!-- \/ Yoast SEO Premium plugin. -->","yoast_head_json":{"title":"C\u00f4te d'Ivoire\u00a0: La Fondation LONACI renforce la capacit\u00e9 d'accueil du groupe scolaire de Siss\u00e9dougou d'un b\u00e2timent de 3 classes \u00e9quip\u00e9es - C\u00f4te d&#039;Ivoire","robots":{"index":"index","follow":"follow","max-snippet":"max-snippet:-1","max-image-preview":"max-image-preview:large","max-video-preview":"max-video-preview:-1"},"canonical":"https:\/\/www.africa-press.net\/cotedivoire\/toutes-les-actualites\/cote-divoire-la-fondation-lonaci-renforce-la-capacite-daccueil-du-groupe-scolaire-de-sissedougou-dun-batiment-de-3-classes-equipees","og_locale":"fr_FR","og_type":"article","og_title":"C\u00f4te d'Ivoire\u00a0: La Fondation LONACI renforce la capacit\u00e9 d'accueil du groupe scolaire de Siss\u00e9dougou d'un b\u00e2timent de 3 classes \u00e9quip\u00e9es","og_description":"Africa-Press &#8211; C\u00f4te d&rsquo;Ivoire. Mariatou Kone\u0301 dimanche a\u0300 Sidde\u0301dougou Le groupe scolaire Fatoumata Gon Coulibaly de Sidde\u0301dougou dans le de\u0301partement de Boundiali, re\u0301gion de la Bagoue\u0301 a une capacite\u0301 d&rsquo;accueil plus grande. La FONDATION LONACI a dote\u0301 le groupe scolaire d&rsquo;un nouveau ba\u0302timent de trois classes e\u0301quipe\u0301es en tables-bancs et a re\u0301alise\u0301 des latrines. Le [&hellip;]","og_url":"https:\/\/www.africa-press.net\/cotedivoire\/toutes-les-actualites\/cote-divoire-la-fondation-lonaci-renforce-la-capacite-daccueil-du-groupe-scolaire-de-sissedougou-dun-batiment-de-3-classes-equipees","og_site_name":"C\u00f4te d&#039;Ivoire","article_published_time":"2022-12-07T17:15:17+00:00","og_image":[{"width":720,"height":480,"url":"https:\/\/static.africa-press.net\/cote\/sites\/43\/2022\/12\/postQueueImg_1670420732.70.jpg","type":"image\/jpeg"}],"author":"cfeditorfr","twitter_card":"summary_large_image","twitter_misc":{"\u00c9crit par":"cfeditorfr","Dur\u00e9e de lecture estim\u00e9e":"1 minute"},"schema":{"@context":"https:\/\/schema.org","@graph":[{"@type":"Article","@id":"https:\/\/www.africa-press.net\/cotedivoire\/toutes-les-actualites\/cote-divoire-la-fondation-lonaci-renforce-la-capacite-daccueil-du-groupe-scolaire-de-sissedougou-dun-batiment-de-3-classes-equipees#article","isPartOf":{"@id":"https:\/\/www.africa-press.net\/cotedivoire\/toutes-les-actualites\/cote-divoire-la-fondation-lonaci-renforce-la-capacite-daccueil-du-groupe-scolaire-de-sissedougou-dun-batiment-de-3-classes-equipees"},"author":{"name":"cfeditorfr","@id":"https:\/\/www.africa-press.net\/cotedivoire\/#\/schema\/person\/2b1cf3cd81a31e3cd26889ca66d677f1"},"headline":"C\u00f4te d&rsquo;Ivoire\u00a0: La Fondation LONACI renforce la capacit\u00e9 d&rsquo;accueil du groupe scolaire de Siss\u00e9dougou d&rsquo;un b\u00e2timent de 3 classes \u00e9quip\u00e9es","datePublished":"2022-12-07T17:15:17+00:00","mainEntityOfPage":{"@id":"https:\/\/www.africa-press.net\/cotedivoire\/toutes-les-actualites\/cote-divoire-la-fondation-lonaci-renforce-la-capacite-daccueil-du-groupe-scolaire-de-sissedougou-dun-batiment-de-3-classes-equipees"},"wordCount":314,"commentCount":0,"image":{"@id":"https:\/\/www.africa-press.net\/cotedivoire\/toutes-les-actualites\/cote-divoire-la-fondation-lonaci-renforce-la-capacite-daccueil-du-groupe-scolaire-de-sissedougou-dun-batiment-de-3-classes-equipees#primaryimage"},"thumbnailUrl":"https:\/\/static.africa-press.net\/cote\/sites\/43\/2022\/12\/postQueueImg_1670420732.70.jpg","keywords":["Africa Press","Africa Press-C\u00f4te d'Ivoire","Boundiali","C\u00f4te d'Ivoire","LONACI","Mariatou Kon\u00e9","Siss\u00e9dougou"],"articleSection":["Communaut\u00e9","Toutes les actualit\u00e9s"],"inLanguage":"fr-FR","potentialAction":[{"@type":"CommentAction","name":"Comment","target":["https:\/\/www.africa-press.net\/cotedivoire\/toutes-les-actualites\/cote-divoire-la-fondation-lonaci-renforce-la-capacite-daccueil-du-groupe-scolaire-de-sissedougou-dun-batiment-de-3-classes-equipees#respond"]}]},{"@type":"WebPage","@id":"https:\/\/www.africa-press.net\/cotedivoire\/toutes-les-actualites\/cote-divoire-la-fondation-lonaci-renforce-la-capacite-daccueil-du-groupe-scolaire-de-sissedougou-dun-batiment-de-3-classes-equipees","url":"https:\/\/www.africa-press.net\/cotedivoire\/toutes-les-actualites\/cote-divoire-la-fondation-lonaci-renforce-la-capacite-daccueil-du-groupe-scolaire-de-sissedougou-dun-batiment-de-3-classes-equipees","name":"C\u00f4te d'Ivoire\u00a0: La Fondation LONACI renforce la capacit\u00e9 d'accueil du groupe scolaire de Siss\u00e9dougou d'un b\u00e2timent de 3 classes \u00e9quip\u00e9es - C\u00f4te d&#039;Ivoire","isPartOf":{"@id":"https:\/\/www.africa-press.net\/cotedivoire\/#website"},"primaryImageOfPage":{"@id":"https:\/\/www.africa-press.net\/cotedivoire\/toutes-les-actualites\/cote-divoire-la-fondation-lonaci-renforce-la-capacite-daccueil-du-groupe-scolaire-de-sissedougou-dun-batiment-de-3-classes-equipees#primaryimage"},"image":{"@id":"https:\/\/www.africa-press.net\/cotedivoire\/toutes-les-actualites\/cote-divoire-la-fondation-lonaci-renforce-la-capacite-daccueil-du-groupe-scolaire-de-sissedougou-dun-batiment-de-3-classes-equipees#primaryimage"},"thumbnailUrl":"https:\/\/static.africa-press.net\/cote\/sites\/43\/2022\/12\/postQueueImg_1670420732.70.jpg","datePublished":"2022-12-07T17:15:17+00:00","author":{"@id":"https:\/\/www.africa-press.net\/cotedivoire\/#\/schema\/person\/2b1cf3cd81a31e3cd26889ca66d677f1"},"breadcrumb":{"@id":"https:\/\/www.africa-press.net\/cotedivoire\/toutes-les-actualites\/cote-divoire-la-fondation-lonaci-renforce-la-capacite-daccueil-du-groupe-scolaire-de-sissedougou-dun-batiment-de-3-classes-equipees#breadcrumb"},"inLanguage":"fr-FR","potentialAction":[{"@type":"ReadAction","target":["https:\/\/www.africa-press.net\/cotedivoire\/toutes-les-actualites\/cote-divoire-la-fondation-lonaci-renforce-la-capacite-daccueil-du-groupe-scolaire-de-sissedougou-dun-batiment-de-3-classes-equipees"]}]},{"@type":"ImageObject","inLanguage":"fr-FR","@id":"https:\/\/www.africa-press.net\/cotedivoire\/toutes-les-actualites\/cote-divoire-la-fondation-lonaci-renforce-la-capacite-daccueil-du-groupe-scolaire-de-sissedougou-dun-batiment-de-3-classes-equipees#primaryimage","url":"https:\/\/static.africa-press.net\/cote\/sites\/43\/2022\/12\/postQueueImg_1670420732.70.jpg","contentUrl":"https:\/\/static.africa-press.net\/cote\/sites\/43\/2022\/12\/postQueueImg_1670420732.70.jpg","width":720,"height":480,"caption":"C\u00f4te d'Ivoire\u00a0: La Fondation LONACI renforce la capacit\u00e9 d'accueil du groupe scolaire de Siss\u00e9dougou d'un b\u00e2timent de 3 classes \u00e9quip\u00e9es"},{"@type":"BreadcrumbList","@id":"https:\/\/www.africa-press.net\/cotedivoire\/toutes-les-actualites\/cote-divoire-la-fondation-lonaci-renforce-la-capacite-daccueil-du-groupe-scolaire-de-sissedougou-dun-batiment-de-3-classes-equipees#breadcrumb","itemListElement":[{"@type":"ListItem","position":1,"name":"Accueil","item":"https:\/\/www.africa-press.net\/cotedivoire\/"},{"@type":"ListItem","position":2,"name":"C\u00f4te d&#8217;Ivoire\u00a0: La Fondation LONACI renforce la capacit\u00e9 d&#8217;accueil du groupe scolaire de Siss\u00e9dougou d&#8217;un b\u00e2timent de 3 classes \u00e9quip\u00e9es"}]},{"@type":"WebSite","@id":"https:\/\/www.africa-press.net\/cotedivoire\/#website","url":"https:\/\/www.africa-press.net\/cotedivoire\/","name":"C\u00f4te d&#039;Ivoire","description":"Just another Africa News Agency Sites site","potentialAction":[{"@type":"SearchAction","target":{"@type":"EntryPoint","urlTemplate":"https:\/\/www.africa-press.net\/cotedivoire\/?s={search_term_string}"},"query-input":{"@type":"PropertyValueSpecification","valueRequired":true,"valueName":"search_term_string"}}],"inLanguage":"fr-FR"},{"@type":"Person","@id":"https:\/\/www.africa-press.net\/cotedivoire\/#\/schema\/person\/2b1cf3cd81a31e3cd26889ca66d677f1","name":"cfeditorfr"}]}},"_links":{"self":[{"href":"https:\/\/www.africa-press.net\/cotedivoire\/wp-json\/wp\/v2\/posts\/49513","targetHints":{"allow":["GET"]}}],"collection":[{"href":"https:\/\/www.africa-press.net\/cotedivoire\/wp-json\/wp\/v2\/posts"}],"about":[{"href":"https:\/\/www.africa-press.net\/cotedivoire\/wp-json\/wp\/v2\/types\/post"}],"author":[{"embeddable":true,"href":"https:\/\/www.africa-press.net\/cotedivoire\/wp-json\/wp\/v2\/users\/82"}],"replies":[{"embeddable":true,"href":"https:\/\/www.africa-press.net\/cotedivoire\/wp-json\/wp\/v2\/comments?post=49513"}],"version-history":[{"count":0,"href":"https:\/\/www.africa-press.net\/cotedivoire\/wp-json\/wp\/v2\/posts\/49513\/revisions"}],"wp:featuredmedia":[{"embeddable":true,"href":"https:\/\/www.africa-press.net\/cotedivoire\/wp-json\/wp\/v2\/media\/49512"}],"wp:attachment":[{"href":"https:\/\/www.africa-press.net\/cotedivoire\/wp-json\/wp\/v2\/media?parent=49513"}],"wp:term":[{"taxonomy":"category","embeddable":true,"href":"https:\/\/www.africa-press.net\/cotedivoire\/wp-json\/wp\/v2\/categories?post=49513"},{"taxonomy":"post_tag","embeddable":true,"href":"https:\/\/www.africa-press.net\/cotedivoire\/wp-json\/wp\/v2\/tags?post=49513"}],"curies":[{"name":"wp","href":"https:\/\/api.w.org\/{rel}","templated":true}]}}