{"id":49630,"date":"2022-12-10T14:54:10","date_gmt":"2022-12-10T14:54:10","guid":{"rendered":"https:\/\/www.africa-press.net\/cotedivoire\/politique\/gbagbo-et-sa-compagne-nady-bamba-accueillis-en-liesse-a-yakasse-me-lex-president-decide-de-ne-pas-prononcer-de-discours-avant-ce-samedi-au-stade-dadzope"},"modified":"2022-12-10T15:26:59","modified_gmt":"2022-12-10T15:26:59","slug":"gbagbo-et-sa-compagne-nady-bamba-accueillis-en-liesse-a-yakasse-me-lex-president-decide-de-ne-pas-prononcer-de-discours-avant-ce-samedi-au-stade-dadzope","status":"publish","type":"post","link":"https:\/\/www.africa-press.net\/cotedivoire\/politique\/gbagbo-et-sa-compagne-nady-bamba-accueillis-en-liesse-a-yakasse-me-lex-president-decide-de-ne-pas-prononcer-de-discours-avant-ce-samedi-au-stade-dadzope","title":{"rendered":"Gbagbo et sa compagne Nady Bamba, accueillis en liesse \u00e0 Yakass\u00e9 M\u00e9, l&rsquo;ex-pr\u00e9sident d\u00e9cide de ne pas prononcer de discours avant ce samedi au stade d&rsquo;Adzop\u00e9"},"content":{"rendered":"<p><span style=\"color: #ff6600\"><strong>Africa-Press &#8211; C\u00f4te d&rsquo;Ivoire. <\/strong><\/span>L\u2019ancien pre\u0301sident ivoirien Laurent Gbagbo et sa compagne sont arrive\u0301s ce vendredi 9 de\u0301cembre 2022 soir dans la re\u0301gion de la Me\u0301, comme constate\u0301 par KOACI.<\/p>\n<p>Laurent Gbagbo qui effectue une visite d\u2019amitie\u0301 les 9 et 10 de\u0301cembre 2022 dans la re\u0301gion de la Me\u0301, prononcera son discours ce samedi 10 de\u0301cembre 2022 au stade Alassane Ouattara d\u2019Adzope\u0301.<\/p>\n<p>Ce jour, le natif de Mama, arrive\u0301 a\u0300 Yakasse\u0301-Me\u0301 dans la soire\u0301e a e\u0301te\u0301 accueilli par les populations Akye\u0301 dans la ferveur des jours de fe\u0302te.<\/p>\n<p>Laurent Gbagbo, accompagne\u0301 de sa compagne Nady Bamba, n\u2019a visiblement pas prononce\u0301 de discours devant les populations de Yakasse\u0301-Me\u0301.<\/p>\n<p>Sa prise de parole se fera ce samedi au stade Alassane Ouattara ou\u0300 les populations de la re\u0301gion de la Me\u0301 y ont e\u0301te\u0301 convie\u0301es.<\/p>\n<p>Depuis son retour au Pays, apre\u0300s son pe\u0301riple judiciaire a\u0300 la cour pe\u0301nale internationale (CPI), c\u2019est la premie\u0300re visite que l\u2019ancien pre\u0301sident effectue dans cette re\u0301gion, jadis acquise a\u0300 sa cause.<\/p>\n<p><strong>Pour plus d&rsquo;informations et d&rsquo;analyses sur la <a href=\"https:\/\/www.africa-press.net\/cotedivoire\">C\u00f4te d&rsquo;Ivoire<\/a>, suivez <a href=\"https:\/\/www.africa-press.net\/\">Africa-Press<\/a><\/strong><\/p>\n","protected":false},"excerpt":{"rendered":"<p>Africa-Press &#8211; C\u00f4te d&rsquo;Ivoire. L\u2019ancien pre\u0301sident ivoirien Laurent Gbagbo et sa compagne sont arrive\u0301s ce vendredi 9 de\u0301cembre 2022 soir dans la re\u0301gion de la Me\u0301, comme constate\u0301 par KOACI. Laurent Gbagbo qui effectue une visite d\u2019amitie\u0301 les 9 et 10 de\u0301cembre 2022 dans la re\u0301gion de la Me\u0301, prononcera son discours ce samedi 10 [&hellip;]<\/p>\n","protected":false},"author":82,"featured_media":49629,"comment_status":"open","ping_status":"closed","sticky":false,"template":"","format":"standard","meta":{"footnotes":""},"categories":[2,10],"tags":[4851,56,63,8354,38,29,693,320,1066,8355],"class_list":["post-49630","post","type-post","status-publish","format-standard","has-post-thumbnail","hentry","category-politique","category-toutes-les-actualites","tag-adzope","tag-africa-press","tag-africa-press-cote-divoire","tag-akye","tag-alassane-ouattara","tag-cote-divoire","tag-cpi","tag-gbagbo","tag-me","tag-yakasse-me"],"yoast_head":"<!-- This site is optimized with the Yoast SEO Premium plugin v26.1 (Yoast SEO v27.0) - https:\/\/yoast.com\/product\/yoast-seo-premium-wordpress\/ -->\n<title>Gbagbo et sa compagne Nady Bamba, accueillis en liesse \u00e0 Yakass\u00e9 M\u00e9, l&#039;ex-pr\u00e9sident d\u00e9cide de ne pas prononcer de discours avant ce samedi au stade d&#039;Adzop\u00e9 - C\u00f4te d&#039;Ivoire<\/title>\n<meta name=\"description\" content=\"L\u2019ancien pre\u0301sident ivoirien Laurent Gbagbo et sa compagne sont arrive\u0301s ce vendredi 9 de\u0301cembre 2022 soir dans la re\u0301gi ...\" \/>\n<meta name=\"robots\" content=\"index, follow, max-snippet:-1, max-image-preview:large, max-video-preview:-1\" \/>\n<link rel=\"canonical\" href=\"https:\/\/www.africa-press.net\/cotedivoire\/politique\/gbagbo-et-sa-compagne-nady-bamba-accueillis-en-liesse-a-yakasse-me-lex-president-decide-de-ne-pas-prononcer-de-discours-avant-ce-samedi-au-stade-dadzope\" \/>\n<meta property=\"og:locale\" content=\"fr_FR\" \/>\n<meta property=\"og:type\" content=\"article\" \/>\n<meta property=\"og:title\" content=\"Gbagbo et sa compagne Nady Bamba, accueillis en liesse \u00e0 Yakass\u00e9 M\u00e9, l&#039;ex-pr\u00e9sident d\u00e9cide de ne pas prononcer de discours avant ce samedi au stade d&#039;Adzop\u00e9\" \/>\n<meta property=\"og:description\" content=\"L\u2019ancien pre\u0301sident ivoirien Laurent Gbagbo et sa compagne sont arrive\u0301s ce vendredi 9 de\u0301cembre 2022 soir dans la re\u0301gi ...\" \/>\n<meta property=\"og:url\" content=\"https:\/\/www.africa-press.net\/cotedivoire\/politique\/gbagbo-et-sa-compagne-nady-bamba-accueillis-en-liesse-a-yakasse-me-lex-president-decide-de-ne-pas-prononcer-de-discours-avant-ce-samedi-au-stade-dadzope\" \/>\n<meta property=\"og:site_name\" content=\"C\u00f4te d&#039;Ivoire\" \/>\n<meta property=\"article:published_time\" content=\"2022-12-10T14:54:10+00:00\" \/>\n<meta property=\"article:modified_time\" content=\"2022-12-10T15:26:59+00:00\" \/>\n<meta property=\"og:image\" content=\"https:\/\/static.africa-press.net\/cote\/sites\/43\/2022\/12\/postQueueImg_1670671536.92.jpg\" \/>\n\t<meta property=\"og:image:width\" content=\"1000\" \/>\n\t<meta property=\"og:image:height\" content=\"594\" \/>\n\t<meta property=\"og:image:type\" content=\"image\/jpeg\" \/>\n<meta name=\"author\" content=\"cfeditorfr\" \/>\n<meta name=\"twitter:card\" content=\"summary_large_image\" \/>\n<meta name=\"twitter:label1\" content=\"\u00c9crit par\" \/>\n\t<meta name=\"twitter:data1\" content=\"cfeditorfr\" \/>\n\t<meta name=\"twitter:label2\" content=\"Dur\u00e9e de lecture estim\u00e9e\" \/>\n\t<meta name=\"twitter:data2\" content=\"1 minute\" \/>\n<script type=\"application\/ld+json\" class=\"yoast-schema-graph\">{\"@context\":\"https:\/\/schema.org\",\"@graph\":[{\"@type\":\"Article\",\"@id\":\"https:\/\/www.africa-press.net\/cotedivoire\/politique\/gbagbo-et-sa-compagne-nady-bamba-accueillis-en-liesse-a-yakasse-me-lex-president-decide-de-ne-pas-prononcer-de-discours-avant-ce-samedi-au-stade-dadzope#article\",\"isPartOf\":{\"@id\":\"https:\/\/www.africa-press.net\/cotedivoire\/politique\/gbagbo-et-sa-compagne-nady-bamba-accueillis-en-liesse-a-yakasse-me-lex-president-decide-de-ne-pas-prononcer-de-discours-avant-ce-samedi-au-stade-dadzope\"},\"author\":{\"name\":\"cfeditorfr\",\"@id\":\"https:\/\/www.africa-press.net\/cotedivoire\/#\/schema\/person\/2b1cf3cd81a31e3cd26889ca66d677f1\"},\"headline\":\"Gbagbo et sa compagne Nady Bamba, accueillis en liesse \u00e0 Yakass\u00e9 M\u00e9, l&rsquo;ex-pr\u00e9sident d\u00e9cide de ne pas prononcer de discours avant ce samedi au stade d&rsquo;Adzop\u00e9\",\"datePublished\":\"2022-12-10T14:54:10+00:00\",\"dateModified\":\"2022-12-10T15:26:59+00:00\",\"mainEntityOfPage\":{\"@id\":\"https:\/\/www.africa-press.net\/cotedivoire\/politique\/gbagbo-et-sa-compagne-nady-bamba-accueillis-en-liesse-a-yakasse-me-lex-president-decide-de-ne-pas-prononcer-de-discours-avant-ce-samedi-au-stade-dadzope\"},\"wordCount\":229,\"commentCount\":0,\"image\":{\"@id\":\"https:\/\/www.africa-press.net\/cotedivoire\/politique\/gbagbo-et-sa-compagne-nady-bamba-accueillis-en-liesse-a-yakasse-me-lex-president-decide-de-ne-pas-prononcer-de-discours-avant-ce-samedi-au-stade-dadzope#primaryimage\"},\"thumbnailUrl\":\"https:\/\/static.africa-press.net\/cote\/sites\/43\/2022\/12\/postQueueImg_1670671536.92.jpg\",\"keywords\":[\"Adzop\u00e9\",\"Africa Press\",\"Africa Press-C\u00f4te d'Ivoire\",\"Aky\u00e9\",\"Alassane Ouattara\",\"C\u00d4TE D'IVOIRE\",\"Cpi\",\"Gbagbo\",\"M\u00e9\",\"Yakass\u00e9-M\u00e9\"],\"articleSection\":[\"Politique\",\"Toutes les actualit\u00e9s\"],\"inLanguage\":\"fr-FR\",\"potentialAction\":[{\"@type\":\"CommentAction\",\"name\":\"Comment\",\"target\":[\"https:\/\/www.africa-press.net\/cotedivoire\/politique\/gbagbo-et-sa-compagne-nady-bamba-accueillis-en-liesse-a-yakasse-me-lex-president-decide-de-ne-pas-prononcer-de-discours-avant-ce-samedi-au-stade-dadzope#respond\"]}]},{\"@type\":\"WebPage\",\"@id\":\"https:\/\/www.africa-press.net\/cotedivoire\/politique\/gbagbo-et-sa-compagne-nady-bamba-accueillis-en-liesse-a-yakasse-me-lex-president-decide-de-ne-pas-prononcer-de-discours-avant-ce-samedi-au-stade-dadzope\",\"url\":\"https:\/\/www.africa-press.net\/cotedivoire\/politique\/gbagbo-et-sa-compagne-nady-bamba-accueillis-en-liesse-a-yakasse-me-lex-president-decide-de-ne-pas-prononcer-de-discours-avant-ce-samedi-au-stade-dadzope\",\"name\":\"Gbagbo et sa compagne Nady Bamba, accueillis en liesse \u00e0 Yakass\u00e9 M\u00e9, l'ex-pr\u00e9sident d\u00e9cide de ne pas prononcer de discours avant ce samedi au stade d'Adzop\u00e9 - C\u00f4te d&#039;Ivoire\",\"isPartOf\":{\"@id\":\"https:\/\/www.africa-press.net\/cotedivoire\/#website\"},\"primaryImageOfPage\":{\"@id\":\"https:\/\/www.africa-press.net\/cotedivoire\/politique\/gbagbo-et-sa-compagne-nady-bamba-accueillis-en-liesse-a-yakasse-me-lex-president-decide-de-ne-pas-prononcer-de-discours-avant-ce-samedi-au-stade-dadzope#primaryimage\"},\"image\":{\"@id\":\"https:\/\/www.africa-press.net\/cotedivoire\/politique\/gbagbo-et-sa-compagne-nady-bamba-accueillis-en-liesse-a-yakasse-me-lex-president-decide-de-ne-pas-prononcer-de-discours-avant-ce-samedi-au-stade-dadzope#primaryimage\"},\"thumbnailUrl\":\"https:\/\/static.africa-press.net\/cote\/sites\/43\/2022\/12\/postQueueImg_1670671536.92.jpg\",\"datePublished\":\"2022-12-10T14:54:10+00:00\",\"dateModified\":\"2022-12-10T15:26:59+00:00\",\"author\":{\"@id\":\"https:\/\/www.africa-press.net\/cotedivoire\/#\/schema\/person\/2b1cf3cd81a31e3cd26889ca66d677f1\"},\"description\":\"L\u2019ancien pre\u0301sident ivoirien Laurent Gbagbo et sa compagne sont arrive\u0301s ce vendredi 9 de\u0301cembre 2022 soir dans la re\u0301gi ...\",\"breadcrumb\":{\"@id\":\"https:\/\/www.africa-press.net\/cotedivoire\/politique\/gbagbo-et-sa-compagne-nady-bamba-accueillis-en-liesse-a-yakasse-me-lex-president-decide-de-ne-pas-prononcer-de-discours-avant-ce-samedi-au-stade-dadzope#breadcrumb\"},\"inLanguage\":\"fr-FR\",\"potentialAction\":[{\"@type\":\"ReadAction\",\"target\":[\"https:\/\/www.africa-press.net\/cotedivoire\/politique\/gbagbo-et-sa-compagne-nady-bamba-accueillis-en-liesse-a-yakasse-me-lex-president-decide-de-ne-pas-prononcer-de-discours-avant-ce-samedi-au-stade-dadzope\"]}]},{\"@type\":\"ImageObject\",\"inLanguage\":\"fr-FR\",\"@id\":\"https:\/\/www.africa-press.net\/cotedivoire\/politique\/gbagbo-et-sa-compagne-nady-bamba-accueillis-en-liesse-a-yakasse-me-lex-president-decide-de-ne-pas-prononcer-de-discours-avant-ce-samedi-au-stade-dadzope#primaryimage\",\"url\":\"https:\/\/static.africa-press.net\/cote\/sites\/43\/2022\/12\/postQueueImg_1670671536.92.jpg\",\"contentUrl\":\"https:\/\/static.africa-press.net\/cote\/sites\/43\/2022\/12\/postQueueImg_1670671536.92.jpg\",\"width\":1000,\"height\":594,\"caption\":\"Gbagbo et sa compagne Nady Bamba, accueillis en liesse \u00e0 Yakass\u00e9 M\u00e9, l'ex-pr\u00e9sident d\u00e9cide de ne pas prononcer de discours avant ce samedi au stade d'Adzop\u00e9\"},{\"@type\":\"BreadcrumbList\",\"@id\":\"https:\/\/www.africa-press.net\/cotedivoire\/politique\/gbagbo-et-sa-compagne-nady-bamba-accueillis-en-liesse-a-yakasse-me-lex-president-decide-de-ne-pas-prononcer-de-discours-avant-ce-samedi-au-stade-dadzope#breadcrumb\",\"itemListElement\":[{\"@type\":\"ListItem\",\"position\":1,\"name\":\"Accueil\",\"item\":\"https:\/\/www.africa-press.net\/cotedivoire\/\"},{\"@type\":\"ListItem\",\"position\":2,\"name\":\"Gbagbo et sa compagne Nady Bamba, accueillis en liesse \u00e0 Yakass\u00e9 M\u00e9, l&#8217;ex-pr\u00e9sident d\u00e9cide de ne pas prononcer de discours avant ce samedi au stade d&#8217;Adzop\u00e9\"}]},{\"@type\":\"WebSite\",\"@id\":\"https:\/\/www.africa-press.net\/cotedivoire\/#website\",\"url\":\"https:\/\/www.africa-press.net\/cotedivoire\/\",\"name\":\"C\u00f4te d&#039;Ivoire\",\"description\":\"Just another Africa News Agency Sites site\",\"potentialAction\":[{\"@type\":\"SearchAction\",\"target\":{\"@type\":\"EntryPoint\",\"urlTemplate\":\"https:\/\/www.africa-press.net\/cotedivoire\/?s={search_term_string}\"},\"query-input\":{\"@type\":\"PropertyValueSpecification\",\"valueRequired\":true,\"valueName\":\"search_term_string\"}}],\"inLanguage\":\"fr-FR\"},{\"@type\":\"Person\",\"@id\":\"https:\/\/www.africa-press.net\/cotedivoire\/#\/schema\/person\/2b1cf3cd81a31e3cd26889ca66d677f1\",\"name\":\"cfeditorfr\"}]}<\/script>\n<!-- \/ Yoast SEO Premium plugin. -->","yoast_head_json":{"title":"Gbagbo et sa compagne Nady Bamba, accueillis en liesse \u00e0 Yakass\u00e9 M\u00e9, l'ex-pr\u00e9sident d\u00e9cide de ne pas prononcer de discours avant ce samedi au stade d'Adzop\u00e9 - C\u00f4te d&#039;Ivoire","description":"L\u2019ancien pre\u0301sident ivoirien Laurent Gbagbo et sa compagne sont arrive\u0301s ce vendredi 9 de\u0301cembre 2022 soir dans la re\u0301gi ...","robots":{"index":"index","follow":"follow","max-snippet":"max-snippet:-1","max-image-preview":"max-image-preview:large","max-video-preview":"max-video-preview:-1"},"canonical":"https:\/\/www.africa-press.net\/cotedivoire\/politique\/gbagbo-et-sa-compagne-nady-bamba-accueillis-en-liesse-a-yakasse-me-lex-president-decide-de-ne-pas-prononcer-de-discours-avant-ce-samedi-au-stade-dadzope","og_locale":"fr_FR","og_type":"article","og_title":"Gbagbo et sa compagne Nady Bamba, accueillis en liesse \u00e0 Yakass\u00e9 M\u00e9, l'ex-pr\u00e9sident d\u00e9cide de ne pas prononcer de discours avant ce samedi au stade d'Adzop\u00e9","og_description":"L\u2019ancien pre\u0301sident ivoirien Laurent Gbagbo et sa compagne sont arrive\u0301s ce vendredi 9 de\u0301cembre 2022 soir dans la re\u0301gi ...","og_url":"https:\/\/www.africa-press.net\/cotedivoire\/politique\/gbagbo-et-sa-compagne-nady-bamba-accueillis-en-liesse-a-yakasse-me-lex-president-decide-de-ne-pas-prononcer-de-discours-avant-ce-samedi-au-stade-dadzope","og_site_name":"C\u00f4te d&#039;Ivoire","article_published_time":"2022-12-10T14:54:10+00:00","article_modified_time":"2022-12-10T15:26:59+00:00","og_image":[{"width":1000,"height":594,"url":"https:\/\/static.africa-press.net\/cote\/sites\/43\/2022\/12\/postQueueImg_1670671536.92.jpg","type":"image\/jpeg"}],"author":"cfeditorfr","twitter_card":"summary_large_image","twitter_misc":{"\u00c9crit par":"cfeditorfr","Dur\u00e9e de lecture estim\u00e9e":"1 minute"},"schema":{"@context":"https:\/\/schema.org","@graph":[{"@type":"Article","@id":"https:\/\/www.africa-press.net\/cotedivoire\/politique\/gbagbo-et-sa-compagne-nady-bamba-accueillis-en-liesse-a-yakasse-me-lex-president-decide-de-ne-pas-prononcer-de-discours-avant-ce-samedi-au-stade-dadzope#article","isPartOf":{"@id":"https:\/\/www.africa-press.net\/cotedivoire\/politique\/gbagbo-et-sa-compagne-nady-bamba-accueillis-en-liesse-a-yakasse-me-lex-president-decide-de-ne-pas-prononcer-de-discours-avant-ce-samedi-au-stade-dadzope"},"author":{"name":"cfeditorfr","@id":"https:\/\/www.africa-press.net\/cotedivoire\/#\/schema\/person\/2b1cf3cd81a31e3cd26889ca66d677f1"},"headline":"Gbagbo et sa compagne Nady Bamba, accueillis en liesse \u00e0 Yakass\u00e9 M\u00e9, l&rsquo;ex-pr\u00e9sident d\u00e9cide de ne pas prononcer de discours avant ce samedi au stade d&rsquo;Adzop\u00e9","datePublished":"2022-12-10T14:54:10+00:00","dateModified":"2022-12-10T15:26:59+00:00","mainEntityOfPage":{"@id":"https:\/\/www.africa-press.net\/cotedivoire\/politique\/gbagbo-et-sa-compagne-nady-bamba-accueillis-en-liesse-a-yakasse-me-lex-president-decide-de-ne-pas-prononcer-de-discours-avant-ce-samedi-au-stade-dadzope"},"wordCount":229,"commentCount":0,"image":{"@id":"https:\/\/www.africa-press.net\/cotedivoire\/politique\/gbagbo-et-sa-compagne-nady-bamba-accueillis-en-liesse-a-yakasse-me-lex-president-decide-de-ne-pas-prononcer-de-discours-avant-ce-samedi-au-stade-dadzope#primaryimage"},"thumbnailUrl":"https:\/\/static.africa-press.net\/cote\/sites\/43\/2022\/12\/postQueueImg_1670671536.92.jpg","keywords":["Adzop\u00e9","Africa Press","Africa Press-C\u00f4te d'Ivoire","Aky\u00e9","Alassane Ouattara","C\u00d4TE D'IVOIRE","Cpi","Gbagbo","M\u00e9","Yakass\u00e9-M\u00e9"],"articleSection":["Politique","Toutes les actualit\u00e9s"],"inLanguage":"fr-FR","potentialAction":[{"@type":"CommentAction","name":"Comment","target":["https:\/\/www.africa-press.net\/cotedivoire\/politique\/gbagbo-et-sa-compagne-nady-bamba-accueillis-en-liesse-a-yakasse-me-lex-president-decide-de-ne-pas-prononcer-de-discours-avant-ce-samedi-au-stade-dadzope#respond"]}]},{"@type":"WebPage","@id":"https:\/\/www.africa-press.net\/cotedivoire\/politique\/gbagbo-et-sa-compagne-nady-bamba-accueillis-en-liesse-a-yakasse-me-lex-president-decide-de-ne-pas-prononcer-de-discours-avant-ce-samedi-au-stade-dadzope","url":"https:\/\/www.africa-press.net\/cotedivoire\/politique\/gbagbo-et-sa-compagne-nady-bamba-accueillis-en-liesse-a-yakasse-me-lex-president-decide-de-ne-pas-prononcer-de-discours-avant-ce-samedi-au-stade-dadzope","name":"Gbagbo et sa compagne Nady Bamba, accueillis en liesse \u00e0 Yakass\u00e9 M\u00e9, l'ex-pr\u00e9sident d\u00e9cide de ne pas prononcer de discours avant ce samedi au stade d'Adzop\u00e9 - C\u00f4te d&#039;Ivoire","isPartOf":{"@id":"https:\/\/www.africa-press.net\/cotedivoire\/#website"},"primaryImageOfPage":{"@id":"https:\/\/www.africa-press.net\/cotedivoire\/politique\/gbagbo-et-sa-compagne-nady-bamba-accueillis-en-liesse-a-yakasse-me-lex-president-decide-de-ne-pas-prononcer-de-discours-avant-ce-samedi-au-stade-dadzope#primaryimage"},"image":{"@id":"https:\/\/www.africa-press.net\/cotedivoire\/politique\/gbagbo-et-sa-compagne-nady-bamba-accueillis-en-liesse-a-yakasse-me-lex-president-decide-de-ne-pas-prononcer-de-discours-avant-ce-samedi-au-stade-dadzope#primaryimage"},"thumbnailUrl":"https:\/\/static.africa-press.net\/cote\/sites\/43\/2022\/12\/postQueueImg_1670671536.92.jpg","datePublished":"2022-12-10T14:54:10+00:00","dateModified":"2022-12-10T15:26:59+00:00","author":{"@id":"https:\/\/www.africa-press.net\/cotedivoire\/#\/schema\/person\/2b1cf3cd81a31e3cd26889ca66d677f1"},"description":"L\u2019ancien pre\u0301sident ivoirien Laurent Gbagbo et sa compagne sont arrive\u0301s ce vendredi 9 de\u0301cembre 2022 soir dans la re\u0301gi ...","breadcrumb":{"@id":"https:\/\/www.africa-press.net\/cotedivoire\/politique\/gbagbo-et-sa-compagne-nady-bamba-accueillis-en-liesse-a-yakasse-me-lex-president-decide-de-ne-pas-prononcer-de-discours-avant-ce-samedi-au-stade-dadzope#breadcrumb"},"inLanguage":"fr-FR","potentialAction":[{"@type":"ReadAction","target":["https:\/\/www.africa-press.net\/cotedivoire\/politique\/gbagbo-et-sa-compagne-nady-bamba-accueillis-en-liesse-a-yakasse-me-lex-president-decide-de-ne-pas-prononcer-de-discours-avant-ce-samedi-au-stade-dadzope"]}]},{"@type":"ImageObject","inLanguage":"fr-FR","@id":"https:\/\/www.africa-press.net\/cotedivoire\/politique\/gbagbo-et-sa-compagne-nady-bamba-accueillis-en-liesse-a-yakasse-me-lex-president-decide-de-ne-pas-prononcer-de-discours-avant-ce-samedi-au-stade-dadzope#primaryimage","url":"https:\/\/static.africa-press.net\/cote\/sites\/43\/2022\/12\/postQueueImg_1670671536.92.jpg","contentUrl":"https:\/\/static.africa-press.net\/cote\/sites\/43\/2022\/12\/postQueueImg_1670671536.92.jpg","width":1000,"height":594,"caption":"Gbagbo et sa compagne Nady Bamba, accueillis en liesse \u00e0 Yakass\u00e9 M\u00e9, l'ex-pr\u00e9sident d\u00e9cide de ne pas prononcer de discours avant ce samedi au stade d'Adzop\u00e9"},{"@type":"BreadcrumbList","@id":"https:\/\/www.africa-press.net\/cotedivoire\/politique\/gbagbo-et-sa-compagne-nady-bamba-accueillis-en-liesse-a-yakasse-me-lex-president-decide-de-ne-pas-prononcer-de-discours-avant-ce-samedi-au-stade-dadzope#breadcrumb","itemListElement":[{"@type":"ListItem","position":1,"name":"Accueil","item":"https:\/\/www.africa-press.net\/cotedivoire\/"},{"@type":"ListItem","position":2,"name":"Gbagbo et sa compagne Nady Bamba, accueillis en liesse \u00e0 Yakass\u00e9 M\u00e9, l&#8217;ex-pr\u00e9sident d\u00e9cide de ne pas prononcer de discours avant ce samedi au stade d&#8217;Adzop\u00e9"}]},{"@type":"WebSite","@id":"https:\/\/www.africa-press.net\/cotedivoire\/#website","url":"https:\/\/www.africa-press.net\/cotedivoire\/","name":"C\u00f4te d&#039;Ivoire","description":"Just another Africa News Agency Sites site","potentialAction":[{"@type":"SearchAction","target":{"@type":"EntryPoint","urlTemplate":"https:\/\/www.africa-press.net\/cotedivoire\/?s={search_term_string}"},"query-input":{"@type":"PropertyValueSpecification","valueRequired":true,"valueName":"search_term_string"}}],"inLanguage":"fr-FR"},{"@type":"Person","@id":"https:\/\/www.africa-press.net\/cotedivoire\/#\/schema\/person\/2b1cf3cd81a31e3cd26889ca66d677f1","name":"cfeditorfr"}]}},"_links":{"self":[{"href":"https:\/\/www.africa-press.net\/cotedivoire\/wp-json\/wp\/v2\/posts\/49630","targetHints":{"allow":["GET"]}}],"collection":[{"href":"https:\/\/www.africa-press.net\/cotedivoire\/wp-json\/wp\/v2\/posts"}],"about":[{"href":"https:\/\/www.africa-press.net\/cotedivoire\/wp-json\/wp\/v2\/types\/post"}],"author":[{"embeddable":true,"href":"https:\/\/www.africa-press.net\/cotedivoire\/wp-json\/wp\/v2\/users\/82"}],"replies":[{"embeddable":true,"href":"https:\/\/www.africa-press.net\/cotedivoire\/wp-json\/wp\/v2\/comments?post=49630"}],"version-history":[{"count":0,"href":"https:\/\/www.africa-press.net\/cotedivoire\/wp-json\/wp\/v2\/posts\/49630\/revisions"}],"wp:featuredmedia":[{"embeddable":true,"href":"https:\/\/www.africa-press.net\/cotedivoire\/wp-json\/wp\/v2\/media\/49629"}],"wp:attachment":[{"href":"https:\/\/www.africa-press.net\/cotedivoire\/wp-json\/wp\/v2\/media?parent=49630"}],"wp:term":[{"taxonomy":"category","embeddable":true,"href":"https:\/\/www.africa-press.net\/cotedivoire\/wp-json\/wp\/v2\/categories?post=49630"},{"taxonomy":"post_tag","embeddable":true,"href":"https:\/\/www.africa-press.net\/cotedivoire\/wp-json\/wp\/v2\/tags?post=49630"}],"curies":[{"name":"wp","href":"https:\/\/api.w.org\/{rel}","templated":true}]}}