{"id":49736,"date":"2022-12-12T18:44:31","date_gmt":"2022-12-12T18:44:31","guid":{"rendered":"https:\/\/www.africa-press.net\/cotedivoire\/politique\/bouake-les-premieres-journees-scientifiques-du-coeur-du-rein-et-du-cerveau-organisees-a-linfas"},"modified":"2022-12-12T18:58:13","modified_gmt":"2022-12-12T18:58:13","slug":"bouake-les-premieres-journees-scientifiques-du-coeur-du-rein-et-du-cerveau-organisees-a-linfas","status":"publish","type":"post","link":"https:\/\/www.africa-press.net\/cotedivoire\/toutes-les-actualites\/bouake-les-premieres-journees-scientifiques-du-coeur-du-rein-et-du-cerveau-organisees-a-linfas","title":{"rendered":"Bouak\u00e9, les premi\u00e8res journ\u00e9es scientifiques du Coeur, du Rein et du Cerveau organis\u00e9es \u00e0 l&rsquo;INFAS"},"content":{"rendered":"<p><span style=\"color: #ff6600\"><strong>Africa-Press &#8211; C\u00f4te d&rsquo;Ivoire. <\/strong><\/span>Les 8 et 9 de\u0301cembre 2022, l&rsquo;Institut National de Formation des Agents de Sante\u0301 (INFAS) de Bouake\u0301, a abrite\u0301 les premie\u0300res journe\u0301es du C\u0153ur, du Rein et du Cerveau, pendant lesquelles journe\u0301es, les trois services du CHU de Bouake\u0301 notamment le service de Cardiologie, de Ne\u0301phrologie et de Neurologie e\u0301taient re\u0301unies et ont e\u0301change\u0301 sur le the\u0300me \u00ab\u00a0Prote\u0301geons les Organes Nobles\u00a0\u00bb.<\/p>\n<p>\u00ab Les maladies cardiovasculaires sont tre\u0300s souvent associe\u0301es aux maladies neurologiques notamment les Accidents Vasculaires Ce\u0301re\u0301braux (AVC) et aux maladies re\u0301nales notamment les insuffisances re\u0301nales. Les trois services du CHU de Bouake\u0301 c&rsquo;est-a\u0300-dire le service de cardiologie, le service de Ne\u0301phrologie et le service de neurologie, ont juge\u0301 bon de se re\u0301unir pour pouvoir partager leur expe\u0301rience sur la prise en charge des malades communs que nous avons. Ame\u0301liorer la coordination de nos soins envers les malades et renforcer les capacite\u0301s de nos colle\u0300gues qui sont dans ce service&#8230;\u00bb a explique\u0301 le Professeur Anicet Adoubi, pre\u0301sident du comite\u0301 d&rsquo;organisation de cet e\u0301ve\u0301nement et chef de service de cardiologie.<\/p>\n<p>Il a ajoute\u0301 que \u00ab ces trois organes sont qualifie\u0301s d&rsquo;organes nobles car, vitaux pour l&rsquo;organisme. Si vous perdez le C\u0153ur, vous ne vivez plus. Si vous perdez le Rein, vous ne vivez plus. Si vous perdez le Cerveau, vous ne vivez plus. Alors que si vous perdez la rate vous vivez, donc ce sont des organes qui sont ve\u0301ritablement vitaux pour l&rsquo;organisme.\u00bb<\/p>\n<p>Le professeur Tia Me\u0301lanie, cheffe de service de la ne\u0301phrologie au CHU de Bouake\u0301, a interpelle\u0301 le pouvoir public sur la prise en charge de l&rsquo;insuffisance re\u0301nale. \u00ab L&rsquo;insuffisance re\u0301nale c&rsquo;est 850 millions de personnes dans le monde entier qui sont touche\u0301es, environ 10% de la population mondiale qui est de 8 milliards. Il importe d&rsquo;interpeller les pouvoirs publics de sorte a\u0300 ce que la prise en charge soit effective. C&rsquo;est vrai que s&rsquo;est une maladie qui se caracte\u0301rise par trois adjectifs ; c&rsquo;est une maladie fre\u0301quente, c&rsquo;est une maladie grave et c&rsquo;est une maladie mortelle. Le cas de Bouake\u0301 ou\u0300 nous avons seulement 10 machines de dialyse pour les adultes et 2 machines pour les enfants, pour une population estime\u0301e a\u0300 environ 1 200 000 personnes, c&rsquo;est insuffisant. Aujourd&rsquo;hui, il importe de mettre un accent sur la pre\u0301vention de l&rsquo;insuffisance re\u0301nale chronique&#8230;\u00bb a-t-elle de\u0301clare\u0301.<\/p>\n<p>Pour le Professeur Kouame\u0301 Assouan neurologue au CHU de Bouake\u0301 et pre\u0301sident du comite\u0301 scientifique de ce congre\u0300s, c&rsquo;est un bilan positif pour ces journe\u0301es. \u00ab On estime le bilan tre\u0300s positif. Je rappelle que l&rsquo;un des objectifs de ces journe\u0301es, e\u0301tait de parler des organes nobles qui sont le C\u0153ur, le Cerveau et le Rein donc des pathologies qui touchent en me\u0302me temps ces trois organes et dont des complications qui peuvent se produire. Il s&rsquo;agit de complications cardiovasculaires, les maladies qui touchent le c\u0153ur, le rein et le cerveau. Nous avons passe\u0301 en revue ces complications, leur diagnostic, la manie\u0300re de les prendre en charge. Par la suite, nous avons e\u0301tabli des pistes d&rsquo;ame\u0301lioration de la prise en charge des patients et de la collaboration&#8230; \u00bb a fait savoir le neurologue. Pendant cette activite\u0301 a\u0300 travers diffe\u0301rentes interventions, les participants ont e\u0301te\u0301 e\u0301claire\u0301s sur certains points.<\/p>\n<p><strong>Pour plus d&rsquo;informations et d&rsquo;analyses sur la <a href=\"https:\/\/www.africa-press.net\/cotedivoire\">C\u00f4te d&rsquo;Ivoire<\/a>, suivez <a href=\"https:\/\/www.africa-press.net\/\">Africa-Press<\/a><\/strong><\/p>\n","protected":false},"excerpt":{"rendered":"<p>Africa-Press &#8211; C\u00f4te d&rsquo;Ivoire. Les 8 et 9 de\u0301cembre 2022, l&rsquo;Institut National de Formation des Agents de Sante\u0301 (INFAS) de Bouake\u0301, a abrite\u0301 les premie\u0300res journe\u0301es du C\u0153ur, du Rein et du Cerveau, pendant lesquelles journe\u0301es, les trois services du CHU de Bouake\u0301 notamment le service de Cardiologie, de Ne\u0301phrologie et de Neurologie e\u0301taient re\u0301unies [&hellip;]<\/p>\n","protected":false},"author":82,"featured_media":49734,"comment_status":"open","ping_status":"closed","sticky":false,"template":"","format":"standard","meta":{"footnotes":""},"categories":[21,10],"tags":[56,63,8379,366,8263,8378,29,1042,8382,8380,8381],"class_list":["post-49736","post","type-post","status-publish","format-standard","has-post-thumbnail","hentry","category-communaute","category-toutes-les-actualites","tag-africa-press","tag-africa-press-cote-divoire","tag-anicet-adoubi","tag-bouake","tag-cardiovasculaires","tag-coeur-cerveau","tag-cote-divoire","tag-infas","tag-kouame-assouan","tag-rein","tag-tia-melanie"],"yoast_head":"<!-- This site is optimized with the Yoast SEO Premium plugin v26.1 (Yoast SEO v27.0) - https:\/\/yoast.com\/product\/yoast-seo-premium-wordpress\/ -->\n<title>Bouak\u00e9, les premi\u00e8res journ\u00e9es scientifiques du Coeur, du Rein et du Cerveau organis\u00e9es \u00e0 l&#039;INFAS - C\u00f4te d&#039;Ivoire<\/title>\n<meta name=\"description\" content=\"Les 8 et 9 de\u0301cembre 2022, l&#039;Institut National de Formation des Agents de Sante\u0301 (INFAS) de Bouake\u0301, a abrite\u0301 les premi ...\" \/>\n<meta name=\"robots\" content=\"index, follow, max-snippet:-1, max-image-preview:large, max-video-preview:-1\" \/>\n<link rel=\"canonical\" href=\"https:\/\/www.africa-press.net\/cotedivoire\/toutes-les-actualites\/bouake-les-premieres-journees-scientifiques-du-coeur-du-rein-et-du-cerveau-organisees-a-linfas\" \/>\n<meta property=\"og:locale\" content=\"fr_FR\" \/>\n<meta property=\"og:type\" content=\"article\" \/>\n<meta property=\"og:title\" content=\"Bouak\u00e9, les premi\u00e8res journ\u00e9es scientifiques du Coeur, du Rein et du Cerveau organis\u00e9es \u00e0 l&#039;INFAS\" \/>\n<meta property=\"og:description\" content=\"Les 8 et 9 de\u0301cembre 2022, l&#039;Institut National de Formation des Agents de Sante\u0301 (INFAS) de Bouake\u0301, a abrite\u0301 les premi ...\" \/>\n<meta property=\"og:url\" content=\"https:\/\/www.africa-press.net\/cotedivoire\/toutes-les-actualites\/bouake-les-premieres-journees-scientifiques-du-coeur-du-rein-et-du-cerveau-organisees-a-linfas\" \/>\n<meta property=\"og:site_name\" content=\"C\u00f4te d&#039;Ivoire\" \/>\n<meta property=\"article:published_time\" content=\"2022-12-12T18:44:31+00:00\" \/>\n<meta property=\"article:modified_time\" content=\"2022-12-12T18:58:13+00:00\" \/>\n<meta property=\"og:image\" content=\"https:\/\/static.africa-press.net\/cote\/sites\/43\/2022\/12\/postQueueImg_1670858079.67.jpg\" \/>\n\t<meta property=\"og:image:width\" content=\"720\" \/>\n\t<meta property=\"og:image:height\" content=\"324\" \/>\n\t<meta property=\"og:image:type\" content=\"image\/jpeg\" \/>\n<meta name=\"author\" content=\"cfeditorfr\" \/>\n<meta name=\"twitter:card\" content=\"summary_large_image\" \/>\n<meta name=\"twitter:label1\" content=\"\u00c9crit par\" \/>\n\t<meta name=\"twitter:data1\" content=\"cfeditorfr\" \/>\n\t<meta name=\"twitter:label2\" content=\"Dur\u00e9e de lecture estim\u00e9e\" \/>\n\t<meta name=\"twitter:data2\" content=\"3 minutes\" \/>\n<script type=\"application\/ld+json\" class=\"yoast-schema-graph\">{\"@context\":\"https:\/\/schema.org\",\"@graph\":[{\"@type\":\"Article\",\"@id\":\"https:\/\/www.africa-press.net\/cotedivoire\/toutes-les-actualites\/bouake-les-premieres-journees-scientifiques-du-coeur-du-rein-et-du-cerveau-organisees-a-linfas#article\",\"isPartOf\":{\"@id\":\"https:\/\/www.africa-press.net\/cotedivoire\/toutes-les-actualites\/bouake-les-premieres-journees-scientifiques-du-coeur-du-rein-et-du-cerveau-organisees-a-linfas\"},\"author\":{\"name\":\"cfeditorfr\",\"@id\":\"https:\/\/www.africa-press.net\/cotedivoire\/#\/schema\/person\/2b1cf3cd81a31e3cd26889ca66d677f1\"},\"headline\":\"Bouak\u00e9, les premi\u00e8res journ\u00e9es scientifiques du Coeur, du Rein et du Cerveau organis\u00e9es \u00e0 l&rsquo;INFAS\",\"datePublished\":\"2022-12-12T18:44:31+00:00\",\"dateModified\":\"2022-12-12T18:58:13+00:00\",\"mainEntityOfPage\":{\"@id\":\"https:\/\/www.africa-press.net\/cotedivoire\/toutes-les-actualites\/bouake-les-premieres-journees-scientifiques-du-coeur-du-rein-et-du-cerveau-organisees-a-linfas\"},\"wordCount\":626,\"commentCount\":0,\"image\":{\"@id\":\"https:\/\/www.africa-press.net\/cotedivoire\/toutes-les-actualites\/bouake-les-premieres-journees-scientifiques-du-coeur-du-rein-et-du-cerveau-organisees-a-linfas#primaryimage\"},\"thumbnailUrl\":\"https:\/\/static.africa-press.net\/cote\/sites\/43\/2022\/12\/postQueueImg_1670858079.67.jpg\",\"keywords\":[\"Africa Press\",\"Africa Press-C\u00f4te d'Ivoire\",\"Anicet Adoubi\",\"Bouak\u00e9\",\"Cardiovasculaires\",\"C\u0153ur Cerveau\",\"C\u00d4TE D'IVOIRE\",\"INFAS\",\"Kouam\u00e9 Assouan\",\"Rein\",\"Tia M\u00e9lanie\"],\"articleSection\":[\"Communaut\u00e9\",\"Toutes les actualit\u00e9s\"],\"inLanguage\":\"fr-FR\",\"potentialAction\":[{\"@type\":\"CommentAction\",\"name\":\"Comment\",\"target\":[\"https:\/\/www.africa-press.net\/cotedivoire\/toutes-les-actualites\/bouake-les-premieres-journees-scientifiques-du-coeur-du-rein-et-du-cerveau-organisees-a-linfas#respond\"]}]},{\"@type\":\"WebPage\",\"@id\":\"https:\/\/www.africa-press.net\/cotedivoire\/toutes-les-actualites\/bouake-les-premieres-journees-scientifiques-du-coeur-du-rein-et-du-cerveau-organisees-a-linfas\",\"url\":\"https:\/\/www.africa-press.net\/cotedivoire\/toutes-les-actualites\/bouake-les-premieres-journees-scientifiques-du-coeur-du-rein-et-du-cerveau-organisees-a-linfas\",\"name\":\"Bouak\u00e9, les premi\u00e8res journ\u00e9es scientifiques du Coeur, du Rein et du Cerveau organis\u00e9es \u00e0 l'INFAS - C\u00f4te d&#039;Ivoire\",\"isPartOf\":{\"@id\":\"https:\/\/www.africa-press.net\/cotedivoire\/#website\"},\"primaryImageOfPage\":{\"@id\":\"https:\/\/www.africa-press.net\/cotedivoire\/toutes-les-actualites\/bouake-les-premieres-journees-scientifiques-du-coeur-du-rein-et-du-cerveau-organisees-a-linfas#primaryimage\"},\"image\":{\"@id\":\"https:\/\/www.africa-press.net\/cotedivoire\/toutes-les-actualites\/bouake-les-premieres-journees-scientifiques-du-coeur-du-rein-et-du-cerveau-organisees-a-linfas#primaryimage\"},\"thumbnailUrl\":\"https:\/\/static.africa-press.net\/cote\/sites\/43\/2022\/12\/postQueueImg_1670858079.67.jpg\",\"datePublished\":\"2022-12-12T18:44:31+00:00\",\"dateModified\":\"2022-12-12T18:58:13+00:00\",\"author\":{\"@id\":\"https:\/\/www.africa-press.net\/cotedivoire\/#\/schema\/person\/2b1cf3cd81a31e3cd26889ca66d677f1\"},\"description\":\"Les 8 et 9 de\u0301cembre 2022, l'Institut National de Formation des Agents de Sante\u0301 (INFAS) de Bouake\u0301, a abrite\u0301 les premi ...\",\"breadcrumb\":{\"@id\":\"https:\/\/www.africa-press.net\/cotedivoire\/toutes-les-actualites\/bouake-les-premieres-journees-scientifiques-du-coeur-du-rein-et-du-cerveau-organisees-a-linfas#breadcrumb\"},\"inLanguage\":\"fr-FR\",\"potentialAction\":[{\"@type\":\"ReadAction\",\"target\":[\"https:\/\/www.africa-press.net\/cotedivoire\/toutes-les-actualites\/bouake-les-premieres-journees-scientifiques-du-coeur-du-rein-et-du-cerveau-organisees-a-linfas\"]}]},{\"@type\":\"ImageObject\",\"inLanguage\":\"fr-FR\",\"@id\":\"https:\/\/www.africa-press.net\/cotedivoire\/toutes-les-actualites\/bouake-les-premieres-journees-scientifiques-du-coeur-du-rein-et-du-cerveau-organisees-a-linfas#primaryimage\",\"url\":\"https:\/\/static.africa-press.net\/cote\/sites\/43\/2022\/12\/postQueueImg_1670858079.67.jpg\",\"contentUrl\":\"https:\/\/static.africa-press.net\/cote\/sites\/43\/2022\/12\/postQueueImg_1670858079.67.jpg\",\"width\":720,\"height\":324,\"caption\":\"Bouak\u00e9, les premi\u00e8res journ\u00e9es scientifiques du Coeur, du Rein et du Cerveau organis\u00e9es \u00e0 l'INFAS\"},{\"@type\":\"BreadcrumbList\",\"@id\":\"https:\/\/www.africa-press.net\/cotedivoire\/toutes-les-actualites\/bouake-les-premieres-journees-scientifiques-du-coeur-du-rein-et-du-cerveau-organisees-a-linfas#breadcrumb\",\"itemListElement\":[{\"@type\":\"ListItem\",\"position\":1,\"name\":\"Accueil\",\"item\":\"https:\/\/www.africa-press.net\/cotedivoire\/\"},{\"@type\":\"ListItem\",\"position\":2,\"name\":\"Bouak\u00e9, les premi\u00e8res journ\u00e9es scientifiques du Coeur, du Rein et du Cerveau organis\u00e9es \u00e0 l&#8217;INFAS\"}]},{\"@type\":\"WebSite\",\"@id\":\"https:\/\/www.africa-press.net\/cotedivoire\/#website\",\"url\":\"https:\/\/www.africa-press.net\/cotedivoire\/\",\"name\":\"C\u00f4te d&#039;Ivoire\",\"description\":\"Just another Africa News Agency Sites site\",\"potentialAction\":[{\"@type\":\"SearchAction\",\"target\":{\"@type\":\"EntryPoint\",\"urlTemplate\":\"https:\/\/www.africa-press.net\/cotedivoire\/?s={search_term_string}\"},\"query-input\":{\"@type\":\"PropertyValueSpecification\",\"valueRequired\":true,\"valueName\":\"search_term_string\"}}],\"inLanguage\":\"fr-FR\"},{\"@type\":\"Person\",\"@id\":\"https:\/\/www.africa-press.net\/cotedivoire\/#\/schema\/person\/2b1cf3cd81a31e3cd26889ca66d677f1\",\"name\":\"cfeditorfr\"}]}<\/script>\n<!-- \/ Yoast SEO Premium plugin. -->","yoast_head_json":{"title":"Bouak\u00e9, les premi\u00e8res journ\u00e9es scientifiques du Coeur, du Rein et du Cerveau organis\u00e9es \u00e0 l'INFAS - C\u00f4te d&#039;Ivoire","description":"Les 8 et 9 de\u0301cembre 2022, l'Institut National de Formation des Agents de Sante\u0301 (INFAS) de Bouake\u0301, a abrite\u0301 les premi ...","robots":{"index":"index","follow":"follow","max-snippet":"max-snippet:-1","max-image-preview":"max-image-preview:large","max-video-preview":"max-video-preview:-1"},"canonical":"https:\/\/www.africa-press.net\/cotedivoire\/toutes-les-actualites\/bouake-les-premieres-journees-scientifiques-du-coeur-du-rein-et-du-cerveau-organisees-a-linfas","og_locale":"fr_FR","og_type":"article","og_title":"Bouak\u00e9, les premi\u00e8res journ\u00e9es scientifiques du Coeur, du Rein et du Cerveau organis\u00e9es \u00e0 l'INFAS","og_description":"Les 8 et 9 de\u0301cembre 2022, l'Institut National de Formation des Agents de Sante\u0301 (INFAS) de Bouake\u0301, a abrite\u0301 les premi ...","og_url":"https:\/\/www.africa-press.net\/cotedivoire\/toutes-les-actualites\/bouake-les-premieres-journees-scientifiques-du-coeur-du-rein-et-du-cerveau-organisees-a-linfas","og_site_name":"C\u00f4te d&#039;Ivoire","article_published_time":"2022-12-12T18:44:31+00:00","article_modified_time":"2022-12-12T18:58:13+00:00","og_image":[{"width":720,"height":324,"url":"https:\/\/static.africa-press.net\/cote\/sites\/43\/2022\/12\/postQueueImg_1670858079.67.jpg","type":"image\/jpeg"}],"author":"cfeditorfr","twitter_card":"summary_large_image","twitter_misc":{"\u00c9crit par":"cfeditorfr","Dur\u00e9e de lecture estim\u00e9e":"3 minutes"},"schema":{"@context":"https:\/\/schema.org","@graph":[{"@type":"Article","@id":"https:\/\/www.africa-press.net\/cotedivoire\/toutes-les-actualites\/bouake-les-premieres-journees-scientifiques-du-coeur-du-rein-et-du-cerveau-organisees-a-linfas#article","isPartOf":{"@id":"https:\/\/www.africa-press.net\/cotedivoire\/toutes-les-actualites\/bouake-les-premieres-journees-scientifiques-du-coeur-du-rein-et-du-cerveau-organisees-a-linfas"},"author":{"name":"cfeditorfr","@id":"https:\/\/www.africa-press.net\/cotedivoire\/#\/schema\/person\/2b1cf3cd81a31e3cd26889ca66d677f1"},"headline":"Bouak\u00e9, les premi\u00e8res journ\u00e9es scientifiques du Coeur, du Rein et du Cerveau organis\u00e9es \u00e0 l&rsquo;INFAS","datePublished":"2022-12-12T18:44:31+00:00","dateModified":"2022-12-12T18:58:13+00:00","mainEntityOfPage":{"@id":"https:\/\/www.africa-press.net\/cotedivoire\/toutes-les-actualites\/bouake-les-premieres-journees-scientifiques-du-coeur-du-rein-et-du-cerveau-organisees-a-linfas"},"wordCount":626,"commentCount":0,"image":{"@id":"https:\/\/www.africa-press.net\/cotedivoire\/toutes-les-actualites\/bouake-les-premieres-journees-scientifiques-du-coeur-du-rein-et-du-cerveau-organisees-a-linfas#primaryimage"},"thumbnailUrl":"https:\/\/static.africa-press.net\/cote\/sites\/43\/2022\/12\/postQueueImg_1670858079.67.jpg","keywords":["Africa Press","Africa Press-C\u00f4te d'Ivoire","Anicet Adoubi","Bouak\u00e9","Cardiovasculaires","C\u0153ur Cerveau","C\u00d4TE D'IVOIRE","INFAS","Kouam\u00e9 Assouan","Rein","Tia M\u00e9lanie"],"articleSection":["Communaut\u00e9","Toutes les actualit\u00e9s"],"inLanguage":"fr-FR","potentialAction":[{"@type":"CommentAction","name":"Comment","target":["https:\/\/www.africa-press.net\/cotedivoire\/toutes-les-actualites\/bouake-les-premieres-journees-scientifiques-du-coeur-du-rein-et-du-cerveau-organisees-a-linfas#respond"]}]},{"@type":"WebPage","@id":"https:\/\/www.africa-press.net\/cotedivoire\/toutes-les-actualites\/bouake-les-premieres-journees-scientifiques-du-coeur-du-rein-et-du-cerveau-organisees-a-linfas","url":"https:\/\/www.africa-press.net\/cotedivoire\/toutes-les-actualites\/bouake-les-premieres-journees-scientifiques-du-coeur-du-rein-et-du-cerveau-organisees-a-linfas","name":"Bouak\u00e9, les premi\u00e8res journ\u00e9es scientifiques du Coeur, du Rein et du Cerveau organis\u00e9es \u00e0 l'INFAS - C\u00f4te d&#039;Ivoire","isPartOf":{"@id":"https:\/\/www.africa-press.net\/cotedivoire\/#website"},"primaryImageOfPage":{"@id":"https:\/\/www.africa-press.net\/cotedivoire\/toutes-les-actualites\/bouake-les-premieres-journees-scientifiques-du-coeur-du-rein-et-du-cerveau-organisees-a-linfas#primaryimage"},"image":{"@id":"https:\/\/www.africa-press.net\/cotedivoire\/toutes-les-actualites\/bouake-les-premieres-journees-scientifiques-du-coeur-du-rein-et-du-cerveau-organisees-a-linfas#primaryimage"},"thumbnailUrl":"https:\/\/static.africa-press.net\/cote\/sites\/43\/2022\/12\/postQueueImg_1670858079.67.jpg","datePublished":"2022-12-12T18:44:31+00:00","dateModified":"2022-12-12T18:58:13+00:00","author":{"@id":"https:\/\/www.africa-press.net\/cotedivoire\/#\/schema\/person\/2b1cf3cd81a31e3cd26889ca66d677f1"},"description":"Les 8 et 9 de\u0301cembre 2022, l'Institut National de Formation des Agents de Sante\u0301 (INFAS) de Bouake\u0301, a abrite\u0301 les premi ...","breadcrumb":{"@id":"https:\/\/www.africa-press.net\/cotedivoire\/toutes-les-actualites\/bouake-les-premieres-journees-scientifiques-du-coeur-du-rein-et-du-cerveau-organisees-a-linfas#breadcrumb"},"inLanguage":"fr-FR","potentialAction":[{"@type":"ReadAction","target":["https:\/\/www.africa-press.net\/cotedivoire\/toutes-les-actualites\/bouake-les-premieres-journees-scientifiques-du-coeur-du-rein-et-du-cerveau-organisees-a-linfas"]}]},{"@type":"ImageObject","inLanguage":"fr-FR","@id":"https:\/\/www.africa-press.net\/cotedivoire\/toutes-les-actualites\/bouake-les-premieres-journees-scientifiques-du-coeur-du-rein-et-du-cerveau-organisees-a-linfas#primaryimage","url":"https:\/\/static.africa-press.net\/cote\/sites\/43\/2022\/12\/postQueueImg_1670858079.67.jpg","contentUrl":"https:\/\/static.africa-press.net\/cote\/sites\/43\/2022\/12\/postQueueImg_1670858079.67.jpg","width":720,"height":324,"caption":"Bouak\u00e9, les premi\u00e8res journ\u00e9es scientifiques du Coeur, du Rein et du Cerveau organis\u00e9es \u00e0 l'INFAS"},{"@type":"BreadcrumbList","@id":"https:\/\/www.africa-press.net\/cotedivoire\/toutes-les-actualites\/bouake-les-premieres-journees-scientifiques-du-coeur-du-rein-et-du-cerveau-organisees-a-linfas#breadcrumb","itemListElement":[{"@type":"ListItem","position":1,"name":"Accueil","item":"https:\/\/www.africa-press.net\/cotedivoire\/"},{"@type":"ListItem","position":2,"name":"Bouak\u00e9, les premi\u00e8res journ\u00e9es scientifiques du Coeur, du Rein et du Cerveau organis\u00e9es \u00e0 l&#8217;INFAS"}]},{"@type":"WebSite","@id":"https:\/\/www.africa-press.net\/cotedivoire\/#website","url":"https:\/\/www.africa-press.net\/cotedivoire\/","name":"C\u00f4te d&#039;Ivoire","description":"Just another Africa News Agency Sites site","potentialAction":[{"@type":"SearchAction","target":{"@type":"EntryPoint","urlTemplate":"https:\/\/www.africa-press.net\/cotedivoire\/?s={search_term_string}"},"query-input":{"@type":"PropertyValueSpecification","valueRequired":true,"valueName":"search_term_string"}}],"inLanguage":"fr-FR"},{"@type":"Person","@id":"https:\/\/www.africa-press.net\/cotedivoire\/#\/schema\/person\/2b1cf3cd81a31e3cd26889ca66d677f1","name":"cfeditorfr"}]}},"_links":{"self":[{"href":"https:\/\/www.africa-press.net\/cotedivoire\/wp-json\/wp\/v2\/posts\/49736","targetHints":{"allow":["GET"]}}],"collection":[{"href":"https:\/\/www.africa-press.net\/cotedivoire\/wp-json\/wp\/v2\/posts"}],"about":[{"href":"https:\/\/www.africa-press.net\/cotedivoire\/wp-json\/wp\/v2\/types\/post"}],"author":[{"embeddable":true,"href":"https:\/\/www.africa-press.net\/cotedivoire\/wp-json\/wp\/v2\/users\/82"}],"replies":[{"embeddable":true,"href":"https:\/\/www.africa-press.net\/cotedivoire\/wp-json\/wp\/v2\/comments?post=49736"}],"version-history":[{"count":0,"href":"https:\/\/www.africa-press.net\/cotedivoire\/wp-json\/wp\/v2\/posts\/49736\/revisions"}],"wp:featuredmedia":[{"embeddable":true,"href":"https:\/\/www.africa-press.net\/cotedivoire\/wp-json\/wp\/v2\/media\/49734"}],"wp:attachment":[{"href":"https:\/\/www.africa-press.net\/cotedivoire\/wp-json\/wp\/v2\/media?parent=49736"}],"wp:term":[{"taxonomy":"category","embeddable":true,"href":"https:\/\/www.africa-press.net\/cotedivoire\/wp-json\/wp\/v2\/categories?post=49736"},{"taxonomy":"post_tag","embeddable":true,"href":"https:\/\/www.africa-press.net\/cotedivoire\/wp-json\/wp\/v2\/tags?post=49736"}],"curies":[{"name":"wp","href":"https:\/\/api.w.org\/{rel}","templated":true}]}}