{"id":50634,"date":"2022-12-27T18:04:29","date_gmt":"2022-12-27T18:04:29","guid":{"rendered":"https:\/\/www.africa-press.net\/cotedivoire\/politique\/pdci-rda-deces-du-professeur-koby-assa-theophile-membre-du-comite-des-sages"},"modified":"2022-12-27T18:24:48","modified_gmt":"2022-12-27T18:24:48","slug":"pdci-rda-deces-du-professeur-koby-assa-theophile-membre-du-comite-des-sages","status":"publish","type":"post","link":"https:\/\/www.africa-press.net\/cotedivoire\/politique\/pdci-rda-deces-du-professeur-koby-assa-theophile-membre-du-comite-des-sages","title":{"rendered":"PDCI-RDA, d\u00e9c\u00e8s du Professeur Koby Assa Th\u00e9ophile membre du comit\u00e9 des sages"},"content":{"rendered":"<p><span style=\"color: #ff6600\"><strong>Africa-Press &#8211; C\u00f4te d&rsquo;Ivoire. <\/strong><\/span>Le PDCI-RDA vient de perdre une de ses figures de proue. Il s\u2019agit du Professeur Koby Assa The\u0301ophile, membre du bureau politique du PDCI-RDA et du comite\u0301 des sages.<\/p>\n<p>Nous apprenons qu\u2019il est de\u0301ce\u0301de\u0301 le lundi 26 de\u0301cembre 2022 des suites d\u2019une maladie. Avec sa disparition, c&rsquo;est aussi le milieu universitaire qui perd un de ses e\u0301minents enseignants-chercheurs. Il e\u0301tait professeur de ge\u0301ographie.<\/p>\n<p>Jean-Louis Billon, c&rsquo;est attriste\u0301 par son de\u0301ce\u0300s. \u00ab C&rsquo;est avec beaucoup de tristesse que j&rsquo;ai appris ce matin le de\u0301ce\u0300s du Professeur Koby Assa The\u0301ophile, membre du bureau politique du PDCI-RDA et du comite\u0301 des sages. C\u2019est une grande perte pour la Co\u0302te d\u2019Ivoire. Mes pense\u0301es vont a\u0300 sa famille biologique et a\u0300 la grande famille du PDCI-RDA. \u00bb<\/p>\n<p><strong>Pour plus d&rsquo;informations et d&rsquo;analyses sur la <a href=\"https:\/\/www.africa-press.net\/cotedivoire\">C\u00f4te d&rsquo;Ivoire<\/a>, suivez <a href=\"https:\/\/www.africa-press.net\/\">Africa-Press<\/a><\/strong><\/p>\n","protected":false},"excerpt":{"rendered":"<p>Africa-Press &#8211; C\u00f4te d&rsquo;Ivoire. Le PDCI-RDA vient de perdre une de ses figures de proue. Il s\u2019agit du Professeur Koby Assa The\u0301ophile, membre du bureau politique du PDCI-RDA et du comite\u0301 des sages. Nous apprenons qu\u2019il est de\u0301ce\u0301de\u0301 le lundi 26 de\u0301cembre 2022 des suites d\u2019une maladie. Avec sa disparition, c&rsquo;est aussi le milieu universitaire [&hellip;]<\/p>\n","protected":false},"author":82,"featured_media":50632,"comment_status":"open","ping_status":"closed","sticky":false,"template":"","format":"standard","meta":{"footnotes":""},"categories":[2,10],"tags":[56,63,1970,1991,29,480,8537,739,60,7460],"class_list":["post-50634","post","type-post","status-publish","format-standard","has-post-thumbnail","hentry","category-politique","category-toutes-les-actualites","tag-africa-press","tag-africa-press-cote-divoire","tag-bureau","tag-comite","tag-cote-divoire","tag-jean-louis-billon","tag-koby-assa","tag-pdci-rda","tag-politique","tag-sages"],"yoast_head":"<!-- This site is optimized with the Yoast SEO Premium plugin v26.1 (Yoast SEO v27.0) - https:\/\/yoast.com\/product\/yoast-seo-premium-wordpress\/ -->\n<title>PDCI-RDA, d\u00e9c\u00e8s du Professeur Koby Assa Th\u00e9ophile membre du comit\u00e9 des sages - C\u00f4te d&#039;Ivoire<\/title>\n<meta name=\"description\" content=\"Le PDCI-RDA vient de perdre une de ses figures de proue. Il s\u2019agit du Professeur Koby Assa The\u0301ophile, membre du bureau ...\" \/>\n<meta name=\"robots\" content=\"index, follow, max-snippet:-1, max-image-preview:large, max-video-preview:-1\" \/>\n<link rel=\"canonical\" href=\"https:\/\/www.africa-press.net\/cotedivoire\/politique\/pdci-rda-deces-du-professeur-koby-assa-theophile-membre-du-comite-des-sages\" \/>\n<meta property=\"og:locale\" content=\"fr_FR\" \/>\n<meta property=\"og:type\" content=\"article\" \/>\n<meta property=\"og:title\" content=\"PDCI-RDA, d\u00e9c\u00e8s du Professeur Koby Assa Th\u00e9ophile membre du comit\u00e9 des sages\" \/>\n<meta property=\"og:description\" content=\"Le PDCI-RDA vient de perdre une de ses figures de proue. Il s\u2019agit du Professeur Koby Assa The\u0301ophile, membre du bureau ...\" \/>\n<meta property=\"og:url\" content=\"https:\/\/www.africa-press.net\/cotedivoire\/politique\/pdci-rda-deces-du-professeur-koby-assa-theophile-membre-du-comite-des-sages\" \/>\n<meta property=\"og:site_name\" content=\"C\u00f4te d&#039;Ivoire\" \/>\n<meta property=\"article:published_time\" content=\"2022-12-27T18:04:29+00:00\" \/>\n<meta property=\"article:modified_time\" content=\"2022-12-27T18:24:48+00:00\" \/>\n<meta property=\"og:image\" content=\"https:\/\/static.africa-press.net\/cote\/sites\/43\/2022\/12\/postQueueImg_1672151678.24.jpg\" \/>\n\t<meta property=\"og:image:width\" content=\"720\" \/>\n\t<meta property=\"og:image:height\" content=\"576\" \/>\n\t<meta property=\"og:image:type\" content=\"image\/jpeg\" \/>\n<meta name=\"author\" content=\"cfeditorfr\" \/>\n<meta name=\"twitter:card\" content=\"summary_large_image\" \/>\n<meta name=\"twitter:label1\" content=\"\u00c9crit par\" \/>\n\t<meta name=\"twitter:data1\" content=\"cfeditorfr\" \/>\n\t<meta name=\"twitter:label2\" content=\"Dur\u00e9e de lecture estim\u00e9e\" \/>\n\t<meta name=\"twitter:data2\" content=\"1 minute\" \/>\n<script type=\"application\/ld+json\" class=\"yoast-schema-graph\">{\"@context\":\"https:\/\/schema.org\",\"@graph\":[{\"@type\":\"Article\",\"@id\":\"https:\/\/www.africa-press.net\/cotedivoire\/politique\/pdci-rda-deces-du-professeur-koby-assa-theophile-membre-du-comite-des-sages#article\",\"isPartOf\":{\"@id\":\"https:\/\/www.africa-press.net\/cotedivoire\/politique\/pdci-rda-deces-du-professeur-koby-assa-theophile-membre-du-comite-des-sages\"},\"author\":{\"name\":\"cfeditorfr\",\"@id\":\"https:\/\/www.africa-press.net\/cotedivoire\/#\/schema\/person\/2b1cf3cd81a31e3cd26889ca66d677f1\"},\"headline\":\"PDCI-RDA, d\u00e9c\u00e8s du Professeur Koby Assa Th\u00e9ophile membre du comit\u00e9 des sages\",\"datePublished\":\"2022-12-27T18:04:29+00:00\",\"dateModified\":\"2022-12-27T18:24:48+00:00\",\"mainEntityOfPage\":{\"@id\":\"https:\/\/www.africa-press.net\/cotedivoire\/politique\/pdci-rda-deces-du-professeur-koby-assa-theophile-membre-du-comite-des-sages\"},\"wordCount\":177,\"commentCount\":0,\"image\":{\"@id\":\"https:\/\/www.africa-press.net\/cotedivoire\/politique\/pdci-rda-deces-du-professeur-koby-assa-theophile-membre-du-comite-des-sages#primaryimage\"},\"thumbnailUrl\":\"https:\/\/static.africa-press.net\/cote\/sites\/43\/2022\/12\/postQueueImg_1672151678.24.jpg\",\"keywords\":[\"Africa Press\",\"Africa Press-C\u00f4te d'Ivoire\",\"bureau\",\"Comit\u00e9\",\"C\u00d4TE D'IVOIRE\",\"Jean Louis Billon\",\"Koby Assa\",\"PDCI-RDA\",\"Politique\",\"Sages\"],\"articleSection\":[\"Politique\",\"Toutes les actualit\u00e9s\"],\"inLanguage\":\"fr-FR\",\"potentialAction\":[{\"@type\":\"CommentAction\",\"name\":\"Comment\",\"target\":[\"https:\/\/www.africa-press.net\/cotedivoire\/politique\/pdci-rda-deces-du-professeur-koby-assa-theophile-membre-du-comite-des-sages#respond\"]}]},{\"@type\":\"WebPage\",\"@id\":\"https:\/\/www.africa-press.net\/cotedivoire\/politique\/pdci-rda-deces-du-professeur-koby-assa-theophile-membre-du-comite-des-sages\",\"url\":\"https:\/\/www.africa-press.net\/cotedivoire\/politique\/pdci-rda-deces-du-professeur-koby-assa-theophile-membre-du-comite-des-sages\",\"name\":\"PDCI-RDA, d\u00e9c\u00e8s du Professeur Koby Assa Th\u00e9ophile membre du comit\u00e9 des sages - C\u00f4te d&#039;Ivoire\",\"isPartOf\":{\"@id\":\"https:\/\/www.africa-press.net\/cotedivoire\/#website\"},\"primaryImageOfPage\":{\"@id\":\"https:\/\/www.africa-press.net\/cotedivoire\/politique\/pdci-rda-deces-du-professeur-koby-assa-theophile-membre-du-comite-des-sages#primaryimage\"},\"image\":{\"@id\":\"https:\/\/www.africa-press.net\/cotedivoire\/politique\/pdci-rda-deces-du-professeur-koby-assa-theophile-membre-du-comite-des-sages#primaryimage\"},\"thumbnailUrl\":\"https:\/\/static.africa-press.net\/cote\/sites\/43\/2022\/12\/postQueueImg_1672151678.24.jpg\",\"datePublished\":\"2022-12-27T18:04:29+00:00\",\"dateModified\":\"2022-12-27T18:24:48+00:00\",\"author\":{\"@id\":\"https:\/\/www.africa-press.net\/cotedivoire\/#\/schema\/person\/2b1cf3cd81a31e3cd26889ca66d677f1\"},\"description\":\"Le PDCI-RDA vient de perdre une de ses figures de proue. Il s\u2019agit du Professeur Koby Assa The\u0301ophile, membre du bureau ...\",\"breadcrumb\":{\"@id\":\"https:\/\/www.africa-press.net\/cotedivoire\/politique\/pdci-rda-deces-du-professeur-koby-assa-theophile-membre-du-comite-des-sages#breadcrumb\"},\"inLanguage\":\"fr-FR\",\"potentialAction\":[{\"@type\":\"ReadAction\",\"target\":[\"https:\/\/www.africa-press.net\/cotedivoire\/politique\/pdci-rda-deces-du-professeur-koby-assa-theophile-membre-du-comite-des-sages\"]}]},{\"@type\":\"ImageObject\",\"inLanguage\":\"fr-FR\",\"@id\":\"https:\/\/www.africa-press.net\/cotedivoire\/politique\/pdci-rda-deces-du-professeur-koby-assa-theophile-membre-du-comite-des-sages#primaryimage\",\"url\":\"https:\/\/static.africa-press.net\/cote\/sites\/43\/2022\/12\/postQueueImg_1672151678.24.jpg\",\"contentUrl\":\"https:\/\/static.africa-press.net\/cote\/sites\/43\/2022\/12\/postQueueImg_1672151678.24.jpg\",\"width\":720,\"height\":576,\"caption\":\"PDCI-RDA, d\u00e9c\u00e8s du Professeur Koby Assa Th\u00e9ophile membre du comit\u00e9 des sages\"},{\"@type\":\"BreadcrumbList\",\"@id\":\"https:\/\/www.africa-press.net\/cotedivoire\/politique\/pdci-rda-deces-du-professeur-koby-assa-theophile-membre-du-comite-des-sages#breadcrumb\",\"itemListElement\":[{\"@type\":\"ListItem\",\"position\":1,\"name\":\"Accueil\",\"item\":\"https:\/\/www.africa-press.net\/cotedivoire\/\"},{\"@type\":\"ListItem\",\"position\":2,\"name\":\"PDCI-RDA, d\u00e9c\u00e8s du Professeur Koby Assa Th\u00e9ophile membre du comit\u00e9 des sages\"}]},{\"@type\":\"WebSite\",\"@id\":\"https:\/\/www.africa-press.net\/cotedivoire\/#website\",\"url\":\"https:\/\/www.africa-press.net\/cotedivoire\/\",\"name\":\"C\u00f4te d&#039;Ivoire\",\"description\":\"Just another Africa News Agency Sites site\",\"potentialAction\":[{\"@type\":\"SearchAction\",\"target\":{\"@type\":\"EntryPoint\",\"urlTemplate\":\"https:\/\/www.africa-press.net\/cotedivoire\/?s={search_term_string}\"},\"query-input\":{\"@type\":\"PropertyValueSpecification\",\"valueRequired\":true,\"valueName\":\"search_term_string\"}}],\"inLanguage\":\"fr-FR\"},{\"@type\":\"Person\",\"@id\":\"https:\/\/www.africa-press.net\/cotedivoire\/#\/schema\/person\/2b1cf3cd81a31e3cd26889ca66d677f1\",\"name\":\"cfeditorfr\"}]}<\/script>\n<!-- \/ Yoast SEO Premium plugin. -->","yoast_head_json":{"title":"PDCI-RDA, d\u00e9c\u00e8s du Professeur Koby Assa Th\u00e9ophile membre du comit\u00e9 des sages - C\u00f4te d&#039;Ivoire","description":"Le PDCI-RDA vient de perdre une de ses figures de proue. Il s\u2019agit du Professeur Koby Assa The\u0301ophile, membre du bureau ...","robots":{"index":"index","follow":"follow","max-snippet":"max-snippet:-1","max-image-preview":"max-image-preview:large","max-video-preview":"max-video-preview:-1"},"canonical":"https:\/\/www.africa-press.net\/cotedivoire\/politique\/pdci-rda-deces-du-professeur-koby-assa-theophile-membre-du-comite-des-sages","og_locale":"fr_FR","og_type":"article","og_title":"PDCI-RDA, d\u00e9c\u00e8s du Professeur Koby Assa Th\u00e9ophile membre du comit\u00e9 des sages","og_description":"Le PDCI-RDA vient de perdre une de ses figures de proue. Il s\u2019agit du Professeur Koby Assa The\u0301ophile, membre du bureau ...","og_url":"https:\/\/www.africa-press.net\/cotedivoire\/politique\/pdci-rda-deces-du-professeur-koby-assa-theophile-membre-du-comite-des-sages","og_site_name":"C\u00f4te d&#039;Ivoire","article_published_time":"2022-12-27T18:04:29+00:00","article_modified_time":"2022-12-27T18:24:48+00:00","og_image":[{"width":720,"height":576,"url":"https:\/\/static.africa-press.net\/cote\/sites\/43\/2022\/12\/postQueueImg_1672151678.24.jpg","type":"image\/jpeg"}],"author":"cfeditorfr","twitter_card":"summary_large_image","twitter_misc":{"\u00c9crit par":"cfeditorfr","Dur\u00e9e de lecture estim\u00e9e":"1 minute"},"schema":{"@context":"https:\/\/schema.org","@graph":[{"@type":"Article","@id":"https:\/\/www.africa-press.net\/cotedivoire\/politique\/pdci-rda-deces-du-professeur-koby-assa-theophile-membre-du-comite-des-sages#article","isPartOf":{"@id":"https:\/\/www.africa-press.net\/cotedivoire\/politique\/pdci-rda-deces-du-professeur-koby-assa-theophile-membre-du-comite-des-sages"},"author":{"name":"cfeditorfr","@id":"https:\/\/www.africa-press.net\/cotedivoire\/#\/schema\/person\/2b1cf3cd81a31e3cd26889ca66d677f1"},"headline":"PDCI-RDA, d\u00e9c\u00e8s du Professeur Koby Assa Th\u00e9ophile membre du comit\u00e9 des sages","datePublished":"2022-12-27T18:04:29+00:00","dateModified":"2022-12-27T18:24:48+00:00","mainEntityOfPage":{"@id":"https:\/\/www.africa-press.net\/cotedivoire\/politique\/pdci-rda-deces-du-professeur-koby-assa-theophile-membre-du-comite-des-sages"},"wordCount":177,"commentCount":0,"image":{"@id":"https:\/\/www.africa-press.net\/cotedivoire\/politique\/pdci-rda-deces-du-professeur-koby-assa-theophile-membre-du-comite-des-sages#primaryimage"},"thumbnailUrl":"https:\/\/static.africa-press.net\/cote\/sites\/43\/2022\/12\/postQueueImg_1672151678.24.jpg","keywords":["Africa Press","Africa Press-C\u00f4te d'Ivoire","bureau","Comit\u00e9","C\u00d4TE D'IVOIRE","Jean Louis Billon","Koby Assa","PDCI-RDA","Politique","Sages"],"articleSection":["Politique","Toutes les actualit\u00e9s"],"inLanguage":"fr-FR","potentialAction":[{"@type":"CommentAction","name":"Comment","target":["https:\/\/www.africa-press.net\/cotedivoire\/politique\/pdci-rda-deces-du-professeur-koby-assa-theophile-membre-du-comite-des-sages#respond"]}]},{"@type":"WebPage","@id":"https:\/\/www.africa-press.net\/cotedivoire\/politique\/pdci-rda-deces-du-professeur-koby-assa-theophile-membre-du-comite-des-sages","url":"https:\/\/www.africa-press.net\/cotedivoire\/politique\/pdci-rda-deces-du-professeur-koby-assa-theophile-membre-du-comite-des-sages","name":"PDCI-RDA, d\u00e9c\u00e8s du Professeur Koby Assa Th\u00e9ophile membre du comit\u00e9 des sages - C\u00f4te d&#039;Ivoire","isPartOf":{"@id":"https:\/\/www.africa-press.net\/cotedivoire\/#website"},"primaryImageOfPage":{"@id":"https:\/\/www.africa-press.net\/cotedivoire\/politique\/pdci-rda-deces-du-professeur-koby-assa-theophile-membre-du-comite-des-sages#primaryimage"},"image":{"@id":"https:\/\/www.africa-press.net\/cotedivoire\/politique\/pdci-rda-deces-du-professeur-koby-assa-theophile-membre-du-comite-des-sages#primaryimage"},"thumbnailUrl":"https:\/\/static.africa-press.net\/cote\/sites\/43\/2022\/12\/postQueueImg_1672151678.24.jpg","datePublished":"2022-12-27T18:04:29+00:00","dateModified":"2022-12-27T18:24:48+00:00","author":{"@id":"https:\/\/www.africa-press.net\/cotedivoire\/#\/schema\/person\/2b1cf3cd81a31e3cd26889ca66d677f1"},"description":"Le PDCI-RDA vient de perdre une de ses figures de proue. Il s\u2019agit du Professeur Koby Assa The\u0301ophile, membre du bureau ...","breadcrumb":{"@id":"https:\/\/www.africa-press.net\/cotedivoire\/politique\/pdci-rda-deces-du-professeur-koby-assa-theophile-membre-du-comite-des-sages#breadcrumb"},"inLanguage":"fr-FR","potentialAction":[{"@type":"ReadAction","target":["https:\/\/www.africa-press.net\/cotedivoire\/politique\/pdci-rda-deces-du-professeur-koby-assa-theophile-membre-du-comite-des-sages"]}]},{"@type":"ImageObject","inLanguage":"fr-FR","@id":"https:\/\/www.africa-press.net\/cotedivoire\/politique\/pdci-rda-deces-du-professeur-koby-assa-theophile-membre-du-comite-des-sages#primaryimage","url":"https:\/\/static.africa-press.net\/cote\/sites\/43\/2022\/12\/postQueueImg_1672151678.24.jpg","contentUrl":"https:\/\/static.africa-press.net\/cote\/sites\/43\/2022\/12\/postQueueImg_1672151678.24.jpg","width":720,"height":576,"caption":"PDCI-RDA, d\u00e9c\u00e8s du Professeur Koby Assa Th\u00e9ophile membre du comit\u00e9 des sages"},{"@type":"BreadcrumbList","@id":"https:\/\/www.africa-press.net\/cotedivoire\/politique\/pdci-rda-deces-du-professeur-koby-assa-theophile-membre-du-comite-des-sages#breadcrumb","itemListElement":[{"@type":"ListItem","position":1,"name":"Accueil","item":"https:\/\/www.africa-press.net\/cotedivoire\/"},{"@type":"ListItem","position":2,"name":"PDCI-RDA, d\u00e9c\u00e8s du Professeur Koby Assa Th\u00e9ophile membre du comit\u00e9 des sages"}]},{"@type":"WebSite","@id":"https:\/\/www.africa-press.net\/cotedivoire\/#website","url":"https:\/\/www.africa-press.net\/cotedivoire\/","name":"C\u00f4te d&#039;Ivoire","description":"Just another Africa News Agency Sites site","potentialAction":[{"@type":"SearchAction","target":{"@type":"EntryPoint","urlTemplate":"https:\/\/www.africa-press.net\/cotedivoire\/?s={search_term_string}"},"query-input":{"@type":"PropertyValueSpecification","valueRequired":true,"valueName":"search_term_string"}}],"inLanguage":"fr-FR"},{"@type":"Person","@id":"https:\/\/www.africa-press.net\/cotedivoire\/#\/schema\/person\/2b1cf3cd81a31e3cd26889ca66d677f1","name":"cfeditorfr"}]}},"_links":{"self":[{"href":"https:\/\/www.africa-press.net\/cotedivoire\/wp-json\/wp\/v2\/posts\/50634","targetHints":{"allow":["GET"]}}],"collection":[{"href":"https:\/\/www.africa-press.net\/cotedivoire\/wp-json\/wp\/v2\/posts"}],"about":[{"href":"https:\/\/www.africa-press.net\/cotedivoire\/wp-json\/wp\/v2\/types\/post"}],"author":[{"embeddable":true,"href":"https:\/\/www.africa-press.net\/cotedivoire\/wp-json\/wp\/v2\/users\/82"}],"replies":[{"embeddable":true,"href":"https:\/\/www.africa-press.net\/cotedivoire\/wp-json\/wp\/v2\/comments?post=50634"}],"version-history":[{"count":0,"href":"https:\/\/www.africa-press.net\/cotedivoire\/wp-json\/wp\/v2\/posts\/50634\/revisions"}],"wp:featuredmedia":[{"embeddable":true,"href":"https:\/\/www.africa-press.net\/cotedivoire\/wp-json\/wp\/v2\/media\/50632"}],"wp:attachment":[{"href":"https:\/\/www.africa-press.net\/cotedivoire\/wp-json\/wp\/v2\/media?parent=50634"}],"wp:term":[{"taxonomy":"category","embeddable":true,"href":"https:\/\/www.africa-press.net\/cotedivoire\/wp-json\/wp\/v2\/categories?post=50634"},{"taxonomy":"post_tag","embeddable":true,"href":"https:\/\/www.africa-press.net\/cotedivoire\/wp-json\/wp\/v2\/tags?post=50634"}],"curies":[{"name":"wp","href":"https:\/\/api.w.org\/{rel}","templated":true}]}}