{"id":50732,"date":"2022-12-29T17:07:47","date_gmt":"2022-12-29T17:07:47","guid":{"rendered":"https:\/\/www.africa-press.net\/cotedivoire\/politique\/stephane-kipre-se-prepare-a-briguer-le-conseil-regional-du-haut-sassandra"},"modified":"2022-12-29T17:31:20","modified_gmt":"2022-12-29T17:31:20","slug":"stephane-kipre-se-prepare-a-briguer-le-conseil-regional-du-haut-sassandra","status":"publish","type":"post","link":"https:\/\/www.africa-press.net\/cotedivoire\/politique\/stephane-kipre-se-prepare-a-briguer-le-conseil-regional-du-haut-sassandra","title":{"rendered":"St\u00e9phane Kipr\u00e9 se pr\u00e9pare \u00e0 briguer le Conseil R\u00e9gional du Haut-Sassandra"},"content":{"rendered":"<p><span style=\"color: #ff6600\"><strong>Africa-Press &#8211; C\u00f4te d&rsquo;Ivoire. <\/strong><\/span>Ste\u0301phane Kipre\u0301 a de\u0301pose\u0301 sa candidature ce mercredi<\/p>\n<p>Ce mercredi 28 de\u0301cembre 2022, Ste\u0301phane Kipre\u0301, 1er Vice-Pre\u0301sident Exe\u0301cutif du Parti des Peuples Africains- Co\u0302te d\u2019Ivoire (PPA-CI) a de\u0301pose\u0301 son dossier de candidature aupre\u0300s de la commission e\u0301lectorale de son parti.<\/p>\n<p>Arrive\u0301 au sie\u0300ge d\u2019EDS a\u0300 15h, il a e\u0301te\u0301 accueilli par M. Angaman. Pre\u0301cisons que sa candidature est parraine\u0301e par 19 fe\u0301de\u0301rations sur les 25 que comptent la re\u0301gion du Haut-Sassandra et plusieurs membres du secre\u0301tariat ge\u0301ne\u0301ral et des membres des autres instances du parti.<\/p>\n<p>Interroge\u0301 par la presse apre\u0300s son de\u0301po\u0302t, il a tenu a\u0300 expliquer le sens de sa de\u0301marche : \u00ab Comme annonce\u0301, le parti ouvert le de\u0301po\u0302t des candidatures pour les e\u0301lections re\u0301gionales et municipales de 2023. Depuis longtemps, nous travaillons a\u0300 une vision innovante du de\u0301veloppement des de\u0301partements de Daloa, Issia, Zoukougbeu et Vavoua qui constituent la troisie\u0300me re\u0301gion e\u0301conomique du pays et la premie\u0300re re\u0301gion de\u0301mographique apre\u0300s le district d\u2019Abidjan. J\u2019ai avec moi la majorite\u0301 des responsables du parti dans la re\u0301gion. C\u2019est donc un projet d\u2019ensemble que nous portons et nous sommes confiants quant a\u0300 notre capacite\u0301 a\u0300 fe\u0301de\u0301rer les cadres et les populations autour du de\u0301veloppement du Haut-Sassandra. Nous sommes impatients d\u2019avoir la caution de notre parti pour traduire en acte la vision de la de\u0301centralisation longtemps promue par le pre\u0301sident de notre parti, le pre\u0301sident Laurent Gbagbo. En ma qualite\u0301 de fils du Haut-Sassandra et de militant du PPA-CI, je suis donc venu soumettre ma candidature avec tous les camarades qui ont accepte\u0301 de travailler a\u0300 ce projet en ce qui concerne les e\u0301lections re\u0301gionales. Je suis candidat a\u0300 la candidature pour les re\u0301gionales dans le Haut-Sassandra afin de\u0301fendre les couleurs du PPA-CI. \u00bb<\/p>\n<p>A\u0300 une question du journaliste lui demandant s\u2019il e\u0301tait pre\u0302t a\u0300 affronter le ministre Toure\u0301 Mamadou, candidat du RHDP, le parti au pouvoir a\u0300 l\u2019occasion des re\u0301gionales, Ste\u0301phane Kipre\u0301 s\u2019est voulu rassurant : \u00ab Pour le moment, nous sommes a\u0300 la premie\u0300re e\u0301tape. C\u2019est-a\u0300-dire avoir le soutien de notre parti. Une fois que nous l\u2019aurons, nous serons pre\u0302ts a\u0300 affronter n\u2019importe quel candidat et nous sommes confiants quant a\u0300 notre victoire, car nous avons une histoire avec les populations du Haut-Sassandra et nous avons un projet pour l\u2019avenir de la re\u0301gion. \u00bb<\/p>\n<p>La clo\u0302ture des candidatures au sein du parti des Peuples Africains \u2013 Co\u0302te d\u2019Ivoire est pre\u0301vue pour le 31 de\u0301cembre 2022.<\/p>\n<p><strong>Pour plus d&rsquo;informations et d&rsquo;analyses sur la <a href=\"https:\/\/www.africa-press.net\/cotedivoire\">C\u00f4te d&rsquo;Ivoire<\/a>, suivez <a href=\"https:\/\/www.africa-press.net\/\">Africa-Press<\/a><\/strong><\/p>\n","protected":false},"excerpt":{"rendered":"<p>Africa-Press &#8211; C\u00f4te d&rsquo;Ivoire. Ste\u0301phane Kipre\u0301 a de\u0301pose\u0301 sa candidature ce mercredi Ce mercredi 28 de\u0301cembre 2022, Ste\u0301phane Kipre\u0301, 1er Vice-Pre\u0301sident Exe\u0301cutif du Parti des Peuples Africains- Co\u0302te d\u2019Ivoire (PPA-CI) a de\u0301pose\u0301 son dossier de candidature aupre\u0300s de la commission e\u0301lectorale de son parti. Arrive\u0301 au sie\u0300ge d\u2019EDS a\u0300 15h, il a e\u0301te\u0301 accueilli par [&hellip;]<\/p>\n","protected":false},"author":82,"featured_media":50731,"comment_status":"open","ping_status":"closed","sticky":false,"template":"","format":"standard","meta":{"footnotes":""},"categories":[2,10],"tags":[56,63,745,1744,29,4961,1952,2663,356],"class_list":["post-50732","post","type-post","status-publish","format-standard","has-post-thumbnail","hentry","category-politique","category-toutes-les-actualites","tag-africa-press","tag-africa-press-cote-divoire","tag-candidature","tag-conseil","tag-cote-divoire","tag-haut-sassandra","tag-ppa-ci","tag-regional","tag-stephane-kipre"],"yoast_head":"<!-- This site is optimized with the Yoast SEO Premium plugin v26.1 (Yoast SEO v27.0) - https:\/\/yoast.com\/product\/yoast-seo-premium-wordpress\/ -->\n<title>St\u00e9phane Kipr\u00e9 se pr\u00e9pare \u00e0 briguer le Conseil R\u00e9gional du Haut-Sassandra - C\u00f4te d&#039;Ivoire<\/title>\n<meta name=\"description\" content=\"Ste\u0301phane Kipre\u0301 a de\u0301pose\u0301 sa candidature ce mercredi Ce mercredi 28 de\u0301cembre 2022, Ste\u0301phane Kipre\u0301, 1er Vice-Pre\u0301 ...\" \/>\n<meta name=\"robots\" content=\"index, follow, max-snippet:-1, max-image-preview:large, max-video-preview:-1\" \/>\n<link rel=\"canonical\" href=\"https:\/\/www.africa-press.net\/cotedivoire\/politique\/stephane-kipre-se-prepare-a-briguer-le-conseil-regional-du-haut-sassandra\" \/>\n<meta property=\"og:locale\" content=\"fr_FR\" \/>\n<meta property=\"og:type\" content=\"article\" \/>\n<meta property=\"og:title\" content=\"St\u00e9phane Kipr\u00e9 se pr\u00e9pare \u00e0 briguer le Conseil R\u00e9gional du Haut-Sassandra\" \/>\n<meta property=\"og:description\" content=\"Ste\u0301phane Kipre\u0301 a de\u0301pose\u0301 sa candidature ce mercredi Ce mercredi 28 de\u0301cembre 2022, Ste\u0301phane Kipre\u0301, 1er Vice-Pre\u0301 ...\" \/>\n<meta property=\"og:url\" content=\"https:\/\/www.africa-press.net\/cotedivoire\/politique\/stephane-kipre-se-prepare-a-briguer-le-conseil-regional-du-haut-sassandra\" \/>\n<meta property=\"og:site_name\" content=\"C\u00f4te d&#039;Ivoire\" \/>\n<meta property=\"article:published_time\" content=\"2022-12-29T17:07:47+00:00\" \/>\n<meta property=\"article:modified_time\" content=\"2022-12-29T17:31:20+00:00\" \/>\n<meta property=\"og:image\" content=\"https:\/\/static.africa-press.net\/cote\/sites\/43\/2022\/12\/postQueueImg_1672321077.00.jpg\" \/>\n\t<meta property=\"og:image:width\" content=\"720\" \/>\n\t<meta property=\"og:image:height\" content=\"481\" \/>\n\t<meta property=\"og:image:type\" content=\"image\/jpeg\" \/>\n<meta name=\"author\" content=\"cfeditorfr\" \/>\n<meta name=\"twitter:card\" content=\"summary_large_image\" \/>\n<meta name=\"twitter:label1\" content=\"\u00c9crit par\" \/>\n\t<meta name=\"twitter:data1\" content=\"cfeditorfr\" \/>\n\t<meta name=\"twitter:label2\" content=\"Dur\u00e9e de lecture estim\u00e9e\" \/>\n\t<meta name=\"twitter:data2\" content=\"3 minutes\" \/>\n<script type=\"application\/ld+json\" class=\"yoast-schema-graph\">{\"@context\":\"https:\/\/schema.org\",\"@graph\":[{\"@type\":\"Article\",\"@id\":\"https:\/\/www.africa-press.net\/cotedivoire\/politique\/stephane-kipre-se-prepare-a-briguer-le-conseil-regional-du-haut-sassandra#article\",\"isPartOf\":{\"@id\":\"https:\/\/www.africa-press.net\/cotedivoire\/politique\/stephane-kipre-se-prepare-a-briguer-le-conseil-regional-du-haut-sassandra\"},\"author\":{\"name\":\"cfeditorfr\",\"@id\":\"https:\/\/www.africa-press.net\/cotedivoire\/#\/schema\/person\/2b1cf3cd81a31e3cd26889ca66d677f1\"},\"headline\":\"St\u00e9phane Kipr\u00e9 se pr\u00e9pare \u00e0 briguer le Conseil R\u00e9gional du Haut-Sassandra\",\"datePublished\":\"2022-12-29T17:07:47+00:00\",\"dateModified\":\"2022-12-29T17:31:20+00:00\",\"mainEntityOfPage\":{\"@id\":\"https:\/\/www.africa-press.net\/cotedivoire\/politique\/stephane-kipre-se-prepare-a-briguer-le-conseil-regional-du-haut-sassandra\"},\"wordCount\":492,\"commentCount\":0,\"image\":{\"@id\":\"https:\/\/www.africa-press.net\/cotedivoire\/politique\/stephane-kipre-se-prepare-a-briguer-le-conseil-regional-du-haut-sassandra#primaryimage\"},\"thumbnailUrl\":\"https:\/\/static.africa-press.net\/cote\/sites\/43\/2022\/12\/postQueueImg_1672321077.00.jpg\",\"keywords\":[\"Africa Press\",\"Africa Press-C\u00f4te d'Ivoire\",\"candidature\",\"Conseil\",\"C\u00d4TE D'IVOIRE\",\"Haut-Sassandra\",\"PPA-CI\",\"Regional\",\"St\u00e9phane Kipr\u00e9\"],\"articleSection\":[\"Politique\",\"Toutes les actualit\u00e9s\"],\"inLanguage\":\"fr-FR\",\"potentialAction\":[{\"@type\":\"CommentAction\",\"name\":\"Comment\",\"target\":[\"https:\/\/www.africa-press.net\/cotedivoire\/politique\/stephane-kipre-se-prepare-a-briguer-le-conseil-regional-du-haut-sassandra#respond\"]}]},{\"@type\":\"WebPage\",\"@id\":\"https:\/\/www.africa-press.net\/cotedivoire\/politique\/stephane-kipre-se-prepare-a-briguer-le-conseil-regional-du-haut-sassandra\",\"url\":\"https:\/\/www.africa-press.net\/cotedivoire\/politique\/stephane-kipre-se-prepare-a-briguer-le-conseil-regional-du-haut-sassandra\",\"name\":\"St\u00e9phane Kipr\u00e9 se pr\u00e9pare \u00e0 briguer le Conseil R\u00e9gional du Haut-Sassandra - C\u00f4te d&#039;Ivoire\",\"isPartOf\":{\"@id\":\"https:\/\/www.africa-press.net\/cotedivoire\/#website\"},\"primaryImageOfPage\":{\"@id\":\"https:\/\/www.africa-press.net\/cotedivoire\/politique\/stephane-kipre-se-prepare-a-briguer-le-conseil-regional-du-haut-sassandra#primaryimage\"},\"image\":{\"@id\":\"https:\/\/www.africa-press.net\/cotedivoire\/politique\/stephane-kipre-se-prepare-a-briguer-le-conseil-regional-du-haut-sassandra#primaryimage\"},\"thumbnailUrl\":\"https:\/\/static.africa-press.net\/cote\/sites\/43\/2022\/12\/postQueueImg_1672321077.00.jpg\",\"datePublished\":\"2022-12-29T17:07:47+00:00\",\"dateModified\":\"2022-12-29T17:31:20+00:00\",\"author\":{\"@id\":\"https:\/\/www.africa-press.net\/cotedivoire\/#\/schema\/person\/2b1cf3cd81a31e3cd26889ca66d677f1\"},\"description\":\"Ste\u0301phane Kipre\u0301 a de\u0301pose\u0301 sa candidature ce mercredi Ce mercredi 28 de\u0301cembre 2022, Ste\u0301phane Kipre\u0301, 1er Vice-Pre\u0301 ...\",\"breadcrumb\":{\"@id\":\"https:\/\/www.africa-press.net\/cotedivoire\/politique\/stephane-kipre-se-prepare-a-briguer-le-conseil-regional-du-haut-sassandra#breadcrumb\"},\"inLanguage\":\"fr-FR\",\"potentialAction\":[{\"@type\":\"ReadAction\",\"target\":[\"https:\/\/www.africa-press.net\/cotedivoire\/politique\/stephane-kipre-se-prepare-a-briguer-le-conseil-regional-du-haut-sassandra\"]}]},{\"@type\":\"ImageObject\",\"inLanguage\":\"fr-FR\",\"@id\":\"https:\/\/www.africa-press.net\/cotedivoire\/politique\/stephane-kipre-se-prepare-a-briguer-le-conseil-regional-du-haut-sassandra#primaryimage\",\"url\":\"https:\/\/static.africa-press.net\/cote\/sites\/43\/2022\/12\/postQueueImg_1672321077.00.jpg\",\"contentUrl\":\"https:\/\/static.africa-press.net\/cote\/sites\/43\/2022\/12\/postQueueImg_1672321077.00.jpg\",\"width\":720,\"height\":481,\"caption\":\"St\u00e9phane Kipr\u00e9 se pr\u00e9pare \u00e0 briguer le Conseil R\u00e9gional du Haut-Sassandra\"},{\"@type\":\"BreadcrumbList\",\"@id\":\"https:\/\/www.africa-press.net\/cotedivoire\/politique\/stephane-kipre-se-prepare-a-briguer-le-conseil-regional-du-haut-sassandra#breadcrumb\",\"itemListElement\":[{\"@type\":\"ListItem\",\"position\":1,\"name\":\"Accueil\",\"item\":\"https:\/\/www.africa-press.net\/cotedivoire\/\"},{\"@type\":\"ListItem\",\"position\":2,\"name\":\"St\u00e9phane Kipr\u00e9 se pr\u00e9pare \u00e0 briguer le Conseil R\u00e9gional du Haut-Sassandra\"}]},{\"@type\":\"WebSite\",\"@id\":\"https:\/\/www.africa-press.net\/cotedivoire\/#website\",\"url\":\"https:\/\/www.africa-press.net\/cotedivoire\/\",\"name\":\"C\u00f4te d&#039;Ivoire\",\"description\":\"Just another Africa News Agency Sites site\",\"potentialAction\":[{\"@type\":\"SearchAction\",\"target\":{\"@type\":\"EntryPoint\",\"urlTemplate\":\"https:\/\/www.africa-press.net\/cotedivoire\/?s={search_term_string}\"},\"query-input\":{\"@type\":\"PropertyValueSpecification\",\"valueRequired\":true,\"valueName\":\"search_term_string\"}}],\"inLanguage\":\"fr-FR\"},{\"@type\":\"Person\",\"@id\":\"https:\/\/www.africa-press.net\/cotedivoire\/#\/schema\/person\/2b1cf3cd81a31e3cd26889ca66d677f1\",\"name\":\"cfeditorfr\"}]}<\/script>\n<!-- \/ Yoast SEO Premium plugin. -->","yoast_head_json":{"title":"St\u00e9phane Kipr\u00e9 se pr\u00e9pare \u00e0 briguer le Conseil R\u00e9gional du Haut-Sassandra - C\u00f4te d&#039;Ivoire","description":"Ste\u0301phane Kipre\u0301 a de\u0301pose\u0301 sa candidature ce mercredi Ce mercredi 28 de\u0301cembre 2022, Ste\u0301phane Kipre\u0301, 1er Vice-Pre\u0301 ...","robots":{"index":"index","follow":"follow","max-snippet":"max-snippet:-1","max-image-preview":"max-image-preview:large","max-video-preview":"max-video-preview:-1"},"canonical":"https:\/\/www.africa-press.net\/cotedivoire\/politique\/stephane-kipre-se-prepare-a-briguer-le-conseil-regional-du-haut-sassandra","og_locale":"fr_FR","og_type":"article","og_title":"St\u00e9phane Kipr\u00e9 se pr\u00e9pare \u00e0 briguer le Conseil R\u00e9gional du Haut-Sassandra","og_description":"Ste\u0301phane Kipre\u0301 a de\u0301pose\u0301 sa candidature ce mercredi Ce mercredi 28 de\u0301cembre 2022, Ste\u0301phane Kipre\u0301, 1er Vice-Pre\u0301 ...","og_url":"https:\/\/www.africa-press.net\/cotedivoire\/politique\/stephane-kipre-se-prepare-a-briguer-le-conseil-regional-du-haut-sassandra","og_site_name":"C\u00f4te d&#039;Ivoire","article_published_time":"2022-12-29T17:07:47+00:00","article_modified_time":"2022-12-29T17:31:20+00:00","og_image":[{"width":720,"height":481,"url":"https:\/\/static.africa-press.net\/cote\/sites\/43\/2022\/12\/postQueueImg_1672321077.00.jpg","type":"image\/jpeg"}],"author":"cfeditorfr","twitter_card":"summary_large_image","twitter_misc":{"\u00c9crit par":"cfeditorfr","Dur\u00e9e de lecture estim\u00e9e":"3 minutes"},"schema":{"@context":"https:\/\/schema.org","@graph":[{"@type":"Article","@id":"https:\/\/www.africa-press.net\/cotedivoire\/politique\/stephane-kipre-se-prepare-a-briguer-le-conseil-regional-du-haut-sassandra#article","isPartOf":{"@id":"https:\/\/www.africa-press.net\/cotedivoire\/politique\/stephane-kipre-se-prepare-a-briguer-le-conseil-regional-du-haut-sassandra"},"author":{"name":"cfeditorfr","@id":"https:\/\/www.africa-press.net\/cotedivoire\/#\/schema\/person\/2b1cf3cd81a31e3cd26889ca66d677f1"},"headline":"St\u00e9phane Kipr\u00e9 se pr\u00e9pare \u00e0 briguer le Conseil R\u00e9gional du Haut-Sassandra","datePublished":"2022-12-29T17:07:47+00:00","dateModified":"2022-12-29T17:31:20+00:00","mainEntityOfPage":{"@id":"https:\/\/www.africa-press.net\/cotedivoire\/politique\/stephane-kipre-se-prepare-a-briguer-le-conseil-regional-du-haut-sassandra"},"wordCount":492,"commentCount":0,"image":{"@id":"https:\/\/www.africa-press.net\/cotedivoire\/politique\/stephane-kipre-se-prepare-a-briguer-le-conseil-regional-du-haut-sassandra#primaryimage"},"thumbnailUrl":"https:\/\/static.africa-press.net\/cote\/sites\/43\/2022\/12\/postQueueImg_1672321077.00.jpg","keywords":["Africa Press","Africa Press-C\u00f4te d'Ivoire","candidature","Conseil","C\u00d4TE D'IVOIRE","Haut-Sassandra","PPA-CI","Regional","St\u00e9phane Kipr\u00e9"],"articleSection":["Politique","Toutes les actualit\u00e9s"],"inLanguage":"fr-FR","potentialAction":[{"@type":"CommentAction","name":"Comment","target":["https:\/\/www.africa-press.net\/cotedivoire\/politique\/stephane-kipre-se-prepare-a-briguer-le-conseil-regional-du-haut-sassandra#respond"]}]},{"@type":"WebPage","@id":"https:\/\/www.africa-press.net\/cotedivoire\/politique\/stephane-kipre-se-prepare-a-briguer-le-conseil-regional-du-haut-sassandra","url":"https:\/\/www.africa-press.net\/cotedivoire\/politique\/stephane-kipre-se-prepare-a-briguer-le-conseil-regional-du-haut-sassandra","name":"St\u00e9phane Kipr\u00e9 se pr\u00e9pare \u00e0 briguer le Conseil R\u00e9gional du Haut-Sassandra - C\u00f4te d&#039;Ivoire","isPartOf":{"@id":"https:\/\/www.africa-press.net\/cotedivoire\/#website"},"primaryImageOfPage":{"@id":"https:\/\/www.africa-press.net\/cotedivoire\/politique\/stephane-kipre-se-prepare-a-briguer-le-conseil-regional-du-haut-sassandra#primaryimage"},"image":{"@id":"https:\/\/www.africa-press.net\/cotedivoire\/politique\/stephane-kipre-se-prepare-a-briguer-le-conseil-regional-du-haut-sassandra#primaryimage"},"thumbnailUrl":"https:\/\/static.africa-press.net\/cote\/sites\/43\/2022\/12\/postQueueImg_1672321077.00.jpg","datePublished":"2022-12-29T17:07:47+00:00","dateModified":"2022-12-29T17:31:20+00:00","author":{"@id":"https:\/\/www.africa-press.net\/cotedivoire\/#\/schema\/person\/2b1cf3cd81a31e3cd26889ca66d677f1"},"description":"Ste\u0301phane Kipre\u0301 a de\u0301pose\u0301 sa candidature ce mercredi Ce mercredi 28 de\u0301cembre 2022, Ste\u0301phane Kipre\u0301, 1er Vice-Pre\u0301 ...","breadcrumb":{"@id":"https:\/\/www.africa-press.net\/cotedivoire\/politique\/stephane-kipre-se-prepare-a-briguer-le-conseil-regional-du-haut-sassandra#breadcrumb"},"inLanguage":"fr-FR","potentialAction":[{"@type":"ReadAction","target":["https:\/\/www.africa-press.net\/cotedivoire\/politique\/stephane-kipre-se-prepare-a-briguer-le-conseil-regional-du-haut-sassandra"]}]},{"@type":"ImageObject","inLanguage":"fr-FR","@id":"https:\/\/www.africa-press.net\/cotedivoire\/politique\/stephane-kipre-se-prepare-a-briguer-le-conseil-regional-du-haut-sassandra#primaryimage","url":"https:\/\/static.africa-press.net\/cote\/sites\/43\/2022\/12\/postQueueImg_1672321077.00.jpg","contentUrl":"https:\/\/static.africa-press.net\/cote\/sites\/43\/2022\/12\/postQueueImg_1672321077.00.jpg","width":720,"height":481,"caption":"St\u00e9phane Kipr\u00e9 se pr\u00e9pare \u00e0 briguer le Conseil R\u00e9gional du Haut-Sassandra"},{"@type":"BreadcrumbList","@id":"https:\/\/www.africa-press.net\/cotedivoire\/politique\/stephane-kipre-se-prepare-a-briguer-le-conseil-regional-du-haut-sassandra#breadcrumb","itemListElement":[{"@type":"ListItem","position":1,"name":"Accueil","item":"https:\/\/www.africa-press.net\/cotedivoire\/"},{"@type":"ListItem","position":2,"name":"St\u00e9phane Kipr\u00e9 se pr\u00e9pare \u00e0 briguer le Conseil R\u00e9gional du Haut-Sassandra"}]},{"@type":"WebSite","@id":"https:\/\/www.africa-press.net\/cotedivoire\/#website","url":"https:\/\/www.africa-press.net\/cotedivoire\/","name":"C\u00f4te d&#039;Ivoire","description":"Just another Africa News Agency Sites site","potentialAction":[{"@type":"SearchAction","target":{"@type":"EntryPoint","urlTemplate":"https:\/\/www.africa-press.net\/cotedivoire\/?s={search_term_string}"},"query-input":{"@type":"PropertyValueSpecification","valueRequired":true,"valueName":"search_term_string"}}],"inLanguage":"fr-FR"},{"@type":"Person","@id":"https:\/\/www.africa-press.net\/cotedivoire\/#\/schema\/person\/2b1cf3cd81a31e3cd26889ca66d677f1","name":"cfeditorfr"}]}},"_links":{"self":[{"href":"https:\/\/www.africa-press.net\/cotedivoire\/wp-json\/wp\/v2\/posts\/50732","targetHints":{"allow":["GET"]}}],"collection":[{"href":"https:\/\/www.africa-press.net\/cotedivoire\/wp-json\/wp\/v2\/posts"}],"about":[{"href":"https:\/\/www.africa-press.net\/cotedivoire\/wp-json\/wp\/v2\/types\/post"}],"author":[{"embeddable":true,"href":"https:\/\/www.africa-press.net\/cotedivoire\/wp-json\/wp\/v2\/users\/82"}],"replies":[{"embeddable":true,"href":"https:\/\/www.africa-press.net\/cotedivoire\/wp-json\/wp\/v2\/comments?post=50732"}],"version-history":[{"count":0,"href":"https:\/\/www.africa-press.net\/cotedivoire\/wp-json\/wp\/v2\/posts\/50732\/revisions"}],"wp:featuredmedia":[{"embeddable":true,"href":"https:\/\/www.africa-press.net\/cotedivoire\/wp-json\/wp\/v2\/media\/50731"}],"wp:attachment":[{"href":"https:\/\/www.africa-press.net\/cotedivoire\/wp-json\/wp\/v2\/media?parent=50732"}],"wp:term":[{"taxonomy":"category","embeddable":true,"href":"https:\/\/www.africa-press.net\/cotedivoire\/wp-json\/wp\/v2\/categories?post=50732"},{"taxonomy":"post_tag","embeddable":true,"href":"https:\/\/www.africa-press.net\/cotedivoire\/wp-json\/wp\/v2\/tags?post=50732"}],"curies":[{"name":"wp","href":"https:\/\/api.w.org\/{rel}","templated":true}]}}