{"id":50735,"date":"2022-12-29T17:08:38","date_gmt":"2022-12-29T17:08:38","guid":{"rendered":"https:\/\/www.africa-press.net\/cotedivoire\/politique\/a-quelques-heures-du-jugement-des-46-soldats-ivoiriens-revelations-sur-le-contenu-du-memorandum-signe-entre-abidjan-et-bamako"},"modified":"2022-12-29T17:32:25","modified_gmt":"2022-12-29T17:32:25","slug":"a-quelques-heures-du-jugement-des-46-soldats-ivoiriens-revelations-sur-le-contenu-du-memorandum-signe-entre-abidjan-et-bamako","status":"publish","type":"post","link":"https:\/\/www.africa-press.net\/cotedivoire\/politique\/a-quelques-heures-du-jugement-des-46-soldats-ivoiriens-revelations-sur-le-contenu-du-memorandum-signe-entre-abidjan-et-bamako","title":{"rendered":"A quelques heures du jugement des 46 soldats ivoiriens, \u00ab r\u00e9v\u00e9lations \u00bb sur le contenu du m\u00e9morandum sign\u00e9 entre Abidjan et Bamako"},"content":{"rendered":"<p><span style=\"color: #ff6600\"><strong>Africa-Press &#8211; C\u00f4te d&rsquo;Ivoire. <\/strong><\/span>La journe\u0301e de ce jeudi 29 de\u0301cembre 2022 s\u2019annonce de\u0301cisive pour les 46 soldats ivoiriens de\u0301tenus au Mali depuis le 10 juillet dernier.<\/p>\n<p>Ils comparaitront devant la cour d\u2019assises de Bamako, pour des faits de \u00ab mercenaires \u00bb et de \u00ab tentative d\u2019atteinte a\u0300 la su\u0302rete\u0301 exte\u0301rieure de l\u2019Etat \u00bb<\/p>\n<p>La tenue de cette assise survient une semaine apre\u0300s la signature d\u2019un me\u0301morandum pour la libe\u0301ration de ces soldats, entre le ministre des Affaires e\u0301trange\u0300res et de la Coope\u0301ration internationale, Abdoulaye Diop, et le ministre de la De\u0301fense de la Co\u0302te d\u2019Ivoire, Te\u0301ne\u0301 Ibrahim Ouattara, sous l\u2019e\u0301gide de la me\u0301diation togolaise, conduite par l\u2019e\u0301missaire de Faure Eyadema, Robert Dussey.<\/p>\n<p>Nous apprenons ce jeudi de sources concordantes, que le document stipulerait que , \u00ab les deux pays se sont engage\u0301s a\u0300 renforcer leurs relations, a\u0300 promouvoir la paix et \u0153uvrer au renforcement des relations d\u2019amitie\u0301, de fraternite\u0301 et de bon voisinage entre les deux pays, pour converger dans une dynamique positive. Ils se sont, en outre, engage\u0301s a\u0300 mettre l\u2019inte\u0301re\u0302t des populations et celui de la Re\u0301gion au-dessus de toute autre conside\u0301ration. \u00bb<\/p>\n<p>\u00ab C\u2019est dans ce sillage, et conforme\u0301ment au respect des proce\u0301dures judiciaires en cours, que la justice malienne a de\u0301cide\u0301 de tenir cette assise spe\u0301ciale \u00bb, explique-t-on. Selon une autre source a\u0300 l\u2019issue de ce jugement les 46 soldats retrouveront la liberte\u0301<\/p>\n<p><strong>Pour plus d&rsquo;informations et d&rsquo;analyses sur la <a href=\"https:\/\/www.africa-press.net\/cotedivoire\">C\u00f4te d&rsquo;Ivoire<\/a>, suivez <a href=\"https:\/\/www.africa-press.net\/\">Africa-Press<\/a><\/strong><\/p>\n","protected":false},"excerpt":{"rendered":"<p>Africa-Press &#8211; C\u00f4te d&rsquo;Ivoire. La journe\u0301e de ce jeudi 29 de\u0301cembre 2022 s\u2019annonce de\u0301cisive pour les 46 soldats ivoiriens de\u0301tenus au Mali depuis le 10 juillet dernier. Ils comparaitront devant la cour d\u2019assises de Bamako, pour des faits de \u00ab mercenaires \u00bb et de \u00ab tentative d\u2019atteinte a\u0300 la su\u0302rete\u0301 exte\u0301rieure de l\u2019Etat \u00bb La [&hellip;]<\/p>\n","protected":false},"author":82,"featured_media":50734,"comment_status":"open","ping_status":"closed","sticky":false,"template":"","format":"standard","meta":{"footnotes":""},"categories":[2,70,20,10],"tags":[56,63,455,29,8569,8568,8570,6693,5415,650],"class_list":["post-50735","post","type-post","status-publish","format-standard","has-post-thumbnail","hentry","category-politique","category-to-homepage","category-top-nouvelles","category-toutes-les-actualites","tag-africa-press","tag-africa-press-cote-divoire","tag-bamako","tag-cote-divoire","tag-diop","tag-dussey","tag-jugement","tag-memorandum","tag-soldats","tag-tene-birahima"],"yoast_head":"<!-- This site is optimized with the Yoast SEO Premium plugin v26.1 (Yoast SEO v27.0) - https:\/\/yoast.com\/product\/yoast-seo-premium-wordpress\/ -->\n<title>A quelques heures du jugement des 46 soldats ivoiriens, \u00ab r\u00e9v\u00e9lations \u00bb sur le contenu du m\u00e9morandum sign\u00e9 entre Abidjan et Bamako - C\u00f4te d&#039;Ivoire<\/title>\n<meta name=\"description\" content=\"La journe\u0301e de ce jeudi 29 de\u0301cembre 2022 s\u2019annonce de\u0301cisive pour les 46 soldats ivoiriens de\u0301tenus au Mali depuis le 1 ...\" \/>\n<meta name=\"robots\" content=\"index, follow, max-snippet:-1, max-image-preview:large, max-video-preview:-1\" \/>\n<link rel=\"canonical\" href=\"https:\/\/www.africa-press.net\/cotedivoire\/politique\/a-quelques-heures-du-jugement-des-46-soldats-ivoiriens-revelations-sur-le-contenu-du-memorandum-signe-entre-abidjan-et-bamako\" \/>\n<meta property=\"og:locale\" content=\"fr_FR\" \/>\n<meta property=\"og:type\" content=\"article\" \/>\n<meta property=\"og:title\" content=\"A quelques heures du jugement des 46 soldats ivoiriens, \u00ab r\u00e9v\u00e9lations \u00bb sur le contenu du m\u00e9morandum sign\u00e9 entre Abidjan et Bamako\" \/>\n<meta property=\"og:description\" content=\"La journe\u0301e de ce jeudi 29 de\u0301cembre 2022 s\u2019annonce de\u0301cisive pour les 46 soldats ivoiriens de\u0301tenus au Mali depuis le 1 ...\" \/>\n<meta property=\"og:url\" content=\"https:\/\/www.africa-press.net\/cotedivoire\/politique\/a-quelques-heures-du-jugement-des-46-soldats-ivoiriens-revelations-sur-le-contenu-du-memorandum-signe-entre-abidjan-et-bamako\" \/>\n<meta property=\"og:site_name\" content=\"C\u00f4te d&#039;Ivoire\" \/>\n<meta property=\"article:published_time\" content=\"2022-12-29T17:08:38+00:00\" \/>\n<meta property=\"article:modified_time\" content=\"2022-12-29T17:32:25+00:00\" \/>\n<meta property=\"og:image\" content=\"https:\/\/static.africa-press.net\/cote\/sites\/43\/2022\/12\/postQueueImg_1672321138.25.jpg\" \/>\n\t<meta property=\"og:image:width\" content=\"720\" \/>\n\t<meta property=\"og:image:height\" content=\"472\" \/>\n\t<meta property=\"og:image:type\" content=\"image\/jpeg\" \/>\n<meta name=\"author\" content=\"cfeditorfr\" \/>\n<meta name=\"twitter:card\" content=\"summary_large_image\" \/>\n<meta name=\"twitter:label1\" content=\"\u00c9crit par\" \/>\n\t<meta name=\"twitter:data1\" content=\"cfeditorfr\" \/>\n\t<meta name=\"twitter:label2\" content=\"Dur\u00e9e de lecture estim\u00e9e\" \/>\n\t<meta name=\"twitter:data2\" content=\"2 minutes\" \/>\n<script type=\"application\/ld+json\" class=\"yoast-schema-graph\">{\"@context\":\"https:\/\/schema.org\",\"@graph\":[{\"@type\":\"Article\",\"@id\":\"https:\/\/www.africa-press.net\/cotedivoire\/politique\/a-quelques-heures-du-jugement-des-46-soldats-ivoiriens-revelations-sur-le-contenu-du-memorandum-signe-entre-abidjan-et-bamako#article\",\"isPartOf\":{\"@id\":\"https:\/\/www.africa-press.net\/cotedivoire\/politique\/a-quelques-heures-du-jugement-des-46-soldats-ivoiriens-revelations-sur-le-contenu-du-memorandum-signe-entre-abidjan-et-bamako\"},\"author\":{\"name\":\"cfeditorfr\",\"@id\":\"https:\/\/www.africa-press.net\/cotedivoire\/#\/schema\/person\/2b1cf3cd81a31e3cd26889ca66d677f1\"},\"headline\":\"A quelques heures du jugement des 46 soldats ivoiriens, \u00ab r\u00e9v\u00e9lations \u00bb sur le contenu du m\u00e9morandum sign\u00e9 entre Abidjan et Bamako\",\"datePublished\":\"2022-12-29T17:08:38+00:00\",\"dateModified\":\"2022-12-29T17:32:25+00:00\",\"mainEntityOfPage\":{\"@id\":\"https:\/\/www.africa-press.net\/cotedivoire\/politique\/a-quelques-heures-du-jugement-des-46-soldats-ivoiriens-revelations-sur-le-contenu-du-memorandum-signe-entre-abidjan-et-bamako\"},\"wordCount\":293,\"commentCount\":0,\"image\":{\"@id\":\"https:\/\/www.africa-press.net\/cotedivoire\/politique\/a-quelques-heures-du-jugement-des-46-soldats-ivoiriens-revelations-sur-le-contenu-du-memorandum-signe-entre-abidjan-et-bamako#primaryimage\"},\"thumbnailUrl\":\"https:\/\/static.africa-press.net\/cote\/sites\/43\/2022\/12\/postQueueImg_1672321138.25.jpg\",\"keywords\":[\"Africa Press\",\"Africa Press-C\u00f4te d'Ivoire\",\"Bamako\",\"C\u00d4TE D'IVOIRE\",\"Diop\",\"Dussey\",\"jugement\",\"M\u00e9morandum\",\"soldats\",\"T\u00e9n\u00e9 Birahima\"],\"articleSection\":[\"Politique\",\"to-homepage\",\"Top Nouvelles\",\"Toutes les actualit\u00e9s\"],\"inLanguage\":\"fr-FR\",\"potentialAction\":[{\"@type\":\"CommentAction\",\"name\":\"Comment\",\"target\":[\"https:\/\/www.africa-press.net\/cotedivoire\/politique\/a-quelques-heures-du-jugement-des-46-soldats-ivoiriens-revelations-sur-le-contenu-du-memorandum-signe-entre-abidjan-et-bamako#respond\"]}]},{\"@type\":\"WebPage\",\"@id\":\"https:\/\/www.africa-press.net\/cotedivoire\/politique\/a-quelques-heures-du-jugement-des-46-soldats-ivoiriens-revelations-sur-le-contenu-du-memorandum-signe-entre-abidjan-et-bamako\",\"url\":\"https:\/\/www.africa-press.net\/cotedivoire\/politique\/a-quelques-heures-du-jugement-des-46-soldats-ivoiriens-revelations-sur-le-contenu-du-memorandum-signe-entre-abidjan-et-bamako\",\"name\":\"A quelques heures du jugement des 46 soldats ivoiriens, \u00ab r\u00e9v\u00e9lations \u00bb sur le contenu du m\u00e9morandum sign\u00e9 entre Abidjan et Bamako - C\u00f4te d&#039;Ivoire\",\"isPartOf\":{\"@id\":\"https:\/\/www.africa-press.net\/cotedivoire\/#website\"},\"primaryImageOfPage\":{\"@id\":\"https:\/\/www.africa-press.net\/cotedivoire\/politique\/a-quelques-heures-du-jugement-des-46-soldats-ivoiriens-revelations-sur-le-contenu-du-memorandum-signe-entre-abidjan-et-bamako#primaryimage\"},\"image\":{\"@id\":\"https:\/\/www.africa-press.net\/cotedivoire\/politique\/a-quelques-heures-du-jugement-des-46-soldats-ivoiriens-revelations-sur-le-contenu-du-memorandum-signe-entre-abidjan-et-bamako#primaryimage\"},\"thumbnailUrl\":\"https:\/\/static.africa-press.net\/cote\/sites\/43\/2022\/12\/postQueueImg_1672321138.25.jpg\",\"datePublished\":\"2022-12-29T17:08:38+00:00\",\"dateModified\":\"2022-12-29T17:32:25+00:00\",\"author\":{\"@id\":\"https:\/\/www.africa-press.net\/cotedivoire\/#\/schema\/person\/2b1cf3cd81a31e3cd26889ca66d677f1\"},\"description\":\"La journe\u0301e de ce jeudi 29 de\u0301cembre 2022 s\u2019annonce de\u0301cisive pour les 46 soldats ivoiriens de\u0301tenus au Mali depuis le 1 ...\",\"breadcrumb\":{\"@id\":\"https:\/\/www.africa-press.net\/cotedivoire\/politique\/a-quelques-heures-du-jugement-des-46-soldats-ivoiriens-revelations-sur-le-contenu-du-memorandum-signe-entre-abidjan-et-bamako#breadcrumb\"},\"inLanguage\":\"fr-FR\",\"potentialAction\":[{\"@type\":\"ReadAction\",\"target\":[\"https:\/\/www.africa-press.net\/cotedivoire\/politique\/a-quelques-heures-du-jugement-des-46-soldats-ivoiriens-revelations-sur-le-contenu-du-memorandum-signe-entre-abidjan-et-bamako\"]}]},{\"@type\":\"ImageObject\",\"inLanguage\":\"fr-FR\",\"@id\":\"https:\/\/www.africa-press.net\/cotedivoire\/politique\/a-quelques-heures-du-jugement-des-46-soldats-ivoiriens-revelations-sur-le-contenu-du-memorandum-signe-entre-abidjan-et-bamako#primaryimage\",\"url\":\"https:\/\/static.africa-press.net\/cote\/sites\/43\/2022\/12\/postQueueImg_1672321138.25.jpg\",\"contentUrl\":\"https:\/\/static.africa-press.net\/cote\/sites\/43\/2022\/12\/postQueueImg_1672321138.25.jpg\",\"width\":720,\"height\":472,\"caption\":\"A quelques heures du jugement des 46 soldats ivoiriens, \u00ab r\u00e9v\u00e9lations \u00bb sur le contenu du m\u00e9morandum sign\u00e9 entre Abidjan et Bamako\"},{\"@type\":\"BreadcrumbList\",\"@id\":\"https:\/\/www.africa-press.net\/cotedivoire\/politique\/a-quelques-heures-du-jugement-des-46-soldats-ivoiriens-revelations-sur-le-contenu-du-memorandum-signe-entre-abidjan-et-bamako#breadcrumb\",\"itemListElement\":[{\"@type\":\"ListItem\",\"position\":1,\"name\":\"Accueil\",\"item\":\"https:\/\/www.africa-press.net\/cotedivoire\/\"},{\"@type\":\"ListItem\",\"position\":2,\"name\":\"A quelques heures du jugement des 46 soldats ivoiriens, \u00ab r\u00e9v\u00e9lations \u00bb sur le contenu du m\u00e9morandum sign\u00e9 entre Abidjan et Bamako\"}]},{\"@type\":\"WebSite\",\"@id\":\"https:\/\/www.africa-press.net\/cotedivoire\/#website\",\"url\":\"https:\/\/www.africa-press.net\/cotedivoire\/\",\"name\":\"C\u00f4te d&#039;Ivoire\",\"description\":\"Just another Africa News Agency Sites site\",\"potentialAction\":[{\"@type\":\"SearchAction\",\"target\":{\"@type\":\"EntryPoint\",\"urlTemplate\":\"https:\/\/www.africa-press.net\/cotedivoire\/?s={search_term_string}\"},\"query-input\":{\"@type\":\"PropertyValueSpecification\",\"valueRequired\":true,\"valueName\":\"search_term_string\"}}],\"inLanguage\":\"fr-FR\"},{\"@type\":\"Person\",\"@id\":\"https:\/\/www.africa-press.net\/cotedivoire\/#\/schema\/person\/2b1cf3cd81a31e3cd26889ca66d677f1\",\"name\":\"cfeditorfr\"}]}<\/script>\n<!-- \/ Yoast SEO Premium plugin. -->","yoast_head_json":{"title":"A quelques heures du jugement des 46 soldats ivoiriens, \u00ab r\u00e9v\u00e9lations \u00bb sur le contenu du m\u00e9morandum sign\u00e9 entre Abidjan et Bamako - C\u00f4te d&#039;Ivoire","description":"La journe\u0301e de ce jeudi 29 de\u0301cembre 2022 s\u2019annonce de\u0301cisive pour les 46 soldats ivoiriens de\u0301tenus au Mali depuis le 1 ...","robots":{"index":"index","follow":"follow","max-snippet":"max-snippet:-1","max-image-preview":"max-image-preview:large","max-video-preview":"max-video-preview:-1"},"canonical":"https:\/\/www.africa-press.net\/cotedivoire\/politique\/a-quelques-heures-du-jugement-des-46-soldats-ivoiriens-revelations-sur-le-contenu-du-memorandum-signe-entre-abidjan-et-bamako","og_locale":"fr_FR","og_type":"article","og_title":"A quelques heures du jugement des 46 soldats ivoiriens, \u00ab r\u00e9v\u00e9lations \u00bb sur le contenu du m\u00e9morandum sign\u00e9 entre Abidjan et Bamako","og_description":"La journe\u0301e de ce jeudi 29 de\u0301cembre 2022 s\u2019annonce de\u0301cisive pour les 46 soldats ivoiriens de\u0301tenus au Mali depuis le 1 ...","og_url":"https:\/\/www.africa-press.net\/cotedivoire\/politique\/a-quelques-heures-du-jugement-des-46-soldats-ivoiriens-revelations-sur-le-contenu-du-memorandum-signe-entre-abidjan-et-bamako","og_site_name":"C\u00f4te d&#039;Ivoire","article_published_time":"2022-12-29T17:08:38+00:00","article_modified_time":"2022-12-29T17:32:25+00:00","og_image":[{"width":720,"height":472,"url":"https:\/\/static.africa-press.net\/cote\/sites\/43\/2022\/12\/postQueueImg_1672321138.25.jpg","type":"image\/jpeg"}],"author":"cfeditorfr","twitter_card":"summary_large_image","twitter_misc":{"\u00c9crit par":"cfeditorfr","Dur\u00e9e de lecture estim\u00e9e":"2 minutes"},"schema":{"@context":"https:\/\/schema.org","@graph":[{"@type":"Article","@id":"https:\/\/www.africa-press.net\/cotedivoire\/politique\/a-quelques-heures-du-jugement-des-46-soldats-ivoiriens-revelations-sur-le-contenu-du-memorandum-signe-entre-abidjan-et-bamako#article","isPartOf":{"@id":"https:\/\/www.africa-press.net\/cotedivoire\/politique\/a-quelques-heures-du-jugement-des-46-soldats-ivoiriens-revelations-sur-le-contenu-du-memorandum-signe-entre-abidjan-et-bamako"},"author":{"name":"cfeditorfr","@id":"https:\/\/www.africa-press.net\/cotedivoire\/#\/schema\/person\/2b1cf3cd81a31e3cd26889ca66d677f1"},"headline":"A quelques heures du jugement des 46 soldats ivoiriens, \u00ab r\u00e9v\u00e9lations \u00bb sur le contenu du m\u00e9morandum sign\u00e9 entre Abidjan et Bamako","datePublished":"2022-12-29T17:08:38+00:00","dateModified":"2022-12-29T17:32:25+00:00","mainEntityOfPage":{"@id":"https:\/\/www.africa-press.net\/cotedivoire\/politique\/a-quelques-heures-du-jugement-des-46-soldats-ivoiriens-revelations-sur-le-contenu-du-memorandum-signe-entre-abidjan-et-bamako"},"wordCount":293,"commentCount":0,"image":{"@id":"https:\/\/www.africa-press.net\/cotedivoire\/politique\/a-quelques-heures-du-jugement-des-46-soldats-ivoiriens-revelations-sur-le-contenu-du-memorandum-signe-entre-abidjan-et-bamako#primaryimage"},"thumbnailUrl":"https:\/\/static.africa-press.net\/cote\/sites\/43\/2022\/12\/postQueueImg_1672321138.25.jpg","keywords":["Africa Press","Africa Press-C\u00f4te d'Ivoire","Bamako","C\u00d4TE D'IVOIRE","Diop","Dussey","jugement","M\u00e9morandum","soldats","T\u00e9n\u00e9 Birahima"],"articleSection":["Politique","to-homepage","Top Nouvelles","Toutes les actualit\u00e9s"],"inLanguage":"fr-FR","potentialAction":[{"@type":"CommentAction","name":"Comment","target":["https:\/\/www.africa-press.net\/cotedivoire\/politique\/a-quelques-heures-du-jugement-des-46-soldats-ivoiriens-revelations-sur-le-contenu-du-memorandum-signe-entre-abidjan-et-bamako#respond"]}]},{"@type":"WebPage","@id":"https:\/\/www.africa-press.net\/cotedivoire\/politique\/a-quelques-heures-du-jugement-des-46-soldats-ivoiriens-revelations-sur-le-contenu-du-memorandum-signe-entre-abidjan-et-bamako","url":"https:\/\/www.africa-press.net\/cotedivoire\/politique\/a-quelques-heures-du-jugement-des-46-soldats-ivoiriens-revelations-sur-le-contenu-du-memorandum-signe-entre-abidjan-et-bamako","name":"A quelques heures du jugement des 46 soldats ivoiriens, \u00ab r\u00e9v\u00e9lations \u00bb sur le contenu du m\u00e9morandum sign\u00e9 entre Abidjan et Bamako - C\u00f4te d&#039;Ivoire","isPartOf":{"@id":"https:\/\/www.africa-press.net\/cotedivoire\/#website"},"primaryImageOfPage":{"@id":"https:\/\/www.africa-press.net\/cotedivoire\/politique\/a-quelques-heures-du-jugement-des-46-soldats-ivoiriens-revelations-sur-le-contenu-du-memorandum-signe-entre-abidjan-et-bamako#primaryimage"},"image":{"@id":"https:\/\/www.africa-press.net\/cotedivoire\/politique\/a-quelques-heures-du-jugement-des-46-soldats-ivoiriens-revelations-sur-le-contenu-du-memorandum-signe-entre-abidjan-et-bamako#primaryimage"},"thumbnailUrl":"https:\/\/static.africa-press.net\/cote\/sites\/43\/2022\/12\/postQueueImg_1672321138.25.jpg","datePublished":"2022-12-29T17:08:38+00:00","dateModified":"2022-12-29T17:32:25+00:00","author":{"@id":"https:\/\/www.africa-press.net\/cotedivoire\/#\/schema\/person\/2b1cf3cd81a31e3cd26889ca66d677f1"},"description":"La journe\u0301e de ce jeudi 29 de\u0301cembre 2022 s\u2019annonce de\u0301cisive pour les 46 soldats ivoiriens de\u0301tenus au Mali depuis le 1 ...","breadcrumb":{"@id":"https:\/\/www.africa-press.net\/cotedivoire\/politique\/a-quelques-heures-du-jugement-des-46-soldats-ivoiriens-revelations-sur-le-contenu-du-memorandum-signe-entre-abidjan-et-bamako#breadcrumb"},"inLanguage":"fr-FR","potentialAction":[{"@type":"ReadAction","target":["https:\/\/www.africa-press.net\/cotedivoire\/politique\/a-quelques-heures-du-jugement-des-46-soldats-ivoiriens-revelations-sur-le-contenu-du-memorandum-signe-entre-abidjan-et-bamako"]}]},{"@type":"ImageObject","inLanguage":"fr-FR","@id":"https:\/\/www.africa-press.net\/cotedivoire\/politique\/a-quelques-heures-du-jugement-des-46-soldats-ivoiriens-revelations-sur-le-contenu-du-memorandum-signe-entre-abidjan-et-bamako#primaryimage","url":"https:\/\/static.africa-press.net\/cote\/sites\/43\/2022\/12\/postQueueImg_1672321138.25.jpg","contentUrl":"https:\/\/static.africa-press.net\/cote\/sites\/43\/2022\/12\/postQueueImg_1672321138.25.jpg","width":720,"height":472,"caption":"A quelques heures du jugement des 46 soldats ivoiriens, \u00ab r\u00e9v\u00e9lations \u00bb sur le contenu du m\u00e9morandum sign\u00e9 entre Abidjan et Bamako"},{"@type":"BreadcrumbList","@id":"https:\/\/www.africa-press.net\/cotedivoire\/politique\/a-quelques-heures-du-jugement-des-46-soldats-ivoiriens-revelations-sur-le-contenu-du-memorandum-signe-entre-abidjan-et-bamako#breadcrumb","itemListElement":[{"@type":"ListItem","position":1,"name":"Accueil","item":"https:\/\/www.africa-press.net\/cotedivoire\/"},{"@type":"ListItem","position":2,"name":"A quelques heures du jugement des 46 soldats ivoiriens, \u00ab r\u00e9v\u00e9lations \u00bb sur le contenu du m\u00e9morandum sign\u00e9 entre Abidjan et Bamako"}]},{"@type":"WebSite","@id":"https:\/\/www.africa-press.net\/cotedivoire\/#website","url":"https:\/\/www.africa-press.net\/cotedivoire\/","name":"C\u00f4te d&#039;Ivoire","description":"Just another Africa News Agency Sites site","potentialAction":[{"@type":"SearchAction","target":{"@type":"EntryPoint","urlTemplate":"https:\/\/www.africa-press.net\/cotedivoire\/?s={search_term_string}"},"query-input":{"@type":"PropertyValueSpecification","valueRequired":true,"valueName":"search_term_string"}}],"inLanguage":"fr-FR"},{"@type":"Person","@id":"https:\/\/www.africa-press.net\/cotedivoire\/#\/schema\/person\/2b1cf3cd81a31e3cd26889ca66d677f1","name":"cfeditorfr"}]}},"_links":{"self":[{"href":"https:\/\/www.africa-press.net\/cotedivoire\/wp-json\/wp\/v2\/posts\/50735","targetHints":{"allow":["GET"]}}],"collection":[{"href":"https:\/\/www.africa-press.net\/cotedivoire\/wp-json\/wp\/v2\/posts"}],"about":[{"href":"https:\/\/www.africa-press.net\/cotedivoire\/wp-json\/wp\/v2\/types\/post"}],"author":[{"embeddable":true,"href":"https:\/\/www.africa-press.net\/cotedivoire\/wp-json\/wp\/v2\/users\/82"}],"replies":[{"embeddable":true,"href":"https:\/\/www.africa-press.net\/cotedivoire\/wp-json\/wp\/v2\/comments?post=50735"}],"version-history":[{"count":0,"href":"https:\/\/www.africa-press.net\/cotedivoire\/wp-json\/wp\/v2\/posts\/50735\/revisions"}],"wp:featuredmedia":[{"embeddable":true,"href":"https:\/\/www.africa-press.net\/cotedivoire\/wp-json\/wp\/v2\/media\/50734"}],"wp:attachment":[{"href":"https:\/\/www.africa-press.net\/cotedivoire\/wp-json\/wp\/v2\/media?parent=50735"}],"wp:term":[{"taxonomy":"category","embeddable":true,"href":"https:\/\/www.africa-press.net\/cotedivoire\/wp-json\/wp\/v2\/categories?post=50735"},{"taxonomy":"post_tag","embeddable":true,"href":"https:\/\/www.africa-press.net\/cotedivoire\/wp-json\/wp\/v2\/tags?post=50735"}],"curies":[{"name":"wp","href":"https:\/\/api.w.org\/{rel}","templated":true}]}}