{"id":50794,"date":"2022-12-30T14:20:17","date_gmt":"2022-12-30T14:20:17","guid":{"rendered":"https:\/\/www.africa-press.net\/cotedivoire\/politique\/cote-divoire-bingerville-consultation-populaire-pour-la-designation-du-chef-de-village-de-elokate-cinq-postulants-declares"},"modified":"2022-12-30T14:34:10","modified_gmt":"2022-12-30T14:34:10","slug":"cote-divoire-bingerville-consultation-populaire-pour-la-designation-du-chef-de-village-de-elokate-cinq-postulants-declares","status":"publish","type":"post","link":"https:\/\/www.africa-press.net\/cotedivoire\/toutes-les-actualites\/cote-divoire-bingerville-consultation-populaire-pour-la-designation-du-chef-de-village-de-elokate-cinq-postulants-declares","title":{"rendered":"C\u00f4te d&rsquo;Ivoire\u00a0:   Bingerville, consultation populaire pour la d\u00e9signation du chef de village de Elokat\u00e9, cinq postulants d\u00e9clar\u00e9s"},"content":{"rendered":"<p><span style=\"color: #ff6600\"><strong>Africa-Press &#8211; C\u00f4te d&rsquo;Ivoire. <\/strong><\/span><\/p>\n<p>Anoh Be\u0301dia Oswald, Sous-pre\u0301fet de Bingerville a convoque\u0301 a\u0300 la demande de la ge\u0301ne\u0301ration Tchagba au pouvoir une se\u0301ance de travail relative a\u0300 la consultation populaire en vue de la nomination du chef de village de Elokate\u0301 situe\u0301 a\u0300 quelques encablures du chef-lieu de sous-pre\u0301fecture.<\/p>\n<p>La se\u0301ance de travail s&rsquo;est de\u0301roule\u0301e hier dans une atmosphe\u0300re un peu tendue par moment. Malheureusement, elle n&rsquo;a pas abouti a\u0300 la de\u0301signation du futur chef de la ge\u0301ne\u0301ration Tchagba qui devra diriger le village dans les prochaines anne\u0301es.<\/p>\n<p>Le chef de la ge\u0301ne\u0301ration Tchagba, les chefs de cate\u0301gories et le guerrier en chef cense\u0301s communiquer le nom du futur chef du village, conforme\u0301ment aux us et coutumes, ne sont pas parvenus a\u0300 le faire, puisque cinq postulants sont sortis du lot.<\/p>\n<p>Il s&rsquo;agit de Assemian Ossiri Florent, de Nogbou Barthe\u0301lemy, de Atchiamon Maturin, de Akoue\u0301kou Hyacinthe et de Djama Djama Williams. Face a\u0300 cette ple\u0301thore de postulants, le Sous-pre\u0301fet, en se re\u0301fe\u0301rant a\u0300 sa hie\u0301rarchie, a mis fin a\u0300 cette consultation populaire qui devrait aboutir a\u0300 la de\u0301livrance de l&rsquo;arre\u0302te\u0301 pre\u0301fectoral au chef de village le\u0301galement reconnu.<\/p>\n<p>Avant la de\u0301signation du chef du village, Anoh Be\u0301dia Oswald a donne\u0301 la parole a\u0300 tous ceux qui ont voulu s&rsquo;exprimer et ont donne\u0301 leurs avis sur quelques inquie\u0301tudes qu&rsquo;ils avaient.<\/p>\n<p>\u00ab Comment se fait la de\u0301signation du chef de village ? Qui doit de\u0301signer le chef du village, etc. ? \u00bb, se sont autant de questions que le Sous-pre\u0301fet a pose\u0301 aux sachant a\u0300 la place du village qui abrite\u0301 cette se\u0301ance de travail et qui grouillait de monde.<\/p>\n<p>En re\u0301ponse a\u0300 ces diffe\u0301rentes pre\u0301occupations, tous les intervenants ont donne\u0301 des re\u0301ponses en faveur de leur candidat. Cependant, la tendance e\u0301tait en faveur du postulant Assemian Ossiri Florent qui a eu l&rsquo;onction des vrais chefs de cate\u0301gories et du guerrier en chef de la ge\u0301ne\u0301ration Tchagba.<\/p>\n<p>Vu le nombre ple\u0301thorique de candidatures, Docteur Joseph Abo Kobi, le guerrier en chef de la ge\u0301ne\u0301ration Tchagba a affirme\u0301 qu&rsquo;il a assiste\u0301 a\u0300 une consultation atypique, car selon lui, les postulants ont e\u0301te\u0301 suscite\u0301s.<\/p>\n<p>\u00abC&rsquo;est une consultation atypique. Il y a plusieurs postulants et cela a e\u0301te\u0301 suscite\u0301 uniquement par tous ceux qui ont dirige\u0301 le village auparavant. En clair, il faut diviser pour mieux re\u0301gner. Parce que, quand on voit le parcours de Assemian Ossiri Florent, c&rsquo;est l&rsquo;homme qu&rsquo;il faut a\u0300 la place qu&rsquo;il fait. On connai\u0302t sa rigueur et elle va faire des malheureux, surtout dans le camp adverse \u00bb, s&rsquo;est justifie\u0301, Docteur Joseph Abo Kobi.<\/p>\n<p>\u00ab Malheureusement ceux qui ont suscite\u0301 ont commis un crime. Mais un crime n&rsquo;est jamais parfait. Il y a eu des doubles signatures de ceux qui se disent chefs de cate\u0301gories. Le pouvoir, avant en pays atchan, est un pouvoir dirige\u0301 par les hommes matures, c&rsquo;est-a\u0300-dire, une ge\u0301rontocratie, le pouvoir des anciens. On a attendu en 1896, pour que l&rsquo;administration, voulant cre\u0301er une nouvelle administration locale, a dit, il faut un chef et c&rsquo;est dela\u0300 qu&rsquo;est ne\u0301e la chefferie. Mais le Nanan, le patriarche du village qui est Akoube\u0300 oute\u0301, le chef du village. Le Nanan reste l&rsquo;autorite\u0301 supre\u0302me, c&rsquo;est l&rsquo;interme\u0301diaire entre Dieu et les vivants. A\u0300 ce titre, quand il y a une consultation pour de\u0301signer un chef, son ro\u0302le est de faire la libation, ce n&rsquo;est pas de choisir un postulant, pour approuver le choix de la ge\u0301ne\u0301ration \u00bb, a-t-il releve\u0301.<\/p>\n<p>La socie\u0301te\u0301 dans les villages atchan est une socie\u0301te\u0301 a\u0300 classe d&rsquo;a\u0302ge, elle n&rsquo;est pas une socie\u0301te\u0301 convergente. Selon le guerrier en chef de la ge\u0301ne\u0301ration Tchagba, le pouvoir des classes d&rsquo;a\u0302ges permet que le pouvoir en pays atchan est un pouvoir colle\u0301gial.<\/p>\n<p>\u00ab Le chef du village n&rsquo;est qu&rsquo;un porte-parole. Les chefs de cate\u0301gories qui ont de\u0301signe\u0301 celui qui va nous diriger sont les vrais, puisqu&rsquo;en a\u0302ge. Tous ont opte\u0301 pour Assemien Florent \u00bb, a ajoute\u0301 Docteur.<\/p>\n<p>En re\u0301alite\u0301, s&rsquo;il y a eu cinq postulants, cela est du\u0302 au nombre e\u0301leve\u0301 des chefs de cate\u0301gories (Dje\u0301hou, Dogba, les Agban, les Assoukrou) qui en principe devaient e\u0302tre quatre. L&rsquo;on de\u0301nombrait une dizaine et ces derniers ont tous fait des choix.<\/p>\n<p>\u00ab Nanan a dit qu&rsquo;il a donne\u0301 son onction a\u0300 Barthe\u0301lemy qui est le fils d&rsquo;un Blessoue\u0301 or conforme\u0301ment aux us et coutumes, le fils d&rsquo;un Blessoue\u0301 n&rsquo;a pas le droit d&rsquo;e\u0302tre chef. Tout comme le fils d&rsquo;un enfant Tchagba, comme moi. J&rsquo;ai assure\u0301 l&rsquo;inte\u0301rim pendant 2 mois seulement. Je n&rsquo;ai pas le droit d&rsquo;e\u0302tre chef. Pousser par les uns et les autres, il a fait ce choix \u00bb, a-t-il de\u0301plore\u0301.<\/p>\n<p>La balance penche ve\u0301ritablement sans e\u0302tre dans le secret des Dieux pour Assemian Ossiri Florent, le chef choisi par les chefs de cate\u0301gories, comme cela s&rsquo;est fait auparavant.<\/p>\n<p>\u00abC&rsquo;est par se\u0301lection naturelle en a\u0302ge que le chef de la cate\u0301gorie est choisi, certains ont fait rentrer d&rsquo;autres conside\u0301rations, les proble\u0300mes communautaires, religieux qui permettent d&rsquo;exclure certains. La ge\u0301ne\u0301ration a refuse\u0301 cette fac\u0327on de voir, puisque le mai\u0302tre oriente mais il n&rsquo;exclut pas. Heureusement que tout a penche\u0301 en notre faveur. Il y a deux e\u0301le\u0301ments qui ont modifie\u0301 le comportement des uns et des autres, qui ont fait muter notre socie\u0301te\u0301. Il y a le foncier, mais aussi la politique. Depuis 2014, il existe une chambre de Rois et chefs traditionnels, le bruit a couru qu&rsquo;ils sont paye\u0301s, on revient a\u0300 la case de\u0301part, l&rsquo;argent. Auparavant nos parents disaient qu&rsquo;on est chef pour e\u0302tre au service des autres. Aujourd&rsquo;hui, on est chef, parce qu&rsquo;on veut se servir de la chefferie pour s&rsquo;enrichir. Voila\u0300 la raison principale qui fait qu&rsquo;il y a beaucoup de postulants \u00bb, a confirme\u0301, Docteur.<\/p>\n<p>Nous apprenions par ailleurs que, Anoh Be\u0301dia Oswald, Sous-pre\u0301fet de Bingerville a e\u0301te\u0301 mute\u0301 dans une autre localite\u0301. Certainement que le nouveau chef de village d&rsquo;Elokate\u0301 recevra son arre\u0302te\u0301 pre\u0301fectoral dans le mois de janvier, avant son de\u0301part pour son nouveau poste.<\/p>\n<p>Tout choix e\u0301tant douloureux, Docteur Joseph Abo Kobi, le guerrier en chef de la ge\u0301ne\u0301ration Tchagba, reste convaincu qu&rsquo;il n&rsquo;y aura pas de soule\u0300vement dans le village si Assemian Ossiri Florent qui assure l&rsquo;inte\u0301rim est de\u0301signe\u0301.<\/p>\n<p>\u00ab Il n&rsquo;y aura pas de soule\u0300vement. C&rsquo;est parce que les populations n&rsquo;aimaient la notion de chef inte\u0301rimaire. Quand le nouveau chef aura les coude\u0301es franches, chacun va se mettre au service des uns et des autres. Et, comme la re\u0301conciliation ne se de\u0301cre\u0300te, elle est un processus, nous allons utiliser nos compe\u0301tences pour rencontrer tout le monde \u00bb, a-t-il conclu.<\/p>\n<p><strong>Pour plus d&rsquo;informations et d&rsquo;analyses sur la <a href=\"https:\/\/www.africa-press.net\/cotedivoire\">C\u00f4te d&rsquo;Ivoire<\/a>, suivez <a href=\"https:\/\/www.africa-press.net\/\">Africa-Press<\/a><\/strong><\/p>\n","protected":false},"excerpt":{"rendered":"<p>Africa-Press &#8211; C\u00f4te d&rsquo;Ivoire. Anoh Be\u0301dia Oswald, Sous-pre\u0301fet de Bingerville a convoque\u0301 a\u0300 la demande de la ge\u0301ne\u0301ration Tchagba au pouvoir une se\u0301ance de travail relative a\u0300 la consultation populaire en vue de la nomination du chef de village de Elokate\u0301 situe\u0301 a\u0300 quelques encablures du chef-lieu de sous-pre\u0301fecture. La se\u0301ance de travail s&rsquo;est de\u0301roule\u0301e [&hellip;]<\/p>\n","protected":false},"author":82,"featured_media":50792,"comment_status":"open","ping_status":"closed","sticky":false,"template":"","format":"standard","meta":{"footnotes":""},"categories":[21,10],"tags":[56,63,8581,1731,29,1534],"class_list":["post-50794","post","type-post","status-publish","format-standard","has-post-thumbnail","hentry","category-communaute","category-toutes-les-actualites","tag-africa-press","tag-africa-press-cote-divoire","tag-assemian-ossiri-florent","tag-bingerville","tag-cote-divoire","tag-elokate"],"yoast_head":"<!-- This site is optimized with the Yoast SEO Premium plugin v26.1 (Yoast SEO v27.0) - https:\/\/yoast.com\/product\/yoast-seo-premium-wordpress\/ -->\n<title>C\u00f4te d&#039;Ivoire\u00a0:  Bingerville, consultation populaire pour la d\u00e9signation du chef de village de Elokat\u00e9, cinq postulants d\u00e9clar\u00e9s - C\u00f4te d&#039;Ivoire<\/title>\n<meta name=\"description\" content=\"\ufeff Anoh Be\u0301dia Oswald, Sous-pre\u0301fet de Bingerville a convoque\u0301 a\u0300 la demande de la ge\u0301ne\u0301ration Tchagba au pouvoir une s ...\" \/>\n<meta name=\"robots\" content=\"index, follow, max-snippet:-1, max-image-preview:large, max-video-preview:-1\" \/>\n<link rel=\"canonical\" href=\"https:\/\/www.africa-press.net\/cotedivoire\/toutes-les-actualites\/cote-divoire-bingerville-consultation-populaire-pour-la-designation-du-chef-de-village-de-elokate-cinq-postulants-declares\" \/>\n<meta property=\"og:locale\" content=\"fr_FR\" \/>\n<meta property=\"og:type\" content=\"article\" \/>\n<meta property=\"og:title\" content=\"C\u00f4te d&#039;Ivoire\u00a0:  Bingerville, consultation populaire pour la d\u00e9signation du chef de village de Elokat\u00e9, cinq postulants d\u00e9clar\u00e9s\" \/>\n<meta property=\"og:description\" content=\"\ufeff Anoh Be\u0301dia Oswald, Sous-pre\u0301fet de Bingerville a convoque\u0301 a\u0300 la demande de la ge\u0301ne\u0301ration Tchagba au pouvoir une s ...\" \/>\n<meta property=\"og:url\" content=\"https:\/\/www.africa-press.net\/cotedivoire\/toutes-les-actualites\/cote-divoire-bingerville-consultation-populaire-pour-la-designation-du-chef-de-village-de-elokate-cinq-postulants-declares\" \/>\n<meta property=\"og:site_name\" content=\"C\u00f4te d&#039;Ivoire\" \/>\n<meta property=\"article:published_time\" content=\"2022-12-30T14:20:17+00:00\" \/>\n<meta property=\"article:modified_time\" content=\"2022-12-30T14:34:10+00:00\" \/>\n<meta property=\"og:image\" content=\"https:\/\/static.africa-press.net\/cote\/sites\/43\/2022\/12\/postQueueImg_1672397438.65.jpg\" \/>\n\t<meta property=\"og:image:width\" content=\"720\" \/>\n\t<meta property=\"og:image:height\" content=\"336\" \/>\n\t<meta property=\"og:image:type\" content=\"image\/jpeg\" \/>\n<meta name=\"author\" content=\"cfeditorfr\" \/>\n<meta name=\"twitter:card\" content=\"summary_large_image\" \/>\n<meta name=\"twitter:label1\" content=\"\u00c9crit par\" \/>\n\t<meta name=\"twitter:data1\" content=\"cfeditorfr\" \/>\n\t<meta name=\"twitter:label2\" content=\"Dur\u00e9e de lecture estim\u00e9e\" \/>\n\t<meta name=\"twitter:data2\" content=\"6 minutes\" \/>\n<script type=\"application\/ld+json\" class=\"yoast-schema-graph\">{\"@context\":\"https:\/\/schema.org\",\"@graph\":[{\"@type\":\"Article\",\"@id\":\"https:\/\/www.africa-press.net\/cotedivoire\/toutes-les-actualites\/cote-divoire-bingerville-consultation-populaire-pour-la-designation-du-chef-de-village-de-elokate-cinq-postulants-declares#article\",\"isPartOf\":{\"@id\":\"https:\/\/www.africa-press.net\/cotedivoire\/toutes-les-actualites\/cote-divoire-bingerville-consultation-populaire-pour-la-designation-du-chef-de-village-de-elokate-cinq-postulants-declares\"},\"author\":{\"name\":\"cfeditorfr\",\"@id\":\"https:\/\/www.africa-press.net\/cotedivoire\/#\/schema\/person\/2b1cf3cd81a31e3cd26889ca66d677f1\"},\"headline\":\"C\u00f4te d&rsquo;Ivoire\u00a0: Bingerville, consultation populaire pour la d\u00e9signation du chef de village de Elokat\u00e9, cinq postulants d\u00e9clar\u00e9s\",\"datePublished\":\"2022-12-30T14:20:17+00:00\",\"dateModified\":\"2022-12-30T14:34:10+00:00\",\"mainEntityOfPage\":{\"@id\":\"https:\/\/www.africa-press.net\/cotedivoire\/toutes-les-actualites\/cote-divoire-bingerville-consultation-populaire-pour-la-designation-du-chef-de-village-de-elokate-cinq-postulants-declares\"},\"wordCount\":1280,\"commentCount\":0,\"image\":{\"@id\":\"https:\/\/www.africa-press.net\/cotedivoire\/toutes-les-actualites\/cote-divoire-bingerville-consultation-populaire-pour-la-designation-du-chef-de-village-de-elokate-cinq-postulants-declares#primaryimage\"},\"thumbnailUrl\":\"https:\/\/static.africa-press.net\/cote\/sites\/43\/2022\/12\/postQueueImg_1672397438.65.jpg\",\"keywords\":[\"Africa Press\",\"Africa Press-C\u00f4te d'Ivoire\",\"Assemian Ossiri Florent\",\"Bingerville\",\"C\u00d4TE D'IVOIRE\",\"Elokat\u00e9\"],\"articleSection\":[\"Communaut\u00e9\",\"Toutes les actualit\u00e9s\"],\"inLanguage\":\"fr-FR\",\"potentialAction\":[{\"@type\":\"CommentAction\",\"name\":\"Comment\",\"target\":[\"https:\/\/www.africa-press.net\/cotedivoire\/toutes-les-actualites\/cote-divoire-bingerville-consultation-populaire-pour-la-designation-du-chef-de-village-de-elokate-cinq-postulants-declares#respond\"]}]},{\"@type\":\"WebPage\",\"@id\":\"https:\/\/www.africa-press.net\/cotedivoire\/toutes-les-actualites\/cote-divoire-bingerville-consultation-populaire-pour-la-designation-du-chef-de-village-de-elokate-cinq-postulants-declares\",\"url\":\"https:\/\/www.africa-press.net\/cotedivoire\/toutes-les-actualites\/cote-divoire-bingerville-consultation-populaire-pour-la-designation-du-chef-de-village-de-elokate-cinq-postulants-declares\",\"name\":\"C\u00f4te d'Ivoire\u00a0: Bingerville, consultation populaire pour la d\u00e9signation du chef de village de Elokat\u00e9, cinq postulants d\u00e9clar\u00e9s - C\u00f4te d&#039;Ivoire\",\"isPartOf\":{\"@id\":\"https:\/\/www.africa-press.net\/cotedivoire\/#website\"},\"primaryImageOfPage\":{\"@id\":\"https:\/\/www.africa-press.net\/cotedivoire\/toutes-les-actualites\/cote-divoire-bingerville-consultation-populaire-pour-la-designation-du-chef-de-village-de-elokate-cinq-postulants-declares#primaryimage\"},\"image\":{\"@id\":\"https:\/\/www.africa-press.net\/cotedivoire\/toutes-les-actualites\/cote-divoire-bingerville-consultation-populaire-pour-la-designation-du-chef-de-village-de-elokate-cinq-postulants-declares#primaryimage\"},\"thumbnailUrl\":\"https:\/\/static.africa-press.net\/cote\/sites\/43\/2022\/12\/postQueueImg_1672397438.65.jpg\",\"datePublished\":\"2022-12-30T14:20:17+00:00\",\"dateModified\":\"2022-12-30T14:34:10+00:00\",\"author\":{\"@id\":\"https:\/\/www.africa-press.net\/cotedivoire\/#\/schema\/person\/2b1cf3cd81a31e3cd26889ca66d677f1\"},\"description\":\"\ufeff Anoh Be\u0301dia Oswald, Sous-pre\u0301fet de Bingerville a convoque\u0301 a\u0300 la demande de la ge\u0301ne\u0301ration Tchagba au pouvoir une s ...\",\"breadcrumb\":{\"@id\":\"https:\/\/www.africa-press.net\/cotedivoire\/toutes-les-actualites\/cote-divoire-bingerville-consultation-populaire-pour-la-designation-du-chef-de-village-de-elokate-cinq-postulants-declares#breadcrumb\"},\"inLanguage\":\"fr-FR\",\"potentialAction\":[{\"@type\":\"ReadAction\",\"target\":[\"https:\/\/www.africa-press.net\/cotedivoire\/toutes-les-actualites\/cote-divoire-bingerville-consultation-populaire-pour-la-designation-du-chef-de-village-de-elokate-cinq-postulants-declares\"]}]},{\"@type\":\"ImageObject\",\"inLanguage\":\"fr-FR\",\"@id\":\"https:\/\/www.africa-press.net\/cotedivoire\/toutes-les-actualites\/cote-divoire-bingerville-consultation-populaire-pour-la-designation-du-chef-de-village-de-elokate-cinq-postulants-declares#primaryimage\",\"url\":\"https:\/\/static.africa-press.net\/cote\/sites\/43\/2022\/12\/postQueueImg_1672397438.65.jpg\",\"contentUrl\":\"https:\/\/static.africa-press.net\/cote\/sites\/43\/2022\/12\/postQueueImg_1672397438.65.jpg\",\"width\":720,\"height\":336,\"caption\":\"C\u00f4te d'Ivoire\u00a0: Bingerville, consultation populaire pour la d\u00e9signation du chef de village de Elokat\u00e9, cinq postulants d\u00e9clar\u00e9s\"},{\"@type\":\"BreadcrumbList\",\"@id\":\"https:\/\/www.africa-press.net\/cotedivoire\/toutes-les-actualites\/cote-divoire-bingerville-consultation-populaire-pour-la-designation-du-chef-de-village-de-elokate-cinq-postulants-declares#breadcrumb\",\"itemListElement\":[{\"@type\":\"ListItem\",\"position\":1,\"name\":\"Accueil\",\"item\":\"https:\/\/www.africa-press.net\/cotedivoire\/\"},{\"@type\":\"ListItem\",\"position\":2,\"name\":\"C\u00f4te d&#8217;Ivoire\u00a0: Bingerville, consultation populaire pour la d\u00e9signation du chef de village de Elokat\u00e9, cinq postulants d\u00e9clar\u00e9s\"}]},{\"@type\":\"WebSite\",\"@id\":\"https:\/\/www.africa-press.net\/cotedivoire\/#website\",\"url\":\"https:\/\/www.africa-press.net\/cotedivoire\/\",\"name\":\"C\u00f4te d&#039;Ivoire\",\"description\":\"Just another Africa News Agency Sites site\",\"potentialAction\":[{\"@type\":\"SearchAction\",\"target\":{\"@type\":\"EntryPoint\",\"urlTemplate\":\"https:\/\/www.africa-press.net\/cotedivoire\/?s={search_term_string}\"},\"query-input\":{\"@type\":\"PropertyValueSpecification\",\"valueRequired\":true,\"valueName\":\"search_term_string\"}}],\"inLanguage\":\"fr-FR\"},{\"@type\":\"Person\",\"@id\":\"https:\/\/www.africa-press.net\/cotedivoire\/#\/schema\/person\/2b1cf3cd81a31e3cd26889ca66d677f1\",\"name\":\"cfeditorfr\"}]}<\/script>\n<!-- \/ Yoast SEO Premium plugin. -->","yoast_head_json":{"title":"C\u00f4te d'Ivoire\u00a0:  Bingerville, consultation populaire pour la d\u00e9signation du chef de village de Elokat\u00e9, cinq postulants d\u00e9clar\u00e9s - C\u00f4te d&#039;Ivoire","description":"\ufeff Anoh Be\u0301dia Oswald, Sous-pre\u0301fet de Bingerville a convoque\u0301 a\u0300 la demande de la ge\u0301ne\u0301ration Tchagba au pouvoir une s ...","robots":{"index":"index","follow":"follow","max-snippet":"max-snippet:-1","max-image-preview":"max-image-preview:large","max-video-preview":"max-video-preview:-1"},"canonical":"https:\/\/www.africa-press.net\/cotedivoire\/toutes-les-actualites\/cote-divoire-bingerville-consultation-populaire-pour-la-designation-du-chef-de-village-de-elokate-cinq-postulants-declares","og_locale":"fr_FR","og_type":"article","og_title":"C\u00f4te d'Ivoire\u00a0:  Bingerville, consultation populaire pour la d\u00e9signation du chef de village de Elokat\u00e9, cinq postulants d\u00e9clar\u00e9s","og_description":"\ufeff Anoh Be\u0301dia Oswald, Sous-pre\u0301fet de Bingerville a convoque\u0301 a\u0300 la demande de la ge\u0301ne\u0301ration Tchagba au pouvoir une s ...","og_url":"https:\/\/www.africa-press.net\/cotedivoire\/toutes-les-actualites\/cote-divoire-bingerville-consultation-populaire-pour-la-designation-du-chef-de-village-de-elokate-cinq-postulants-declares","og_site_name":"C\u00f4te d&#039;Ivoire","article_published_time":"2022-12-30T14:20:17+00:00","article_modified_time":"2022-12-30T14:34:10+00:00","og_image":[{"width":720,"height":336,"url":"https:\/\/static.africa-press.net\/cote\/sites\/43\/2022\/12\/postQueueImg_1672397438.65.jpg","type":"image\/jpeg"}],"author":"cfeditorfr","twitter_card":"summary_large_image","twitter_misc":{"\u00c9crit par":"cfeditorfr","Dur\u00e9e de lecture estim\u00e9e":"6 minutes"},"schema":{"@context":"https:\/\/schema.org","@graph":[{"@type":"Article","@id":"https:\/\/www.africa-press.net\/cotedivoire\/toutes-les-actualites\/cote-divoire-bingerville-consultation-populaire-pour-la-designation-du-chef-de-village-de-elokate-cinq-postulants-declares#article","isPartOf":{"@id":"https:\/\/www.africa-press.net\/cotedivoire\/toutes-les-actualites\/cote-divoire-bingerville-consultation-populaire-pour-la-designation-du-chef-de-village-de-elokate-cinq-postulants-declares"},"author":{"name":"cfeditorfr","@id":"https:\/\/www.africa-press.net\/cotedivoire\/#\/schema\/person\/2b1cf3cd81a31e3cd26889ca66d677f1"},"headline":"C\u00f4te d&rsquo;Ivoire\u00a0: Bingerville, consultation populaire pour la d\u00e9signation du chef de village de Elokat\u00e9, cinq postulants d\u00e9clar\u00e9s","datePublished":"2022-12-30T14:20:17+00:00","dateModified":"2022-12-30T14:34:10+00:00","mainEntityOfPage":{"@id":"https:\/\/www.africa-press.net\/cotedivoire\/toutes-les-actualites\/cote-divoire-bingerville-consultation-populaire-pour-la-designation-du-chef-de-village-de-elokate-cinq-postulants-declares"},"wordCount":1280,"commentCount":0,"image":{"@id":"https:\/\/www.africa-press.net\/cotedivoire\/toutes-les-actualites\/cote-divoire-bingerville-consultation-populaire-pour-la-designation-du-chef-de-village-de-elokate-cinq-postulants-declares#primaryimage"},"thumbnailUrl":"https:\/\/static.africa-press.net\/cote\/sites\/43\/2022\/12\/postQueueImg_1672397438.65.jpg","keywords":["Africa Press","Africa Press-C\u00f4te d'Ivoire","Assemian Ossiri Florent","Bingerville","C\u00d4TE D'IVOIRE","Elokat\u00e9"],"articleSection":["Communaut\u00e9","Toutes les actualit\u00e9s"],"inLanguage":"fr-FR","potentialAction":[{"@type":"CommentAction","name":"Comment","target":["https:\/\/www.africa-press.net\/cotedivoire\/toutes-les-actualites\/cote-divoire-bingerville-consultation-populaire-pour-la-designation-du-chef-de-village-de-elokate-cinq-postulants-declares#respond"]}]},{"@type":"WebPage","@id":"https:\/\/www.africa-press.net\/cotedivoire\/toutes-les-actualites\/cote-divoire-bingerville-consultation-populaire-pour-la-designation-du-chef-de-village-de-elokate-cinq-postulants-declares","url":"https:\/\/www.africa-press.net\/cotedivoire\/toutes-les-actualites\/cote-divoire-bingerville-consultation-populaire-pour-la-designation-du-chef-de-village-de-elokate-cinq-postulants-declares","name":"C\u00f4te d'Ivoire\u00a0: Bingerville, consultation populaire pour la d\u00e9signation du chef de village de Elokat\u00e9, cinq postulants d\u00e9clar\u00e9s - C\u00f4te d&#039;Ivoire","isPartOf":{"@id":"https:\/\/www.africa-press.net\/cotedivoire\/#website"},"primaryImageOfPage":{"@id":"https:\/\/www.africa-press.net\/cotedivoire\/toutes-les-actualites\/cote-divoire-bingerville-consultation-populaire-pour-la-designation-du-chef-de-village-de-elokate-cinq-postulants-declares#primaryimage"},"image":{"@id":"https:\/\/www.africa-press.net\/cotedivoire\/toutes-les-actualites\/cote-divoire-bingerville-consultation-populaire-pour-la-designation-du-chef-de-village-de-elokate-cinq-postulants-declares#primaryimage"},"thumbnailUrl":"https:\/\/static.africa-press.net\/cote\/sites\/43\/2022\/12\/postQueueImg_1672397438.65.jpg","datePublished":"2022-12-30T14:20:17+00:00","dateModified":"2022-12-30T14:34:10+00:00","author":{"@id":"https:\/\/www.africa-press.net\/cotedivoire\/#\/schema\/person\/2b1cf3cd81a31e3cd26889ca66d677f1"},"description":"\ufeff Anoh Be\u0301dia Oswald, Sous-pre\u0301fet de Bingerville a convoque\u0301 a\u0300 la demande de la ge\u0301ne\u0301ration Tchagba au pouvoir une s ...","breadcrumb":{"@id":"https:\/\/www.africa-press.net\/cotedivoire\/toutes-les-actualites\/cote-divoire-bingerville-consultation-populaire-pour-la-designation-du-chef-de-village-de-elokate-cinq-postulants-declares#breadcrumb"},"inLanguage":"fr-FR","potentialAction":[{"@type":"ReadAction","target":["https:\/\/www.africa-press.net\/cotedivoire\/toutes-les-actualites\/cote-divoire-bingerville-consultation-populaire-pour-la-designation-du-chef-de-village-de-elokate-cinq-postulants-declares"]}]},{"@type":"ImageObject","inLanguage":"fr-FR","@id":"https:\/\/www.africa-press.net\/cotedivoire\/toutes-les-actualites\/cote-divoire-bingerville-consultation-populaire-pour-la-designation-du-chef-de-village-de-elokate-cinq-postulants-declares#primaryimage","url":"https:\/\/static.africa-press.net\/cote\/sites\/43\/2022\/12\/postQueueImg_1672397438.65.jpg","contentUrl":"https:\/\/static.africa-press.net\/cote\/sites\/43\/2022\/12\/postQueueImg_1672397438.65.jpg","width":720,"height":336,"caption":"C\u00f4te d'Ivoire\u00a0: Bingerville, consultation populaire pour la d\u00e9signation du chef de village de Elokat\u00e9, cinq postulants d\u00e9clar\u00e9s"},{"@type":"BreadcrumbList","@id":"https:\/\/www.africa-press.net\/cotedivoire\/toutes-les-actualites\/cote-divoire-bingerville-consultation-populaire-pour-la-designation-du-chef-de-village-de-elokate-cinq-postulants-declares#breadcrumb","itemListElement":[{"@type":"ListItem","position":1,"name":"Accueil","item":"https:\/\/www.africa-press.net\/cotedivoire\/"},{"@type":"ListItem","position":2,"name":"C\u00f4te d&#8217;Ivoire\u00a0: Bingerville, consultation populaire pour la d\u00e9signation du chef de village de Elokat\u00e9, cinq postulants d\u00e9clar\u00e9s"}]},{"@type":"WebSite","@id":"https:\/\/www.africa-press.net\/cotedivoire\/#website","url":"https:\/\/www.africa-press.net\/cotedivoire\/","name":"C\u00f4te d&#039;Ivoire","description":"Just another Africa News Agency Sites site","potentialAction":[{"@type":"SearchAction","target":{"@type":"EntryPoint","urlTemplate":"https:\/\/www.africa-press.net\/cotedivoire\/?s={search_term_string}"},"query-input":{"@type":"PropertyValueSpecification","valueRequired":true,"valueName":"search_term_string"}}],"inLanguage":"fr-FR"},{"@type":"Person","@id":"https:\/\/www.africa-press.net\/cotedivoire\/#\/schema\/person\/2b1cf3cd81a31e3cd26889ca66d677f1","name":"cfeditorfr"}]}},"_links":{"self":[{"href":"https:\/\/www.africa-press.net\/cotedivoire\/wp-json\/wp\/v2\/posts\/50794","targetHints":{"allow":["GET"]}}],"collection":[{"href":"https:\/\/www.africa-press.net\/cotedivoire\/wp-json\/wp\/v2\/posts"}],"about":[{"href":"https:\/\/www.africa-press.net\/cotedivoire\/wp-json\/wp\/v2\/types\/post"}],"author":[{"embeddable":true,"href":"https:\/\/www.africa-press.net\/cotedivoire\/wp-json\/wp\/v2\/users\/82"}],"replies":[{"embeddable":true,"href":"https:\/\/www.africa-press.net\/cotedivoire\/wp-json\/wp\/v2\/comments?post=50794"}],"version-history":[{"count":0,"href":"https:\/\/www.africa-press.net\/cotedivoire\/wp-json\/wp\/v2\/posts\/50794\/revisions"}],"wp:featuredmedia":[{"embeddable":true,"href":"https:\/\/www.africa-press.net\/cotedivoire\/wp-json\/wp\/v2\/media\/50792"}],"wp:attachment":[{"href":"https:\/\/www.africa-press.net\/cotedivoire\/wp-json\/wp\/v2\/media?parent=50794"}],"wp:term":[{"taxonomy":"category","embeddable":true,"href":"https:\/\/www.africa-press.net\/cotedivoire\/wp-json\/wp\/v2\/categories?post=50794"},{"taxonomy":"post_tag","embeddable":true,"href":"https:\/\/www.africa-press.net\/cotedivoire\/wp-json\/wp\/v2\/tags?post=50794"}],"curies":[{"name":"wp","href":"https:\/\/api.w.org\/{rel}","templated":true}]}}