{"id":50949,"date":"2023-01-04T16:46:42","date_gmt":"2023-01-04T16:46:42","guid":{"rendered":"https:\/\/www.africa-press.net\/cotedivoire\/politique\/commandement-superieur-de-la-gendarmerie-pas-de-retraite-pour-le-general-apalo-qui-a-toujours-la-confiance-de-ouattara"},"modified":"2023-01-04T16:56:43","modified_gmt":"2023-01-04T16:56:43","slug":"commandement-superieur-de-la-gendarmerie-pas-de-retraite-pour-le-general-apalo-qui-a-toujours-la-confiance-de-ouattara","status":"publish","type":"post","link":"https:\/\/www.africa-press.net\/cotedivoire\/politique\/commandement-superieur-de-la-gendarmerie-pas-de-retraite-pour-le-general-apalo-qui-a-toujours-la-confiance-de-ouattara","title":{"rendered":"Commandement Sup\u00e9rieur de la Gendarmerie, pas de retraite pour le G\u00e9n\u00e9ral Apalo qui a toujours la confiance de Ouattara"},"content":{"rendered":"<p><span style=\"color: #ff6600\"><strong>Africa-Press &#8211; C\u00f4te d&rsquo;Ivoire. <\/strong><\/span>Comme nous le redoutions dans notre pre\u0301ce\u0301dent article, le 31 de\u0301cembre 2022, le Ge\u0301ne\u0301ral Alexandre Apalo Toure\u0301, 63 ans, Commandant Supe\u0301rieur de la Gendarmerie Nationale, n\u2019a pas e\u0301te\u0301 appele\u0301 a\u0300 faire valoir ses droits a\u0300 la retraite, fermant ainsi la voie a\u0300 sa succession.<\/p>\n<p>Et pourtant, d\u2019autres sources ont e\u0301voque\u0301 que plusieurs ge\u0301ne\u0301raux e\u0301taient de\u0301ja\u0300 sur les rangs pour succe\u0301der a\u0300 celui qui semble avoir la confiance totale du chef de l\u2019Etat, Alassane Ouattara.<\/p>\n<p>L\u2019ancien commandant de l\u2019e\u0301cole de Gendarmerie de Toroguhe\u0301, a\u0300 Daloa, est devenu indispensable dans la se\u0301curisation du territoire national surtout avec la menace terroriste.<\/p>\n<p>Ce commando parachutiste, spe\u0301cialiste de l\u2019arme blinde\u0301e, cavalerie, est e\u0301galement diplo\u0302me\u0301 de l\u2019Institut d\u2019Etudes Strate\u0301giques et de De\u0301fense (IESD) est ainsi reconduit a\u0300 son poste apre\u0300s 2021 ou\u0300 il devait prendre un repos bien me\u0301rite\u0301, mais maintenu a\u0300 son poste par le pre\u0301sident de la Re\u0301publique, Alassane Ouattara.<\/p>\n<p>Le Ge\u0301ne\u0301ral Apalo Alexandre Toure\u0301 est titulaire d\u2019un doctorat en criminologie, obtenu en 2013 et d\u2019un MBA-management global des risques et des programmes internationaux. Il est aussi en instance de soutenir un master 2 en Ethique et Gouvernance option Gestion des Conflits et paix. Il est aussi titulaire des diplo\u0302mes d\u2019observateur en maintien de la paix et PC Bataillon des Nations Unies.<\/p>\n<p>A\u0300 sa premie\u0300re prise de service, en aou\u0302t 1982, c\u2019est l\u2019Escadron Ve\u0301hicules Avant Blinde\u0301s d\u2019Agban qui l\u2019a accueilli en qualite\u0301 de pilote d\u2019engin blinde\u0301.<\/p>\n<p><strong>Pour plus d&rsquo;informations et d&rsquo;analyses sur la <a href=\"https:\/\/www.africa-press.net\/cotedivoire\">C\u00f4te d&rsquo;Ivoire<\/a>, suivez <a href=\"https:\/\/www.africa-press.net\/\">Africa-Press<\/a><\/strong><\/p>\n","protected":false},"excerpt":{"rendered":"<p>Africa-Press &#8211; C\u00f4te d&rsquo;Ivoire. Comme nous le redoutions dans notre pre\u0301ce\u0301dent article, le 31 de\u0301cembre 2022, le Ge\u0301ne\u0301ral Alexandre Apalo Toure\u0301, 63 ans, Commandant Supe\u0301rieur de la Gendarmerie Nationale, n\u2019a pas e\u0301te\u0301 appele\u0301 a\u0300 faire valoir ses droits a\u0300 la retraite, fermant ainsi la voie a\u0300 sa succession. Et pourtant, d\u2019autres sources ont e\u0301voque\u0301 que [&hellip;]<\/p>\n","protected":false},"author":82,"featured_media":50948,"comment_status":"open","ping_status":"closed","sticky":false,"template":"","format":"standard","meta":{"footnotes":""},"categories":[2,10],"tags":[56,63,38,3192,4202,29,447,2798,615],"class_list":["post-50949","post","type-post","status-publish","format-standard","has-post-thumbnail","hentry","category-politique","category-toutes-les-actualites","tag-africa-press","tag-africa-press-cote-divoire","tag-alassane-ouattara","tag-apalo-toure","tag-commandant","tag-cote-divoire","tag-gendarmerie","tag-general","tag-superieur"],"yoast_head":"<!-- This site is optimized with the Yoast SEO Premium plugin v26.1 (Yoast SEO v27.0) - https:\/\/yoast.com\/product\/yoast-seo-premium-wordpress\/ -->\n<title>Commandement Sup\u00e9rieur de la Gendarmerie, pas de retraite pour le G\u00e9n\u00e9ral Apalo qui a toujours la confiance de Ouattara - C\u00f4te d&#039;Ivoire<\/title>\n<meta name=\"description\" content=\"Comme nous le redoutions dans notre pre\u0301ce\u0301dent article, le 31 de\u0301cembre 2022, le Ge\u0301ne\u0301ral Alexandre Apalo Toure\u0301, 63 a ...\" \/>\n<meta name=\"robots\" content=\"index, follow, max-snippet:-1, max-image-preview:large, max-video-preview:-1\" \/>\n<link rel=\"canonical\" href=\"https:\/\/www.africa-press.net\/cotedivoire\/politique\/commandement-superieur-de-la-gendarmerie-pas-de-retraite-pour-le-general-apalo-qui-a-toujours-la-confiance-de-ouattara\" \/>\n<meta property=\"og:locale\" content=\"fr_FR\" \/>\n<meta property=\"og:type\" content=\"article\" \/>\n<meta property=\"og:title\" content=\"Commandement Sup\u00e9rieur de la Gendarmerie, pas de retraite pour le G\u00e9n\u00e9ral Apalo qui a toujours la confiance de Ouattara\" \/>\n<meta property=\"og:description\" content=\"Comme nous le redoutions dans notre pre\u0301ce\u0301dent article, le 31 de\u0301cembre 2022, le Ge\u0301ne\u0301ral Alexandre Apalo Toure\u0301, 63 a ...\" \/>\n<meta property=\"og:url\" content=\"https:\/\/www.africa-press.net\/cotedivoire\/politique\/commandement-superieur-de-la-gendarmerie-pas-de-retraite-pour-le-general-apalo-qui-a-toujours-la-confiance-de-ouattara\" \/>\n<meta property=\"og:site_name\" content=\"C\u00f4te d&#039;Ivoire\" \/>\n<meta property=\"article:published_time\" content=\"2023-01-04T16:46:42+00:00\" \/>\n<meta property=\"article:modified_time\" content=\"2023-01-04T16:56:43+00:00\" \/>\n<meta property=\"og:image\" content=\"https:\/\/static.africa-press.net\/cote\/sites\/43\/2023\/01\/postQueueImg_1672838219.89.jpg\" \/>\n\t<meta property=\"og:image:width\" content=\"720\" \/>\n\t<meta property=\"og:image:height\" content=\"432\" \/>\n\t<meta property=\"og:image:type\" content=\"image\/jpeg\" \/>\n<meta name=\"author\" content=\"cfeditorfr\" \/>\n<meta name=\"twitter:card\" content=\"summary_large_image\" \/>\n<meta name=\"twitter:label1\" content=\"\u00c9crit par\" \/>\n\t<meta name=\"twitter:data1\" content=\"cfeditorfr\" \/>\n\t<meta name=\"twitter:label2\" content=\"Dur\u00e9e de lecture estim\u00e9e\" \/>\n\t<meta name=\"twitter:data2\" content=\"2 minutes\" \/>\n<script type=\"application\/ld+json\" class=\"yoast-schema-graph\">{\"@context\":\"https:\/\/schema.org\",\"@graph\":[{\"@type\":\"Article\",\"@id\":\"https:\/\/www.africa-press.net\/cotedivoire\/politique\/commandement-superieur-de-la-gendarmerie-pas-de-retraite-pour-le-general-apalo-qui-a-toujours-la-confiance-de-ouattara#article\",\"isPartOf\":{\"@id\":\"https:\/\/www.africa-press.net\/cotedivoire\/politique\/commandement-superieur-de-la-gendarmerie-pas-de-retraite-pour-le-general-apalo-qui-a-toujours-la-confiance-de-ouattara\"},\"author\":{\"name\":\"cfeditorfr\",\"@id\":\"https:\/\/www.africa-press.net\/cotedivoire\/#\/schema\/person\/2b1cf3cd81a31e3cd26889ca66d677f1\"},\"headline\":\"Commandement Sup\u00e9rieur de la Gendarmerie, pas de retraite pour le G\u00e9n\u00e9ral Apalo qui a toujours la confiance de Ouattara\",\"datePublished\":\"2023-01-04T16:46:42+00:00\",\"dateModified\":\"2023-01-04T16:56:43+00:00\",\"mainEntityOfPage\":{\"@id\":\"https:\/\/www.africa-press.net\/cotedivoire\/politique\/commandement-superieur-de-la-gendarmerie-pas-de-retraite-pour-le-general-apalo-qui-a-toujours-la-confiance-de-ouattara\"},\"wordCount\":316,\"commentCount\":0,\"image\":{\"@id\":\"https:\/\/www.africa-press.net\/cotedivoire\/politique\/commandement-superieur-de-la-gendarmerie-pas-de-retraite-pour-le-general-apalo-qui-a-toujours-la-confiance-de-ouattara#primaryimage\"},\"thumbnailUrl\":\"https:\/\/static.africa-press.net\/cote\/sites\/43\/2023\/01\/postQueueImg_1672838219.89.jpg\",\"keywords\":[\"Africa Press\",\"Africa Press-C\u00f4te d'Ivoire\",\"Alassane Ouattara\",\"Apalo Tour\u00e9\",\"commandant\",\"C\u00d4TE D'IVOIRE\",\"Gendarmerie\",\"g\u00e9n\u00e9ral\",\"sup\u00e9rieur\"],\"articleSection\":[\"Politique\",\"Toutes les actualit\u00e9s\"],\"inLanguage\":\"fr-FR\",\"potentialAction\":[{\"@type\":\"CommentAction\",\"name\":\"Comment\",\"target\":[\"https:\/\/www.africa-press.net\/cotedivoire\/politique\/commandement-superieur-de-la-gendarmerie-pas-de-retraite-pour-le-general-apalo-qui-a-toujours-la-confiance-de-ouattara#respond\"]}]},{\"@type\":\"WebPage\",\"@id\":\"https:\/\/www.africa-press.net\/cotedivoire\/politique\/commandement-superieur-de-la-gendarmerie-pas-de-retraite-pour-le-general-apalo-qui-a-toujours-la-confiance-de-ouattara\",\"url\":\"https:\/\/www.africa-press.net\/cotedivoire\/politique\/commandement-superieur-de-la-gendarmerie-pas-de-retraite-pour-le-general-apalo-qui-a-toujours-la-confiance-de-ouattara\",\"name\":\"Commandement Sup\u00e9rieur de la Gendarmerie, pas de retraite pour le G\u00e9n\u00e9ral Apalo qui a toujours la confiance de Ouattara - C\u00f4te d&#039;Ivoire\",\"isPartOf\":{\"@id\":\"https:\/\/www.africa-press.net\/cotedivoire\/#website\"},\"primaryImageOfPage\":{\"@id\":\"https:\/\/www.africa-press.net\/cotedivoire\/politique\/commandement-superieur-de-la-gendarmerie-pas-de-retraite-pour-le-general-apalo-qui-a-toujours-la-confiance-de-ouattara#primaryimage\"},\"image\":{\"@id\":\"https:\/\/www.africa-press.net\/cotedivoire\/politique\/commandement-superieur-de-la-gendarmerie-pas-de-retraite-pour-le-general-apalo-qui-a-toujours-la-confiance-de-ouattara#primaryimage\"},\"thumbnailUrl\":\"https:\/\/static.africa-press.net\/cote\/sites\/43\/2023\/01\/postQueueImg_1672838219.89.jpg\",\"datePublished\":\"2023-01-04T16:46:42+00:00\",\"dateModified\":\"2023-01-04T16:56:43+00:00\",\"author\":{\"@id\":\"https:\/\/www.africa-press.net\/cotedivoire\/#\/schema\/person\/2b1cf3cd81a31e3cd26889ca66d677f1\"},\"description\":\"Comme nous le redoutions dans notre pre\u0301ce\u0301dent article, le 31 de\u0301cembre 2022, le Ge\u0301ne\u0301ral Alexandre Apalo Toure\u0301, 63 a ...\",\"breadcrumb\":{\"@id\":\"https:\/\/www.africa-press.net\/cotedivoire\/politique\/commandement-superieur-de-la-gendarmerie-pas-de-retraite-pour-le-general-apalo-qui-a-toujours-la-confiance-de-ouattara#breadcrumb\"},\"inLanguage\":\"fr-FR\",\"potentialAction\":[{\"@type\":\"ReadAction\",\"target\":[\"https:\/\/www.africa-press.net\/cotedivoire\/politique\/commandement-superieur-de-la-gendarmerie-pas-de-retraite-pour-le-general-apalo-qui-a-toujours-la-confiance-de-ouattara\"]}]},{\"@type\":\"ImageObject\",\"inLanguage\":\"fr-FR\",\"@id\":\"https:\/\/www.africa-press.net\/cotedivoire\/politique\/commandement-superieur-de-la-gendarmerie-pas-de-retraite-pour-le-general-apalo-qui-a-toujours-la-confiance-de-ouattara#primaryimage\",\"url\":\"https:\/\/static.africa-press.net\/cote\/sites\/43\/2023\/01\/postQueueImg_1672838219.89.jpg\",\"contentUrl\":\"https:\/\/static.africa-press.net\/cote\/sites\/43\/2023\/01\/postQueueImg_1672838219.89.jpg\",\"width\":720,\"height\":432,\"caption\":\"Commandement Sup\u00e9rieur de la Gendarmerie, pas de retraite pour le G\u00e9n\u00e9ral Apalo qui a toujours la confiance de Ouattara\"},{\"@type\":\"BreadcrumbList\",\"@id\":\"https:\/\/www.africa-press.net\/cotedivoire\/politique\/commandement-superieur-de-la-gendarmerie-pas-de-retraite-pour-le-general-apalo-qui-a-toujours-la-confiance-de-ouattara#breadcrumb\",\"itemListElement\":[{\"@type\":\"ListItem\",\"position\":1,\"name\":\"Accueil\",\"item\":\"https:\/\/www.africa-press.net\/cotedivoire\/\"},{\"@type\":\"ListItem\",\"position\":2,\"name\":\"Commandement Sup\u00e9rieur de la Gendarmerie, pas de retraite pour le G\u00e9n\u00e9ral Apalo qui a toujours la confiance de Ouattara\"}]},{\"@type\":\"WebSite\",\"@id\":\"https:\/\/www.africa-press.net\/cotedivoire\/#website\",\"url\":\"https:\/\/www.africa-press.net\/cotedivoire\/\",\"name\":\"C\u00f4te d&#039;Ivoire\",\"description\":\"Just another Africa News Agency Sites site\",\"potentialAction\":[{\"@type\":\"SearchAction\",\"target\":{\"@type\":\"EntryPoint\",\"urlTemplate\":\"https:\/\/www.africa-press.net\/cotedivoire\/?s={search_term_string}\"},\"query-input\":{\"@type\":\"PropertyValueSpecification\",\"valueRequired\":true,\"valueName\":\"search_term_string\"}}],\"inLanguage\":\"fr-FR\"},{\"@type\":\"Person\",\"@id\":\"https:\/\/www.africa-press.net\/cotedivoire\/#\/schema\/person\/2b1cf3cd81a31e3cd26889ca66d677f1\",\"name\":\"cfeditorfr\"}]}<\/script>\n<!-- \/ Yoast SEO Premium plugin. -->","yoast_head_json":{"title":"Commandement Sup\u00e9rieur de la Gendarmerie, pas de retraite pour le G\u00e9n\u00e9ral Apalo qui a toujours la confiance de Ouattara - C\u00f4te d&#039;Ivoire","description":"Comme nous le redoutions dans notre pre\u0301ce\u0301dent article, le 31 de\u0301cembre 2022, le Ge\u0301ne\u0301ral Alexandre Apalo Toure\u0301, 63 a ...","robots":{"index":"index","follow":"follow","max-snippet":"max-snippet:-1","max-image-preview":"max-image-preview:large","max-video-preview":"max-video-preview:-1"},"canonical":"https:\/\/www.africa-press.net\/cotedivoire\/politique\/commandement-superieur-de-la-gendarmerie-pas-de-retraite-pour-le-general-apalo-qui-a-toujours-la-confiance-de-ouattara","og_locale":"fr_FR","og_type":"article","og_title":"Commandement Sup\u00e9rieur de la Gendarmerie, pas de retraite pour le G\u00e9n\u00e9ral Apalo qui a toujours la confiance de Ouattara","og_description":"Comme nous le redoutions dans notre pre\u0301ce\u0301dent article, le 31 de\u0301cembre 2022, le Ge\u0301ne\u0301ral Alexandre Apalo Toure\u0301, 63 a ...","og_url":"https:\/\/www.africa-press.net\/cotedivoire\/politique\/commandement-superieur-de-la-gendarmerie-pas-de-retraite-pour-le-general-apalo-qui-a-toujours-la-confiance-de-ouattara","og_site_name":"C\u00f4te d&#039;Ivoire","article_published_time":"2023-01-04T16:46:42+00:00","article_modified_time":"2023-01-04T16:56:43+00:00","og_image":[{"width":720,"height":432,"url":"https:\/\/static.africa-press.net\/cote\/sites\/43\/2023\/01\/postQueueImg_1672838219.89.jpg","type":"image\/jpeg"}],"author":"cfeditorfr","twitter_card":"summary_large_image","twitter_misc":{"\u00c9crit par":"cfeditorfr","Dur\u00e9e de lecture estim\u00e9e":"2 minutes"},"schema":{"@context":"https:\/\/schema.org","@graph":[{"@type":"Article","@id":"https:\/\/www.africa-press.net\/cotedivoire\/politique\/commandement-superieur-de-la-gendarmerie-pas-de-retraite-pour-le-general-apalo-qui-a-toujours-la-confiance-de-ouattara#article","isPartOf":{"@id":"https:\/\/www.africa-press.net\/cotedivoire\/politique\/commandement-superieur-de-la-gendarmerie-pas-de-retraite-pour-le-general-apalo-qui-a-toujours-la-confiance-de-ouattara"},"author":{"name":"cfeditorfr","@id":"https:\/\/www.africa-press.net\/cotedivoire\/#\/schema\/person\/2b1cf3cd81a31e3cd26889ca66d677f1"},"headline":"Commandement Sup\u00e9rieur de la Gendarmerie, pas de retraite pour le G\u00e9n\u00e9ral Apalo qui a toujours la confiance de Ouattara","datePublished":"2023-01-04T16:46:42+00:00","dateModified":"2023-01-04T16:56:43+00:00","mainEntityOfPage":{"@id":"https:\/\/www.africa-press.net\/cotedivoire\/politique\/commandement-superieur-de-la-gendarmerie-pas-de-retraite-pour-le-general-apalo-qui-a-toujours-la-confiance-de-ouattara"},"wordCount":316,"commentCount":0,"image":{"@id":"https:\/\/www.africa-press.net\/cotedivoire\/politique\/commandement-superieur-de-la-gendarmerie-pas-de-retraite-pour-le-general-apalo-qui-a-toujours-la-confiance-de-ouattara#primaryimage"},"thumbnailUrl":"https:\/\/static.africa-press.net\/cote\/sites\/43\/2023\/01\/postQueueImg_1672838219.89.jpg","keywords":["Africa Press","Africa Press-C\u00f4te d'Ivoire","Alassane Ouattara","Apalo Tour\u00e9","commandant","C\u00d4TE D'IVOIRE","Gendarmerie","g\u00e9n\u00e9ral","sup\u00e9rieur"],"articleSection":["Politique","Toutes les actualit\u00e9s"],"inLanguage":"fr-FR","potentialAction":[{"@type":"CommentAction","name":"Comment","target":["https:\/\/www.africa-press.net\/cotedivoire\/politique\/commandement-superieur-de-la-gendarmerie-pas-de-retraite-pour-le-general-apalo-qui-a-toujours-la-confiance-de-ouattara#respond"]}]},{"@type":"WebPage","@id":"https:\/\/www.africa-press.net\/cotedivoire\/politique\/commandement-superieur-de-la-gendarmerie-pas-de-retraite-pour-le-general-apalo-qui-a-toujours-la-confiance-de-ouattara","url":"https:\/\/www.africa-press.net\/cotedivoire\/politique\/commandement-superieur-de-la-gendarmerie-pas-de-retraite-pour-le-general-apalo-qui-a-toujours-la-confiance-de-ouattara","name":"Commandement Sup\u00e9rieur de la Gendarmerie, pas de retraite pour le G\u00e9n\u00e9ral Apalo qui a toujours la confiance de Ouattara - C\u00f4te d&#039;Ivoire","isPartOf":{"@id":"https:\/\/www.africa-press.net\/cotedivoire\/#website"},"primaryImageOfPage":{"@id":"https:\/\/www.africa-press.net\/cotedivoire\/politique\/commandement-superieur-de-la-gendarmerie-pas-de-retraite-pour-le-general-apalo-qui-a-toujours-la-confiance-de-ouattara#primaryimage"},"image":{"@id":"https:\/\/www.africa-press.net\/cotedivoire\/politique\/commandement-superieur-de-la-gendarmerie-pas-de-retraite-pour-le-general-apalo-qui-a-toujours-la-confiance-de-ouattara#primaryimage"},"thumbnailUrl":"https:\/\/static.africa-press.net\/cote\/sites\/43\/2023\/01\/postQueueImg_1672838219.89.jpg","datePublished":"2023-01-04T16:46:42+00:00","dateModified":"2023-01-04T16:56:43+00:00","author":{"@id":"https:\/\/www.africa-press.net\/cotedivoire\/#\/schema\/person\/2b1cf3cd81a31e3cd26889ca66d677f1"},"description":"Comme nous le redoutions dans notre pre\u0301ce\u0301dent article, le 31 de\u0301cembre 2022, le Ge\u0301ne\u0301ral Alexandre Apalo Toure\u0301, 63 a ...","breadcrumb":{"@id":"https:\/\/www.africa-press.net\/cotedivoire\/politique\/commandement-superieur-de-la-gendarmerie-pas-de-retraite-pour-le-general-apalo-qui-a-toujours-la-confiance-de-ouattara#breadcrumb"},"inLanguage":"fr-FR","potentialAction":[{"@type":"ReadAction","target":["https:\/\/www.africa-press.net\/cotedivoire\/politique\/commandement-superieur-de-la-gendarmerie-pas-de-retraite-pour-le-general-apalo-qui-a-toujours-la-confiance-de-ouattara"]}]},{"@type":"ImageObject","inLanguage":"fr-FR","@id":"https:\/\/www.africa-press.net\/cotedivoire\/politique\/commandement-superieur-de-la-gendarmerie-pas-de-retraite-pour-le-general-apalo-qui-a-toujours-la-confiance-de-ouattara#primaryimage","url":"https:\/\/static.africa-press.net\/cote\/sites\/43\/2023\/01\/postQueueImg_1672838219.89.jpg","contentUrl":"https:\/\/static.africa-press.net\/cote\/sites\/43\/2023\/01\/postQueueImg_1672838219.89.jpg","width":720,"height":432,"caption":"Commandement Sup\u00e9rieur de la Gendarmerie, pas de retraite pour le G\u00e9n\u00e9ral Apalo qui a toujours la confiance de Ouattara"},{"@type":"BreadcrumbList","@id":"https:\/\/www.africa-press.net\/cotedivoire\/politique\/commandement-superieur-de-la-gendarmerie-pas-de-retraite-pour-le-general-apalo-qui-a-toujours-la-confiance-de-ouattara#breadcrumb","itemListElement":[{"@type":"ListItem","position":1,"name":"Accueil","item":"https:\/\/www.africa-press.net\/cotedivoire\/"},{"@type":"ListItem","position":2,"name":"Commandement Sup\u00e9rieur de la Gendarmerie, pas de retraite pour le G\u00e9n\u00e9ral Apalo qui a toujours la confiance de Ouattara"}]},{"@type":"WebSite","@id":"https:\/\/www.africa-press.net\/cotedivoire\/#website","url":"https:\/\/www.africa-press.net\/cotedivoire\/","name":"C\u00f4te d&#039;Ivoire","description":"Just another Africa News Agency Sites site","potentialAction":[{"@type":"SearchAction","target":{"@type":"EntryPoint","urlTemplate":"https:\/\/www.africa-press.net\/cotedivoire\/?s={search_term_string}"},"query-input":{"@type":"PropertyValueSpecification","valueRequired":true,"valueName":"search_term_string"}}],"inLanguage":"fr-FR"},{"@type":"Person","@id":"https:\/\/www.africa-press.net\/cotedivoire\/#\/schema\/person\/2b1cf3cd81a31e3cd26889ca66d677f1","name":"cfeditorfr"}]}},"_links":{"self":[{"href":"https:\/\/www.africa-press.net\/cotedivoire\/wp-json\/wp\/v2\/posts\/50949","targetHints":{"allow":["GET"]}}],"collection":[{"href":"https:\/\/www.africa-press.net\/cotedivoire\/wp-json\/wp\/v2\/posts"}],"about":[{"href":"https:\/\/www.africa-press.net\/cotedivoire\/wp-json\/wp\/v2\/types\/post"}],"author":[{"embeddable":true,"href":"https:\/\/www.africa-press.net\/cotedivoire\/wp-json\/wp\/v2\/users\/82"}],"replies":[{"embeddable":true,"href":"https:\/\/www.africa-press.net\/cotedivoire\/wp-json\/wp\/v2\/comments?post=50949"}],"version-history":[{"count":0,"href":"https:\/\/www.africa-press.net\/cotedivoire\/wp-json\/wp\/v2\/posts\/50949\/revisions"}],"wp:featuredmedia":[{"embeddable":true,"href":"https:\/\/www.africa-press.net\/cotedivoire\/wp-json\/wp\/v2\/media\/50948"}],"wp:attachment":[{"href":"https:\/\/www.africa-press.net\/cotedivoire\/wp-json\/wp\/v2\/media?parent=50949"}],"wp:term":[{"taxonomy":"category","embeddable":true,"href":"https:\/\/www.africa-press.net\/cotedivoire\/wp-json\/wp\/v2\/categories?post=50949"},{"taxonomy":"post_tag","embeddable":true,"href":"https:\/\/www.africa-press.net\/cotedivoire\/wp-json\/wp\/v2\/tags?post=50949"}],"curies":[{"name":"wp","href":"https:\/\/api.w.org\/{rel}","templated":true}]}}