{"id":51040,"date":"2023-01-06T18:01:15","date_gmt":"2023-01-06T18:01:15","guid":{"rendered":"https:\/\/www.africa-press.net\/cotedivoire\/politique\/les-depenses-sont-elles-non-ordonnancees-deno-les-clarifications-du-ministere-du-budget-du-portefeuille-de-letat"},"modified":"2023-01-06T18:19:00","modified_gmt":"2023-01-06T18:19:00","slug":"les-depenses-sont-elles-non-ordonnancees-deno-les-clarifications-du-ministere-du-budget-du-portefeuille-de-letat","status":"publish","type":"post","link":"https:\/\/www.africa-press.net\/cotedivoire\/economie\/les-depenses-sont-elles-non-ordonnancees-deno-les-clarifications-du-ministere-du-budget-du-portefeuille-de-letat","title":{"rendered":"Les D\u00e9penses sont-elles non ordonnanc\u00e9es (DENO) ? Les clarifications du Minist\u00e8re du Budget du Portefeuille de l&rsquo;Etat"},"content":{"rendered":"<p><span style=\"color: #ff6600\"><strong>Africa-Press &#8211; C\u00f4te d&rsquo;Ivoire. <\/strong><\/span>Dans sa publication du mercredi 4 janvier 2023, un quotidien proche de l\u2019opposition a mentionne\u0301 a\u0300 la une, le titre suivant: \u00ab Le re\u0301gime en pleines de\u0301penses non ordonnance\u0301es (DENO) \u00bb.<\/p>\n<p>Ce titre fait re\u0301fe\u0301rence au circulaire n\u00b0 003\/MEF\/MBPE\/DGBF\/DBE2\/DFA du 3 janvier 2023 portant exe\u0301cution de de\u0301penses obligatoires, sans ordonnancement pre\u0301alable, pour les mois de janvier et fe\u0301vrier 2023.<\/p>\n<p>Dans ses de\u0301veloppements, l&rsquo;auteur laisse penser a\u0300 l&rsquo;irre\u0301gularite\u0301 des ope\u0301rations sus-vise\u0301es mene\u0301es par les services de l&rsquo;Etat.<\/p>\n<p>Le Ministe\u0300re du Budget et du Portefeuille de l\u2019Etat tient a\u0300 apporter des clarifications. La tutelle indique que les pre\u0301somptions d&rsquo;irre\u0301gularite\u0301 attribue\u0301es par l&rsquo;auteur de l&rsquo;article a\u0300 ces de\u0301penses, traduisent une me\u0301connaissance des re\u0300gles et proce\u0301dures qui re\u0301gissent l&rsquo;exe\u0301cution des de\u0301penses publiques.<\/p>\n<p>Selon elle , chaque anne\u0301e, apre\u0300s la mise en place du budget de l&rsquo;Etat, l&rsquo;ensemble des acteurs du circuit de la de\u0301pense publique remplissent des formalite\u0301s administratives d&rsquo;exe\u0301cution du budget, notamment les de\u0301po\u0302ts de spe\u0301cimens de signature des responsables financiers et autres formalite\u0301s de retrait de codes de connexion au syste\u0300me d&rsquo;information budge\u0301taire.<\/p>\n<p>\u00ab Dans l&rsquo;attente de l&rsquo;ache\u0300vement de ces formalite\u0301s, les Ministres en charge du Budget et du Portefeuille de l&rsquo;Etat ainsi que de l&rsquo;Economie et des Finances autorisent le Directeur Ge\u0301ne\u0301ral du Tre\u0301sor et de la Comptabilite\u0301 Publique a\u0300 re\u0301gler les de\u0301penses a\u0300 caracte\u0300re sensible, sans ordonnancement pre\u0301alable, c&rsquo;est-a\u0300-dire sans attendre la transmission des mandats de paiement e\u0301mis par les responsables financiers qui sont encore a\u0300 leurs de\u0301marches administratives en ce de\u0301but d&rsquo;anne\u0301e. Il s&rsquo;agit notamment des salaires des fonctionnaires et agents de l\u2019Etat et de ses de\u0301membrements, des de\u0301penses d&rsquo;abonnement (eau, e\u0301lectricite\u0301, te\u0301le\u0301phone) et des loyers des services de l&rsquo;Etat. Cette proce\u0301dure se justifie par la volonte\u0301 du Gouvernement de ne pas accuser de retard dans le re\u0300glement a\u0300 bonne date de ces de\u0301penses sensibles. De\u0300s que les formalite\u0301s administratives des responsables financiers sont accomplies, ces de\u0301penses effectue\u0301es en de\u0301but d&rsquo;anne\u0301e sont re\u0301gularise\u0301es sur les cre\u0301dits budge\u0301taires ouverts a\u0300 cet effet dans la loi de finances de l&rsquo;anne\u0301e. Il s&rsquo;agit donc de de\u0301penses pre\u0301vues et couvertes par des cre\u0301dits budge\u0301taires existants dans le budget 2023 \u00bb, explique un communique\u0301 du Ministe\u0300re.<\/p>\n<p>Nous apprenons que, cette ope\u0301ration de de\u0301pense autorise\u0301e par les Ministres en charge des Finances Publiques a lieu chaque anne\u0301e en de\u0301but d&rsquo;exercice budge\u0301taire. L&rsquo;anne\u0301e 2023 n&rsquo;y de\u0301roge pas, souligne-t-on.<\/p>\n<p>\u00ab En tout e\u0301tat de cause, le paiement sans ordonnancement pre\u0301alable fait partie des proce\u0301dures d&rsquo;exe\u0301cution du budget de l&rsquo;Etat. II s&rsquo;agit de de\u0301penses couvertes par des cre\u0301dits budge\u0301taires. Mais dont l&rsquo;urgence ne permet pas de les soumettre aux proce\u0301dures normales d&rsquo;exe\u0301cution du budget, a\u0300 savoir l&rsquo;engagement, la liquidation, l&rsquo;ordonnancement et le paiement. Ces de\u0301penses sont prioritairement re\u0301gularise\u0301es avant l&rsquo;engagement de toute nouvelle de\u0301pense. Ceci est bien pre\u0301cise\u0301 dans le document signe\u0301 par les Ministres en charge des finances publiques. Par ailleurs, il convient d&rsquo;indiquer qu&rsquo;une de\u0301pense sans ordonnancement pre\u0301alable est totalement diffe\u0301rente d&rsquo;une de\u0301pense engage\u0301e non ordonnance\u0301e (DENO). En effet, une DENO est une de\u0301pense re\u0301gulie\u0300rement engage\u0301e sur des cre\u0301dits existants, mais dont l&rsquo;ordonnancement, c&rsquo;est-a\u0300-dire l&rsquo;e\u0301mission, la signature ou la transmission du mandat de paiement au Tre\u0301sorier n&rsquo;a pu se faire avant la clo\u0302ture de l&rsquo;exercice budge\u0301taire \u00bb, conclu le document.<\/p>\n<p><strong>Pour plus d&rsquo;informations et d&rsquo;analyses sur la <a href=\"https:\/\/www.africa-press.net\/cotedivoire\">C\u00f4te d&rsquo;Ivoire<\/a>, suivez <a href=\"https:\/\/www.africa-press.net\/\">Africa-Press<\/a><\/strong><\/p>\n","protected":false},"excerpt":{"rendered":"<p>Africa-Press &#8211; C\u00f4te d&rsquo;Ivoire. Dans sa publication du mercredi 4 janvier 2023, un quotidien proche de l\u2019opposition a mentionne\u0301 a\u0300 la une, le titre suivant: \u00ab Le re\u0301gime en pleines de\u0301penses non ordonnance\u0301es (DENO) \u00bb. Ce titre fait re\u0301fe\u0301rence au circulaire n\u00b0 003\/MEF\/MBPE\/DGBF\/DBE2\/DFA du 3 janvier 2023 portant exe\u0301cution de de\u0301penses obligatoires, sans ordonnancement pre\u0301alable, [&hellip;]<\/p>\n","protected":false},"author":82,"featured_media":51039,"comment_status":"open","ping_status":"closed","sticky":false,"template":"","format":"standard","meta":{"footnotes":""},"categories":[3,70,20,10],"tags":[56,63,2303,29,8637,4378,585,571],"class_list":["post-51040","post","type-post","status-publish","format-standard","has-post-thumbnail","hentry","category-economie","category-to-homepage","category-top-nouvelles","category-toutes-les-actualites","tag-africa-press","tag-africa-press-cote-divoire","tag-budget","tag-cote-divoire","tag-deno","tag-depenses","tag-etat","tag-ministere"],"yoast_head":"<!-- This site is optimized with the Yoast SEO Premium plugin v26.1 (Yoast SEO v27.0) - https:\/\/yoast.com\/product\/yoast-seo-premium-wordpress\/ -->\n<title>Les D\u00e9penses sont-elles non ordonnanc\u00e9es (DENO) ? Les clarifications du Minist\u00e8re du Budget du Portefeuille de l&#039;Etat - C\u00f4te d&#039;Ivoire<\/title>\n<meta name=\"description\" content=\"Dans sa publication du mercredi 4 janvier 2023, un quotidien proche de l\u2019opposition a mentionne\u0301 a\u0300 la une, le titre sui ...\" \/>\n<meta name=\"robots\" content=\"index, follow, max-snippet:-1, max-image-preview:large, max-video-preview:-1\" \/>\n<link rel=\"canonical\" href=\"https:\/\/www.africa-press.net\/cotedivoire\/economie\/les-depenses-sont-elles-non-ordonnancees-deno-les-clarifications-du-ministere-du-budget-du-portefeuille-de-letat\" \/>\n<meta property=\"og:locale\" content=\"fr_FR\" \/>\n<meta property=\"og:type\" content=\"article\" \/>\n<meta property=\"og:title\" content=\"Les D\u00e9penses sont-elles non ordonnanc\u00e9es (DENO) ? Les clarifications du Minist\u00e8re du Budget du Portefeuille de l&#039;Etat\" \/>\n<meta property=\"og:description\" content=\"Dans sa publication du mercredi 4 janvier 2023, un quotidien proche de l\u2019opposition a mentionne\u0301 a\u0300 la une, le titre sui ...\" \/>\n<meta property=\"og:url\" content=\"https:\/\/www.africa-press.net\/cotedivoire\/economie\/les-depenses-sont-elles-non-ordonnancees-deno-les-clarifications-du-ministere-du-budget-du-portefeuille-de-letat\" \/>\n<meta property=\"og:site_name\" content=\"C\u00f4te d&#039;Ivoire\" \/>\n<meta property=\"article:published_time\" content=\"2023-01-06T18:01:15+00:00\" \/>\n<meta property=\"article:modified_time\" content=\"2023-01-06T18:19:00+00:00\" \/>\n<meta property=\"og:image\" content=\"https:\/\/static.africa-press.net\/cote\/sites\/43\/2023\/01\/postQueueImg_1673015514.66.jpg\" \/>\n\t<meta property=\"og:image:width\" content=\"720\" \/>\n\t<meta property=\"og:image:height\" content=\"380\" \/>\n\t<meta property=\"og:image:type\" content=\"image\/jpeg\" \/>\n<meta name=\"author\" content=\"cfeditorfr\" \/>\n<meta name=\"twitter:card\" content=\"summary_large_image\" \/>\n<meta name=\"twitter:label1\" content=\"\u00c9crit par\" \/>\n\t<meta name=\"twitter:data1\" content=\"cfeditorfr\" \/>\n\t<meta name=\"twitter:label2\" content=\"Dur\u00e9e de lecture estim\u00e9e\" \/>\n\t<meta name=\"twitter:data2\" content=\"3 minutes\" \/>\n<script type=\"application\/ld+json\" class=\"yoast-schema-graph\">{\"@context\":\"https:\/\/schema.org\",\"@graph\":[{\"@type\":\"Article\",\"@id\":\"https:\/\/www.africa-press.net\/cotedivoire\/economie\/les-depenses-sont-elles-non-ordonnancees-deno-les-clarifications-du-ministere-du-budget-du-portefeuille-de-letat#article\",\"isPartOf\":{\"@id\":\"https:\/\/www.africa-press.net\/cotedivoire\/economie\/les-depenses-sont-elles-non-ordonnancees-deno-les-clarifications-du-ministere-du-budget-du-portefeuille-de-letat\"},\"author\":{\"name\":\"cfeditorfr\",\"@id\":\"https:\/\/www.africa-press.net\/cotedivoire\/#\/schema\/person\/2b1cf3cd81a31e3cd26889ca66d677f1\"},\"headline\":\"Les D\u00e9penses sont-elles non ordonnanc\u00e9es (DENO) ? Les clarifications du Minist\u00e8re du Budget du Portefeuille de l&rsquo;Etat\",\"datePublished\":\"2023-01-06T18:01:15+00:00\",\"dateModified\":\"2023-01-06T18:19:00+00:00\",\"mainEntityOfPage\":{\"@id\":\"https:\/\/www.africa-press.net\/cotedivoire\/economie\/les-depenses-sont-elles-non-ordonnancees-deno-les-clarifications-du-ministere-du-budget-du-portefeuille-de-letat\"},\"wordCount\":712,\"commentCount\":0,\"image\":{\"@id\":\"https:\/\/www.africa-press.net\/cotedivoire\/economie\/les-depenses-sont-elles-non-ordonnancees-deno-les-clarifications-du-ministere-du-budget-du-portefeuille-de-letat#primaryimage\"},\"thumbnailUrl\":\"https:\/\/static.africa-press.net\/cote\/sites\/43\/2023\/01\/postQueueImg_1673015514.66.jpg\",\"keywords\":[\"Africa Press\",\"Africa Press-C\u00f4te d'Ivoire\",\"budget\",\"C\u00d4TE D'IVOIRE\",\"DENO\",\"d\u00e9penses\",\"Etat\",\"Minist\u00e8re\"],\"articleSection\":[\"\u00c9conomie\",\"to-homepage\",\"Top Nouvelles\",\"Toutes les actualit\u00e9s\"],\"inLanguage\":\"fr-FR\",\"potentialAction\":[{\"@type\":\"CommentAction\",\"name\":\"Comment\",\"target\":[\"https:\/\/www.africa-press.net\/cotedivoire\/economie\/les-depenses-sont-elles-non-ordonnancees-deno-les-clarifications-du-ministere-du-budget-du-portefeuille-de-letat#respond\"]}]},{\"@type\":\"WebPage\",\"@id\":\"https:\/\/www.africa-press.net\/cotedivoire\/economie\/les-depenses-sont-elles-non-ordonnancees-deno-les-clarifications-du-ministere-du-budget-du-portefeuille-de-letat\",\"url\":\"https:\/\/www.africa-press.net\/cotedivoire\/economie\/les-depenses-sont-elles-non-ordonnancees-deno-les-clarifications-du-ministere-du-budget-du-portefeuille-de-letat\",\"name\":\"Les D\u00e9penses sont-elles non ordonnanc\u00e9es (DENO) ? Les clarifications du Minist\u00e8re du Budget du Portefeuille de l'Etat - C\u00f4te d&#039;Ivoire\",\"isPartOf\":{\"@id\":\"https:\/\/www.africa-press.net\/cotedivoire\/#website\"},\"primaryImageOfPage\":{\"@id\":\"https:\/\/www.africa-press.net\/cotedivoire\/economie\/les-depenses-sont-elles-non-ordonnancees-deno-les-clarifications-du-ministere-du-budget-du-portefeuille-de-letat#primaryimage\"},\"image\":{\"@id\":\"https:\/\/www.africa-press.net\/cotedivoire\/economie\/les-depenses-sont-elles-non-ordonnancees-deno-les-clarifications-du-ministere-du-budget-du-portefeuille-de-letat#primaryimage\"},\"thumbnailUrl\":\"https:\/\/static.africa-press.net\/cote\/sites\/43\/2023\/01\/postQueueImg_1673015514.66.jpg\",\"datePublished\":\"2023-01-06T18:01:15+00:00\",\"dateModified\":\"2023-01-06T18:19:00+00:00\",\"author\":{\"@id\":\"https:\/\/www.africa-press.net\/cotedivoire\/#\/schema\/person\/2b1cf3cd81a31e3cd26889ca66d677f1\"},\"description\":\"Dans sa publication du mercredi 4 janvier 2023, un quotidien proche de l\u2019opposition a mentionne\u0301 a\u0300 la une, le titre sui ...\",\"breadcrumb\":{\"@id\":\"https:\/\/www.africa-press.net\/cotedivoire\/economie\/les-depenses-sont-elles-non-ordonnancees-deno-les-clarifications-du-ministere-du-budget-du-portefeuille-de-letat#breadcrumb\"},\"inLanguage\":\"fr-FR\",\"potentialAction\":[{\"@type\":\"ReadAction\",\"target\":[\"https:\/\/www.africa-press.net\/cotedivoire\/economie\/les-depenses-sont-elles-non-ordonnancees-deno-les-clarifications-du-ministere-du-budget-du-portefeuille-de-letat\"]}]},{\"@type\":\"ImageObject\",\"inLanguage\":\"fr-FR\",\"@id\":\"https:\/\/www.africa-press.net\/cotedivoire\/economie\/les-depenses-sont-elles-non-ordonnancees-deno-les-clarifications-du-ministere-du-budget-du-portefeuille-de-letat#primaryimage\",\"url\":\"https:\/\/static.africa-press.net\/cote\/sites\/43\/2023\/01\/postQueueImg_1673015514.66.jpg\",\"contentUrl\":\"https:\/\/static.africa-press.net\/cote\/sites\/43\/2023\/01\/postQueueImg_1673015514.66.jpg\",\"width\":720,\"height\":380,\"caption\":\"Les D\u00e9penses sont-elles non ordonnanc\u00e9es (DENO) ? Les clarifications du Minist\u00e8re du Budget du Portefeuille de l'Etat\"},{\"@type\":\"BreadcrumbList\",\"@id\":\"https:\/\/www.africa-press.net\/cotedivoire\/economie\/les-depenses-sont-elles-non-ordonnancees-deno-les-clarifications-du-ministere-du-budget-du-portefeuille-de-letat#breadcrumb\",\"itemListElement\":[{\"@type\":\"ListItem\",\"position\":1,\"name\":\"Accueil\",\"item\":\"https:\/\/www.africa-press.net\/cotedivoire\/\"},{\"@type\":\"ListItem\",\"position\":2,\"name\":\"Les D\u00e9penses sont-elles non ordonnanc\u00e9es (DENO) ? Les clarifications du Minist\u00e8re du Budget du Portefeuille de l&#8217;Etat\"}]},{\"@type\":\"WebSite\",\"@id\":\"https:\/\/www.africa-press.net\/cotedivoire\/#website\",\"url\":\"https:\/\/www.africa-press.net\/cotedivoire\/\",\"name\":\"C\u00f4te d&#039;Ivoire\",\"description\":\"Just another Africa News Agency Sites site\",\"potentialAction\":[{\"@type\":\"SearchAction\",\"target\":{\"@type\":\"EntryPoint\",\"urlTemplate\":\"https:\/\/www.africa-press.net\/cotedivoire\/?s={search_term_string}\"},\"query-input\":{\"@type\":\"PropertyValueSpecification\",\"valueRequired\":true,\"valueName\":\"search_term_string\"}}],\"inLanguage\":\"fr-FR\"},{\"@type\":\"Person\",\"@id\":\"https:\/\/www.africa-press.net\/cotedivoire\/#\/schema\/person\/2b1cf3cd81a31e3cd26889ca66d677f1\",\"name\":\"cfeditorfr\"}]}<\/script>\n<!-- \/ Yoast SEO Premium plugin. -->","yoast_head_json":{"title":"Les D\u00e9penses sont-elles non ordonnanc\u00e9es (DENO) ? Les clarifications du Minist\u00e8re du Budget du Portefeuille de l'Etat - C\u00f4te d&#039;Ivoire","description":"Dans sa publication du mercredi 4 janvier 2023, un quotidien proche de l\u2019opposition a mentionne\u0301 a\u0300 la une, le titre sui ...","robots":{"index":"index","follow":"follow","max-snippet":"max-snippet:-1","max-image-preview":"max-image-preview:large","max-video-preview":"max-video-preview:-1"},"canonical":"https:\/\/www.africa-press.net\/cotedivoire\/economie\/les-depenses-sont-elles-non-ordonnancees-deno-les-clarifications-du-ministere-du-budget-du-portefeuille-de-letat","og_locale":"fr_FR","og_type":"article","og_title":"Les D\u00e9penses sont-elles non ordonnanc\u00e9es (DENO) ? Les clarifications du Minist\u00e8re du Budget du Portefeuille de l'Etat","og_description":"Dans sa publication du mercredi 4 janvier 2023, un quotidien proche de l\u2019opposition a mentionne\u0301 a\u0300 la une, le titre sui ...","og_url":"https:\/\/www.africa-press.net\/cotedivoire\/economie\/les-depenses-sont-elles-non-ordonnancees-deno-les-clarifications-du-ministere-du-budget-du-portefeuille-de-letat","og_site_name":"C\u00f4te d&#039;Ivoire","article_published_time":"2023-01-06T18:01:15+00:00","article_modified_time":"2023-01-06T18:19:00+00:00","og_image":[{"width":720,"height":380,"url":"https:\/\/static.africa-press.net\/cote\/sites\/43\/2023\/01\/postQueueImg_1673015514.66.jpg","type":"image\/jpeg"}],"author":"cfeditorfr","twitter_card":"summary_large_image","twitter_misc":{"\u00c9crit par":"cfeditorfr","Dur\u00e9e de lecture estim\u00e9e":"3 minutes"},"schema":{"@context":"https:\/\/schema.org","@graph":[{"@type":"Article","@id":"https:\/\/www.africa-press.net\/cotedivoire\/economie\/les-depenses-sont-elles-non-ordonnancees-deno-les-clarifications-du-ministere-du-budget-du-portefeuille-de-letat#article","isPartOf":{"@id":"https:\/\/www.africa-press.net\/cotedivoire\/economie\/les-depenses-sont-elles-non-ordonnancees-deno-les-clarifications-du-ministere-du-budget-du-portefeuille-de-letat"},"author":{"name":"cfeditorfr","@id":"https:\/\/www.africa-press.net\/cotedivoire\/#\/schema\/person\/2b1cf3cd81a31e3cd26889ca66d677f1"},"headline":"Les D\u00e9penses sont-elles non ordonnanc\u00e9es (DENO) ? Les clarifications du Minist\u00e8re du Budget du Portefeuille de l&rsquo;Etat","datePublished":"2023-01-06T18:01:15+00:00","dateModified":"2023-01-06T18:19:00+00:00","mainEntityOfPage":{"@id":"https:\/\/www.africa-press.net\/cotedivoire\/economie\/les-depenses-sont-elles-non-ordonnancees-deno-les-clarifications-du-ministere-du-budget-du-portefeuille-de-letat"},"wordCount":712,"commentCount":0,"image":{"@id":"https:\/\/www.africa-press.net\/cotedivoire\/economie\/les-depenses-sont-elles-non-ordonnancees-deno-les-clarifications-du-ministere-du-budget-du-portefeuille-de-letat#primaryimage"},"thumbnailUrl":"https:\/\/static.africa-press.net\/cote\/sites\/43\/2023\/01\/postQueueImg_1673015514.66.jpg","keywords":["Africa Press","Africa Press-C\u00f4te d'Ivoire","budget","C\u00d4TE D'IVOIRE","DENO","d\u00e9penses","Etat","Minist\u00e8re"],"articleSection":["\u00c9conomie","to-homepage","Top Nouvelles","Toutes les actualit\u00e9s"],"inLanguage":"fr-FR","potentialAction":[{"@type":"CommentAction","name":"Comment","target":["https:\/\/www.africa-press.net\/cotedivoire\/economie\/les-depenses-sont-elles-non-ordonnancees-deno-les-clarifications-du-ministere-du-budget-du-portefeuille-de-letat#respond"]}]},{"@type":"WebPage","@id":"https:\/\/www.africa-press.net\/cotedivoire\/economie\/les-depenses-sont-elles-non-ordonnancees-deno-les-clarifications-du-ministere-du-budget-du-portefeuille-de-letat","url":"https:\/\/www.africa-press.net\/cotedivoire\/economie\/les-depenses-sont-elles-non-ordonnancees-deno-les-clarifications-du-ministere-du-budget-du-portefeuille-de-letat","name":"Les D\u00e9penses sont-elles non ordonnanc\u00e9es (DENO) ? Les clarifications du Minist\u00e8re du Budget du Portefeuille de l'Etat - C\u00f4te d&#039;Ivoire","isPartOf":{"@id":"https:\/\/www.africa-press.net\/cotedivoire\/#website"},"primaryImageOfPage":{"@id":"https:\/\/www.africa-press.net\/cotedivoire\/economie\/les-depenses-sont-elles-non-ordonnancees-deno-les-clarifications-du-ministere-du-budget-du-portefeuille-de-letat#primaryimage"},"image":{"@id":"https:\/\/www.africa-press.net\/cotedivoire\/economie\/les-depenses-sont-elles-non-ordonnancees-deno-les-clarifications-du-ministere-du-budget-du-portefeuille-de-letat#primaryimage"},"thumbnailUrl":"https:\/\/static.africa-press.net\/cote\/sites\/43\/2023\/01\/postQueueImg_1673015514.66.jpg","datePublished":"2023-01-06T18:01:15+00:00","dateModified":"2023-01-06T18:19:00+00:00","author":{"@id":"https:\/\/www.africa-press.net\/cotedivoire\/#\/schema\/person\/2b1cf3cd81a31e3cd26889ca66d677f1"},"description":"Dans sa publication du mercredi 4 janvier 2023, un quotidien proche de l\u2019opposition a mentionne\u0301 a\u0300 la une, le titre sui ...","breadcrumb":{"@id":"https:\/\/www.africa-press.net\/cotedivoire\/economie\/les-depenses-sont-elles-non-ordonnancees-deno-les-clarifications-du-ministere-du-budget-du-portefeuille-de-letat#breadcrumb"},"inLanguage":"fr-FR","potentialAction":[{"@type":"ReadAction","target":["https:\/\/www.africa-press.net\/cotedivoire\/economie\/les-depenses-sont-elles-non-ordonnancees-deno-les-clarifications-du-ministere-du-budget-du-portefeuille-de-letat"]}]},{"@type":"ImageObject","inLanguage":"fr-FR","@id":"https:\/\/www.africa-press.net\/cotedivoire\/economie\/les-depenses-sont-elles-non-ordonnancees-deno-les-clarifications-du-ministere-du-budget-du-portefeuille-de-letat#primaryimage","url":"https:\/\/static.africa-press.net\/cote\/sites\/43\/2023\/01\/postQueueImg_1673015514.66.jpg","contentUrl":"https:\/\/static.africa-press.net\/cote\/sites\/43\/2023\/01\/postQueueImg_1673015514.66.jpg","width":720,"height":380,"caption":"Les D\u00e9penses sont-elles non ordonnanc\u00e9es (DENO) ? Les clarifications du Minist\u00e8re du Budget du Portefeuille de l'Etat"},{"@type":"BreadcrumbList","@id":"https:\/\/www.africa-press.net\/cotedivoire\/economie\/les-depenses-sont-elles-non-ordonnancees-deno-les-clarifications-du-ministere-du-budget-du-portefeuille-de-letat#breadcrumb","itemListElement":[{"@type":"ListItem","position":1,"name":"Accueil","item":"https:\/\/www.africa-press.net\/cotedivoire\/"},{"@type":"ListItem","position":2,"name":"Les D\u00e9penses sont-elles non ordonnanc\u00e9es (DENO) ? Les clarifications du Minist\u00e8re du Budget du Portefeuille de l&#8217;Etat"}]},{"@type":"WebSite","@id":"https:\/\/www.africa-press.net\/cotedivoire\/#website","url":"https:\/\/www.africa-press.net\/cotedivoire\/","name":"C\u00f4te d&#039;Ivoire","description":"Just another Africa News Agency Sites site","potentialAction":[{"@type":"SearchAction","target":{"@type":"EntryPoint","urlTemplate":"https:\/\/www.africa-press.net\/cotedivoire\/?s={search_term_string}"},"query-input":{"@type":"PropertyValueSpecification","valueRequired":true,"valueName":"search_term_string"}}],"inLanguage":"fr-FR"},{"@type":"Person","@id":"https:\/\/www.africa-press.net\/cotedivoire\/#\/schema\/person\/2b1cf3cd81a31e3cd26889ca66d677f1","name":"cfeditorfr"}]}},"_links":{"self":[{"href":"https:\/\/www.africa-press.net\/cotedivoire\/wp-json\/wp\/v2\/posts\/51040","targetHints":{"allow":["GET"]}}],"collection":[{"href":"https:\/\/www.africa-press.net\/cotedivoire\/wp-json\/wp\/v2\/posts"}],"about":[{"href":"https:\/\/www.africa-press.net\/cotedivoire\/wp-json\/wp\/v2\/types\/post"}],"author":[{"embeddable":true,"href":"https:\/\/www.africa-press.net\/cotedivoire\/wp-json\/wp\/v2\/users\/82"}],"replies":[{"embeddable":true,"href":"https:\/\/www.africa-press.net\/cotedivoire\/wp-json\/wp\/v2\/comments?post=51040"}],"version-history":[{"count":0,"href":"https:\/\/www.africa-press.net\/cotedivoire\/wp-json\/wp\/v2\/posts\/51040\/revisions"}],"wp:featuredmedia":[{"embeddable":true,"href":"https:\/\/www.africa-press.net\/cotedivoire\/wp-json\/wp\/v2\/media\/51039"}],"wp:attachment":[{"href":"https:\/\/www.africa-press.net\/cotedivoire\/wp-json\/wp\/v2\/media?parent=51040"}],"wp:term":[{"taxonomy":"category","embeddable":true,"href":"https:\/\/www.africa-press.net\/cotedivoire\/wp-json\/wp\/v2\/categories?post=51040"},{"taxonomy":"post_tag","embeddable":true,"href":"https:\/\/www.africa-press.net\/cotedivoire\/wp-json\/wp\/v2\/tags?post=51040"}],"curies":[{"name":"wp","href":"https:\/\/api.w.org\/{rel}","templated":true}]}}