{"id":51058,"date":"2023-01-06T18:05:59","date_gmt":"2023-01-06T18:05:59","guid":{"rendered":"https:\/\/www.africa-press.net\/cotedivoire\/politique\/cote-divoire-mali-affaire-des-46-soldats-la-grace-presidentielle-pour-le-20-janvier-a-loccasion-de-la-fete-de-larmee"},"modified":"2023-01-06T18:27:03","modified_gmt":"2023-01-06T18:27:03","slug":"cote-divoire-mali-affaire-des-46-soldats-la-grace-presidentielle-pour-le-20-janvier-a-loccasion-de-la-fete-de-larmee","status":"publish","type":"post","link":"https:\/\/www.africa-press.net\/cotedivoire\/politique\/cote-divoire-mali-affaire-des-46-soldats-la-grace-presidentielle-pour-le-20-janvier-a-loccasion-de-la-fete-de-larmee","title":{"rendered":"C\u00f4te d&rsquo;Ivoire-Mali : Affaire des 46 soldats, la gr\u00e2ce pr\u00e9sidentielle pour le 20 janvier \u00e0 l&rsquo;occasion de la f\u00eate de l&rsquo;arm\u00e9e ?"},"content":{"rendered":"<p><span style=\"color: #ff6600\"><strong>Africa-Press &#8211; C\u00f4te d&rsquo;Ivoire. <\/strong><\/span>L\u2019affaire des 46 soldats ivoiriens condamne\u0301s a\u0300 20 ans de prison en de\u0301cembre dernier par la Justice Malienne pourrait connai\u0302tre un de\u0301nouement le 20 janvier prochain.<\/p>\n<p>A en croire certaines sources en provenance de Bamako, cette date marque la fe\u0302te de l\u2019arme\u0301e malienne, la 63e\u0300 du genre.<\/p>\n<p>La ce\u0301re\u0301monie pourrait servir d\u2019occasion au pre\u0301sident de la transition, le colonel Assimi Goi\u0308ta, pour gracier les 46 militaires ivoiriens de\u0301tenus a\u0300 Bamako depuis le 10 juillet 2022.<\/p>\n<p>Attendu pour se prononcer sur cette question lors de son discours de nouvel an a\u0300 la Nation, Assimi Goi\u0308ta, a pris tout le monde a\u0300 contre-pied, en e\u0301voquant pas ladite question.<\/p>\n<p>Les 46 soldats ivoiriens ont e\u0301te\u0301 de\u0301clare\u0301s coupables d\u2019\u00ab attentat et complot contre le gouvernement \u00bb, \u00ab atteinte a\u0300 la su\u0302rete\u0301 exte\u0301rieure de l\u2019Etat \u00bb, \u00ab de\u0301tention, port et transport d\u2019armes et de munitions de guerre (&#8230;) ayant pour but de troubler l\u2019ordre public par l\u2019intimidation ou la terreur \u00bb, a\u0300 l\u2019issue d\u2019un proce\u0300s de deux jours a\u0300 Bamako.<\/p>\n<p><strong>Pour plus d&rsquo;informations et d&rsquo;analyses sur la <a href=\"https:\/\/www.africa-press.net\/cotedivoire\">C\u00f4te d&rsquo;Ivoire<\/a>, suivez <a href=\"https:\/\/www.africa-press.net\/\">Africa-Press<\/a><\/strong><\/p>\n","protected":false},"excerpt":{"rendered":"<p>Africa-Press &#8211; C\u00f4te d&rsquo;Ivoire. L\u2019affaire des 46 soldats ivoiriens condamne\u0301s a\u0300 20 ans de prison en de\u0301cembre dernier par la Justice Malienne pourrait connai\u0302tre un de\u0301nouement le 20 janvier prochain. A en croire certaines sources en provenance de Bamako, cette date marque la fe\u0302te de l\u2019arme\u0301e malienne, la 63e\u0300 du genre. La ce\u0301re\u0301monie pourrait servir [&hellip;]<\/p>\n","protected":false},"author":82,"featured_media":51056,"comment_status":"open","ping_status":"closed","sticky":false,"template":"","format":"standard","meta":{"footnotes":""},"categories":[2,10],"tags":[56,63,164,3611,455,29,5789,2066,5415],"class_list":["post-51058","post","type-post","status-publish","format-standard","has-post-thumbnail","hentry","category-politique","category-toutes-les-actualites","tag-africa-press","tag-africa-press-cote-divoire","tag-armee","tag-assimi-goita","tag-bamako","tag-cote-divoire","tag-fete","tag-ivoiriens","tag-soldats"],"yoast_head":"<!-- This site is optimized with the Yoast SEO Premium plugin v26.1 (Yoast SEO v27.0) - https:\/\/yoast.com\/product\/yoast-seo-premium-wordpress\/ -->\n<title>C\u00f4te d&#039;Ivoire-Mali : Affaire des 46 soldats, la gr\u00e2ce pr\u00e9sidentielle pour le 20 janvier \u00e0 l&#039;occasion de la f\u00eate de l&#039;arm\u00e9e ? - C\u00f4te d&#039;Ivoire<\/title>\n<meta name=\"description\" content=\"L\u2019affaire des 46 soldats ivoiriens condamne\u0301s a\u0300 20 ans de prison en de\u0301cembre dernier par la Justice Malienne pourrait ...\" \/>\n<meta name=\"robots\" content=\"index, follow, max-snippet:-1, max-image-preview:large, max-video-preview:-1\" \/>\n<link rel=\"canonical\" href=\"https:\/\/www.africa-press.net\/cotedivoire\/politique\/cote-divoire-mali-affaire-des-46-soldats-la-grace-presidentielle-pour-le-20-janvier-a-loccasion-de-la-fete-de-larmee\" \/>\n<meta property=\"og:locale\" content=\"fr_FR\" \/>\n<meta property=\"og:type\" content=\"article\" \/>\n<meta property=\"og:title\" content=\"C\u00f4te d&#039;Ivoire-Mali : Affaire des 46 soldats, la gr\u00e2ce pr\u00e9sidentielle pour le 20 janvier \u00e0 l&#039;occasion de la f\u00eate de l&#039;arm\u00e9e ?\" \/>\n<meta property=\"og:description\" content=\"L\u2019affaire des 46 soldats ivoiriens condamne\u0301s a\u0300 20 ans de prison en de\u0301cembre dernier par la Justice Malienne pourrait ...\" \/>\n<meta property=\"og:url\" content=\"https:\/\/www.africa-press.net\/cotedivoire\/politique\/cote-divoire-mali-affaire-des-46-soldats-la-grace-presidentielle-pour-le-20-janvier-a-loccasion-de-la-fete-de-larmee\" \/>\n<meta property=\"og:site_name\" content=\"C\u00f4te d&#039;Ivoire\" \/>\n<meta property=\"article:published_time\" content=\"2023-01-06T18:05:59+00:00\" \/>\n<meta property=\"article:modified_time\" content=\"2023-01-06T18:27:03+00:00\" \/>\n<meta property=\"og:image\" content=\"https:\/\/static.africa-press.net\/cote\/sites\/43\/2023\/01\/postQueueImg_1673015783.96.jpg\" \/>\n\t<meta property=\"og:image:width\" content=\"720\" \/>\n\t<meta property=\"og:image:height\" content=\"476\" \/>\n\t<meta property=\"og:image:type\" content=\"image\/jpeg\" \/>\n<meta name=\"author\" content=\"cfeditorfr\" \/>\n<meta name=\"twitter:card\" content=\"summary_large_image\" \/>\n<meta name=\"twitter:label1\" content=\"\u00c9crit par\" \/>\n\t<meta name=\"twitter:data1\" content=\"cfeditorfr\" \/>\n\t<meta name=\"twitter:label2\" content=\"Dur\u00e9e de lecture estim\u00e9e\" \/>\n\t<meta name=\"twitter:data2\" content=\"1 minute\" \/>\n<script type=\"application\/ld+json\" class=\"yoast-schema-graph\">{\"@context\":\"https:\/\/schema.org\",\"@graph\":[{\"@type\":\"Article\",\"@id\":\"https:\/\/www.africa-press.net\/cotedivoire\/politique\/cote-divoire-mali-affaire-des-46-soldats-la-grace-presidentielle-pour-le-20-janvier-a-loccasion-de-la-fete-de-larmee#article\",\"isPartOf\":{\"@id\":\"https:\/\/www.africa-press.net\/cotedivoire\/politique\/cote-divoire-mali-affaire-des-46-soldats-la-grace-presidentielle-pour-le-20-janvier-a-loccasion-de-la-fete-de-larmee\"},\"author\":{\"name\":\"cfeditorfr\",\"@id\":\"https:\/\/www.africa-press.net\/cotedivoire\/#\/schema\/person\/2b1cf3cd81a31e3cd26889ca66d677f1\"},\"headline\":\"C\u00f4te d&rsquo;Ivoire-Mali : Affaire des 46 soldats, la gr\u00e2ce pr\u00e9sidentielle pour le 20 janvier \u00e0 l&rsquo;occasion de la f\u00eate de l&rsquo;arm\u00e9e ?\",\"datePublished\":\"2023-01-06T18:05:59+00:00\",\"dateModified\":\"2023-01-06T18:27:03+00:00\",\"mainEntityOfPage\":{\"@id\":\"https:\/\/www.africa-press.net\/cotedivoire\/politique\/cote-divoire-mali-affaire-des-46-soldats-la-grace-presidentielle-pour-le-20-janvier-a-loccasion-de-la-fete-de-larmee\"},\"wordCount\":227,\"commentCount\":0,\"image\":{\"@id\":\"https:\/\/www.africa-press.net\/cotedivoire\/politique\/cote-divoire-mali-affaire-des-46-soldats-la-grace-presidentielle-pour-le-20-janvier-a-loccasion-de-la-fete-de-larmee#primaryimage\"},\"thumbnailUrl\":\"https:\/\/static.africa-press.net\/cote\/sites\/43\/2023\/01\/postQueueImg_1673015783.96.jpg\",\"keywords\":[\"Africa Press\",\"Africa Press-C\u00f4te d'Ivoire\",\"Arm\u00e9e\",\"Assimi Go\u00efta\",\"Bamako\",\"C\u00d4TE D'IVOIRE\",\"f\u00eate\",\"Ivoiriens\",\"soldats\"],\"articleSection\":[\"Politique\",\"Toutes les actualit\u00e9s\"],\"inLanguage\":\"fr-FR\",\"potentialAction\":[{\"@type\":\"CommentAction\",\"name\":\"Comment\",\"target\":[\"https:\/\/www.africa-press.net\/cotedivoire\/politique\/cote-divoire-mali-affaire-des-46-soldats-la-grace-presidentielle-pour-le-20-janvier-a-loccasion-de-la-fete-de-larmee#respond\"]}]},{\"@type\":\"WebPage\",\"@id\":\"https:\/\/www.africa-press.net\/cotedivoire\/politique\/cote-divoire-mali-affaire-des-46-soldats-la-grace-presidentielle-pour-le-20-janvier-a-loccasion-de-la-fete-de-larmee\",\"url\":\"https:\/\/www.africa-press.net\/cotedivoire\/politique\/cote-divoire-mali-affaire-des-46-soldats-la-grace-presidentielle-pour-le-20-janvier-a-loccasion-de-la-fete-de-larmee\",\"name\":\"C\u00f4te d'Ivoire-Mali : Affaire des 46 soldats, la gr\u00e2ce pr\u00e9sidentielle pour le 20 janvier \u00e0 l'occasion de la f\u00eate de l'arm\u00e9e ? - C\u00f4te d&#039;Ivoire\",\"isPartOf\":{\"@id\":\"https:\/\/www.africa-press.net\/cotedivoire\/#website\"},\"primaryImageOfPage\":{\"@id\":\"https:\/\/www.africa-press.net\/cotedivoire\/politique\/cote-divoire-mali-affaire-des-46-soldats-la-grace-presidentielle-pour-le-20-janvier-a-loccasion-de-la-fete-de-larmee#primaryimage\"},\"image\":{\"@id\":\"https:\/\/www.africa-press.net\/cotedivoire\/politique\/cote-divoire-mali-affaire-des-46-soldats-la-grace-presidentielle-pour-le-20-janvier-a-loccasion-de-la-fete-de-larmee#primaryimage\"},\"thumbnailUrl\":\"https:\/\/static.africa-press.net\/cote\/sites\/43\/2023\/01\/postQueueImg_1673015783.96.jpg\",\"datePublished\":\"2023-01-06T18:05:59+00:00\",\"dateModified\":\"2023-01-06T18:27:03+00:00\",\"author\":{\"@id\":\"https:\/\/www.africa-press.net\/cotedivoire\/#\/schema\/person\/2b1cf3cd81a31e3cd26889ca66d677f1\"},\"description\":\"L\u2019affaire des 46 soldats ivoiriens condamne\u0301s a\u0300 20 ans de prison en de\u0301cembre dernier par la Justice Malienne pourrait ...\",\"breadcrumb\":{\"@id\":\"https:\/\/www.africa-press.net\/cotedivoire\/politique\/cote-divoire-mali-affaire-des-46-soldats-la-grace-presidentielle-pour-le-20-janvier-a-loccasion-de-la-fete-de-larmee#breadcrumb\"},\"inLanguage\":\"fr-FR\",\"potentialAction\":[{\"@type\":\"ReadAction\",\"target\":[\"https:\/\/www.africa-press.net\/cotedivoire\/politique\/cote-divoire-mali-affaire-des-46-soldats-la-grace-presidentielle-pour-le-20-janvier-a-loccasion-de-la-fete-de-larmee\"]}]},{\"@type\":\"ImageObject\",\"inLanguage\":\"fr-FR\",\"@id\":\"https:\/\/www.africa-press.net\/cotedivoire\/politique\/cote-divoire-mali-affaire-des-46-soldats-la-grace-presidentielle-pour-le-20-janvier-a-loccasion-de-la-fete-de-larmee#primaryimage\",\"url\":\"https:\/\/static.africa-press.net\/cote\/sites\/43\/2023\/01\/postQueueImg_1673015783.96.jpg\",\"contentUrl\":\"https:\/\/static.africa-press.net\/cote\/sites\/43\/2023\/01\/postQueueImg_1673015783.96.jpg\",\"width\":720,\"height\":476,\"caption\":\"C\u00f4te d'Ivoire-Mali : Affaire des 46 soldats, la gr\u00e2ce pr\u00e9sidentielle pour le 20 janvier \u00e0 l'occasion de la f\u00eate de l'arm\u00e9e ?\"},{\"@type\":\"BreadcrumbList\",\"@id\":\"https:\/\/www.africa-press.net\/cotedivoire\/politique\/cote-divoire-mali-affaire-des-46-soldats-la-grace-presidentielle-pour-le-20-janvier-a-loccasion-de-la-fete-de-larmee#breadcrumb\",\"itemListElement\":[{\"@type\":\"ListItem\",\"position\":1,\"name\":\"Accueil\",\"item\":\"https:\/\/www.africa-press.net\/cotedivoire\/\"},{\"@type\":\"ListItem\",\"position\":2,\"name\":\"C\u00f4te d&#8217;Ivoire-Mali : Affaire des 46 soldats, la gr\u00e2ce pr\u00e9sidentielle pour le 20 janvier \u00e0 l&#8217;occasion de la f\u00eate de l&#8217;arm\u00e9e ?\"}]},{\"@type\":\"WebSite\",\"@id\":\"https:\/\/www.africa-press.net\/cotedivoire\/#website\",\"url\":\"https:\/\/www.africa-press.net\/cotedivoire\/\",\"name\":\"C\u00f4te d&#039;Ivoire\",\"description\":\"Just another Africa News Agency Sites site\",\"potentialAction\":[{\"@type\":\"SearchAction\",\"target\":{\"@type\":\"EntryPoint\",\"urlTemplate\":\"https:\/\/www.africa-press.net\/cotedivoire\/?s={search_term_string}\"},\"query-input\":{\"@type\":\"PropertyValueSpecification\",\"valueRequired\":true,\"valueName\":\"search_term_string\"}}],\"inLanguage\":\"fr-FR\"},{\"@type\":\"Person\",\"@id\":\"https:\/\/www.africa-press.net\/cotedivoire\/#\/schema\/person\/2b1cf3cd81a31e3cd26889ca66d677f1\",\"name\":\"cfeditorfr\"}]}<\/script>\n<!-- \/ Yoast SEO Premium plugin. -->","yoast_head_json":{"title":"C\u00f4te d'Ivoire-Mali : Affaire des 46 soldats, la gr\u00e2ce pr\u00e9sidentielle pour le 20 janvier \u00e0 l'occasion de la f\u00eate de l'arm\u00e9e ? - C\u00f4te d&#039;Ivoire","description":"L\u2019affaire des 46 soldats ivoiriens condamne\u0301s a\u0300 20 ans de prison en de\u0301cembre dernier par la Justice Malienne pourrait ...","robots":{"index":"index","follow":"follow","max-snippet":"max-snippet:-1","max-image-preview":"max-image-preview:large","max-video-preview":"max-video-preview:-1"},"canonical":"https:\/\/www.africa-press.net\/cotedivoire\/politique\/cote-divoire-mali-affaire-des-46-soldats-la-grace-presidentielle-pour-le-20-janvier-a-loccasion-de-la-fete-de-larmee","og_locale":"fr_FR","og_type":"article","og_title":"C\u00f4te d'Ivoire-Mali : Affaire des 46 soldats, la gr\u00e2ce pr\u00e9sidentielle pour le 20 janvier \u00e0 l'occasion de la f\u00eate de l'arm\u00e9e ?","og_description":"L\u2019affaire des 46 soldats ivoiriens condamne\u0301s a\u0300 20 ans de prison en de\u0301cembre dernier par la Justice Malienne pourrait ...","og_url":"https:\/\/www.africa-press.net\/cotedivoire\/politique\/cote-divoire-mali-affaire-des-46-soldats-la-grace-presidentielle-pour-le-20-janvier-a-loccasion-de-la-fete-de-larmee","og_site_name":"C\u00f4te d&#039;Ivoire","article_published_time":"2023-01-06T18:05:59+00:00","article_modified_time":"2023-01-06T18:27:03+00:00","og_image":[{"width":720,"height":476,"url":"https:\/\/static.africa-press.net\/cote\/sites\/43\/2023\/01\/postQueueImg_1673015783.96.jpg","type":"image\/jpeg"}],"author":"cfeditorfr","twitter_card":"summary_large_image","twitter_misc":{"\u00c9crit par":"cfeditorfr","Dur\u00e9e de lecture estim\u00e9e":"1 minute"},"schema":{"@context":"https:\/\/schema.org","@graph":[{"@type":"Article","@id":"https:\/\/www.africa-press.net\/cotedivoire\/politique\/cote-divoire-mali-affaire-des-46-soldats-la-grace-presidentielle-pour-le-20-janvier-a-loccasion-de-la-fete-de-larmee#article","isPartOf":{"@id":"https:\/\/www.africa-press.net\/cotedivoire\/politique\/cote-divoire-mali-affaire-des-46-soldats-la-grace-presidentielle-pour-le-20-janvier-a-loccasion-de-la-fete-de-larmee"},"author":{"name":"cfeditorfr","@id":"https:\/\/www.africa-press.net\/cotedivoire\/#\/schema\/person\/2b1cf3cd81a31e3cd26889ca66d677f1"},"headline":"C\u00f4te d&rsquo;Ivoire-Mali : Affaire des 46 soldats, la gr\u00e2ce pr\u00e9sidentielle pour le 20 janvier \u00e0 l&rsquo;occasion de la f\u00eate de l&rsquo;arm\u00e9e ?","datePublished":"2023-01-06T18:05:59+00:00","dateModified":"2023-01-06T18:27:03+00:00","mainEntityOfPage":{"@id":"https:\/\/www.africa-press.net\/cotedivoire\/politique\/cote-divoire-mali-affaire-des-46-soldats-la-grace-presidentielle-pour-le-20-janvier-a-loccasion-de-la-fete-de-larmee"},"wordCount":227,"commentCount":0,"image":{"@id":"https:\/\/www.africa-press.net\/cotedivoire\/politique\/cote-divoire-mali-affaire-des-46-soldats-la-grace-presidentielle-pour-le-20-janvier-a-loccasion-de-la-fete-de-larmee#primaryimage"},"thumbnailUrl":"https:\/\/static.africa-press.net\/cote\/sites\/43\/2023\/01\/postQueueImg_1673015783.96.jpg","keywords":["Africa Press","Africa Press-C\u00f4te d'Ivoire","Arm\u00e9e","Assimi Go\u00efta","Bamako","C\u00d4TE D'IVOIRE","f\u00eate","Ivoiriens","soldats"],"articleSection":["Politique","Toutes les actualit\u00e9s"],"inLanguage":"fr-FR","potentialAction":[{"@type":"CommentAction","name":"Comment","target":["https:\/\/www.africa-press.net\/cotedivoire\/politique\/cote-divoire-mali-affaire-des-46-soldats-la-grace-presidentielle-pour-le-20-janvier-a-loccasion-de-la-fete-de-larmee#respond"]}]},{"@type":"WebPage","@id":"https:\/\/www.africa-press.net\/cotedivoire\/politique\/cote-divoire-mali-affaire-des-46-soldats-la-grace-presidentielle-pour-le-20-janvier-a-loccasion-de-la-fete-de-larmee","url":"https:\/\/www.africa-press.net\/cotedivoire\/politique\/cote-divoire-mali-affaire-des-46-soldats-la-grace-presidentielle-pour-le-20-janvier-a-loccasion-de-la-fete-de-larmee","name":"C\u00f4te d'Ivoire-Mali : Affaire des 46 soldats, la gr\u00e2ce pr\u00e9sidentielle pour le 20 janvier \u00e0 l'occasion de la f\u00eate de l'arm\u00e9e ? - C\u00f4te d&#039;Ivoire","isPartOf":{"@id":"https:\/\/www.africa-press.net\/cotedivoire\/#website"},"primaryImageOfPage":{"@id":"https:\/\/www.africa-press.net\/cotedivoire\/politique\/cote-divoire-mali-affaire-des-46-soldats-la-grace-presidentielle-pour-le-20-janvier-a-loccasion-de-la-fete-de-larmee#primaryimage"},"image":{"@id":"https:\/\/www.africa-press.net\/cotedivoire\/politique\/cote-divoire-mali-affaire-des-46-soldats-la-grace-presidentielle-pour-le-20-janvier-a-loccasion-de-la-fete-de-larmee#primaryimage"},"thumbnailUrl":"https:\/\/static.africa-press.net\/cote\/sites\/43\/2023\/01\/postQueueImg_1673015783.96.jpg","datePublished":"2023-01-06T18:05:59+00:00","dateModified":"2023-01-06T18:27:03+00:00","author":{"@id":"https:\/\/www.africa-press.net\/cotedivoire\/#\/schema\/person\/2b1cf3cd81a31e3cd26889ca66d677f1"},"description":"L\u2019affaire des 46 soldats ivoiriens condamne\u0301s a\u0300 20 ans de prison en de\u0301cembre dernier par la Justice Malienne pourrait ...","breadcrumb":{"@id":"https:\/\/www.africa-press.net\/cotedivoire\/politique\/cote-divoire-mali-affaire-des-46-soldats-la-grace-presidentielle-pour-le-20-janvier-a-loccasion-de-la-fete-de-larmee#breadcrumb"},"inLanguage":"fr-FR","potentialAction":[{"@type":"ReadAction","target":["https:\/\/www.africa-press.net\/cotedivoire\/politique\/cote-divoire-mali-affaire-des-46-soldats-la-grace-presidentielle-pour-le-20-janvier-a-loccasion-de-la-fete-de-larmee"]}]},{"@type":"ImageObject","inLanguage":"fr-FR","@id":"https:\/\/www.africa-press.net\/cotedivoire\/politique\/cote-divoire-mali-affaire-des-46-soldats-la-grace-presidentielle-pour-le-20-janvier-a-loccasion-de-la-fete-de-larmee#primaryimage","url":"https:\/\/static.africa-press.net\/cote\/sites\/43\/2023\/01\/postQueueImg_1673015783.96.jpg","contentUrl":"https:\/\/static.africa-press.net\/cote\/sites\/43\/2023\/01\/postQueueImg_1673015783.96.jpg","width":720,"height":476,"caption":"C\u00f4te d'Ivoire-Mali : Affaire des 46 soldats, la gr\u00e2ce pr\u00e9sidentielle pour le 20 janvier \u00e0 l'occasion de la f\u00eate de l'arm\u00e9e ?"},{"@type":"BreadcrumbList","@id":"https:\/\/www.africa-press.net\/cotedivoire\/politique\/cote-divoire-mali-affaire-des-46-soldats-la-grace-presidentielle-pour-le-20-janvier-a-loccasion-de-la-fete-de-larmee#breadcrumb","itemListElement":[{"@type":"ListItem","position":1,"name":"Accueil","item":"https:\/\/www.africa-press.net\/cotedivoire\/"},{"@type":"ListItem","position":2,"name":"C\u00f4te d&#8217;Ivoire-Mali : Affaire des 46 soldats, la gr\u00e2ce pr\u00e9sidentielle pour le 20 janvier \u00e0 l&#8217;occasion de la f\u00eate de l&#8217;arm\u00e9e ?"}]},{"@type":"WebSite","@id":"https:\/\/www.africa-press.net\/cotedivoire\/#website","url":"https:\/\/www.africa-press.net\/cotedivoire\/","name":"C\u00f4te d&#039;Ivoire","description":"Just another Africa News Agency Sites site","potentialAction":[{"@type":"SearchAction","target":{"@type":"EntryPoint","urlTemplate":"https:\/\/www.africa-press.net\/cotedivoire\/?s={search_term_string}"},"query-input":{"@type":"PropertyValueSpecification","valueRequired":true,"valueName":"search_term_string"}}],"inLanguage":"fr-FR"},{"@type":"Person","@id":"https:\/\/www.africa-press.net\/cotedivoire\/#\/schema\/person\/2b1cf3cd81a31e3cd26889ca66d677f1","name":"cfeditorfr"}]}},"_links":{"self":[{"href":"https:\/\/www.africa-press.net\/cotedivoire\/wp-json\/wp\/v2\/posts\/51058","targetHints":{"allow":["GET"]}}],"collection":[{"href":"https:\/\/www.africa-press.net\/cotedivoire\/wp-json\/wp\/v2\/posts"}],"about":[{"href":"https:\/\/www.africa-press.net\/cotedivoire\/wp-json\/wp\/v2\/types\/post"}],"author":[{"embeddable":true,"href":"https:\/\/www.africa-press.net\/cotedivoire\/wp-json\/wp\/v2\/users\/82"}],"replies":[{"embeddable":true,"href":"https:\/\/www.africa-press.net\/cotedivoire\/wp-json\/wp\/v2\/comments?post=51058"}],"version-history":[{"count":0,"href":"https:\/\/www.africa-press.net\/cotedivoire\/wp-json\/wp\/v2\/posts\/51058\/revisions"}],"wp:featuredmedia":[{"embeddable":true,"href":"https:\/\/www.africa-press.net\/cotedivoire\/wp-json\/wp\/v2\/media\/51056"}],"wp:attachment":[{"href":"https:\/\/www.africa-press.net\/cotedivoire\/wp-json\/wp\/v2\/media?parent=51058"}],"wp:term":[{"taxonomy":"category","embeddable":true,"href":"https:\/\/www.africa-press.net\/cotedivoire\/wp-json\/wp\/v2\/categories?post=51058"},{"taxonomy":"post_tag","embeddable":true,"href":"https:\/\/www.africa-press.net\/cotedivoire\/wp-json\/wp\/v2\/tags?post=51058"}],"curies":[{"name":"wp","href":"https:\/\/api.w.org\/{rel}","templated":true}]}}