{"id":51172,"date":"2023-01-09T19:41:58","date_gmt":"2023-01-09T19:41:58","guid":{"rendered":"https:\/\/www.africa-press.net\/cotedivoire\/politique\/presentation-de-voeux-au-ministre-de-leconomie-lapbef-ci-et-jerome-ehui-renouvellent-leur-engagement-a-letat"},"modified":"2023-01-09T19:50:12","modified_gmt":"2023-01-09T19:50:12","slug":"presentation-de-voeux-au-ministre-de-leconomie-lapbef-ci-et-jerome-ehui-renouvellent-leur-engagement-a-letat","status":"publish","type":"post","link":"https:\/\/www.africa-press.net\/cotedivoire\/economie\/presentation-de-voeux-au-ministre-de-leconomie-lapbef-ci-et-jerome-ehui-renouvellent-leur-engagement-a-letat","title":{"rendered":"Pr\u00e9sentation de v\u0153ux au ministre de l&rsquo;Economie, l&rsquo;APBEF-CI et J\u00e9r\u00f4me Ehui renouvellent leur engagement \u00e0 l&rsquo;Etat"},"content":{"rendered":"<p><span style=\"color: #ff6600\"><strong>Africa-Press &#8211; C\u00f4te d&rsquo;Ivoire. <\/strong><\/span>Le cabinet du ministre de l&rsquo;Economie et des Finances a e\u0301te\u0301 le the\u0301atre d&rsquo;une ce\u0301re\u0301monie de pre\u0301sentation de v\u0153ux de nouvel an entre Adama Coulibaly et le Conseil Exe\u0301cutif de l&rsquo;APBEF-CI avec a\u0300 sa te\u0302te son Pre\u0301sident Jero\u0302me Ehui.<\/p>\n<p>Cette ce\u0301re\u0301monie a e\u0301te\u0301 l&rsquo;occasion pour le Pre\u0301sident de l&rsquo;APBEF-CI d&rsquo;adresser ses remerciements a\u0300 la tutelle et de renouveller l&rsquo;engagement de la corporation bancaire aupre\u0300s de l&rsquo;Etat engage\u0301 resolument sur la voie du progre\u0300s et de la transformation structurelle de l&rsquo;Economie ivoirienne.<\/p>\n<p><strong>Pour plus d&rsquo;informations et d&rsquo;analyses sur la <a href=\"https:\/\/www.africa-press.net\/cotedivoire\">C\u00f4te d&rsquo;Ivoire<\/a>, suivez <a href=\"https:\/\/www.africa-press.net\/\">Africa-Press<\/a><\/strong><\/p>\n","protected":false},"excerpt":{"rendered":"<p>Africa-Press &#8211; C\u00f4te d&rsquo;Ivoire. Le cabinet du ministre de l&rsquo;Economie et des Finances a e\u0301te\u0301 le the\u0301atre d&rsquo;une ce\u0301re\u0301monie de pre\u0301sentation de v\u0153ux de nouvel an entre Adama Coulibaly et le Conseil Exe\u0301cutif de l&rsquo;APBEF-CI avec a\u0300 sa te\u0302te son Pre\u0301sident Jero\u0302me Ehui. Cette ce\u0301re\u0301monie a e\u0301te\u0301 l&rsquo;occasion pour le Pre\u0301sident de l&rsquo;APBEF-CI d&rsquo;adresser ses [&hellip;]<\/p>\n","protected":false},"author":82,"featured_media":51171,"comment_status":"open","ping_status":"closed","sticky":false,"template":"","format":"standard","meta":{"footnotes":""},"categories":[3,10],"tags":[1182,56,63,3837,29,2971],"class_list":["post-51172","post","type-post","status-publish","format-standard","has-post-thumbnail","hentry","category-economie","category-toutes-les-actualites","tag-adama-coulibaly","tag-africa-press","tag-africa-press-cote-divoire","tag-apbef-ci","tag-cote-divoire","tag-jerome-ehui"],"yoast_head":"<!-- This site is optimized with the Yoast SEO Premium plugin v26.1 (Yoast SEO v27.0) - https:\/\/yoast.com\/product\/yoast-seo-premium-wordpress\/ -->\n<title>Pr\u00e9sentation de v\u0153ux au ministre de l&#039;Economie, l&#039;APBEF-CI et J\u00e9r\u00f4me Ehui renouvellent leur engagement \u00e0 l&#039;Etat - C\u00f4te d&#039;Ivoire<\/title>\n<meta name=\"description\" content=\"Le cabinet du ministre de l&#039;Economie et des Finances a e\u0301te\u0301 le the\u0301atre d&#039;une ce\u0301re\u0301monie de pre\u0301sentation de v\u0153ux de n ...\" \/>\n<meta name=\"robots\" content=\"index, follow, max-snippet:-1, max-image-preview:large, max-video-preview:-1\" \/>\n<link rel=\"canonical\" href=\"https:\/\/www.africa-press.net\/cotedivoire\/economie\/presentation-de-voeux-au-ministre-de-leconomie-lapbef-ci-et-jerome-ehui-renouvellent-leur-engagement-a-letat\" \/>\n<meta property=\"og:locale\" content=\"fr_FR\" \/>\n<meta property=\"og:type\" content=\"article\" \/>\n<meta property=\"og:title\" content=\"Pr\u00e9sentation de v\u0153ux au ministre de l&#039;Economie, l&#039;APBEF-CI et J\u00e9r\u00f4me Ehui renouvellent leur engagement \u00e0 l&#039;Etat\" \/>\n<meta property=\"og:description\" content=\"Le cabinet du ministre de l&#039;Economie et des Finances a e\u0301te\u0301 le the\u0301atre d&#039;une ce\u0301re\u0301monie de pre\u0301sentation de v\u0153ux de n ...\" \/>\n<meta property=\"og:url\" content=\"https:\/\/www.africa-press.net\/cotedivoire\/economie\/presentation-de-voeux-au-ministre-de-leconomie-lapbef-ci-et-jerome-ehui-renouvellent-leur-engagement-a-letat\" \/>\n<meta property=\"og:site_name\" content=\"C\u00f4te d&#039;Ivoire\" \/>\n<meta property=\"article:published_time\" content=\"2023-01-09T19:41:58+00:00\" \/>\n<meta property=\"article:modified_time\" content=\"2023-01-09T19:50:12+00:00\" \/>\n<meta property=\"og:image\" content=\"https:\/\/static.africa-press.net\/cote\/sites\/43\/2023\/01\/postQueueImg_1673280725.05.jpg\" \/>\n\t<meta property=\"og:image:width\" content=\"720\" \/>\n\t<meta property=\"og:image:height\" content=\"480\" \/>\n\t<meta property=\"og:image:type\" content=\"image\/jpeg\" \/>\n<meta name=\"author\" content=\"cfeditorfr\" \/>\n<meta name=\"twitter:card\" content=\"summary_large_image\" \/>\n<meta name=\"twitter:label1\" content=\"\u00c9crit par\" \/>\n\t<meta name=\"twitter:data1\" content=\"cfeditorfr\" \/>\n\t<meta name=\"twitter:label2\" content=\"Dur\u00e9e de lecture estim\u00e9e\" \/>\n\t<meta name=\"twitter:data2\" content=\"1 minute\" \/>\n<script type=\"application\/ld+json\" class=\"yoast-schema-graph\">{\"@context\":\"https:\/\/schema.org\",\"@graph\":[{\"@type\":\"Article\",\"@id\":\"https:\/\/www.africa-press.net\/cotedivoire\/economie\/presentation-de-voeux-au-ministre-de-leconomie-lapbef-ci-et-jerome-ehui-renouvellent-leur-engagement-a-letat#article\",\"isPartOf\":{\"@id\":\"https:\/\/www.africa-press.net\/cotedivoire\/economie\/presentation-de-voeux-au-ministre-de-leconomie-lapbef-ci-et-jerome-ehui-renouvellent-leur-engagement-a-letat\"},\"author\":{\"name\":\"cfeditorfr\",\"@id\":\"https:\/\/www.africa-press.net\/cotedivoire\/#\/schema\/person\/2b1cf3cd81a31e3cd26889ca66d677f1\"},\"headline\":\"Pr\u00e9sentation de v\u0153ux au ministre de l&rsquo;Economie, l&rsquo;APBEF-CI et J\u00e9r\u00f4me Ehui renouvellent leur engagement \u00e0 l&rsquo;Etat\",\"datePublished\":\"2023-01-09T19:41:58+00:00\",\"dateModified\":\"2023-01-09T19:50:12+00:00\",\"mainEntityOfPage\":{\"@id\":\"https:\/\/www.africa-press.net\/cotedivoire\/economie\/presentation-de-voeux-au-ministre-de-leconomie-lapbef-ci-et-jerome-ehui-renouvellent-leur-engagement-a-letat\"},\"wordCount\":149,\"commentCount\":0,\"image\":{\"@id\":\"https:\/\/www.africa-press.net\/cotedivoire\/economie\/presentation-de-voeux-au-ministre-de-leconomie-lapbef-ci-et-jerome-ehui-renouvellent-leur-engagement-a-letat#primaryimage\"},\"thumbnailUrl\":\"https:\/\/static.africa-press.net\/cote\/sites\/43\/2023\/01\/postQueueImg_1673280725.05.jpg\",\"keywords\":[\"Adama Coulibaly\",\"Africa Press\",\"Africa Press-C\u00f4te d'Ivoire\",\"APBEF-CI\",\"C\u00d4TE D'IVOIRE\",\"Jer\u00f4me Ehui\"],\"articleSection\":[\"\u00c9conomie\",\"Toutes les actualit\u00e9s\"],\"inLanguage\":\"fr-FR\",\"potentialAction\":[{\"@type\":\"CommentAction\",\"name\":\"Comment\",\"target\":[\"https:\/\/www.africa-press.net\/cotedivoire\/economie\/presentation-de-voeux-au-ministre-de-leconomie-lapbef-ci-et-jerome-ehui-renouvellent-leur-engagement-a-letat#respond\"]}]},{\"@type\":\"WebPage\",\"@id\":\"https:\/\/www.africa-press.net\/cotedivoire\/economie\/presentation-de-voeux-au-ministre-de-leconomie-lapbef-ci-et-jerome-ehui-renouvellent-leur-engagement-a-letat\",\"url\":\"https:\/\/www.africa-press.net\/cotedivoire\/economie\/presentation-de-voeux-au-ministre-de-leconomie-lapbef-ci-et-jerome-ehui-renouvellent-leur-engagement-a-letat\",\"name\":\"Pr\u00e9sentation de v\u0153ux au ministre de l'Economie, l'APBEF-CI et J\u00e9r\u00f4me Ehui renouvellent leur engagement \u00e0 l'Etat - C\u00f4te d&#039;Ivoire\",\"isPartOf\":{\"@id\":\"https:\/\/www.africa-press.net\/cotedivoire\/#website\"},\"primaryImageOfPage\":{\"@id\":\"https:\/\/www.africa-press.net\/cotedivoire\/economie\/presentation-de-voeux-au-ministre-de-leconomie-lapbef-ci-et-jerome-ehui-renouvellent-leur-engagement-a-letat#primaryimage\"},\"image\":{\"@id\":\"https:\/\/www.africa-press.net\/cotedivoire\/economie\/presentation-de-voeux-au-ministre-de-leconomie-lapbef-ci-et-jerome-ehui-renouvellent-leur-engagement-a-letat#primaryimage\"},\"thumbnailUrl\":\"https:\/\/static.africa-press.net\/cote\/sites\/43\/2023\/01\/postQueueImg_1673280725.05.jpg\",\"datePublished\":\"2023-01-09T19:41:58+00:00\",\"dateModified\":\"2023-01-09T19:50:12+00:00\",\"author\":{\"@id\":\"https:\/\/www.africa-press.net\/cotedivoire\/#\/schema\/person\/2b1cf3cd81a31e3cd26889ca66d677f1\"},\"description\":\"Le cabinet du ministre de l'Economie et des Finances a e\u0301te\u0301 le the\u0301atre d'une ce\u0301re\u0301monie de pre\u0301sentation de v\u0153ux de n ...\",\"breadcrumb\":{\"@id\":\"https:\/\/www.africa-press.net\/cotedivoire\/economie\/presentation-de-voeux-au-ministre-de-leconomie-lapbef-ci-et-jerome-ehui-renouvellent-leur-engagement-a-letat#breadcrumb\"},\"inLanguage\":\"fr-FR\",\"potentialAction\":[{\"@type\":\"ReadAction\",\"target\":[\"https:\/\/www.africa-press.net\/cotedivoire\/economie\/presentation-de-voeux-au-ministre-de-leconomie-lapbef-ci-et-jerome-ehui-renouvellent-leur-engagement-a-letat\"]}]},{\"@type\":\"ImageObject\",\"inLanguage\":\"fr-FR\",\"@id\":\"https:\/\/www.africa-press.net\/cotedivoire\/economie\/presentation-de-voeux-au-ministre-de-leconomie-lapbef-ci-et-jerome-ehui-renouvellent-leur-engagement-a-letat#primaryimage\",\"url\":\"https:\/\/static.africa-press.net\/cote\/sites\/43\/2023\/01\/postQueueImg_1673280725.05.jpg\",\"contentUrl\":\"https:\/\/static.africa-press.net\/cote\/sites\/43\/2023\/01\/postQueueImg_1673280725.05.jpg\",\"width\":720,\"height\":480,\"caption\":\"Pr\u00e9sentation de v\u0153ux au ministre de l'Economie, l'APBEF-CI et J\u00e9r\u00f4me Ehui renouvellent leur engagement \u00e0 l'Etat\"},{\"@type\":\"BreadcrumbList\",\"@id\":\"https:\/\/www.africa-press.net\/cotedivoire\/economie\/presentation-de-voeux-au-ministre-de-leconomie-lapbef-ci-et-jerome-ehui-renouvellent-leur-engagement-a-letat#breadcrumb\",\"itemListElement\":[{\"@type\":\"ListItem\",\"position\":1,\"name\":\"Accueil\",\"item\":\"https:\/\/www.africa-press.net\/cotedivoire\/\"},{\"@type\":\"ListItem\",\"position\":2,\"name\":\"Pr\u00e9sentation de v\u0153ux au ministre de l&#8217;Economie, l&#8217;APBEF-CI et J\u00e9r\u00f4me Ehui renouvellent leur engagement \u00e0 l&#8217;Etat\"}]},{\"@type\":\"WebSite\",\"@id\":\"https:\/\/www.africa-press.net\/cotedivoire\/#website\",\"url\":\"https:\/\/www.africa-press.net\/cotedivoire\/\",\"name\":\"C\u00f4te d&#039;Ivoire\",\"description\":\"Just another Africa News Agency Sites site\",\"potentialAction\":[{\"@type\":\"SearchAction\",\"target\":{\"@type\":\"EntryPoint\",\"urlTemplate\":\"https:\/\/www.africa-press.net\/cotedivoire\/?s={search_term_string}\"},\"query-input\":{\"@type\":\"PropertyValueSpecification\",\"valueRequired\":true,\"valueName\":\"search_term_string\"}}],\"inLanguage\":\"fr-FR\"},{\"@type\":\"Person\",\"@id\":\"https:\/\/www.africa-press.net\/cotedivoire\/#\/schema\/person\/2b1cf3cd81a31e3cd26889ca66d677f1\",\"name\":\"cfeditorfr\"}]}<\/script>\n<!-- \/ Yoast SEO Premium plugin. -->","yoast_head_json":{"title":"Pr\u00e9sentation de v\u0153ux au ministre de l'Economie, l'APBEF-CI et J\u00e9r\u00f4me Ehui renouvellent leur engagement \u00e0 l'Etat - C\u00f4te d&#039;Ivoire","description":"Le cabinet du ministre de l'Economie et des Finances a e\u0301te\u0301 le the\u0301atre d'une ce\u0301re\u0301monie de pre\u0301sentation de v\u0153ux de n ...","robots":{"index":"index","follow":"follow","max-snippet":"max-snippet:-1","max-image-preview":"max-image-preview:large","max-video-preview":"max-video-preview:-1"},"canonical":"https:\/\/www.africa-press.net\/cotedivoire\/economie\/presentation-de-voeux-au-ministre-de-leconomie-lapbef-ci-et-jerome-ehui-renouvellent-leur-engagement-a-letat","og_locale":"fr_FR","og_type":"article","og_title":"Pr\u00e9sentation de v\u0153ux au ministre de l'Economie, l'APBEF-CI et J\u00e9r\u00f4me Ehui renouvellent leur engagement \u00e0 l'Etat","og_description":"Le cabinet du ministre de l'Economie et des Finances a e\u0301te\u0301 le the\u0301atre d'une ce\u0301re\u0301monie de pre\u0301sentation de v\u0153ux de n ...","og_url":"https:\/\/www.africa-press.net\/cotedivoire\/economie\/presentation-de-voeux-au-ministre-de-leconomie-lapbef-ci-et-jerome-ehui-renouvellent-leur-engagement-a-letat","og_site_name":"C\u00f4te d&#039;Ivoire","article_published_time":"2023-01-09T19:41:58+00:00","article_modified_time":"2023-01-09T19:50:12+00:00","og_image":[{"width":720,"height":480,"url":"https:\/\/static.africa-press.net\/cote\/sites\/43\/2023\/01\/postQueueImg_1673280725.05.jpg","type":"image\/jpeg"}],"author":"cfeditorfr","twitter_card":"summary_large_image","twitter_misc":{"\u00c9crit par":"cfeditorfr","Dur\u00e9e de lecture estim\u00e9e":"1 minute"},"schema":{"@context":"https:\/\/schema.org","@graph":[{"@type":"Article","@id":"https:\/\/www.africa-press.net\/cotedivoire\/economie\/presentation-de-voeux-au-ministre-de-leconomie-lapbef-ci-et-jerome-ehui-renouvellent-leur-engagement-a-letat#article","isPartOf":{"@id":"https:\/\/www.africa-press.net\/cotedivoire\/economie\/presentation-de-voeux-au-ministre-de-leconomie-lapbef-ci-et-jerome-ehui-renouvellent-leur-engagement-a-letat"},"author":{"name":"cfeditorfr","@id":"https:\/\/www.africa-press.net\/cotedivoire\/#\/schema\/person\/2b1cf3cd81a31e3cd26889ca66d677f1"},"headline":"Pr\u00e9sentation de v\u0153ux au ministre de l&rsquo;Economie, l&rsquo;APBEF-CI et J\u00e9r\u00f4me Ehui renouvellent leur engagement \u00e0 l&rsquo;Etat","datePublished":"2023-01-09T19:41:58+00:00","dateModified":"2023-01-09T19:50:12+00:00","mainEntityOfPage":{"@id":"https:\/\/www.africa-press.net\/cotedivoire\/economie\/presentation-de-voeux-au-ministre-de-leconomie-lapbef-ci-et-jerome-ehui-renouvellent-leur-engagement-a-letat"},"wordCount":149,"commentCount":0,"image":{"@id":"https:\/\/www.africa-press.net\/cotedivoire\/economie\/presentation-de-voeux-au-ministre-de-leconomie-lapbef-ci-et-jerome-ehui-renouvellent-leur-engagement-a-letat#primaryimage"},"thumbnailUrl":"https:\/\/static.africa-press.net\/cote\/sites\/43\/2023\/01\/postQueueImg_1673280725.05.jpg","keywords":["Adama Coulibaly","Africa Press","Africa Press-C\u00f4te d'Ivoire","APBEF-CI","C\u00d4TE D'IVOIRE","Jer\u00f4me Ehui"],"articleSection":["\u00c9conomie","Toutes les actualit\u00e9s"],"inLanguage":"fr-FR","potentialAction":[{"@type":"CommentAction","name":"Comment","target":["https:\/\/www.africa-press.net\/cotedivoire\/economie\/presentation-de-voeux-au-ministre-de-leconomie-lapbef-ci-et-jerome-ehui-renouvellent-leur-engagement-a-letat#respond"]}]},{"@type":"WebPage","@id":"https:\/\/www.africa-press.net\/cotedivoire\/economie\/presentation-de-voeux-au-ministre-de-leconomie-lapbef-ci-et-jerome-ehui-renouvellent-leur-engagement-a-letat","url":"https:\/\/www.africa-press.net\/cotedivoire\/economie\/presentation-de-voeux-au-ministre-de-leconomie-lapbef-ci-et-jerome-ehui-renouvellent-leur-engagement-a-letat","name":"Pr\u00e9sentation de v\u0153ux au ministre de l'Economie, l'APBEF-CI et J\u00e9r\u00f4me Ehui renouvellent leur engagement \u00e0 l'Etat - C\u00f4te d&#039;Ivoire","isPartOf":{"@id":"https:\/\/www.africa-press.net\/cotedivoire\/#website"},"primaryImageOfPage":{"@id":"https:\/\/www.africa-press.net\/cotedivoire\/economie\/presentation-de-voeux-au-ministre-de-leconomie-lapbef-ci-et-jerome-ehui-renouvellent-leur-engagement-a-letat#primaryimage"},"image":{"@id":"https:\/\/www.africa-press.net\/cotedivoire\/economie\/presentation-de-voeux-au-ministre-de-leconomie-lapbef-ci-et-jerome-ehui-renouvellent-leur-engagement-a-letat#primaryimage"},"thumbnailUrl":"https:\/\/static.africa-press.net\/cote\/sites\/43\/2023\/01\/postQueueImg_1673280725.05.jpg","datePublished":"2023-01-09T19:41:58+00:00","dateModified":"2023-01-09T19:50:12+00:00","author":{"@id":"https:\/\/www.africa-press.net\/cotedivoire\/#\/schema\/person\/2b1cf3cd81a31e3cd26889ca66d677f1"},"description":"Le cabinet du ministre de l'Economie et des Finances a e\u0301te\u0301 le the\u0301atre d'une ce\u0301re\u0301monie de pre\u0301sentation de v\u0153ux de n ...","breadcrumb":{"@id":"https:\/\/www.africa-press.net\/cotedivoire\/economie\/presentation-de-voeux-au-ministre-de-leconomie-lapbef-ci-et-jerome-ehui-renouvellent-leur-engagement-a-letat#breadcrumb"},"inLanguage":"fr-FR","potentialAction":[{"@type":"ReadAction","target":["https:\/\/www.africa-press.net\/cotedivoire\/economie\/presentation-de-voeux-au-ministre-de-leconomie-lapbef-ci-et-jerome-ehui-renouvellent-leur-engagement-a-letat"]}]},{"@type":"ImageObject","inLanguage":"fr-FR","@id":"https:\/\/www.africa-press.net\/cotedivoire\/economie\/presentation-de-voeux-au-ministre-de-leconomie-lapbef-ci-et-jerome-ehui-renouvellent-leur-engagement-a-letat#primaryimage","url":"https:\/\/static.africa-press.net\/cote\/sites\/43\/2023\/01\/postQueueImg_1673280725.05.jpg","contentUrl":"https:\/\/static.africa-press.net\/cote\/sites\/43\/2023\/01\/postQueueImg_1673280725.05.jpg","width":720,"height":480,"caption":"Pr\u00e9sentation de v\u0153ux au ministre de l'Economie, l'APBEF-CI et J\u00e9r\u00f4me Ehui renouvellent leur engagement \u00e0 l'Etat"},{"@type":"BreadcrumbList","@id":"https:\/\/www.africa-press.net\/cotedivoire\/economie\/presentation-de-voeux-au-ministre-de-leconomie-lapbef-ci-et-jerome-ehui-renouvellent-leur-engagement-a-letat#breadcrumb","itemListElement":[{"@type":"ListItem","position":1,"name":"Accueil","item":"https:\/\/www.africa-press.net\/cotedivoire\/"},{"@type":"ListItem","position":2,"name":"Pr\u00e9sentation de v\u0153ux au ministre de l&#8217;Economie, l&#8217;APBEF-CI et J\u00e9r\u00f4me Ehui renouvellent leur engagement \u00e0 l&#8217;Etat"}]},{"@type":"WebSite","@id":"https:\/\/www.africa-press.net\/cotedivoire\/#website","url":"https:\/\/www.africa-press.net\/cotedivoire\/","name":"C\u00f4te d&#039;Ivoire","description":"Just another Africa News Agency Sites site","potentialAction":[{"@type":"SearchAction","target":{"@type":"EntryPoint","urlTemplate":"https:\/\/www.africa-press.net\/cotedivoire\/?s={search_term_string}"},"query-input":{"@type":"PropertyValueSpecification","valueRequired":true,"valueName":"search_term_string"}}],"inLanguage":"fr-FR"},{"@type":"Person","@id":"https:\/\/www.africa-press.net\/cotedivoire\/#\/schema\/person\/2b1cf3cd81a31e3cd26889ca66d677f1","name":"cfeditorfr"}]}},"_links":{"self":[{"href":"https:\/\/www.africa-press.net\/cotedivoire\/wp-json\/wp\/v2\/posts\/51172","targetHints":{"allow":["GET"]}}],"collection":[{"href":"https:\/\/www.africa-press.net\/cotedivoire\/wp-json\/wp\/v2\/posts"}],"about":[{"href":"https:\/\/www.africa-press.net\/cotedivoire\/wp-json\/wp\/v2\/types\/post"}],"author":[{"embeddable":true,"href":"https:\/\/www.africa-press.net\/cotedivoire\/wp-json\/wp\/v2\/users\/82"}],"replies":[{"embeddable":true,"href":"https:\/\/www.africa-press.net\/cotedivoire\/wp-json\/wp\/v2\/comments?post=51172"}],"version-history":[{"count":0,"href":"https:\/\/www.africa-press.net\/cotedivoire\/wp-json\/wp\/v2\/posts\/51172\/revisions"}],"wp:featuredmedia":[{"embeddable":true,"href":"https:\/\/www.africa-press.net\/cotedivoire\/wp-json\/wp\/v2\/media\/51171"}],"wp:attachment":[{"href":"https:\/\/www.africa-press.net\/cotedivoire\/wp-json\/wp\/v2\/media?parent=51172"}],"wp:term":[{"taxonomy":"category","embeddable":true,"href":"https:\/\/www.africa-press.net\/cotedivoire\/wp-json\/wp\/v2\/categories?post=51172"},{"taxonomy":"post_tag","embeddable":true,"href":"https:\/\/www.africa-press.net\/cotedivoire\/wp-json\/wp\/v2\/tags?post=51172"}],"curies":[{"name":"wp","href":"https:\/\/api.w.org\/{rel}","templated":true}]}}