{"id":51774,"date":"2023-01-19T18:04:07","date_gmt":"2023-01-19T18:04:07","guid":{"rendered":"https:\/\/www.africa-press.net\/cotedivoire\/politique\/ange-kessi-apres-avoir-ete-admis-a-faire-valoir-ses-droits-a-la-retraite-exprime-sa-gratitude-a-ouattara-et-se-retire-du-metier-des-armes"},"modified":"2023-01-19T18:12:57","modified_gmt":"2023-01-19T18:12:57","slug":"ange-kessi-apres-avoir-ete-admis-a-faire-valoir-ses-droits-a-la-retraite-exprime-sa-gratitude-a-ouattara-et-se-retire-du-metier-des-armes","status":"publish","type":"post","link":"https:\/\/www.africa-press.net\/cotedivoire\/politique\/ange-kessi-apres-avoir-ete-admis-a-faire-valoir-ses-droits-a-la-retraite-exprime-sa-gratitude-a-ouattara-et-se-retire-du-metier-des-armes","title":{"rendered":"Ange Kessi apr\u00e8s avoir \u00e9t\u00e9 admis \u00e0 faire valoir ses droits \u00e0 la retraite exprime sa gratitude  \u00e0 Ouattara et se retire du m\u00e9tier des armes"},"content":{"rendered":"<p><span style=\"color: #ff6600\"><strong>Africa-Press &#8211; C\u00f4te d&rsquo;Ivoire. <\/strong><\/span>Le Contre-Amiral, Ange Kessi Kouame\u0301 apre\u0300s 38 ans de services a e\u0301te\u0301 admis a\u0300 faire valoir ses droits a\u0300 la retraite le 31 octobre 2022.<\/p>\n<p>Le commissaire du Gouvernement a e\u0301te\u0301 remplace\u0301 a\u0300 son poste par un inte\u0301rimaire. Il s\u2019agit du Magistrat Lieutenant-Colonel Kouadio Konan Judicae\u0308l, officier de recrutement terre.<\/p>\n<p>Une ce\u0301re\u0301monie d\u2019Adieux aux Armes a e\u0301te\u0301 organise\u0301e le mercredi 18 janvier 2023 a\u0300 Etat-Major des Arme\u0301es en Hommage a\u0300 Ange Kessi, au ge\u0301ne\u0301ral de division, Kone\u0301 Mambi et au Me\u0301decin-Ge\u0301ne\u0301ral de brigade, Yao N\u2019Dri Dowlo Athanase, comme constate\u0301 sur place par KOACI.<\/p>\n<p>Admis a\u0300 la retraite, apre\u0300s trente-huit (38) ans de service dont vingt-deux (22) a\u0300 la te\u0302te de la juridiction militaire de la Co\u0302te d\u2019Ivoire, le Contre-Amiral, Ange Kessi informe ce jeudi 19 janvier 2023, qu\u2019il se \u00ab retire des armes \u00bb.<\/p>\n<p>\u00ab Nous avons forme\u0301 une nouvelle ge\u0301ne\u0301ration a\u0300 qui nous avons le\u0301gue\u0301 nos ide\u0301aux, nos principes, notre fac\u0327on de voir, de faire et d&rsquo;e\u0302tre au service de la Co\u0302te d&rsquo;Ivoire. Ayant beaucoup appris a\u0300 nos co\u0302te\u0301s, nous sommes persuade\u0301s que cette nouvelle ge\u0301ne\u0301ration de jeunes et dynamiques magistrats militaires, saura relever brillamment le de\u0301fi de la lutte contre de\u0301linquance, l&rsquo;impunite\u0301 et du combat contre la corruption, le racket, les violations des droits humains et la sauvegarde de l&rsquo;e\u0301thique militaire dont la discipline, l\u2019honne\u0302tete\u0301, la dignite\u0301 et l&rsquo;inte\u0301grite\u0301 sont les quatre (4) vertus qui fondent nos arme\u0301es \u00bb, indique\u0301 l\u2019homme qui a fait le Tribunal Militaire a\u0300 l\u2019opinion nationale et internationale.<\/p>\n<p>Selon le de\u0301sormais Marin a\u0300 la retraite, le me\u0301tier des armes n\u2019est pas facile certes mais, il reste et demeure un me\u0301tier de tradition.<\/p>\n<p>Avant son de\u0301part des services de l\u2019Arme\u0301e, Ange Kessi exprime toute sa gratitude au chef de l\u2019Etat pour la confiance place\u0301e en lui.<\/p>\n<p>\u00ab (&#8230;) Son Excellence M. le Pre\u0301sident de la Re\u0301publique, Chef supre\u0302me des arme\u0301es, M. Alassane OUATTARA, ma tre\u0300s profonde gratitude pour cette confiance qu&rsquo;il a place\u0301e en moi jusqu\u2019a\u0300 ce que soit venu pour moi, le moment de me retirer de mes fonctions en application de la loi sur le de\u0301part a\u0300 la retraite \u00bb, a-t-il indique\u0301, avant d\u2019exprimer son infinie gratitude au Ministre d\u2019Etat, Ministre de la de\u0301fense M. Te\u0301ne\u0301 Ouattara et le Ge\u0301ne\u0301ral de Corps d\u2019arme\u0301e, Chef d&rsquo;e\u0301tat-major Ge\u0301ne\u0301ral des Arme\u0301es, Lassina Doumbia .<\/p>\n<p><strong>Pour plus d&rsquo;informations et d&rsquo;analyses sur la <a href=\"https:\/\/www.africa-press.net\/cotedivoire\">C\u00f4te d&rsquo;Ivoire<\/a>, suivez <a href=\"https:\/\/www.africa-press.net\/\">Africa-Press<\/a><\/strong><\/p>\n","protected":false},"excerpt":{"rendered":"<p>Africa-Press &#8211; C\u00f4te d&rsquo;Ivoire. Le Contre-Amiral, Ange Kessi Kouame\u0301 apre\u0300s 38 ans de services a e\u0301te\u0301 admis a\u0300 faire valoir ses droits a\u0300 la retraite le 31 octobre 2022. Le commissaire du Gouvernement a e\u0301te\u0301 remplace\u0301 a\u0300 son poste par un inte\u0301rimaire. Il s\u2019agit du Magistrat Lieutenant-Colonel Kouadio Konan Judicae\u0308l, officier de recrutement terre. Une [&hellip;]<\/p>\n","protected":false},"author":82,"featured_media":51773,"comment_status":"open","ping_status":"closed","sticky":false,"template":"","format":"standard","meta":{"footnotes":""},"categories":[2,10],"tags":[8495,56,63,38,822,2342,2600,29,762,1898,2297],"class_list":["post-51774","post","type-post","status-publish","format-standard","has-post-thumbnail","hentry","category-politique","category-toutes-les-actualites","tag-adieux","tag-africa-press","tag-africa-press-cote-divoire","tag-alassane-ouattara","tag-ange-kessi","tag-ceremonie","tag-commissaire","tag-cote-divoire","tag-gouvernement","tag-lassina-doumbia","tag-retraite"],"yoast_head":"<!-- This site is optimized with the Yoast SEO Premium plugin v26.1 (Yoast SEO v27.0) - https:\/\/yoast.com\/product\/yoast-seo-premium-wordpress\/ -->\n<title>Ange Kessi apr\u00e8s avoir \u00e9t\u00e9 admis \u00e0 faire valoir ses droits \u00e0 la retraite exprime sa gratitude \u00e0 Ouattara et se retire du m\u00e9tier des armes - C\u00f4te d&#039;Ivoire<\/title>\n<meta name=\"description\" content=\"Le Contre-Amiral, Ange Kessi Kouame\u0301 apre\u0300s 38 ans de services a e\u0301te\u0301 admis a\u0300 faire valoir ses droits a\u0300 la retraite l ...\" \/>\n<meta name=\"robots\" content=\"index, follow, max-snippet:-1, max-image-preview:large, max-video-preview:-1\" \/>\n<link rel=\"canonical\" href=\"https:\/\/www.africa-press.net\/cotedivoire\/politique\/ange-kessi-apres-avoir-ete-admis-a-faire-valoir-ses-droits-a-la-retraite-exprime-sa-gratitude-a-ouattara-et-se-retire-du-metier-des-armes\" \/>\n<meta property=\"og:locale\" content=\"fr_FR\" \/>\n<meta property=\"og:type\" content=\"article\" \/>\n<meta property=\"og:title\" content=\"Ange Kessi apr\u00e8s avoir \u00e9t\u00e9 admis \u00e0 faire valoir ses droits \u00e0 la retraite exprime sa gratitude \u00e0 Ouattara et se retire du m\u00e9tier des armes\" \/>\n<meta property=\"og:description\" content=\"Le Contre-Amiral, Ange Kessi Kouame\u0301 apre\u0300s 38 ans de services a e\u0301te\u0301 admis a\u0300 faire valoir ses droits a\u0300 la retraite l ...\" \/>\n<meta property=\"og:url\" content=\"https:\/\/www.africa-press.net\/cotedivoire\/politique\/ange-kessi-apres-avoir-ete-admis-a-faire-valoir-ses-droits-a-la-retraite-exprime-sa-gratitude-a-ouattara-et-se-retire-du-metier-des-armes\" \/>\n<meta property=\"og:site_name\" content=\"C\u00f4te d&#039;Ivoire\" \/>\n<meta property=\"article:published_time\" content=\"2023-01-19T18:04:07+00:00\" \/>\n<meta property=\"article:modified_time\" content=\"2023-01-19T18:12:57+00:00\" \/>\n<meta property=\"og:image\" content=\"https:\/\/static.africa-press.net\/cote\/sites\/43\/2023\/01\/postQueueImg_1674138895.48.jpg\" \/>\n\t<meta property=\"og:image:width\" content=\"720\" \/>\n\t<meta property=\"og:image:height\" content=\"465\" \/>\n\t<meta property=\"og:image:type\" content=\"image\/jpeg\" \/>\n<meta name=\"author\" content=\"cfeditorfr\" \/>\n<meta name=\"twitter:card\" content=\"summary_large_image\" \/>\n<meta name=\"twitter:label1\" content=\"\u00c9crit par\" \/>\n\t<meta name=\"twitter:data1\" content=\"cfeditorfr\" \/>\n\t<meta name=\"twitter:label2\" content=\"Dur\u00e9e de lecture estim\u00e9e\" \/>\n\t<meta name=\"twitter:data2\" content=\"2 minutes\" \/>\n<script type=\"application\/ld+json\" class=\"yoast-schema-graph\">{\"@context\":\"https:\/\/schema.org\",\"@graph\":[{\"@type\":\"Article\",\"@id\":\"https:\/\/www.africa-press.net\/cotedivoire\/politique\/ange-kessi-apres-avoir-ete-admis-a-faire-valoir-ses-droits-a-la-retraite-exprime-sa-gratitude-a-ouattara-et-se-retire-du-metier-des-armes#article\",\"isPartOf\":{\"@id\":\"https:\/\/www.africa-press.net\/cotedivoire\/politique\/ange-kessi-apres-avoir-ete-admis-a-faire-valoir-ses-droits-a-la-retraite-exprime-sa-gratitude-a-ouattara-et-se-retire-du-metier-des-armes\"},\"author\":{\"name\":\"cfeditorfr\",\"@id\":\"https:\/\/www.africa-press.net\/cotedivoire\/#\/schema\/person\/2b1cf3cd81a31e3cd26889ca66d677f1\"},\"headline\":\"Ange Kessi apr\u00e8s avoir \u00e9t\u00e9 admis \u00e0 faire valoir ses droits \u00e0 la retraite exprime sa gratitude \u00e0 Ouattara et se retire du m\u00e9tier des armes\",\"datePublished\":\"2023-01-19T18:04:07+00:00\",\"dateModified\":\"2023-01-19T18:12:57+00:00\",\"mainEntityOfPage\":{\"@id\":\"https:\/\/www.africa-press.net\/cotedivoire\/politique\/ange-kessi-apres-avoir-ete-admis-a-faire-valoir-ses-droits-a-la-retraite-exprime-sa-gratitude-a-ouattara-et-se-retire-du-metier-des-armes\"},\"wordCount\":486,\"commentCount\":0,\"image\":{\"@id\":\"https:\/\/www.africa-press.net\/cotedivoire\/politique\/ange-kessi-apres-avoir-ete-admis-a-faire-valoir-ses-droits-a-la-retraite-exprime-sa-gratitude-a-ouattara-et-se-retire-du-metier-des-armes#primaryimage\"},\"thumbnailUrl\":\"https:\/\/static.africa-press.net\/cote\/sites\/43\/2023\/01\/postQueueImg_1674138895.48.jpg\",\"keywords\":[\"adieux\",\"Africa Press\",\"Africa Press-C\u00f4te d'Ivoire\",\"Alassane Ouattara\",\"Ange Kessi\",\"C\u00e9r\u00e9monie\",\"commissaire\",\"C\u00d4TE D'IVOIRE\",\"Gouvernement\",\"Lassina Doumbia\",\"retraite\"],\"articleSection\":[\"Politique\",\"Toutes les actualit\u00e9s\"],\"inLanguage\":\"fr-FR\",\"potentialAction\":[{\"@type\":\"CommentAction\",\"name\":\"Comment\",\"target\":[\"https:\/\/www.africa-press.net\/cotedivoire\/politique\/ange-kessi-apres-avoir-ete-admis-a-faire-valoir-ses-droits-a-la-retraite-exprime-sa-gratitude-a-ouattara-et-se-retire-du-metier-des-armes#respond\"]}]},{\"@type\":\"WebPage\",\"@id\":\"https:\/\/www.africa-press.net\/cotedivoire\/politique\/ange-kessi-apres-avoir-ete-admis-a-faire-valoir-ses-droits-a-la-retraite-exprime-sa-gratitude-a-ouattara-et-se-retire-du-metier-des-armes\",\"url\":\"https:\/\/www.africa-press.net\/cotedivoire\/politique\/ange-kessi-apres-avoir-ete-admis-a-faire-valoir-ses-droits-a-la-retraite-exprime-sa-gratitude-a-ouattara-et-se-retire-du-metier-des-armes\",\"name\":\"Ange Kessi apr\u00e8s avoir \u00e9t\u00e9 admis \u00e0 faire valoir ses droits \u00e0 la retraite exprime sa gratitude \u00e0 Ouattara et se retire du m\u00e9tier des armes - C\u00f4te d&#039;Ivoire\",\"isPartOf\":{\"@id\":\"https:\/\/www.africa-press.net\/cotedivoire\/#website\"},\"primaryImageOfPage\":{\"@id\":\"https:\/\/www.africa-press.net\/cotedivoire\/politique\/ange-kessi-apres-avoir-ete-admis-a-faire-valoir-ses-droits-a-la-retraite-exprime-sa-gratitude-a-ouattara-et-se-retire-du-metier-des-armes#primaryimage\"},\"image\":{\"@id\":\"https:\/\/www.africa-press.net\/cotedivoire\/politique\/ange-kessi-apres-avoir-ete-admis-a-faire-valoir-ses-droits-a-la-retraite-exprime-sa-gratitude-a-ouattara-et-se-retire-du-metier-des-armes#primaryimage\"},\"thumbnailUrl\":\"https:\/\/static.africa-press.net\/cote\/sites\/43\/2023\/01\/postQueueImg_1674138895.48.jpg\",\"datePublished\":\"2023-01-19T18:04:07+00:00\",\"dateModified\":\"2023-01-19T18:12:57+00:00\",\"author\":{\"@id\":\"https:\/\/www.africa-press.net\/cotedivoire\/#\/schema\/person\/2b1cf3cd81a31e3cd26889ca66d677f1\"},\"description\":\"Le Contre-Amiral, Ange Kessi Kouame\u0301 apre\u0300s 38 ans de services a e\u0301te\u0301 admis a\u0300 faire valoir ses droits a\u0300 la retraite l ...\",\"breadcrumb\":{\"@id\":\"https:\/\/www.africa-press.net\/cotedivoire\/politique\/ange-kessi-apres-avoir-ete-admis-a-faire-valoir-ses-droits-a-la-retraite-exprime-sa-gratitude-a-ouattara-et-se-retire-du-metier-des-armes#breadcrumb\"},\"inLanguage\":\"fr-FR\",\"potentialAction\":[{\"@type\":\"ReadAction\",\"target\":[\"https:\/\/www.africa-press.net\/cotedivoire\/politique\/ange-kessi-apres-avoir-ete-admis-a-faire-valoir-ses-droits-a-la-retraite-exprime-sa-gratitude-a-ouattara-et-se-retire-du-metier-des-armes\"]}]},{\"@type\":\"ImageObject\",\"inLanguage\":\"fr-FR\",\"@id\":\"https:\/\/www.africa-press.net\/cotedivoire\/politique\/ange-kessi-apres-avoir-ete-admis-a-faire-valoir-ses-droits-a-la-retraite-exprime-sa-gratitude-a-ouattara-et-se-retire-du-metier-des-armes#primaryimage\",\"url\":\"https:\/\/static.africa-press.net\/cote\/sites\/43\/2023\/01\/postQueueImg_1674138895.48.jpg\",\"contentUrl\":\"https:\/\/static.africa-press.net\/cote\/sites\/43\/2023\/01\/postQueueImg_1674138895.48.jpg\",\"width\":720,\"height\":465,\"caption\":\"Ange Kessi apr\u00e8s avoir \u00e9t\u00e9 admis \u00e0 faire valoir ses droits \u00e0 la retraite exprime sa gratitude \u00e0 Ouattara et se retire du m\u00e9tier des armes\"},{\"@type\":\"BreadcrumbList\",\"@id\":\"https:\/\/www.africa-press.net\/cotedivoire\/politique\/ange-kessi-apres-avoir-ete-admis-a-faire-valoir-ses-droits-a-la-retraite-exprime-sa-gratitude-a-ouattara-et-se-retire-du-metier-des-armes#breadcrumb\",\"itemListElement\":[{\"@type\":\"ListItem\",\"position\":1,\"name\":\"Accueil\",\"item\":\"https:\/\/www.africa-press.net\/cotedivoire\/\"},{\"@type\":\"ListItem\",\"position\":2,\"name\":\"Ange Kessi apr\u00e8s avoir \u00e9t\u00e9 admis \u00e0 faire valoir ses droits \u00e0 la retraite exprime sa gratitude \u00e0 Ouattara et se retire du m\u00e9tier des armes\"}]},{\"@type\":\"WebSite\",\"@id\":\"https:\/\/www.africa-press.net\/cotedivoire\/#website\",\"url\":\"https:\/\/www.africa-press.net\/cotedivoire\/\",\"name\":\"C\u00f4te d&#039;Ivoire\",\"description\":\"Just another Africa News Agency Sites site\",\"potentialAction\":[{\"@type\":\"SearchAction\",\"target\":{\"@type\":\"EntryPoint\",\"urlTemplate\":\"https:\/\/www.africa-press.net\/cotedivoire\/?s={search_term_string}\"},\"query-input\":{\"@type\":\"PropertyValueSpecification\",\"valueRequired\":true,\"valueName\":\"search_term_string\"}}],\"inLanguage\":\"fr-FR\"},{\"@type\":\"Person\",\"@id\":\"https:\/\/www.africa-press.net\/cotedivoire\/#\/schema\/person\/2b1cf3cd81a31e3cd26889ca66d677f1\",\"name\":\"cfeditorfr\"}]}<\/script>\n<!-- \/ Yoast SEO Premium plugin. -->","yoast_head_json":{"title":"Ange Kessi apr\u00e8s avoir \u00e9t\u00e9 admis \u00e0 faire valoir ses droits \u00e0 la retraite exprime sa gratitude \u00e0 Ouattara et se retire du m\u00e9tier des armes - C\u00f4te d&#039;Ivoire","description":"Le Contre-Amiral, Ange Kessi Kouame\u0301 apre\u0300s 38 ans de services a e\u0301te\u0301 admis a\u0300 faire valoir ses droits a\u0300 la retraite l ...","robots":{"index":"index","follow":"follow","max-snippet":"max-snippet:-1","max-image-preview":"max-image-preview:large","max-video-preview":"max-video-preview:-1"},"canonical":"https:\/\/www.africa-press.net\/cotedivoire\/politique\/ange-kessi-apres-avoir-ete-admis-a-faire-valoir-ses-droits-a-la-retraite-exprime-sa-gratitude-a-ouattara-et-se-retire-du-metier-des-armes","og_locale":"fr_FR","og_type":"article","og_title":"Ange Kessi apr\u00e8s avoir \u00e9t\u00e9 admis \u00e0 faire valoir ses droits \u00e0 la retraite exprime sa gratitude \u00e0 Ouattara et se retire du m\u00e9tier des armes","og_description":"Le Contre-Amiral, Ange Kessi Kouame\u0301 apre\u0300s 38 ans de services a e\u0301te\u0301 admis a\u0300 faire valoir ses droits a\u0300 la retraite l ...","og_url":"https:\/\/www.africa-press.net\/cotedivoire\/politique\/ange-kessi-apres-avoir-ete-admis-a-faire-valoir-ses-droits-a-la-retraite-exprime-sa-gratitude-a-ouattara-et-se-retire-du-metier-des-armes","og_site_name":"C\u00f4te d&#039;Ivoire","article_published_time":"2023-01-19T18:04:07+00:00","article_modified_time":"2023-01-19T18:12:57+00:00","og_image":[{"width":720,"height":465,"url":"https:\/\/static.africa-press.net\/cote\/sites\/43\/2023\/01\/postQueueImg_1674138895.48.jpg","type":"image\/jpeg"}],"author":"cfeditorfr","twitter_card":"summary_large_image","twitter_misc":{"\u00c9crit par":"cfeditorfr","Dur\u00e9e de lecture estim\u00e9e":"2 minutes"},"schema":{"@context":"https:\/\/schema.org","@graph":[{"@type":"Article","@id":"https:\/\/www.africa-press.net\/cotedivoire\/politique\/ange-kessi-apres-avoir-ete-admis-a-faire-valoir-ses-droits-a-la-retraite-exprime-sa-gratitude-a-ouattara-et-se-retire-du-metier-des-armes#article","isPartOf":{"@id":"https:\/\/www.africa-press.net\/cotedivoire\/politique\/ange-kessi-apres-avoir-ete-admis-a-faire-valoir-ses-droits-a-la-retraite-exprime-sa-gratitude-a-ouattara-et-se-retire-du-metier-des-armes"},"author":{"name":"cfeditorfr","@id":"https:\/\/www.africa-press.net\/cotedivoire\/#\/schema\/person\/2b1cf3cd81a31e3cd26889ca66d677f1"},"headline":"Ange Kessi apr\u00e8s avoir \u00e9t\u00e9 admis \u00e0 faire valoir ses droits \u00e0 la retraite exprime sa gratitude \u00e0 Ouattara et se retire du m\u00e9tier des armes","datePublished":"2023-01-19T18:04:07+00:00","dateModified":"2023-01-19T18:12:57+00:00","mainEntityOfPage":{"@id":"https:\/\/www.africa-press.net\/cotedivoire\/politique\/ange-kessi-apres-avoir-ete-admis-a-faire-valoir-ses-droits-a-la-retraite-exprime-sa-gratitude-a-ouattara-et-se-retire-du-metier-des-armes"},"wordCount":486,"commentCount":0,"image":{"@id":"https:\/\/www.africa-press.net\/cotedivoire\/politique\/ange-kessi-apres-avoir-ete-admis-a-faire-valoir-ses-droits-a-la-retraite-exprime-sa-gratitude-a-ouattara-et-se-retire-du-metier-des-armes#primaryimage"},"thumbnailUrl":"https:\/\/static.africa-press.net\/cote\/sites\/43\/2023\/01\/postQueueImg_1674138895.48.jpg","keywords":["adieux","Africa Press","Africa Press-C\u00f4te d'Ivoire","Alassane Ouattara","Ange Kessi","C\u00e9r\u00e9monie","commissaire","C\u00d4TE D'IVOIRE","Gouvernement","Lassina Doumbia","retraite"],"articleSection":["Politique","Toutes les actualit\u00e9s"],"inLanguage":"fr-FR","potentialAction":[{"@type":"CommentAction","name":"Comment","target":["https:\/\/www.africa-press.net\/cotedivoire\/politique\/ange-kessi-apres-avoir-ete-admis-a-faire-valoir-ses-droits-a-la-retraite-exprime-sa-gratitude-a-ouattara-et-se-retire-du-metier-des-armes#respond"]}]},{"@type":"WebPage","@id":"https:\/\/www.africa-press.net\/cotedivoire\/politique\/ange-kessi-apres-avoir-ete-admis-a-faire-valoir-ses-droits-a-la-retraite-exprime-sa-gratitude-a-ouattara-et-se-retire-du-metier-des-armes","url":"https:\/\/www.africa-press.net\/cotedivoire\/politique\/ange-kessi-apres-avoir-ete-admis-a-faire-valoir-ses-droits-a-la-retraite-exprime-sa-gratitude-a-ouattara-et-se-retire-du-metier-des-armes","name":"Ange Kessi apr\u00e8s avoir \u00e9t\u00e9 admis \u00e0 faire valoir ses droits \u00e0 la retraite exprime sa gratitude \u00e0 Ouattara et se retire du m\u00e9tier des armes - C\u00f4te d&#039;Ivoire","isPartOf":{"@id":"https:\/\/www.africa-press.net\/cotedivoire\/#website"},"primaryImageOfPage":{"@id":"https:\/\/www.africa-press.net\/cotedivoire\/politique\/ange-kessi-apres-avoir-ete-admis-a-faire-valoir-ses-droits-a-la-retraite-exprime-sa-gratitude-a-ouattara-et-se-retire-du-metier-des-armes#primaryimage"},"image":{"@id":"https:\/\/www.africa-press.net\/cotedivoire\/politique\/ange-kessi-apres-avoir-ete-admis-a-faire-valoir-ses-droits-a-la-retraite-exprime-sa-gratitude-a-ouattara-et-se-retire-du-metier-des-armes#primaryimage"},"thumbnailUrl":"https:\/\/static.africa-press.net\/cote\/sites\/43\/2023\/01\/postQueueImg_1674138895.48.jpg","datePublished":"2023-01-19T18:04:07+00:00","dateModified":"2023-01-19T18:12:57+00:00","author":{"@id":"https:\/\/www.africa-press.net\/cotedivoire\/#\/schema\/person\/2b1cf3cd81a31e3cd26889ca66d677f1"},"description":"Le Contre-Amiral, Ange Kessi Kouame\u0301 apre\u0300s 38 ans de services a e\u0301te\u0301 admis a\u0300 faire valoir ses droits a\u0300 la retraite l ...","breadcrumb":{"@id":"https:\/\/www.africa-press.net\/cotedivoire\/politique\/ange-kessi-apres-avoir-ete-admis-a-faire-valoir-ses-droits-a-la-retraite-exprime-sa-gratitude-a-ouattara-et-se-retire-du-metier-des-armes#breadcrumb"},"inLanguage":"fr-FR","potentialAction":[{"@type":"ReadAction","target":["https:\/\/www.africa-press.net\/cotedivoire\/politique\/ange-kessi-apres-avoir-ete-admis-a-faire-valoir-ses-droits-a-la-retraite-exprime-sa-gratitude-a-ouattara-et-se-retire-du-metier-des-armes"]}]},{"@type":"ImageObject","inLanguage":"fr-FR","@id":"https:\/\/www.africa-press.net\/cotedivoire\/politique\/ange-kessi-apres-avoir-ete-admis-a-faire-valoir-ses-droits-a-la-retraite-exprime-sa-gratitude-a-ouattara-et-se-retire-du-metier-des-armes#primaryimage","url":"https:\/\/static.africa-press.net\/cote\/sites\/43\/2023\/01\/postQueueImg_1674138895.48.jpg","contentUrl":"https:\/\/static.africa-press.net\/cote\/sites\/43\/2023\/01\/postQueueImg_1674138895.48.jpg","width":720,"height":465,"caption":"Ange Kessi apr\u00e8s avoir \u00e9t\u00e9 admis \u00e0 faire valoir ses droits \u00e0 la retraite exprime sa gratitude \u00e0 Ouattara et se retire du m\u00e9tier des armes"},{"@type":"BreadcrumbList","@id":"https:\/\/www.africa-press.net\/cotedivoire\/politique\/ange-kessi-apres-avoir-ete-admis-a-faire-valoir-ses-droits-a-la-retraite-exprime-sa-gratitude-a-ouattara-et-se-retire-du-metier-des-armes#breadcrumb","itemListElement":[{"@type":"ListItem","position":1,"name":"Accueil","item":"https:\/\/www.africa-press.net\/cotedivoire\/"},{"@type":"ListItem","position":2,"name":"Ange Kessi apr\u00e8s avoir \u00e9t\u00e9 admis \u00e0 faire valoir ses droits \u00e0 la retraite exprime sa gratitude \u00e0 Ouattara et se retire du m\u00e9tier des armes"}]},{"@type":"WebSite","@id":"https:\/\/www.africa-press.net\/cotedivoire\/#website","url":"https:\/\/www.africa-press.net\/cotedivoire\/","name":"C\u00f4te d&#039;Ivoire","description":"Just another Africa News Agency Sites site","potentialAction":[{"@type":"SearchAction","target":{"@type":"EntryPoint","urlTemplate":"https:\/\/www.africa-press.net\/cotedivoire\/?s={search_term_string}"},"query-input":{"@type":"PropertyValueSpecification","valueRequired":true,"valueName":"search_term_string"}}],"inLanguage":"fr-FR"},{"@type":"Person","@id":"https:\/\/www.africa-press.net\/cotedivoire\/#\/schema\/person\/2b1cf3cd81a31e3cd26889ca66d677f1","name":"cfeditorfr"}]}},"_links":{"self":[{"href":"https:\/\/www.africa-press.net\/cotedivoire\/wp-json\/wp\/v2\/posts\/51774","targetHints":{"allow":["GET"]}}],"collection":[{"href":"https:\/\/www.africa-press.net\/cotedivoire\/wp-json\/wp\/v2\/posts"}],"about":[{"href":"https:\/\/www.africa-press.net\/cotedivoire\/wp-json\/wp\/v2\/types\/post"}],"author":[{"embeddable":true,"href":"https:\/\/www.africa-press.net\/cotedivoire\/wp-json\/wp\/v2\/users\/82"}],"replies":[{"embeddable":true,"href":"https:\/\/www.africa-press.net\/cotedivoire\/wp-json\/wp\/v2\/comments?post=51774"}],"version-history":[{"count":0,"href":"https:\/\/www.africa-press.net\/cotedivoire\/wp-json\/wp\/v2\/posts\/51774\/revisions"}],"wp:featuredmedia":[{"embeddable":true,"href":"https:\/\/www.africa-press.net\/cotedivoire\/wp-json\/wp\/v2\/media\/51773"}],"wp:attachment":[{"href":"https:\/\/www.africa-press.net\/cotedivoire\/wp-json\/wp\/v2\/media?parent=51774"}],"wp:term":[{"taxonomy":"category","embeddable":true,"href":"https:\/\/www.africa-press.net\/cotedivoire\/wp-json\/wp\/v2\/categories?post=51774"},{"taxonomy":"post_tag","embeddable":true,"href":"https:\/\/www.africa-press.net\/cotedivoire\/wp-json\/wp\/v2\/tags?post=51774"}],"curies":[{"name":"wp","href":"https:\/\/api.w.org\/{rel}","templated":true}]}}