{"id":51861,"date":"2023-01-20T14:27:33","date_gmt":"2023-01-20T14:27:33","guid":{"rendered":"https:\/\/www.africa-press.net\/cotedivoire\/politique\/lambassadeur-de-france-revele-que-ses-services-recoivent-500-demandes-de-visas-par-jour-et-souhaite-des-equipes-supplementaires-pour-le-traitement"},"modified":"2023-01-20T15:23:40","modified_gmt":"2023-01-20T15:23:40","slug":"lambassadeur-de-france-revele-que-ses-services-recoivent-500-demandes-de-visas-par-jour-et-souhaite-des-equipes-supplementaires-pour-le-traitement","status":"publish","type":"post","link":"https:\/\/www.africa-press.net\/cotedivoire\/politique\/lambassadeur-de-france-revele-que-ses-services-recoivent-500-demandes-de-visas-par-jour-et-souhaite-des-equipes-supplementaires-pour-le-traitement","title":{"rendered":"L&rsquo;Ambassadeur de France rev\u00e8le que ses services re\u00e7oivent 500 demandes de visas par jour et souhaite des \u00e9quipes suppl\u00e9mentaires pour le traitement"},"content":{"rendered":"<p><span style=\"color: #ff6600\"><strong>Africa-Press &#8211; C\u00f4te d&rsquo;Ivoire. <\/strong><\/span>\u00ab Actuellement, il y a 10 mille e\u0301tudiants ivoiriens en France&#8230; Parfois, on rec\u0327oit 500 demandes de visas par jour. (&#8230;). Il nous faut des e\u0301quipes supple\u0301mentaires pour pouvoir traiter les visas. Les ivoiriens ont une bonne re\u0301putation peut-e\u0302tre parce que la Co\u0302te d\u2019Ivoire est un pays accueillant. Les ivoiriens, quand ils partent en France, ils reviennent tout le temps \u00bb, a re\u0301ve\u0301le\u0301 Jean-Christophe Belliard, l\u2019ambassadeur de la France en Co\u0302te d\u2019Ivoire lors d\u2019un entretien accorde\u0301 a\u0300 un confre\u0300re.<\/p>\n<p>Le Diplomate franc\u0327ais a aussi re\u0301ve\u0301le\u0301 qu\u2019actuellement, il y a 10 mille e\u0301tudiants ivoiriens qui e\u0301tudient en France, tout en confiant que les e\u0301tudiants ivoiriens reviennent toujours au pays apre\u0300s leurs e\u0301tudes.<\/p>\n<p>\u00ab Ils restent 5 ans, 10 ans, ils acquie\u0300rent une expertise, ils mettent des moyens de co\u0302te\u0301 et ils reviennent. Et moi, J\u2019observe ici un flux d\u2019ivoiriens qui ont travaille\u0301 pendant dix ans en France ou ailleurs, mais qui reviennent pour investir et pour vivre en Co\u0302te d\u2019Ivoire. Ils estiment que la qualite\u0301 de la vie est bien meilleure pour eux en Co\u0302te d\u2019Ivoire qu\u2019en Europe \u00bb, selon Jean-Christophe Belliard.<\/p>\n<p><strong>Pour plus d&rsquo;informations et d&rsquo;analyses sur la <a href=\"https:\/\/www.africa-press.net\/cotedivoire\">C\u00f4te d&rsquo;Ivoire<\/a>, suivez <a href=\"https:\/\/www.africa-press.net\/\">Africa-Press<\/a><\/strong><\/p>\n","protected":false},"excerpt":{"rendered":"<p>Africa-Press &#8211; C\u00f4te d&rsquo;Ivoire. \u00ab Actuellement, il y a 10 mille e\u0301tudiants ivoiriens en France&#8230; Parfois, on rec\u0327oit 500 demandes de visas par jour. (&#8230;). Il nous faut des e\u0301quipes supple\u0301mentaires pour pouvoir traiter les visas. Les ivoiriens ont une bonne re\u0301putation peut-e\u0302tre parce que la Co\u0302te d\u2019Ivoire est un pays accueillant. Les ivoiriens, quand [&hellip;]<\/p>\n","protected":false},"author":82,"featured_media":51860,"comment_status":"open","ping_status":"closed","sticky":false,"template":"","format":"standard","meta":{"footnotes":""},"categories":[2,10],"tags":[56,63,1098,29,630,88,2813,7941],"class_list":["post-51861","post","type-post","status-publish","format-standard","has-post-thumbnail","hentry","category-politique","category-toutes-les-actualites","tag-africa-press","tag-africa-press-cote-divoire","tag-ambassadeur","tag-cote-divoire","tag-etudiants","tag-france","tag-jean-christophe-belliard","tag-visas"],"yoast_head":"<!-- This site is optimized with the Yoast SEO Premium plugin v26.1 (Yoast SEO v27.0) - https:\/\/yoast.com\/product\/yoast-seo-premium-wordpress\/ -->\n<title>L&#039;Ambassadeur de France rev\u00e8le que ses services re\u00e7oivent 500 demandes de visas par jour et souhaite des \u00e9quipes suppl\u00e9mentaires pour le traitement - C\u00f4te d&#039;Ivoire<\/title>\n<meta name=\"description\" content=\"\u00ab Actuellement, il y a 10 mille e\u0301tudiants ivoiriens en France... Parfois, on rec\u0327oit 500 demandes de visas par jour. (. ...\" \/>\n<meta name=\"robots\" content=\"index, follow, max-snippet:-1, max-image-preview:large, max-video-preview:-1\" \/>\n<link rel=\"canonical\" href=\"https:\/\/www.africa-press.net\/cotedivoire\/politique\/lambassadeur-de-france-revele-que-ses-services-recoivent-500-demandes-de-visas-par-jour-et-souhaite-des-equipes-supplementaires-pour-le-traitement\" \/>\n<meta property=\"og:locale\" content=\"fr_FR\" \/>\n<meta property=\"og:type\" content=\"article\" \/>\n<meta property=\"og:title\" content=\"L&#039;Ambassadeur de France rev\u00e8le que ses services re\u00e7oivent 500 demandes de visas par jour et souhaite des \u00e9quipes suppl\u00e9mentaires pour le traitement\" \/>\n<meta property=\"og:description\" content=\"\u00ab Actuellement, il y a 10 mille e\u0301tudiants ivoiriens en France... Parfois, on rec\u0327oit 500 demandes de visas par jour. (. ...\" \/>\n<meta property=\"og:url\" content=\"https:\/\/www.africa-press.net\/cotedivoire\/politique\/lambassadeur-de-france-revele-que-ses-services-recoivent-500-demandes-de-visas-par-jour-et-souhaite-des-equipes-supplementaires-pour-le-traitement\" \/>\n<meta property=\"og:site_name\" content=\"C\u00f4te d&#039;Ivoire\" \/>\n<meta property=\"article:published_time\" content=\"2023-01-20T14:27:33+00:00\" \/>\n<meta property=\"article:modified_time\" content=\"2023-01-20T15:23:40+00:00\" \/>\n<meta property=\"og:image\" content=\"https:\/\/static.africa-press.net\/cote\/sites\/43\/2023\/01\/postQueueImg_1674212261.71.jpg\" \/>\n\t<meta property=\"og:image:width\" content=\"720\" \/>\n\t<meta property=\"og:image:height\" content=\"474\" \/>\n\t<meta property=\"og:image:type\" content=\"image\/jpeg\" \/>\n<meta name=\"author\" content=\"cfeditorfr\" \/>\n<meta name=\"twitter:card\" content=\"summary_large_image\" \/>\n<meta name=\"twitter:label1\" content=\"\u00c9crit par\" \/>\n\t<meta name=\"twitter:data1\" content=\"cfeditorfr\" \/>\n\t<meta name=\"twitter:label2\" content=\"Dur\u00e9e de lecture estim\u00e9e\" \/>\n\t<meta name=\"twitter:data2\" content=\"1 minute\" \/>\n<script type=\"application\/ld+json\" class=\"yoast-schema-graph\">{\"@context\":\"https:\/\/schema.org\",\"@graph\":[{\"@type\":\"Article\",\"@id\":\"https:\/\/www.africa-press.net\/cotedivoire\/politique\/lambassadeur-de-france-revele-que-ses-services-recoivent-500-demandes-de-visas-par-jour-et-souhaite-des-equipes-supplementaires-pour-le-traitement#article\",\"isPartOf\":{\"@id\":\"https:\/\/www.africa-press.net\/cotedivoire\/politique\/lambassadeur-de-france-revele-que-ses-services-recoivent-500-demandes-de-visas-par-jour-et-souhaite-des-equipes-supplementaires-pour-le-traitement\"},\"author\":{\"name\":\"cfeditorfr\",\"@id\":\"https:\/\/www.africa-press.net\/cotedivoire\/#\/schema\/person\/2b1cf3cd81a31e3cd26889ca66d677f1\"},\"headline\":\"L&rsquo;Ambassadeur de France rev\u00e8le que ses services re\u00e7oivent 500 demandes de visas par jour et souhaite des \u00e9quipes suppl\u00e9mentaires pour le traitement\",\"datePublished\":\"2023-01-20T14:27:33+00:00\",\"dateModified\":\"2023-01-20T15:23:40+00:00\",\"mainEntityOfPage\":{\"@id\":\"https:\/\/www.africa-press.net\/cotedivoire\/politique\/lambassadeur-de-france-revele-que-ses-services-recoivent-500-demandes-de-visas-par-jour-et-souhaite-des-equipes-supplementaires-pour-le-traitement\"},\"wordCount\":250,\"commentCount\":0,\"image\":{\"@id\":\"https:\/\/www.africa-press.net\/cotedivoire\/politique\/lambassadeur-de-france-revele-que-ses-services-recoivent-500-demandes-de-visas-par-jour-et-souhaite-des-equipes-supplementaires-pour-le-traitement#primaryimage\"},\"thumbnailUrl\":\"https:\/\/static.africa-press.net\/cote\/sites\/43\/2023\/01\/postQueueImg_1674212261.71.jpg\",\"keywords\":[\"Africa Press\",\"Africa Press-C\u00f4te d'Ivoire\",\"ambassadeur\",\"C\u00d4TE D'IVOIRE\",\"\u00e9tudiants\",\"France\",\"Jean-Christophe Belliard\",\"visas\"],\"articleSection\":[\"Politique\",\"Toutes les actualit\u00e9s\"],\"inLanguage\":\"fr-FR\",\"potentialAction\":[{\"@type\":\"CommentAction\",\"name\":\"Comment\",\"target\":[\"https:\/\/www.africa-press.net\/cotedivoire\/politique\/lambassadeur-de-france-revele-que-ses-services-recoivent-500-demandes-de-visas-par-jour-et-souhaite-des-equipes-supplementaires-pour-le-traitement#respond\"]}]},{\"@type\":\"WebPage\",\"@id\":\"https:\/\/www.africa-press.net\/cotedivoire\/politique\/lambassadeur-de-france-revele-que-ses-services-recoivent-500-demandes-de-visas-par-jour-et-souhaite-des-equipes-supplementaires-pour-le-traitement\",\"url\":\"https:\/\/www.africa-press.net\/cotedivoire\/politique\/lambassadeur-de-france-revele-que-ses-services-recoivent-500-demandes-de-visas-par-jour-et-souhaite-des-equipes-supplementaires-pour-le-traitement\",\"name\":\"L'Ambassadeur de France rev\u00e8le que ses services re\u00e7oivent 500 demandes de visas par jour et souhaite des \u00e9quipes suppl\u00e9mentaires pour le traitement - C\u00f4te d&#039;Ivoire\",\"isPartOf\":{\"@id\":\"https:\/\/www.africa-press.net\/cotedivoire\/#website\"},\"primaryImageOfPage\":{\"@id\":\"https:\/\/www.africa-press.net\/cotedivoire\/politique\/lambassadeur-de-france-revele-que-ses-services-recoivent-500-demandes-de-visas-par-jour-et-souhaite-des-equipes-supplementaires-pour-le-traitement#primaryimage\"},\"image\":{\"@id\":\"https:\/\/www.africa-press.net\/cotedivoire\/politique\/lambassadeur-de-france-revele-que-ses-services-recoivent-500-demandes-de-visas-par-jour-et-souhaite-des-equipes-supplementaires-pour-le-traitement#primaryimage\"},\"thumbnailUrl\":\"https:\/\/static.africa-press.net\/cote\/sites\/43\/2023\/01\/postQueueImg_1674212261.71.jpg\",\"datePublished\":\"2023-01-20T14:27:33+00:00\",\"dateModified\":\"2023-01-20T15:23:40+00:00\",\"author\":{\"@id\":\"https:\/\/www.africa-press.net\/cotedivoire\/#\/schema\/person\/2b1cf3cd81a31e3cd26889ca66d677f1\"},\"description\":\"\u00ab Actuellement, il y a 10 mille e\u0301tudiants ivoiriens en France... Parfois, on rec\u0327oit 500 demandes de visas par jour. (. ...\",\"breadcrumb\":{\"@id\":\"https:\/\/www.africa-press.net\/cotedivoire\/politique\/lambassadeur-de-france-revele-que-ses-services-recoivent-500-demandes-de-visas-par-jour-et-souhaite-des-equipes-supplementaires-pour-le-traitement#breadcrumb\"},\"inLanguage\":\"fr-FR\",\"potentialAction\":[{\"@type\":\"ReadAction\",\"target\":[\"https:\/\/www.africa-press.net\/cotedivoire\/politique\/lambassadeur-de-france-revele-que-ses-services-recoivent-500-demandes-de-visas-par-jour-et-souhaite-des-equipes-supplementaires-pour-le-traitement\"]}]},{\"@type\":\"ImageObject\",\"inLanguage\":\"fr-FR\",\"@id\":\"https:\/\/www.africa-press.net\/cotedivoire\/politique\/lambassadeur-de-france-revele-que-ses-services-recoivent-500-demandes-de-visas-par-jour-et-souhaite-des-equipes-supplementaires-pour-le-traitement#primaryimage\",\"url\":\"https:\/\/static.africa-press.net\/cote\/sites\/43\/2023\/01\/postQueueImg_1674212261.71.jpg\",\"contentUrl\":\"https:\/\/static.africa-press.net\/cote\/sites\/43\/2023\/01\/postQueueImg_1674212261.71.jpg\",\"width\":720,\"height\":474,\"caption\":\"L'Ambassadeur de France rev\u00e8le que ses services re\u00e7oivent 500 demandes de visas par jour et souhaite des \u00e9quipes suppl\u00e9mentaires pour le traitement\"},{\"@type\":\"BreadcrumbList\",\"@id\":\"https:\/\/www.africa-press.net\/cotedivoire\/politique\/lambassadeur-de-france-revele-que-ses-services-recoivent-500-demandes-de-visas-par-jour-et-souhaite-des-equipes-supplementaires-pour-le-traitement#breadcrumb\",\"itemListElement\":[{\"@type\":\"ListItem\",\"position\":1,\"name\":\"Accueil\",\"item\":\"https:\/\/www.africa-press.net\/cotedivoire\/\"},{\"@type\":\"ListItem\",\"position\":2,\"name\":\"L&#8217;Ambassadeur de France rev\u00e8le que ses services re\u00e7oivent 500 demandes de visas par jour et souhaite des \u00e9quipes suppl\u00e9mentaires pour le traitement\"}]},{\"@type\":\"WebSite\",\"@id\":\"https:\/\/www.africa-press.net\/cotedivoire\/#website\",\"url\":\"https:\/\/www.africa-press.net\/cotedivoire\/\",\"name\":\"C\u00f4te d&#039;Ivoire\",\"description\":\"Just another Africa News Agency Sites site\",\"potentialAction\":[{\"@type\":\"SearchAction\",\"target\":{\"@type\":\"EntryPoint\",\"urlTemplate\":\"https:\/\/www.africa-press.net\/cotedivoire\/?s={search_term_string}\"},\"query-input\":{\"@type\":\"PropertyValueSpecification\",\"valueRequired\":true,\"valueName\":\"search_term_string\"}}],\"inLanguage\":\"fr-FR\"},{\"@type\":\"Person\",\"@id\":\"https:\/\/www.africa-press.net\/cotedivoire\/#\/schema\/person\/2b1cf3cd81a31e3cd26889ca66d677f1\",\"name\":\"cfeditorfr\"}]}<\/script>\n<!-- \/ Yoast SEO Premium plugin. -->","yoast_head_json":{"title":"L'Ambassadeur de France rev\u00e8le que ses services re\u00e7oivent 500 demandes de visas par jour et souhaite des \u00e9quipes suppl\u00e9mentaires pour le traitement - C\u00f4te d&#039;Ivoire","description":"\u00ab Actuellement, il y a 10 mille e\u0301tudiants ivoiriens en France... Parfois, on rec\u0327oit 500 demandes de visas par jour. (. ...","robots":{"index":"index","follow":"follow","max-snippet":"max-snippet:-1","max-image-preview":"max-image-preview:large","max-video-preview":"max-video-preview:-1"},"canonical":"https:\/\/www.africa-press.net\/cotedivoire\/politique\/lambassadeur-de-france-revele-que-ses-services-recoivent-500-demandes-de-visas-par-jour-et-souhaite-des-equipes-supplementaires-pour-le-traitement","og_locale":"fr_FR","og_type":"article","og_title":"L'Ambassadeur de France rev\u00e8le que ses services re\u00e7oivent 500 demandes de visas par jour et souhaite des \u00e9quipes suppl\u00e9mentaires pour le traitement","og_description":"\u00ab Actuellement, il y a 10 mille e\u0301tudiants ivoiriens en France... Parfois, on rec\u0327oit 500 demandes de visas par jour. (. ...","og_url":"https:\/\/www.africa-press.net\/cotedivoire\/politique\/lambassadeur-de-france-revele-que-ses-services-recoivent-500-demandes-de-visas-par-jour-et-souhaite-des-equipes-supplementaires-pour-le-traitement","og_site_name":"C\u00f4te d&#039;Ivoire","article_published_time":"2023-01-20T14:27:33+00:00","article_modified_time":"2023-01-20T15:23:40+00:00","og_image":[{"width":720,"height":474,"url":"https:\/\/static.africa-press.net\/cote\/sites\/43\/2023\/01\/postQueueImg_1674212261.71.jpg","type":"image\/jpeg"}],"author":"cfeditorfr","twitter_card":"summary_large_image","twitter_misc":{"\u00c9crit par":"cfeditorfr","Dur\u00e9e de lecture estim\u00e9e":"1 minute"},"schema":{"@context":"https:\/\/schema.org","@graph":[{"@type":"Article","@id":"https:\/\/www.africa-press.net\/cotedivoire\/politique\/lambassadeur-de-france-revele-que-ses-services-recoivent-500-demandes-de-visas-par-jour-et-souhaite-des-equipes-supplementaires-pour-le-traitement#article","isPartOf":{"@id":"https:\/\/www.africa-press.net\/cotedivoire\/politique\/lambassadeur-de-france-revele-que-ses-services-recoivent-500-demandes-de-visas-par-jour-et-souhaite-des-equipes-supplementaires-pour-le-traitement"},"author":{"name":"cfeditorfr","@id":"https:\/\/www.africa-press.net\/cotedivoire\/#\/schema\/person\/2b1cf3cd81a31e3cd26889ca66d677f1"},"headline":"L&rsquo;Ambassadeur de France rev\u00e8le que ses services re\u00e7oivent 500 demandes de visas par jour et souhaite des \u00e9quipes suppl\u00e9mentaires pour le traitement","datePublished":"2023-01-20T14:27:33+00:00","dateModified":"2023-01-20T15:23:40+00:00","mainEntityOfPage":{"@id":"https:\/\/www.africa-press.net\/cotedivoire\/politique\/lambassadeur-de-france-revele-que-ses-services-recoivent-500-demandes-de-visas-par-jour-et-souhaite-des-equipes-supplementaires-pour-le-traitement"},"wordCount":250,"commentCount":0,"image":{"@id":"https:\/\/www.africa-press.net\/cotedivoire\/politique\/lambassadeur-de-france-revele-que-ses-services-recoivent-500-demandes-de-visas-par-jour-et-souhaite-des-equipes-supplementaires-pour-le-traitement#primaryimage"},"thumbnailUrl":"https:\/\/static.africa-press.net\/cote\/sites\/43\/2023\/01\/postQueueImg_1674212261.71.jpg","keywords":["Africa Press","Africa Press-C\u00f4te d'Ivoire","ambassadeur","C\u00d4TE D'IVOIRE","\u00e9tudiants","France","Jean-Christophe Belliard","visas"],"articleSection":["Politique","Toutes les actualit\u00e9s"],"inLanguage":"fr-FR","potentialAction":[{"@type":"CommentAction","name":"Comment","target":["https:\/\/www.africa-press.net\/cotedivoire\/politique\/lambassadeur-de-france-revele-que-ses-services-recoivent-500-demandes-de-visas-par-jour-et-souhaite-des-equipes-supplementaires-pour-le-traitement#respond"]}]},{"@type":"WebPage","@id":"https:\/\/www.africa-press.net\/cotedivoire\/politique\/lambassadeur-de-france-revele-que-ses-services-recoivent-500-demandes-de-visas-par-jour-et-souhaite-des-equipes-supplementaires-pour-le-traitement","url":"https:\/\/www.africa-press.net\/cotedivoire\/politique\/lambassadeur-de-france-revele-que-ses-services-recoivent-500-demandes-de-visas-par-jour-et-souhaite-des-equipes-supplementaires-pour-le-traitement","name":"L'Ambassadeur de France rev\u00e8le que ses services re\u00e7oivent 500 demandes de visas par jour et souhaite des \u00e9quipes suppl\u00e9mentaires pour le traitement - C\u00f4te d&#039;Ivoire","isPartOf":{"@id":"https:\/\/www.africa-press.net\/cotedivoire\/#website"},"primaryImageOfPage":{"@id":"https:\/\/www.africa-press.net\/cotedivoire\/politique\/lambassadeur-de-france-revele-que-ses-services-recoivent-500-demandes-de-visas-par-jour-et-souhaite-des-equipes-supplementaires-pour-le-traitement#primaryimage"},"image":{"@id":"https:\/\/www.africa-press.net\/cotedivoire\/politique\/lambassadeur-de-france-revele-que-ses-services-recoivent-500-demandes-de-visas-par-jour-et-souhaite-des-equipes-supplementaires-pour-le-traitement#primaryimage"},"thumbnailUrl":"https:\/\/static.africa-press.net\/cote\/sites\/43\/2023\/01\/postQueueImg_1674212261.71.jpg","datePublished":"2023-01-20T14:27:33+00:00","dateModified":"2023-01-20T15:23:40+00:00","author":{"@id":"https:\/\/www.africa-press.net\/cotedivoire\/#\/schema\/person\/2b1cf3cd81a31e3cd26889ca66d677f1"},"description":"\u00ab Actuellement, il y a 10 mille e\u0301tudiants ivoiriens en France... Parfois, on rec\u0327oit 500 demandes de visas par jour. (. ...","breadcrumb":{"@id":"https:\/\/www.africa-press.net\/cotedivoire\/politique\/lambassadeur-de-france-revele-que-ses-services-recoivent-500-demandes-de-visas-par-jour-et-souhaite-des-equipes-supplementaires-pour-le-traitement#breadcrumb"},"inLanguage":"fr-FR","potentialAction":[{"@type":"ReadAction","target":["https:\/\/www.africa-press.net\/cotedivoire\/politique\/lambassadeur-de-france-revele-que-ses-services-recoivent-500-demandes-de-visas-par-jour-et-souhaite-des-equipes-supplementaires-pour-le-traitement"]}]},{"@type":"ImageObject","inLanguage":"fr-FR","@id":"https:\/\/www.africa-press.net\/cotedivoire\/politique\/lambassadeur-de-france-revele-que-ses-services-recoivent-500-demandes-de-visas-par-jour-et-souhaite-des-equipes-supplementaires-pour-le-traitement#primaryimage","url":"https:\/\/static.africa-press.net\/cote\/sites\/43\/2023\/01\/postQueueImg_1674212261.71.jpg","contentUrl":"https:\/\/static.africa-press.net\/cote\/sites\/43\/2023\/01\/postQueueImg_1674212261.71.jpg","width":720,"height":474,"caption":"L'Ambassadeur de France rev\u00e8le que ses services re\u00e7oivent 500 demandes de visas par jour et souhaite des \u00e9quipes suppl\u00e9mentaires pour le traitement"},{"@type":"BreadcrumbList","@id":"https:\/\/www.africa-press.net\/cotedivoire\/politique\/lambassadeur-de-france-revele-que-ses-services-recoivent-500-demandes-de-visas-par-jour-et-souhaite-des-equipes-supplementaires-pour-le-traitement#breadcrumb","itemListElement":[{"@type":"ListItem","position":1,"name":"Accueil","item":"https:\/\/www.africa-press.net\/cotedivoire\/"},{"@type":"ListItem","position":2,"name":"L&#8217;Ambassadeur de France rev\u00e8le que ses services re\u00e7oivent 500 demandes de visas par jour et souhaite des \u00e9quipes suppl\u00e9mentaires pour le traitement"}]},{"@type":"WebSite","@id":"https:\/\/www.africa-press.net\/cotedivoire\/#website","url":"https:\/\/www.africa-press.net\/cotedivoire\/","name":"C\u00f4te d&#039;Ivoire","description":"Just another Africa News Agency Sites site","potentialAction":[{"@type":"SearchAction","target":{"@type":"EntryPoint","urlTemplate":"https:\/\/www.africa-press.net\/cotedivoire\/?s={search_term_string}"},"query-input":{"@type":"PropertyValueSpecification","valueRequired":true,"valueName":"search_term_string"}}],"inLanguage":"fr-FR"},{"@type":"Person","@id":"https:\/\/www.africa-press.net\/cotedivoire\/#\/schema\/person\/2b1cf3cd81a31e3cd26889ca66d677f1","name":"cfeditorfr"}]}},"_links":{"self":[{"href":"https:\/\/www.africa-press.net\/cotedivoire\/wp-json\/wp\/v2\/posts\/51861","targetHints":{"allow":["GET"]}}],"collection":[{"href":"https:\/\/www.africa-press.net\/cotedivoire\/wp-json\/wp\/v2\/posts"}],"about":[{"href":"https:\/\/www.africa-press.net\/cotedivoire\/wp-json\/wp\/v2\/types\/post"}],"author":[{"embeddable":true,"href":"https:\/\/www.africa-press.net\/cotedivoire\/wp-json\/wp\/v2\/users\/82"}],"replies":[{"embeddable":true,"href":"https:\/\/www.africa-press.net\/cotedivoire\/wp-json\/wp\/v2\/comments?post=51861"}],"version-history":[{"count":0,"href":"https:\/\/www.africa-press.net\/cotedivoire\/wp-json\/wp\/v2\/posts\/51861\/revisions"}],"wp:featuredmedia":[{"embeddable":true,"href":"https:\/\/www.africa-press.net\/cotedivoire\/wp-json\/wp\/v2\/media\/51860"}],"wp:attachment":[{"href":"https:\/\/www.africa-press.net\/cotedivoire\/wp-json\/wp\/v2\/media?parent=51861"}],"wp:term":[{"taxonomy":"category","embeddable":true,"href":"https:\/\/www.africa-press.net\/cotedivoire\/wp-json\/wp\/v2\/categories?post=51861"},{"taxonomy":"post_tag","embeddable":true,"href":"https:\/\/www.africa-press.net\/cotedivoire\/wp-json\/wp\/v2\/tags?post=51861"}],"curies":[{"name":"wp","href":"https:\/\/api.w.org\/{rel}","templated":true}]}}