{"id":51922,"date":"2023-01-21T17:10:58","date_gmt":"2023-01-21T17:10:58","guid":{"rendered":"https:\/\/www.africa-press.net\/cotedivoire\/politique\/a-bonoua-armand-ouegnin-salue-le-role-de-la-population-qui-assume-sa-mission-de-pionniere-de-la-reconciliation-pronee-gbagbo-ouattara-et-bedie"},"modified":"2023-01-21T17:10:58","modified_gmt":"2023-01-21T17:10:58","slug":"a-bonoua-armand-ouegnin-salue-le-role-de-la-population-qui-assume-sa-mission-de-pionniere-de-la-reconciliation-pronee-gbagbo-ouattara-et-bedie","status":"publish","type":"post","link":"https:\/\/www.africa-press.net\/cotedivoire\/politique\/a-bonoua-armand-ouegnin-salue-le-role-de-la-population-qui-assume-sa-mission-de-pionniere-de-la-reconciliation-pronee-gbagbo-ouattara-et-bedie","title":{"rendered":"\u00c0 Bonoua, Armand Ouegnin salue le r\u00f4le de la population qui assume sa mission de pionni\u00e8re de la r\u00e9conciliation pr\u00f4n\u00e9e Gbagbo, Ouattara et B\u00e9di\u00e9"},"content":{"rendered":"<p><span style=\"color: #ff6600\"><strong>Africa-Press &#8211; C\u00f4te d&rsquo;Ivoire. <\/strong><\/span>Le de\u0301pute\u0301 de Yopougon, par ailleurs vice pre\u0301sident de l&rsquo;Assemble\u0301e nationale, Georges Armand Ouegnin e\u0301tait le parrain du lancement officiel de la fe\u0302te de Ge\u0301ne\u0301ration de Bronoukro de\u0301nomme\u0301e OBOLWON O\u0302FWA&rsquo; ATIE\u0302, dans le de\u0301partement de Bonoua.<\/p>\n<p>Le jeudi 19 Janvier 2023, Georges Armand Oue\u0301gnin, vice-pre\u0301sident Exe\u0301cutif du PPA-CI, a pris part a\u0300 cette ce\u0301re\u0301monie qui ce\u0301le\u0301brait le patrimoine culturel, touristique et gastronomique du peuple Aboure\u0301.<\/p>\n<p>Pour l&rsquo;e\u0301dition de 2023, l&rsquo;objectif donne\u0301 a\u0300 cette ce\u0301le\u0301bration e\u0301tait le renforcement de la cohe\u0301sion sociale entre les populations par la cre\u0301ation d\u2019un cadre ludique d\u2019e\u0301changes et d\u2019informations.<\/p>\n<p>Georges Armand Oue\u0301gnin, parrain de cette ce\u0301re\u0301monie et membre d\u2019une classe d\u2019a\u0302ge de la ge\u0301ne\u0301ration Noudjou de la cate\u0301gorie djamien Malimbe\u0301, a dit toute sa joie de voir que l\u2019histoire de la lutte e\u0301mancipatrice de ce peuple se pe\u0301rennise.<\/p>\n<p>\u00ab\u00a0Bonoua dont l\u2019histoire se confond avec celle de Kadjo Amangoua M\u2019POU Totossi, cet illustre guerrier, ve\u0301ritable le\u0301gende des peuples Aboure\u0301s, ce grand re\u0301sistant africain des temps coloniaux dont le combat pour la dignite\u0301 et la souverainete\u0301 des peuples africains a e\u0301te\u0301 sans aucun doute une source d\u2019inspiration pour le Pre\u0301sident Laurent Gbagbo qui lui a d\u2019ailleurs rendu un vibrant hommage lors de sa visite me\u0301morable a Bonoua en 2005.<\/p>\n<p>C\u2019est pourquoi je voudrais vous saluer tre\u0300s respectueusement, valeureuse population de Bonoua et vous adresser mes since\u0300res remerciements pour votre accueil, fruit de votre le\u0301gendaire et conviviale hospitalite\u0301.\u00a0\u00bb, a-t-il exprime\u0301.<\/p>\n<p>Le de\u0301pute\u0301 de Yopougon a lance\u0301 un appel aux organisateurs, pour cette messe de retrouvailles, a\u0300 \u0153uvrer a\u0300 la pe\u0301rennisation et la vulgarisation de la culture pour un de\u0301veloppement harmonieux de la re\u0301gion.<\/p>\n<p>\u00ab\u00a0M\u2019adressant plus particulie\u0300rement a\u0300 vous, je voudrais vous exprimer tous mes encouragements et vous exhorter a\u0300 rassembler le maximum de personnes autour de cet e\u0301ve\u0300nement non seulement afin de promouvoir et pe\u0301renniser les us et coutumes du peuple Aboure\u0301, mais aussi et surtout a\u0300 faire de\u0301couvrir voire rede\u0301couvrir un pan du riche patrimoine e\u0301conomique, culturel et touristique de notre belle re\u0301gion du Sud Comoe\u0301 conside\u0301re\u0301e a\u0300 juste titre comme un \u00ab ve\u0301ritable paradis sur terre \u00bb aux e\u0301normes potentialite\u0301s e\u0301conomiques minie\u0300res, agricoles et touristiques qui malheureusement ne profitent pas encore a\u0300 la majorite\u0301 de nos populations.<\/p>\n<p>J\u2019ose espe\u0301rer que cette Edition 2023 connaitra un rayonnement national et international en offrant une ve\u0301ritable plateforme de rencontres, d\u2019e\u0301changes de brassages culturels aux populations, aux professionnels et amateurs des arts de la culture et du tourisme d\u2019ici et d\u2019ailleurs.\u00a0\u00bb, a-t-il indique\u0301.<\/p>\n<p>Le vice-pre\u0301sident de l\u2019assemble\u0301e nationale a salue\u0301 le peuple de Bonoua qui assume sa mission et sa vocation de pionnie\u0300re, voire de championne de la re\u0301conciliation nationale et de la cohe\u0301sion sociale tant pro\u0302ne\u0301e par les Pre\u0301sidents Laurent Gbagbo, Alassane Ouattara, Henri Konan Be\u0301die\u0301.<\/p>\n<p>Enfin, notons que pour cette fe\u0302te de ge\u0301ne\u0301ration 2023, Dr Oue\u0301gnin De\u0301sire\u0301, Pre\u0301sident du Comite\u0301 d\u2019Organisation a re\u0301ve\u0300le\u0301 qu\u2019elle se de\u0301roulera dans tous les villages ou\u0300 se de\u0301roulent les fe\u0302tes de ge\u0301ne\u0301ration pour une bonne mobilisation et connaitra son apothe\u0301ose le 25 fe\u0301vrier 2023.<\/p>\n<p><strong>Pour plus d&rsquo;informations et d&rsquo;analyses sur la <a href=\"https:\/\/www.africa-press.net\/cotedivoire\">C\u00f4te d&rsquo;Ivoire<\/a>, suivez <a href=\"https:\/\/www.africa-press.net\/\">Africa-Press<\/a><\/strong><\/p>\n","protected":false},"excerpt":{"rendered":"<p>Africa-Press &#8211; C\u00f4te d&rsquo;Ivoire. Le de\u0301pute\u0301 de Yopougon, par ailleurs vice pre\u0301sident de l&rsquo;Assemble\u0301e nationale, Georges Armand Ouegnin e\u0301tait le parrain du lancement officiel de la fe\u0302te de Ge\u0301ne\u0301ration de Bronoukro de\u0301nomme\u0301e OBOLWON O\u0302FWA&rsquo; ATIE\u0302, dans le de\u0301partement de Bonoua. Le jeudi 19 Janvier 2023, Georges Armand Oue\u0301gnin, vice-pre\u0301sident Exe\u0301cutif du PPA-CI, a pris part [&hellip;]<\/p>\n","protected":false},"author":82,"featured_media":51921,"comment_status":"open","ping_status":"closed","sticky":false,"template":"","format":"standard","meta":{"footnotes":""},"categories":[2,10],"tags":[4406,56,63,1004,37,8828,1952,540],"class_list":["post-51922","post","type-post","status-publish","format-standard","has-post-thumbnail","hentry","category-politique","category-toutes-les-actualites","tag-aboure","tag-africa-press","tag-africa-press-cote-divoire","tag-bonoua","tag-cote-divoire-2","tag-ouegnin-2","tag-ppa-ci","tag-yopougon"],"yoast_head":"<!-- This site is optimized with the Yoast SEO Premium plugin v26.1 (Yoast SEO v27.0) - https:\/\/yoast.com\/product\/yoast-seo-premium-wordpress\/ -->\n<title>\u00c0 Bonoua, Armand Ouegnin salue le r\u00f4le de la population qui assume sa mission de pionni\u00e8re de la r\u00e9conciliation pr\u00f4n\u00e9e Gbagbo, Ouattara et B\u00e9di\u00e9 - C\u00f4te d&#039;Ivoire<\/title>\n<meta name=\"robots\" content=\"index, follow, max-snippet:-1, max-image-preview:large, max-video-preview:-1\" \/>\n<link rel=\"canonical\" href=\"https:\/\/www.africa-press.net\/cotedivoire\/politique\/a-bonoua-armand-ouegnin-salue-le-role-de-la-population-qui-assume-sa-mission-de-pionniere-de-la-reconciliation-pronee-gbagbo-ouattara-et-bedie\" \/>\n<meta property=\"og:locale\" content=\"fr_FR\" \/>\n<meta property=\"og:type\" content=\"article\" \/>\n<meta property=\"og:title\" content=\"\u00c0 Bonoua, Armand Ouegnin salue le r\u00f4le de la population qui assume sa mission de pionni\u00e8re de la r\u00e9conciliation pr\u00f4n\u00e9e Gbagbo, Ouattara et B\u00e9di\u00e9\" \/>\n<meta property=\"og:description\" content=\"Africa-Press &#8211; C\u00f4te d&rsquo;Ivoire. Le de\u0301pute\u0301 de Yopougon, par ailleurs vice pre\u0301sident de l&rsquo;Assemble\u0301e nationale, Georges Armand Ouegnin e\u0301tait le parrain du lancement officiel de la fe\u0302te de Ge\u0301ne\u0301ration de Bronoukro de\u0301nomme\u0301e OBOLWON O\u0302FWA&rsquo; ATIE\u0302, dans le de\u0301partement de Bonoua. Le jeudi 19 Janvier 2023, Georges Armand Oue\u0301gnin, vice-pre\u0301sident Exe\u0301cutif du PPA-CI, a pris part [&hellip;]\" \/>\n<meta property=\"og:url\" content=\"https:\/\/www.africa-press.net\/cotedivoire\/politique\/a-bonoua-armand-ouegnin-salue-le-role-de-la-population-qui-assume-sa-mission-de-pionniere-de-la-reconciliation-pronee-gbagbo-ouattara-et-bedie\" \/>\n<meta property=\"og:site_name\" content=\"C\u00f4te d&#039;Ivoire\" \/>\n<meta property=\"article:published_time\" content=\"2023-01-21T17:10:58+00:00\" \/>\n<meta property=\"og:image\" content=\"https:\/\/static.africa-press.net\/cote\/sites\/43\/2023\/01\/postQueueImg_1674308473.88.jpg\" \/>\n\t<meta property=\"og:image:width\" content=\"720\" \/>\n\t<meta property=\"og:image:height\" content=\"480\" \/>\n\t<meta property=\"og:image:type\" content=\"image\/jpeg\" \/>\n<meta name=\"author\" content=\"cfeditorfr\" \/>\n<meta name=\"twitter:card\" content=\"summary_large_image\" \/>\n<meta name=\"twitter:label1\" content=\"\u00c9crit par\" \/>\n\t<meta name=\"twitter:data1\" content=\"cfeditorfr\" \/>\n\t<meta name=\"twitter:label2\" content=\"Dur\u00e9e de lecture estim\u00e9e\" \/>\n\t<meta name=\"twitter:data2\" content=\"3 minutes\" \/>\n<script type=\"application\/ld+json\" class=\"yoast-schema-graph\">{\"@context\":\"https:\/\/schema.org\",\"@graph\":[{\"@type\":\"Article\",\"@id\":\"https:\/\/www.africa-press.net\/cotedivoire\/politique\/a-bonoua-armand-ouegnin-salue-le-role-de-la-population-qui-assume-sa-mission-de-pionniere-de-la-reconciliation-pronee-gbagbo-ouattara-et-bedie#article\",\"isPartOf\":{\"@id\":\"https:\/\/www.africa-press.net\/cotedivoire\/politique\/a-bonoua-armand-ouegnin-salue-le-role-de-la-population-qui-assume-sa-mission-de-pionniere-de-la-reconciliation-pronee-gbagbo-ouattara-et-bedie\"},\"author\":{\"name\":\"cfeditorfr\",\"@id\":\"https:\/\/www.africa-press.net\/cotedivoire\/#\/schema\/person\/2b1cf3cd81a31e3cd26889ca66d677f1\"},\"headline\":\"\u00c0 Bonoua, Armand Ouegnin salue le r\u00f4le de la population qui assume sa mission de pionni\u00e8re de la r\u00e9conciliation pr\u00f4n\u00e9e Gbagbo, Ouattara et B\u00e9di\u00e9\",\"datePublished\":\"2023-01-21T17:10:58+00:00\",\"mainEntityOfPage\":{\"@id\":\"https:\/\/www.africa-press.net\/cotedivoire\/politique\/a-bonoua-armand-ouegnin-salue-le-role-de-la-population-qui-assume-sa-mission-de-pionniere-de-la-reconciliation-pronee-gbagbo-ouattara-et-bedie\"},\"wordCount\":642,\"commentCount\":0,\"image\":{\"@id\":\"https:\/\/www.africa-press.net\/cotedivoire\/politique\/a-bonoua-armand-ouegnin-salue-le-role-de-la-population-qui-assume-sa-mission-de-pionniere-de-la-reconciliation-pronee-gbagbo-ouattara-et-bedie#primaryimage\"},\"thumbnailUrl\":\"https:\/\/static.africa-press.net\/cote\/sites\/43\/2023\/01\/postQueueImg_1674308473.88.jpg\",\"keywords\":[\"Abour\u00e9\",\"Africa Press\",\"Africa Press-C\u00f4te d'Ivoire\",\"Bonoua\",\"C\u00f4te d'Ivoire\",\"Ouegnin\",\"PPA-CI\",\"Yopougon\"],\"articleSection\":[\"Politique\",\"Toutes les actualit\u00e9s\"],\"inLanguage\":\"fr-FR\",\"potentialAction\":[{\"@type\":\"CommentAction\",\"name\":\"Comment\",\"target\":[\"https:\/\/www.africa-press.net\/cotedivoire\/politique\/a-bonoua-armand-ouegnin-salue-le-role-de-la-population-qui-assume-sa-mission-de-pionniere-de-la-reconciliation-pronee-gbagbo-ouattara-et-bedie#respond\"]}]},{\"@type\":\"WebPage\",\"@id\":\"https:\/\/www.africa-press.net\/cotedivoire\/politique\/a-bonoua-armand-ouegnin-salue-le-role-de-la-population-qui-assume-sa-mission-de-pionniere-de-la-reconciliation-pronee-gbagbo-ouattara-et-bedie\",\"url\":\"https:\/\/www.africa-press.net\/cotedivoire\/politique\/a-bonoua-armand-ouegnin-salue-le-role-de-la-population-qui-assume-sa-mission-de-pionniere-de-la-reconciliation-pronee-gbagbo-ouattara-et-bedie\",\"name\":\"\u00c0 Bonoua, Armand Ouegnin salue le r\u00f4le de la population qui assume sa mission de pionni\u00e8re de la r\u00e9conciliation pr\u00f4n\u00e9e Gbagbo, Ouattara et B\u00e9di\u00e9 - C\u00f4te d&#039;Ivoire\",\"isPartOf\":{\"@id\":\"https:\/\/www.africa-press.net\/cotedivoire\/#website\"},\"primaryImageOfPage\":{\"@id\":\"https:\/\/www.africa-press.net\/cotedivoire\/politique\/a-bonoua-armand-ouegnin-salue-le-role-de-la-population-qui-assume-sa-mission-de-pionniere-de-la-reconciliation-pronee-gbagbo-ouattara-et-bedie#primaryimage\"},\"image\":{\"@id\":\"https:\/\/www.africa-press.net\/cotedivoire\/politique\/a-bonoua-armand-ouegnin-salue-le-role-de-la-population-qui-assume-sa-mission-de-pionniere-de-la-reconciliation-pronee-gbagbo-ouattara-et-bedie#primaryimage\"},\"thumbnailUrl\":\"https:\/\/static.africa-press.net\/cote\/sites\/43\/2023\/01\/postQueueImg_1674308473.88.jpg\",\"datePublished\":\"2023-01-21T17:10:58+00:00\",\"author\":{\"@id\":\"https:\/\/www.africa-press.net\/cotedivoire\/#\/schema\/person\/2b1cf3cd81a31e3cd26889ca66d677f1\"},\"breadcrumb\":{\"@id\":\"https:\/\/www.africa-press.net\/cotedivoire\/politique\/a-bonoua-armand-ouegnin-salue-le-role-de-la-population-qui-assume-sa-mission-de-pionniere-de-la-reconciliation-pronee-gbagbo-ouattara-et-bedie#breadcrumb\"},\"inLanguage\":\"fr-FR\",\"potentialAction\":[{\"@type\":\"ReadAction\",\"target\":[\"https:\/\/www.africa-press.net\/cotedivoire\/politique\/a-bonoua-armand-ouegnin-salue-le-role-de-la-population-qui-assume-sa-mission-de-pionniere-de-la-reconciliation-pronee-gbagbo-ouattara-et-bedie\"]}]},{\"@type\":\"ImageObject\",\"inLanguage\":\"fr-FR\",\"@id\":\"https:\/\/www.africa-press.net\/cotedivoire\/politique\/a-bonoua-armand-ouegnin-salue-le-role-de-la-population-qui-assume-sa-mission-de-pionniere-de-la-reconciliation-pronee-gbagbo-ouattara-et-bedie#primaryimage\",\"url\":\"https:\/\/static.africa-press.net\/cote\/sites\/43\/2023\/01\/postQueueImg_1674308473.88.jpg\",\"contentUrl\":\"https:\/\/static.africa-press.net\/cote\/sites\/43\/2023\/01\/postQueueImg_1674308473.88.jpg\",\"width\":720,\"height\":480,\"caption\":\"\u00c0 Bonoua, Armand Ouegnin salue le r\u00f4le de la population qui assume sa mission de pionni\u00e8re de la r\u00e9conciliation pr\u00f4n\u00e9e Gbagbo, Ouattara et B\u00e9di\u00e9\"},{\"@type\":\"BreadcrumbList\",\"@id\":\"https:\/\/www.africa-press.net\/cotedivoire\/politique\/a-bonoua-armand-ouegnin-salue-le-role-de-la-population-qui-assume-sa-mission-de-pionniere-de-la-reconciliation-pronee-gbagbo-ouattara-et-bedie#breadcrumb\",\"itemListElement\":[{\"@type\":\"ListItem\",\"position\":1,\"name\":\"Accueil\",\"item\":\"https:\/\/www.africa-press.net\/cotedivoire\/\"},{\"@type\":\"ListItem\",\"position\":2,\"name\":\"\u00c0 Bonoua, Armand Ouegnin salue le r\u00f4le de la population qui assume sa mission de pionni\u00e8re de la r\u00e9conciliation pr\u00f4n\u00e9e Gbagbo, Ouattara et B\u00e9di\u00e9\"}]},{\"@type\":\"WebSite\",\"@id\":\"https:\/\/www.africa-press.net\/cotedivoire\/#website\",\"url\":\"https:\/\/www.africa-press.net\/cotedivoire\/\",\"name\":\"C\u00f4te d&#039;Ivoire\",\"description\":\"Just another Africa News Agency Sites site\",\"potentialAction\":[{\"@type\":\"SearchAction\",\"target\":{\"@type\":\"EntryPoint\",\"urlTemplate\":\"https:\/\/www.africa-press.net\/cotedivoire\/?s={search_term_string}\"},\"query-input\":{\"@type\":\"PropertyValueSpecification\",\"valueRequired\":true,\"valueName\":\"search_term_string\"}}],\"inLanguage\":\"fr-FR\"},{\"@type\":\"Person\",\"@id\":\"https:\/\/www.africa-press.net\/cotedivoire\/#\/schema\/person\/2b1cf3cd81a31e3cd26889ca66d677f1\",\"name\":\"cfeditorfr\"}]}<\/script>\n<!-- \/ Yoast SEO Premium plugin. -->","yoast_head_json":{"title":"\u00c0 Bonoua, Armand Ouegnin salue le r\u00f4le de la population qui assume sa mission de pionni\u00e8re de la r\u00e9conciliation pr\u00f4n\u00e9e Gbagbo, Ouattara et B\u00e9di\u00e9 - C\u00f4te d&#039;Ivoire","robots":{"index":"index","follow":"follow","max-snippet":"max-snippet:-1","max-image-preview":"max-image-preview:large","max-video-preview":"max-video-preview:-1"},"canonical":"https:\/\/www.africa-press.net\/cotedivoire\/politique\/a-bonoua-armand-ouegnin-salue-le-role-de-la-population-qui-assume-sa-mission-de-pionniere-de-la-reconciliation-pronee-gbagbo-ouattara-et-bedie","og_locale":"fr_FR","og_type":"article","og_title":"\u00c0 Bonoua, Armand Ouegnin salue le r\u00f4le de la population qui assume sa mission de pionni\u00e8re de la r\u00e9conciliation pr\u00f4n\u00e9e Gbagbo, Ouattara et B\u00e9di\u00e9","og_description":"Africa-Press &#8211; C\u00f4te d&rsquo;Ivoire. Le de\u0301pute\u0301 de Yopougon, par ailleurs vice pre\u0301sident de l&rsquo;Assemble\u0301e nationale, Georges Armand Ouegnin e\u0301tait le parrain du lancement officiel de la fe\u0302te de Ge\u0301ne\u0301ration de Bronoukro de\u0301nomme\u0301e OBOLWON O\u0302FWA&rsquo; ATIE\u0302, dans le de\u0301partement de Bonoua. Le jeudi 19 Janvier 2023, Georges Armand Oue\u0301gnin, vice-pre\u0301sident Exe\u0301cutif du PPA-CI, a pris part [&hellip;]","og_url":"https:\/\/www.africa-press.net\/cotedivoire\/politique\/a-bonoua-armand-ouegnin-salue-le-role-de-la-population-qui-assume-sa-mission-de-pionniere-de-la-reconciliation-pronee-gbagbo-ouattara-et-bedie","og_site_name":"C\u00f4te d&#039;Ivoire","article_published_time":"2023-01-21T17:10:58+00:00","og_image":[{"width":720,"height":480,"url":"https:\/\/static.africa-press.net\/cote\/sites\/43\/2023\/01\/postQueueImg_1674308473.88.jpg","type":"image\/jpeg"}],"author":"cfeditorfr","twitter_card":"summary_large_image","twitter_misc":{"\u00c9crit par":"cfeditorfr","Dur\u00e9e de lecture estim\u00e9e":"3 minutes"},"schema":{"@context":"https:\/\/schema.org","@graph":[{"@type":"Article","@id":"https:\/\/www.africa-press.net\/cotedivoire\/politique\/a-bonoua-armand-ouegnin-salue-le-role-de-la-population-qui-assume-sa-mission-de-pionniere-de-la-reconciliation-pronee-gbagbo-ouattara-et-bedie#article","isPartOf":{"@id":"https:\/\/www.africa-press.net\/cotedivoire\/politique\/a-bonoua-armand-ouegnin-salue-le-role-de-la-population-qui-assume-sa-mission-de-pionniere-de-la-reconciliation-pronee-gbagbo-ouattara-et-bedie"},"author":{"name":"cfeditorfr","@id":"https:\/\/www.africa-press.net\/cotedivoire\/#\/schema\/person\/2b1cf3cd81a31e3cd26889ca66d677f1"},"headline":"\u00c0 Bonoua, Armand Ouegnin salue le r\u00f4le de la population qui assume sa mission de pionni\u00e8re de la r\u00e9conciliation pr\u00f4n\u00e9e Gbagbo, Ouattara et B\u00e9di\u00e9","datePublished":"2023-01-21T17:10:58+00:00","mainEntityOfPage":{"@id":"https:\/\/www.africa-press.net\/cotedivoire\/politique\/a-bonoua-armand-ouegnin-salue-le-role-de-la-population-qui-assume-sa-mission-de-pionniere-de-la-reconciliation-pronee-gbagbo-ouattara-et-bedie"},"wordCount":642,"commentCount":0,"image":{"@id":"https:\/\/www.africa-press.net\/cotedivoire\/politique\/a-bonoua-armand-ouegnin-salue-le-role-de-la-population-qui-assume-sa-mission-de-pionniere-de-la-reconciliation-pronee-gbagbo-ouattara-et-bedie#primaryimage"},"thumbnailUrl":"https:\/\/static.africa-press.net\/cote\/sites\/43\/2023\/01\/postQueueImg_1674308473.88.jpg","keywords":["Abour\u00e9","Africa Press","Africa Press-C\u00f4te d'Ivoire","Bonoua","C\u00f4te d'Ivoire","Ouegnin","PPA-CI","Yopougon"],"articleSection":["Politique","Toutes les actualit\u00e9s"],"inLanguage":"fr-FR","potentialAction":[{"@type":"CommentAction","name":"Comment","target":["https:\/\/www.africa-press.net\/cotedivoire\/politique\/a-bonoua-armand-ouegnin-salue-le-role-de-la-population-qui-assume-sa-mission-de-pionniere-de-la-reconciliation-pronee-gbagbo-ouattara-et-bedie#respond"]}]},{"@type":"WebPage","@id":"https:\/\/www.africa-press.net\/cotedivoire\/politique\/a-bonoua-armand-ouegnin-salue-le-role-de-la-population-qui-assume-sa-mission-de-pionniere-de-la-reconciliation-pronee-gbagbo-ouattara-et-bedie","url":"https:\/\/www.africa-press.net\/cotedivoire\/politique\/a-bonoua-armand-ouegnin-salue-le-role-de-la-population-qui-assume-sa-mission-de-pionniere-de-la-reconciliation-pronee-gbagbo-ouattara-et-bedie","name":"\u00c0 Bonoua, Armand Ouegnin salue le r\u00f4le de la population qui assume sa mission de pionni\u00e8re de la r\u00e9conciliation pr\u00f4n\u00e9e Gbagbo, Ouattara et B\u00e9di\u00e9 - C\u00f4te d&#039;Ivoire","isPartOf":{"@id":"https:\/\/www.africa-press.net\/cotedivoire\/#website"},"primaryImageOfPage":{"@id":"https:\/\/www.africa-press.net\/cotedivoire\/politique\/a-bonoua-armand-ouegnin-salue-le-role-de-la-population-qui-assume-sa-mission-de-pionniere-de-la-reconciliation-pronee-gbagbo-ouattara-et-bedie#primaryimage"},"image":{"@id":"https:\/\/www.africa-press.net\/cotedivoire\/politique\/a-bonoua-armand-ouegnin-salue-le-role-de-la-population-qui-assume-sa-mission-de-pionniere-de-la-reconciliation-pronee-gbagbo-ouattara-et-bedie#primaryimage"},"thumbnailUrl":"https:\/\/static.africa-press.net\/cote\/sites\/43\/2023\/01\/postQueueImg_1674308473.88.jpg","datePublished":"2023-01-21T17:10:58+00:00","author":{"@id":"https:\/\/www.africa-press.net\/cotedivoire\/#\/schema\/person\/2b1cf3cd81a31e3cd26889ca66d677f1"},"breadcrumb":{"@id":"https:\/\/www.africa-press.net\/cotedivoire\/politique\/a-bonoua-armand-ouegnin-salue-le-role-de-la-population-qui-assume-sa-mission-de-pionniere-de-la-reconciliation-pronee-gbagbo-ouattara-et-bedie#breadcrumb"},"inLanguage":"fr-FR","potentialAction":[{"@type":"ReadAction","target":["https:\/\/www.africa-press.net\/cotedivoire\/politique\/a-bonoua-armand-ouegnin-salue-le-role-de-la-population-qui-assume-sa-mission-de-pionniere-de-la-reconciliation-pronee-gbagbo-ouattara-et-bedie"]}]},{"@type":"ImageObject","inLanguage":"fr-FR","@id":"https:\/\/www.africa-press.net\/cotedivoire\/politique\/a-bonoua-armand-ouegnin-salue-le-role-de-la-population-qui-assume-sa-mission-de-pionniere-de-la-reconciliation-pronee-gbagbo-ouattara-et-bedie#primaryimage","url":"https:\/\/static.africa-press.net\/cote\/sites\/43\/2023\/01\/postQueueImg_1674308473.88.jpg","contentUrl":"https:\/\/static.africa-press.net\/cote\/sites\/43\/2023\/01\/postQueueImg_1674308473.88.jpg","width":720,"height":480,"caption":"\u00c0 Bonoua, Armand Ouegnin salue le r\u00f4le de la population qui assume sa mission de pionni\u00e8re de la r\u00e9conciliation pr\u00f4n\u00e9e Gbagbo, Ouattara et B\u00e9di\u00e9"},{"@type":"BreadcrumbList","@id":"https:\/\/www.africa-press.net\/cotedivoire\/politique\/a-bonoua-armand-ouegnin-salue-le-role-de-la-population-qui-assume-sa-mission-de-pionniere-de-la-reconciliation-pronee-gbagbo-ouattara-et-bedie#breadcrumb","itemListElement":[{"@type":"ListItem","position":1,"name":"Accueil","item":"https:\/\/www.africa-press.net\/cotedivoire\/"},{"@type":"ListItem","position":2,"name":"\u00c0 Bonoua, Armand Ouegnin salue le r\u00f4le de la population qui assume sa mission de pionni\u00e8re de la r\u00e9conciliation pr\u00f4n\u00e9e Gbagbo, Ouattara et B\u00e9di\u00e9"}]},{"@type":"WebSite","@id":"https:\/\/www.africa-press.net\/cotedivoire\/#website","url":"https:\/\/www.africa-press.net\/cotedivoire\/","name":"C\u00f4te d&#039;Ivoire","description":"Just another Africa News Agency Sites site","potentialAction":[{"@type":"SearchAction","target":{"@type":"EntryPoint","urlTemplate":"https:\/\/www.africa-press.net\/cotedivoire\/?s={search_term_string}"},"query-input":{"@type":"PropertyValueSpecification","valueRequired":true,"valueName":"search_term_string"}}],"inLanguage":"fr-FR"},{"@type":"Person","@id":"https:\/\/www.africa-press.net\/cotedivoire\/#\/schema\/person\/2b1cf3cd81a31e3cd26889ca66d677f1","name":"cfeditorfr"}]}},"_links":{"self":[{"href":"https:\/\/www.africa-press.net\/cotedivoire\/wp-json\/wp\/v2\/posts\/51922","targetHints":{"allow":["GET"]}}],"collection":[{"href":"https:\/\/www.africa-press.net\/cotedivoire\/wp-json\/wp\/v2\/posts"}],"about":[{"href":"https:\/\/www.africa-press.net\/cotedivoire\/wp-json\/wp\/v2\/types\/post"}],"author":[{"embeddable":true,"href":"https:\/\/www.africa-press.net\/cotedivoire\/wp-json\/wp\/v2\/users\/82"}],"replies":[{"embeddable":true,"href":"https:\/\/www.africa-press.net\/cotedivoire\/wp-json\/wp\/v2\/comments?post=51922"}],"version-history":[{"count":0,"href":"https:\/\/www.africa-press.net\/cotedivoire\/wp-json\/wp\/v2\/posts\/51922\/revisions"}],"wp:featuredmedia":[{"embeddable":true,"href":"https:\/\/www.africa-press.net\/cotedivoire\/wp-json\/wp\/v2\/media\/51921"}],"wp:attachment":[{"href":"https:\/\/www.africa-press.net\/cotedivoire\/wp-json\/wp\/v2\/media?parent=51922"}],"wp:term":[{"taxonomy":"category","embeddable":true,"href":"https:\/\/www.africa-press.net\/cotedivoire\/wp-json\/wp\/v2\/categories?post=51922"},{"taxonomy":"post_tag","embeddable":true,"href":"https:\/\/www.africa-press.net\/cotedivoire\/wp-json\/wp\/v2\/tags?post=51922"}],"curies":[{"name":"wp","href":"https:\/\/api.w.org\/{rel}","templated":true}]}}