{"id":52310,"date":"2023-01-28T18:43:13","date_gmt":"2023-01-28T18:43:13","guid":{"rendered":"https:\/\/www.africa-press.net\/cotedivoire\/politique\/gbagbo-en-meeting-a-la-place-ficgayo-de-yopougon-voici-la-date-une-delegation-du-ppa-ci-echange-avec-les-autorites-municipales"},"modified":"2023-01-28T19:02:22","modified_gmt":"2023-01-28T19:02:22","slug":"gbagbo-en-meeting-a-la-place-ficgayo-de-yopougon-voici-la-date-une-delegation-du-ppa-ci-echange-avec-les-autorites-municipales","status":"publish","type":"post","link":"https:\/\/www.africa-press.net\/cotedivoire\/politique\/gbagbo-en-meeting-a-la-place-ficgayo-de-yopougon-voici-la-date-une-delegation-du-ppa-ci-echange-avec-les-autorites-municipales","title":{"rendered":"Gbagbo en meeting \u00e0 la place Ficgayo de Yopougon, voici la date, une d\u00e9l\u00e9gation du PPA-CI \u00e9change avec les autorit\u00e9s municipales"},"content":{"rendered":"<p><span style=\"color: #ff6600\"><strong>Africa-Press &#8211; C\u00f4te d&rsquo;Ivoire. <\/strong><\/span>Les 31 mars 2023 et 1er avril 2023 sur les places Ficgayo et CP1, Parti des Peuples Africains &#8211; Co\u0302te d&rsquo;Ivoire (PPA-CI) organisera sa fe\u0302te de la Renaissance.<\/p>\n<p>Cette premie\u0300re e\u0301dition de la fe\u0302te de la renaissance du Parti de Gbagbo a\u0300 Yopougon sera meuble\u0301e par un meeting du natif de Mama dans la commune.<\/p>\n<p>Les places Ficgayo et CP1 de Yopougon vont donc accueillir ce rendez-vous avec les partisans de l\u2019ancien pre\u0301sident au cours duquel l\u2019ancien prisonnier de la cour pe\u0301nale internationale (CPI) va animer son premier meeting a\u0300 Yopougon, plus de dix anne\u0301es apre\u0300s.<\/p>\n<p>Ainsi, dans le cadre des pre\u0301paratifs de cette fe\u0302te de la renaissance, une de\u0301le\u0301gation du Parti des Peuples Africains &#8211; Co\u0302te d&rsquo;Ivoire conduite par Didier Kragbe\u0301, Vice-pre\u0301sident de la Commission Logistique, a eu des e\u0301changes avec les premiers responsables de la Mairie de Yopougon hier vendredi 27 janvier 2023 de 16 heures 30 minutes a\u0300 17 heures 15 minutes au Cabinet de M. le Ministre Gilbert Kafana Kone\u0301, Maire de la Commune de Yopougon.<\/p>\n<p>La de\u0301le\u0301gation a e\u0301te\u0301 rec\u0327ue par Messieurs Issouf Coulibaly, premier adjoint au Maire de Yopougon, et Drissa Ouattara, Directeur de Cabinet du Maire de Yopougon et au centre de ces discussions, l&rsquo;organisation de la Fe\u0302te de la Renaissance du PPA-CI, les 31 mars 2023 et 1er avril 2023 sur les places Ficgayo et CP1.<\/p>\n<p>Aux interrogations sur la signification de la susdite Fe\u0302te, Didier Kragbe\u0301, Chef de de\u0301le\u0301gation, a explique\u0301 les motivations de cette organisation.<\/p>\n<p>\u00ab La Fe\u0302te de la Renaissance est une ce\u0301le\u0301bration au cours de laquelle sont pre\u0301sente\u0301es a\u0300 Son Excellence Laurent Gbagbo, Pre\u0301sident du PPA-CI, toutes les structures de base anciennes et nouvellement installe\u0301es. C&rsquo;est aussi et surtout l&rsquo;occasion pour les militants de ce\u0301le\u0301brer l&rsquo;acquittement de Son Excellence Laurent Gbagbo par la Cour Pe\u0301nale Internationale. La place CP1 accueillera le village de la Fe\u0302te tandis que se de\u0301roulera sur la place Ficgayo, la ce\u0301re\u0301monie officielle de la Fe\u0302te de renaissance. \u00bb, a explique\u0301 le chef de la de\u0301le\u0301gation.<\/p>\n<p>Prenant bonne note des informations rec\u0327ues, Monsieur Issouf Coulibaly, 1er adjoint au maire, a promis de rendre compte a\u0300 Monsieur le Maire avant de donner une suite. Un rendez-vous a donc e\u0301te\u0301 pris pour la suite a\u0300 donner a\u0300 la sollicitation des autorisations des autorite\u0301s municipales.<\/p>\n<p>Cette fe\u0302te qui sera marque\u0301e par un meeting de Gbagbo a\u0300 Yopougon, a\u0300 l\u2019ore\u0301e des prochaines e\u0301lections municipales ou\u0300 Michel Gbagbo, son fils est candidat, sera-t-elle autorise\u0301e ?<\/p>\n\r\n                <style type=\"text\/css\">\r\n                    \r\n                    #td_uid_1_69f5c83eacd61  .td-doubleSlider-2 .td-item1 {\r\n                        background: url(https:\/\/static.africa-press.net\/cote\/sites\/43\/2023\/01\/postMediaimg_15_1-63d570f273f0e-80x60.jpg) 0 0 no-repeat;\r\n                    }\r\n                <\/style>\r\n\r\n                <div id=\"td_uid_1_69f5c83eacd61\" class=\"td-gallery td-slide-on-2-columns\">\r\n                    <div class=\"post_td_gallery\">\r\n                        <div class=\"td-gallery-slide-top\">\r\n                           <div class=\"td-gallery-title\"><\/div>\r\n\r\n                            <div class=\"td-gallery-controls-wrapper\">\r\n                                <div class=\"td-gallery-slide-count\"><span class=\"td-gallery-slide-item-focus\">1<\/span> de 1<\/div>\r\n                                <div class=\"td-gallery-slide-prev-next-but\">\r\n                                    <i class = \"td-icon-left doubleSliderPrevButton\"><\/i>\r\n                                    <i class = \"td-icon-right doubleSliderNextButton\"><\/i>\r\n                                <\/div>\r\n                            <\/div>\r\n                        <\/div>\r\n\r\n                        <div class = \"td-doubleSlider-1 \">\r\n                            <div class = \"td-slider\">\r\n                                \r\n                    <div class = \"td-slide-item td-item1\">\r\n                        <figure class=\"td-slide-galery-figure td-slide-popup-gallery\">\r\n                            <a class=\"slide-gallery-image-link\" href=\"https:\/\/static.africa-press.net\/cote\/sites\/43\/2023\/01\/postMediaimg_15_1-63d570f273f0e.jpg\" title=\"postMediaimg_15_1-63d570f273f0e\"  data-caption=\"\"  data-description=\"\">\r\n                                <img decoding=\"async\" src=\"https:\/\/static.africa-press.net\/cote\/sites\/43\/2023\/01\/postMediaimg_15_1-63d570f273f0e.jpg\" srcset=\"https:\/\/static.africa-press.net\/cote\/sites\/43\/2023\/01\/postMediaimg_15_1-63d570f273f0e.jpg 1000w, https:\/\/static.africa-press.net\/cote\/sites\/43\/2023\/01\/postMediaimg_15_1-63d570f273f0e-300x225.jpg 300w, https:\/\/static.africa-press.net\/cote\/sites\/43\/2023\/01\/postMediaimg_15_1-63d570f273f0e-768x576.jpg 768w, https:\/\/static.africa-press.net\/cote\/sites\/43\/2023\/01\/postMediaimg_15_1-63d570f273f0e-80x60.jpg 80w\" sizes=\"(max-width: 1000px) 100vw, 1000px\" alt=\"\">\r\n                            <\/a>\r\n                            \r\n                        <\/figure>\r\n                    <\/div>\r\n                            <\/div>\r\n                        <\/div>\r\n\r\n                        <div class = \"td-doubleSlider-2\">\r\n                            <div class = \"td-slider\">\r\n                                \r\n                    <div class = \"td-button td-item1\">\r\n                        <div class = \"td-border\"><\/div>\r\n                    <\/div>\r\n                            <\/div>\r\n                        <\/div>\r\n\r\n                    <\/div>\r\n\r\n                <\/div>\r\n                \n<p><strong>Pour plus d&rsquo;informations et d&rsquo;analyses sur la <a href=\"https:\/\/www.africa-press.net\/cotedivoire\">C\u00f4te d&rsquo;Ivoire<\/a>, suivez <a href=\"https:\/\/www.africa-press.net\/\">Africa-Press<\/a><\/strong><\/p>\n","protected":false},"excerpt":{"rendered":"<p>Africa-Press &#8211; C\u00f4te d&rsquo;Ivoire. Les 31 mars 2023 et 1er avril 2023 sur les places Ficgayo et CP1, Parti des Peuples Africains &#8211; Co\u0302te d&rsquo;Ivoire (PPA-CI) organisera sa fe\u0302te de la Renaissance. Cette premie\u0300re e\u0301dition de la fe\u0302te de la renaissance du Parti de Gbagbo a\u0300 Yopougon sera meuble\u0301e par un meeting du natif de [&hellip;]<\/p>\n","protected":false},"author":82,"featured_media":52309,"comment_status":"open","ping_status":"closed","sticky":false,"template":"","format":"standard","meta":{"footnotes":""},"categories":[2,10],"tags":[56,63,29,8917,320,8916,8580,363,1952,540],"class_list":["post-52310","post","type-post","status-publish","format-standard","has-post-thumbnail","hentry","category-politique","category-toutes-les-actualites","tag-africa-press","tag-africa-press-cote-divoire","tag-cote-divoire","tag-ficgayo","tag-gbagbo","tag-issiffou-coulibalt","tag-kafana","tag-parti","tag-ppa-ci","tag-yopougon"],"yoast_head":"<!-- This site is optimized with the Yoast SEO Premium plugin v26.1 (Yoast SEO v27.0) - https:\/\/yoast.com\/product\/yoast-seo-premium-wordpress\/ -->\n<title>Gbagbo en meeting \u00e0 la place Ficgayo de Yopougon, voici la date, une d\u00e9l\u00e9gation du PPA-CI \u00e9change avec les autorit\u00e9s municipales - C\u00f4te d&#039;Ivoire<\/title>\n<meta name=\"description\" content=\"Les 31 mars 2023 et 1er avril 2023 sur les places Ficgayo et CP1, Parti des Peuples Africains - Co\u0302te d&#039;Ivoire (PPA-CI) ...\" \/>\n<meta name=\"robots\" content=\"index, follow, max-snippet:-1, max-image-preview:large, max-video-preview:-1\" \/>\n<link rel=\"canonical\" href=\"https:\/\/www.africa-press.net\/cotedivoire\/politique\/gbagbo-en-meeting-a-la-place-ficgayo-de-yopougon-voici-la-date-une-delegation-du-ppa-ci-echange-avec-les-autorites-municipales\" \/>\n<meta property=\"og:locale\" content=\"fr_FR\" \/>\n<meta property=\"og:type\" content=\"article\" \/>\n<meta property=\"og:title\" content=\"Gbagbo en meeting \u00e0 la place Ficgayo de Yopougon, voici la date, une d\u00e9l\u00e9gation du PPA-CI \u00e9change avec les autorit\u00e9s municipales\" \/>\n<meta property=\"og:description\" content=\"Les 31 mars 2023 et 1er avril 2023 sur les places Ficgayo et CP1, Parti des Peuples Africains - Co\u0302te d&#039;Ivoire (PPA-CI) ...\" \/>\n<meta property=\"og:url\" content=\"https:\/\/www.africa-press.net\/cotedivoire\/politique\/gbagbo-en-meeting-a-la-place-ficgayo-de-yopougon-voici-la-date-une-delegation-du-ppa-ci-echange-avec-les-autorites-municipales\" \/>\n<meta property=\"og:site_name\" content=\"C\u00f4te d&#039;Ivoire\" \/>\n<meta property=\"article:published_time\" content=\"2023-01-28T18:43:13+00:00\" \/>\n<meta property=\"article:modified_time\" content=\"2023-01-28T19:02:22+00:00\" \/>\n<meta property=\"og:image\" content=\"https:\/\/static.africa-press.net\/cote\/sites\/43\/2023\/01\/postQueueImg_1674918822.41.jpg\" \/>\n\t<meta property=\"og:image:width\" content=\"1280\" \/>\n\t<meta property=\"og:image:height\" content=\"720\" \/>\n\t<meta property=\"og:image:type\" content=\"image\/jpeg\" \/>\n<meta name=\"author\" content=\"cfeditorfr\" \/>\n<meta name=\"twitter:card\" content=\"summary_large_image\" \/>\n<meta name=\"twitter:label1\" content=\"\u00c9crit par\" \/>\n\t<meta name=\"twitter:data1\" content=\"cfeditorfr\" \/>\n\t<meta name=\"twitter:label2\" content=\"Dur\u00e9e de lecture estim\u00e9e\" \/>\n\t<meta name=\"twitter:data2\" content=\"3 minutes\" \/>\n<script type=\"application\/ld+json\" class=\"yoast-schema-graph\">{\"@context\":\"https:\/\/schema.org\",\"@graph\":[{\"@type\":\"Article\",\"@id\":\"https:\/\/www.africa-press.net\/cotedivoire\/politique\/gbagbo-en-meeting-a-la-place-ficgayo-de-yopougon-voici-la-date-une-delegation-du-ppa-ci-echange-avec-les-autorites-municipales#article\",\"isPartOf\":{\"@id\":\"https:\/\/www.africa-press.net\/cotedivoire\/politique\/gbagbo-en-meeting-a-la-place-ficgayo-de-yopougon-voici-la-date-une-delegation-du-ppa-ci-echange-avec-les-autorites-municipales\"},\"author\":{\"name\":\"cfeditorfr\",\"@id\":\"https:\/\/www.africa-press.net\/cotedivoire\/#\/schema\/person\/2b1cf3cd81a31e3cd26889ca66d677f1\"},\"headline\":\"Gbagbo en meeting \u00e0 la place Ficgayo de Yopougon, voici la date, une d\u00e9l\u00e9gation du PPA-CI \u00e9change avec les autorit\u00e9s municipales\",\"datePublished\":\"2023-01-28T18:43:13+00:00\",\"dateModified\":\"2023-01-28T19:02:22+00:00\",\"mainEntityOfPage\":{\"@id\":\"https:\/\/www.africa-press.net\/cotedivoire\/politique\/gbagbo-en-meeting-a-la-place-ficgayo-de-yopougon-voici-la-date-une-delegation-du-ppa-ci-echange-avec-les-autorites-municipales\"},\"wordCount\":503,\"commentCount\":0,\"image\":{\"@id\":\"https:\/\/www.africa-press.net\/cotedivoire\/politique\/gbagbo-en-meeting-a-la-place-ficgayo-de-yopougon-voici-la-date-une-delegation-du-ppa-ci-echange-avec-les-autorites-municipales#primaryimage\"},\"thumbnailUrl\":\"https:\/\/static.africa-press.net\/cote\/sites\/43\/2023\/01\/postQueueImg_1674918822.41.jpg\",\"keywords\":[\"Africa Press\",\"Africa Press-C\u00f4te d'Ivoire\",\"C\u00d4TE D'IVOIRE\",\"Ficgayo\",\"Gbagbo\",\"Issiffou Coulibalt\",\"Kafana\",\"Parti\",\"PPA-CI\",\"Yopougon\"],\"articleSection\":[\"Politique\",\"Toutes les actualit\u00e9s\"],\"inLanguage\":\"fr-FR\",\"potentialAction\":[{\"@type\":\"CommentAction\",\"name\":\"Comment\",\"target\":[\"https:\/\/www.africa-press.net\/cotedivoire\/politique\/gbagbo-en-meeting-a-la-place-ficgayo-de-yopougon-voici-la-date-une-delegation-du-ppa-ci-echange-avec-les-autorites-municipales#respond\"]}]},{\"@type\":\"WebPage\",\"@id\":\"https:\/\/www.africa-press.net\/cotedivoire\/politique\/gbagbo-en-meeting-a-la-place-ficgayo-de-yopougon-voici-la-date-une-delegation-du-ppa-ci-echange-avec-les-autorites-municipales\",\"url\":\"https:\/\/www.africa-press.net\/cotedivoire\/politique\/gbagbo-en-meeting-a-la-place-ficgayo-de-yopougon-voici-la-date-une-delegation-du-ppa-ci-echange-avec-les-autorites-municipales\",\"name\":\"Gbagbo en meeting \u00e0 la place Ficgayo de Yopougon, voici la date, une d\u00e9l\u00e9gation du PPA-CI \u00e9change avec les autorit\u00e9s municipales - C\u00f4te d&#039;Ivoire\",\"isPartOf\":{\"@id\":\"https:\/\/www.africa-press.net\/cotedivoire\/#website\"},\"primaryImageOfPage\":{\"@id\":\"https:\/\/www.africa-press.net\/cotedivoire\/politique\/gbagbo-en-meeting-a-la-place-ficgayo-de-yopougon-voici-la-date-une-delegation-du-ppa-ci-echange-avec-les-autorites-municipales#primaryimage\"},\"image\":{\"@id\":\"https:\/\/www.africa-press.net\/cotedivoire\/politique\/gbagbo-en-meeting-a-la-place-ficgayo-de-yopougon-voici-la-date-une-delegation-du-ppa-ci-echange-avec-les-autorites-municipales#primaryimage\"},\"thumbnailUrl\":\"https:\/\/static.africa-press.net\/cote\/sites\/43\/2023\/01\/postQueueImg_1674918822.41.jpg\",\"datePublished\":\"2023-01-28T18:43:13+00:00\",\"dateModified\":\"2023-01-28T19:02:22+00:00\",\"author\":{\"@id\":\"https:\/\/www.africa-press.net\/cotedivoire\/#\/schema\/person\/2b1cf3cd81a31e3cd26889ca66d677f1\"},\"description\":\"Les 31 mars 2023 et 1er avril 2023 sur les places Ficgayo et CP1, Parti des Peuples Africains - Co\u0302te d'Ivoire (PPA-CI) ...\",\"breadcrumb\":{\"@id\":\"https:\/\/www.africa-press.net\/cotedivoire\/politique\/gbagbo-en-meeting-a-la-place-ficgayo-de-yopougon-voici-la-date-une-delegation-du-ppa-ci-echange-avec-les-autorites-municipales#breadcrumb\"},\"inLanguage\":\"fr-FR\",\"potentialAction\":[{\"@type\":\"ReadAction\",\"target\":[\"https:\/\/www.africa-press.net\/cotedivoire\/politique\/gbagbo-en-meeting-a-la-place-ficgayo-de-yopougon-voici-la-date-une-delegation-du-ppa-ci-echange-avec-les-autorites-municipales\"]}]},{\"@type\":\"ImageObject\",\"inLanguage\":\"fr-FR\",\"@id\":\"https:\/\/www.africa-press.net\/cotedivoire\/politique\/gbagbo-en-meeting-a-la-place-ficgayo-de-yopougon-voici-la-date-une-delegation-du-ppa-ci-echange-avec-les-autorites-municipales#primaryimage\",\"url\":\"https:\/\/static.africa-press.net\/cote\/sites\/43\/2023\/01\/postQueueImg_1674918822.41.jpg\",\"contentUrl\":\"https:\/\/static.africa-press.net\/cote\/sites\/43\/2023\/01\/postQueueImg_1674918822.41.jpg\",\"width\":1280,\"height\":720,\"caption\":\"Gbagbo en meeting \u00e0 la place Ficgayo de Yopougon, voici la date, une d\u00e9l\u00e9gation du PPA-CI \u00e9change avec les autorit\u00e9s municipales\"},{\"@type\":\"BreadcrumbList\",\"@id\":\"https:\/\/www.africa-press.net\/cotedivoire\/politique\/gbagbo-en-meeting-a-la-place-ficgayo-de-yopougon-voici-la-date-une-delegation-du-ppa-ci-echange-avec-les-autorites-municipales#breadcrumb\",\"itemListElement\":[{\"@type\":\"ListItem\",\"position\":1,\"name\":\"Accueil\",\"item\":\"https:\/\/www.africa-press.net\/cotedivoire\/\"},{\"@type\":\"ListItem\",\"position\":2,\"name\":\"Gbagbo en meeting \u00e0 la place Ficgayo de Yopougon, voici la date, une d\u00e9l\u00e9gation du PPA-CI \u00e9change avec les autorit\u00e9s municipales\"}]},{\"@type\":\"WebSite\",\"@id\":\"https:\/\/www.africa-press.net\/cotedivoire\/#website\",\"url\":\"https:\/\/www.africa-press.net\/cotedivoire\/\",\"name\":\"C\u00f4te d&#039;Ivoire\",\"description\":\"Just another Africa News Agency Sites site\",\"potentialAction\":[{\"@type\":\"SearchAction\",\"target\":{\"@type\":\"EntryPoint\",\"urlTemplate\":\"https:\/\/www.africa-press.net\/cotedivoire\/?s={search_term_string}\"},\"query-input\":{\"@type\":\"PropertyValueSpecification\",\"valueRequired\":true,\"valueName\":\"search_term_string\"}}],\"inLanguage\":\"fr-FR\"},{\"@type\":\"Person\",\"@id\":\"https:\/\/www.africa-press.net\/cotedivoire\/#\/schema\/person\/2b1cf3cd81a31e3cd26889ca66d677f1\",\"name\":\"cfeditorfr\"}]}<\/script>\n<!-- \/ Yoast SEO Premium plugin. -->","yoast_head_json":{"title":"Gbagbo en meeting \u00e0 la place Ficgayo de Yopougon, voici la date, une d\u00e9l\u00e9gation du PPA-CI \u00e9change avec les autorit\u00e9s municipales - C\u00f4te d&#039;Ivoire","description":"Les 31 mars 2023 et 1er avril 2023 sur les places Ficgayo et CP1, Parti des Peuples Africains - Co\u0302te d'Ivoire (PPA-CI) ...","robots":{"index":"index","follow":"follow","max-snippet":"max-snippet:-1","max-image-preview":"max-image-preview:large","max-video-preview":"max-video-preview:-1"},"canonical":"https:\/\/www.africa-press.net\/cotedivoire\/politique\/gbagbo-en-meeting-a-la-place-ficgayo-de-yopougon-voici-la-date-une-delegation-du-ppa-ci-echange-avec-les-autorites-municipales","og_locale":"fr_FR","og_type":"article","og_title":"Gbagbo en meeting \u00e0 la place Ficgayo de Yopougon, voici la date, une d\u00e9l\u00e9gation du PPA-CI \u00e9change avec les autorit\u00e9s municipales","og_description":"Les 31 mars 2023 et 1er avril 2023 sur les places Ficgayo et CP1, Parti des Peuples Africains - Co\u0302te d'Ivoire (PPA-CI) ...","og_url":"https:\/\/www.africa-press.net\/cotedivoire\/politique\/gbagbo-en-meeting-a-la-place-ficgayo-de-yopougon-voici-la-date-une-delegation-du-ppa-ci-echange-avec-les-autorites-municipales","og_site_name":"C\u00f4te d&#039;Ivoire","article_published_time":"2023-01-28T18:43:13+00:00","article_modified_time":"2023-01-28T19:02:22+00:00","og_image":[{"width":1280,"height":720,"url":"https:\/\/static.africa-press.net\/cote\/sites\/43\/2023\/01\/postQueueImg_1674918822.41.jpg","type":"image\/jpeg"}],"author":"cfeditorfr","twitter_card":"summary_large_image","twitter_misc":{"\u00c9crit par":"cfeditorfr","Dur\u00e9e de lecture estim\u00e9e":"3 minutes"},"schema":{"@context":"https:\/\/schema.org","@graph":[{"@type":"Article","@id":"https:\/\/www.africa-press.net\/cotedivoire\/politique\/gbagbo-en-meeting-a-la-place-ficgayo-de-yopougon-voici-la-date-une-delegation-du-ppa-ci-echange-avec-les-autorites-municipales#article","isPartOf":{"@id":"https:\/\/www.africa-press.net\/cotedivoire\/politique\/gbagbo-en-meeting-a-la-place-ficgayo-de-yopougon-voici-la-date-une-delegation-du-ppa-ci-echange-avec-les-autorites-municipales"},"author":{"name":"cfeditorfr","@id":"https:\/\/www.africa-press.net\/cotedivoire\/#\/schema\/person\/2b1cf3cd81a31e3cd26889ca66d677f1"},"headline":"Gbagbo en meeting \u00e0 la place Ficgayo de Yopougon, voici la date, une d\u00e9l\u00e9gation du PPA-CI \u00e9change avec les autorit\u00e9s municipales","datePublished":"2023-01-28T18:43:13+00:00","dateModified":"2023-01-28T19:02:22+00:00","mainEntityOfPage":{"@id":"https:\/\/www.africa-press.net\/cotedivoire\/politique\/gbagbo-en-meeting-a-la-place-ficgayo-de-yopougon-voici-la-date-une-delegation-du-ppa-ci-echange-avec-les-autorites-municipales"},"wordCount":503,"commentCount":0,"image":{"@id":"https:\/\/www.africa-press.net\/cotedivoire\/politique\/gbagbo-en-meeting-a-la-place-ficgayo-de-yopougon-voici-la-date-une-delegation-du-ppa-ci-echange-avec-les-autorites-municipales#primaryimage"},"thumbnailUrl":"https:\/\/static.africa-press.net\/cote\/sites\/43\/2023\/01\/postQueueImg_1674918822.41.jpg","keywords":["Africa Press","Africa Press-C\u00f4te d'Ivoire","C\u00d4TE D'IVOIRE","Ficgayo","Gbagbo","Issiffou Coulibalt","Kafana","Parti","PPA-CI","Yopougon"],"articleSection":["Politique","Toutes les actualit\u00e9s"],"inLanguage":"fr-FR","potentialAction":[{"@type":"CommentAction","name":"Comment","target":["https:\/\/www.africa-press.net\/cotedivoire\/politique\/gbagbo-en-meeting-a-la-place-ficgayo-de-yopougon-voici-la-date-une-delegation-du-ppa-ci-echange-avec-les-autorites-municipales#respond"]}]},{"@type":"WebPage","@id":"https:\/\/www.africa-press.net\/cotedivoire\/politique\/gbagbo-en-meeting-a-la-place-ficgayo-de-yopougon-voici-la-date-une-delegation-du-ppa-ci-echange-avec-les-autorites-municipales","url":"https:\/\/www.africa-press.net\/cotedivoire\/politique\/gbagbo-en-meeting-a-la-place-ficgayo-de-yopougon-voici-la-date-une-delegation-du-ppa-ci-echange-avec-les-autorites-municipales","name":"Gbagbo en meeting \u00e0 la place Ficgayo de Yopougon, voici la date, une d\u00e9l\u00e9gation du PPA-CI \u00e9change avec les autorit\u00e9s municipales - C\u00f4te d&#039;Ivoire","isPartOf":{"@id":"https:\/\/www.africa-press.net\/cotedivoire\/#website"},"primaryImageOfPage":{"@id":"https:\/\/www.africa-press.net\/cotedivoire\/politique\/gbagbo-en-meeting-a-la-place-ficgayo-de-yopougon-voici-la-date-une-delegation-du-ppa-ci-echange-avec-les-autorites-municipales#primaryimage"},"image":{"@id":"https:\/\/www.africa-press.net\/cotedivoire\/politique\/gbagbo-en-meeting-a-la-place-ficgayo-de-yopougon-voici-la-date-une-delegation-du-ppa-ci-echange-avec-les-autorites-municipales#primaryimage"},"thumbnailUrl":"https:\/\/static.africa-press.net\/cote\/sites\/43\/2023\/01\/postQueueImg_1674918822.41.jpg","datePublished":"2023-01-28T18:43:13+00:00","dateModified":"2023-01-28T19:02:22+00:00","author":{"@id":"https:\/\/www.africa-press.net\/cotedivoire\/#\/schema\/person\/2b1cf3cd81a31e3cd26889ca66d677f1"},"description":"Les 31 mars 2023 et 1er avril 2023 sur les places Ficgayo et CP1, Parti des Peuples Africains - Co\u0302te d'Ivoire (PPA-CI) ...","breadcrumb":{"@id":"https:\/\/www.africa-press.net\/cotedivoire\/politique\/gbagbo-en-meeting-a-la-place-ficgayo-de-yopougon-voici-la-date-une-delegation-du-ppa-ci-echange-avec-les-autorites-municipales#breadcrumb"},"inLanguage":"fr-FR","potentialAction":[{"@type":"ReadAction","target":["https:\/\/www.africa-press.net\/cotedivoire\/politique\/gbagbo-en-meeting-a-la-place-ficgayo-de-yopougon-voici-la-date-une-delegation-du-ppa-ci-echange-avec-les-autorites-municipales"]}]},{"@type":"ImageObject","inLanguage":"fr-FR","@id":"https:\/\/www.africa-press.net\/cotedivoire\/politique\/gbagbo-en-meeting-a-la-place-ficgayo-de-yopougon-voici-la-date-une-delegation-du-ppa-ci-echange-avec-les-autorites-municipales#primaryimage","url":"https:\/\/static.africa-press.net\/cote\/sites\/43\/2023\/01\/postQueueImg_1674918822.41.jpg","contentUrl":"https:\/\/static.africa-press.net\/cote\/sites\/43\/2023\/01\/postQueueImg_1674918822.41.jpg","width":1280,"height":720,"caption":"Gbagbo en meeting \u00e0 la place Ficgayo de Yopougon, voici la date, une d\u00e9l\u00e9gation du PPA-CI \u00e9change avec les autorit\u00e9s municipales"},{"@type":"BreadcrumbList","@id":"https:\/\/www.africa-press.net\/cotedivoire\/politique\/gbagbo-en-meeting-a-la-place-ficgayo-de-yopougon-voici-la-date-une-delegation-du-ppa-ci-echange-avec-les-autorites-municipales#breadcrumb","itemListElement":[{"@type":"ListItem","position":1,"name":"Accueil","item":"https:\/\/www.africa-press.net\/cotedivoire\/"},{"@type":"ListItem","position":2,"name":"Gbagbo en meeting \u00e0 la place Ficgayo de Yopougon, voici la date, une d\u00e9l\u00e9gation du PPA-CI \u00e9change avec les autorit\u00e9s municipales"}]},{"@type":"WebSite","@id":"https:\/\/www.africa-press.net\/cotedivoire\/#website","url":"https:\/\/www.africa-press.net\/cotedivoire\/","name":"C\u00f4te d&#039;Ivoire","description":"Just another Africa News Agency Sites site","potentialAction":[{"@type":"SearchAction","target":{"@type":"EntryPoint","urlTemplate":"https:\/\/www.africa-press.net\/cotedivoire\/?s={search_term_string}"},"query-input":{"@type":"PropertyValueSpecification","valueRequired":true,"valueName":"search_term_string"}}],"inLanguage":"fr-FR"},{"@type":"Person","@id":"https:\/\/www.africa-press.net\/cotedivoire\/#\/schema\/person\/2b1cf3cd81a31e3cd26889ca66d677f1","name":"cfeditorfr"}]}},"_links":{"self":[{"href":"https:\/\/www.africa-press.net\/cotedivoire\/wp-json\/wp\/v2\/posts\/52310","targetHints":{"allow":["GET"]}}],"collection":[{"href":"https:\/\/www.africa-press.net\/cotedivoire\/wp-json\/wp\/v2\/posts"}],"about":[{"href":"https:\/\/www.africa-press.net\/cotedivoire\/wp-json\/wp\/v2\/types\/post"}],"author":[{"embeddable":true,"href":"https:\/\/www.africa-press.net\/cotedivoire\/wp-json\/wp\/v2\/users\/82"}],"replies":[{"embeddable":true,"href":"https:\/\/www.africa-press.net\/cotedivoire\/wp-json\/wp\/v2\/comments?post=52310"}],"version-history":[{"count":0,"href":"https:\/\/www.africa-press.net\/cotedivoire\/wp-json\/wp\/v2\/posts\/52310\/revisions"}],"wp:featuredmedia":[{"embeddable":true,"href":"https:\/\/www.africa-press.net\/cotedivoire\/wp-json\/wp\/v2\/media\/52309"}],"wp:attachment":[{"href":"https:\/\/www.africa-press.net\/cotedivoire\/wp-json\/wp\/v2\/media?parent=52310"}],"wp:term":[{"taxonomy":"category","embeddable":true,"href":"https:\/\/www.africa-press.net\/cotedivoire\/wp-json\/wp\/v2\/categories?post=52310"},{"taxonomy":"post_tag","embeddable":true,"href":"https:\/\/www.africa-press.net\/cotedivoire\/wp-json\/wp\/v2\/tags?post=52310"}],"curies":[{"name":"wp","href":"https:\/\/api.w.org\/{rel}","templated":true}]}}