{"id":52429,"date":"2023-01-31T17:47:01","date_gmt":"2023-01-31T17:47:01","guid":{"rendered":"https:\/\/www.africa-press.net\/cotedivoire\/politique\/moussa-sanogo-annonce-la-mise-en-place-dun-dispositif-devaluation-des-conseils-dadministration-des-entreprises-publiques"},"modified":"2023-01-31T18:57:58","modified_gmt":"2023-01-31T18:57:58","slug":"moussa-sanogo-annonce-la-mise-en-place-dun-dispositif-devaluation-des-conseils-dadministration-des-entreprises-publiques","status":"publish","type":"post","link":"https:\/\/www.africa-press.net\/cotedivoire\/economie\/moussa-sanogo-annonce-la-mise-en-place-dun-dispositif-devaluation-des-conseils-dadministration-des-entreprises-publiques","title":{"rendered":"Moussa Sanogo annonce la mise en place d&rsquo;un dispositif d&rsquo;\u00e9valuation des Conseils d&rsquo;Administration des entreprises publiques"},"content":{"rendered":"<p><span style=\"color: #ff6600\"><strong>Africa-Press &#8211; C\u00f4te d&rsquo;Ivoire. <\/strong><\/span>Un e\u0301change de v\u0153ux a eu lieu aujourd&rsquo;hui, entre Moussa Sanogo ministre du Budget et du portefeuille de l&rsquo;Etat et les Directions sous la tutelle de son de\u0301partement a eu lieu aujourd&rsquo;hui. Cette rencontre a e\u0301te\u0301 l&rsquo;occasion pour lui de faire le bilan des actions re\u0301alise\u0301es l&rsquo;anne\u0301e dernie\u0300re et de se projeter dans les de\u0301fis de la nouvelle anne\u0301e.<\/p>\n<p>Moussa Sanogo a invite\u0301, les Directeurs a\u0300 perse\u0301ve\u0301rer dans la solidarite\u0301 et a\u0300 saisir toutes occasions pour renforcer la cohe\u0301sion, la solidarite\u0301 et la bonne entente au sein du ministe\u0300re.<\/p>\n<p>Il a annonce\u0301 qu&rsquo;en matie\u0300re de gestion du portefeuille de l&rsquo;Etat, le ministe\u0300re proce\u0300dera a\u0300 la mise en place d&rsquo;un dispositif d&rsquo;e\u0301valuation des Conseils d&rsquo;Administration des entreprises publiques, le renforcement du dispositif de suivi de la dette des entreprises publiques et le renforcement des contro\u0302les the\u0301matiques et missions d&rsquo;audit afin d&rsquo;ame\u0301liorer la gestion des entreprises publiques.<\/p>\n<p>Au niveau de l&rsquo;administration douanie\u0300re, le ministre a pre\u0301cise\u0301 que les re\u0301formes seront axe\u0301es sur la revue du syste\u0300me informatique inte\u0301gre\u0301 de la Douane et la re\u0301habilitation des bureaux frontie\u0300res.<\/p>\n<p>\u00ab Quant a\u0300 l&rsquo;administration fiscale, elle devra finaliser les travaux d&rsquo;e\u0301largissement de la population fiscale par la mise en place d&rsquo;une solution de\u0301die\u0301e et ceux relatifs a\u0300 la rationalisation des syste\u0300mes fiscaux principalement avec la revue de la fiscalite\u0301<\/p>\n<p>foncie\u0300re \u00bb, a ajoute\u0301, le ministre.<\/p>\n<p>Moussa Sanogo a annonce\u0301, le lancement de deux projets importants en 2023, a\u0300 savoir la question du sie\u0300ge de la Direction du Contro\u0302le Financier (DCF) et le renforcement de la de\u0301mate\u0301rialisation des e\u0301changes entre les partenaires\/utilisateurs exte\u0301rieurs en douane (Consignataires, commissionnaires en douanes agre\u0301e\u0301s, acconiers) et l&rsquo;administration douanie\u0300re.<\/p>\n<p>Ces actions et toutes celles de\u0301ja\u0300 en cours au sein des administrations, comme l&rsquo;a indique\u0301, le ministre du Budget et du portefeuille de l&rsquo;Etat permettront de surmonter les obstacles qui se pre\u0301senteront sur le chemin du ministe\u0300re dans la volonte\u0301 de mobiliser suffisamment de ressources internes pour le financement du de\u0301veloppement de la Co\u0302te d&rsquo;Ivoire.<\/p>\n<p>Il a enfin engage\u0301 toutes les structures sous tutelle a\u0300 poursuivre leur travail avec abne\u0301gation et, dans un esprit<\/p>\n<p>d&rsquo;e\u0301quipe, a\u0300 relever ces de\u0301fis a\u0300 leur porte\u0301e.<\/p>\n<p>Au nom de leur porte-parole, le Ge\u0301ne\u0301ral Da Pierre Alphonse, Directeur ge\u0301ne\u0301ral des Douanes, les Directeurs ont re\u0301affirme\u0301 l&rsquo;engagement a\u0300 travailler pour relever ces importants de\u0301fis.<\/p>\n<p><strong>Pour plus d&rsquo;informations et d&rsquo;analyses sur la <a href=\"https:\/\/www.africa-press.net\/cotedivoire\">C\u00f4te d&rsquo;Ivoire<\/a>, suivez <a href=\"https:\/\/www.africa-press.net\/\">Africa-Press<\/a><\/strong><\/p>\n","protected":false},"excerpt":{"rendered":"<p>Africa-Press &#8211; C\u00f4te d&rsquo;Ivoire. Un e\u0301change de v\u0153ux a eu lieu aujourd&rsquo;hui, entre Moussa Sanogo ministre du Budget et du portefeuille de l&rsquo;Etat et les Directions sous la tutelle de son de\u0301partement a eu lieu aujourd&rsquo;hui. Cette rencontre a e\u0301te\u0301 l&rsquo;occasion pour lui de faire le bilan des actions re\u0301alise\u0301es l&rsquo;anne\u0301e dernie\u0300re et de se [&hellip;]<\/p>\n","protected":false},"author":82,"featured_media":52428,"comment_status":"open","ping_status":"closed","sticky":false,"template":"","format":"standard","meta":{"footnotes":""},"categories":[3,10],"tags":[56,63,29,1102],"class_list":["post-52429","post","type-post","status-publish","format-standard","has-post-thumbnail","hentry","category-economie","category-toutes-les-actualites","tag-africa-press","tag-africa-press-cote-divoire","tag-cote-divoire","tag-moussa-sanogo"],"yoast_head":"<!-- This site is optimized with the Yoast SEO Premium plugin v26.1 (Yoast SEO v27.0) - https:\/\/yoast.com\/product\/yoast-seo-premium-wordpress\/ -->\n<title>Moussa Sanogo annonce la mise en place d&#039;un dispositif d&#039;\u00e9valuation des Conseils d&#039;Administration des entreprises publiques - C\u00f4te d&#039;Ivoire<\/title>\n<meta name=\"description\" content=\"Un e\u0301change de v\u0153ux a eu lieu aujourd&#039;hui, entre Moussa Sanogo ministre du Budget et du portefeuille de l&#039;Etat et les Di ...\" \/>\n<meta name=\"robots\" content=\"index, follow, max-snippet:-1, max-image-preview:large, max-video-preview:-1\" \/>\n<link rel=\"canonical\" href=\"https:\/\/www.africa-press.net\/cotedivoire\/economie\/moussa-sanogo-annonce-la-mise-en-place-dun-dispositif-devaluation-des-conseils-dadministration-des-entreprises-publiques\" \/>\n<meta property=\"og:locale\" content=\"fr_FR\" \/>\n<meta property=\"og:type\" content=\"article\" \/>\n<meta property=\"og:title\" content=\"Moussa Sanogo annonce la mise en place d&#039;un dispositif d&#039;\u00e9valuation des Conseils d&#039;Administration des entreprises publiques\" \/>\n<meta property=\"og:description\" content=\"Un e\u0301change de v\u0153ux a eu lieu aujourd&#039;hui, entre Moussa Sanogo ministre du Budget et du portefeuille de l&#039;Etat et les Di ...\" \/>\n<meta property=\"og:url\" content=\"https:\/\/www.africa-press.net\/cotedivoire\/economie\/moussa-sanogo-annonce-la-mise-en-place-dun-dispositif-devaluation-des-conseils-dadministration-des-entreprises-publiques\" \/>\n<meta property=\"og:site_name\" content=\"C\u00f4te d&#039;Ivoire\" \/>\n<meta property=\"article:published_time\" content=\"2023-01-31T17:47:01+00:00\" \/>\n<meta property=\"article:modified_time\" content=\"2023-01-31T18:57:58+00:00\" \/>\n<meta property=\"og:image\" content=\"https:\/\/static.africa-press.net\/cote\/sites\/43\/2023\/01\/postQueueImg_1675174631.80.jpg\" \/>\n\t<meta property=\"og:image:width\" content=\"720\" \/>\n\t<meta property=\"og:image:height\" content=\"480\" \/>\n\t<meta property=\"og:image:type\" content=\"image\/jpeg\" \/>\n<meta name=\"author\" content=\"cfeditorfr\" \/>\n<meta name=\"twitter:card\" content=\"summary_large_image\" \/>\n<meta name=\"twitter:label1\" content=\"\u00c9crit par\" \/>\n\t<meta name=\"twitter:data1\" content=\"cfeditorfr\" \/>\n\t<meta name=\"twitter:label2\" content=\"Dur\u00e9e de lecture estim\u00e9e\" \/>\n\t<meta name=\"twitter:data2\" content=\"2 minutes\" \/>\n<script type=\"application\/ld+json\" class=\"yoast-schema-graph\">{\"@context\":\"https:\/\/schema.org\",\"@graph\":[{\"@type\":\"Article\",\"@id\":\"https:\/\/www.africa-press.net\/cotedivoire\/economie\/moussa-sanogo-annonce-la-mise-en-place-dun-dispositif-devaluation-des-conseils-dadministration-des-entreprises-publiques#article\",\"isPartOf\":{\"@id\":\"https:\/\/www.africa-press.net\/cotedivoire\/economie\/moussa-sanogo-annonce-la-mise-en-place-dun-dispositif-devaluation-des-conseils-dadministration-des-entreprises-publiques\"},\"author\":{\"name\":\"cfeditorfr\",\"@id\":\"https:\/\/www.africa-press.net\/cotedivoire\/#\/schema\/person\/2b1cf3cd81a31e3cd26889ca66d677f1\"},\"headline\":\"Moussa Sanogo annonce la mise en place d&rsquo;un dispositif d&rsquo;\u00e9valuation des Conseils d&rsquo;Administration des entreprises publiques\",\"datePublished\":\"2023-01-31T17:47:01+00:00\",\"dateModified\":\"2023-01-31T18:57:58+00:00\",\"mainEntityOfPage\":{\"@id\":\"https:\/\/www.africa-press.net\/cotedivoire\/economie\/moussa-sanogo-annonce-la-mise-en-place-dun-dispositif-devaluation-des-conseils-dadministration-des-entreprises-publiques\"},\"wordCount\":494,\"commentCount\":0,\"image\":{\"@id\":\"https:\/\/www.africa-press.net\/cotedivoire\/economie\/moussa-sanogo-annonce-la-mise-en-place-dun-dispositif-devaluation-des-conseils-dadministration-des-entreprises-publiques#primaryimage\"},\"thumbnailUrl\":\"https:\/\/static.africa-press.net\/cote\/sites\/43\/2023\/01\/postQueueImg_1675174631.80.jpg\",\"keywords\":[\"Africa Press\",\"Africa Press-C\u00f4te d'Ivoire\",\"C\u00d4TE D'IVOIRE\",\"Moussa Sanogo\"],\"articleSection\":[\"\u00c9conomie\",\"Toutes les actualit\u00e9s\"],\"inLanguage\":\"fr-FR\",\"potentialAction\":[{\"@type\":\"CommentAction\",\"name\":\"Comment\",\"target\":[\"https:\/\/www.africa-press.net\/cotedivoire\/economie\/moussa-sanogo-annonce-la-mise-en-place-dun-dispositif-devaluation-des-conseils-dadministration-des-entreprises-publiques#respond\"]}]},{\"@type\":\"WebPage\",\"@id\":\"https:\/\/www.africa-press.net\/cotedivoire\/economie\/moussa-sanogo-annonce-la-mise-en-place-dun-dispositif-devaluation-des-conseils-dadministration-des-entreprises-publiques\",\"url\":\"https:\/\/www.africa-press.net\/cotedivoire\/economie\/moussa-sanogo-annonce-la-mise-en-place-dun-dispositif-devaluation-des-conseils-dadministration-des-entreprises-publiques\",\"name\":\"Moussa Sanogo annonce la mise en place d'un dispositif d'\u00e9valuation des Conseils d'Administration des entreprises publiques - C\u00f4te d&#039;Ivoire\",\"isPartOf\":{\"@id\":\"https:\/\/www.africa-press.net\/cotedivoire\/#website\"},\"primaryImageOfPage\":{\"@id\":\"https:\/\/www.africa-press.net\/cotedivoire\/economie\/moussa-sanogo-annonce-la-mise-en-place-dun-dispositif-devaluation-des-conseils-dadministration-des-entreprises-publiques#primaryimage\"},\"image\":{\"@id\":\"https:\/\/www.africa-press.net\/cotedivoire\/economie\/moussa-sanogo-annonce-la-mise-en-place-dun-dispositif-devaluation-des-conseils-dadministration-des-entreprises-publiques#primaryimage\"},\"thumbnailUrl\":\"https:\/\/static.africa-press.net\/cote\/sites\/43\/2023\/01\/postQueueImg_1675174631.80.jpg\",\"datePublished\":\"2023-01-31T17:47:01+00:00\",\"dateModified\":\"2023-01-31T18:57:58+00:00\",\"author\":{\"@id\":\"https:\/\/www.africa-press.net\/cotedivoire\/#\/schema\/person\/2b1cf3cd81a31e3cd26889ca66d677f1\"},\"description\":\"Un e\u0301change de v\u0153ux a eu lieu aujourd'hui, entre Moussa Sanogo ministre du Budget et du portefeuille de l'Etat et les Di ...\",\"breadcrumb\":{\"@id\":\"https:\/\/www.africa-press.net\/cotedivoire\/economie\/moussa-sanogo-annonce-la-mise-en-place-dun-dispositif-devaluation-des-conseils-dadministration-des-entreprises-publiques#breadcrumb\"},\"inLanguage\":\"fr-FR\",\"potentialAction\":[{\"@type\":\"ReadAction\",\"target\":[\"https:\/\/www.africa-press.net\/cotedivoire\/economie\/moussa-sanogo-annonce-la-mise-en-place-dun-dispositif-devaluation-des-conseils-dadministration-des-entreprises-publiques\"]}]},{\"@type\":\"ImageObject\",\"inLanguage\":\"fr-FR\",\"@id\":\"https:\/\/www.africa-press.net\/cotedivoire\/economie\/moussa-sanogo-annonce-la-mise-en-place-dun-dispositif-devaluation-des-conseils-dadministration-des-entreprises-publiques#primaryimage\",\"url\":\"https:\/\/static.africa-press.net\/cote\/sites\/43\/2023\/01\/postQueueImg_1675174631.80.jpg\",\"contentUrl\":\"https:\/\/static.africa-press.net\/cote\/sites\/43\/2023\/01\/postQueueImg_1675174631.80.jpg\",\"width\":720,\"height\":480,\"caption\":\"Moussa Sanogo annonce la mise en place d'un dispositif d'\u00e9valuation des Conseils d'Administration des entreprises publiques\"},{\"@type\":\"BreadcrumbList\",\"@id\":\"https:\/\/www.africa-press.net\/cotedivoire\/economie\/moussa-sanogo-annonce-la-mise-en-place-dun-dispositif-devaluation-des-conseils-dadministration-des-entreprises-publiques#breadcrumb\",\"itemListElement\":[{\"@type\":\"ListItem\",\"position\":1,\"name\":\"Accueil\",\"item\":\"https:\/\/www.africa-press.net\/cotedivoire\/\"},{\"@type\":\"ListItem\",\"position\":2,\"name\":\"Moussa Sanogo annonce la mise en place d&#8217;un dispositif d&#8217;\u00e9valuation des Conseils d&#8217;Administration des entreprises publiques\"}]},{\"@type\":\"WebSite\",\"@id\":\"https:\/\/www.africa-press.net\/cotedivoire\/#website\",\"url\":\"https:\/\/www.africa-press.net\/cotedivoire\/\",\"name\":\"C\u00f4te d&#039;Ivoire\",\"description\":\"Just another Africa News Agency Sites site\",\"potentialAction\":[{\"@type\":\"SearchAction\",\"target\":{\"@type\":\"EntryPoint\",\"urlTemplate\":\"https:\/\/www.africa-press.net\/cotedivoire\/?s={search_term_string}\"},\"query-input\":{\"@type\":\"PropertyValueSpecification\",\"valueRequired\":true,\"valueName\":\"search_term_string\"}}],\"inLanguage\":\"fr-FR\"},{\"@type\":\"Person\",\"@id\":\"https:\/\/www.africa-press.net\/cotedivoire\/#\/schema\/person\/2b1cf3cd81a31e3cd26889ca66d677f1\",\"name\":\"cfeditorfr\"}]}<\/script>\n<!-- \/ Yoast SEO Premium plugin. -->","yoast_head_json":{"title":"Moussa Sanogo annonce la mise en place d'un dispositif d'\u00e9valuation des Conseils d'Administration des entreprises publiques - C\u00f4te d&#039;Ivoire","description":"Un e\u0301change de v\u0153ux a eu lieu aujourd'hui, entre Moussa Sanogo ministre du Budget et du portefeuille de l'Etat et les Di ...","robots":{"index":"index","follow":"follow","max-snippet":"max-snippet:-1","max-image-preview":"max-image-preview:large","max-video-preview":"max-video-preview:-1"},"canonical":"https:\/\/www.africa-press.net\/cotedivoire\/economie\/moussa-sanogo-annonce-la-mise-en-place-dun-dispositif-devaluation-des-conseils-dadministration-des-entreprises-publiques","og_locale":"fr_FR","og_type":"article","og_title":"Moussa Sanogo annonce la mise en place d'un dispositif d'\u00e9valuation des Conseils d'Administration des entreprises publiques","og_description":"Un e\u0301change de v\u0153ux a eu lieu aujourd'hui, entre Moussa Sanogo ministre du Budget et du portefeuille de l'Etat et les Di ...","og_url":"https:\/\/www.africa-press.net\/cotedivoire\/economie\/moussa-sanogo-annonce-la-mise-en-place-dun-dispositif-devaluation-des-conseils-dadministration-des-entreprises-publiques","og_site_name":"C\u00f4te d&#039;Ivoire","article_published_time":"2023-01-31T17:47:01+00:00","article_modified_time":"2023-01-31T18:57:58+00:00","og_image":[{"width":720,"height":480,"url":"https:\/\/static.africa-press.net\/cote\/sites\/43\/2023\/01\/postQueueImg_1675174631.80.jpg","type":"image\/jpeg"}],"author":"cfeditorfr","twitter_card":"summary_large_image","twitter_misc":{"\u00c9crit par":"cfeditorfr","Dur\u00e9e de lecture estim\u00e9e":"2 minutes"},"schema":{"@context":"https:\/\/schema.org","@graph":[{"@type":"Article","@id":"https:\/\/www.africa-press.net\/cotedivoire\/economie\/moussa-sanogo-annonce-la-mise-en-place-dun-dispositif-devaluation-des-conseils-dadministration-des-entreprises-publiques#article","isPartOf":{"@id":"https:\/\/www.africa-press.net\/cotedivoire\/economie\/moussa-sanogo-annonce-la-mise-en-place-dun-dispositif-devaluation-des-conseils-dadministration-des-entreprises-publiques"},"author":{"name":"cfeditorfr","@id":"https:\/\/www.africa-press.net\/cotedivoire\/#\/schema\/person\/2b1cf3cd81a31e3cd26889ca66d677f1"},"headline":"Moussa Sanogo annonce la mise en place d&rsquo;un dispositif d&rsquo;\u00e9valuation des Conseils d&rsquo;Administration des entreprises publiques","datePublished":"2023-01-31T17:47:01+00:00","dateModified":"2023-01-31T18:57:58+00:00","mainEntityOfPage":{"@id":"https:\/\/www.africa-press.net\/cotedivoire\/economie\/moussa-sanogo-annonce-la-mise-en-place-dun-dispositif-devaluation-des-conseils-dadministration-des-entreprises-publiques"},"wordCount":494,"commentCount":0,"image":{"@id":"https:\/\/www.africa-press.net\/cotedivoire\/economie\/moussa-sanogo-annonce-la-mise-en-place-dun-dispositif-devaluation-des-conseils-dadministration-des-entreprises-publiques#primaryimage"},"thumbnailUrl":"https:\/\/static.africa-press.net\/cote\/sites\/43\/2023\/01\/postQueueImg_1675174631.80.jpg","keywords":["Africa Press","Africa Press-C\u00f4te d'Ivoire","C\u00d4TE D'IVOIRE","Moussa Sanogo"],"articleSection":["\u00c9conomie","Toutes les actualit\u00e9s"],"inLanguage":"fr-FR","potentialAction":[{"@type":"CommentAction","name":"Comment","target":["https:\/\/www.africa-press.net\/cotedivoire\/economie\/moussa-sanogo-annonce-la-mise-en-place-dun-dispositif-devaluation-des-conseils-dadministration-des-entreprises-publiques#respond"]}]},{"@type":"WebPage","@id":"https:\/\/www.africa-press.net\/cotedivoire\/economie\/moussa-sanogo-annonce-la-mise-en-place-dun-dispositif-devaluation-des-conseils-dadministration-des-entreprises-publiques","url":"https:\/\/www.africa-press.net\/cotedivoire\/economie\/moussa-sanogo-annonce-la-mise-en-place-dun-dispositif-devaluation-des-conseils-dadministration-des-entreprises-publiques","name":"Moussa Sanogo annonce la mise en place d'un dispositif d'\u00e9valuation des Conseils d'Administration des entreprises publiques - C\u00f4te d&#039;Ivoire","isPartOf":{"@id":"https:\/\/www.africa-press.net\/cotedivoire\/#website"},"primaryImageOfPage":{"@id":"https:\/\/www.africa-press.net\/cotedivoire\/economie\/moussa-sanogo-annonce-la-mise-en-place-dun-dispositif-devaluation-des-conseils-dadministration-des-entreprises-publiques#primaryimage"},"image":{"@id":"https:\/\/www.africa-press.net\/cotedivoire\/economie\/moussa-sanogo-annonce-la-mise-en-place-dun-dispositif-devaluation-des-conseils-dadministration-des-entreprises-publiques#primaryimage"},"thumbnailUrl":"https:\/\/static.africa-press.net\/cote\/sites\/43\/2023\/01\/postQueueImg_1675174631.80.jpg","datePublished":"2023-01-31T17:47:01+00:00","dateModified":"2023-01-31T18:57:58+00:00","author":{"@id":"https:\/\/www.africa-press.net\/cotedivoire\/#\/schema\/person\/2b1cf3cd81a31e3cd26889ca66d677f1"},"description":"Un e\u0301change de v\u0153ux a eu lieu aujourd'hui, entre Moussa Sanogo ministre du Budget et du portefeuille de l'Etat et les Di ...","breadcrumb":{"@id":"https:\/\/www.africa-press.net\/cotedivoire\/economie\/moussa-sanogo-annonce-la-mise-en-place-dun-dispositif-devaluation-des-conseils-dadministration-des-entreprises-publiques#breadcrumb"},"inLanguage":"fr-FR","potentialAction":[{"@type":"ReadAction","target":["https:\/\/www.africa-press.net\/cotedivoire\/economie\/moussa-sanogo-annonce-la-mise-en-place-dun-dispositif-devaluation-des-conseils-dadministration-des-entreprises-publiques"]}]},{"@type":"ImageObject","inLanguage":"fr-FR","@id":"https:\/\/www.africa-press.net\/cotedivoire\/economie\/moussa-sanogo-annonce-la-mise-en-place-dun-dispositif-devaluation-des-conseils-dadministration-des-entreprises-publiques#primaryimage","url":"https:\/\/static.africa-press.net\/cote\/sites\/43\/2023\/01\/postQueueImg_1675174631.80.jpg","contentUrl":"https:\/\/static.africa-press.net\/cote\/sites\/43\/2023\/01\/postQueueImg_1675174631.80.jpg","width":720,"height":480,"caption":"Moussa Sanogo annonce la mise en place d'un dispositif d'\u00e9valuation des Conseils d'Administration des entreprises publiques"},{"@type":"BreadcrumbList","@id":"https:\/\/www.africa-press.net\/cotedivoire\/economie\/moussa-sanogo-annonce-la-mise-en-place-dun-dispositif-devaluation-des-conseils-dadministration-des-entreprises-publiques#breadcrumb","itemListElement":[{"@type":"ListItem","position":1,"name":"Accueil","item":"https:\/\/www.africa-press.net\/cotedivoire\/"},{"@type":"ListItem","position":2,"name":"Moussa Sanogo annonce la mise en place d&#8217;un dispositif d&#8217;\u00e9valuation des Conseils d&#8217;Administration des entreprises publiques"}]},{"@type":"WebSite","@id":"https:\/\/www.africa-press.net\/cotedivoire\/#website","url":"https:\/\/www.africa-press.net\/cotedivoire\/","name":"C\u00f4te d&#039;Ivoire","description":"Just another Africa News Agency Sites site","potentialAction":[{"@type":"SearchAction","target":{"@type":"EntryPoint","urlTemplate":"https:\/\/www.africa-press.net\/cotedivoire\/?s={search_term_string}"},"query-input":{"@type":"PropertyValueSpecification","valueRequired":true,"valueName":"search_term_string"}}],"inLanguage":"fr-FR"},{"@type":"Person","@id":"https:\/\/www.africa-press.net\/cotedivoire\/#\/schema\/person\/2b1cf3cd81a31e3cd26889ca66d677f1","name":"cfeditorfr"}]}},"_links":{"self":[{"href":"https:\/\/www.africa-press.net\/cotedivoire\/wp-json\/wp\/v2\/posts\/52429","targetHints":{"allow":["GET"]}}],"collection":[{"href":"https:\/\/www.africa-press.net\/cotedivoire\/wp-json\/wp\/v2\/posts"}],"about":[{"href":"https:\/\/www.africa-press.net\/cotedivoire\/wp-json\/wp\/v2\/types\/post"}],"author":[{"embeddable":true,"href":"https:\/\/www.africa-press.net\/cotedivoire\/wp-json\/wp\/v2\/users\/82"}],"replies":[{"embeddable":true,"href":"https:\/\/www.africa-press.net\/cotedivoire\/wp-json\/wp\/v2\/comments?post=52429"}],"version-history":[{"count":0,"href":"https:\/\/www.africa-press.net\/cotedivoire\/wp-json\/wp\/v2\/posts\/52429\/revisions"}],"wp:featuredmedia":[{"embeddable":true,"href":"https:\/\/www.africa-press.net\/cotedivoire\/wp-json\/wp\/v2\/media\/52428"}],"wp:attachment":[{"href":"https:\/\/www.africa-press.net\/cotedivoire\/wp-json\/wp\/v2\/media?parent=52429"}],"wp:term":[{"taxonomy":"category","embeddable":true,"href":"https:\/\/www.africa-press.net\/cotedivoire\/wp-json\/wp\/v2\/categories?post=52429"},{"taxonomy":"post_tag","embeddable":true,"href":"https:\/\/www.africa-press.net\/cotedivoire\/wp-json\/wp\/v2\/tags?post=52429"}],"curies":[{"name":"wp","href":"https:\/\/api.w.org\/{rel}","templated":true}]}}