{"id":52447,"date":"2023-01-31T17:49:31","date_gmt":"2023-01-31T17:49:31","guid":{"rendered":"https:\/\/www.africa-press.net\/cotedivoire\/politique\/la-cooperation-militaire-entre-la-cote-divoire-et-la-france-continuera-de-se-renforcer-pour-faire-face-a-toute-agression-armee-assure-le-colonel-patrick-vaglio"},"modified":"2023-01-31T19:02:53","modified_gmt":"2023-01-31T19:02:53","slug":"la-cooperation-militaire-entre-la-cote-divoire-et-la-france-continuera-de-se-renforcer-pour-faire-face-a-toute-agression-armee-assure-le-colonel-patrick-vaglio","status":"publish","type":"post","link":"https:\/\/www.africa-press.net\/cotedivoire\/politique\/la-cooperation-militaire-entre-la-cote-divoire-et-la-france-continuera-de-se-renforcer-pour-faire-face-a-toute-agression-armee-assure-le-colonel-patrick-vaglio","title":{"rendered":"La coop\u00e9ration militaire entre la C\u00f4te d&rsquo;Ivoire et la France continuera de se renforcer pour faire face \u00e0 toute agression arm\u00e9e, assure le colonel Patrick Vaglio"},"content":{"rendered":"<p><span style=\"color: #ff6600\"><strong>Africa-Press &#8211; C\u00f4te d&rsquo;Ivoire. <\/strong><\/span>La coope\u0301ration militaire entre la Co\u0302te d\u2019Ivoire et la France enregistre de nombreux acquis, rele\u0300ve une note de l\u2019attache\u0301 de De\u0301fense pre\u0300s de l\u2019Ambassade de France a\u0300 Abidjan, le colonel Patrick Vaglio relaye\u0301 dans un me\u0301dia d\u2019Etat ivoirien.<\/p>\n<p>Selon le document consulte\u0301 ce mardi 31 janvier 2023 par KOACI, nous apprenons que, la coope\u0301ration entre les Forces Franc\u0327aises et ivoiriennes continuera de se renforcer pour faire face a\u0300 toute agression arme\u0301e.<\/p>\n<p>Selon ce dernier, les acquis entre les deux arme\u0301es se de\u0301clinent en renforcement des capacite\u0301s ope\u0301rationnelles, fourniture d\u2019e\u0301quipements ainsi que le partage d\u2019informations se\u0301curitaires.<\/p>\n<p>Pour la seule anne\u0301e 2022, ce sont un peu plus de 3.500 militaires ivoiriens qui ont pu revisiter ou mettre a\u0300 jour leurs savoir-faire aupre\u0300s de leurs homologues franc\u0327ais dans le cadre d\u2019un partenariat militaire ope\u0301rationnel pendant 106 entrai\u0302nements et se\u0301ances conjoints dans des domaines aussi pointus que la conduite d\u2019ope\u0301ration, le sauvetage au combat, la lutte contre les engins explosifs, mais aussi la formation d\u2019instructeurs spe\u0301cialise\u0301s au profit d\u2019une grande partie des unite\u0301s des Forces arme\u0301es de Co\u0302te d\u2019Ivoire (FACI), note-t-on.<\/p>\n<p>\u00ab La France a e\u0301galement contribue\u0301 a\u0300 renforcer les dispositions des FACI a\u0300 travers plus de 1,5 milliard de dons en mate\u0301riels et e\u0301quipements divers quand 243 militaires ivoiriens ont e\u0301te\u0301 admis dans des e\u0301coles nationales a\u0300 vocation re\u0301gionales d\u2019inspiration franc\u0327aise ou en France pour une quarantaine d\u2019entre eux \u00bb, a souligne\u0301 l\u2019attache\u0301 de De\u0301fense franc\u0327ais.<\/p>\n<p>Au final, la coope\u0301ration militaire entre la Co\u0302te d\u2019Ivoire et la France ne cesse de s\u2019ame\u0301liorer et de s\u2019adapter aux de\u0301fis se\u0301curitaires auxquels la Co\u0302te d\u2019Ivoire doit faire face avec un seul but : permettre aux FACI de re\u0301pondre de manie\u0300re autonome et efficace a\u0300 ces de\u0301fis, conclu le document.<\/p>\n<p>Cre\u0301e\u0301es en janvier 2015, les Forces Franc\u0327aises en Co\u0302te d&rsquo;Ivoire s&rsquo;inscrivent dans la continuite\u0301 du partenariat de de\u0301fense entre la France et la Co\u0302te d&rsquo;Ivoire.<\/p>\n<p><strong>Pour plus d&rsquo;informations et d&rsquo;analyses sur la <a href=\"https:\/\/www.africa-press.net\/cotedivoire\">C\u00f4te d&rsquo;Ivoire<\/a>, suivez <a href=\"https:\/\/www.africa-press.net\/\">Africa-Press<\/a><\/strong><\/p>\n","protected":false},"excerpt":{"rendered":"<p>Africa-Press &#8211; C\u00f4te d&rsquo;Ivoire. La coope\u0301ration militaire entre la Co\u0302te d\u2019Ivoire et la France enregistre de nombreux acquis, rele\u0300ve une note de l\u2019attache\u0301 de De\u0301fense pre\u0300s de l\u2019Ambassade de France a\u0300 Abidjan, le colonel Patrick Vaglio relaye\u0301 dans un me\u0301dia d\u2019Etat ivoirien. Selon le document consulte\u0301 ce mardi 31 janvier 2023 par KOACI, nous apprenons [&hellip;]<\/p>\n","protected":false},"author":82,"featured_media":52445,"comment_status":"open","ping_status":"closed","sticky":false,"template":"","format":"standard","meta":{"footnotes":""},"categories":[2,20,10],"tags":[56,63,1888,164,3042,29,3085,6014,2278,8938],"class_list":["post-52447","post","type-post","status-publish","format-standard","has-post-thumbnail","hentry","category-politique","category-top-nouvelles","category-toutes-les-actualites","tag-africa-press","tag-africa-press-cote-divoire","tag-agression","tag-armee","tag-cooperation","tag-cote-divoire","tag-forces","tag-francaises","tag-ivoiriennes","tag-patrick-vaglio"],"yoast_head":"<!-- This site is optimized with the Yoast SEO Premium plugin v26.1 (Yoast SEO v27.0) - https:\/\/yoast.com\/product\/yoast-seo-premium-wordpress\/ -->\n<title>La coop\u00e9ration militaire entre la C\u00f4te d&#039;Ivoire et la France continuera de se renforcer pour faire face \u00e0 toute agression arm\u00e9e, assure le colonel Patrick Vaglio - C\u00f4te d&#039;Ivoire<\/title>\n<meta name=\"description\" content=\"La coope\u0301ration militaire entre la Co\u0302te d\u2019Ivoire et la France enregistre de nombreux acquis, rele\u0300ve une note de l\u2019atta ...\" \/>\n<meta name=\"robots\" content=\"index, follow, max-snippet:-1, max-image-preview:large, max-video-preview:-1\" \/>\n<link rel=\"canonical\" href=\"https:\/\/www.africa-press.net\/cotedivoire\/politique\/la-cooperation-militaire-entre-la-cote-divoire-et-la-france-continuera-de-se-renforcer-pour-faire-face-a-toute-agression-armee-assure-le-colonel-patrick-vaglio\" \/>\n<meta property=\"og:locale\" content=\"fr_FR\" \/>\n<meta property=\"og:type\" content=\"article\" \/>\n<meta property=\"og:title\" content=\"La coop\u00e9ration militaire entre la C\u00f4te d&#039;Ivoire et la France continuera de se renforcer pour faire face \u00e0 toute agression arm\u00e9e, assure le colonel Patrick Vaglio\" \/>\n<meta property=\"og:description\" content=\"La coope\u0301ration militaire entre la Co\u0302te d\u2019Ivoire et la France enregistre de nombreux acquis, rele\u0300ve une note de l\u2019atta ...\" \/>\n<meta property=\"og:url\" content=\"https:\/\/www.africa-press.net\/cotedivoire\/politique\/la-cooperation-militaire-entre-la-cote-divoire-et-la-france-continuera-de-se-renforcer-pour-faire-face-a-toute-agression-armee-assure-le-colonel-patrick-vaglio\" \/>\n<meta property=\"og:site_name\" content=\"C\u00f4te d&#039;Ivoire\" \/>\n<meta property=\"article:published_time\" content=\"2023-01-31T17:49:31+00:00\" \/>\n<meta property=\"article:modified_time\" content=\"2023-01-31T19:02:53+00:00\" \/>\n<meta property=\"og:image\" content=\"https:\/\/static.africa-press.net\/cote\/sites\/43\/2023\/01\/postQueueImg_1675174785.52.jpg\" \/>\n\t<meta property=\"og:image:width\" content=\"720\" \/>\n\t<meta property=\"og:image:height\" content=\"481\" \/>\n\t<meta property=\"og:image:type\" content=\"image\/jpeg\" \/>\n<meta name=\"author\" content=\"cfeditorfr\" \/>\n<meta name=\"twitter:card\" content=\"summary_large_image\" \/>\n<meta name=\"twitter:label1\" content=\"\u00c9crit par\" \/>\n\t<meta name=\"twitter:data1\" content=\"cfeditorfr\" \/>\n\t<meta name=\"twitter:label2\" content=\"Dur\u00e9e de lecture estim\u00e9e\" \/>\n\t<meta name=\"twitter:data2\" content=\"2 minutes\" \/>\n<script type=\"application\/ld+json\" class=\"yoast-schema-graph\">{\"@context\":\"https:\/\/schema.org\",\"@graph\":[{\"@type\":\"Article\",\"@id\":\"https:\/\/www.africa-press.net\/cotedivoire\/politique\/la-cooperation-militaire-entre-la-cote-divoire-et-la-france-continuera-de-se-renforcer-pour-faire-face-a-toute-agression-armee-assure-le-colonel-patrick-vaglio#article\",\"isPartOf\":{\"@id\":\"https:\/\/www.africa-press.net\/cotedivoire\/politique\/la-cooperation-militaire-entre-la-cote-divoire-et-la-france-continuera-de-se-renforcer-pour-faire-face-a-toute-agression-armee-assure-le-colonel-patrick-vaglio\"},\"author\":{\"name\":\"cfeditorfr\",\"@id\":\"https:\/\/www.africa-press.net\/cotedivoire\/#\/schema\/person\/2b1cf3cd81a31e3cd26889ca66d677f1\"},\"headline\":\"La coop\u00e9ration militaire entre la C\u00f4te d&rsquo;Ivoire et la France continuera de se renforcer pour faire face \u00e0 toute agression arm\u00e9e, assure le colonel Patrick Vaglio\",\"datePublished\":\"2023-01-31T17:49:31+00:00\",\"dateModified\":\"2023-01-31T19:02:53+00:00\",\"mainEntityOfPage\":{\"@id\":\"https:\/\/www.africa-press.net\/cotedivoire\/politique\/la-cooperation-militaire-entre-la-cote-divoire-et-la-france-continuera-de-se-renforcer-pour-faire-face-a-toute-agression-armee-assure-le-colonel-patrick-vaglio\"},\"wordCount\":419,\"commentCount\":0,\"image\":{\"@id\":\"https:\/\/www.africa-press.net\/cotedivoire\/politique\/la-cooperation-militaire-entre-la-cote-divoire-et-la-france-continuera-de-se-renforcer-pour-faire-face-a-toute-agression-armee-assure-le-colonel-patrick-vaglio#primaryimage\"},\"thumbnailUrl\":\"https:\/\/static.africa-press.net\/cote\/sites\/43\/2023\/01\/postQueueImg_1675174785.52.jpg\",\"keywords\":[\"Africa Press\",\"Africa Press-C\u00f4te d'Ivoire\",\"agression\",\"Arm\u00e9e\",\"Coop\u00e9ration\",\"C\u00d4TE D'IVOIRE\",\"forces\",\"Fran\u00e7aises\",\"ivoiriennes\",\"Patrick Vaglio\"],\"articleSection\":[\"Politique\",\"Top Nouvelles\",\"Toutes les actualit\u00e9s\"],\"inLanguage\":\"fr-FR\",\"potentialAction\":[{\"@type\":\"CommentAction\",\"name\":\"Comment\",\"target\":[\"https:\/\/www.africa-press.net\/cotedivoire\/politique\/la-cooperation-militaire-entre-la-cote-divoire-et-la-france-continuera-de-se-renforcer-pour-faire-face-a-toute-agression-armee-assure-le-colonel-patrick-vaglio#respond\"]}]},{\"@type\":\"WebPage\",\"@id\":\"https:\/\/www.africa-press.net\/cotedivoire\/politique\/la-cooperation-militaire-entre-la-cote-divoire-et-la-france-continuera-de-se-renforcer-pour-faire-face-a-toute-agression-armee-assure-le-colonel-patrick-vaglio\",\"url\":\"https:\/\/www.africa-press.net\/cotedivoire\/politique\/la-cooperation-militaire-entre-la-cote-divoire-et-la-france-continuera-de-se-renforcer-pour-faire-face-a-toute-agression-armee-assure-le-colonel-patrick-vaglio\",\"name\":\"La coop\u00e9ration militaire entre la C\u00f4te d'Ivoire et la France continuera de se renforcer pour faire face \u00e0 toute agression arm\u00e9e, assure le colonel Patrick Vaglio - C\u00f4te d&#039;Ivoire\",\"isPartOf\":{\"@id\":\"https:\/\/www.africa-press.net\/cotedivoire\/#website\"},\"primaryImageOfPage\":{\"@id\":\"https:\/\/www.africa-press.net\/cotedivoire\/politique\/la-cooperation-militaire-entre-la-cote-divoire-et-la-france-continuera-de-se-renforcer-pour-faire-face-a-toute-agression-armee-assure-le-colonel-patrick-vaglio#primaryimage\"},\"image\":{\"@id\":\"https:\/\/www.africa-press.net\/cotedivoire\/politique\/la-cooperation-militaire-entre-la-cote-divoire-et-la-france-continuera-de-se-renforcer-pour-faire-face-a-toute-agression-armee-assure-le-colonel-patrick-vaglio#primaryimage\"},\"thumbnailUrl\":\"https:\/\/static.africa-press.net\/cote\/sites\/43\/2023\/01\/postQueueImg_1675174785.52.jpg\",\"datePublished\":\"2023-01-31T17:49:31+00:00\",\"dateModified\":\"2023-01-31T19:02:53+00:00\",\"author\":{\"@id\":\"https:\/\/www.africa-press.net\/cotedivoire\/#\/schema\/person\/2b1cf3cd81a31e3cd26889ca66d677f1\"},\"description\":\"La coope\u0301ration militaire entre la Co\u0302te d\u2019Ivoire et la France enregistre de nombreux acquis, rele\u0300ve une note de l\u2019atta ...\",\"breadcrumb\":{\"@id\":\"https:\/\/www.africa-press.net\/cotedivoire\/politique\/la-cooperation-militaire-entre-la-cote-divoire-et-la-france-continuera-de-se-renforcer-pour-faire-face-a-toute-agression-armee-assure-le-colonel-patrick-vaglio#breadcrumb\"},\"inLanguage\":\"fr-FR\",\"potentialAction\":[{\"@type\":\"ReadAction\",\"target\":[\"https:\/\/www.africa-press.net\/cotedivoire\/politique\/la-cooperation-militaire-entre-la-cote-divoire-et-la-france-continuera-de-se-renforcer-pour-faire-face-a-toute-agression-armee-assure-le-colonel-patrick-vaglio\"]}]},{\"@type\":\"ImageObject\",\"inLanguage\":\"fr-FR\",\"@id\":\"https:\/\/www.africa-press.net\/cotedivoire\/politique\/la-cooperation-militaire-entre-la-cote-divoire-et-la-france-continuera-de-se-renforcer-pour-faire-face-a-toute-agression-armee-assure-le-colonel-patrick-vaglio#primaryimage\",\"url\":\"https:\/\/static.africa-press.net\/cote\/sites\/43\/2023\/01\/postQueueImg_1675174785.52.jpg\",\"contentUrl\":\"https:\/\/static.africa-press.net\/cote\/sites\/43\/2023\/01\/postQueueImg_1675174785.52.jpg\",\"width\":720,\"height\":481,\"caption\":\"La coop\u00e9ration militaire entre la C\u00f4te d'Ivoire et la France continuera de se renforcer pour faire face \u00e0 toute agression arm\u00e9e, assure le colonel Patrick Vaglio\"},{\"@type\":\"BreadcrumbList\",\"@id\":\"https:\/\/www.africa-press.net\/cotedivoire\/politique\/la-cooperation-militaire-entre-la-cote-divoire-et-la-france-continuera-de-se-renforcer-pour-faire-face-a-toute-agression-armee-assure-le-colonel-patrick-vaglio#breadcrumb\",\"itemListElement\":[{\"@type\":\"ListItem\",\"position\":1,\"name\":\"Accueil\",\"item\":\"https:\/\/www.africa-press.net\/cotedivoire\/\"},{\"@type\":\"ListItem\",\"position\":2,\"name\":\"La coop\u00e9ration militaire entre la C\u00f4te d&#8217;Ivoire et la France continuera de se renforcer pour faire face \u00e0 toute agression arm\u00e9e, assure le colonel Patrick Vaglio\"}]},{\"@type\":\"WebSite\",\"@id\":\"https:\/\/www.africa-press.net\/cotedivoire\/#website\",\"url\":\"https:\/\/www.africa-press.net\/cotedivoire\/\",\"name\":\"C\u00f4te d&#039;Ivoire\",\"description\":\"Just another Africa News Agency Sites site\",\"potentialAction\":[{\"@type\":\"SearchAction\",\"target\":{\"@type\":\"EntryPoint\",\"urlTemplate\":\"https:\/\/www.africa-press.net\/cotedivoire\/?s={search_term_string}\"},\"query-input\":{\"@type\":\"PropertyValueSpecification\",\"valueRequired\":true,\"valueName\":\"search_term_string\"}}],\"inLanguage\":\"fr-FR\"},{\"@type\":\"Person\",\"@id\":\"https:\/\/www.africa-press.net\/cotedivoire\/#\/schema\/person\/2b1cf3cd81a31e3cd26889ca66d677f1\",\"name\":\"cfeditorfr\"}]}<\/script>\n<!-- \/ Yoast SEO Premium plugin. -->","yoast_head_json":{"title":"La coop\u00e9ration militaire entre la C\u00f4te d'Ivoire et la France continuera de se renforcer pour faire face \u00e0 toute agression arm\u00e9e, assure le colonel Patrick Vaglio - C\u00f4te d&#039;Ivoire","description":"La coope\u0301ration militaire entre la Co\u0302te d\u2019Ivoire et la France enregistre de nombreux acquis, rele\u0300ve une note de l\u2019atta ...","robots":{"index":"index","follow":"follow","max-snippet":"max-snippet:-1","max-image-preview":"max-image-preview:large","max-video-preview":"max-video-preview:-1"},"canonical":"https:\/\/www.africa-press.net\/cotedivoire\/politique\/la-cooperation-militaire-entre-la-cote-divoire-et-la-france-continuera-de-se-renforcer-pour-faire-face-a-toute-agression-armee-assure-le-colonel-patrick-vaglio","og_locale":"fr_FR","og_type":"article","og_title":"La coop\u00e9ration militaire entre la C\u00f4te d'Ivoire et la France continuera de se renforcer pour faire face \u00e0 toute agression arm\u00e9e, assure le colonel Patrick Vaglio","og_description":"La coope\u0301ration militaire entre la Co\u0302te d\u2019Ivoire et la France enregistre de nombreux acquis, rele\u0300ve une note de l\u2019atta ...","og_url":"https:\/\/www.africa-press.net\/cotedivoire\/politique\/la-cooperation-militaire-entre-la-cote-divoire-et-la-france-continuera-de-se-renforcer-pour-faire-face-a-toute-agression-armee-assure-le-colonel-patrick-vaglio","og_site_name":"C\u00f4te d&#039;Ivoire","article_published_time":"2023-01-31T17:49:31+00:00","article_modified_time":"2023-01-31T19:02:53+00:00","og_image":[{"width":720,"height":481,"url":"https:\/\/static.africa-press.net\/cote\/sites\/43\/2023\/01\/postQueueImg_1675174785.52.jpg","type":"image\/jpeg"}],"author":"cfeditorfr","twitter_card":"summary_large_image","twitter_misc":{"\u00c9crit par":"cfeditorfr","Dur\u00e9e de lecture estim\u00e9e":"2 minutes"},"schema":{"@context":"https:\/\/schema.org","@graph":[{"@type":"Article","@id":"https:\/\/www.africa-press.net\/cotedivoire\/politique\/la-cooperation-militaire-entre-la-cote-divoire-et-la-france-continuera-de-se-renforcer-pour-faire-face-a-toute-agression-armee-assure-le-colonel-patrick-vaglio#article","isPartOf":{"@id":"https:\/\/www.africa-press.net\/cotedivoire\/politique\/la-cooperation-militaire-entre-la-cote-divoire-et-la-france-continuera-de-se-renforcer-pour-faire-face-a-toute-agression-armee-assure-le-colonel-patrick-vaglio"},"author":{"name":"cfeditorfr","@id":"https:\/\/www.africa-press.net\/cotedivoire\/#\/schema\/person\/2b1cf3cd81a31e3cd26889ca66d677f1"},"headline":"La coop\u00e9ration militaire entre la C\u00f4te d&rsquo;Ivoire et la France continuera de se renforcer pour faire face \u00e0 toute agression arm\u00e9e, assure le colonel Patrick Vaglio","datePublished":"2023-01-31T17:49:31+00:00","dateModified":"2023-01-31T19:02:53+00:00","mainEntityOfPage":{"@id":"https:\/\/www.africa-press.net\/cotedivoire\/politique\/la-cooperation-militaire-entre-la-cote-divoire-et-la-france-continuera-de-se-renforcer-pour-faire-face-a-toute-agression-armee-assure-le-colonel-patrick-vaglio"},"wordCount":419,"commentCount":0,"image":{"@id":"https:\/\/www.africa-press.net\/cotedivoire\/politique\/la-cooperation-militaire-entre-la-cote-divoire-et-la-france-continuera-de-se-renforcer-pour-faire-face-a-toute-agression-armee-assure-le-colonel-patrick-vaglio#primaryimage"},"thumbnailUrl":"https:\/\/static.africa-press.net\/cote\/sites\/43\/2023\/01\/postQueueImg_1675174785.52.jpg","keywords":["Africa Press","Africa Press-C\u00f4te d'Ivoire","agression","Arm\u00e9e","Coop\u00e9ration","C\u00d4TE D'IVOIRE","forces","Fran\u00e7aises","ivoiriennes","Patrick Vaglio"],"articleSection":["Politique","Top Nouvelles","Toutes les actualit\u00e9s"],"inLanguage":"fr-FR","potentialAction":[{"@type":"CommentAction","name":"Comment","target":["https:\/\/www.africa-press.net\/cotedivoire\/politique\/la-cooperation-militaire-entre-la-cote-divoire-et-la-france-continuera-de-se-renforcer-pour-faire-face-a-toute-agression-armee-assure-le-colonel-patrick-vaglio#respond"]}]},{"@type":"WebPage","@id":"https:\/\/www.africa-press.net\/cotedivoire\/politique\/la-cooperation-militaire-entre-la-cote-divoire-et-la-france-continuera-de-se-renforcer-pour-faire-face-a-toute-agression-armee-assure-le-colonel-patrick-vaglio","url":"https:\/\/www.africa-press.net\/cotedivoire\/politique\/la-cooperation-militaire-entre-la-cote-divoire-et-la-france-continuera-de-se-renforcer-pour-faire-face-a-toute-agression-armee-assure-le-colonel-patrick-vaglio","name":"La coop\u00e9ration militaire entre la C\u00f4te d'Ivoire et la France continuera de se renforcer pour faire face \u00e0 toute agression arm\u00e9e, assure le colonel Patrick Vaglio - C\u00f4te d&#039;Ivoire","isPartOf":{"@id":"https:\/\/www.africa-press.net\/cotedivoire\/#website"},"primaryImageOfPage":{"@id":"https:\/\/www.africa-press.net\/cotedivoire\/politique\/la-cooperation-militaire-entre-la-cote-divoire-et-la-france-continuera-de-se-renforcer-pour-faire-face-a-toute-agression-armee-assure-le-colonel-patrick-vaglio#primaryimage"},"image":{"@id":"https:\/\/www.africa-press.net\/cotedivoire\/politique\/la-cooperation-militaire-entre-la-cote-divoire-et-la-france-continuera-de-se-renforcer-pour-faire-face-a-toute-agression-armee-assure-le-colonel-patrick-vaglio#primaryimage"},"thumbnailUrl":"https:\/\/static.africa-press.net\/cote\/sites\/43\/2023\/01\/postQueueImg_1675174785.52.jpg","datePublished":"2023-01-31T17:49:31+00:00","dateModified":"2023-01-31T19:02:53+00:00","author":{"@id":"https:\/\/www.africa-press.net\/cotedivoire\/#\/schema\/person\/2b1cf3cd81a31e3cd26889ca66d677f1"},"description":"La coope\u0301ration militaire entre la Co\u0302te d\u2019Ivoire et la France enregistre de nombreux acquis, rele\u0300ve une note de l\u2019atta ...","breadcrumb":{"@id":"https:\/\/www.africa-press.net\/cotedivoire\/politique\/la-cooperation-militaire-entre-la-cote-divoire-et-la-france-continuera-de-se-renforcer-pour-faire-face-a-toute-agression-armee-assure-le-colonel-patrick-vaglio#breadcrumb"},"inLanguage":"fr-FR","potentialAction":[{"@type":"ReadAction","target":["https:\/\/www.africa-press.net\/cotedivoire\/politique\/la-cooperation-militaire-entre-la-cote-divoire-et-la-france-continuera-de-se-renforcer-pour-faire-face-a-toute-agression-armee-assure-le-colonel-patrick-vaglio"]}]},{"@type":"ImageObject","inLanguage":"fr-FR","@id":"https:\/\/www.africa-press.net\/cotedivoire\/politique\/la-cooperation-militaire-entre-la-cote-divoire-et-la-france-continuera-de-se-renforcer-pour-faire-face-a-toute-agression-armee-assure-le-colonel-patrick-vaglio#primaryimage","url":"https:\/\/static.africa-press.net\/cote\/sites\/43\/2023\/01\/postQueueImg_1675174785.52.jpg","contentUrl":"https:\/\/static.africa-press.net\/cote\/sites\/43\/2023\/01\/postQueueImg_1675174785.52.jpg","width":720,"height":481,"caption":"La coop\u00e9ration militaire entre la C\u00f4te d'Ivoire et la France continuera de se renforcer pour faire face \u00e0 toute agression arm\u00e9e, assure le colonel Patrick Vaglio"},{"@type":"BreadcrumbList","@id":"https:\/\/www.africa-press.net\/cotedivoire\/politique\/la-cooperation-militaire-entre-la-cote-divoire-et-la-france-continuera-de-se-renforcer-pour-faire-face-a-toute-agression-armee-assure-le-colonel-patrick-vaglio#breadcrumb","itemListElement":[{"@type":"ListItem","position":1,"name":"Accueil","item":"https:\/\/www.africa-press.net\/cotedivoire\/"},{"@type":"ListItem","position":2,"name":"La coop\u00e9ration militaire entre la C\u00f4te d&#8217;Ivoire et la France continuera de se renforcer pour faire face \u00e0 toute agression arm\u00e9e, assure le colonel Patrick Vaglio"}]},{"@type":"WebSite","@id":"https:\/\/www.africa-press.net\/cotedivoire\/#website","url":"https:\/\/www.africa-press.net\/cotedivoire\/","name":"C\u00f4te d&#039;Ivoire","description":"Just another Africa News Agency Sites site","potentialAction":[{"@type":"SearchAction","target":{"@type":"EntryPoint","urlTemplate":"https:\/\/www.africa-press.net\/cotedivoire\/?s={search_term_string}"},"query-input":{"@type":"PropertyValueSpecification","valueRequired":true,"valueName":"search_term_string"}}],"inLanguage":"fr-FR"},{"@type":"Person","@id":"https:\/\/www.africa-press.net\/cotedivoire\/#\/schema\/person\/2b1cf3cd81a31e3cd26889ca66d677f1","name":"cfeditorfr"}]}},"_links":{"self":[{"href":"https:\/\/www.africa-press.net\/cotedivoire\/wp-json\/wp\/v2\/posts\/52447","targetHints":{"allow":["GET"]}}],"collection":[{"href":"https:\/\/www.africa-press.net\/cotedivoire\/wp-json\/wp\/v2\/posts"}],"about":[{"href":"https:\/\/www.africa-press.net\/cotedivoire\/wp-json\/wp\/v2\/types\/post"}],"author":[{"embeddable":true,"href":"https:\/\/www.africa-press.net\/cotedivoire\/wp-json\/wp\/v2\/users\/82"}],"replies":[{"embeddable":true,"href":"https:\/\/www.africa-press.net\/cotedivoire\/wp-json\/wp\/v2\/comments?post=52447"}],"version-history":[{"count":0,"href":"https:\/\/www.africa-press.net\/cotedivoire\/wp-json\/wp\/v2\/posts\/52447\/revisions"}],"wp:featuredmedia":[{"embeddable":true,"href":"https:\/\/www.africa-press.net\/cotedivoire\/wp-json\/wp\/v2\/media\/52445"}],"wp:attachment":[{"href":"https:\/\/www.africa-press.net\/cotedivoire\/wp-json\/wp\/v2\/media?parent=52447"}],"wp:term":[{"taxonomy":"category","embeddable":true,"href":"https:\/\/www.africa-press.net\/cotedivoire\/wp-json\/wp\/v2\/categories?post=52447"},{"taxonomy":"post_tag","embeddable":true,"href":"https:\/\/www.africa-press.net\/cotedivoire\/wp-json\/wp\/v2\/tags?post=52447"}],"curies":[{"name":"wp","href":"https:\/\/api.w.org\/{rel}","templated":true}]}}