{"id":52734,"date":"2023-02-06T13:23:17","date_gmt":"2023-02-06T13:23:17","guid":{"rendered":"https:\/\/www.africa-press.net\/cotedivoire\/politique\/elections-locales-le-choix-des-candidats-du-pdci-dans-le-haut-sassandra-divise"},"modified":"2023-02-06T13:45:24","modified_gmt":"2023-02-06T13:45:24","slug":"elections-locales-le-choix-des-candidats-du-pdci-dans-le-haut-sassandra-divise","status":"publish","type":"post","link":"https:\/\/www.africa-press.net\/cotedivoire\/politique\/elections-locales-le-choix-des-candidats-du-pdci-dans-le-haut-sassandra-divise","title":{"rendered":"Elections locales, le choix des candidats du PDCI dans le Haut-Sassandra divise"},"content":{"rendered":"<p><span style=\"color: #ff6600\"><strong>Africa-Press &#8211; C\u00f4te d&rsquo;Ivoire. <\/strong><\/span>La liste des membres de la commission de de\u0301signation des candidats du Pdci-Rda aux e\u0301lections locales de 2023 (Municipale et re\u0301gionale) dans le Haut-Sassandra est une liste taille\u0301e sur mesure pour favoriser un candidat. C&rsquo;est en tout cas, ce qui se lit sur les le\u0300vres de la majorite\u0301 des militants du Pdci-Rda de la re\u0301gion du Haut-Sassandra.<\/p>\n<p>Au lendemain de la publication de cette liste, les militants du Pdci-Rda de la re\u0301gion du Haut-Sassandra ont a\u0300 l&rsquo;unanimite\u0301 marque\u0301 leur e\u0301tonnement quant a\u0300 la composition de cette liste.<\/p>\n<p>\u00ab Au vu de la composition de la liste, nous pouvons avoir des inquie\u0301tudes sur l&rsquo;impartialite\u0301 des membres qui compose cette commission. Nous constatons qu&rsquo;a\u0300 95 %, les membres sont issus du bureau du conseil re\u0301gional sortant et donc a\u0300 la cause du pre\u0301sident du conseil re\u0301gional sortant, Alphonse Dje\u0301dje\u0301 Mady.<\/p>\n<p>Nous avons les Vice-pre\u0301sidents du conseil re\u0301gional qui sont membres de cette liste. C&rsquo;est le cas de Britto Nama Boniface, Bernard Goze\u0301 Bernard, Likane Yagui, Matto Joseph ainsi que plusieurs conseiller re\u0301gionaux \u00bb, a de\u0301plore\u0301 un cadre du parti.<\/p>\n<p>Et d&rsquo;affirmer haut et fort que cette liste a e\u0301te\u0301 taille\u0301e sur mesure pour favoriser un candidat, celui du pre\u0301sident sortant Alphonse Dje\u0301dje\u0301 Mady qui est candidat pour un troisie\u0300me mandat.<\/p>\n<p>\u00ab C&rsquo;est une injustice. Il n&rsquo;y a pas d&rsquo;impartialite\u0301. Nous condamnons cela, car cela peut engendrer des proble\u0300mes \u00bb, a-t-il averti. A\u0300 en croire ce dernier, l&rsquo;e\u0301quipe sortante n&rsquo;a plus le soutien des militants du Pdci-Rda.<\/p>\n<p>\u00ab Les militants du Pdci-Rda ne veulent plus de cette e\u0301quipe. Cette e\u0301quipe a conduit le Pdci-Rda a\u0300 sa mort dans le Haut-Sassandra \u00bb, a-t-il affirme\u0301. Et d&rsquo;ajouter :<\/p>\n<p>\u00ab L&rsquo;e\u0301quipe actuelle n&rsquo;a pas travaille\u0301 pour l&rsquo;implantation du parti dans le Haut-Sassandra. Ils n&rsquo;ont plus d&rsquo;armes pour convaincre les militants apre\u0300s 10 anne\u0301es pour faire gagner le Pdci-Rda. \u00bb Il a e\u0301galement fait savoir que le Professeur Alphonse Dje\u0301dje\u0301 Mady n&rsquo;a jamais travaille\u0301 pour rassembler les militants du Pdci-Rda a\u0300 Daloa.<\/p>\n<p>\u00ab Le candidat du Pdci-Rda aux le\u0301gislatives dernie\u0300res, Tre\u0301 Sikeli a e\u0301te\u0301 combattu par Dje\u0301dje\u0301 Mady et son e\u0301quipe. Sinon comment comprendre qu&rsquo;un conseil re\u0301gional qui est majoritairement Pdci-Rda, le candidat du Pdci-Rda est battu avec une large majorite\u0301. De plus aucune action sociale ou de solidarite\u0301 en faveur des militants du Pdci-Rda depuis maintenant 10 ans \u00bb, a-t-il de\u0301nonce\u0301. Il a e\u0301galement fait remarquer que le conseil re\u0301gional actuel n&rsquo;est pas cosmopolite.<\/p>\n<p>\u00ab Ce n&rsquo;est pas une e\u0301quipe cosmopolite, car elle n&rsquo;inte\u0300gre pas plusieurs communaute\u0301s en particulier la communaute\u0301 Akan qui est le socle du Pdci-Rda dans le Haut-Sassandra. Aucun Akan n&rsquo;est repre\u0301sente\u0301 dans le conseil re\u0301gional actuel. Pourtant, la victoire du Pdci-Rda dans le Haut-Sassandra repose sur la communaute\u0301 Akan, malheureusement cette communaute\u0301 est oublie\u0301 par l&rsquo;e\u0301quipe actuelle \u00bb, a-t-il releve\u0301. C&rsquo;est pourquoi, interpellant le pre\u0301sident du Pdci-Rda, Henri Konan Be\u0301die\u0301 sur cette liste qui n&rsquo;a pas la confiance de la base, il a affirme\u0301 que la configuration actuelle impose un changement. \u00ab La victoire du Pdci-Rda dans le Haut-Sassandra si elle doit e\u0302tre certaine, c&rsquo;est avec la Vice-pre\u0301sidente du Pdci-Rda, Le\u0301opoldine Tie\u0301zan Coffie, car elle a les atouts \u00bb, a-t-il dit.<\/p>\n<p>\u00ab Avant et apre\u0300s sa nomination en tant que Coordinateur Ge\u0301ne\u0301ral du Comite\u0301 Politique en charge des 7 re\u0301gions des zones du Centre-Ouest et du Sud-Ouest elle est toujours en contact avec les militants, la base, la population et travaille avec une e\u0301quipe cosmopolite qui prend en compte l&rsquo;ensemble des cadres de la re\u0301gion du Haut-Sassandra. Les militants veulent un sang nouveau et une nouvelle vision pour diriger le parti dans le Haut Sassandra. C&rsquo;est Le\u0301opoldine Tie\u0301zan Coffie qui incarne cette nouvelle version \u00bb, a-t-il souligne\u0301.<\/p>\n<p>Apre\u0300s avoir interroge\u0301 de nombreux e\u0301lecteurs du quartier Baoule\u0301 de Daloa, il ressort que ceux-ci sont pre\u0302ts a\u0300 s&rsquo;abstenir d&rsquo;aller voter ou a\u0300 faire un vote sanction si l&rsquo;actuelle e\u0301quipe du conseil re\u0301gional e\u0301tait choisie pour repre\u0301senter le PDCI-RDA a\u0300 la prochaine e\u0301lection de 2023.<\/p>\n<p><strong>Pour plus d&rsquo;informations et d&rsquo;analyses sur la <a href=\"https:\/\/www.africa-press.net\/cotedivoire\">C\u00f4te d&rsquo;Ivoire<\/a>, suivez <a href=\"https:\/\/www.africa-press.net\/\">Africa-Press<\/a><\/strong><\/p>\n","protected":false},"excerpt":{"rendered":"<p>Africa-Press &#8211; C\u00f4te d&rsquo;Ivoire. La liste des membres de la commission de de\u0301signation des candidats du Pdci-Rda aux e\u0301lections locales de 2023 (Municipale et re\u0301gionale) dans le Haut-Sassandra est une liste taille\u0301e sur mesure pour favoriser un candidat. C&rsquo;est en tout cas, ce qui se lit sur les le\u0300vres de la majorite\u0301 des militants du [&hellip;]<\/p>\n","protected":false},"author":82,"featured_media":52731,"comment_status":"open","ping_status":"closed","sticky":false,"template":"","format":"standard","meta":{"footnotes":""},"categories":[2,10],"tags":[56,63,1229,29,3087,8985,3694,423],"class_list":["post-52734","post","type-post","status-publish","format-standard","has-post-thumbnail","hentry","category-politique","category-toutes-les-actualites","tag-africa-press","tag-africa-press-cote-divoire","tag-candidats","tag-cote-divoire","tag-djedje-mady","tag-leopoldine-coffie","tag-municipales","tag-pdci"],"yoast_head":"<!-- This site is optimized with the Yoast SEO Premium plugin v26.1 (Yoast SEO v27.0) - https:\/\/yoast.com\/product\/yoast-seo-premium-wordpress\/ -->\n<title>Elections locales, le choix des candidats du PDCI dans le Haut-Sassandra divise - C\u00f4te d&#039;Ivoire<\/title>\n<meta name=\"description\" content=\"La liste des membres de la commission de de\u0301signation des candidats du Pdci-Rda aux e\u0301lections locales de 2023 (Municipa ...\" \/>\n<meta name=\"robots\" content=\"index, follow, max-snippet:-1, max-image-preview:large, max-video-preview:-1\" \/>\n<link rel=\"canonical\" href=\"https:\/\/www.africa-press.net\/cotedivoire\/politique\/elections-locales-le-choix-des-candidats-du-pdci-dans-le-haut-sassandra-divise\" \/>\n<meta property=\"og:locale\" content=\"fr_FR\" \/>\n<meta property=\"og:type\" content=\"article\" \/>\n<meta property=\"og:title\" content=\"Elections locales, le choix des candidats du PDCI dans le Haut-Sassandra divise\" \/>\n<meta property=\"og:description\" content=\"La liste des membres de la commission de de\u0301signation des candidats du Pdci-Rda aux e\u0301lections locales de 2023 (Municipa ...\" \/>\n<meta property=\"og:url\" content=\"https:\/\/www.africa-press.net\/cotedivoire\/politique\/elections-locales-le-choix-des-candidats-du-pdci-dans-le-haut-sassandra-divise\" \/>\n<meta property=\"og:site_name\" content=\"C\u00f4te d&#039;Ivoire\" \/>\n<meta property=\"article:published_time\" content=\"2023-02-06T13:23:17+00:00\" \/>\n<meta property=\"article:modified_time\" content=\"2023-02-06T13:45:24+00:00\" \/>\n<meta property=\"og:image\" content=\"https:\/\/static.africa-press.net\/cote\/sites\/43\/2023\/02\/postQueueImg_1675677232.07.jpg\" \/>\n\t<meta property=\"og:image:width\" content=\"720\" \/>\n\t<meta property=\"og:image:height\" content=\"462\" \/>\n\t<meta property=\"og:image:type\" content=\"image\/jpeg\" \/>\n<meta name=\"author\" content=\"cfeditorfr\" \/>\n<meta name=\"twitter:card\" content=\"summary_large_image\" \/>\n<meta name=\"twitter:label1\" content=\"\u00c9crit par\" \/>\n\t<meta name=\"twitter:data1\" content=\"cfeditorfr\" \/>\n\t<meta name=\"twitter:label2\" content=\"Dur\u00e9e de lecture estim\u00e9e\" \/>\n\t<meta name=\"twitter:data2\" content=\"4 minutes\" \/>\n<script type=\"application\/ld+json\" class=\"yoast-schema-graph\">{\"@context\":\"https:\/\/schema.org\",\"@graph\":[{\"@type\":\"Article\",\"@id\":\"https:\/\/www.africa-press.net\/cotedivoire\/politique\/elections-locales-le-choix-des-candidats-du-pdci-dans-le-haut-sassandra-divise#article\",\"isPartOf\":{\"@id\":\"https:\/\/www.africa-press.net\/cotedivoire\/politique\/elections-locales-le-choix-des-candidats-du-pdci-dans-le-haut-sassandra-divise\"},\"author\":{\"name\":\"cfeditorfr\",\"@id\":\"https:\/\/www.africa-press.net\/cotedivoire\/#\/schema\/person\/2b1cf3cd81a31e3cd26889ca66d677f1\"},\"headline\":\"Elections locales, le choix des candidats du PDCI dans le Haut-Sassandra divise\",\"datePublished\":\"2023-02-06T13:23:17+00:00\",\"dateModified\":\"2023-02-06T13:45:24+00:00\",\"mainEntityOfPage\":{\"@id\":\"https:\/\/www.africa-press.net\/cotedivoire\/politique\/elections-locales-le-choix-des-candidats-du-pdci-dans-le-haut-sassandra-divise\"},\"wordCount\":759,\"commentCount\":0,\"image\":{\"@id\":\"https:\/\/www.africa-press.net\/cotedivoire\/politique\/elections-locales-le-choix-des-candidats-du-pdci-dans-le-haut-sassandra-divise#primaryimage\"},\"thumbnailUrl\":\"https:\/\/static.africa-press.net\/cote\/sites\/43\/2023\/02\/postQueueImg_1675677232.07.jpg\",\"keywords\":[\"Africa Press\",\"Africa Press-C\u00f4te d'Ivoire\",\"candidats\",\"C\u00d4TE D'IVOIRE\",\"Dj\u00e9dj\u00e9 Mady\",\"L\u00e9opoldine Coffie\",\"municipales\",\"Pdci\"],\"articleSection\":[\"Politique\",\"Toutes les actualit\u00e9s\"],\"inLanguage\":\"fr-FR\",\"potentialAction\":[{\"@type\":\"CommentAction\",\"name\":\"Comment\",\"target\":[\"https:\/\/www.africa-press.net\/cotedivoire\/politique\/elections-locales-le-choix-des-candidats-du-pdci-dans-le-haut-sassandra-divise#respond\"]}]},{\"@type\":\"WebPage\",\"@id\":\"https:\/\/www.africa-press.net\/cotedivoire\/politique\/elections-locales-le-choix-des-candidats-du-pdci-dans-le-haut-sassandra-divise\",\"url\":\"https:\/\/www.africa-press.net\/cotedivoire\/politique\/elections-locales-le-choix-des-candidats-du-pdci-dans-le-haut-sassandra-divise\",\"name\":\"Elections locales, le choix des candidats du PDCI dans le Haut-Sassandra divise - C\u00f4te d&#039;Ivoire\",\"isPartOf\":{\"@id\":\"https:\/\/www.africa-press.net\/cotedivoire\/#website\"},\"primaryImageOfPage\":{\"@id\":\"https:\/\/www.africa-press.net\/cotedivoire\/politique\/elections-locales-le-choix-des-candidats-du-pdci-dans-le-haut-sassandra-divise#primaryimage\"},\"image\":{\"@id\":\"https:\/\/www.africa-press.net\/cotedivoire\/politique\/elections-locales-le-choix-des-candidats-du-pdci-dans-le-haut-sassandra-divise#primaryimage\"},\"thumbnailUrl\":\"https:\/\/static.africa-press.net\/cote\/sites\/43\/2023\/02\/postQueueImg_1675677232.07.jpg\",\"datePublished\":\"2023-02-06T13:23:17+00:00\",\"dateModified\":\"2023-02-06T13:45:24+00:00\",\"author\":{\"@id\":\"https:\/\/www.africa-press.net\/cotedivoire\/#\/schema\/person\/2b1cf3cd81a31e3cd26889ca66d677f1\"},\"description\":\"La liste des membres de la commission de de\u0301signation des candidats du Pdci-Rda aux e\u0301lections locales de 2023 (Municipa ...\",\"breadcrumb\":{\"@id\":\"https:\/\/www.africa-press.net\/cotedivoire\/politique\/elections-locales-le-choix-des-candidats-du-pdci-dans-le-haut-sassandra-divise#breadcrumb\"},\"inLanguage\":\"fr-FR\",\"potentialAction\":[{\"@type\":\"ReadAction\",\"target\":[\"https:\/\/www.africa-press.net\/cotedivoire\/politique\/elections-locales-le-choix-des-candidats-du-pdci-dans-le-haut-sassandra-divise\"]}]},{\"@type\":\"ImageObject\",\"inLanguage\":\"fr-FR\",\"@id\":\"https:\/\/www.africa-press.net\/cotedivoire\/politique\/elections-locales-le-choix-des-candidats-du-pdci-dans-le-haut-sassandra-divise#primaryimage\",\"url\":\"https:\/\/static.africa-press.net\/cote\/sites\/43\/2023\/02\/postQueueImg_1675677232.07.jpg\",\"contentUrl\":\"https:\/\/static.africa-press.net\/cote\/sites\/43\/2023\/02\/postQueueImg_1675677232.07.jpg\",\"width\":720,\"height\":462,\"caption\":\"Elections locales, le choix des candidats du PDCI dans le Haut-Sassandra divise\"},{\"@type\":\"BreadcrumbList\",\"@id\":\"https:\/\/www.africa-press.net\/cotedivoire\/politique\/elections-locales-le-choix-des-candidats-du-pdci-dans-le-haut-sassandra-divise#breadcrumb\",\"itemListElement\":[{\"@type\":\"ListItem\",\"position\":1,\"name\":\"Accueil\",\"item\":\"https:\/\/www.africa-press.net\/cotedivoire\/\"},{\"@type\":\"ListItem\",\"position\":2,\"name\":\"Elections locales, le choix des candidats du PDCI dans le Haut-Sassandra divise\"}]},{\"@type\":\"WebSite\",\"@id\":\"https:\/\/www.africa-press.net\/cotedivoire\/#website\",\"url\":\"https:\/\/www.africa-press.net\/cotedivoire\/\",\"name\":\"C\u00f4te d&#039;Ivoire\",\"description\":\"Just another Africa News Agency Sites site\",\"potentialAction\":[{\"@type\":\"SearchAction\",\"target\":{\"@type\":\"EntryPoint\",\"urlTemplate\":\"https:\/\/www.africa-press.net\/cotedivoire\/?s={search_term_string}\"},\"query-input\":{\"@type\":\"PropertyValueSpecification\",\"valueRequired\":true,\"valueName\":\"search_term_string\"}}],\"inLanguage\":\"fr-FR\"},{\"@type\":\"Person\",\"@id\":\"https:\/\/www.africa-press.net\/cotedivoire\/#\/schema\/person\/2b1cf3cd81a31e3cd26889ca66d677f1\",\"name\":\"cfeditorfr\"}]}<\/script>\n<!-- \/ Yoast SEO Premium plugin. -->","yoast_head_json":{"title":"Elections locales, le choix des candidats du PDCI dans le Haut-Sassandra divise - C\u00f4te d&#039;Ivoire","description":"La liste des membres de la commission de de\u0301signation des candidats du Pdci-Rda aux e\u0301lections locales de 2023 (Municipa ...","robots":{"index":"index","follow":"follow","max-snippet":"max-snippet:-1","max-image-preview":"max-image-preview:large","max-video-preview":"max-video-preview:-1"},"canonical":"https:\/\/www.africa-press.net\/cotedivoire\/politique\/elections-locales-le-choix-des-candidats-du-pdci-dans-le-haut-sassandra-divise","og_locale":"fr_FR","og_type":"article","og_title":"Elections locales, le choix des candidats du PDCI dans le Haut-Sassandra divise","og_description":"La liste des membres de la commission de de\u0301signation des candidats du Pdci-Rda aux e\u0301lections locales de 2023 (Municipa ...","og_url":"https:\/\/www.africa-press.net\/cotedivoire\/politique\/elections-locales-le-choix-des-candidats-du-pdci-dans-le-haut-sassandra-divise","og_site_name":"C\u00f4te d&#039;Ivoire","article_published_time":"2023-02-06T13:23:17+00:00","article_modified_time":"2023-02-06T13:45:24+00:00","og_image":[{"width":720,"height":462,"url":"https:\/\/static.africa-press.net\/cote\/sites\/43\/2023\/02\/postQueueImg_1675677232.07.jpg","type":"image\/jpeg"}],"author":"cfeditorfr","twitter_card":"summary_large_image","twitter_misc":{"\u00c9crit par":"cfeditorfr","Dur\u00e9e de lecture estim\u00e9e":"4 minutes"},"schema":{"@context":"https:\/\/schema.org","@graph":[{"@type":"Article","@id":"https:\/\/www.africa-press.net\/cotedivoire\/politique\/elections-locales-le-choix-des-candidats-du-pdci-dans-le-haut-sassandra-divise#article","isPartOf":{"@id":"https:\/\/www.africa-press.net\/cotedivoire\/politique\/elections-locales-le-choix-des-candidats-du-pdci-dans-le-haut-sassandra-divise"},"author":{"name":"cfeditorfr","@id":"https:\/\/www.africa-press.net\/cotedivoire\/#\/schema\/person\/2b1cf3cd81a31e3cd26889ca66d677f1"},"headline":"Elections locales, le choix des candidats du PDCI dans le Haut-Sassandra divise","datePublished":"2023-02-06T13:23:17+00:00","dateModified":"2023-02-06T13:45:24+00:00","mainEntityOfPage":{"@id":"https:\/\/www.africa-press.net\/cotedivoire\/politique\/elections-locales-le-choix-des-candidats-du-pdci-dans-le-haut-sassandra-divise"},"wordCount":759,"commentCount":0,"image":{"@id":"https:\/\/www.africa-press.net\/cotedivoire\/politique\/elections-locales-le-choix-des-candidats-du-pdci-dans-le-haut-sassandra-divise#primaryimage"},"thumbnailUrl":"https:\/\/static.africa-press.net\/cote\/sites\/43\/2023\/02\/postQueueImg_1675677232.07.jpg","keywords":["Africa Press","Africa Press-C\u00f4te d'Ivoire","candidats","C\u00d4TE D'IVOIRE","Dj\u00e9dj\u00e9 Mady","L\u00e9opoldine Coffie","municipales","Pdci"],"articleSection":["Politique","Toutes les actualit\u00e9s"],"inLanguage":"fr-FR","potentialAction":[{"@type":"CommentAction","name":"Comment","target":["https:\/\/www.africa-press.net\/cotedivoire\/politique\/elections-locales-le-choix-des-candidats-du-pdci-dans-le-haut-sassandra-divise#respond"]}]},{"@type":"WebPage","@id":"https:\/\/www.africa-press.net\/cotedivoire\/politique\/elections-locales-le-choix-des-candidats-du-pdci-dans-le-haut-sassandra-divise","url":"https:\/\/www.africa-press.net\/cotedivoire\/politique\/elections-locales-le-choix-des-candidats-du-pdci-dans-le-haut-sassandra-divise","name":"Elections locales, le choix des candidats du PDCI dans le Haut-Sassandra divise - C\u00f4te d&#039;Ivoire","isPartOf":{"@id":"https:\/\/www.africa-press.net\/cotedivoire\/#website"},"primaryImageOfPage":{"@id":"https:\/\/www.africa-press.net\/cotedivoire\/politique\/elections-locales-le-choix-des-candidats-du-pdci-dans-le-haut-sassandra-divise#primaryimage"},"image":{"@id":"https:\/\/www.africa-press.net\/cotedivoire\/politique\/elections-locales-le-choix-des-candidats-du-pdci-dans-le-haut-sassandra-divise#primaryimage"},"thumbnailUrl":"https:\/\/static.africa-press.net\/cote\/sites\/43\/2023\/02\/postQueueImg_1675677232.07.jpg","datePublished":"2023-02-06T13:23:17+00:00","dateModified":"2023-02-06T13:45:24+00:00","author":{"@id":"https:\/\/www.africa-press.net\/cotedivoire\/#\/schema\/person\/2b1cf3cd81a31e3cd26889ca66d677f1"},"description":"La liste des membres de la commission de de\u0301signation des candidats du Pdci-Rda aux e\u0301lections locales de 2023 (Municipa ...","breadcrumb":{"@id":"https:\/\/www.africa-press.net\/cotedivoire\/politique\/elections-locales-le-choix-des-candidats-du-pdci-dans-le-haut-sassandra-divise#breadcrumb"},"inLanguage":"fr-FR","potentialAction":[{"@type":"ReadAction","target":["https:\/\/www.africa-press.net\/cotedivoire\/politique\/elections-locales-le-choix-des-candidats-du-pdci-dans-le-haut-sassandra-divise"]}]},{"@type":"ImageObject","inLanguage":"fr-FR","@id":"https:\/\/www.africa-press.net\/cotedivoire\/politique\/elections-locales-le-choix-des-candidats-du-pdci-dans-le-haut-sassandra-divise#primaryimage","url":"https:\/\/static.africa-press.net\/cote\/sites\/43\/2023\/02\/postQueueImg_1675677232.07.jpg","contentUrl":"https:\/\/static.africa-press.net\/cote\/sites\/43\/2023\/02\/postQueueImg_1675677232.07.jpg","width":720,"height":462,"caption":"Elections locales, le choix des candidats du PDCI dans le Haut-Sassandra divise"},{"@type":"BreadcrumbList","@id":"https:\/\/www.africa-press.net\/cotedivoire\/politique\/elections-locales-le-choix-des-candidats-du-pdci-dans-le-haut-sassandra-divise#breadcrumb","itemListElement":[{"@type":"ListItem","position":1,"name":"Accueil","item":"https:\/\/www.africa-press.net\/cotedivoire\/"},{"@type":"ListItem","position":2,"name":"Elections locales, le choix des candidats du PDCI dans le Haut-Sassandra divise"}]},{"@type":"WebSite","@id":"https:\/\/www.africa-press.net\/cotedivoire\/#website","url":"https:\/\/www.africa-press.net\/cotedivoire\/","name":"C\u00f4te d&#039;Ivoire","description":"Just another Africa News Agency Sites site","potentialAction":[{"@type":"SearchAction","target":{"@type":"EntryPoint","urlTemplate":"https:\/\/www.africa-press.net\/cotedivoire\/?s={search_term_string}"},"query-input":{"@type":"PropertyValueSpecification","valueRequired":true,"valueName":"search_term_string"}}],"inLanguage":"fr-FR"},{"@type":"Person","@id":"https:\/\/www.africa-press.net\/cotedivoire\/#\/schema\/person\/2b1cf3cd81a31e3cd26889ca66d677f1","name":"cfeditorfr"}]}},"_links":{"self":[{"href":"https:\/\/www.africa-press.net\/cotedivoire\/wp-json\/wp\/v2\/posts\/52734","targetHints":{"allow":["GET"]}}],"collection":[{"href":"https:\/\/www.africa-press.net\/cotedivoire\/wp-json\/wp\/v2\/posts"}],"about":[{"href":"https:\/\/www.africa-press.net\/cotedivoire\/wp-json\/wp\/v2\/types\/post"}],"author":[{"embeddable":true,"href":"https:\/\/www.africa-press.net\/cotedivoire\/wp-json\/wp\/v2\/users\/82"}],"replies":[{"embeddable":true,"href":"https:\/\/www.africa-press.net\/cotedivoire\/wp-json\/wp\/v2\/comments?post=52734"}],"version-history":[{"count":0,"href":"https:\/\/www.africa-press.net\/cotedivoire\/wp-json\/wp\/v2\/posts\/52734\/revisions"}],"wp:featuredmedia":[{"embeddable":true,"href":"https:\/\/www.africa-press.net\/cotedivoire\/wp-json\/wp\/v2\/media\/52731"}],"wp:attachment":[{"href":"https:\/\/www.africa-press.net\/cotedivoire\/wp-json\/wp\/v2\/media?parent=52734"}],"wp:term":[{"taxonomy":"category","embeddable":true,"href":"https:\/\/www.africa-press.net\/cotedivoire\/wp-json\/wp\/v2\/categories?post=52734"},{"taxonomy":"post_tag","embeddable":true,"href":"https:\/\/www.africa-press.net\/cotedivoire\/wp-json\/wp\/v2\/tags?post=52734"}],"curies":[{"name":"wp","href":"https:\/\/api.w.org\/{rel}","templated":true}]}}