{"id":52934,"date":"2023-02-08T18:40:57","date_gmt":"2023-02-08T18:40:57","guid":{"rendered":"https:\/\/www.africa-press.net\/cotedivoire\/politique\/presentation-au-drapeau-des-recrues-de-la-police-nationale-trois-eleves-radies-pour-consommation-de-drogue"},"modified":"2023-02-08T18:45:42","modified_gmt":"2023-02-08T18:45:42","slug":"presentation-au-drapeau-des-recrues-de-la-police-nationale-trois-eleves-radies-pour-consommation-de-drogue","status":"publish","type":"post","link":"https:\/\/www.africa-press.net\/cotedivoire\/toutes-les-actualites\/presentation-au-drapeau-des-recrues-de-la-police-nationale-trois-eleves-radies-pour-consommation-de-drogue","title":{"rendered":"Pr\u00e9sentation au drapeau des recrues de la Police Nationale, trois \u00e9l\u00e8ves radi\u00e9s pour consommation de  drogue"},"content":{"rendered":"<p><span style=\"color: #ff6600\"><strong>Africa-Press &#8211; C\u00f4te d&rsquo;Ivoire. <\/strong><\/span>La pre\u0301sentation au drapeau des recrues de la Police Nationale a eu lieu le lundi 06 fe\u0301vrier 2023 a\u0300 l\u2019E\u0301cole Nationale de Police d\u2019Abidjan.<\/p>\n<p>Il s\u2019agit de : 2686 recrues Sous-Officiers de Police dont 667 femmes ; 542 recrues Officiers de Police dont 109 femmes ; 43 recrues Commissaires de Police dont 3 femmes.<\/p>\n<p>Soit un total de 3271 futurs Policiers qui disposent de\u0301sormais d\u2019un savoir-faire et d\u2019un savoir e\u0302tre militaires.<\/p>\n<p>Au cours de la pre\u0301sentation des recrues, le Ministre de l\u2019Inte\u0301rieur et de la Se\u0301curite\u0301, le Ge\u0301ne\u0301ral Vagondo Diomande\u0301 a re\u0301ve\u0301le\u0301 que trois (03) d\u2019entre eux ont e\u0301te\u0301 radie\u0301s pour consommation de drogue.<\/p>\n<p>\u00ab (&#8230;) Quant aux indiscipline\u0301s, ils seront purement et simplement renvoye\u0301s, comme c\u2019est le cas de trois d\u2019entre vous qui se sont adonne\u0301s a\u0300 la consommation de la drogue durant la formation commune de base que vous venez de terminer \u00bb, a-t-il re\u0301ve\u0301le\u0301, comme rapporte\u0301 par plusieurs sources.<\/p>\n<p>En janvier dernier, huit (08) e\u0301le\u0300ves gendarmes de l\u2019e\u0301cole de gendarmerie d\u2019Abidjan ont e\u0301te\u0301 radie\u0301s des effectifs pour de\u0301tention et consommation de drogue et stupe\u0301fiants.<\/p>\n<p>Une situation qui pourrait poser la question de l\u2019enque\u0302te de moralite\u0301 des candidats qui frappement a\u0300 la porte des e\u0301coles de gendarmerie et de la police nationale vue leurs comportements apre\u0300s leur recrutement.<\/p>\n<p><strong>Pour plus d&rsquo;informations et d&rsquo;analyses sur la <a href=\"https:\/\/www.africa-press.net\/cotedivoire\">C\u00f4te d&rsquo;Ivoire<\/a>, suivez <a href=\"https:\/\/www.africa-press.net\/\">Africa-Press<\/a><\/strong><\/p>\n","protected":false},"excerpt":{"rendered":"<p>Africa-Press &#8211; C\u00f4te d&rsquo;Ivoire. La pre\u0301sentation au drapeau des recrues de la Police Nationale a eu lieu le lundi 06 fe\u0301vrier 2023 a\u0300 l\u2019E\u0301cole Nationale de Police d\u2019Abidjan. Il s\u2019agit de : 2686 recrues Sous-Officiers de Police dont 667 femmes ; 542 recrues Officiers de Police dont 109 femmes ; 43 recrues Commissaires de Police [&hellip;]<\/p>\n","protected":false},"author":82,"featured_media":52933,"comment_status":"open","ping_status":"closed","sticky":false,"template":"","format":"standard","meta":{"footnotes":""},"categories":[21,10],"tags":[56,63,1560,29,645,433,309,3098,3100],"class_list":["post-52934","post","type-post","status-publish","format-standard","has-post-thumbnail","hentry","category-communaute","category-toutes-les-actualites","tag-africa-press","tag-africa-press-cote-divoire","tag-consommation","tag-cote-divoire","tag-drogue","tag-eleves","tag-police","tag-recrues","tag-vagondo-diomande"],"yoast_head":"<!-- This site is optimized with the Yoast SEO Premium plugin v26.1 (Yoast SEO v27.0) - https:\/\/yoast.com\/product\/yoast-seo-premium-wordpress\/ -->\n<title>Pr\u00e9sentation au drapeau des recrues de la Police Nationale, trois \u00e9l\u00e8ves radi\u00e9s pour consommation de drogue - C\u00f4te d&#039;Ivoire<\/title>\n<meta name=\"description\" content=\"La pre\u0301sentation au drapeau des recrues de la Police Nationale a eu lieu le lundi 06 fe\u0301vrier 2023 a\u0300 l\u2019E\u0301cole Nationale ...\" \/>\n<meta name=\"robots\" content=\"index, follow, max-snippet:-1, max-image-preview:large, max-video-preview:-1\" \/>\n<link rel=\"canonical\" href=\"https:\/\/www.africa-press.net\/cotedivoire\/toutes-les-actualites\/presentation-au-drapeau-des-recrues-de-la-police-nationale-trois-eleves-radies-pour-consommation-de-drogue\" \/>\n<meta property=\"og:locale\" content=\"fr_FR\" \/>\n<meta property=\"og:type\" content=\"article\" \/>\n<meta property=\"og:title\" content=\"Pr\u00e9sentation au drapeau des recrues de la Police Nationale, trois \u00e9l\u00e8ves radi\u00e9s pour consommation de drogue\" \/>\n<meta property=\"og:description\" content=\"La pre\u0301sentation au drapeau des recrues de la Police Nationale a eu lieu le lundi 06 fe\u0301vrier 2023 a\u0300 l\u2019E\u0301cole Nationale ...\" \/>\n<meta property=\"og:url\" content=\"https:\/\/www.africa-press.net\/cotedivoire\/toutes-les-actualites\/presentation-au-drapeau-des-recrues-de-la-police-nationale-trois-eleves-radies-pour-consommation-de-drogue\" \/>\n<meta property=\"og:site_name\" content=\"C\u00f4te d&#039;Ivoire\" \/>\n<meta property=\"article:published_time\" content=\"2023-02-08T18:40:57+00:00\" \/>\n<meta property=\"article:modified_time\" content=\"2023-02-08T18:45:42+00:00\" \/>\n<meta property=\"og:image\" content=\"https:\/\/static.africa-press.net\/cote\/sites\/43\/2023\/02\/postQueueImg_1675869064.74.jpg\" \/>\n\t<meta property=\"og:image:width\" content=\"720\" \/>\n\t<meta property=\"og:image:height\" content=\"480\" \/>\n\t<meta property=\"og:image:type\" content=\"image\/jpeg\" \/>\n<meta name=\"author\" content=\"cfeditorfr\" \/>\n<meta name=\"twitter:card\" content=\"summary_large_image\" \/>\n<meta name=\"twitter:label1\" content=\"\u00c9crit par\" \/>\n\t<meta name=\"twitter:data1\" content=\"cfeditorfr\" \/>\n\t<meta name=\"twitter:label2\" content=\"Dur\u00e9e de lecture estim\u00e9e\" \/>\n\t<meta name=\"twitter:data2\" content=\"2 minutes\" \/>\n<script type=\"application\/ld+json\" class=\"yoast-schema-graph\">{\"@context\":\"https:\/\/schema.org\",\"@graph\":[{\"@type\":\"Article\",\"@id\":\"https:\/\/www.africa-press.net\/cotedivoire\/toutes-les-actualites\/presentation-au-drapeau-des-recrues-de-la-police-nationale-trois-eleves-radies-pour-consommation-de-drogue#article\",\"isPartOf\":{\"@id\":\"https:\/\/www.africa-press.net\/cotedivoire\/toutes-les-actualites\/presentation-au-drapeau-des-recrues-de-la-police-nationale-trois-eleves-radies-pour-consommation-de-drogue\"},\"author\":{\"name\":\"cfeditorfr\",\"@id\":\"https:\/\/www.africa-press.net\/cotedivoire\/#\/schema\/person\/2b1cf3cd81a31e3cd26889ca66d677f1\"},\"headline\":\"Pr\u00e9sentation au drapeau des recrues de la Police Nationale, trois \u00e9l\u00e8ves radi\u00e9s pour consommation de drogue\",\"datePublished\":\"2023-02-08T18:40:57+00:00\",\"dateModified\":\"2023-02-08T18:45:42+00:00\",\"mainEntityOfPage\":{\"@id\":\"https:\/\/www.africa-press.net\/cotedivoire\/toutes-les-actualites\/presentation-au-drapeau-des-recrues-de-la-police-nationale-trois-eleves-radies-pour-consommation-de-drogue\"},\"wordCount\":274,\"commentCount\":0,\"image\":{\"@id\":\"https:\/\/www.africa-press.net\/cotedivoire\/toutes-les-actualites\/presentation-au-drapeau-des-recrues-de-la-police-nationale-trois-eleves-radies-pour-consommation-de-drogue#primaryimage\"},\"thumbnailUrl\":\"https:\/\/static.africa-press.net\/cote\/sites\/43\/2023\/02\/postQueueImg_1675869064.74.jpg\",\"keywords\":[\"Africa Press\",\"Africa Press-C\u00f4te d'Ivoire\",\"consommation\",\"C\u00d4TE D'IVOIRE\",\"drogue\",\"\u00e9l\u00e8ves\",\"police\",\"recrues\",\"Vagondo Diomand\u00e9\"],\"articleSection\":[\"Communaut\u00e9\",\"Toutes les actualit\u00e9s\"],\"inLanguage\":\"fr-FR\",\"potentialAction\":[{\"@type\":\"CommentAction\",\"name\":\"Comment\",\"target\":[\"https:\/\/www.africa-press.net\/cotedivoire\/toutes-les-actualites\/presentation-au-drapeau-des-recrues-de-la-police-nationale-trois-eleves-radies-pour-consommation-de-drogue#respond\"]}]},{\"@type\":\"WebPage\",\"@id\":\"https:\/\/www.africa-press.net\/cotedivoire\/toutes-les-actualites\/presentation-au-drapeau-des-recrues-de-la-police-nationale-trois-eleves-radies-pour-consommation-de-drogue\",\"url\":\"https:\/\/www.africa-press.net\/cotedivoire\/toutes-les-actualites\/presentation-au-drapeau-des-recrues-de-la-police-nationale-trois-eleves-radies-pour-consommation-de-drogue\",\"name\":\"Pr\u00e9sentation au drapeau des recrues de la Police Nationale, trois \u00e9l\u00e8ves radi\u00e9s pour consommation de drogue - C\u00f4te d&#039;Ivoire\",\"isPartOf\":{\"@id\":\"https:\/\/www.africa-press.net\/cotedivoire\/#website\"},\"primaryImageOfPage\":{\"@id\":\"https:\/\/www.africa-press.net\/cotedivoire\/toutes-les-actualites\/presentation-au-drapeau-des-recrues-de-la-police-nationale-trois-eleves-radies-pour-consommation-de-drogue#primaryimage\"},\"image\":{\"@id\":\"https:\/\/www.africa-press.net\/cotedivoire\/toutes-les-actualites\/presentation-au-drapeau-des-recrues-de-la-police-nationale-trois-eleves-radies-pour-consommation-de-drogue#primaryimage\"},\"thumbnailUrl\":\"https:\/\/static.africa-press.net\/cote\/sites\/43\/2023\/02\/postQueueImg_1675869064.74.jpg\",\"datePublished\":\"2023-02-08T18:40:57+00:00\",\"dateModified\":\"2023-02-08T18:45:42+00:00\",\"author\":{\"@id\":\"https:\/\/www.africa-press.net\/cotedivoire\/#\/schema\/person\/2b1cf3cd81a31e3cd26889ca66d677f1\"},\"description\":\"La pre\u0301sentation au drapeau des recrues de la Police Nationale a eu lieu le lundi 06 fe\u0301vrier 2023 a\u0300 l\u2019E\u0301cole Nationale ...\",\"breadcrumb\":{\"@id\":\"https:\/\/www.africa-press.net\/cotedivoire\/toutes-les-actualites\/presentation-au-drapeau-des-recrues-de-la-police-nationale-trois-eleves-radies-pour-consommation-de-drogue#breadcrumb\"},\"inLanguage\":\"fr-FR\",\"potentialAction\":[{\"@type\":\"ReadAction\",\"target\":[\"https:\/\/www.africa-press.net\/cotedivoire\/toutes-les-actualites\/presentation-au-drapeau-des-recrues-de-la-police-nationale-trois-eleves-radies-pour-consommation-de-drogue\"]}]},{\"@type\":\"ImageObject\",\"inLanguage\":\"fr-FR\",\"@id\":\"https:\/\/www.africa-press.net\/cotedivoire\/toutes-les-actualites\/presentation-au-drapeau-des-recrues-de-la-police-nationale-trois-eleves-radies-pour-consommation-de-drogue#primaryimage\",\"url\":\"https:\/\/static.africa-press.net\/cote\/sites\/43\/2023\/02\/postQueueImg_1675869064.74.jpg\",\"contentUrl\":\"https:\/\/static.africa-press.net\/cote\/sites\/43\/2023\/02\/postQueueImg_1675869064.74.jpg\",\"width\":720,\"height\":480,\"caption\":\"Pr\u00e9sentation au drapeau des recrues de la Police Nationale, trois \u00e9l\u00e8ves radi\u00e9s pour consommation de drogue\"},{\"@type\":\"BreadcrumbList\",\"@id\":\"https:\/\/www.africa-press.net\/cotedivoire\/toutes-les-actualites\/presentation-au-drapeau-des-recrues-de-la-police-nationale-trois-eleves-radies-pour-consommation-de-drogue#breadcrumb\",\"itemListElement\":[{\"@type\":\"ListItem\",\"position\":1,\"name\":\"Accueil\",\"item\":\"https:\/\/www.africa-press.net\/cotedivoire\/\"},{\"@type\":\"ListItem\",\"position\":2,\"name\":\"Pr\u00e9sentation au drapeau des recrues de la Police Nationale, trois \u00e9l\u00e8ves radi\u00e9s pour consommation de drogue\"}]},{\"@type\":\"WebSite\",\"@id\":\"https:\/\/www.africa-press.net\/cotedivoire\/#website\",\"url\":\"https:\/\/www.africa-press.net\/cotedivoire\/\",\"name\":\"C\u00f4te d&#039;Ivoire\",\"description\":\"Just another Africa News Agency Sites site\",\"potentialAction\":[{\"@type\":\"SearchAction\",\"target\":{\"@type\":\"EntryPoint\",\"urlTemplate\":\"https:\/\/www.africa-press.net\/cotedivoire\/?s={search_term_string}\"},\"query-input\":{\"@type\":\"PropertyValueSpecification\",\"valueRequired\":true,\"valueName\":\"search_term_string\"}}],\"inLanguage\":\"fr-FR\"},{\"@type\":\"Person\",\"@id\":\"https:\/\/www.africa-press.net\/cotedivoire\/#\/schema\/person\/2b1cf3cd81a31e3cd26889ca66d677f1\",\"name\":\"cfeditorfr\"}]}<\/script>\n<!-- \/ Yoast SEO Premium plugin. -->","yoast_head_json":{"title":"Pr\u00e9sentation au drapeau des recrues de la Police Nationale, trois \u00e9l\u00e8ves radi\u00e9s pour consommation de drogue - C\u00f4te d&#039;Ivoire","description":"La pre\u0301sentation au drapeau des recrues de la Police Nationale a eu lieu le lundi 06 fe\u0301vrier 2023 a\u0300 l\u2019E\u0301cole Nationale ...","robots":{"index":"index","follow":"follow","max-snippet":"max-snippet:-1","max-image-preview":"max-image-preview:large","max-video-preview":"max-video-preview:-1"},"canonical":"https:\/\/www.africa-press.net\/cotedivoire\/toutes-les-actualites\/presentation-au-drapeau-des-recrues-de-la-police-nationale-trois-eleves-radies-pour-consommation-de-drogue","og_locale":"fr_FR","og_type":"article","og_title":"Pr\u00e9sentation au drapeau des recrues de la Police Nationale, trois \u00e9l\u00e8ves radi\u00e9s pour consommation de drogue","og_description":"La pre\u0301sentation au drapeau des recrues de la Police Nationale a eu lieu le lundi 06 fe\u0301vrier 2023 a\u0300 l\u2019E\u0301cole Nationale ...","og_url":"https:\/\/www.africa-press.net\/cotedivoire\/toutes-les-actualites\/presentation-au-drapeau-des-recrues-de-la-police-nationale-trois-eleves-radies-pour-consommation-de-drogue","og_site_name":"C\u00f4te d&#039;Ivoire","article_published_time":"2023-02-08T18:40:57+00:00","article_modified_time":"2023-02-08T18:45:42+00:00","og_image":[{"width":720,"height":480,"url":"https:\/\/static.africa-press.net\/cote\/sites\/43\/2023\/02\/postQueueImg_1675869064.74.jpg","type":"image\/jpeg"}],"author":"cfeditorfr","twitter_card":"summary_large_image","twitter_misc":{"\u00c9crit par":"cfeditorfr","Dur\u00e9e de lecture estim\u00e9e":"2 minutes"},"schema":{"@context":"https:\/\/schema.org","@graph":[{"@type":"Article","@id":"https:\/\/www.africa-press.net\/cotedivoire\/toutes-les-actualites\/presentation-au-drapeau-des-recrues-de-la-police-nationale-trois-eleves-radies-pour-consommation-de-drogue#article","isPartOf":{"@id":"https:\/\/www.africa-press.net\/cotedivoire\/toutes-les-actualites\/presentation-au-drapeau-des-recrues-de-la-police-nationale-trois-eleves-radies-pour-consommation-de-drogue"},"author":{"name":"cfeditorfr","@id":"https:\/\/www.africa-press.net\/cotedivoire\/#\/schema\/person\/2b1cf3cd81a31e3cd26889ca66d677f1"},"headline":"Pr\u00e9sentation au drapeau des recrues de la Police Nationale, trois \u00e9l\u00e8ves radi\u00e9s pour consommation de drogue","datePublished":"2023-02-08T18:40:57+00:00","dateModified":"2023-02-08T18:45:42+00:00","mainEntityOfPage":{"@id":"https:\/\/www.africa-press.net\/cotedivoire\/toutes-les-actualites\/presentation-au-drapeau-des-recrues-de-la-police-nationale-trois-eleves-radies-pour-consommation-de-drogue"},"wordCount":274,"commentCount":0,"image":{"@id":"https:\/\/www.africa-press.net\/cotedivoire\/toutes-les-actualites\/presentation-au-drapeau-des-recrues-de-la-police-nationale-trois-eleves-radies-pour-consommation-de-drogue#primaryimage"},"thumbnailUrl":"https:\/\/static.africa-press.net\/cote\/sites\/43\/2023\/02\/postQueueImg_1675869064.74.jpg","keywords":["Africa Press","Africa Press-C\u00f4te d'Ivoire","consommation","C\u00d4TE D'IVOIRE","drogue","\u00e9l\u00e8ves","police","recrues","Vagondo Diomand\u00e9"],"articleSection":["Communaut\u00e9","Toutes les actualit\u00e9s"],"inLanguage":"fr-FR","potentialAction":[{"@type":"CommentAction","name":"Comment","target":["https:\/\/www.africa-press.net\/cotedivoire\/toutes-les-actualites\/presentation-au-drapeau-des-recrues-de-la-police-nationale-trois-eleves-radies-pour-consommation-de-drogue#respond"]}]},{"@type":"WebPage","@id":"https:\/\/www.africa-press.net\/cotedivoire\/toutes-les-actualites\/presentation-au-drapeau-des-recrues-de-la-police-nationale-trois-eleves-radies-pour-consommation-de-drogue","url":"https:\/\/www.africa-press.net\/cotedivoire\/toutes-les-actualites\/presentation-au-drapeau-des-recrues-de-la-police-nationale-trois-eleves-radies-pour-consommation-de-drogue","name":"Pr\u00e9sentation au drapeau des recrues de la Police Nationale, trois \u00e9l\u00e8ves radi\u00e9s pour consommation de drogue - C\u00f4te d&#039;Ivoire","isPartOf":{"@id":"https:\/\/www.africa-press.net\/cotedivoire\/#website"},"primaryImageOfPage":{"@id":"https:\/\/www.africa-press.net\/cotedivoire\/toutes-les-actualites\/presentation-au-drapeau-des-recrues-de-la-police-nationale-trois-eleves-radies-pour-consommation-de-drogue#primaryimage"},"image":{"@id":"https:\/\/www.africa-press.net\/cotedivoire\/toutes-les-actualites\/presentation-au-drapeau-des-recrues-de-la-police-nationale-trois-eleves-radies-pour-consommation-de-drogue#primaryimage"},"thumbnailUrl":"https:\/\/static.africa-press.net\/cote\/sites\/43\/2023\/02\/postQueueImg_1675869064.74.jpg","datePublished":"2023-02-08T18:40:57+00:00","dateModified":"2023-02-08T18:45:42+00:00","author":{"@id":"https:\/\/www.africa-press.net\/cotedivoire\/#\/schema\/person\/2b1cf3cd81a31e3cd26889ca66d677f1"},"description":"La pre\u0301sentation au drapeau des recrues de la Police Nationale a eu lieu le lundi 06 fe\u0301vrier 2023 a\u0300 l\u2019E\u0301cole Nationale ...","breadcrumb":{"@id":"https:\/\/www.africa-press.net\/cotedivoire\/toutes-les-actualites\/presentation-au-drapeau-des-recrues-de-la-police-nationale-trois-eleves-radies-pour-consommation-de-drogue#breadcrumb"},"inLanguage":"fr-FR","potentialAction":[{"@type":"ReadAction","target":["https:\/\/www.africa-press.net\/cotedivoire\/toutes-les-actualites\/presentation-au-drapeau-des-recrues-de-la-police-nationale-trois-eleves-radies-pour-consommation-de-drogue"]}]},{"@type":"ImageObject","inLanguage":"fr-FR","@id":"https:\/\/www.africa-press.net\/cotedivoire\/toutes-les-actualites\/presentation-au-drapeau-des-recrues-de-la-police-nationale-trois-eleves-radies-pour-consommation-de-drogue#primaryimage","url":"https:\/\/static.africa-press.net\/cote\/sites\/43\/2023\/02\/postQueueImg_1675869064.74.jpg","contentUrl":"https:\/\/static.africa-press.net\/cote\/sites\/43\/2023\/02\/postQueueImg_1675869064.74.jpg","width":720,"height":480,"caption":"Pr\u00e9sentation au drapeau des recrues de la Police Nationale, trois \u00e9l\u00e8ves radi\u00e9s pour consommation de drogue"},{"@type":"BreadcrumbList","@id":"https:\/\/www.africa-press.net\/cotedivoire\/toutes-les-actualites\/presentation-au-drapeau-des-recrues-de-la-police-nationale-trois-eleves-radies-pour-consommation-de-drogue#breadcrumb","itemListElement":[{"@type":"ListItem","position":1,"name":"Accueil","item":"https:\/\/www.africa-press.net\/cotedivoire\/"},{"@type":"ListItem","position":2,"name":"Pr\u00e9sentation au drapeau des recrues de la Police Nationale, trois \u00e9l\u00e8ves radi\u00e9s pour consommation de drogue"}]},{"@type":"WebSite","@id":"https:\/\/www.africa-press.net\/cotedivoire\/#website","url":"https:\/\/www.africa-press.net\/cotedivoire\/","name":"C\u00f4te d&#039;Ivoire","description":"Just another Africa News Agency Sites site","potentialAction":[{"@type":"SearchAction","target":{"@type":"EntryPoint","urlTemplate":"https:\/\/www.africa-press.net\/cotedivoire\/?s={search_term_string}"},"query-input":{"@type":"PropertyValueSpecification","valueRequired":true,"valueName":"search_term_string"}}],"inLanguage":"fr-FR"},{"@type":"Person","@id":"https:\/\/www.africa-press.net\/cotedivoire\/#\/schema\/person\/2b1cf3cd81a31e3cd26889ca66d677f1","name":"cfeditorfr"}]}},"_links":{"self":[{"href":"https:\/\/www.africa-press.net\/cotedivoire\/wp-json\/wp\/v2\/posts\/52934","targetHints":{"allow":["GET"]}}],"collection":[{"href":"https:\/\/www.africa-press.net\/cotedivoire\/wp-json\/wp\/v2\/posts"}],"about":[{"href":"https:\/\/www.africa-press.net\/cotedivoire\/wp-json\/wp\/v2\/types\/post"}],"author":[{"embeddable":true,"href":"https:\/\/www.africa-press.net\/cotedivoire\/wp-json\/wp\/v2\/users\/82"}],"replies":[{"embeddable":true,"href":"https:\/\/www.africa-press.net\/cotedivoire\/wp-json\/wp\/v2\/comments?post=52934"}],"version-history":[{"count":0,"href":"https:\/\/www.africa-press.net\/cotedivoire\/wp-json\/wp\/v2\/posts\/52934\/revisions"}],"wp:featuredmedia":[{"embeddable":true,"href":"https:\/\/www.africa-press.net\/cotedivoire\/wp-json\/wp\/v2\/media\/52933"}],"wp:attachment":[{"href":"https:\/\/www.africa-press.net\/cotedivoire\/wp-json\/wp\/v2\/media?parent=52934"}],"wp:term":[{"taxonomy":"category","embeddable":true,"href":"https:\/\/www.africa-press.net\/cotedivoire\/wp-json\/wp\/v2\/categories?post=52934"},{"taxonomy":"post_tag","embeddable":true,"href":"https:\/\/www.africa-press.net\/cotedivoire\/wp-json\/wp\/v2\/tags?post=52934"}],"curies":[{"name":"wp","href":"https:\/\/api.w.org\/{rel}","templated":true}]}}