{"id":52956,"date":"2023-02-08T18:43:42","date_gmt":"2023-02-08T18:43:42","guid":{"rendered":"https:\/\/www.africa-press.net\/cotedivoire\/politique\/lillegalite-de-lag-elective-du-syndicat-national-du-personnel-des-communes-et-districts-denoncee-les-personnalites-citees-invitees-a-se-dissocier-de-la-rencontre"},"modified":"2023-02-08T18:49:00","modified_gmt":"2023-02-08T18:49:00","slug":"lillegalite-de-lag-elective-du-syndicat-national-du-personnel-des-communes-et-districts-denoncee-les-personnalites-citees-invitees-a-se-dissocier-de-la-rencontre","status":"publish","type":"post","link":"https:\/\/www.africa-press.net\/cotedivoire\/toutes-les-actualites\/lillegalite-de-lag-elective-du-syndicat-national-du-personnel-des-communes-et-districts-denoncee-les-personnalites-citees-invitees-a-se-dissocier-de-la-rencontre","title":{"rendered":"L&rsquo;ill\u00e9galit\u00e9 de  l&rsquo;AG \u00e9lective du  Syndicat National du Personnel des Communes et Districts d\u00e9nonc\u00e9e, les personnalit\u00e9s cit\u00e9es invit\u00e9es \u00e0 se dissocier de la rencontre"},"content":{"rendered":"<p><span style=\"color: #ff6600\"><strong>Africa-Press &#8211; C\u00f4te d&rsquo;Ivoire. <\/strong><\/span>Une Assemble\u0301e Ge\u0301ne\u0301rale Elective du Syndicat National du Personnel des Communes et Districts Ivoiriens (SYNAPECODI) est annonce\u0301e pour se tenir le vendredi 10 et samedi 11 fe\u0301vrier 2023 a\u0300 la Mairie de Yopougon.<\/p>\n<p>Les organisateurs de l&rsquo;AGE associent les images du Maire de la commune Gilbert Kafana Kone\u0301 et celle du pre\u0301sident de l\u2019Assemble\u0301e Nationale, Adama Bictogo.<\/p>\n<p>Amadou Toure\u0301, Secre\u0301taire National du SYNAPECODI de\u0301nonce l\u2019ille\u0301galite\u0301 de cette AG et invite les personnalite\u0301s dont les images sont associe\u0301es a\u0300 la rencontre de s\u2019y dissocier.<\/p>\n<p>\u00ab En effet, monsieur Mel Se\u0301verin, ex-agent municipal et admis a\u0300 faire valoir ses droits a\u0300 la retraite depuis le jeudi 31 de\u0301cembre 2020 de mairie d&rsquo;Adjame\u0301 et ayant e\u0301puise\u0301 son stock de mandat depuis 2019, n&rsquo;est pas autorise\u0301 a\u0300 diriger le SYNAPECODI. La Co\u0302te d&rsquo;Ivoire que ba\u0302tissent le RHDP et son Pre\u0301sident, se veut une Co\u0302te d&rsquo;ivoire de droit. Je sais compter sur le sens e\u0301leve\u0301 de la responsabilite\u0301 qui anime les responsables de notre administration \u00bb, a confie\u0301 ce dernier a\u0300 KOACI, avant d\u2019ajouter.<\/p>\n<p>\u00ab Le SYNAPECODI, et son BEN dirige\u0301 par Amadou Toure\u0301, SG NATIONAL, invite le Ministre KAFANA et le Pre\u0301sident de l&rsquo;Assemble\u0301e nationale, M. Bictogo, a\u0300 se dissocier de cette activite\u0301 qui est tout simplement ille\u0301gale. \u00bb<\/p>\n\r\n                <style type=\"text\/css\">\r\n                    \r\n                    #td_uid_1_69f5511d85cf4  .td-doubleSlider-2 .td-item1 {\r\n                        background: url(https:\/\/static.africa-press.net\/cote\/sites\/43\/2023\/02\/postMediaimg_2_1-63e3ee789fb05-80x60.jpg) 0 0 no-repeat;\r\n                    }\r\n                    #td_uid_1_69f5511d85cf4  .td-doubleSlider-2 .td-item2 {\r\n                        background: url(https:\/\/static.africa-press.net\/cote\/sites\/43\/2023\/02\/postMediaimg_2_2-80x60.jpg) 0 0 no-repeat;\r\n                    }\r\n                <\/style>\r\n\r\n                <div id=\"td_uid_1_69f5511d85cf4\" class=\"td-gallery td-slide-on-2-columns\">\r\n                    <div class=\"post_td_gallery\">\r\n                        <div class=\"td-gallery-slide-top\">\r\n                           <div class=\"td-gallery-title\"><\/div>\r\n\r\n                            <div class=\"td-gallery-controls-wrapper\">\r\n                                <div class=\"td-gallery-slide-count\"><span class=\"td-gallery-slide-item-focus\">1<\/span> de 2<\/div>\r\n                                <div class=\"td-gallery-slide-prev-next-but\">\r\n                                    <i class = \"td-icon-left doubleSliderPrevButton\"><\/i>\r\n                                    <i class = \"td-icon-right doubleSliderNextButton\"><\/i>\r\n                                <\/div>\r\n                            <\/div>\r\n                        <\/div>\r\n\r\n                        <div class = \"td-doubleSlider-1 \">\r\n                            <div class = \"td-slider\">\r\n                                \r\n                    <div class = \"td-slide-item td-item1\">\r\n                        <figure class=\"td-slide-galery-figure td-slide-popup-gallery\">\r\n                            <a class=\"slide-gallery-image-link\" href=\"https:\/\/static.africa-press.net\/cote\/sites\/43\/2023\/02\/postMediaimg_2_1-63e3ee789fb05.jpg\" title=\"postMediaimg_2_1-63e3ee789fb05\"  data-caption=\"\"  data-description=\"\">\r\n                                <img decoding=\"async\" src=\"https:\/\/static.africa-press.net\/cote\/sites\/43\/2023\/02\/postMediaimg_2_1-63e3ee789fb05.jpg\" srcset=\"https:\/\/static.africa-press.net\/cote\/sites\/43\/2023\/02\/postMediaimg_2_1-63e3ee789fb05.jpg 625w, https:\/\/static.africa-press.net\/cote\/sites\/43\/2023\/02\/postMediaimg_2_1-63e3ee789fb05-225x300.jpg 225w\" sizes=\"(max-width: 625px) 100vw, 625px\" alt=\"\">\r\n                            <\/a>\r\n                            \r\n                        <\/figure>\r\n                    <\/div>\r\n                    <div class = \"td-slide-item td-item2\">\r\n                        <figure class=\"td-slide-galery-figure td-slide-popup-gallery\">\r\n                            <a class=\"slide-gallery-image-link\" href=\"https:\/\/static.africa-press.net\/cote\/sites\/43\/2023\/02\/postMediaimg_2_2.jpg\" title=\"postMediaimg_2_2\"  data-caption=\"\"  data-description=\"\">\r\n                                <img decoding=\"async\" src=\"https:\/\/static.africa-press.net\/cote\/sites\/43\/2023\/02\/postMediaimg_2_2.jpg\" srcset=\"https:\/\/static.africa-press.net\/cote\/sites\/43\/2023\/02\/postMediaimg_2_2.jpg 625w, https:\/\/static.africa-press.net\/cote\/sites\/43\/2023\/02\/postMediaimg_2_2-225x300.jpg 225w\" sizes=\"(max-width: 625px) 100vw, 625px\" alt=\"\">\r\n                            <\/a>\r\n                            \r\n                        <\/figure>\r\n                    <\/div>\r\n                            <\/div>\r\n                        <\/div>\r\n\r\n                        <div class = \"td-doubleSlider-2\">\r\n                            <div class = \"td-slider\">\r\n                                \r\n                    <div class = \"td-button td-item1\">\r\n                        <div class = \"td-border\"><\/div>\r\n                    <\/div>\r\n                    <div class = \"td-button td-item2\">\r\n                        <div class = \"td-border\"><\/div>\r\n                    <\/div>\r\n                            <\/div>\r\n                        <\/div>\r\n\r\n                    <\/div>\r\n\r\n                <\/div>\r\n                \n<p><strong>Pour plus d&rsquo;informations et d&rsquo;analyses sur la <a href=\"https:\/\/www.africa-press.net\/cotedivoire\">C\u00f4te d&rsquo;Ivoire<\/a>, suivez <a href=\"https:\/\/www.africa-press.net\/\">Africa-Press<\/a><\/strong><\/p>\n","protected":false},"excerpt":{"rendered":"<p>Africa-Press &#8211; C\u00f4te d&rsquo;Ivoire. Une Assemble\u0301e Ge\u0301ne\u0301rale Elective du Syndicat National du Personnel des Communes et Districts Ivoiriens (SYNAPECODI) est annonce\u0301e pour se tenir le vendredi 10 et samedi 11 fe\u0301vrier 2023 a\u0300 la Mairie de Yopougon. Les organisateurs de l&rsquo;AGE associent les images du Maire de la commune Gilbert Kafana Kone\u0301 et celle du [&hellip;]<\/p>\n","protected":false},"author":82,"featured_media":52955,"comment_status":"open","ping_status":"closed","sticky":false,"template":"","format":"standard","meta":{"footnotes":""},"categories":[21,10],"tags":[1265,56,63,29,1313,698,3328,540],"class_list":["post-52956","post","type-post","status-publish","format-standard","has-post-thumbnail","hentry","category-communaute","category-toutes-les-actualites","tag-adama-bictogo","tag-africa-press","tag-africa-press-cote-divoire","tag-cote-divoire","tag-kafana-kone","tag-mairie","tag-synapecodi","tag-yopougon"],"yoast_head":"<!-- This site is optimized with the Yoast SEO Premium plugin v26.1 (Yoast SEO v27.0) - https:\/\/yoast.com\/product\/yoast-seo-premium-wordpress\/ -->\n<title>L&#039;ill\u00e9galit\u00e9 de l&#039;AG \u00e9lective du Syndicat National du Personnel des Communes et Districts d\u00e9nonc\u00e9e, les personnalit\u00e9s cit\u00e9es invit\u00e9es \u00e0 se dissocier de la rencontre - C\u00f4te d&#039;Ivoire<\/title>\n<meta name=\"description\" content=\"Une Assemble\u0301e Ge\u0301ne\u0301rale Elective du Syndicat National du Personnel des Communes et Districts Ivoiriens (SYNAPECODI) es ...\" \/>\n<meta name=\"robots\" content=\"index, follow, max-snippet:-1, max-image-preview:large, max-video-preview:-1\" \/>\n<link rel=\"canonical\" href=\"https:\/\/www.africa-press.net\/cotedivoire\/toutes-les-actualites\/lillegalite-de-lag-elective-du-syndicat-national-du-personnel-des-communes-et-districts-denoncee-les-personnalites-citees-invitees-a-se-dissocier-de-la-rencontre\" \/>\n<meta property=\"og:locale\" content=\"fr_FR\" \/>\n<meta property=\"og:type\" content=\"article\" \/>\n<meta property=\"og:title\" content=\"L&#039;ill\u00e9galit\u00e9 de l&#039;AG \u00e9lective du Syndicat National du Personnel des Communes et Districts d\u00e9nonc\u00e9e, les personnalit\u00e9s cit\u00e9es invit\u00e9es \u00e0 se dissocier de la rencontre\" \/>\n<meta property=\"og:description\" content=\"Une Assemble\u0301e Ge\u0301ne\u0301rale Elective du Syndicat National du Personnel des Communes et Districts Ivoiriens (SYNAPECODI) es ...\" \/>\n<meta property=\"og:url\" content=\"https:\/\/www.africa-press.net\/cotedivoire\/toutes-les-actualites\/lillegalite-de-lag-elective-du-syndicat-national-du-personnel-des-communes-et-districts-denoncee-les-personnalites-citees-invitees-a-se-dissocier-de-la-rencontre\" \/>\n<meta property=\"og:site_name\" content=\"C\u00f4te d&#039;Ivoire\" \/>\n<meta property=\"article:published_time\" content=\"2023-02-08T18:43:42+00:00\" \/>\n<meta property=\"article:modified_time\" content=\"2023-02-08T18:49:00+00:00\" \/>\n<meta property=\"og:image\" content=\"https:\/\/static.africa-press.net\/cote\/sites\/43\/2023\/02\/postQueueImg_1675869236.30.jpg\" \/>\n\t<meta property=\"og:image:width\" content=\"720\" \/>\n\t<meta property=\"og:image:height\" content=\"369\" \/>\n\t<meta property=\"og:image:type\" content=\"image\/jpeg\" \/>\n<meta name=\"author\" content=\"cfeditorfr\" \/>\n<meta name=\"twitter:card\" content=\"summary_large_image\" \/>\n<meta name=\"twitter:label1\" content=\"\u00c9crit par\" \/>\n\t<meta name=\"twitter:data1\" content=\"cfeditorfr\" \/>\n\t<meta name=\"twitter:label2\" content=\"Dur\u00e9e de lecture estim\u00e9e\" \/>\n\t<meta name=\"twitter:data2\" content=\"2 minutes\" \/>\n<script type=\"application\/ld+json\" class=\"yoast-schema-graph\">{\"@context\":\"https:\/\/schema.org\",\"@graph\":[{\"@type\":\"Article\",\"@id\":\"https:\/\/www.africa-press.net\/cotedivoire\/toutes-les-actualites\/lillegalite-de-lag-elective-du-syndicat-national-du-personnel-des-communes-et-districts-denoncee-les-personnalites-citees-invitees-a-se-dissocier-de-la-rencontre#article\",\"isPartOf\":{\"@id\":\"https:\/\/www.africa-press.net\/cotedivoire\/toutes-les-actualites\/lillegalite-de-lag-elective-du-syndicat-national-du-personnel-des-communes-et-districts-denoncee-les-personnalites-citees-invitees-a-se-dissocier-de-la-rencontre\"},\"author\":{\"name\":\"cfeditorfr\",\"@id\":\"https:\/\/www.africa-press.net\/cotedivoire\/#\/schema\/person\/2b1cf3cd81a31e3cd26889ca66d677f1\"},\"headline\":\"L&rsquo;ill\u00e9galit\u00e9 de l&rsquo;AG \u00e9lective du Syndicat National du Personnel des Communes et Districts d\u00e9nonc\u00e9e, les personnalit\u00e9s cit\u00e9es invit\u00e9es \u00e0 se dissocier de la rencontre\",\"datePublished\":\"2023-02-08T18:43:42+00:00\",\"dateModified\":\"2023-02-08T18:49:00+00:00\",\"mainEntityOfPage\":{\"@id\":\"https:\/\/www.africa-press.net\/cotedivoire\/toutes-les-actualites\/lillegalite-de-lag-elective-du-syndicat-national-du-personnel-des-communes-et-districts-denoncee-les-personnalites-citees-invitees-a-se-dissocier-de-la-rencontre\"},\"wordCount\":290,\"commentCount\":0,\"image\":{\"@id\":\"https:\/\/www.africa-press.net\/cotedivoire\/toutes-les-actualites\/lillegalite-de-lag-elective-du-syndicat-national-du-personnel-des-communes-et-districts-denoncee-les-personnalites-citees-invitees-a-se-dissocier-de-la-rencontre#primaryimage\"},\"thumbnailUrl\":\"https:\/\/static.africa-press.net\/cote\/sites\/43\/2023\/02\/postQueueImg_1675869236.30.jpg\",\"keywords\":[\"Adama Bictogo\",\"Africa Press\",\"Africa Press-C\u00f4te d'Ivoire\",\"C\u00d4TE D'IVOIRE\",\"Kafana Kon\u00e9\",\"Mairie\",\"SYNAPECODI\",\"Yopougon\"],\"articleSection\":[\"Communaut\u00e9\",\"Toutes les actualit\u00e9s\"],\"inLanguage\":\"fr-FR\",\"potentialAction\":[{\"@type\":\"CommentAction\",\"name\":\"Comment\",\"target\":[\"https:\/\/www.africa-press.net\/cotedivoire\/toutes-les-actualites\/lillegalite-de-lag-elective-du-syndicat-national-du-personnel-des-communes-et-districts-denoncee-les-personnalites-citees-invitees-a-se-dissocier-de-la-rencontre#respond\"]}]},{\"@type\":\"WebPage\",\"@id\":\"https:\/\/www.africa-press.net\/cotedivoire\/toutes-les-actualites\/lillegalite-de-lag-elective-du-syndicat-national-du-personnel-des-communes-et-districts-denoncee-les-personnalites-citees-invitees-a-se-dissocier-de-la-rencontre\",\"url\":\"https:\/\/www.africa-press.net\/cotedivoire\/toutes-les-actualites\/lillegalite-de-lag-elective-du-syndicat-national-du-personnel-des-communes-et-districts-denoncee-les-personnalites-citees-invitees-a-se-dissocier-de-la-rencontre\",\"name\":\"L'ill\u00e9galit\u00e9 de l'AG \u00e9lective du Syndicat National du Personnel des Communes et Districts d\u00e9nonc\u00e9e, les personnalit\u00e9s cit\u00e9es invit\u00e9es \u00e0 se dissocier de la rencontre - C\u00f4te d&#039;Ivoire\",\"isPartOf\":{\"@id\":\"https:\/\/www.africa-press.net\/cotedivoire\/#website\"},\"primaryImageOfPage\":{\"@id\":\"https:\/\/www.africa-press.net\/cotedivoire\/toutes-les-actualites\/lillegalite-de-lag-elective-du-syndicat-national-du-personnel-des-communes-et-districts-denoncee-les-personnalites-citees-invitees-a-se-dissocier-de-la-rencontre#primaryimage\"},\"image\":{\"@id\":\"https:\/\/www.africa-press.net\/cotedivoire\/toutes-les-actualites\/lillegalite-de-lag-elective-du-syndicat-national-du-personnel-des-communes-et-districts-denoncee-les-personnalites-citees-invitees-a-se-dissocier-de-la-rencontre#primaryimage\"},\"thumbnailUrl\":\"https:\/\/static.africa-press.net\/cote\/sites\/43\/2023\/02\/postQueueImg_1675869236.30.jpg\",\"datePublished\":\"2023-02-08T18:43:42+00:00\",\"dateModified\":\"2023-02-08T18:49:00+00:00\",\"author\":{\"@id\":\"https:\/\/www.africa-press.net\/cotedivoire\/#\/schema\/person\/2b1cf3cd81a31e3cd26889ca66d677f1\"},\"description\":\"Une Assemble\u0301e Ge\u0301ne\u0301rale Elective du Syndicat National du Personnel des Communes et Districts Ivoiriens (SYNAPECODI) es ...\",\"breadcrumb\":{\"@id\":\"https:\/\/www.africa-press.net\/cotedivoire\/toutes-les-actualites\/lillegalite-de-lag-elective-du-syndicat-national-du-personnel-des-communes-et-districts-denoncee-les-personnalites-citees-invitees-a-se-dissocier-de-la-rencontre#breadcrumb\"},\"inLanguage\":\"fr-FR\",\"potentialAction\":[{\"@type\":\"ReadAction\",\"target\":[\"https:\/\/www.africa-press.net\/cotedivoire\/toutes-les-actualites\/lillegalite-de-lag-elective-du-syndicat-national-du-personnel-des-communes-et-districts-denoncee-les-personnalites-citees-invitees-a-se-dissocier-de-la-rencontre\"]}]},{\"@type\":\"ImageObject\",\"inLanguage\":\"fr-FR\",\"@id\":\"https:\/\/www.africa-press.net\/cotedivoire\/toutes-les-actualites\/lillegalite-de-lag-elective-du-syndicat-national-du-personnel-des-communes-et-districts-denoncee-les-personnalites-citees-invitees-a-se-dissocier-de-la-rencontre#primaryimage\",\"url\":\"https:\/\/static.africa-press.net\/cote\/sites\/43\/2023\/02\/postQueueImg_1675869236.30.jpg\",\"contentUrl\":\"https:\/\/static.africa-press.net\/cote\/sites\/43\/2023\/02\/postQueueImg_1675869236.30.jpg\",\"width\":720,\"height\":369,\"caption\":\"L'ill\u00e9galit\u00e9 de l'AG \u00e9lective du Syndicat National du Personnel des Communes et Districts d\u00e9nonc\u00e9e, les personnalit\u00e9s cit\u00e9es invit\u00e9es \u00e0 se dissocier de la rencontre\"},{\"@type\":\"BreadcrumbList\",\"@id\":\"https:\/\/www.africa-press.net\/cotedivoire\/toutes-les-actualites\/lillegalite-de-lag-elective-du-syndicat-national-du-personnel-des-communes-et-districts-denoncee-les-personnalites-citees-invitees-a-se-dissocier-de-la-rencontre#breadcrumb\",\"itemListElement\":[{\"@type\":\"ListItem\",\"position\":1,\"name\":\"Accueil\",\"item\":\"https:\/\/www.africa-press.net\/cotedivoire\/\"},{\"@type\":\"ListItem\",\"position\":2,\"name\":\"L&#8217;ill\u00e9galit\u00e9 de l&#8217;AG \u00e9lective du Syndicat National du Personnel des Communes et Districts d\u00e9nonc\u00e9e, les personnalit\u00e9s cit\u00e9es invit\u00e9es \u00e0 se dissocier de la rencontre\"}]},{\"@type\":\"WebSite\",\"@id\":\"https:\/\/www.africa-press.net\/cotedivoire\/#website\",\"url\":\"https:\/\/www.africa-press.net\/cotedivoire\/\",\"name\":\"C\u00f4te d&#039;Ivoire\",\"description\":\"Just another Africa News Agency Sites site\",\"potentialAction\":[{\"@type\":\"SearchAction\",\"target\":{\"@type\":\"EntryPoint\",\"urlTemplate\":\"https:\/\/www.africa-press.net\/cotedivoire\/?s={search_term_string}\"},\"query-input\":{\"@type\":\"PropertyValueSpecification\",\"valueRequired\":true,\"valueName\":\"search_term_string\"}}],\"inLanguage\":\"fr-FR\"},{\"@type\":\"Person\",\"@id\":\"https:\/\/www.africa-press.net\/cotedivoire\/#\/schema\/person\/2b1cf3cd81a31e3cd26889ca66d677f1\",\"name\":\"cfeditorfr\"}]}<\/script>\n<!-- \/ Yoast SEO Premium plugin. -->","yoast_head_json":{"title":"L'ill\u00e9galit\u00e9 de l'AG \u00e9lective du Syndicat National du Personnel des Communes et Districts d\u00e9nonc\u00e9e, les personnalit\u00e9s cit\u00e9es invit\u00e9es \u00e0 se dissocier de la rencontre - C\u00f4te d&#039;Ivoire","description":"Une Assemble\u0301e Ge\u0301ne\u0301rale Elective du Syndicat National du Personnel des Communes et Districts Ivoiriens (SYNAPECODI) es ...","robots":{"index":"index","follow":"follow","max-snippet":"max-snippet:-1","max-image-preview":"max-image-preview:large","max-video-preview":"max-video-preview:-1"},"canonical":"https:\/\/www.africa-press.net\/cotedivoire\/toutes-les-actualites\/lillegalite-de-lag-elective-du-syndicat-national-du-personnel-des-communes-et-districts-denoncee-les-personnalites-citees-invitees-a-se-dissocier-de-la-rencontre","og_locale":"fr_FR","og_type":"article","og_title":"L'ill\u00e9galit\u00e9 de l'AG \u00e9lective du Syndicat National du Personnel des Communes et Districts d\u00e9nonc\u00e9e, les personnalit\u00e9s cit\u00e9es invit\u00e9es \u00e0 se dissocier de la rencontre","og_description":"Une Assemble\u0301e Ge\u0301ne\u0301rale Elective du Syndicat National du Personnel des Communes et Districts Ivoiriens (SYNAPECODI) es ...","og_url":"https:\/\/www.africa-press.net\/cotedivoire\/toutes-les-actualites\/lillegalite-de-lag-elective-du-syndicat-national-du-personnel-des-communes-et-districts-denoncee-les-personnalites-citees-invitees-a-se-dissocier-de-la-rencontre","og_site_name":"C\u00f4te d&#039;Ivoire","article_published_time":"2023-02-08T18:43:42+00:00","article_modified_time":"2023-02-08T18:49:00+00:00","og_image":[{"width":720,"height":369,"url":"https:\/\/static.africa-press.net\/cote\/sites\/43\/2023\/02\/postQueueImg_1675869236.30.jpg","type":"image\/jpeg"}],"author":"cfeditorfr","twitter_card":"summary_large_image","twitter_misc":{"\u00c9crit par":"cfeditorfr","Dur\u00e9e de lecture estim\u00e9e":"2 minutes"},"schema":{"@context":"https:\/\/schema.org","@graph":[{"@type":"Article","@id":"https:\/\/www.africa-press.net\/cotedivoire\/toutes-les-actualites\/lillegalite-de-lag-elective-du-syndicat-national-du-personnel-des-communes-et-districts-denoncee-les-personnalites-citees-invitees-a-se-dissocier-de-la-rencontre#article","isPartOf":{"@id":"https:\/\/www.africa-press.net\/cotedivoire\/toutes-les-actualites\/lillegalite-de-lag-elective-du-syndicat-national-du-personnel-des-communes-et-districts-denoncee-les-personnalites-citees-invitees-a-se-dissocier-de-la-rencontre"},"author":{"name":"cfeditorfr","@id":"https:\/\/www.africa-press.net\/cotedivoire\/#\/schema\/person\/2b1cf3cd81a31e3cd26889ca66d677f1"},"headline":"L&rsquo;ill\u00e9galit\u00e9 de l&rsquo;AG \u00e9lective du Syndicat National du Personnel des Communes et Districts d\u00e9nonc\u00e9e, les personnalit\u00e9s cit\u00e9es invit\u00e9es \u00e0 se dissocier de la rencontre","datePublished":"2023-02-08T18:43:42+00:00","dateModified":"2023-02-08T18:49:00+00:00","mainEntityOfPage":{"@id":"https:\/\/www.africa-press.net\/cotedivoire\/toutes-les-actualites\/lillegalite-de-lag-elective-du-syndicat-national-du-personnel-des-communes-et-districts-denoncee-les-personnalites-citees-invitees-a-se-dissocier-de-la-rencontre"},"wordCount":290,"commentCount":0,"image":{"@id":"https:\/\/www.africa-press.net\/cotedivoire\/toutes-les-actualites\/lillegalite-de-lag-elective-du-syndicat-national-du-personnel-des-communes-et-districts-denoncee-les-personnalites-citees-invitees-a-se-dissocier-de-la-rencontre#primaryimage"},"thumbnailUrl":"https:\/\/static.africa-press.net\/cote\/sites\/43\/2023\/02\/postQueueImg_1675869236.30.jpg","keywords":["Adama Bictogo","Africa Press","Africa Press-C\u00f4te d'Ivoire","C\u00d4TE D'IVOIRE","Kafana Kon\u00e9","Mairie","SYNAPECODI","Yopougon"],"articleSection":["Communaut\u00e9","Toutes les actualit\u00e9s"],"inLanguage":"fr-FR","potentialAction":[{"@type":"CommentAction","name":"Comment","target":["https:\/\/www.africa-press.net\/cotedivoire\/toutes-les-actualites\/lillegalite-de-lag-elective-du-syndicat-national-du-personnel-des-communes-et-districts-denoncee-les-personnalites-citees-invitees-a-se-dissocier-de-la-rencontre#respond"]}]},{"@type":"WebPage","@id":"https:\/\/www.africa-press.net\/cotedivoire\/toutes-les-actualites\/lillegalite-de-lag-elective-du-syndicat-national-du-personnel-des-communes-et-districts-denoncee-les-personnalites-citees-invitees-a-se-dissocier-de-la-rencontre","url":"https:\/\/www.africa-press.net\/cotedivoire\/toutes-les-actualites\/lillegalite-de-lag-elective-du-syndicat-national-du-personnel-des-communes-et-districts-denoncee-les-personnalites-citees-invitees-a-se-dissocier-de-la-rencontre","name":"L'ill\u00e9galit\u00e9 de l'AG \u00e9lective du Syndicat National du Personnel des Communes et Districts d\u00e9nonc\u00e9e, les personnalit\u00e9s cit\u00e9es invit\u00e9es \u00e0 se dissocier de la rencontre - C\u00f4te d&#039;Ivoire","isPartOf":{"@id":"https:\/\/www.africa-press.net\/cotedivoire\/#website"},"primaryImageOfPage":{"@id":"https:\/\/www.africa-press.net\/cotedivoire\/toutes-les-actualites\/lillegalite-de-lag-elective-du-syndicat-national-du-personnel-des-communes-et-districts-denoncee-les-personnalites-citees-invitees-a-se-dissocier-de-la-rencontre#primaryimage"},"image":{"@id":"https:\/\/www.africa-press.net\/cotedivoire\/toutes-les-actualites\/lillegalite-de-lag-elective-du-syndicat-national-du-personnel-des-communes-et-districts-denoncee-les-personnalites-citees-invitees-a-se-dissocier-de-la-rencontre#primaryimage"},"thumbnailUrl":"https:\/\/static.africa-press.net\/cote\/sites\/43\/2023\/02\/postQueueImg_1675869236.30.jpg","datePublished":"2023-02-08T18:43:42+00:00","dateModified":"2023-02-08T18:49:00+00:00","author":{"@id":"https:\/\/www.africa-press.net\/cotedivoire\/#\/schema\/person\/2b1cf3cd81a31e3cd26889ca66d677f1"},"description":"Une Assemble\u0301e Ge\u0301ne\u0301rale Elective du Syndicat National du Personnel des Communes et Districts Ivoiriens (SYNAPECODI) es ...","breadcrumb":{"@id":"https:\/\/www.africa-press.net\/cotedivoire\/toutes-les-actualites\/lillegalite-de-lag-elective-du-syndicat-national-du-personnel-des-communes-et-districts-denoncee-les-personnalites-citees-invitees-a-se-dissocier-de-la-rencontre#breadcrumb"},"inLanguage":"fr-FR","potentialAction":[{"@type":"ReadAction","target":["https:\/\/www.africa-press.net\/cotedivoire\/toutes-les-actualites\/lillegalite-de-lag-elective-du-syndicat-national-du-personnel-des-communes-et-districts-denoncee-les-personnalites-citees-invitees-a-se-dissocier-de-la-rencontre"]}]},{"@type":"ImageObject","inLanguage":"fr-FR","@id":"https:\/\/www.africa-press.net\/cotedivoire\/toutes-les-actualites\/lillegalite-de-lag-elective-du-syndicat-national-du-personnel-des-communes-et-districts-denoncee-les-personnalites-citees-invitees-a-se-dissocier-de-la-rencontre#primaryimage","url":"https:\/\/static.africa-press.net\/cote\/sites\/43\/2023\/02\/postQueueImg_1675869236.30.jpg","contentUrl":"https:\/\/static.africa-press.net\/cote\/sites\/43\/2023\/02\/postQueueImg_1675869236.30.jpg","width":720,"height":369,"caption":"L'ill\u00e9galit\u00e9 de l'AG \u00e9lective du Syndicat National du Personnel des Communes et Districts d\u00e9nonc\u00e9e, les personnalit\u00e9s cit\u00e9es invit\u00e9es \u00e0 se dissocier de la rencontre"},{"@type":"BreadcrumbList","@id":"https:\/\/www.africa-press.net\/cotedivoire\/toutes-les-actualites\/lillegalite-de-lag-elective-du-syndicat-national-du-personnel-des-communes-et-districts-denoncee-les-personnalites-citees-invitees-a-se-dissocier-de-la-rencontre#breadcrumb","itemListElement":[{"@type":"ListItem","position":1,"name":"Accueil","item":"https:\/\/www.africa-press.net\/cotedivoire\/"},{"@type":"ListItem","position":2,"name":"L&#8217;ill\u00e9galit\u00e9 de l&#8217;AG \u00e9lective du Syndicat National du Personnel des Communes et Districts d\u00e9nonc\u00e9e, les personnalit\u00e9s cit\u00e9es invit\u00e9es \u00e0 se dissocier de la rencontre"}]},{"@type":"WebSite","@id":"https:\/\/www.africa-press.net\/cotedivoire\/#website","url":"https:\/\/www.africa-press.net\/cotedivoire\/","name":"C\u00f4te d&#039;Ivoire","description":"Just another Africa News Agency Sites site","potentialAction":[{"@type":"SearchAction","target":{"@type":"EntryPoint","urlTemplate":"https:\/\/www.africa-press.net\/cotedivoire\/?s={search_term_string}"},"query-input":{"@type":"PropertyValueSpecification","valueRequired":true,"valueName":"search_term_string"}}],"inLanguage":"fr-FR"},{"@type":"Person","@id":"https:\/\/www.africa-press.net\/cotedivoire\/#\/schema\/person\/2b1cf3cd81a31e3cd26889ca66d677f1","name":"cfeditorfr"}]}},"_links":{"self":[{"href":"https:\/\/www.africa-press.net\/cotedivoire\/wp-json\/wp\/v2\/posts\/52956","targetHints":{"allow":["GET"]}}],"collection":[{"href":"https:\/\/www.africa-press.net\/cotedivoire\/wp-json\/wp\/v2\/posts"}],"about":[{"href":"https:\/\/www.africa-press.net\/cotedivoire\/wp-json\/wp\/v2\/types\/post"}],"author":[{"embeddable":true,"href":"https:\/\/www.africa-press.net\/cotedivoire\/wp-json\/wp\/v2\/users\/82"}],"replies":[{"embeddable":true,"href":"https:\/\/www.africa-press.net\/cotedivoire\/wp-json\/wp\/v2\/comments?post=52956"}],"version-history":[{"count":0,"href":"https:\/\/www.africa-press.net\/cotedivoire\/wp-json\/wp\/v2\/posts\/52956\/revisions"}],"wp:featuredmedia":[{"embeddable":true,"href":"https:\/\/www.africa-press.net\/cotedivoire\/wp-json\/wp\/v2\/media\/52955"}],"wp:attachment":[{"href":"https:\/\/www.africa-press.net\/cotedivoire\/wp-json\/wp\/v2\/media?parent=52956"}],"wp:term":[{"taxonomy":"category","embeddable":true,"href":"https:\/\/www.africa-press.net\/cotedivoire\/wp-json\/wp\/v2\/categories?post=52956"},{"taxonomy":"post_tag","embeddable":true,"href":"https:\/\/www.africa-press.net\/cotedivoire\/wp-json\/wp\/v2\/tags?post=52956"}],"curies":[{"name":"wp","href":"https:\/\/api.w.org\/{rel}","templated":true}]}}