{"id":53369,"date":"2023-02-16T18:11:16","date_gmt":"2023-02-16T18:11:16","guid":{"rendered":"https:\/\/www.africa-press.net\/cotedivoire\/politique\/le-contrat-de-gervinho-avec-le-club-grec-de-laris-salonique-resilie-pour-insuffisance-de-rendement"},"modified":"2023-02-16T18:25:38","modified_gmt":"2023-02-16T18:25:38","slug":"le-contrat-de-gervinho-avec-le-club-grec-de-laris-salonique-resilie-pour-insuffisance-de-rendement","status":"publish","type":"post","link":"https:\/\/www.africa-press.net\/cotedivoire\/sports\/le-contrat-de-gervinho-avec-le-club-grec-de-laris-salonique-resilie-pour-insuffisance-de-rendement","title":{"rendered":"Le contrat de Gervinho avec le club Grec de l&rsquo;Aris Salonique r\u00e9sili\u00e9 pour \u00ab insuffisance de rendement \u00bb"},"content":{"rendered":"<p><span style=\"color: #ff6600\"><strong>Africa-Press &#8211; C\u00f4te d&rsquo;Ivoire. <\/strong><\/span>Le contrat de Yao Kouassi Gervais dit Gervinho 35 ans avec le club Grec de l\u2019Aris Salonique a e\u0301te\u0301 re\u0301silie\u0301. Le champion d\u2019Afrique 2015 s\u2019est engage\u0301 en juillet 2022 pour deux ans avec le club de Thessalonique, e\u0301quipe de premie\u0300re division grecque.<\/p>\n<p>L\u2019ex-ailier du Mans et de Lille qui sortait d&rsquo;une saison ga\u0302che\u0301e par une rupture des ligaments croise\u0301s d&rsquo;un genou avec le club Turc de Trabzonspor, et qui comptait se relancer en Gre\u0300ce.<\/p>\n<p>L\u2019Aris Salonique lui avait propose\u0301 un salaire annuel de 655 millions de FCFA mais l\u2019ex-acade\u0301micien n\u2019a pas re\u0301pondu aux attentes des dirigeants et supporters Grecs d\u2019ou\u0300 la re\u0301siliation de son contrat , comme le rapporte la presse Grecque.<\/p>\n<p>Gervinho qui re\u0302ve de jouer la CAN 2023 en Co\u0302te d\u2019Ivoire va certainement se trouver rapidement une porte de sortie.<\/p>\n<p><strong>Pour plus d&rsquo;informations et d&rsquo;analyses sur la <a href=\"https:\/\/www.africa-press.net\/cotedivoire\">C\u00f4te d&rsquo;Ivoire<\/a>, suivez <a href=\"https:\/\/www.africa-press.net\/\">Africa-Press<\/a><\/strong><\/p>\n","protected":false},"excerpt":{"rendered":"<p>Africa-Press &#8211; C\u00f4te d&rsquo;Ivoire. Le contrat de Yao Kouassi Gervais dit Gervinho 35 ans avec le club Grec de l\u2019Aris Salonique a e\u0301te\u0301 re\u0301silie\u0301. Le champion d\u2019Afrique 2015 s\u2019est engage\u0301 en juillet 2022 pour deux ans avec le club de Thessalonique, e\u0301quipe de premie\u0300re division grecque. L\u2019ex-ailier du Mans et de Lille qui sortait d&rsquo;une [&hellip;]<\/p>\n","protected":false},"author":82,"featured_media":53368,"comment_status":"open","ping_status":"closed","sticky":false,"template":"","format":"standard","meta":{"footnotes":""},"categories":[6,10],"tags":[56,63,9105,3011,29,2254,9106],"class_list":["post-53369","post","type-post","status-publish","format-standard","has-post-thumbnail","hentry","category-sports","category-toutes-les-actualites","tag-africa-press","tag-africa-press-cote-divoire","tag-aris-salonique","tag-contrat","tag-cote-divoire","tag-gervinho","tag-resilie"],"yoast_head":"<!-- This site is optimized with the Yoast SEO Premium plugin v26.1 (Yoast SEO v27.0) - https:\/\/yoast.com\/product\/yoast-seo-premium-wordpress\/ -->\n<title>Le contrat de Gervinho avec le club Grec de l&#039;Aris Salonique r\u00e9sili\u00e9 pour \u00ab insuffisance de rendement \u00bb - C\u00f4te d&#039;Ivoire<\/title>\n<meta name=\"description\" content=\"Le contrat de Yao Kouassi Gervais dit Gervinho 35 ans avec le club Grec de l\u2019Aris Salonique a e\u0301te\u0301 re\u0301silie\u0301. Le champi ...\" \/>\n<meta name=\"robots\" content=\"index, follow, max-snippet:-1, max-image-preview:large, max-video-preview:-1\" \/>\n<link rel=\"canonical\" href=\"https:\/\/www.africa-press.net\/cotedivoire\/sports\/le-contrat-de-gervinho-avec-le-club-grec-de-laris-salonique-resilie-pour-insuffisance-de-rendement\" \/>\n<meta property=\"og:locale\" content=\"fr_FR\" \/>\n<meta property=\"og:type\" content=\"article\" \/>\n<meta property=\"og:title\" content=\"Le contrat de Gervinho avec le club Grec de l&#039;Aris Salonique r\u00e9sili\u00e9 pour \u00ab insuffisance de rendement \u00bb\" \/>\n<meta property=\"og:description\" content=\"Le contrat de Yao Kouassi Gervais dit Gervinho 35 ans avec le club Grec de l\u2019Aris Salonique a e\u0301te\u0301 re\u0301silie\u0301. Le champi ...\" \/>\n<meta property=\"og:url\" content=\"https:\/\/www.africa-press.net\/cotedivoire\/sports\/le-contrat-de-gervinho-avec-le-club-grec-de-laris-salonique-resilie-pour-insuffisance-de-rendement\" \/>\n<meta property=\"og:site_name\" content=\"C\u00f4te d&#039;Ivoire\" \/>\n<meta property=\"article:published_time\" content=\"2023-02-16T18:11:16+00:00\" \/>\n<meta property=\"article:modified_time\" content=\"2023-02-16T18:25:38+00:00\" \/>\n<meta property=\"og:image\" content=\"https:\/\/static.africa-press.net\/cote\/sites\/43\/2023\/02\/postQueueImg_1676558496.56.jpg\" \/>\n\t<meta property=\"og:image:width\" content=\"720\" \/>\n\t<meta property=\"og:image:height\" content=\"364\" \/>\n\t<meta property=\"og:image:type\" content=\"image\/jpeg\" \/>\n<meta name=\"author\" content=\"cfeditorfr\" \/>\n<meta name=\"twitter:card\" content=\"summary_large_image\" \/>\n<meta name=\"twitter:label1\" content=\"\u00c9crit par\" \/>\n\t<meta name=\"twitter:data1\" content=\"cfeditorfr\" \/>\n\t<meta name=\"twitter:label2\" content=\"Dur\u00e9e de lecture estim\u00e9e\" \/>\n\t<meta name=\"twitter:data2\" content=\"1 minute\" \/>\n<script type=\"application\/ld+json\" class=\"yoast-schema-graph\">{\"@context\":\"https:\/\/schema.org\",\"@graph\":[{\"@type\":\"Article\",\"@id\":\"https:\/\/www.africa-press.net\/cotedivoire\/sports\/le-contrat-de-gervinho-avec-le-club-grec-de-laris-salonique-resilie-pour-insuffisance-de-rendement#article\",\"isPartOf\":{\"@id\":\"https:\/\/www.africa-press.net\/cotedivoire\/sports\/le-contrat-de-gervinho-avec-le-club-grec-de-laris-salonique-resilie-pour-insuffisance-de-rendement\"},\"author\":{\"name\":\"cfeditorfr\",\"@id\":\"https:\/\/www.africa-press.net\/cotedivoire\/#\/schema\/person\/2b1cf3cd81a31e3cd26889ca66d677f1\"},\"headline\":\"Le contrat de Gervinho avec le club Grec de l&rsquo;Aris Salonique r\u00e9sili\u00e9 pour \u00ab insuffisance de rendement \u00bb\",\"datePublished\":\"2023-02-16T18:11:16+00:00\",\"dateModified\":\"2023-02-16T18:25:38+00:00\",\"mainEntityOfPage\":{\"@id\":\"https:\/\/www.africa-press.net\/cotedivoire\/sports\/le-contrat-de-gervinho-avec-le-club-grec-de-laris-salonique-resilie-pour-insuffisance-de-rendement\"},\"wordCount\":189,\"commentCount\":0,\"image\":{\"@id\":\"https:\/\/www.africa-press.net\/cotedivoire\/sports\/le-contrat-de-gervinho-avec-le-club-grec-de-laris-salonique-resilie-pour-insuffisance-de-rendement#primaryimage\"},\"thumbnailUrl\":\"https:\/\/static.africa-press.net\/cote\/sites\/43\/2023\/02\/postQueueImg_1676558496.56.jpg\",\"keywords\":[\"Africa Press\",\"Africa Press-C\u00f4te d'Ivoire\",\"Aris Salonique\",\"contrat\",\"C\u00d4TE D'IVOIRE\",\"Gervinho\",\"r\u00e9sili\u00e9\"],\"articleSection\":[\"Sports\",\"Toutes les actualit\u00e9s\"],\"inLanguage\":\"fr-FR\",\"potentialAction\":[{\"@type\":\"CommentAction\",\"name\":\"Comment\",\"target\":[\"https:\/\/www.africa-press.net\/cotedivoire\/sports\/le-contrat-de-gervinho-avec-le-club-grec-de-laris-salonique-resilie-pour-insuffisance-de-rendement#respond\"]}]},{\"@type\":\"WebPage\",\"@id\":\"https:\/\/www.africa-press.net\/cotedivoire\/sports\/le-contrat-de-gervinho-avec-le-club-grec-de-laris-salonique-resilie-pour-insuffisance-de-rendement\",\"url\":\"https:\/\/www.africa-press.net\/cotedivoire\/sports\/le-contrat-de-gervinho-avec-le-club-grec-de-laris-salonique-resilie-pour-insuffisance-de-rendement\",\"name\":\"Le contrat de Gervinho avec le club Grec de l'Aris Salonique r\u00e9sili\u00e9 pour \u00ab insuffisance de rendement \u00bb - C\u00f4te d&#039;Ivoire\",\"isPartOf\":{\"@id\":\"https:\/\/www.africa-press.net\/cotedivoire\/#website\"},\"primaryImageOfPage\":{\"@id\":\"https:\/\/www.africa-press.net\/cotedivoire\/sports\/le-contrat-de-gervinho-avec-le-club-grec-de-laris-salonique-resilie-pour-insuffisance-de-rendement#primaryimage\"},\"image\":{\"@id\":\"https:\/\/www.africa-press.net\/cotedivoire\/sports\/le-contrat-de-gervinho-avec-le-club-grec-de-laris-salonique-resilie-pour-insuffisance-de-rendement#primaryimage\"},\"thumbnailUrl\":\"https:\/\/static.africa-press.net\/cote\/sites\/43\/2023\/02\/postQueueImg_1676558496.56.jpg\",\"datePublished\":\"2023-02-16T18:11:16+00:00\",\"dateModified\":\"2023-02-16T18:25:38+00:00\",\"author\":{\"@id\":\"https:\/\/www.africa-press.net\/cotedivoire\/#\/schema\/person\/2b1cf3cd81a31e3cd26889ca66d677f1\"},\"description\":\"Le contrat de Yao Kouassi Gervais dit Gervinho 35 ans avec le club Grec de l\u2019Aris Salonique a e\u0301te\u0301 re\u0301silie\u0301. Le champi ...\",\"breadcrumb\":{\"@id\":\"https:\/\/www.africa-press.net\/cotedivoire\/sports\/le-contrat-de-gervinho-avec-le-club-grec-de-laris-salonique-resilie-pour-insuffisance-de-rendement#breadcrumb\"},\"inLanguage\":\"fr-FR\",\"potentialAction\":[{\"@type\":\"ReadAction\",\"target\":[\"https:\/\/www.africa-press.net\/cotedivoire\/sports\/le-contrat-de-gervinho-avec-le-club-grec-de-laris-salonique-resilie-pour-insuffisance-de-rendement\"]}]},{\"@type\":\"ImageObject\",\"inLanguage\":\"fr-FR\",\"@id\":\"https:\/\/www.africa-press.net\/cotedivoire\/sports\/le-contrat-de-gervinho-avec-le-club-grec-de-laris-salonique-resilie-pour-insuffisance-de-rendement#primaryimage\",\"url\":\"https:\/\/static.africa-press.net\/cote\/sites\/43\/2023\/02\/postQueueImg_1676558496.56.jpg\",\"contentUrl\":\"https:\/\/static.africa-press.net\/cote\/sites\/43\/2023\/02\/postQueueImg_1676558496.56.jpg\",\"width\":720,\"height\":364,\"caption\":\"Le contrat de Gervinho avec le club Grec de l'Aris Salonique r\u00e9sili\u00e9 pour \u00ab insuffisance de rendement \u00bb\"},{\"@type\":\"BreadcrumbList\",\"@id\":\"https:\/\/www.africa-press.net\/cotedivoire\/sports\/le-contrat-de-gervinho-avec-le-club-grec-de-laris-salonique-resilie-pour-insuffisance-de-rendement#breadcrumb\",\"itemListElement\":[{\"@type\":\"ListItem\",\"position\":1,\"name\":\"Accueil\",\"item\":\"https:\/\/www.africa-press.net\/cotedivoire\/\"},{\"@type\":\"ListItem\",\"position\":2,\"name\":\"Le contrat de Gervinho avec le club Grec de l&#8217;Aris Salonique r\u00e9sili\u00e9 pour \u00ab insuffisance de rendement \u00bb\"}]},{\"@type\":\"WebSite\",\"@id\":\"https:\/\/www.africa-press.net\/cotedivoire\/#website\",\"url\":\"https:\/\/www.africa-press.net\/cotedivoire\/\",\"name\":\"C\u00f4te d&#039;Ivoire\",\"description\":\"Just another Africa News Agency Sites site\",\"potentialAction\":[{\"@type\":\"SearchAction\",\"target\":{\"@type\":\"EntryPoint\",\"urlTemplate\":\"https:\/\/www.africa-press.net\/cotedivoire\/?s={search_term_string}\"},\"query-input\":{\"@type\":\"PropertyValueSpecification\",\"valueRequired\":true,\"valueName\":\"search_term_string\"}}],\"inLanguage\":\"fr-FR\"},{\"@type\":\"Person\",\"@id\":\"https:\/\/www.africa-press.net\/cotedivoire\/#\/schema\/person\/2b1cf3cd81a31e3cd26889ca66d677f1\",\"name\":\"cfeditorfr\"}]}<\/script>\n<!-- \/ Yoast SEO Premium plugin. -->","yoast_head_json":{"title":"Le contrat de Gervinho avec le club Grec de l'Aris Salonique r\u00e9sili\u00e9 pour \u00ab insuffisance de rendement \u00bb - C\u00f4te d&#039;Ivoire","description":"Le contrat de Yao Kouassi Gervais dit Gervinho 35 ans avec le club Grec de l\u2019Aris Salonique a e\u0301te\u0301 re\u0301silie\u0301. Le champi ...","robots":{"index":"index","follow":"follow","max-snippet":"max-snippet:-1","max-image-preview":"max-image-preview:large","max-video-preview":"max-video-preview:-1"},"canonical":"https:\/\/www.africa-press.net\/cotedivoire\/sports\/le-contrat-de-gervinho-avec-le-club-grec-de-laris-salonique-resilie-pour-insuffisance-de-rendement","og_locale":"fr_FR","og_type":"article","og_title":"Le contrat de Gervinho avec le club Grec de l'Aris Salonique r\u00e9sili\u00e9 pour \u00ab insuffisance de rendement \u00bb","og_description":"Le contrat de Yao Kouassi Gervais dit Gervinho 35 ans avec le club Grec de l\u2019Aris Salonique a e\u0301te\u0301 re\u0301silie\u0301. Le champi ...","og_url":"https:\/\/www.africa-press.net\/cotedivoire\/sports\/le-contrat-de-gervinho-avec-le-club-grec-de-laris-salonique-resilie-pour-insuffisance-de-rendement","og_site_name":"C\u00f4te d&#039;Ivoire","article_published_time":"2023-02-16T18:11:16+00:00","article_modified_time":"2023-02-16T18:25:38+00:00","og_image":[{"width":720,"height":364,"url":"https:\/\/static.africa-press.net\/cote\/sites\/43\/2023\/02\/postQueueImg_1676558496.56.jpg","type":"image\/jpeg"}],"author":"cfeditorfr","twitter_card":"summary_large_image","twitter_misc":{"\u00c9crit par":"cfeditorfr","Dur\u00e9e de lecture estim\u00e9e":"1 minute"},"schema":{"@context":"https:\/\/schema.org","@graph":[{"@type":"Article","@id":"https:\/\/www.africa-press.net\/cotedivoire\/sports\/le-contrat-de-gervinho-avec-le-club-grec-de-laris-salonique-resilie-pour-insuffisance-de-rendement#article","isPartOf":{"@id":"https:\/\/www.africa-press.net\/cotedivoire\/sports\/le-contrat-de-gervinho-avec-le-club-grec-de-laris-salonique-resilie-pour-insuffisance-de-rendement"},"author":{"name":"cfeditorfr","@id":"https:\/\/www.africa-press.net\/cotedivoire\/#\/schema\/person\/2b1cf3cd81a31e3cd26889ca66d677f1"},"headline":"Le contrat de Gervinho avec le club Grec de l&rsquo;Aris Salonique r\u00e9sili\u00e9 pour \u00ab insuffisance de rendement \u00bb","datePublished":"2023-02-16T18:11:16+00:00","dateModified":"2023-02-16T18:25:38+00:00","mainEntityOfPage":{"@id":"https:\/\/www.africa-press.net\/cotedivoire\/sports\/le-contrat-de-gervinho-avec-le-club-grec-de-laris-salonique-resilie-pour-insuffisance-de-rendement"},"wordCount":189,"commentCount":0,"image":{"@id":"https:\/\/www.africa-press.net\/cotedivoire\/sports\/le-contrat-de-gervinho-avec-le-club-grec-de-laris-salonique-resilie-pour-insuffisance-de-rendement#primaryimage"},"thumbnailUrl":"https:\/\/static.africa-press.net\/cote\/sites\/43\/2023\/02\/postQueueImg_1676558496.56.jpg","keywords":["Africa Press","Africa Press-C\u00f4te d'Ivoire","Aris Salonique","contrat","C\u00d4TE D'IVOIRE","Gervinho","r\u00e9sili\u00e9"],"articleSection":["Sports","Toutes les actualit\u00e9s"],"inLanguage":"fr-FR","potentialAction":[{"@type":"CommentAction","name":"Comment","target":["https:\/\/www.africa-press.net\/cotedivoire\/sports\/le-contrat-de-gervinho-avec-le-club-grec-de-laris-salonique-resilie-pour-insuffisance-de-rendement#respond"]}]},{"@type":"WebPage","@id":"https:\/\/www.africa-press.net\/cotedivoire\/sports\/le-contrat-de-gervinho-avec-le-club-grec-de-laris-salonique-resilie-pour-insuffisance-de-rendement","url":"https:\/\/www.africa-press.net\/cotedivoire\/sports\/le-contrat-de-gervinho-avec-le-club-grec-de-laris-salonique-resilie-pour-insuffisance-de-rendement","name":"Le contrat de Gervinho avec le club Grec de l'Aris Salonique r\u00e9sili\u00e9 pour \u00ab insuffisance de rendement \u00bb - C\u00f4te d&#039;Ivoire","isPartOf":{"@id":"https:\/\/www.africa-press.net\/cotedivoire\/#website"},"primaryImageOfPage":{"@id":"https:\/\/www.africa-press.net\/cotedivoire\/sports\/le-contrat-de-gervinho-avec-le-club-grec-de-laris-salonique-resilie-pour-insuffisance-de-rendement#primaryimage"},"image":{"@id":"https:\/\/www.africa-press.net\/cotedivoire\/sports\/le-contrat-de-gervinho-avec-le-club-grec-de-laris-salonique-resilie-pour-insuffisance-de-rendement#primaryimage"},"thumbnailUrl":"https:\/\/static.africa-press.net\/cote\/sites\/43\/2023\/02\/postQueueImg_1676558496.56.jpg","datePublished":"2023-02-16T18:11:16+00:00","dateModified":"2023-02-16T18:25:38+00:00","author":{"@id":"https:\/\/www.africa-press.net\/cotedivoire\/#\/schema\/person\/2b1cf3cd81a31e3cd26889ca66d677f1"},"description":"Le contrat de Yao Kouassi Gervais dit Gervinho 35 ans avec le club Grec de l\u2019Aris Salonique a e\u0301te\u0301 re\u0301silie\u0301. Le champi ...","breadcrumb":{"@id":"https:\/\/www.africa-press.net\/cotedivoire\/sports\/le-contrat-de-gervinho-avec-le-club-grec-de-laris-salonique-resilie-pour-insuffisance-de-rendement#breadcrumb"},"inLanguage":"fr-FR","potentialAction":[{"@type":"ReadAction","target":["https:\/\/www.africa-press.net\/cotedivoire\/sports\/le-contrat-de-gervinho-avec-le-club-grec-de-laris-salonique-resilie-pour-insuffisance-de-rendement"]}]},{"@type":"ImageObject","inLanguage":"fr-FR","@id":"https:\/\/www.africa-press.net\/cotedivoire\/sports\/le-contrat-de-gervinho-avec-le-club-grec-de-laris-salonique-resilie-pour-insuffisance-de-rendement#primaryimage","url":"https:\/\/static.africa-press.net\/cote\/sites\/43\/2023\/02\/postQueueImg_1676558496.56.jpg","contentUrl":"https:\/\/static.africa-press.net\/cote\/sites\/43\/2023\/02\/postQueueImg_1676558496.56.jpg","width":720,"height":364,"caption":"Le contrat de Gervinho avec le club Grec de l'Aris Salonique r\u00e9sili\u00e9 pour \u00ab insuffisance de rendement \u00bb"},{"@type":"BreadcrumbList","@id":"https:\/\/www.africa-press.net\/cotedivoire\/sports\/le-contrat-de-gervinho-avec-le-club-grec-de-laris-salonique-resilie-pour-insuffisance-de-rendement#breadcrumb","itemListElement":[{"@type":"ListItem","position":1,"name":"Accueil","item":"https:\/\/www.africa-press.net\/cotedivoire\/"},{"@type":"ListItem","position":2,"name":"Le contrat de Gervinho avec le club Grec de l&#8217;Aris Salonique r\u00e9sili\u00e9 pour \u00ab insuffisance de rendement \u00bb"}]},{"@type":"WebSite","@id":"https:\/\/www.africa-press.net\/cotedivoire\/#website","url":"https:\/\/www.africa-press.net\/cotedivoire\/","name":"C\u00f4te d&#039;Ivoire","description":"Just another Africa News Agency Sites site","potentialAction":[{"@type":"SearchAction","target":{"@type":"EntryPoint","urlTemplate":"https:\/\/www.africa-press.net\/cotedivoire\/?s={search_term_string}"},"query-input":{"@type":"PropertyValueSpecification","valueRequired":true,"valueName":"search_term_string"}}],"inLanguage":"fr-FR"},{"@type":"Person","@id":"https:\/\/www.africa-press.net\/cotedivoire\/#\/schema\/person\/2b1cf3cd81a31e3cd26889ca66d677f1","name":"cfeditorfr"}]}},"_links":{"self":[{"href":"https:\/\/www.africa-press.net\/cotedivoire\/wp-json\/wp\/v2\/posts\/53369","targetHints":{"allow":["GET"]}}],"collection":[{"href":"https:\/\/www.africa-press.net\/cotedivoire\/wp-json\/wp\/v2\/posts"}],"about":[{"href":"https:\/\/www.africa-press.net\/cotedivoire\/wp-json\/wp\/v2\/types\/post"}],"author":[{"embeddable":true,"href":"https:\/\/www.africa-press.net\/cotedivoire\/wp-json\/wp\/v2\/users\/82"}],"replies":[{"embeddable":true,"href":"https:\/\/www.africa-press.net\/cotedivoire\/wp-json\/wp\/v2\/comments?post=53369"}],"version-history":[{"count":0,"href":"https:\/\/www.africa-press.net\/cotedivoire\/wp-json\/wp\/v2\/posts\/53369\/revisions"}],"wp:featuredmedia":[{"embeddable":true,"href":"https:\/\/www.africa-press.net\/cotedivoire\/wp-json\/wp\/v2\/media\/53368"}],"wp:attachment":[{"href":"https:\/\/www.africa-press.net\/cotedivoire\/wp-json\/wp\/v2\/media?parent=53369"}],"wp:term":[{"taxonomy":"category","embeddable":true,"href":"https:\/\/www.africa-press.net\/cotedivoire\/wp-json\/wp\/v2\/categories?post=53369"},{"taxonomy":"post_tag","embeddable":true,"href":"https:\/\/www.africa-press.net\/cotedivoire\/wp-json\/wp\/v2\/tags?post=53369"}],"curies":[{"name":"wp","href":"https:\/\/api.w.org\/{rel}","templated":true}]}}